{"id":10724,"date":"2022-02-20T15:39:00","date_gmt":"2022-02-20T20:39:00","guid":{"rendered":"https:\/\/colombiainteligente.org\/?p=10724"},"modified":"2022-12-30T15:40:11","modified_gmt":"2022-12-30T20:40:11","slug":"dynamic-cables-and-ancillary-systems-market-projections","status":"publish","type":"post","link":"https:\/\/colombiainteligente.org\/es_co\/tendencias\/dynamic-cables-and-ancillary-systems-market-projections\/","title":{"rendered":"Dynamic Cables and Ancillary Systems \u2013 Market Projections"},"content":{"rendered":"<div data-elementor-type=\"wp-post\" data-elementor-id=\"10724\" class=\"elementor elementor-10724\" data-elementor-post-type=\"post\">\n\t\t\t\t\t\t\t\t\t<section class=\"elementor-section elementor-top-section elementor-element elementor-element-79148795 elementor-section-boxed elementor-section-height-default elementor-section-height-default\" data-id=\"79148795\" data-element_type=\"section\">\n\t\t\t\t\t\t<div class=\"elementor-container elementor-column-gap-default\">\n\t\t\t\t\t<div class=\"elementor-column elementor-col-100 elementor-top-column elementor-element elementor-element-1ece4ebf\" data-id=\"1ece4ebf\" data-element_type=\"column\">\n\t\t\t<div class=\"elementor-widget-wrap elementor-element-populated\">\n\t\t\t\t\t\t\t\t<div class=\"elementor-element elementor-element-7a61c7e5 elementor-widget elementor-widget-text-editor\" data-id=\"7a61c7e5\" data-element_type=\"widget\" data-widget_type=\"text-editor.default\">\n\t\t\t\t<div class=\"elementor-widget-container\">\n\t\t\t<style>\/*! elementor - v3.14.0 - 26-06-2023 *\/\n.elementor-widget-text-editor.elementor-drop-cap-view-stacked .elementor-drop-cap{background-color:#69727d;color:#fff}.elementor-widget-text-editor.elementor-drop-cap-view-framed .elementor-drop-cap{color:#69727d;border:3px solid;background-color:transparent}.elementor-widget-text-editor:not(.elementor-drop-cap-view-default) .elementor-drop-cap{margin-top:8px}.elementor-widget-text-editor:not(.elementor-drop-cap-view-default) .elementor-drop-cap-letter{width:1em;height:1em}.elementor-widget-text-editor .elementor-drop-cap{float:left;text-align:center;line-height:1;font-size:50px}.elementor-widget-text-editor .elementor-drop-cap-letter{display:inline-block}<\/style>\t\t\t\t<p>Se prev\u00e9 que los proyectos de energ\u00eda e\u00f3lica marina flotante aumenten su escala en el Reino Unido entre 2020 y 2035, desde peque\u00f1os proyectos de demostraci\u00f3n hasta proyectos comerciales a gran escala. Este crecimiento de la escala es coherente con el crecimiento m\u00e1s amplio del desarrollo de la energ\u00eda e\u00f3lica marina en el Reino Unido como parte de los esfuerzos del Reino Unido para lograr la \u00abred cero\u00bb para (2045 y 2050 en Escocia).<\/p><p>Dynamic cables, connectors, protection and other ancillary equipment are critical components in floating offshore wind projects. They represent a single point of failure for a turbine (inter-array cable) or the whole project (export cable). In offshore wind more generally, cable technology has not proved to be as reliable as assumed in design and procurement activity. Issues include damage incurred during handling \/ installation, fatigue failures, manufacturing issues and cable exposure \/ re-burial.<\/p><p>\u00a0<\/p><p><span data-contrast=\"auto\">Para mayor informaci\u00f3n visitar los siguientes enlaces:<\/span>\u00a0<\/p><p><a href=\"https:\/\/ore.catapult.org.uk\/?orecatapultreports=dynamic-cables-ancillary-systems-market-projections\"><span data-contrast=\"auto\">https:\/\/ore.catapult.org.uk\/?orecatapultreports=dynamic-cables-ancillary-systems-market-projections<\/span><\/a><span data-contrast=\"auto\">\u00a0<\/span>\u00a0<\/p><p><a href=\"https:\/\/ore.catapult.org.uk\/wp-content\/uploads\/2021\/12\/7546-Catapult-Report-%E2%80%93-Dynamic-Cables-and-Ancillary-Systems-%E2%80%93-Market-Projections-1.pdf\"><span data-contrast=\"auto\">https:\/\/ore.catapult.org.uk\/wp-content\/uploads\/2021\/12\/7546-Catapult-Report-%E2%80%93-Dynamic-Cables-and-Ancillary-Systems-%E2%80%93-Market-Projections-1.pdf<\/span><\/a><span data-contrast=\"auto\">\u00a0<\/span>\u00a0<\/p><div class=\"bt-social-share bt-social-share-below\"><div class=\"bt-social-share-button bt-facebook-share-button\">\u00a0<\/div><\/div>\t\t\t\t\t\t<\/div>\n\t\t\t\t<\/div>\n\t\t\t\t\t<\/div>\n\t\t<\/div>\n\t\t\t\t\t\t\t<\/div>\n\t\t<\/section>\n\t\t\t\t\t\t\t<\/div>\n\t\t<div style=\"text-align:center\" class=\"yasr-auto-insert-visitor\"><\/div>","protected":false},"excerpt":{"rendered":"<p>Se prev\u00e9 que los proyectos de energ\u00eda e\u00f3lica marina flotante aumenten su escala en el Reino Unido entre 2020 y 2035, desde peque\u00f1os proyectos de demostraci\u00f3n hasta proyectos comerciales a gran escala. Este crecimiento de la escala es coherente con el crecimiento m\u00e1s amplio del desarrollo de la energ\u00eda e\u00f3lica marina en el Reino Unido como parte de los esfuerzos del Reino Unido para lograr la \u00abred cero\u00bb para (2045 y 2050 en Escocia).<\/p>","protected":false},"author":27,"featured_media":10725,"comment_status":"open","ping_status":"open","sticky":false,"template":"","format":"standard","meta":{"yasr_overall_rating":0,"yasr_post_is_review":"","yasr_auto_insert_disabled":"","yasr_review_type":"","footnotes":""},"categories":[54,53],"tags":[],"class_list":["post-10724","post","type-post","status-publish","format-standard","has-post-thumbnail","hentry","category-energia-que-transforma","category-tendencias"],"yasr_visitor_votes":{"number_of_votes":0,"sum_votes":0,"stars_attributes":{"read_only":false,"span_bottom":false}},"yoast_head":"<!-- This site is optimized with the Yoast SEO plugin v27.3 - https:\/\/yoast.com\/product\/yoast-seo-wordpress\/ -->\n<title>Dynamic Cables and Ancillary Systems \u2013 Market Projections - Colombia Inteligente<\/title>\n<meta name=\"robots\" content=\"index, follow, max-snippet:-1, max-image-preview:large, max-video-preview:-1\" \/>\n<link rel=\"canonical\" href=\"https:\/\/colombiainteligente.org\/es_co\/tendencias\/dynamic-cables-and-ancillary-systems-market-projections\/\" \/>\n<meta property=\"og:locale\" content=\"es_ES\" \/>\n<meta property=\"og:type\" content=\"article\" \/>\n<meta property=\"og:title\" content=\"Dynamic Cables and Ancillary Systems \u2013 Market Projections - Colombia Inteligente\" \/>\n<meta property=\"og:description\" content=\"Se prev\u00e9 que los proyectos de energ\u00eda e\u00f3lica marina flotante aumenten su escala en el Reino Unido entre 2020 y 2035, desde peque\u00f1os proyectos de demostraci\u00f3n hasta proyectos comerciales a gran escala. Este crecimiento de la escala es coherente con el crecimiento m\u00e1s amplio del desarrollo de la energ\u00eda e\u00f3lica marina en el Reino Unido como parte de los esfuerzos del Reino Unido para lograr la &quot;red cero&quot; para (2045 y 2050 en Escocia).\" \/>\n<meta property=\"og:url\" content=\"https:\/\/colombiainteligente.org\/es_co\/tendencias\/dynamic-cables-and-ancillary-systems-market-projections\/\" \/>\n<meta property=\"og:site_name\" content=\"Colombia Inteligente\" \/>\n<meta property=\"article:published_time\" content=\"2022-02-20T20:39:00+00:00\" \/>\n<meta property=\"article:modified_time\" content=\"2022-12-30T20:40:11+00:00\" \/>\n<meta property=\"og:image\" content=\"https:\/\/colombiainteligente.org\/wp-content\/uploads\/2022\/12\/4CDDE7E8-1040-4D93-8048-43C76F82BB12.png\" \/>\n\t<meta property=\"og:image:width\" content=\"302\" \/>\n\t<meta property=\"og:image:height\" content=\"402\" \/>\n\t<meta property=\"og:image:type\" content=\"image\/png\" \/>\n<meta name=\"author\" content=\"Luisa Buitrago\" \/>\n<meta name=\"twitter:card\" content=\"summary_large_image\" \/>\n<meta name=\"twitter:creator\" content=\"@colombiaintelig\" \/>\n<meta name=\"twitter:site\" content=\"@colombiaintelig\" \/>\n<meta name=\"twitter:label1\" content=\"Escrito por\" \/>\n\t<meta name=\"twitter:data1\" content=\"Luisa Buitrago\" \/>\n\t<meta name=\"twitter:label2\" content=\"Tiempo estimado de lectura\" \/>\n\t<meta name=\"twitter:data2\" content=\"1 minuto\" \/>\n<script type=\"application\/ld+json\" class=\"yoast-schema-graph\">{\"@context\":\"https:\\\/\\\/schema.org\",\"@graph\":[{\"@type\":\"Article\",\"@id\":\"https:\\\/\\\/colombiainteligente.org\\\/tendencias\\\/dynamic-cables-and-ancillary-systems-market-projections\\\/#article\",\"isPartOf\":{\"@id\":\"https:\\\/\\\/colombiainteligente.org\\\/tendencias\\\/dynamic-cables-and-ancillary-systems-market-projections\\\/\"},\"author\":{\"name\":\"Luisa Buitrago\",\"@id\":\"https:\\\/\\\/colombiainteligente.org\\\/#\\\/schema\\\/person\\\/7a8c7be348df0b891a16dc2fe342977d\"},\"headline\":\"Dynamic Cables and Ancillary Systems \u2013 Market Projections\",\"datePublished\":\"2022-02-20T20:39:00+00:00\",\"dateModified\":\"2022-12-30T20:40:11+00:00\",\"mainEntityOfPage\":{\"@id\":\"https:\\\/\\\/colombiainteligente.org\\\/tendencias\\\/dynamic-cables-and-ancillary-systems-market-projections\\\/\"},\"wordCount\":187,\"commentCount\":0,\"publisher\":{\"@id\":\"https:\\\/\\\/colombiainteligente.org\\\/#organization\"},\"image\":{\"@id\":\"https:\\\/\\\/colombiainteligente.org\\\/tendencias\\\/dynamic-cables-and-ancillary-systems-market-projections\\\/#primaryimage\"},\"thumbnailUrl\":\"https:\\\/\\\/colombiainteligente.org\\\/wp-content\\\/uploads\\\/2022\\\/12\\\/4CDDE7E8-1040-4D93-8048-43C76F82BB12.png\",\"articleSection\":[\"Energ\u00eda que transforma\",\"Tendencias\"],\"inLanguage\":\"es-CO\",\"potentialAction\":[{\"@type\":\"CommentAction\",\"name\":\"Comment\",\"target\":[\"https:\\\/\\\/colombiainteligente.org\\\/tendencias\\\/dynamic-cables-and-ancillary-systems-market-projections\\\/#respond\"]}]},{\"@type\":\"WebPage\",\"@id\":\"https:\\\/\\\/colombiainteligente.org\\\/tendencias\\\/dynamic-cables-and-ancillary-systems-market-projections\\\/\",\"url\":\"https:\\\/\\\/colombiainteligente.org\\\/tendencias\\\/dynamic-cables-and-ancillary-systems-market-projections\\\/\",\"name\":\"Dynamic Cables and Ancillary Systems \u2013 Market Projections - Colombia Inteligente\",\"isPartOf\":{\"@id\":\"https:\\\/\\\/colombiainteligente.org\\\/#website\"},\"primaryImageOfPage\":{\"@id\":\"https:\\\/\\\/colombiainteligente.org\\\/tendencias\\\/dynamic-cables-and-ancillary-systems-market-projections\\\/#primaryimage\"},\"image\":{\"@id\":\"https:\\\/\\\/colombiainteligente.org\\\/tendencias\\\/dynamic-cables-and-ancillary-systems-market-projections\\\/#primaryimage\"},\"thumbnailUrl\":\"https:\\\/\\\/colombiainteligente.org\\\/wp-content\\\/uploads\\\/2022\\\/12\\\/4CDDE7E8-1040-4D93-8048-43C76F82BB12.png\",\"datePublished\":\"2022-02-20T20:39:00+00:00\",\"dateModified\":\"2022-12-30T20:40:11+00:00\",\"breadcrumb\":{\"@id\":\"https:\\\/\\\/colombiainteligente.org\\\/tendencias\\\/dynamic-cables-and-ancillary-systems-market-projections\\\/#breadcrumb\"},\"inLanguage\":\"es-CO\",\"potentialAction\":[{\"@type\":\"ReadAction\",\"target\":[\"https:\\\/\\\/colombiainteligente.org\\\/tendencias\\\/dynamic-cables-and-ancillary-systems-market-projections\\\/\"]}]},{\"@type\":\"ImageObject\",\"inLanguage\":\"es-CO\",\"@id\":\"https:\\\/\\\/colombiainteligente.org\\\/tendencias\\\/dynamic-cables-and-ancillary-systems-market-projections\\\/#primaryimage\",\"url\":\"https:\\\/\\\/colombiainteligente.org\\\/wp-content\\\/uploads\\\/2022\\\/12\\\/4CDDE7E8-1040-4D93-8048-43C76F82BB12.png\",\"contentUrl\":\"https:\\\/\\\/colombiainteligente.org\\\/wp-content\\\/uploads\\\/2022\\\/12\\\/4CDDE7E8-1040-4D93-8048-43C76F82BB12.png\",\"width\":302,\"height\":402,\"caption\":\"Dynamic Cables and Ancillary Systems \u2013 Market Projections\"},{\"@type\":\"BreadcrumbList\",\"@id\":\"https:\\\/\\\/colombiainteligente.org\\\/tendencias\\\/dynamic-cables-and-ancillary-systems-market-projections\\\/#breadcrumb\",\"itemListElement\":[{\"@type\":\"ListItem\",\"position\":1,\"name\":\"Portada\",\"item\":\"https:\\\/\\\/colombiainteligente.org\\\/\"},{\"@type\":\"ListItem\",\"position\":2,\"name\":\"Dynamic Cables and Ancillary Systems \u2013 Market Projections\"}]},{\"@type\":\"WebSite\",\"@id\":\"https:\\\/\\\/colombiainteligente.org\\\/#website\",\"url\":\"https:\\\/\\\/colombiainteligente.org\\\/\",\"name\":\"Colombia Inteligente\",\"description\":\"Alianza estrat\u00e9gica, conformada por empresas y entidades, para la inserci\u00f3n integral y eficiente de las redes inteligentes a la infraestructura del sector el\u00e9ctrico colombiano\",\"publisher\":{\"@id\":\"https:\\\/\\\/colombiainteligente.org\\\/#organization\"},\"potentialAction\":[{\"@type\":\"SearchAction\",\"target\":{\"@type\":\"EntryPoint\",\"urlTemplate\":\"https:\\\/\\\/colombiainteligente.org\\\/?s={search_term_string}\"},\"query-input\":{\"@type\":\"PropertyValueSpecification\",\"valueRequired\":true,\"valueName\":\"search_term_string\"}}],\"inLanguage\":\"es-CO\"},{\"@type\":\"Organization\",\"@id\":\"https:\\\/\\\/colombiainteligente.org\\\/#organization\",\"name\":\"Colombia Inteligente\",\"url\":\"https:\\\/\\\/colombiainteligente.org\\\/\",\"logo\":{\"@type\":\"ImageObject\",\"inLanguage\":\"es-CO\",\"@id\":\"https:\\\/\\\/colombiainteligente.org\\\/#\\\/schema\\\/logo\\\/image\\\/\",\"url\":\"https:\\\/\\\/colombiainteligente.org\\\/wp-content\\\/uploads\\\/2022\\\/07\\\/Image.png\",\"contentUrl\":\"https:\\\/\\\/colombiainteligente.org\\\/wp-content\\\/uploads\\\/2022\\\/07\\\/Image.png\",\"width\":588,\"height\":274,\"caption\":\"Colombia Inteligente\"},\"image\":{\"@id\":\"https:\\\/\\\/colombiainteligente.org\\\/#\\\/schema\\\/logo\\\/image\\\/\"},\"sameAs\":[\"https:\\\/\\\/x.com\\\/colombiaintelig\",\"https:\\\/\\\/www.linkedin.com\\\/company\\\/colombiainteligente\\\/\"]},{\"@type\":\"Person\",\"@id\":\"https:\\\/\\\/colombiainteligente.org\\\/#\\\/schema\\\/person\\\/7a8c7be348df0b891a16dc2fe342977d\",\"name\":\"Luisa Buitrago\",\"image\":{\"@type\":\"ImageObject\",\"inLanguage\":\"es-CO\",\"@id\":\"https:\\\/\\\/secure.gravatar.com\\\/avatar\\\/52ddc2638a82d555a120840263ecb4ee82a5e480ee730faa01e9b11ef7441d42?s=96&d=mm&r=g\",\"url\":\"https:\\\/\\\/secure.gravatar.com\\\/avatar\\\/52ddc2638a82d555a120840263ecb4ee82a5e480ee730faa01e9b11ef7441d42?s=96&d=mm&r=g\",\"contentUrl\":\"https:\\\/\\\/secure.gravatar.com\\\/avatar\\\/52ddc2638a82d555a120840263ecb4ee82a5e480ee730faa01e9b11ef7441d42?s=96&d=mm&r=g\",\"caption\":\"Luisa Buitrago\"},\"url\":\"https:\\\/\\\/colombiainteligente.org\\\/es_co\\\/author\\\/luisa-buitragocolombiainteligente-org\\\/\"}]}<\/script>\n<!-- \/ Yoast SEO plugin. -->","yoast_head_json":{"title":"Dynamic Cables and Ancillary Systems \u2013 Market Projections - Colombia Inteligente","robots":{"index":"index","follow":"follow","max-snippet":"max-snippet:-1","max-image-preview":"max-image-preview:large","max-video-preview":"max-video-preview:-1"},"canonical":"https:\/\/colombiainteligente.org\/es_co\/tendencias\/dynamic-cables-and-ancillary-systems-market-projections\/","og_locale":"es_ES","og_type":"article","og_title":"Dynamic Cables and Ancillary Systems \u2013 Market Projections - Colombia Inteligente","og_description":"Se prev\u00e9 que los proyectos de energ\u00eda e\u00f3lica marina flotante aumenten su escala en el Reino Unido entre 2020 y 2035, desde peque\u00f1os proyectos de demostraci\u00f3n hasta proyectos comerciales a gran escala. Este crecimiento de la escala es coherente con el crecimiento m\u00e1s amplio del desarrollo de la energ\u00eda e\u00f3lica marina en el Reino Unido como parte de los esfuerzos del Reino Unido para lograr la \"red cero\" para (2045 y 2050 en Escocia).","og_url":"https:\/\/colombiainteligente.org\/es_co\/tendencias\/dynamic-cables-and-ancillary-systems-market-projections\/","og_site_name":"Colombia Inteligente","article_published_time":"2022-02-20T20:39:00+00:00","article_modified_time":"2022-12-30T20:40:11+00:00","og_image":[{"width":302,"height":402,"url":"https:\/\/colombiainteligente.org\/wp-content\/uploads\/2022\/12\/4CDDE7E8-1040-4D93-8048-43C76F82BB12.png","type":"image\/png"}],"author":"Luisa Buitrago","twitter_card":"summary_large_image","twitter_creator":"@colombiaintelig","twitter_site":"@colombiaintelig","twitter_misc":{"Escrito por":"Luisa Buitrago","Tiempo estimado de lectura":"1 minuto"},"schema":{"@context":"https:\/\/schema.org","@graph":[{"@type":"Article","@id":"https:\/\/colombiainteligente.org\/tendencias\/dynamic-cables-and-ancillary-systems-market-projections\/#article","isPartOf":{"@id":"https:\/\/colombiainteligente.org\/tendencias\/dynamic-cables-and-ancillary-systems-market-projections\/"},"author":{"name":"Luisa Buitrago","@id":"https:\/\/colombiainteligente.org\/#\/schema\/person\/7a8c7be348df0b891a16dc2fe342977d"},"headline":"Dynamic Cables and Ancillary Systems \u2013 Market Projections","datePublished":"2022-02-20T20:39:00+00:00","dateModified":"2022-12-30T20:40:11+00:00","mainEntityOfPage":{"@id":"https:\/\/colombiainteligente.org\/tendencias\/dynamic-cables-and-ancillary-systems-market-projections\/"},"wordCount":187,"commentCount":0,"publisher":{"@id":"https:\/\/colombiainteligente.org\/#organization"},"image":{"@id":"https:\/\/colombiainteligente.org\/tendencias\/dynamic-cables-and-ancillary-systems-market-projections\/#primaryimage"},"thumbnailUrl":"https:\/\/colombiainteligente.org\/wp-content\/uploads\/2022\/12\/4CDDE7E8-1040-4D93-8048-43C76F82BB12.png","articleSection":["Energ\u00eda que transforma","Tendencias"],"inLanguage":"es-CO","potentialAction":[{"@type":"CommentAction","name":"Comment","target":["https:\/\/colombiainteligente.org\/tendencias\/dynamic-cables-and-ancillary-systems-market-projections\/#respond"]}]},{"@type":"WebPage","@id":"https:\/\/colombiainteligente.org\/tendencias\/dynamic-cables-and-ancillary-systems-market-projections\/","url":"https:\/\/colombiainteligente.org\/tendencias\/dynamic-cables-and-ancillary-systems-market-projections\/","name":"Dynamic Cables and Ancillary Systems \u2013 Market Projections - Colombia Inteligente","isPartOf":{"@id":"https:\/\/colombiainteligente.org\/#website"},"primaryImageOfPage":{"@id":"https:\/\/colombiainteligente.org\/tendencias\/dynamic-cables-and-ancillary-systems-market-projections\/#primaryimage"},"image":{"@id":"https:\/\/colombiainteligente.org\/tendencias\/dynamic-cables-and-ancillary-systems-market-projections\/#primaryimage"},"thumbnailUrl":"https:\/\/colombiainteligente.org\/wp-content\/uploads\/2022\/12\/4CDDE7E8-1040-4D93-8048-43C76F82BB12.png","datePublished":"2022-02-20T20:39:00+00:00","dateModified":"2022-12-30T20:40:11+00:00","breadcrumb":{"@id":"https:\/\/colombiainteligente.org\/tendencias\/dynamic-cables-and-ancillary-systems-market-projections\/#breadcrumb"},"inLanguage":"es-CO","potentialAction":[{"@type":"ReadAction","target":["https:\/\/colombiainteligente.org\/tendencias\/dynamic-cables-and-ancillary-systems-market-projections\/"]}]},{"@type":"ImageObject","inLanguage":"es-CO","@id":"https:\/\/colombiainteligente.org\/tendencias\/dynamic-cables-and-ancillary-systems-market-projections\/#primaryimage","url":"https:\/\/colombiainteligente.org\/wp-content\/uploads\/2022\/12\/4CDDE7E8-1040-4D93-8048-43C76F82BB12.png","contentUrl":"https:\/\/colombiainteligente.org\/wp-content\/uploads\/2022\/12\/4CDDE7E8-1040-4D93-8048-43C76F82BB12.png","width":302,"height":402,"caption":"Dynamic Cables and Ancillary Systems \u2013 Market Projections"},{"@type":"BreadcrumbList","@id":"https:\/\/colombiainteligente.org\/tendencias\/dynamic-cables-and-ancillary-systems-market-projections\/#breadcrumb","itemListElement":[{"@type":"ListItem","position":1,"name":"Portada","item":"https:\/\/colombiainteligente.org\/"},{"@type":"ListItem","position":2,"name":"Dynamic Cables and Ancillary Systems \u2013 Market Projections"}]},{"@type":"WebSite","@id":"https:\/\/colombiainteligente.org\/#website","url":"https:\/\/colombiainteligente.org\/","name":"Colombia Inteligente","description":"Alianza estrat\u00e9gica, conformada por empresas y entidades, para la inserci\u00f3n integral y eficiente de las redes inteligentes a la infraestructura del sector el\u00e9ctrico colombiano","publisher":{"@id":"https:\/\/colombiainteligente.org\/#organization"},"potentialAction":[{"@type":"SearchAction","target":{"@type":"EntryPoint","urlTemplate":"https:\/\/colombiainteligente.org\/?s={search_term_string}"},"query-input":{"@type":"PropertyValueSpecification","valueRequired":true,"valueName":"search_term_string"}}],"inLanguage":"es-CO"},{"@type":"Organization","@id":"https:\/\/colombiainteligente.org\/#organization","name":"Colombia Inteligente","url":"https:\/\/colombiainteligente.org\/","logo":{"@type":"ImageObject","inLanguage":"es-CO","@id":"https:\/\/colombiainteligente.org\/#\/schema\/logo\/image\/","url":"https:\/\/colombiainteligente.org\/wp-content\/uploads\/2022\/07\/Image.png","contentUrl":"https:\/\/colombiainteligente.org\/wp-content\/uploads\/2022\/07\/Image.png","width":588,"height":274,"caption":"Colombia Inteligente"},"image":{"@id":"https:\/\/colombiainteligente.org\/#\/schema\/logo\/image\/"},"sameAs":["https:\/\/x.com\/colombiaintelig","https:\/\/www.linkedin.com\/company\/colombiainteligente\/"]},{"@type":"Person","@id":"https:\/\/colombiainteligente.org\/#\/schema\/person\/7a8c7be348df0b891a16dc2fe342977d","name":"Luisa Buitrago","image":{"@type":"ImageObject","inLanguage":"es-CO","@id":"https:\/\/secure.gravatar.com\/avatar\/52ddc2638a82d555a120840263ecb4ee82a5e480ee730faa01e9b11ef7441d42?s=96&d=mm&r=g","url":"https:\/\/secure.gravatar.com\/avatar\/52ddc2638a82d555a120840263ecb4ee82a5e480ee730faa01e9b11ef7441d42?s=96&d=mm&r=g","contentUrl":"https:\/\/secure.gravatar.com\/avatar\/52ddc2638a82d555a120840263ecb4ee82a5e480ee730faa01e9b11ef7441d42?s=96&d=mm&r=g","caption":"Luisa Buitrago"},"url":"https:\/\/colombiainteligente.org\/es_co\/author\/luisa-buitragocolombiainteligente-org\/"}]}},"_links":{"self":[{"href":"https:\/\/colombiainteligente.org\/es_co\/wp-json\/wp\/v2\/posts\/10724","targetHints":{"allow":["GET"]}}],"collection":[{"href":"https:\/\/colombiainteligente.org\/es_co\/wp-json\/wp\/v2\/posts"}],"about":[{"href":"https:\/\/colombiainteligente.org\/es_co\/wp-json\/wp\/v2\/types\/post"}],"author":[{"embeddable":true,"href":"https:\/\/colombiainteligente.org\/es_co\/wp-json\/wp\/v2\/users\/27"}],"replies":[{"embeddable":true,"href":"https:\/\/colombiainteligente.org\/es_co\/wp-json\/wp\/v2\/comments?post=10724"}],"version-history":[{"count":5,"href":"https:\/\/colombiainteligente.org\/es_co\/wp-json\/wp\/v2\/posts\/10724\/revisions"}],"predecessor-version":[{"id":10730,"href":"https:\/\/colombiainteligente.org\/es_co\/wp-json\/wp\/v2\/posts\/10724\/revisions\/10730"}],"wp:featuredmedia":[{"embeddable":true,"href":"https:\/\/colombiainteligente.org\/es_co\/wp-json\/wp\/v2\/media\/10725"}],"wp:attachment":[{"href":"https:\/\/colombiainteligente.org\/es_co\/wp-json\/wp\/v2\/media?parent=10724"}],"wp:term":[{"taxonomy":"category","embeddable":true,"href":"https:\/\/colombiainteligente.org\/es_co\/wp-json\/wp\/v2\/categories?post=10724"},{"taxonomy":"post_tag","embeddable":true,"href":"https:\/\/colombiainteligente.org\/es_co\/wp-json\/wp\/v2\/tags?post=10724"}],"curies":[{"name":"wp","href":"https:\/\/api.w.org\/{rel}","templated":true}]}}