{"id":18154,"date":"2022-08-09T22:57:27","date_gmt":"2022-08-10T03:57:27","guid":{"rendered":"https:\/\/colombiainteligente.org\/?p=18154"},"modified":"2023-01-02T22:58:14","modified_gmt":"2023-01-03T03:58:14","slug":"renewables-2022-global-status-report","status":"publish","type":"post","link":"https:\/\/colombiainteligente.org\/es_co\/tendencias\/renewables-2022-global-status-report\/","title":{"rendered":"Renewables 2022 Global Status Report"},"content":{"rendered":"<div data-elementor-type=\"wp-post\" data-elementor-id=\"18154\" class=\"elementor elementor-18154\" data-elementor-post-type=\"post\">\n\t\t\t\t\t\t\t\t\t<section class=\"elementor-section elementor-top-section elementor-element elementor-element-79148795 elementor-section-boxed elementor-section-height-default elementor-section-height-default\" data-id=\"79148795\" data-element_type=\"section\">\n\t\t\t\t\t\t<div class=\"elementor-container elementor-column-gap-default\">\n\t\t\t\t\t<div class=\"elementor-column elementor-col-100 elementor-top-column elementor-element elementor-element-1ece4ebf\" data-id=\"1ece4ebf\" data-element_type=\"column\">\n\t\t\t<div class=\"elementor-widget-wrap elementor-element-populated\">\n\t\t\t\t\t\t\t\t<div class=\"elementor-element elementor-element-7a61c7e5 elementor-widget elementor-widget-text-editor\" data-id=\"7a61c7e5\" data-element_type=\"widget\" data-widget_type=\"text-editor.default\">\n\t\t\t\t<div class=\"elementor-widget-container\">\n\t\t\t<style>\/*! elementor - v3.14.0 - 26-06-2023 *\/\n.elementor-widget-text-editor.elementor-drop-cap-view-stacked .elementor-drop-cap{background-color:#69727d;color:#fff}.elementor-widget-text-editor.elementor-drop-cap-view-framed .elementor-drop-cap{color:#69727d;border:3px solid;background-color:transparent}.elementor-widget-text-editor:not(.elementor-drop-cap-view-default) .elementor-drop-cap{margin-top:8px}.elementor-widget-text-editor:not(.elementor-drop-cap-view-default) .elementor-drop-cap-letter{width:1em;height:1em}.elementor-widget-text-editor .elementor-drop-cap{float:left;text-align:center;line-height:1;font-size:50px}.elementor-widget-text-editor .elementor-drop-cap-letter{display:inline-block}<\/style>\t\t\t\t<p>Este informe presenta una serie de instant\u00e1neas (estudios de casos) de todo el mundo en las que se exponen historias de 2021, en las que las energ\u00edas renovables se han desplegado en diferentes sectores de uso final (edificios, transporte, industria y agricultura) a nivel nacional y subnacional. Estas historias muestran el contexto, los impulsores, los retos y los logros, as\u00ed como las partes interesadas, y se presentan a trav\u00e9s de la pol\u00edtica, la inversi\u00f3n en los mercados, el acceso a la energ\u00eda, la integraci\u00f3n del sistema y las ciudades.<\/p><p>In response to an unprecedented public health crisis, countries around the world had hoped to seize the post-COVID-19 opportunity for a green and equitable recovery. Unfortunately, and despite record growth in renewable energy deployment in 2021, this historic chance has been lost. As of mid-2022, the world was experiencing its biggest energy crisis on record. Although this crisis was exacerbated by the Russian Federation\u2019s February 2022 invasion of Ukraine, prices for fossil fuels \u2013 coal, oil and natural gas \u2013 were already spiking by late 2021, leading to the threat of energy poverty for billions of people.<\/p><p>Para leer m\u00e1s ingrese a:<\/p><p><a href=\"https:\/\/www.ren21.net\/reports\/global-status-report\/\">https:\/\/www.ren21.net\/reports\/global-status-report\/<\/a><\/p><p><a href=\"https:\/\/www.ren21.net\/wp-content\/uploads\/2019\/05\/GSR2022_Full_Report.pdf\">https:\/\/www.ren21.net\/wp-content\/uploads\/2019\/05\/GSR2022_Full_Report.pdf<\/a><\/p>\t\t\t\t\t\t<\/div>\n\t\t\t\t<\/div>\n\t\t\t\t\t<\/div>\n\t\t<\/div>\n\t\t\t\t\t\t\t<\/div>\n\t\t<\/section>\n\t\t\t\t\t\t\t<\/div>\n\t\t<div style=\"text-align:center\" class=\"yasr-auto-insert-visitor\"><\/div>","protected":false},"excerpt":{"rendered":"<p>Este informe presenta una serie de instant\u00e1neas (estudios de casos) de todo el mundo en las que se exponen historias de 2021, en las que las energ\u00edas renovables se han desplegado en diferentes sectores de uso final (edificios, transporte, industria y agricultura) a nivel nacional y subnacional. Estas historias muestran el contexto, los impulsores, los retos y los logros, as\u00ed como las partes interesadas, y se presentan a trav\u00e9s de la pol\u00edtica, la inversi\u00f3n en los mercados, el acceso a la energ\u00eda, la integraci\u00f3n del sistema y las ciudades.<\/p>","protected":false},"author":23,"featured_media":18155,"comment_status":"open","ping_status":"open","sticky":false,"template":"","format":"standard","meta":{"yasr_overall_rating":0,"yasr_post_is_review":"","yasr_auto_insert_disabled":"","yasr_review_type":"","footnotes":""},"categories":[54,53],"tags":[],"class_list":["post-18154","post","type-post","status-publish","format-standard","has-post-thumbnail","hentry","category-energia-que-transforma","category-tendencias"],"yasr_visitor_votes":{"number_of_votes":0,"sum_votes":0,"stars_attributes":{"read_only":false,"span_bottom":false}},"yoast_head":"<!-- This site is optimized with the Yoast SEO plugin v27.3 - https:\/\/yoast.com\/product\/yoast-seo-wordpress\/ -->\n<title>Renewables 2022 Global Status Report - Colombia Inteligente<\/title>\n<meta name=\"robots\" content=\"index, follow, max-snippet:-1, max-image-preview:large, max-video-preview:-1\" \/>\n<link rel=\"canonical\" href=\"https:\/\/colombiainteligente.org\/es_co\/tendencias\/renewables-2022-global-status-report\/\" \/>\n<meta property=\"og:locale\" content=\"es_ES\" \/>\n<meta property=\"og:type\" content=\"article\" \/>\n<meta property=\"og:title\" content=\"Renewables 2022 Global Status Report - Colombia Inteligente\" \/>\n<meta property=\"og:description\" content=\"Este informe presenta una serie de instant\u00e1neas (estudios de casos) de todo el mundo en las que se exponen historias de 2021, en las que las energ\u00edas renovables se han desplegado en diferentes sectores de uso final (edificios, transporte, industria y agricultura) a nivel nacional y subnacional. Estas historias muestran el contexto, los impulsores, los retos y los logros, as\u00ed como las partes interesadas, y se presentan a trav\u00e9s de la pol\u00edtica, la inversi\u00f3n en los mercados, el acceso a la energ\u00eda, la integraci\u00f3n del sistema y las ciudades.\" \/>\n<meta property=\"og:url\" content=\"https:\/\/colombiainteligente.org\/es_co\/tendencias\/renewables-2022-global-status-report\/\" \/>\n<meta property=\"og:site_name\" content=\"Colombia Inteligente\" \/>\n<meta property=\"article:published_time\" content=\"2022-08-10T03:57:27+00:00\" \/>\n<meta property=\"article:modified_time\" content=\"2023-01-03T03:58:14+00:00\" \/>\n<meta property=\"og:image\" content=\"https:\/\/colombiainteligente.org\/wp-content\/uploads\/2023\/01\/Renewables-2022-Global-Status-Report.jpg\" \/>\n\t<meta property=\"og:image:width\" content=\"290\" \/>\n\t<meta property=\"og:image:height\" content=\"400\" \/>\n\t<meta property=\"og:image:type\" content=\"image\/jpeg\" \/>\n<meta name=\"author\" content=\"DIFUSI\u00d3N COLOMBIA INTELIGENTE\" \/>\n<meta name=\"twitter:card\" content=\"summary_large_image\" \/>\n<meta name=\"twitter:creator\" content=\"@colombiaintelig\" \/>\n<meta name=\"twitter:site\" content=\"@colombiaintelig\" \/>\n<meta name=\"twitter:label1\" content=\"Escrito por\" \/>\n\t<meta name=\"twitter:data1\" content=\"DIFUSI\u00d3N COLOMBIA INTELIGENTE\" \/>\n\t<meta name=\"twitter:label2\" content=\"Tiempo estimado de lectura\" \/>\n\t<meta name=\"twitter:data2\" content=\"1 minuto\" \/>\n<script type=\"application\/ld+json\" class=\"yoast-schema-graph\">{\"@context\":\"https:\\\/\\\/schema.org\",\"@graph\":[{\"@type\":\"Article\",\"@id\":\"https:\\\/\\\/colombiainteligente.org\\\/tendencias\\\/renewables-2022-global-status-report\\\/#article\",\"isPartOf\":{\"@id\":\"https:\\\/\\\/colombiainteligente.org\\\/tendencias\\\/renewables-2022-global-status-report\\\/\"},\"author\":{\"name\":\"DIFUSI\u00d3N COLOMBIA INTELIGENTE\",\"@id\":\"https:\\\/\\\/colombiainteligente.org\\\/#\\\/schema\\\/person\\\/e207145d548b75a6d339ff1d4d3b0432\"},\"headline\":\"Renewables 2022 Global Status Report\",\"datePublished\":\"2022-08-10T03:57:27+00:00\",\"dateModified\":\"2023-01-03T03:58:14+00:00\",\"mainEntityOfPage\":{\"@id\":\"https:\\\/\\\/colombiainteligente.org\\\/tendencias\\\/renewables-2022-global-status-report\\\/\"},\"wordCount\":214,\"commentCount\":0,\"publisher\":{\"@id\":\"https:\\\/\\\/colombiainteligente.org\\\/#organization\"},\"image\":{\"@id\":\"https:\\\/\\\/colombiainteligente.org\\\/tendencias\\\/renewables-2022-global-status-report\\\/#primaryimage\"},\"thumbnailUrl\":\"https:\\\/\\\/colombiainteligente.org\\\/wp-content\\\/uploads\\\/2023\\\/01\\\/Renewables-2022-Global-Status-Report.jpg\",\"articleSection\":[\"Energ\u00eda que transforma\",\"Tendencias\"],\"inLanguage\":\"es-CO\",\"potentialAction\":[{\"@type\":\"CommentAction\",\"name\":\"Comment\",\"target\":[\"https:\\\/\\\/colombiainteligente.org\\\/tendencias\\\/renewables-2022-global-status-report\\\/#respond\"]}]},{\"@type\":\"WebPage\",\"@id\":\"https:\\\/\\\/colombiainteligente.org\\\/tendencias\\\/renewables-2022-global-status-report\\\/\",\"url\":\"https:\\\/\\\/colombiainteligente.org\\\/tendencias\\\/renewables-2022-global-status-report\\\/\",\"name\":\"Renewables 2022 Global Status Report - Colombia Inteligente\",\"isPartOf\":{\"@id\":\"https:\\\/\\\/colombiainteligente.org\\\/#website\"},\"primaryImageOfPage\":{\"@id\":\"https:\\\/\\\/colombiainteligente.org\\\/tendencias\\\/renewables-2022-global-status-report\\\/#primaryimage\"},\"image\":{\"@id\":\"https:\\\/\\\/colombiainteligente.org\\\/tendencias\\\/renewables-2022-global-status-report\\\/#primaryimage\"},\"thumbnailUrl\":\"https:\\\/\\\/colombiainteligente.org\\\/wp-content\\\/uploads\\\/2023\\\/01\\\/Renewables-2022-Global-Status-Report.jpg\",\"datePublished\":\"2022-08-10T03:57:27+00:00\",\"dateModified\":\"2023-01-03T03:58:14+00:00\",\"breadcrumb\":{\"@id\":\"https:\\\/\\\/colombiainteligente.org\\\/tendencias\\\/renewables-2022-global-status-report\\\/#breadcrumb\"},\"inLanguage\":\"es-CO\",\"potentialAction\":[{\"@type\":\"ReadAction\",\"target\":[\"https:\\\/\\\/colombiainteligente.org\\\/tendencias\\\/renewables-2022-global-status-report\\\/\"]}]},{\"@type\":\"ImageObject\",\"inLanguage\":\"es-CO\",\"@id\":\"https:\\\/\\\/colombiainteligente.org\\\/tendencias\\\/renewables-2022-global-status-report\\\/#primaryimage\",\"url\":\"https:\\\/\\\/colombiainteligente.org\\\/wp-content\\\/uploads\\\/2023\\\/01\\\/Renewables-2022-Global-Status-Report.jpg\",\"contentUrl\":\"https:\\\/\\\/colombiainteligente.org\\\/wp-content\\\/uploads\\\/2023\\\/01\\\/Renewables-2022-Global-Status-Report.jpg\",\"width\":290,\"height\":400,\"caption\":\"Renewables-2022-Global-Status-Report.jpg 2 de enero de 2023\"},{\"@type\":\"BreadcrumbList\",\"@id\":\"https:\\\/\\\/colombiainteligente.org\\\/tendencias\\\/renewables-2022-global-status-report\\\/#breadcrumb\",\"itemListElement\":[{\"@type\":\"ListItem\",\"position\":1,\"name\":\"Portada\",\"item\":\"https:\\\/\\\/colombiainteligente.org\\\/\"},{\"@type\":\"ListItem\",\"position\":2,\"name\":\"Renewables 2022 Global Status Report\"}]},{\"@type\":\"WebSite\",\"@id\":\"https:\\\/\\\/colombiainteligente.org\\\/#website\",\"url\":\"https:\\\/\\\/colombiainteligente.org\\\/\",\"name\":\"Colombia Inteligente\",\"description\":\"Alianza estrat\u00e9gica, conformada por empresas y entidades, para la inserci\u00f3n integral y eficiente de las redes inteligentes a la infraestructura del sector el\u00e9ctrico colombiano\",\"publisher\":{\"@id\":\"https:\\\/\\\/colombiainteligente.org\\\/#organization\"},\"potentialAction\":[{\"@type\":\"SearchAction\",\"target\":{\"@type\":\"EntryPoint\",\"urlTemplate\":\"https:\\\/\\\/colombiainteligente.org\\\/?s={search_term_string}\"},\"query-input\":{\"@type\":\"PropertyValueSpecification\",\"valueRequired\":true,\"valueName\":\"search_term_string\"}}],\"inLanguage\":\"es-CO\"},{\"@type\":\"Organization\",\"@id\":\"https:\\\/\\\/colombiainteligente.org\\\/#organization\",\"name\":\"Colombia Inteligente\",\"url\":\"https:\\\/\\\/colombiainteligente.org\\\/\",\"logo\":{\"@type\":\"ImageObject\",\"inLanguage\":\"es-CO\",\"@id\":\"https:\\\/\\\/colombiainteligente.org\\\/#\\\/schema\\\/logo\\\/image\\\/\",\"url\":\"https:\\\/\\\/colombiainteligente.org\\\/wp-content\\\/uploads\\\/2022\\\/07\\\/Image.png\",\"contentUrl\":\"https:\\\/\\\/colombiainteligente.org\\\/wp-content\\\/uploads\\\/2022\\\/07\\\/Image.png\",\"width\":588,\"height\":274,\"caption\":\"Colombia Inteligente\"},\"image\":{\"@id\":\"https:\\\/\\\/colombiainteligente.org\\\/#\\\/schema\\\/logo\\\/image\\\/\"},\"sameAs\":[\"https:\\\/\\\/x.com\\\/colombiaintelig\",\"https:\\\/\\\/www.linkedin.com\\\/company\\\/colombiainteligente\\\/\"]},{\"@type\":\"Person\",\"@id\":\"https:\\\/\\\/colombiainteligente.org\\\/#\\\/schema\\\/person\\\/e207145d548b75a6d339ff1d4d3b0432\",\"name\":\"DIFUSI\u00d3N COLOMBIA INTELIGENTE\",\"image\":{\"@type\":\"ImageObject\",\"inLanguage\":\"es-CO\",\"@id\":\"https:\\\/\\\/secure.gravatar.com\\\/avatar\\\/df2e679ff2abf288cf4bf58830dad897e596908105ec8969f50f748a6d837869?s=96&d=mm&r=g\",\"url\":\"https:\\\/\\\/secure.gravatar.com\\\/avatar\\\/df2e679ff2abf288cf4bf58830dad897e596908105ec8969f50f748a6d837869?s=96&d=mm&r=g\",\"contentUrl\":\"https:\\\/\\\/secure.gravatar.com\\\/avatar\\\/df2e679ff2abf288cf4bf58830dad897e596908105ec8969f50f748a6d837869?s=96&d=mm&r=g\",\"caption\":\"DIFUSI\u00d3N COLOMBIA INTELIGENTE\"},\"url\":\"https:\\\/\\\/colombiainteligente.org\\\/es_co\\\/author\\\/difusioncolombiainteligente-org\\\/\"}]}<\/script>\n<!-- \/ Yoast SEO plugin. -->","yoast_head_json":{"title":"Renewables 2022 Global Status Report - Colombia Inteligente","robots":{"index":"index","follow":"follow","max-snippet":"max-snippet:-1","max-image-preview":"max-image-preview:large","max-video-preview":"max-video-preview:-1"},"canonical":"https:\/\/colombiainteligente.org\/es_co\/tendencias\/renewables-2022-global-status-report\/","og_locale":"es_ES","og_type":"article","og_title":"Renewables 2022 Global Status Report - Colombia Inteligente","og_description":"Este informe presenta una serie de instant\u00e1neas (estudios de casos) de todo el mundo en las que se exponen historias de 2021, en las que las energ\u00edas renovables se han desplegado en diferentes sectores de uso final (edificios, transporte, industria y agricultura) a nivel nacional y subnacional. Estas historias muestran el contexto, los impulsores, los retos y los logros, as\u00ed como las partes interesadas, y se presentan a trav\u00e9s de la pol\u00edtica, la inversi\u00f3n en los mercados, el acceso a la energ\u00eda, la integraci\u00f3n del sistema y las ciudades.","og_url":"https:\/\/colombiainteligente.org\/es_co\/tendencias\/renewables-2022-global-status-report\/","og_site_name":"Colombia Inteligente","article_published_time":"2022-08-10T03:57:27+00:00","article_modified_time":"2023-01-03T03:58:14+00:00","og_image":[{"width":290,"height":400,"url":"https:\/\/colombiainteligente.org\/wp-content\/uploads\/2023\/01\/Renewables-2022-Global-Status-Report.jpg","type":"image\/jpeg"}],"author":"DIFUSI\u00d3N COLOMBIA INTELIGENTE","twitter_card":"summary_large_image","twitter_creator":"@colombiaintelig","twitter_site":"@colombiaintelig","twitter_misc":{"Escrito por":"DIFUSI\u00d3N COLOMBIA INTELIGENTE","Tiempo estimado de lectura":"1 minuto"},"schema":{"@context":"https:\/\/schema.org","@graph":[{"@type":"Article","@id":"https:\/\/colombiainteligente.org\/tendencias\/renewables-2022-global-status-report\/#article","isPartOf":{"@id":"https:\/\/colombiainteligente.org\/tendencias\/renewables-2022-global-status-report\/"},"author":{"name":"DIFUSI\u00d3N COLOMBIA INTELIGENTE","@id":"https:\/\/colombiainteligente.org\/#\/schema\/person\/e207145d548b75a6d339ff1d4d3b0432"},"headline":"Renewables 2022 Global Status Report","datePublished":"2022-08-10T03:57:27+00:00","dateModified":"2023-01-03T03:58:14+00:00","mainEntityOfPage":{"@id":"https:\/\/colombiainteligente.org\/tendencias\/renewables-2022-global-status-report\/"},"wordCount":214,"commentCount":0,"publisher":{"@id":"https:\/\/colombiainteligente.org\/#organization"},"image":{"@id":"https:\/\/colombiainteligente.org\/tendencias\/renewables-2022-global-status-report\/#primaryimage"},"thumbnailUrl":"https:\/\/colombiainteligente.org\/wp-content\/uploads\/2023\/01\/Renewables-2022-Global-Status-Report.jpg","articleSection":["Energ\u00eda que transforma","Tendencias"],"inLanguage":"es-CO","potentialAction":[{"@type":"CommentAction","name":"Comment","target":["https:\/\/colombiainteligente.org\/tendencias\/renewables-2022-global-status-report\/#respond"]}]},{"@type":"WebPage","@id":"https:\/\/colombiainteligente.org\/tendencias\/renewables-2022-global-status-report\/","url":"https:\/\/colombiainteligente.org\/tendencias\/renewables-2022-global-status-report\/","name":"Renewables 2022 Global Status Report - Colombia Inteligente","isPartOf":{"@id":"https:\/\/colombiainteligente.org\/#website"},"primaryImageOfPage":{"@id":"https:\/\/colombiainteligente.org\/tendencias\/renewables-2022-global-status-report\/#primaryimage"},"image":{"@id":"https:\/\/colombiainteligente.org\/tendencias\/renewables-2022-global-status-report\/#primaryimage"},"thumbnailUrl":"https:\/\/colombiainteligente.org\/wp-content\/uploads\/2023\/01\/Renewables-2022-Global-Status-Report.jpg","datePublished":"2022-08-10T03:57:27+00:00","dateModified":"2023-01-03T03:58:14+00:00","breadcrumb":{"@id":"https:\/\/colombiainteligente.org\/tendencias\/renewables-2022-global-status-report\/#breadcrumb"},"inLanguage":"es-CO","potentialAction":[{"@type":"ReadAction","target":["https:\/\/colombiainteligente.org\/tendencias\/renewables-2022-global-status-report\/"]}]},{"@type":"ImageObject","inLanguage":"es-CO","@id":"https:\/\/colombiainteligente.org\/tendencias\/renewables-2022-global-status-report\/#primaryimage","url":"https:\/\/colombiainteligente.org\/wp-content\/uploads\/2023\/01\/Renewables-2022-Global-Status-Report.jpg","contentUrl":"https:\/\/colombiainteligente.org\/wp-content\/uploads\/2023\/01\/Renewables-2022-Global-Status-Report.jpg","width":290,"height":400,"caption":"Renewables-2022-Global-Status-Report.jpg 2 de enero de 2023"},{"@type":"BreadcrumbList","@id":"https:\/\/colombiainteligente.org\/tendencias\/renewables-2022-global-status-report\/#breadcrumb","itemListElement":[{"@type":"ListItem","position":1,"name":"Portada","item":"https:\/\/colombiainteligente.org\/"},{"@type":"ListItem","position":2,"name":"Renewables 2022 Global Status Report"}]},{"@type":"WebSite","@id":"https:\/\/colombiainteligente.org\/#website","url":"https:\/\/colombiainteligente.org\/","name":"Colombia Inteligente","description":"Alianza estrat\u00e9gica, conformada por empresas y entidades, para la inserci\u00f3n integral y eficiente de las redes inteligentes a la infraestructura del sector el\u00e9ctrico colombiano","publisher":{"@id":"https:\/\/colombiainteligente.org\/#organization"},"potentialAction":[{"@type":"SearchAction","target":{"@type":"EntryPoint","urlTemplate":"https:\/\/colombiainteligente.org\/?s={search_term_string}"},"query-input":{"@type":"PropertyValueSpecification","valueRequired":true,"valueName":"search_term_string"}}],"inLanguage":"es-CO"},{"@type":"Organization","@id":"https:\/\/colombiainteligente.org\/#organization","name":"Colombia Inteligente","url":"https:\/\/colombiainteligente.org\/","logo":{"@type":"ImageObject","inLanguage":"es-CO","@id":"https:\/\/colombiainteligente.org\/#\/schema\/logo\/image\/","url":"https:\/\/colombiainteligente.org\/wp-content\/uploads\/2022\/07\/Image.png","contentUrl":"https:\/\/colombiainteligente.org\/wp-content\/uploads\/2022\/07\/Image.png","width":588,"height":274,"caption":"Colombia Inteligente"},"image":{"@id":"https:\/\/colombiainteligente.org\/#\/schema\/logo\/image\/"},"sameAs":["https:\/\/x.com\/colombiaintelig","https:\/\/www.linkedin.com\/company\/colombiainteligente\/"]},{"@type":"Person","@id":"https:\/\/colombiainteligente.org\/#\/schema\/person\/e207145d548b75a6d339ff1d4d3b0432","name":"DIFUSI\u00d3N COLOMBIA INTELIGENTE","image":{"@type":"ImageObject","inLanguage":"es-CO","@id":"https:\/\/secure.gravatar.com\/avatar\/df2e679ff2abf288cf4bf58830dad897e596908105ec8969f50f748a6d837869?s=96&d=mm&r=g","url":"https:\/\/secure.gravatar.com\/avatar\/df2e679ff2abf288cf4bf58830dad897e596908105ec8969f50f748a6d837869?s=96&d=mm&r=g","contentUrl":"https:\/\/secure.gravatar.com\/avatar\/df2e679ff2abf288cf4bf58830dad897e596908105ec8969f50f748a6d837869?s=96&d=mm&r=g","caption":"DIFUSI\u00d3N COLOMBIA INTELIGENTE"},"url":"https:\/\/colombiainteligente.org\/es_co\/author\/difusioncolombiainteligente-org\/"}]}},"_links":{"self":[{"href":"https:\/\/colombiainteligente.org\/es_co\/wp-json\/wp\/v2\/posts\/18154","targetHints":{"allow":["GET"]}}],"collection":[{"href":"https:\/\/colombiainteligente.org\/es_co\/wp-json\/wp\/v2\/posts"}],"about":[{"href":"https:\/\/colombiainteligente.org\/es_co\/wp-json\/wp\/v2\/types\/post"}],"author":[{"embeddable":true,"href":"https:\/\/colombiainteligente.org\/es_co\/wp-json\/wp\/v2\/users\/23"}],"replies":[{"embeddable":true,"href":"https:\/\/colombiainteligente.org\/es_co\/wp-json\/wp\/v2\/comments?post=18154"}],"version-history":[{"count":4,"href":"https:\/\/colombiainteligente.org\/es_co\/wp-json\/wp\/v2\/posts\/18154\/revisions"}],"predecessor-version":[{"id":18162,"href":"https:\/\/colombiainteligente.org\/es_co\/wp-json\/wp\/v2\/posts\/18154\/revisions\/18162"}],"wp:featuredmedia":[{"embeddable":true,"href":"https:\/\/colombiainteligente.org\/es_co\/wp-json\/wp\/v2\/media\/18155"}],"wp:attachment":[{"href":"https:\/\/colombiainteligente.org\/es_co\/wp-json\/wp\/v2\/media?parent=18154"}],"wp:term":[{"taxonomy":"category","embeddable":true,"href":"https:\/\/colombiainteligente.org\/es_co\/wp-json\/wp\/v2\/categories?post=18154"},{"taxonomy":"post_tag","embeddable":true,"href":"https:\/\/colombiainteligente.org\/es_co\/wp-json\/wp\/v2\/tags?post=18154"}],"curies":[{"name":"wp","href":"https:\/\/api.w.org\/{rel}","templated":true}]}}