{"id":20276,"date":"2022-08-30T19:06:00","date_gmt":"2022-08-31T00:06:00","guid":{"rendered":"https:\/\/colombiainteligente.org\/?p=20276"},"modified":"2023-01-03T19:07:54","modified_gmt":"2023-01-04T00:07:54","slug":"research-insights-how-do-firm-digital-adoption-policies-impact-labor-markets-and-economic-recovery-during-the-covid-19-pandemic","status":"publish","type":"post","link":"https:\/\/colombiainteligente.org\/es_co\/tendencias\/research-insights-how-do-firm-digital-adoption-policies-impact-labor-markets-and-economic-recovery-during-the-covid-19-pandemic\/","title":{"rendered":"Research Insights: How Do Firm Digital Adoption Policies Impact Labor Markets and Economic Recovery during the COVID-19 Pandemic?"},"content":{"rendered":"<div data-elementor-type=\"wp-post\" data-elementor-id=\"20276\" class=\"elementor elementor-20276\" data-elementor-post-type=\"post\">\n\t\t\t\t\t\t\t\t\t<section class=\"elementor-section elementor-top-section elementor-element elementor-element-79148795 elementor-section-boxed elementor-section-height-default elementor-section-height-default\" data-id=\"79148795\" data-element_type=\"section\">\n\t\t\t\t\t\t<div class=\"elementor-container elementor-column-gap-default\">\n\t\t\t\t\t<div class=\"elementor-column elementor-col-100 elementor-top-column elementor-element elementor-element-1ece4ebf\" data-id=\"1ece4ebf\" data-element_type=\"column\">\n\t\t\t<div class=\"elementor-widget-wrap elementor-element-populated\">\n\t\t\t\t\t\t\t\t<div class=\"elementor-element elementor-element-7a61c7e5 elementor-widget elementor-widget-text-editor\" data-id=\"7a61c7e5\" data-element_type=\"widget\" data-widget_type=\"text-editor.default\">\n\t\t\t\t<div class=\"elementor-widget-container\">\n\t\t\t<style>\/*! elementor - v3.14.0 - 26-06-2023 *\/\n.elementor-widget-text-editor.elementor-drop-cap-view-stacked .elementor-drop-cap{background-color:#69727d;color:#fff}.elementor-widget-text-editor.elementor-drop-cap-view-framed .elementor-drop-cap{color:#69727d;border:3px solid;background-color:transparent}.elementor-widget-text-editor:not(.elementor-drop-cap-view-default) .elementor-drop-cap{margin-top:8px}.elementor-widget-text-editor:not(.elementor-drop-cap-view-default) .elementor-drop-cap-letter{width:1em;height:1em}.elementor-widget-text-editor .elementor-drop-cap{float:left;text-align:center;line-height:1;font-size:50px}.elementor-widget-text-editor .elementor-drop-cap-letter{display:inline-block}<\/style>\t\t\t\t<p>La pandemia de COVID-19 provoc\u00f3 una contracci\u00f3n masiva del empleo y del PIB en todo el mundo, y los pa\u00edses de Am\u00e9rica Latina y el Caribe fueron los m\u00e1s afectados.\u00a0 En particular, el efecto del choque en el mercado laboral fue diferente al de crisis anteriores porque afect\u00f3 principalmente al sector informal, dado su car\u00e1cter de alto contacto.\u00a0 Adem\u00e1s, la COVID-19 oblig\u00f3 a las empresas a adoptar nuevas tecnolog\u00edas para superar las restricciones de movilidad. Queremos entender c\u00f3mo las pol\u00edticas que refuerzan este nuevo incentivo a la adopci\u00f3n digital por parte de las empresas interact\u00faan con el shock COVID en un marco macroecon\u00f3mico.<\/p><p>In response to a shock such as the COVID-19 pandemic, a policy that facilitates firm digital adoption can, in the short run, accelerate the recovery of GDP, total employment, and labor income. In the medium run, the policy decreases total employment and the labor force participation rate due to a rise in households opportunity cost of working. However, this comes with higher levels of GDP and labor income, greater average firm productivity, a larger formal employment share, and a marginally lower unemployment rate.<\/p><p>Para leer m\u00e1s ingrese a:<\/p><p><a href=\"https:\/\/publications.iadb.org\/en\/research-insights-how-do-firm-digital-adoption-policies-impact-labor-markets-and-economic-recovery\">https:\/\/publications.iadb.org\/en\/research-insights-how-do-firm-digital-adoption-policies-impact-labor-markets-and-economic-recovery<\/a><\/p><p><a href=\"https:\/\/publications.iadb.org\/publications\/english\/document\/Research-Insights-How-Do-Firm-Digital-Adoption-Policies-Impact-Labor-Markets-and-Economic-Recovery-during-the-COVID-19-Pandemic.pdf\">https:\/\/publications.iadb.org\/publications\/english\/document\/Research-Insights-How-Do-Firm-Digital-Adoption-Policies-Impact-Labor-Markets-and-Economic-Recovery-during-the-COVID-19-Pandemic.pdf<\/a><\/p>\t\t\t\t\t\t<\/div>\n\t\t\t\t<\/div>\n\t\t\t\t\t<\/div>\n\t\t<\/div>\n\t\t\t\t\t\t\t<\/div>\n\t\t<\/section>\n\t\t\t\t\t\t\t<\/div>\n\t\t<div style=\"text-align:center\" class=\"yasr-auto-insert-visitor\"><\/div>","protected":false},"excerpt":{"rendered":"<p>La pandemia de COVID-19 provoc\u00f3 una contracci\u00f3n masiva del empleo y del PIB en todo el mundo, y los pa\u00edses de Am\u00e9rica Latina y el Caribe fueron los m\u00e1s afectados.  En particular, el efecto del choque en el mercado laboral fue diferente al de crisis anteriores porque afect\u00f3 principalmente al sector informal, dado su car\u00e1cter de alto contacto.  Adem\u00e1s, la COVID-19 oblig\u00f3 a las empresas a adoptar nuevas tecnolog\u00edas para superar las restricciones de movilidad. Queremos entender c\u00f3mo las pol\u00edticas que refuerzan este nuevo incentivo a la adopci\u00f3n digital por parte de las empresas interact\u00faan con el shock COVID en un marco macroecon\u00f3mico.<\/p>","protected":false},"author":27,"featured_media":20277,"comment_status":"open","ping_status":"open","sticky":false,"template":"","format":"standard","meta":{"yasr_overall_rating":0,"yasr_post_is_review":"","yasr_auto_insert_disabled":"","yasr_review_type":"","footnotes":""},"categories":[55,53],"tags":[],"class_list":["post-20276","post","type-post","status-publish","format-standard","has-post-thumbnail","hentry","category-digitalizacion","category-tendencias"],"yasr_visitor_votes":{"number_of_votes":0,"sum_votes":0,"stars_attributes":{"read_only":false,"span_bottom":false}},"yoast_head":"<!-- This site is optimized with the Yoast SEO plugin v27.3 - https:\/\/yoast.com\/product\/yoast-seo-wordpress\/ -->\n<title>Research Insights: How Do Firm Digital Adoption Policies Impact Labor Markets and Economic Recovery during the COVID-19 Pandemic? - Colombia Inteligente<\/title>\n<meta name=\"robots\" content=\"index, follow, max-snippet:-1, max-image-preview:large, max-video-preview:-1\" \/>\n<link rel=\"canonical\" href=\"https:\/\/colombiainteligente.org\/es_co\/tendencias\/research-insights-how-do-firm-digital-adoption-policies-impact-labor-markets-and-economic-recovery-during-the-covid-19-pandemic\/\" \/>\n<meta property=\"og:locale\" content=\"es_ES\" \/>\n<meta property=\"og:type\" content=\"article\" \/>\n<meta property=\"og:title\" content=\"Research Insights: How Do Firm Digital Adoption Policies Impact Labor Markets and Economic Recovery during the COVID-19 Pandemic? - Colombia Inteligente\" \/>\n<meta property=\"og:description\" content=\"La pandemia de COVID-19 provoc\u00f3 una contracci\u00f3n masiva del empleo y del PIB en todo el mundo, y los pa\u00edses de Am\u00e9rica Latina y el Caribe fueron los m\u00e1s afectados. En particular, el efecto del choque en el mercado laboral fue diferente al de crisis anteriores porque afect\u00f3 principalmente al sector informal, dado su car\u00e1cter de alto contacto. Adem\u00e1s, la COVID-19 oblig\u00f3 a las empresas a adoptar nuevas tecnolog\u00edas para superar las restricciones de movilidad. Queremos entender c\u00f3mo las pol\u00edticas que refuerzan este nuevo incentivo a la adopci\u00f3n digital por parte de las empresas interact\u00faan con el shock COVID en un marco macroecon\u00f3mico.\" \/>\n<meta property=\"og:url\" content=\"https:\/\/colombiainteligente.org\/es_co\/tendencias\/research-insights-how-do-firm-digital-adoption-policies-impact-labor-markets-and-economic-recovery-during-the-covid-19-pandemic\/\" \/>\n<meta property=\"og:site_name\" content=\"Colombia Inteligente\" \/>\n<meta property=\"article:published_time\" content=\"2022-08-31T00:06:00+00:00\" \/>\n<meta property=\"article:modified_time\" content=\"2023-01-04T00:07:54+00:00\" \/>\n<meta property=\"og:image\" content=\"https:\/\/colombiainteligente.org\/wp-content\/uploads\/2023\/01\/819E3650-0054-4B67-9624-CF40F88985DC.jpeg\" \/>\n\t<meta property=\"og:image:width\" content=\"300\" \/>\n\t<meta property=\"og:image:height\" content=\"390\" \/>\n\t<meta property=\"og:image:type\" content=\"image\/jpeg\" \/>\n<meta name=\"author\" content=\"Luisa Buitrago\" \/>\n<meta name=\"twitter:card\" content=\"summary_large_image\" \/>\n<meta name=\"twitter:creator\" content=\"@colombiaintelig\" \/>\n<meta name=\"twitter:site\" content=\"@colombiaintelig\" \/>\n<meta name=\"twitter:label1\" content=\"Escrito por\" \/>\n\t<meta name=\"twitter:data1\" content=\"Luisa Buitrago\" \/>\n\t<meta name=\"twitter:label2\" content=\"Tiempo estimado de lectura\" \/>\n\t<meta name=\"twitter:data2\" content=\"1 minuto\" \/>\n<script type=\"application\/ld+json\" class=\"yoast-schema-graph\">{\"@context\":\"https:\\\/\\\/schema.org\",\"@graph\":[{\"@type\":\"Article\",\"@id\":\"https:\\\/\\\/colombiainteligente.org\\\/tendencias\\\/research-insights-how-do-firm-digital-adoption-policies-impact-labor-markets-and-economic-recovery-during-the-covid-19-pandemic\\\/#article\",\"isPartOf\":{\"@id\":\"https:\\\/\\\/colombiainteligente.org\\\/tendencias\\\/research-insights-how-do-firm-digital-adoption-policies-impact-labor-markets-and-economic-recovery-during-the-covid-19-pandemic\\\/\"},\"author\":{\"name\":\"Luisa Buitrago\",\"@id\":\"https:\\\/\\\/colombiainteligente.org\\\/#\\\/schema\\\/person\\\/7a8c7be348df0b891a16dc2fe342977d\"},\"headline\":\"Research Insights: How Do Firm Digital Adoption Policies Impact Labor Markets and Economic Recovery during the COVID-19 Pandemic?\",\"datePublished\":\"2022-08-31T00:06:00+00:00\",\"dateModified\":\"2023-01-04T00:07:54+00:00\",\"mainEntityOfPage\":{\"@id\":\"https:\\\/\\\/colombiainteligente.org\\\/tendencias\\\/research-insights-how-do-firm-digital-adoption-policies-impact-labor-markets-and-economic-recovery-during-the-covid-19-pandemic\\\/\"},\"wordCount\":240,\"commentCount\":0,\"publisher\":{\"@id\":\"https:\\\/\\\/colombiainteligente.org\\\/#organization\"},\"image\":{\"@id\":\"https:\\\/\\\/colombiainteligente.org\\\/tendencias\\\/research-insights-how-do-firm-digital-adoption-policies-impact-labor-markets-and-economic-recovery-during-the-covid-19-pandemic\\\/#primaryimage\"},\"thumbnailUrl\":\"https:\\\/\\\/colombiainteligente.org\\\/wp-content\\\/uploads\\\/2023\\\/01\\\/819E3650-0054-4B67-9624-CF40F88985DC.jpeg\",\"articleSection\":[\"Digitalizaci\u00f3n\",\"Tendencias\"],\"inLanguage\":\"es-CO\",\"potentialAction\":[{\"@type\":\"CommentAction\",\"name\":\"Comment\",\"target\":[\"https:\\\/\\\/colombiainteligente.org\\\/tendencias\\\/research-insights-how-do-firm-digital-adoption-policies-impact-labor-markets-and-economic-recovery-during-the-covid-19-pandemic\\\/#respond\"]}]},{\"@type\":\"WebPage\",\"@id\":\"https:\\\/\\\/colombiainteligente.org\\\/tendencias\\\/research-insights-how-do-firm-digital-adoption-policies-impact-labor-markets-and-economic-recovery-during-the-covid-19-pandemic\\\/\",\"url\":\"https:\\\/\\\/colombiainteligente.org\\\/tendencias\\\/research-insights-how-do-firm-digital-adoption-policies-impact-labor-markets-and-economic-recovery-during-the-covid-19-pandemic\\\/\",\"name\":\"Research Insights: How Do Firm Digital Adoption Policies Impact Labor Markets and Economic Recovery during the COVID-19 Pandemic? - Colombia Inteligente\",\"isPartOf\":{\"@id\":\"https:\\\/\\\/colombiainteligente.org\\\/#website\"},\"primaryImageOfPage\":{\"@id\":\"https:\\\/\\\/colombiainteligente.org\\\/tendencias\\\/research-insights-how-do-firm-digital-adoption-policies-impact-labor-markets-and-economic-recovery-during-the-covid-19-pandemic\\\/#primaryimage\"},\"image\":{\"@id\":\"https:\\\/\\\/colombiainteligente.org\\\/tendencias\\\/research-insights-how-do-firm-digital-adoption-policies-impact-labor-markets-and-economic-recovery-during-the-covid-19-pandemic\\\/#primaryimage\"},\"thumbnailUrl\":\"https:\\\/\\\/colombiainteligente.org\\\/wp-content\\\/uploads\\\/2023\\\/01\\\/819E3650-0054-4B67-9624-CF40F88985DC.jpeg\",\"datePublished\":\"2022-08-31T00:06:00+00:00\",\"dateModified\":\"2023-01-04T00:07:54+00:00\",\"breadcrumb\":{\"@id\":\"https:\\\/\\\/colombiainteligente.org\\\/tendencias\\\/research-insights-how-do-firm-digital-adoption-policies-impact-labor-markets-and-economic-recovery-during-the-covid-19-pandemic\\\/#breadcrumb\"},\"inLanguage\":\"es-CO\",\"potentialAction\":[{\"@type\":\"ReadAction\",\"target\":[\"https:\\\/\\\/colombiainteligente.org\\\/tendencias\\\/research-insights-how-do-firm-digital-adoption-policies-impact-labor-markets-and-economic-recovery-during-the-covid-19-pandemic\\\/\"]}]},{\"@type\":\"ImageObject\",\"inLanguage\":\"es-CO\",\"@id\":\"https:\\\/\\\/colombiainteligente.org\\\/tendencias\\\/research-insights-how-do-firm-digital-adoption-policies-impact-labor-markets-and-economic-recovery-during-the-covid-19-pandemic\\\/#primaryimage\",\"url\":\"https:\\\/\\\/colombiainteligente.org\\\/wp-content\\\/uploads\\\/2023\\\/01\\\/819E3650-0054-4B67-9624-CF40F88985DC.jpeg\",\"contentUrl\":\"https:\\\/\\\/colombiainteligente.org\\\/wp-content\\\/uploads\\\/2023\\\/01\\\/819E3650-0054-4B67-9624-CF40F88985DC.jpeg\",\"width\":300,\"height\":390,\"caption\":\"Research Insights: How Do Firm Digital Adoption Policies Impact Labor Markets and Economic Recovery during the COVID-19 Pandemic?\"},{\"@type\":\"BreadcrumbList\",\"@id\":\"https:\\\/\\\/colombiainteligente.org\\\/tendencias\\\/research-insights-how-do-firm-digital-adoption-policies-impact-labor-markets-and-economic-recovery-during-the-covid-19-pandemic\\\/#breadcrumb\",\"itemListElement\":[{\"@type\":\"ListItem\",\"position\":1,\"name\":\"Portada\",\"item\":\"https:\\\/\\\/colombiainteligente.org\\\/\"},{\"@type\":\"ListItem\",\"position\":2,\"name\":\"Research Insights: How Do Firm Digital Adoption Policies Impact Labor Markets and Economic Recovery during the COVID-19 Pandemic?\"}]},{\"@type\":\"WebSite\",\"@id\":\"https:\\\/\\\/colombiainteligente.org\\\/#website\",\"url\":\"https:\\\/\\\/colombiainteligente.org\\\/\",\"name\":\"Colombia Inteligente\",\"description\":\"Alianza estrat\u00e9gica, conformada por empresas y entidades, para la inserci\u00f3n integral y eficiente de las redes inteligentes a la infraestructura del sector el\u00e9ctrico colombiano\",\"publisher\":{\"@id\":\"https:\\\/\\\/colombiainteligente.org\\\/#organization\"},\"potentialAction\":[{\"@type\":\"SearchAction\",\"target\":{\"@type\":\"EntryPoint\",\"urlTemplate\":\"https:\\\/\\\/colombiainteligente.org\\\/?s={search_term_string}\"},\"query-input\":{\"@type\":\"PropertyValueSpecification\",\"valueRequired\":true,\"valueName\":\"search_term_string\"}}],\"inLanguage\":\"es-CO\"},{\"@type\":\"Organization\",\"@id\":\"https:\\\/\\\/colombiainteligente.org\\\/#organization\",\"name\":\"Colombia Inteligente\",\"url\":\"https:\\\/\\\/colombiainteligente.org\\\/\",\"logo\":{\"@type\":\"ImageObject\",\"inLanguage\":\"es-CO\",\"@id\":\"https:\\\/\\\/colombiainteligente.org\\\/#\\\/schema\\\/logo\\\/image\\\/\",\"url\":\"https:\\\/\\\/colombiainteligente.org\\\/wp-content\\\/uploads\\\/2022\\\/07\\\/Image.png\",\"contentUrl\":\"https:\\\/\\\/colombiainteligente.org\\\/wp-content\\\/uploads\\\/2022\\\/07\\\/Image.png\",\"width\":588,\"height\":274,\"caption\":\"Colombia Inteligente\"},\"image\":{\"@id\":\"https:\\\/\\\/colombiainteligente.org\\\/#\\\/schema\\\/logo\\\/image\\\/\"},\"sameAs\":[\"https:\\\/\\\/x.com\\\/colombiaintelig\",\"https:\\\/\\\/www.linkedin.com\\\/company\\\/colombiainteligente\\\/\"]},{\"@type\":\"Person\",\"@id\":\"https:\\\/\\\/colombiainteligente.org\\\/#\\\/schema\\\/person\\\/7a8c7be348df0b891a16dc2fe342977d\",\"name\":\"Luisa Buitrago\",\"image\":{\"@type\":\"ImageObject\",\"inLanguage\":\"es-CO\",\"@id\":\"https:\\\/\\\/secure.gravatar.com\\\/avatar\\\/52ddc2638a82d555a120840263ecb4ee82a5e480ee730faa01e9b11ef7441d42?s=96&d=mm&r=g\",\"url\":\"https:\\\/\\\/secure.gravatar.com\\\/avatar\\\/52ddc2638a82d555a120840263ecb4ee82a5e480ee730faa01e9b11ef7441d42?s=96&d=mm&r=g\",\"contentUrl\":\"https:\\\/\\\/secure.gravatar.com\\\/avatar\\\/52ddc2638a82d555a120840263ecb4ee82a5e480ee730faa01e9b11ef7441d42?s=96&d=mm&r=g\",\"caption\":\"Luisa Buitrago\"},\"url\":\"https:\\\/\\\/colombiainteligente.org\\\/es_co\\\/author\\\/luisa-buitragocolombiainteligente-org\\\/\"}]}<\/script>\n<!-- \/ Yoast SEO plugin. -->","yoast_head_json":{"title":"Research Insights: How Do Firm Digital Adoption Policies Impact Labor Markets and Economic Recovery during the COVID-19 Pandemic? - Colombia Inteligente","robots":{"index":"index","follow":"follow","max-snippet":"max-snippet:-1","max-image-preview":"max-image-preview:large","max-video-preview":"max-video-preview:-1"},"canonical":"https:\/\/colombiainteligente.org\/es_co\/tendencias\/research-insights-how-do-firm-digital-adoption-policies-impact-labor-markets-and-economic-recovery-during-the-covid-19-pandemic\/","og_locale":"es_ES","og_type":"article","og_title":"Research Insights: How Do Firm Digital Adoption Policies Impact Labor Markets and Economic Recovery during the COVID-19 Pandemic? - Colombia Inteligente","og_description":"La pandemia de COVID-19 provoc\u00f3 una contracci\u00f3n masiva del empleo y del PIB en todo el mundo, y los pa\u00edses de Am\u00e9rica Latina y el Caribe fueron los m\u00e1s afectados. En particular, el efecto del choque en el mercado laboral fue diferente al de crisis anteriores porque afect\u00f3 principalmente al sector informal, dado su car\u00e1cter de alto contacto. Adem\u00e1s, la COVID-19 oblig\u00f3 a las empresas a adoptar nuevas tecnolog\u00edas para superar las restricciones de movilidad. Queremos entender c\u00f3mo las pol\u00edticas que refuerzan este nuevo incentivo a la adopci\u00f3n digital por parte de las empresas interact\u00faan con el shock COVID en un marco macroecon\u00f3mico.","og_url":"https:\/\/colombiainteligente.org\/es_co\/tendencias\/research-insights-how-do-firm-digital-adoption-policies-impact-labor-markets-and-economic-recovery-during-the-covid-19-pandemic\/","og_site_name":"Colombia Inteligente","article_published_time":"2022-08-31T00:06:00+00:00","article_modified_time":"2023-01-04T00:07:54+00:00","og_image":[{"width":300,"height":390,"url":"https:\/\/colombiainteligente.org\/wp-content\/uploads\/2023\/01\/819E3650-0054-4B67-9624-CF40F88985DC.jpeg","type":"image\/jpeg"}],"author":"Luisa Buitrago","twitter_card":"summary_large_image","twitter_creator":"@colombiaintelig","twitter_site":"@colombiaintelig","twitter_misc":{"Escrito por":"Luisa Buitrago","Tiempo estimado de lectura":"1 minuto"},"schema":{"@context":"https:\/\/schema.org","@graph":[{"@type":"Article","@id":"https:\/\/colombiainteligente.org\/tendencias\/research-insights-how-do-firm-digital-adoption-policies-impact-labor-markets-and-economic-recovery-during-the-covid-19-pandemic\/#article","isPartOf":{"@id":"https:\/\/colombiainteligente.org\/tendencias\/research-insights-how-do-firm-digital-adoption-policies-impact-labor-markets-and-economic-recovery-during-the-covid-19-pandemic\/"},"author":{"name":"Luisa Buitrago","@id":"https:\/\/colombiainteligente.org\/#\/schema\/person\/7a8c7be348df0b891a16dc2fe342977d"},"headline":"Research Insights: How Do Firm Digital Adoption Policies Impact Labor Markets and Economic Recovery during the COVID-19 Pandemic?","datePublished":"2022-08-31T00:06:00+00:00","dateModified":"2023-01-04T00:07:54+00:00","mainEntityOfPage":{"@id":"https:\/\/colombiainteligente.org\/tendencias\/research-insights-how-do-firm-digital-adoption-policies-impact-labor-markets-and-economic-recovery-during-the-covid-19-pandemic\/"},"wordCount":240,"commentCount":0,"publisher":{"@id":"https:\/\/colombiainteligente.org\/#organization"},"image":{"@id":"https:\/\/colombiainteligente.org\/tendencias\/research-insights-how-do-firm-digital-adoption-policies-impact-labor-markets-and-economic-recovery-during-the-covid-19-pandemic\/#primaryimage"},"thumbnailUrl":"https:\/\/colombiainteligente.org\/wp-content\/uploads\/2023\/01\/819E3650-0054-4B67-9624-CF40F88985DC.jpeg","articleSection":["Digitalizaci\u00f3n","Tendencias"],"inLanguage":"es-CO","potentialAction":[{"@type":"CommentAction","name":"Comment","target":["https:\/\/colombiainteligente.org\/tendencias\/research-insights-how-do-firm-digital-adoption-policies-impact-labor-markets-and-economic-recovery-during-the-covid-19-pandemic\/#respond"]}]},{"@type":"WebPage","@id":"https:\/\/colombiainteligente.org\/tendencias\/research-insights-how-do-firm-digital-adoption-policies-impact-labor-markets-and-economic-recovery-during-the-covid-19-pandemic\/","url":"https:\/\/colombiainteligente.org\/tendencias\/research-insights-how-do-firm-digital-adoption-policies-impact-labor-markets-and-economic-recovery-during-the-covid-19-pandemic\/","name":"Research Insights: How Do Firm Digital Adoption Policies Impact Labor Markets and Economic Recovery during the COVID-19 Pandemic? - Colombia Inteligente","isPartOf":{"@id":"https:\/\/colombiainteligente.org\/#website"},"primaryImageOfPage":{"@id":"https:\/\/colombiainteligente.org\/tendencias\/research-insights-how-do-firm-digital-adoption-policies-impact-labor-markets-and-economic-recovery-during-the-covid-19-pandemic\/#primaryimage"},"image":{"@id":"https:\/\/colombiainteligente.org\/tendencias\/research-insights-how-do-firm-digital-adoption-policies-impact-labor-markets-and-economic-recovery-during-the-covid-19-pandemic\/#primaryimage"},"thumbnailUrl":"https:\/\/colombiainteligente.org\/wp-content\/uploads\/2023\/01\/819E3650-0054-4B67-9624-CF40F88985DC.jpeg","datePublished":"2022-08-31T00:06:00+00:00","dateModified":"2023-01-04T00:07:54+00:00","breadcrumb":{"@id":"https:\/\/colombiainteligente.org\/tendencias\/research-insights-how-do-firm-digital-adoption-policies-impact-labor-markets-and-economic-recovery-during-the-covid-19-pandemic\/#breadcrumb"},"inLanguage":"es-CO","potentialAction":[{"@type":"ReadAction","target":["https:\/\/colombiainteligente.org\/tendencias\/research-insights-how-do-firm-digital-adoption-policies-impact-labor-markets-and-economic-recovery-during-the-covid-19-pandemic\/"]}]},{"@type":"ImageObject","inLanguage":"es-CO","@id":"https:\/\/colombiainteligente.org\/tendencias\/research-insights-how-do-firm-digital-adoption-policies-impact-labor-markets-and-economic-recovery-during-the-covid-19-pandemic\/#primaryimage","url":"https:\/\/colombiainteligente.org\/wp-content\/uploads\/2023\/01\/819E3650-0054-4B67-9624-CF40F88985DC.jpeg","contentUrl":"https:\/\/colombiainteligente.org\/wp-content\/uploads\/2023\/01\/819E3650-0054-4B67-9624-CF40F88985DC.jpeg","width":300,"height":390,"caption":"Research Insights: How Do Firm Digital Adoption Policies Impact Labor Markets and Economic Recovery during the COVID-19 Pandemic?"},{"@type":"BreadcrumbList","@id":"https:\/\/colombiainteligente.org\/tendencias\/research-insights-how-do-firm-digital-adoption-policies-impact-labor-markets-and-economic-recovery-during-the-covid-19-pandemic\/#breadcrumb","itemListElement":[{"@type":"ListItem","position":1,"name":"Portada","item":"https:\/\/colombiainteligente.org\/"},{"@type":"ListItem","position":2,"name":"Research Insights: How Do Firm Digital Adoption Policies Impact Labor Markets and Economic Recovery during the COVID-19 Pandemic?"}]},{"@type":"WebSite","@id":"https:\/\/colombiainteligente.org\/#website","url":"https:\/\/colombiainteligente.org\/","name":"Colombia Inteligente","description":"Alianza estrat\u00e9gica, conformada por empresas y entidades, para la inserci\u00f3n integral y eficiente de las redes inteligentes a la infraestructura del sector el\u00e9ctrico colombiano","publisher":{"@id":"https:\/\/colombiainteligente.org\/#organization"},"potentialAction":[{"@type":"SearchAction","target":{"@type":"EntryPoint","urlTemplate":"https:\/\/colombiainteligente.org\/?s={search_term_string}"},"query-input":{"@type":"PropertyValueSpecification","valueRequired":true,"valueName":"search_term_string"}}],"inLanguage":"es-CO"},{"@type":"Organization","@id":"https:\/\/colombiainteligente.org\/#organization","name":"Colombia Inteligente","url":"https:\/\/colombiainteligente.org\/","logo":{"@type":"ImageObject","inLanguage":"es-CO","@id":"https:\/\/colombiainteligente.org\/#\/schema\/logo\/image\/","url":"https:\/\/colombiainteligente.org\/wp-content\/uploads\/2022\/07\/Image.png","contentUrl":"https:\/\/colombiainteligente.org\/wp-content\/uploads\/2022\/07\/Image.png","width":588,"height":274,"caption":"Colombia Inteligente"},"image":{"@id":"https:\/\/colombiainteligente.org\/#\/schema\/logo\/image\/"},"sameAs":["https:\/\/x.com\/colombiaintelig","https:\/\/www.linkedin.com\/company\/colombiainteligente\/"]},{"@type":"Person","@id":"https:\/\/colombiainteligente.org\/#\/schema\/person\/7a8c7be348df0b891a16dc2fe342977d","name":"Luisa Buitrago","image":{"@type":"ImageObject","inLanguage":"es-CO","@id":"https:\/\/secure.gravatar.com\/avatar\/52ddc2638a82d555a120840263ecb4ee82a5e480ee730faa01e9b11ef7441d42?s=96&d=mm&r=g","url":"https:\/\/secure.gravatar.com\/avatar\/52ddc2638a82d555a120840263ecb4ee82a5e480ee730faa01e9b11ef7441d42?s=96&d=mm&r=g","contentUrl":"https:\/\/secure.gravatar.com\/avatar\/52ddc2638a82d555a120840263ecb4ee82a5e480ee730faa01e9b11ef7441d42?s=96&d=mm&r=g","caption":"Luisa Buitrago"},"url":"https:\/\/colombiainteligente.org\/es_co\/author\/luisa-buitragocolombiainteligente-org\/"}]}},"_links":{"self":[{"href":"https:\/\/colombiainteligente.org\/es_co\/wp-json\/wp\/v2\/posts\/20276","targetHints":{"allow":["GET"]}}],"collection":[{"href":"https:\/\/colombiainteligente.org\/es_co\/wp-json\/wp\/v2\/posts"}],"about":[{"href":"https:\/\/colombiainteligente.org\/es_co\/wp-json\/wp\/v2\/types\/post"}],"author":[{"embeddable":true,"href":"https:\/\/colombiainteligente.org\/es_co\/wp-json\/wp\/v2\/users\/27"}],"replies":[{"embeddable":true,"href":"https:\/\/colombiainteligente.org\/es_co\/wp-json\/wp\/v2\/comments?post=20276"}],"version-history":[{"count":5,"href":"https:\/\/colombiainteligente.org\/es_co\/wp-json\/wp\/v2\/posts\/20276\/revisions"}],"predecessor-version":[{"id":20282,"href":"https:\/\/colombiainteligente.org\/es_co\/wp-json\/wp\/v2\/posts\/20276\/revisions\/20282"}],"wp:featuredmedia":[{"embeddable":true,"href":"https:\/\/colombiainteligente.org\/es_co\/wp-json\/wp\/v2\/media\/20277"}],"wp:attachment":[{"href":"https:\/\/colombiainteligente.org\/es_co\/wp-json\/wp\/v2\/media?parent=20276"}],"wp:term":[{"taxonomy":"category","embeddable":true,"href":"https:\/\/colombiainteligente.org\/es_co\/wp-json\/wp\/v2\/categories?post=20276"},{"taxonomy":"post_tag","embeddable":true,"href":"https:\/\/colombiainteligente.org\/es_co\/wp-json\/wp\/v2\/tags?post=20276"}],"curies":[{"name":"wp","href":"https:\/\/api.w.org\/{rel}","templated":true}]}}