{"id":21644,"date":"2019-05-07T12:45:45","date_gmt":"2019-05-07T17:45:45","guid":{"rendered":"https:\/\/colombiainteligente.org\/?p=21644"},"modified":"2023-01-05T12:49:36","modified_gmt":"2023-01-05T17:49:36","slug":"epri-analysis-identifies-potential-impacts-and-solutions-to-mitigate-an-electromagnetic-pulse-emp-event-on-the-electric-grid","status":"publish","type":"post","link":"https:\/\/colombiainteligente.org\/es_co\/tendencias\/epri-analysis-identifies-potential-impacts-and-solutions-to-mitigate-an-electromagnetic-pulse-emp-event-on-the-electric-grid\/","title":{"rendered":"EPRI Analysis Identifies Potential Impacts and Solutions to Mitigate An Electromagnetic Pulse (EMP) Event on the Electric Grid"},"content":{"rendered":"<div data-elementor-type=\"wp-post\" data-elementor-id=\"21644\" class=\"elementor elementor-21644\" data-elementor-post-type=\"post\">\n\t\t\t\t\t\t\t\t\t<section class=\"elementor-section elementor-top-section elementor-element elementor-element-79148795 elementor-section-boxed elementor-section-height-default elementor-section-height-default\" data-id=\"79148795\" data-element_type=\"section\">\n\t\t\t\t\t\t<div class=\"elementor-container elementor-column-gap-default\">\n\t\t\t\t\t<div class=\"elementor-column elementor-col-100 elementor-top-column elementor-element elementor-element-1ece4ebf\" data-id=\"1ece4ebf\" data-element_type=\"column\">\n\t\t\t<div class=\"elementor-widget-wrap elementor-element-populated\">\n\t\t\t\t\t\t\t\t<div class=\"elementor-element elementor-element-7a61c7e5 elementor-widget elementor-widget-text-editor\" data-id=\"7a61c7e5\" data-element_type=\"widget\" data-widget_type=\"text-editor.default\">\n\t\t\t\t<div class=\"elementor-widget-container\">\n\t\t\t<style>\/*! elementor - v3.14.0 - 26-06-2023 *\/\n.elementor-widget-text-editor.elementor-drop-cap-view-stacked .elementor-drop-cap{background-color:#69727d;color:#fff}.elementor-widget-text-editor.elementor-drop-cap-view-framed .elementor-drop-cap{color:#69727d;border:3px solid;background-color:transparent}.elementor-widget-text-editor:not(.elementor-drop-cap-view-default) .elementor-drop-cap{margin-top:8px}.elementor-widget-text-editor:not(.elementor-drop-cap-view-default) .elementor-drop-cap-letter{width:1em;height:1em}.elementor-widget-text-editor .elementor-drop-cap{float:left;text-align:center;line-height:1;font-size:50px}.elementor-widget-text-editor .elementor-drop-cap-letter{display:inline-block}<\/style>\t\t\t\t<p>The Electric Power Research Institute (EPRI) released findings from its three-year study of potential impacts of high-altitude electromagnetic pulses (EMP) on the electric transmission system, along with options to mitigate those impacts.<\/p><p>The report, High-Altitude Electromagnetic Pulse and the Bulk Power System\u2014Potential Impacts and Mitigation Strategies, includes results from extensive laboratory testing and analysis of potential EMP impacts on the electric transmission system, with updated information that uses scenarios provided by Los Alamos National Laboratory.<\/p><p>Para leer m\u00e1s ingrese a:<\/p><p><a href=\"https:\/\/www.epri.com\/#\/press-releases\/6W97BuDklzgSWTPhK3pKWw?lang=en-US\">https:\/\/www.epri.com\/#\/press-releases\/6W97BuDklzgSWTPhK3pKWw?lang=en-US<\/a><br \/><a href=\"https:\/\/www.epri.com\/#\/pages\/product\/3002014979\/?lang=en-US\">https:\/\/www.epri.com\/#\/pages\/product\/3002014979\/?lang=en-US<\/a><\/p><p>\u00a0<\/p>\t\t\t\t\t\t<\/div>\n\t\t\t\t<\/div>\n\t\t\t\t\t<\/div>\n\t\t<\/div>\n\t\t\t\t\t\t\t<\/div>\n\t\t<\/section>\n\t\t\t\t\t\t\t<\/div>\n\t\t<div style=\"text-align:center\" class=\"yasr-auto-insert-visitor\"><\/div>","protected":false},"excerpt":{"rendered":"<p>The Electric Power Research Institute (EPRI) released findings from its three-year study of potential impacts of high-altitude electromagnetic pulses (EMP) on the electric transmission system, along with options to mitigate those impacts.<\/p>","protected":false},"author":27,"featured_media":21647,"comment_status":"open","ping_status":"open","sticky":false,"template":"","format":"standard","meta":{"yasr_overall_rating":0,"yasr_post_is_review":"","yasr_auto_insert_disabled":"","yasr_review_type":"","footnotes":""},"categories":[54,53],"tags":[],"class_list":["post-21644","post","type-post","status-publish","format-standard","has-post-thumbnail","hentry","category-energia-que-transforma","category-tendencias"],"yasr_visitor_votes":{"number_of_votes":0,"sum_votes":0,"stars_attributes":{"read_only":false,"span_bottom":false}},"yoast_head":"<!-- This site is optimized with the Yoast SEO plugin v27.3 - https:\/\/yoast.com\/product\/yoast-seo-wordpress\/ -->\n<title>EPRI Analysis Identifies Potential Impacts and Solutions to Mitigate An Electromagnetic Pulse (EMP) Event on the Electric Grid - Colombia Inteligente<\/title>\n<meta name=\"robots\" content=\"index, follow, max-snippet:-1, max-image-preview:large, max-video-preview:-1\" \/>\n<link rel=\"canonical\" href=\"https:\/\/colombiainteligente.org\/es_co\/tendencias\/epri-analysis-identifies-potential-impacts-and-solutions-to-mitigate-an-electromagnetic-pulse-emp-event-on-the-electric-grid\/\" \/>\n<meta property=\"og:locale\" content=\"es_ES\" \/>\n<meta property=\"og:type\" content=\"article\" \/>\n<meta property=\"og:title\" content=\"EPRI Analysis Identifies Potential Impacts and Solutions to Mitigate An Electromagnetic Pulse (EMP) Event on the Electric Grid - Colombia Inteligente\" \/>\n<meta property=\"og:description\" content=\"The Electric Power Research Institute (EPRI) released findings from its three-year study of potential impacts of high-altitude electromagnetic pulses (EMP) on the electric transmission system, along with options to mitigate those impacts.\" \/>\n<meta property=\"og:url\" content=\"https:\/\/colombiainteligente.org\/es_co\/tendencias\/epri-analysis-identifies-potential-impacts-and-solutions-to-mitigate-an-electromagnetic-pulse-emp-event-on-the-electric-grid\/\" \/>\n<meta property=\"og:site_name\" content=\"Colombia Inteligente\" \/>\n<meta property=\"article:published_time\" content=\"2019-05-07T17:45:45+00:00\" \/>\n<meta property=\"article:modified_time\" content=\"2023-01-05T17:49:36+00:00\" \/>\n<meta property=\"og:image\" content=\"https:\/\/colombiainteligente.org\/wp-content\/uploads\/2019\/05\/02-11-epri-electromagnetic.png\" \/>\n\t<meta property=\"og:image:width\" content=\"300\" \/>\n\t<meta property=\"og:image:height\" content=\"388\" \/>\n\t<meta property=\"og:image:type\" content=\"image\/png\" \/>\n<meta name=\"author\" content=\"Luisa Buitrago\" \/>\n<meta name=\"twitter:card\" content=\"summary_large_image\" \/>\n<meta name=\"twitter:creator\" content=\"@colombiaintelig\" \/>\n<meta name=\"twitter:site\" content=\"@colombiaintelig\" \/>\n<meta name=\"twitter:label1\" content=\"Escrito por\" \/>\n\t<meta name=\"twitter:data1\" content=\"Luisa Buitrago\" \/>\n<script type=\"application\/ld+json\" class=\"yoast-schema-graph\">{\"@context\":\"https:\\\/\\\/schema.org\",\"@graph\":[{\"@type\":\"Article\",\"@id\":\"https:\\\/\\\/colombiainteligente.org\\\/tendencias\\\/epri-analysis-identifies-potential-impacts-and-solutions-to-mitigate-an-electromagnetic-pulse-emp-event-on-the-electric-grid\\\/#article\",\"isPartOf\":{\"@id\":\"https:\\\/\\\/colombiainteligente.org\\\/tendencias\\\/epri-analysis-identifies-potential-impacts-and-solutions-to-mitigate-an-electromagnetic-pulse-emp-event-on-the-electric-grid\\\/\"},\"author\":{\"name\":\"Luisa Buitrago\",\"@id\":\"https:\\\/\\\/colombiainteligente.org\\\/#\\\/schema\\\/person\\\/7a8c7be348df0b891a16dc2fe342977d\"},\"headline\":\"EPRI Analysis Identifies Potential Impacts and Solutions to Mitigate An Electromagnetic Pulse (EMP) Event on the Electric Grid\",\"datePublished\":\"2019-05-07T17:45:45+00:00\",\"dateModified\":\"2023-01-05T17:49:36+00:00\",\"mainEntityOfPage\":{\"@id\":\"https:\\\/\\\/colombiainteligente.org\\\/tendencias\\\/epri-analysis-identifies-potential-impacts-and-solutions-to-mitigate-an-electromagnetic-pulse-emp-event-on-the-electric-grid\\\/\"},\"wordCount\":118,\"commentCount\":0,\"publisher\":{\"@id\":\"https:\\\/\\\/colombiainteligente.org\\\/#organization\"},\"image\":{\"@id\":\"https:\\\/\\\/colombiainteligente.org\\\/tendencias\\\/epri-analysis-identifies-potential-impacts-and-solutions-to-mitigate-an-electromagnetic-pulse-emp-event-on-the-electric-grid\\\/#primaryimage\"},\"thumbnailUrl\":\"https:\\\/\\\/colombiainteligente.org\\\/wp-content\\\/uploads\\\/2019\\\/05\\\/02-11-epri-electromagnetic.png\",\"articleSection\":[\"Energ\u00eda que transforma\",\"Tendencias\"],\"inLanguage\":\"es-CO\",\"potentialAction\":[{\"@type\":\"CommentAction\",\"name\":\"Comment\",\"target\":[\"https:\\\/\\\/colombiainteligente.org\\\/tendencias\\\/epri-analysis-identifies-potential-impacts-and-solutions-to-mitigate-an-electromagnetic-pulse-emp-event-on-the-electric-grid\\\/#respond\"]}]},{\"@type\":\"WebPage\",\"@id\":\"https:\\\/\\\/colombiainteligente.org\\\/tendencias\\\/epri-analysis-identifies-potential-impacts-and-solutions-to-mitigate-an-electromagnetic-pulse-emp-event-on-the-electric-grid\\\/\",\"url\":\"https:\\\/\\\/colombiainteligente.org\\\/tendencias\\\/epri-analysis-identifies-potential-impacts-and-solutions-to-mitigate-an-electromagnetic-pulse-emp-event-on-the-electric-grid\\\/\",\"name\":\"EPRI Analysis Identifies Potential Impacts and Solutions to Mitigate An Electromagnetic Pulse (EMP) Event on the Electric Grid - Colombia Inteligente\",\"isPartOf\":{\"@id\":\"https:\\\/\\\/colombiainteligente.org\\\/#website\"},\"primaryImageOfPage\":{\"@id\":\"https:\\\/\\\/colombiainteligente.org\\\/tendencias\\\/epri-analysis-identifies-potential-impacts-and-solutions-to-mitigate-an-electromagnetic-pulse-emp-event-on-the-electric-grid\\\/#primaryimage\"},\"image\":{\"@id\":\"https:\\\/\\\/colombiainteligente.org\\\/tendencias\\\/epri-analysis-identifies-potential-impacts-and-solutions-to-mitigate-an-electromagnetic-pulse-emp-event-on-the-electric-grid\\\/#primaryimage\"},\"thumbnailUrl\":\"https:\\\/\\\/colombiainteligente.org\\\/wp-content\\\/uploads\\\/2019\\\/05\\\/02-11-epri-electromagnetic.png\",\"datePublished\":\"2019-05-07T17:45:45+00:00\",\"dateModified\":\"2023-01-05T17:49:36+00:00\",\"breadcrumb\":{\"@id\":\"https:\\\/\\\/colombiainteligente.org\\\/tendencias\\\/epri-analysis-identifies-potential-impacts-and-solutions-to-mitigate-an-electromagnetic-pulse-emp-event-on-the-electric-grid\\\/#breadcrumb\"},\"inLanguage\":\"es-CO\",\"potentialAction\":[{\"@type\":\"ReadAction\",\"target\":[\"https:\\\/\\\/colombiainteligente.org\\\/tendencias\\\/epri-analysis-identifies-potential-impacts-and-solutions-to-mitigate-an-electromagnetic-pulse-emp-event-on-the-electric-grid\\\/\"]}]},{\"@type\":\"ImageObject\",\"inLanguage\":\"es-CO\",\"@id\":\"https:\\\/\\\/colombiainteligente.org\\\/tendencias\\\/epri-analysis-identifies-potential-impacts-and-solutions-to-mitigate-an-electromagnetic-pulse-emp-event-on-the-electric-grid\\\/#primaryimage\",\"url\":\"https:\\\/\\\/colombiainteligente.org\\\/wp-content\\\/uploads\\\/2019\\\/05\\\/02-11-epri-electromagnetic.png\",\"contentUrl\":\"https:\\\/\\\/colombiainteligente.org\\\/wp-content\\\/uploads\\\/2019\\\/05\\\/02-11-epri-electromagnetic.png\",\"width\":300,\"height\":388,\"caption\":\"02-11-epri-electromagnetic\"},{\"@type\":\"BreadcrumbList\",\"@id\":\"https:\\\/\\\/colombiainteligente.org\\\/tendencias\\\/epri-analysis-identifies-potential-impacts-and-solutions-to-mitigate-an-electromagnetic-pulse-emp-event-on-the-electric-grid\\\/#breadcrumb\",\"itemListElement\":[{\"@type\":\"ListItem\",\"position\":1,\"name\":\"Portada\",\"item\":\"https:\\\/\\\/colombiainteligente.org\\\/\"},{\"@type\":\"ListItem\",\"position\":2,\"name\":\"EPRI Analysis Identifies Potential Impacts and Solutions to Mitigate An Electromagnetic Pulse (EMP) Event on the Electric Grid\"}]},{\"@type\":\"WebSite\",\"@id\":\"https:\\\/\\\/colombiainteligente.org\\\/#website\",\"url\":\"https:\\\/\\\/colombiainteligente.org\\\/\",\"name\":\"Colombia Inteligente\",\"description\":\"Alianza estrat\u00e9gica, conformada por empresas y entidades, para la inserci\u00f3n integral y eficiente de las redes inteligentes a la infraestructura del sector el\u00e9ctrico colombiano\",\"publisher\":{\"@id\":\"https:\\\/\\\/colombiainteligente.org\\\/#organization\"},\"potentialAction\":[{\"@type\":\"SearchAction\",\"target\":{\"@type\":\"EntryPoint\",\"urlTemplate\":\"https:\\\/\\\/colombiainteligente.org\\\/?s={search_term_string}\"},\"query-input\":{\"@type\":\"PropertyValueSpecification\",\"valueRequired\":true,\"valueName\":\"search_term_string\"}}],\"inLanguage\":\"es-CO\"},{\"@type\":\"Organization\",\"@id\":\"https:\\\/\\\/colombiainteligente.org\\\/#organization\",\"name\":\"Colombia Inteligente\",\"url\":\"https:\\\/\\\/colombiainteligente.org\\\/\",\"logo\":{\"@type\":\"ImageObject\",\"inLanguage\":\"es-CO\",\"@id\":\"https:\\\/\\\/colombiainteligente.org\\\/#\\\/schema\\\/logo\\\/image\\\/\",\"url\":\"https:\\\/\\\/colombiainteligente.org\\\/wp-content\\\/uploads\\\/2022\\\/07\\\/Image.png\",\"contentUrl\":\"https:\\\/\\\/colombiainteligente.org\\\/wp-content\\\/uploads\\\/2022\\\/07\\\/Image.png\",\"width\":588,\"height\":274,\"caption\":\"Colombia Inteligente\"},\"image\":{\"@id\":\"https:\\\/\\\/colombiainteligente.org\\\/#\\\/schema\\\/logo\\\/image\\\/\"},\"sameAs\":[\"https:\\\/\\\/x.com\\\/colombiaintelig\",\"https:\\\/\\\/www.linkedin.com\\\/company\\\/colombiainteligente\\\/\"]},{\"@type\":\"Person\",\"@id\":\"https:\\\/\\\/colombiainteligente.org\\\/#\\\/schema\\\/person\\\/7a8c7be348df0b891a16dc2fe342977d\",\"name\":\"Luisa Buitrago\",\"image\":{\"@type\":\"ImageObject\",\"inLanguage\":\"es-CO\",\"@id\":\"https:\\\/\\\/secure.gravatar.com\\\/avatar\\\/52ddc2638a82d555a120840263ecb4ee82a5e480ee730faa01e9b11ef7441d42?s=96&d=mm&r=g\",\"url\":\"https:\\\/\\\/secure.gravatar.com\\\/avatar\\\/52ddc2638a82d555a120840263ecb4ee82a5e480ee730faa01e9b11ef7441d42?s=96&d=mm&r=g\",\"contentUrl\":\"https:\\\/\\\/secure.gravatar.com\\\/avatar\\\/52ddc2638a82d555a120840263ecb4ee82a5e480ee730faa01e9b11ef7441d42?s=96&d=mm&r=g\",\"caption\":\"Luisa Buitrago\"},\"url\":\"https:\\\/\\\/colombiainteligente.org\\\/es_co\\\/author\\\/luisa-buitragocolombiainteligente-org\\\/\"}]}<\/script>\n<!-- \/ Yoast SEO plugin. -->","yoast_head_json":{"title":"EPRI Analysis Identifies Potential Impacts and Solutions to Mitigate An Electromagnetic Pulse (EMP) Event on the Electric Grid - Colombia Inteligente","robots":{"index":"index","follow":"follow","max-snippet":"max-snippet:-1","max-image-preview":"max-image-preview:large","max-video-preview":"max-video-preview:-1"},"canonical":"https:\/\/colombiainteligente.org\/es_co\/tendencias\/epri-analysis-identifies-potential-impacts-and-solutions-to-mitigate-an-electromagnetic-pulse-emp-event-on-the-electric-grid\/","og_locale":"es_ES","og_type":"article","og_title":"EPRI Analysis Identifies Potential Impacts and Solutions to Mitigate An Electromagnetic Pulse (EMP) Event on the Electric Grid - Colombia Inteligente","og_description":"The Electric Power Research Institute (EPRI) released findings from its three-year study of potential impacts of high-altitude electromagnetic pulses (EMP) on the electric transmission system, along with options to mitigate those impacts.","og_url":"https:\/\/colombiainteligente.org\/es_co\/tendencias\/epri-analysis-identifies-potential-impacts-and-solutions-to-mitigate-an-electromagnetic-pulse-emp-event-on-the-electric-grid\/","og_site_name":"Colombia Inteligente","article_published_time":"2019-05-07T17:45:45+00:00","article_modified_time":"2023-01-05T17:49:36+00:00","og_image":[{"width":300,"height":388,"url":"https:\/\/colombiainteligente.org\/wp-content\/uploads\/2019\/05\/02-11-epri-electromagnetic.png","type":"image\/png"}],"author":"Luisa Buitrago","twitter_card":"summary_large_image","twitter_creator":"@colombiaintelig","twitter_site":"@colombiaintelig","twitter_misc":{"Escrito por":"Luisa Buitrago"},"schema":{"@context":"https:\/\/schema.org","@graph":[{"@type":"Article","@id":"https:\/\/colombiainteligente.org\/tendencias\/epri-analysis-identifies-potential-impacts-and-solutions-to-mitigate-an-electromagnetic-pulse-emp-event-on-the-electric-grid\/#article","isPartOf":{"@id":"https:\/\/colombiainteligente.org\/tendencias\/epri-analysis-identifies-potential-impacts-and-solutions-to-mitigate-an-electromagnetic-pulse-emp-event-on-the-electric-grid\/"},"author":{"name":"Luisa Buitrago","@id":"https:\/\/colombiainteligente.org\/#\/schema\/person\/7a8c7be348df0b891a16dc2fe342977d"},"headline":"EPRI Analysis Identifies Potential Impacts and Solutions to Mitigate An Electromagnetic Pulse (EMP) Event on the Electric Grid","datePublished":"2019-05-07T17:45:45+00:00","dateModified":"2023-01-05T17:49:36+00:00","mainEntityOfPage":{"@id":"https:\/\/colombiainteligente.org\/tendencias\/epri-analysis-identifies-potential-impacts-and-solutions-to-mitigate-an-electromagnetic-pulse-emp-event-on-the-electric-grid\/"},"wordCount":118,"commentCount":0,"publisher":{"@id":"https:\/\/colombiainteligente.org\/#organization"},"image":{"@id":"https:\/\/colombiainteligente.org\/tendencias\/epri-analysis-identifies-potential-impacts-and-solutions-to-mitigate-an-electromagnetic-pulse-emp-event-on-the-electric-grid\/#primaryimage"},"thumbnailUrl":"https:\/\/colombiainteligente.org\/wp-content\/uploads\/2019\/05\/02-11-epri-electromagnetic.png","articleSection":["Energ\u00eda que transforma","Tendencias"],"inLanguage":"es-CO","potentialAction":[{"@type":"CommentAction","name":"Comment","target":["https:\/\/colombiainteligente.org\/tendencias\/epri-analysis-identifies-potential-impacts-and-solutions-to-mitigate-an-electromagnetic-pulse-emp-event-on-the-electric-grid\/#respond"]}]},{"@type":"WebPage","@id":"https:\/\/colombiainteligente.org\/tendencias\/epri-analysis-identifies-potential-impacts-and-solutions-to-mitigate-an-electromagnetic-pulse-emp-event-on-the-electric-grid\/","url":"https:\/\/colombiainteligente.org\/tendencias\/epri-analysis-identifies-potential-impacts-and-solutions-to-mitigate-an-electromagnetic-pulse-emp-event-on-the-electric-grid\/","name":"EPRI Analysis Identifies Potential Impacts and Solutions to Mitigate An Electromagnetic Pulse (EMP) Event on the Electric Grid - Colombia Inteligente","isPartOf":{"@id":"https:\/\/colombiainteligente.org\/#website"},"primaryImageOfPage":{"@id":"https:\/\/colombiainteligente.org\/tendencias\/epri-analysis-identifies-potential-impacts-and-solutions-to-mitigate-an-electromagnetic-pulse-emp-event-on-the-electric-grid\/#primaryimage"},"image":{"@id":"https:\/\/colombiainteligente.org\/tendencias\/epri-analysis-identifies-potential-impacts-and-solutions-to-mitigate-an-electromagnetic-pulse-emp-event-on-the-electric-grid\/#primaryimage"},"thumbnailUrl":"https:\/\/colombiainteligente.org\/wp-content\/uploads\/2019\/05\/02-11-epri-electromagnetic.png","datePublished":"2019-05-07T17:45:45+00:00","dateModified":"2023-01-05T17:49:36+00:00","breadcrumb":{"@id":"https:\/\/colombiainteligente.org\/tendencias\/epri-analysis-identifies-potential-impacts-and-solutions-to-mitigate-an-electromagnetic-pulse-emp-event-on-the-electric-grid\/#breadcrumb"},"inLanguage":"es-CO","potentialAction":[{"@type":"ReadAction","target":["https:\/\/colombiainteligente.org\/tendencias\/epri-analysis-identifies-potential-impacts-and-solutions-to-mitigate-an-electromagnetic-pulse-emp-event-on-the-electric-grid\/"]}]},{"@type":"ImageObject","inLanguage":"es-CO","@id":"https:\/\/colombiainteligente.org\/tendencias\/epri-analysis-identifies-potential-impacts-and-solutions-to-mitigate-an-electromagnetic-pulse-emp-event-on-the-electric-grid\/#primaryimage","url":"https:\/\/colombiainteligente.org\/wp-content\/uploads\/2019\/05\/02-11-epri-electromagnetic.png","contentUrl":"https:\/\/colombiainteligente.org\/wp-content\/uploads\/2019\/05\/02-11-epri-electromagnetic.png","width":300,"height":388,"caption":"02-11-epri-electromagnetic"},{"@type":"BreadcrumbList","@id":"https:\/\/colombiainteligente.org\/tendencias\/epri-analysis-identifies-potential-impacts-and-solutions-to-mitigate-an-electromagnetic-pulse-emp-event-on-the-electric-grid\/#breadcrumb","itemListElement":[{"@type":"ListItem","position":1,"name":"Portada","item":"https:\/\/colombiainteligente.org\/"},{"@type":"ListItem","position":2,"name":"EPRI Analysis Identifies Potential Impacts and Solutions to Mitigate An Electromagnetic Pulse (EMP) Event on the Electric Grid"}]},{"@type":"WebSite","@id":"https:\/\/colombiainteligente.org\/#website","url":"https:\/\/colombiainteligente.org\/","name":"Colombia Inteligente","description":"Alianza estrat\u00e9gica, conformada por empresas y entidades, para la inserci\u00f3n integral y eficiente de las redes inteligentes a la infraestructura del sector el\u00e9ctrico colombiano","publisher":{"@id":"https:\/\/colombiainteligente.org\/#organization"},"potentialAction":[{"@type":"SearchAction","target":{"@type":"EntryPoint","urlTemplate":"https:\/\/colombiainteligente.org\/?s={search_term_string}"},"query-input":{"@type":"PropertyValueSpecification","valueRequired":true,"valueName":"search_term_string"}}],"inLanguage":"es-CO"},{"@type":"Organization","@id":"https:\/\/colombiainteligente.org\/#organization","name":"Colombia Inteligente","url":"https:\/\/colombiainteligente.org\/","logo":{"@type":"ImageObject","inLanguage":"es-CO","@id":"https:\/\/colombiainteligente.org\/#\/schema\/logo\/image\/","url":"https:\/\/colombiainteligente.org\/wp-content\/uploads\/2022\/07\/Image.png","contentUrl":"https:\/\/colombiainteligente.org\/wp-content\/uploads\/2022\/07\/Image.png","width":588,"height":274,"caption":"Colombia Inteligente"},"image":{"@id":"https:\/\/colombiainteligente.org\/#\/schema\/logo\/image\/"},"sameAs":["https:\/\/x.com\/colombiaintelig","https:\/\/www.linkedin.com\/company\/colombiainteligente\/"]},{"@type":"Person","@id":"https:\/\/colombiainteligente.org\/#\/schema\/person\/7a8c7be348df0b891a16dc2fe342977d","name":"Luisa Buitrago","image":{"@type":"ImageObject","inLanguage":"es-CO","@id":"https:\/\/secure.gravatar.com\/avatar\/52ddc2638a82d555a120840263ecb4ee82a5e480ee730faa01e9b11ef7441d42?s=96&d=mm&r=g","url":"https:\/\/secure.gravatar.com\/avatar\/52ddc2638a82d555a120840263ecb4ee82a5e480ee730faa01e9b11ef7441d42?s=96&d=mm&r=g","contentUrl":"https:\/\/secure.gravatar.com\/avatar\/52ddc2638a82d555a120840263ecb4ee82a5e480ee730faa01e9b11ef7441d42?s=96&d=mm&r=g","caption":"Luisa Buitrago"},"url":"https:\/\/colombiainteligente.org\/es_co\/author\/luisa-buitragocolombiainteligente-org\/"}]}},"_links":{"self":[{"href":"https:\/\/colombiainteligente.org\/es_co\/wp-json\/wp\/v2\/posts\/21644","targetHints":{"allow":["GET"]}}],"collection":[{"href":"https:\/\/colombiainteligente.org\/es_co\/wp-json\/wp\/v2\/posts"}],"about":[{"href":"https:\/\/colombiainteligente.org\/es_co\/wp-json\/wp\/v2\/types\/post"}],"author":[{"embeddable":true,"href":"https:\/\/colombiainteligente.org\/es_co\/wp-json\/wp\/v2\/users\/27"}],"replies":[{"embeddable":true,"href":"https:\/\/colombiainteligente.org\/es_co\/wp-json\/wp\/v2\/comments?post=21644"}],"version-history":[{"count":5,"href":"https:\/\/colombiainteligente.org\/es_co\/wp-json\/wp\/v2\/posts\/21644\/revisions"}],"predecessor-version":[{"id":21651,"href":"https:\/\/colombiainteligente.org\/es_co\/wp-json\/wp\/v2\/posts\/21644\/revisions\/21651"}],"wp:featuredmedia":[{"embeddable":true,"href":"https:\/\/colombiainteligente.org\/es_co\/wp-json\/wp\/v2\/media\/21647"}],"wp:attachment":[{"href":"https:\/\/colombiainteligente.org\/es_co\/wp-json\/wp\/v2\/media?parent=21644"}],"wp:term":[{"taxonomy":"category","embeddable":true,"href":"https:\/\/colombiainteligente.org\/es_co\/wp-json\/wp\/v2\/categories?post=21644"},{"taxonomy":"post_tag","embeddable":true,"href":"https:\/\/colombiainteligente.org\/es_co\/wp-json\/wp\/v2\/tags?post=21644"}],"curies":[{"name":"wp","href":"https:\/\/api.w.org\/{rel}","templated":true}]}}