{"id":2215,"date":"2022-11-15T15:27:07","date_gmt":"2022-11-15T20:27:07","guid":{"rendered":"https:\/\/www.colombiainteligente.org\/?p=2215"},"modified":"2022-11-15T15:27:56","modified_gmt":"2022-11-15T20:27:56","slug":"a-sure-path-to-sustainable-solar-wind-and-geothermal","status":"publish","type":"post","link":"https:\/\/colombiainteligente.org\/es_co\/tendencias\/a-sure-path-to-sustainable-solar-wind-and-geothermal\/","title":{"rendered":"A Sure Path To Sustainable Solar, Wind, And Geothermal"},"content":{"rendered":"<div data-elementor-type=\"wp-post\" data-elementor-id=\"2215\" class=\"elementor elementor-2215\" data-elementor-post-type=\"post\">\n\t\t\t\t\t\t\t\t\t<section class=\"elementor-section elementor-top-section elementor-element elementor-element-79148795 elementor-section-boxed elementor-section-height-default elementor-section-height-default\" data-id=\"79148795\" data-element_type=\"section\">\n\t\t\t\t\t\t<div class=\"elementor-container elementor-column-gap-default\">\n\t\t\t\t\t<div class=\"elementor-column elementor-col-100 elementor-top-column elementor-element elementor-element-1ece4ebf\" data-id=\"1ece4ebf\" data-element_type=\"column\">\n\t\t\t<div class=\"elementor-widget-wrap elementor-element-populated\">\n\t\t\t\t\t\t\t\t<div class=\"elementor-element elementor-element-7a61c7e5 elementor-widget elementor-widget-text-editor\" data-id=\"7a61c7e5\" data-element_type=\"widget\" data-widget_type=\"text-editor.default\">\n\t\t\t\t<div class=\"elementor-widget-container\">\n\t\t\t<style>\/*! elementor - v3.14.0 - 26-06-2023 *\/\n.elementor-widget-text-editor.elementor-drop-cap-view-stacked .elementor-drop-cap{background-color:#69727d;color:#fff}.elementor-widget-text-editor.elementor-drop-cap-view-framed .elementor-drop-cap{color:#69727d;border:3px solid;background-color:transparent}.elementor-widget-text-editor:not(.elementor-drop-cap-view-default) .elementor-drop-cap{margin-top:8px}.elementor-widget-text-editor:not(.elementor-drop-cap-view-default) .elementor-drop-cap-letter{width:1em;height:1em}.elementor-widget-text-editor .elementor-drop-cap{float:left;text-align:center;line-height:1;font-size:50px}.elementor-widget-text-editor .elementor-drop-cap-letter{display:inline-block}<\/style>\t\t\t\t<p>Para alcanzar los objetivos mundiales de acceso a la energ\u00eda y mitigaci\u00f3n del cambio clim\u00e1tico ser\u00e1 necesario cuadruplicar los niveles actuales de energ\u00eda solar fotovoltaica (FV), multiplicar por nueve la generaci\u00f3n de energ\u00eda e\u00f3lica y duplicar la generaci\u00f3n de energ\u00eda geot\u00e9rmica en el mundo en desarrollo para 2025. Esto representa unos 50, 270 y 8 gigavatios.<\/p><p>The present guidelines lay out a three-phase approach for privately financed sustainable RE projects. In the Planning phase, technical plans are made to enable the country to develop informed RE targets. A sustainable RE program is developed during the Strategy phase. In the Implementation phase, action is taken to execute the sustainable national RE program. This integrated approach enables countries to capitalize on the deployment of RE generation to fight climate change and support energy access but also to promote energy\u00a0security, keep pace with rapidly growing electricity demand, and foster socioeconomic development.<\/p><p>Para leer m\u00e1s ingrese a:<\/p><p><a href=\"https:\/\/www.esmap.org\/publications\" target=\"_blank\" rel=\"noopener\">https:\/\/www.esmap.org\/publications<\/a><\/p><p><a href=\"https:\/\/www.esmap.org\/A_Sure_Path_to_Sustainable_Solar_Wind_and_Geothermal\" target=\"_blank\" rel=\"noopener\">https:\/\/www.esmap.org\/A_Sure_Path_to_Sustainable_Solar_Wind_and_Geothermal<\/a><\/p>\t\t\t\t\t\t<\/div>\n\t\t\t\t<\/div>\n\t\t\t\t\t<\/div>\n\t\t<\/div>\n\t\t\t\t\t\t\t<\/div>\n\t\t<\/section>\n\t\t\t\t\t\t\t<\/div>\n\t\t<div style=\"text-align:center\" class=\"yasr-auto-insert-visitor\"><\/div>","protected":false},"excerpt":{"rendered":"<p>Para alcanzar los objetivos mundiales de acceso a la energ\u00eda y mitigaci\u00f3n del cambio clim\u00e1tico ser\u00e1 necesario cuadruplicar los niveles actuales de energ\u00eda solar fotovoltaica (FV), multiplicar por nueve la generaci\u00f3n de energ\u00eda e\u00f3lica y duplicar la generaci\u00f3n de energ\u00eda geot\u00e9rmica en el mundo en desarrollo para 2025. Esto representa unos 50, 270 y 8 [&hellip;]<\/p>","protected":false},"author":23,"featured_media":2117,"comment_status":"open","ping_status":"open","sticky":false,"template":"","format":"standard","meta":{"yasr_overall_rating":0,"yasr_post_is_review":"","yasr_auto_insert_disabled":"","yasr_review_type":"","footnotes":""},"categories":[54,53],"tags":[],"class_list":["post-2215","post","type-post","status-publish","format-standard","has-post-thumbnail","hentry","category-energia-que-transforma","category-tendencias"],"yasr_visitor_votes":{"number_of_votes":0,"sum_votes":0,"stars_attributes":{"read_only":false,"span_bottom":false}},"yoast_head":"<!-- This site is optimized with the Yoast SEO plugin v27.3 - https:\/\/yoast.com\/product\/yoast-seo-wordpress\/ -->\n<title>A Sure Path To Sustainable Solar, Wind, And Geothermal - Colombia Inteligente<\/title>\n<meta name=\"robots\" content=\"index, follow, max-snippet:-1, max-image-preview:large, max-video-preview:-1\" \/>\n<link rel=\"canonical\" href=\"https:\/\/colombiainteligente.org\/es_co\/tendencias\/a-sure-path-to-sustainable-solar-wind-and-geothermal\/\" \/>\n<meta property=\"og:locale\" content=\"es_ES\" \/>\n<meta property=\"og:type\" content=\"article\" \/>\n<meta property=\"og:title\" content=\"A Sure Path To Sustainable Solar, Wind, And Geothermal - Colombia Inteligente\" \/>\n<meta property=\"og:description\" content=\"Para alcanzar los objetivos mundiales de acceso a la energ\u00eda y mitigaci\u00f3n del cambio clim\u00e1tico ser\u00e1 necesario cuadruplicar los niveles actuales de energ\u00eda solar fotovoltaica (FV), multiplicar por nueve la generaci\u00f3n de energ\u00eda e\u00f3lica y duplicar la generaci\u00f3n de energ\u00eda geot\u00e9rmica en el mundo en desarrollo para 2025. Esto representa unos 50, 270 y 8 [&hellip;]\" \/>\n<meta property=\"og:url\" content=\"https:\/\/colombiainteligente.org\/es_co\/tendencias\/a-sure-path-to-sustainable-solar-wind-and-geothermal\/\" \/>\n<meta property=\"og:site_name\" content=\"Colombia Inteligente\" \/>\n<meta property=\"article:published_time\" content=\"2022-11-15T20:27:07+00:00\" \/>\n<meta property=\"article:modified_time\" content=\"2022-11-15T20:27:56+00:00\" \/>\n<meta property=\"og:image\" content=\"https:\/\/colombiainteligente.org\/wp-content\/uploads\/2022\/11\/A-Sure-Path-To-Sustainable-Solar-Wind-And-Geothermal.jpg\" \/>\n\t<meta property=\"og:image:width\" content=\"351\" \/>\n\t<meta property=\"og:image:height\" content=\"498\" \/>\n\t<meta property=\"og:image:type\" content=\"image\/jpeg\" \/>\n<meta name=\"author\" content=\"DIFUSI\u00d3N COLOMBIA INTELIGENTE\" \/>\n<meta name=\"twitter:card\" content=\"summary_large_image\" \/>\n<meta name=\"twitter:creator\" content=\"@colombiaintelig\" \/>\n<meta name=\"twitter:site\" content=\"@colombiaintelig\" \/>\n<meta name=\"twitter:label1\" content=\"Escrito por\" \/>\n\t<meta name=\"twitter:data1\" content=\"DIFUSI\u00d3N COLOMBIA INTELIGENTE\" \/>\n\t<meta name=\"twitter:label2\" content=\"Tiempo estimado de lectura\" \/>\n\t<meta name=\"twitter:data2\" content=\"1 minuto\" \/>\n<script type=\"application\/ld+json\" class=\"yoast-schema-graph\">{\"@context\":\"https:\\\/\\\/schema.org\",\"@graph\":[{\"@type\":\"Article\",\"@id\":\"https:\\\/\\\/colombiainteligente.org\\\/tendencias\\\/a-sure-path-to-sustainable-solar-wind-and-geothermal\\\/#article\",\"isPartOf\":{\"@id\":\"https:\\\/\\\/colombiainteligente.org\\\/tendencias\\\/a-sure-path-to-sustainable-solar-wind-and-geothermal\\\/\"},\"author\":{\"name\":\"DIFUSI\u00d3N COLOMBIA INTELIGENTE\",\"@id\":\"https:\\\/\\\/colombiainteligente.org\\\/#\\\/schema\\\/person\\\/e207145d548b75a6d339ff1d4d3b0432\"},\"headline\":\"A Sure Path To Sustainable Solar, Wind, And Geothermal\",\"datePublished\":\"2022-11-15T20:27:07+00:00\",\"dateModified\":\"2022-11-15T20:27:56+00:00\",\"mainEntityOfPage\":{\"@id\":\"https:\\\/\\\/colombiainteligente.org\\\/tendencias\\\/a-sure-path-to-sustainable-solar-wind-and-geothermal\\\/\"},\"wordCount\":188,\"commentCount\":0,\"publisher\":{\"@id\":\"https:\\\/\\\/colombiainteligente.org\\\/#organization\"},\"image\":{\"@id\":\"https:\\\/\\\/colombiainteligente.org\\\/tendencias\\\/a-sure-path-to-sustainable-solar-wind-and-geothermal\\\/#primaryimage\"},\"thumbnailUrl\":\"https:\\\/\\\/colombiainteligente.org\\\/wp-content\\\/uploads\\\/2022\\\/11\\\/A-Sure-Path-To-Sustainable-Solar-Wind-And-Geothermal.jpg\",\"articleSection\":[\"Energ\u00eda que transforma\",\"Tendencias\"],\"inLanguage\":\"es-CO\",\"potentialAction\":[{\"@type\":\"CommentAction\",\"name\":\"Comment\",\"target\":[\"https:\\\/\\\/colombiainteligente.org\\\/tendencias\\\/a-sure-path-to-sustainable-solar-wind-and-geothermal\\\/#respond\"]}]},{\"@type\":\"WebPage\",\"@id\":\"https:\\\/\\\/colombiainteligente.org\\\/tendencias\\\/a-sure-path-to-sustainable-solar-wind-and-geothermal\\\/\",\"url\":\"https:\\\/\\\/colombiainteligente.org\\\/tendencias\\\/a-sure-path-to-sustainable-solar-wind-and-geothermal\\\/\",\"name\":\"A Sure Path To Sustainable Solar, Wind, And Geothermal - Colombia Inteligente\",\"isPartOf\":{\"@id\":\"https:\\\/\\\/colombiainteligente.org\\\/#website\"},\"primaryImageOfPage\":{\"@id\":\"https:\\\/\\\/colombiainteligente.org\\\/tendencias\\\/a-sure-path-to-sustainable-solar-wind-and-geothermal\\\/#primaryimage\"},\"image\":{\"@id\":\"https:\\\/\\\/colombiainteligente.org\\\/tendencias\\\/a-sure-path-to-sustainable-solar-wind-and-geothermal\\\/#primaryimage\"},\"thumbnailUrl\":\"https:\\\/\\\/colombiainteligente.org\\\/wp-content\\\/uploads\\\/2022\\\/11\\\/A-Sure-Path-To-Sustainable-Solar-Wind-And-Geothermal.jpg\",\"datePublished\":\"2022-11-15T20:27:07+00:00\",\"dateModified\":\"2022-11-15T20:27:56+00:00\",\"breadcrumb\":{\"@id\":\"https:\\\/\\\/colombiainteligente.org\\\/tendencias\\\/a-sure-path-to-sustainable-solar-wind-and-geothermal\\\/#breadcrumb\"},\"inLanguage\":\"es-CO\",\"potentialAction\":[{\"@type\":\"ReadAction\",\"target\":[\"https:\\\/\\\/colombiainteligente.org\\\/tendencias\\\/a-sure-path-to-sustainable-solar-wind-and-geothermal\\\/\"]}]},{\"@type\":\"ImageObject\",\"inLanguage\":\"es-CO\",\"@id\":\"https:\\\/\\\/colombiainteligente.org\\\/tendencias\\\/a-sure-path-to-sustainable-solar-wind-and-geothermal\\\/#primaryimage\",\"url\":\"https:\\\/\\\/colombiainteligente.org\\\/wp-content\\\/uploads\\\/2022\\\/11\\\/A-Sure-Path-To-Sustainable-Solar-Wind-And-Geothermal.jpg\",\"contentUrl\":\"https:\\\/\\\/colombiainteligente.org\\\/wp-content\\\/uploads\\\/2022\\\/11\\\/A-Sure-Path-To-Sustainable-Solar-Wind-And-Geothermal.jpg\",\"width\":351,\"height\":498,\"caption\":\"A Sure Path To Sustainable Solar, Wind, And Geothermal\"},{\"@type\":\"BreadcrumbList\",\"@id\":\"https:\\\/\\\/colombiainteligente.org\\\/tendencias\\\/a-sure-path-to-sustainable-solar-wind-and-geothermal\\\/#breadcrumb\",\"itemListElement\":[{\"@type\":\"ListItem\",\"position\":1,\"name\":\"Portada\",\"item\":\"https:\\\/\\\/colombiainteligente.org\\\/\"},{\"@type\":\"ListItem\",\"position\":2,\"name\":\"A Sure Path To Sustainable Solar, Wind, And Geothermal\"}]},{\"@type\":\"WebSite\",\"@id\":\"https:\\\/\\\/colombiainteligente.org\\\/#website\",\"url\":\"https:\\\/\\\/colombiainteligente.org\\\/\",\"name\":\"Colombia Inteligente\",\"description\":\"Alianza estrat\u00e9gica, conformada por empresas y entidades, para la inserci\u00f3n integral y eficiente de las redes inteligentes a la infraestructura del sector el\u00e9ctrico colombiano\",\"publisher\":{\"@id\":\"https:\\\/\\\/colombiainteligente.org\\\/#organization\"},\"potentialAction\":[{\"@type\":\"SearchAction\",\"target\":{\"@type\":\"EntryPoint\",\"urlTemplate\":\"https:\\\/\\\/colombiainteligente.org\\\/?s={search_term_string}\"},\"query-input\":{\"@type\":\"PropertyValueSpecification\",\"valueRequired\":true,\"valueName\":\"search_term_string\"}}],\"inLanguage\":\"es-CO\"},{\"@type\":\"Organization\",\"@id\":\"https:\\\/\\\/colombiainteligente.org\\\/#organization\",\"name\":\"Colombia Inteligente\",\"url\":\"https:\\\/\\\/colombiainteligente.org\\\/\",\"logo\":{\"@type\":\"ImageObject\",\"inLanguage\":\"es-CO\",\"@id\":\"https:\\\/\\\/colombiainteligente.org\\\/#\\\/schema\\\/logo\\\/image\\\/\",\"url\":\"https:\\\/\\\/colombiainteligente.org\\\/wp-content\\\/uploads\\\/2022\\\/07\\\/Image.png\",\"contentUrl\":\"https:\\\/\\\/colombiainteligente.org\\\/wp-content\\\/uploads\\\/2022\\\/07\\\/Image.png\",\"width\":588,\"height\":274,\"caption\":\"Colombia Inteligente\"},\"image\":{\"@id\":\"https:\\\/\\\/colombiainteligente.org\\\/#\\\/schema\\\/logo\\\/image\\\/\"},\"sameAs\":[\"https:\\\/\\\/x.com\\\/colombiaintelig\",\"https:\\\/\\\/www.linkedin.com\\\/company\\\/colombiainteligente\\\/\"]},{\"@type\":\"Person\",\"@id\":\"https:\\\/\\\/colombiainteligente.org\\\/#\\\/schema\\\/person\\\/e207145d548b75a6d339ff1d4d3b0432\",\"name\":\"DIFUSI\u00d3N COLOMBIA INTELIGENTE\",\"image\":{\"@type\":\"ImageObject\",\"inLanguage\":\"es-CO\",\"@id\":\"https:\\\/\\\/secure.gravatar.com\\\/avatar\\\/df2e679ff2abf288cf4bf58830dad897e596908105ec8969f50f748a6d837869?s=96&d=mm&r=g\",\"url\":\"https:\\\/\\\/secure.gravatar.com\\\/avatar\\\/df2e679ff2abf288cf4bf58830dad897e596908105ec8969f50f748a6d837869?s=96&d=mm&r=g\",\"contentUrl\":\"https:\\\/\\\/secure.gravatar.com\\\/avatar\\\/df2e679ff2abf288cf4bf58830dad897e596908105ec8969f50f748a6d837869?s=96&d=mm&r=g\",\"caption\":\"DIFUSI\u00d3N COLOMBIA INTELIGENTE\"},\"url\":\"https:\\\/\\\/colombiainteligente.org\\\/es_co\\\/author\\\/difusioncolombiainteligente-org\\\/\"}]}<\/script>\n<!-- \/ Yoast SEO plugin. -->","yoast_head_json":{"title":"A Sure Path To Sustainable Solar, Wind, And Geothermal - Colombia Inteligente","robots":{"index":"index","follow":"follow","max-snippet":"max-snippet:-1","max-image-preview":"max-image-preview:large","max-video-preview":"max-video-preview:-1"},"canonical":"https:\/\/colombiainteligente.org\/es_co\/tendencias\/a-sure-path-to-sustainable-solar-wind-and-geothermal\/","og_locale":"es_ES","og_type":"article","og_title":"A Sure Path To Sustainable Solar, Wind, And Geothermal - Colombia Inteligente","og_description":"Para alcanzar los objetivos mundiales de acceso a la energ\u00eda y mitigaci\u00f3n del cambio clim\u00e1tico ser\u00e1 necesario cuadruplicar los niveles actuales de energ\u00eda solar fotovoltaica (FV), multiplicar por nueve la generaci\u00f3n de energ\u00eda e\u00f3lica y duplicar la generaci\u00f3n de energ\u00eda geot\u00e9rmica en el mundo en desarrollo para 2025. Esto representa unos 50, 270 y 8 [&hellip;]","og_url":"https:\/\/colombiainteligente.org\/es_co\/tendencias\/a-sure-path-to-sustainable-solar-wind-and-geothermal\/","og_site_name":"Colombia Inteligente","article_published_time":"2022-11-15T20:27:07+00:00","article_modified_time":"2022-11-15T20:27:56+00:00","og_image":[{"width":351,"height":498,"url":"https:\/\/colombiainteligente.org\/wp-content\/uploads\/2022\/11\/A-Sure-Path-To-Sustainable-Solar-Wind-And-Geothermal.jpg","type":"image\/jpeg"}],"author":"DIFUSI\u00d3N COLOMBIA INTELIGENTE","twitter_card":"summary_large_image","twitter_creator":"@colombiaintelig","twitter_site":"@colombiaintelig","twitter_misc":{"Escrito por":"DIFUSI\u00d3N COLOMBIA INTELIGENTE","Tiempo estimado de lectura":"1 minuto"},"schema":{"@context":"https:\/\/schema.org","@graph":[{"@type":"Article","@id":"https:\/\/colombiainteligente.org\/tendencias\/a-sure-path-to-sustainable-solar-wind-and-geothermal\/#article","isPartOf":{"@id":"https:\/\/colombiainteligente.org\/tendencias\/a-sure-path-to-sustainable-solar-wind-and-geothermal\/"},"author":{"name":"DIFUSI\u00d3N COLOMBIA INTELIGENTE","@id":"https:\/\/colombiainteligente.org\/#\/schema\/person\/e207145d548b75a6d339ff1d4d3b0432"},"headline":"A Sure Path To Sustainable Solar, Wind, And Geothermal","datePublished":"2022-11-15T20:27:07+00:00","dateModified":"2022-11-15T20:27:56+00:00","mainEntityOfPage":{"@id":"https:\/\/colombiainteligente.org\/tendencias\/a-sure-path-to-sustainable-solar-wind-and-geothermal\/"},"wordCount":188,"commentCount":0,"publisher":{"@id":"https:\/\/colombiainteligente.org\/#organization"},"image":{"@id":"https:\/\/colombiainteligente.org\/tendencias\/a-sure-path-to-sustainable-solar-wind-and-geothermal\/#primaryimage"},"thumbnailUrl":"https:\/\/colombiainteligente.org\/wp-content\/uploads\/2022\/11\/A-Sure-Path-To-Sustainable-Solar-Wind-And-Geothermal.jpg","articleSection":["Energ\u00eda que transforma","Tendencias"],"inLanguage":"es-CO","potentialAction":[{"@type":"CommentAction","name":"Comment","target":["https:\/\/colombiainteligente.org\/tendencias\/a-sure-path-to-sustainable-solar-wind-and-geothermal\/#respond"]}]},{"@type":"WebPage","@id":"https:\/\/colombiainteligente.org\/tendencias\/a-sure-path-to-sustainable-solar-wind-and-geothermal\/","url":"https:\/\/colombiainteligente.org\/tendencias\/a-sure-path-to-sustainable-solar-wind-and-geothermal\/","name":"A Sure Path To Sustainable Solar, Wind, And Geothermal - Colombia Inteligente","isPartOf":{"@id":"https:\/\/colombiainteligente.org\/#website"},"primaryImageOfPage":{"@id":"https:\/\/colombiainteligente.org\/tendencias\/a-sure-path-to-sustainable-solar-wind-and-geothermal\/#primaryimage"},"image":{"@id":"https:\/\/colombiainteligente.org\/tendencias\/a-sure-path-to-sustainable-solar-wind-and-geothermal\/#primaryimage"},"thumbnailUrl":"https:\/\/colombiainteligente.org\/wp-content\/uploads\/2022\/11\/A-Sure-Path-To-Sustainable-Solar-Wind-And-Geothermal.jpg","datePublished":"2022-11-15T20:27:07+00:00","dateModified":"2022-11-15T20:27:56+00:00","breadcrumb":{"@id":"https:\/\/colombiainteligente.org\/tendencias\/a-sure-path-to-sustainable-solar-wind-and-geothermal\/#breadcrumb"},"inLanguage":"es-CO","potentialAction":[{"@type":"ReadAction","target":["https:\/\/colombiainteligente.org\/tendencias\/a-sure-path-to-sustainable-solar-wind-and-geothermal\/"]}]},{"@type":"ImageObject","inLanguage":"es-CO","@id":"https:\/\/colombiainteligente.org\/tendencias\/a-sure-path-to-sustainable-solar-wind-and-geothermal\/#primaryimage","url":"https:\/\/colombiainteligente.org\/wp-content\/uploads\/2022\/11\/A-Sure-Path-To-Sustainable-Solar-Wind-And-Geothermal.jpg","contentUrl":"https:\/\/colombiainteligente.org\/wp-content\/uploads\/2022\/11\/A-Sure-Path-To-Sustainable-Solar-Wind-And-Geothermal.jpg","width":351,"height":498,"caption":"A Sure Path To Sustainable Solar, Wind, And Geothermal"},{"@type":"BreadcrumbList","@id":"https:\/\/colombiainteligente.org\/tendencias\/a-sure-path-to-sustainable-solar-wind-and-geothermal\/#breadcrumb","itemListElement":[{"@type":"ListItem","position":1,"name":"Portada","item":"https:\/\/colombiainteligente.org\/"},{"@type":"ListItem","position":2,"name":"A Sure Path To Sustainable Solar, Wind, And Geothermal"}]},{"@type":"WebSite","@id":"https:\/\/colombiainteligente.org\/#website","url":"https:\/\/colombiainteligente.org\/","name":"Colombia Inteligente","description":"Alianza estrat\u00e9gica, conformada por empresas y entidades, para la inserci\u00f3n integral y eficiente de las redes inteligentes a la infraestructura del sector el\u00e9ctrico colombiano","publisher":{"@id":"https:\/\/colombiainteligente.org\/#organization"},"potentialAction":[{"@type":"SearchAction","target":{"@type":"EntryPoint","urlTemplate":"https:\/\/colombiainteligente.org\/?s={search_term_string}"},"query-input":{"@type":"PropertyValueSpecification","valueRequired":true,"valueName":"search_term_string"}}],"inLanguage":"es-CO"},{"@type":"Organization","@id":"https:\/\/colombiainteligente.org\/#organization","name":"Colombia Inteligente","url":"https:\/\/colombiainteligente.org\/","logo":{"@type":"ImageObject","inLanguage":"es-CO","@id":"https:\/\/colombiainteligente.org\/#\/schema\/logo\/image\/","url":"https:\/\/colombiainteligente.org\/wp-content\/uploads\/2022\/07\/Image.png","contentUrl":"https:\/\/colombiainteligente.org\/wp-content\/uploads\/2022\/07\/Image.png","width":588,"height":274,"caption":"Colombia Inteligente"},"image":{"@id":"https:\/\/colombiainteligente.org\/#\/schema\/logo\/image\/"},"sameAs":["https:\/\/x.com\/colombiaintelig","https:\/\/www.linkedin.com\/company\/colombiainteligente\/"]},{"@type":"Person","@id":"https:\/\/colombiainteligente.org\/#\/schema\/person\/e207145d548b75a6d339ff1d4d3b0432","name":"DIFUSI\u00d3N COLOMBIA INTELIGENTE","image":{"@type":"ImageObject","inLanguage":"es-CO","@id":"https:\/\/secure.gravatar.com\/avatar\/df2e679ff2abf288cf4bf58830dad897e596908105ec8969f50f748a6d837869?s=96&d=mm&r=g","url":"https:\/\/secure.gravatar.com\/avatar\/df2e679ff2abf288cf4bf58830dad897e596908105ec8969f50f748a6d837869?s=96&d=mm&r=g","contentUrl":"https:\/\/secure.gravatar.com\/avatar\/df2e679ff2abf288cf4bf58830dad897e596908105ec8969f50f748a6d837869?s=96&d=mm&r=g","caption":"DIFUSI\u00d3N COLOMBIA INTELIGENTE"},"url":"https:\/\/colombiainteligente.org\/es_co\/author\/difusioncolombiainteligente-org\/"}]}},"_links":{"self":[{"href":"https:\/\/colombiainteligente.org\/es_co\/wp-json\/wp\/v2\/posts\/2215","targetHints":{"allow":["GET"]}}],"collection":[{"href":"https:\/\/colombiainteligente.org\/es_co\/wp-json\/wp\/v2\/posts"}],"about":[{"href":"https:\/\/colombiainteligente.org\/es_co\/wp-json\/wp\/v2\/types\/post"}],"author":[{"embeddable":true,"href":"https:\/\/colombiainteligente.org\/es_co\/wp-json\/wp\/v2\/users\/23"}],"replies":[{"embeddable":true,"href":"https:\/\/colombiainteligente.org\/es_co\/wp-json\/wp\/v2\/comments?post=2215"}],"version-history":[{"count":4,"href":"https:\/\/colombiainteligente.org\/es_co\/wp-json\/wp\/v2\/posts\/2215\/revisions"}],"predecessor-version":[{"id":2219,"href":"https:\/\/colombiainteligente.org\/es_co\/wp-json\/wp\/v2\/posts\/2215\/revisions\/2219"}],"wp:featuredmedia":[{"embeddable":true,"href":"https:\/\/colombiainteligente.org\/es_co\/wp-json\/wp\/v2\/media\/2117"}],"wp:attachment":[{"href":"https:\/\/colombiainteligente.org\/es_co\/wp-json\/wp\/v2\/media?parent=2215"}],"wp:term":[{"taxonomy":"category","embeddable":true,"href":"https:\/\/colombiainteligente.org\/es_co\/wp-json\/wp\/v2\/categories?post=2215"},{"taxonomy":"post_tag","embeddable":true,"href":"https:\/\/colombiainteligente.org\/es_co\/wp-json\/wp\/v2\/tags?post=2215"}],"curies":[{"name":"wp","href":"https:\/\/api.w.org\/{rel}","templated":true}]}}