{"id":2423,"date":"2022-11-22T11:43:06","date_gmt":"2022-11-22T16:43:06","guid":{"rendered":"https:\/\/colombiainteligente.org\/?p=2423"},"modified":"2022-11-22T11:43:37","modified_gmt":"2022-11-22T16:43:37","slug":"renewable-energy-targets-in-small-island-developing-states","status":"publish","type":"post","link":"https:\/\/colombiainteligente.org\/es_co\/tendencias\/renewable-energy-targets-in-small-island-developing-states\/","title":{"rendered":"Renewable energy targets in small island developing states"},"content":{"rendered":"<div data-elementor-type=\"wp-post\" data-elementor-id=\"2423\" class=\"elementor elementor-2423\" data-elementor-post-type=\"post\">\n\t\t\t\t\t\t\t\t\t<section class=\"elementor-section elementor-top-section elementor-element elementor-element-79148795 elementor-section-boxed elementor-section-height-default elementor-section-height-default\" data-id=\"79148795\" data-element_type=\"section\">\n\t\t\t\t\t\t<div class=\"elementor-container elementor-column-gap-default\">\n\t\t\t\t\t<div class=\"elementor-column elementor-col-100 elementor-top-column elementor-element elementor-element-1ece4ebf\" data-id=\"1ece4ebf\" data-element_type=\"column\">\n\t\t\t<div class=\"elementor-widget-wrap elementor-element-populated\">\n\t\t\t\t\t\t\t\t<div class=\"elementor-element elementor-element-7a61c7e5 elementor-widget elementor-widget-text-editor\" data-id=\"7a61c7e5\" data-element_type=\"widget\" data-widget_type=\"text-editor.default\">\n\t\t\t\t<div class=\"elementor-widget-container\">\n\t\t\t<style>\/*! elementor - v3.14.0 - 26-06-2023 *\/\n.elementor-widget-text-editor.elementor-drop-cap-view-stacked .elementor-drop-cap{background-color:#69727d;color:#fff}.elementor-widget-text-editor.elementor-drop-cap-view-framed .elementor-drop-cap{color:#69727d;border:3px solid;background-color:transparent}.elementor-widget-text-editor:not(.elementor-drop-cap-view-default) .elementor-drop-cap{margin-top:8px}.elementor-widget-text-editor:not(.elementor-drop-cap-view-default) .elementor-drop-cap-letter{width:1em;height:1em}.elementor-widget-text-editor .elementor-drop-cap{float:left;text-align:center;line-height:1;font-size:50px}.elementor-widget-text-editor .elementor-drop-cap-letter{display:inline-block}<\/style>\t\t\t\t<p>Al igual que ocurre con las tendencias mundiales, los objetivos en materia de energ\u00edas renovables de los documentos de pol\u00edtica nacional (pol\u00edticas, planes, hojas de ruta o leyes nacionales) y los objetivos de las Contribuciones Determinadas a Nivel Nacional (CDN) no siempre est\u00e1n sincronizados en los peque\u00f1os Estados insulares en desarrollo (PEID).1 Aunque los objetivos pueden actualizarse en las CDN, esta actualizaci\u00f3n no siempre se refleja en los documentos de pol\u00edtica nacional, que son m\u00e1s vinculantes a nivel nacional que las CDN. Del mismo modo, un pa\u00eds puede tener objetivos en los documentos de pol\u00edtica nacional, pero \u00e9stos pueden no estar indicados como parte de su NDC, que representa un compromiso adquirido con la comunidad internacional. Esto dificulta la comparaci\u00f3n de ambos objetivos y la obtenci\u00f3n de conclusiones significativas.<\/p><p>For countries that have updated targets in both their NDCs and national policy documents, and where the time gap between them is relatively short, the comparison is more meaningful and some trends can be identified, giving insights on 1) the level of ambition of nationally binding targets in country plans compared with those in NDCs; 2) the importance of international collaboration for deploying renewables and achieving targets; and 3) the drivers for renewable energy deployment beyond climate.<\/p><p>Para leer m\u00e1s ingrese a:<\/p><p><a href=\"https:\/\/www.irena.org\/Search?query=&amp;orderBy=Date&amp;contentType=2973584f-e344-4511-b43e-28543f6aede4\">https:\/\/www.irena.org\/Search?query=&amp;orderBy=Date&amp;contentType=2973584f-e344-4511-b43e-28543f6aede4<\/a><\/p><p><a href=\"https:\/\/mc-cd8320d4-36a1-40ac-83cc-3389-cdn-endpoint.azureedge.net\/-\/media\/Files\/IRENA\/Agency\/Publication\/2022\/Nov\/IRENA_RE_targets_SIDS_2022.pdf?rev=f3ab898fb2c84b549e4f49aa0b324719\">https:\/\/mc-cd8320d4-36a1-40ac-83cc-3389-cdn-endpoint.azureedge.net\/-\/media\/Files\/IRENA\/Agency\/Publication\/2022\/Nov\/IRENA_RE_targets_SIDS_2022.pdf?rev=f3ab898fb2c84b549e4f49aa0b324719<\/a><\/p>\t\t\t\t\t\t<\/div>\n\t\t\t\t<\/div>\n\t\t\t\t\t<\/div>\n\t\t<\/div>\n\t\t\t\t\t\t\t<\/div>\n\t\t<\/section>\n\t\t\t\t\t\t\t<\/div>\n\t\t<div style=\"text-align:center\" class=\"yasr-auto-insert-visitor\"><\/div>","protected":false},"excerpt":{"rendered":"<p>Al igual que ocurre con las tendencias mundiales, los objetivos en materia de energ\u00edas renovables de los documentos de pol\u00edtica nacional (pol\u00edticas, planes, hojas de ruta o leyes nacionales) y los objetivos de las Contribuciones Determinadas a Nivel Nacional (CDN) no siempre est\u00e1n sincronizados en los peque\u00f1os Estados insulares en desarrollo (PEID).1 Aunque los objetivos pueden actualizarse en las CDN, esta actualizaci\u00f3n no siempre se refleja en los documentos de pol\u00edtica nacional, que son m\u00e1s vinculantes a nivel nacional que las CDN. Del mismo modo, un pa\u00eds puede tener objetivos en los documentos de pol\u00edtica nacional, pero \u00e9stos pueden no estar indicados como parte de su NDC, que representa un compromiso adquirido con la comunidad internacional. Esto dificulta la comparaci\u00f3n de ambos objetivos y la obtenci\u00f3n de conclusiones significativas.<\/p>","protected":false},"author":23,"featured_media":2349,"comment_status":"open","ping_status":"open","sticky":false,"template":"","format":"standard","meta":{"yasr_overall_rating":0,"yasr_post_is_review":"","yasr_auto_insert_disabled":"","yasr_review_type":"","footnotes":""},"categories":[54,53],"tags":[],"class_list":["post-2423","post","type-post","status-publish","format-standard","has-post-thumbnail","hentry","category-energia-que-transforma","category-tendencias"],"yasr_visitor_votes":{"number_of_votes":0,"sum_votes":0,"stars_attributes":{"read_only":false,"span_bottom":false}},"yoast_head":"<!-- This site is optimized with the Yoast SEO plugin v27.3 - https:\/\/yoast.com\/product\/yoast-seo-wordpress\/ -->\n<title>Renewable energy targets in small island developing states - Colombia Inteligente<\/title>\n<meta name=\"robots\" content=\"index, follow, max-snippet:-1, max-image-preview:large, max-video-preview:-1\" \/>\n<link rel=\"canonical\" href=\"https:\/\/colombiainteligente.org\/es_co\/tendencias\/renewable-energy-targets-in-small-island-developing-states\/\" \/>\n<meta property=\"og:locale\" content=\"es_ES\" \/>\n<meta property=\"og:type\" content=\"article\" \/>\n<meta property=\"og:title\" content=\"Renewable energy targets in small island developing states - Colombia Inteligente\" \/>\n<meta property=\"og:description\" content=\"Al igual que ocurre con las tendencias mundiales, los objetivos en materia de energ\u00edas renovables de los documentos de pol\u00edtica nacional (pol\u00edticas, planes, hojas de ruta o leyes nacionales) y los objetivos de las Contribuciones Determinadas a Nivel Nacional (CDN) no siempre est\u00e1n sincronizados en los peque\u00f1os Estados insulares en desarrollo (PEID).1 Aunque los objetivos pueden actualizarse en las CDN, esta actualizaci\u00f3n no siempre se refleja en los documentos de pol\u00edtica nacional, que son m\u00e1s vinculantes a nivel nacional que las CDN. Del mismo modo, un pa\u00eds puede tener objetivos en los documentos de pol\u00edtica nacional, pero \u00e9stos pueden no estar indicados como parte de su NDC, que representa un compromiso adquirido con la comunidad internacional. Esto dificulta la comparaci\u00f3n de ambos objetivos y la obtenci\u00f3n de conclusiones significativas.\" \/>\n<meta property=\"og:url\" content=\"https:\/\/colombiainteligente.org\/es_co\/tendencias\/renewable-energy-targets-in-small-island-developing-states\/\" \/>\n<meta property=\"og:site_name\" content=\"Colombia Inteligente\" \/>\n<meta property=\"article:published_time\" content=\"2022-11-22T16:43:06+00:00\" \/>\n<meta property=\"article:modified_time\" content=\"2022-11-22T16:43:37+00:00\" \/>\n<meta property=\"og:image\" content=\"https:\/\/colombiainteligente.org\/wp-content\/uploads\/2022\/11\/Renewable-energy-targets-in-small-island-developing-states.jpg\" \/>\n\t<meta property=\"og:image:width\" content=\"339\" \/>\n\t<meta property=\"og:image:height\" content=\"490\" \/>\n\t<meta property=\"og:image:type\" content=\"image\/jpeg\" \/>\n<meta name=\"author\" content=\"DIFUSI\u00d3N COLOMBIA INTELIGENTE\" \/>\n<meta name=\"twitter:card\" content=\"summary_large_image\" \/>\n<meta name=\"twitter:creator\" content=\"@colombiaintelig\" \/>\n<meta name=\"twitter:site\" content=\"@colombiaintelig\" \/>\n<meta name=\"twitter:label1\" content=\"Escrito por\" \/>\n\t<meta name=\"twitter:data1\" content=\"DIFUSI\u00d3N COLOMBIA INTELIGENTE\" \/>\n\t<meta name=\"twitter:label2\" content=\"Tiempo estimado de lectura\" \/>\n\t<meta name=\"twitter:data2\" content=\"1 minuto\" \/>\n<script type=\"application\/ld+json\" class=\"yoast-schema-graph\">{\"@context\":\"https:\\\/\\\/schema.org\",\"@graph\":[{\"@type\":\"Article\",\"@id\":\"https:\\\/\\\/colombiainteligente.org\\\/tendencias\\\/renewable-energy-targets-in-small-island-developing-states\\\/#article\",\"isPartOf\":{\"@id\":\"https:\\\/\\\/colombiainteligente.org\\\/tendencias\\\/renewable-energy-targets-in-small-island-developing-states\\\/\"},\"author\":{\"name\":\"DIFUSI\u00d3N COLOMBIA INTELIGENTE\",\"@id\":\"https:\\\/\\\/colombiainteligente.org\\\/#\\\/schema\\\/person\\\/e207145d548b75a6d339ff1d4d3b0432\"},\"headline\":\"Renewable energy targets in small island developing states\",\"datePublished\":\"2022-11-22T16:43:06+00:00\",\"dateModified\":\"2022-11-22T16:43:37+00:00\",\"mainEntityOfPage\":{\"@id\":\"https:\\\/\\\/colombiainteligente.org\\\/tendencias\\\/renewable-energy-targets-in-small-island-developing-states\\\/\"},\"wordCount\":279,\"commentCount\":0,\"publisher\":{\"@id\":\"https:\\\/\\\/colombiainteligente.org\\\/#organization\"},\"image\":{\"@id\":\"https:\\\/\\\/colombiainteligente.org\\\/tendencias\\\/renewable-energy-targets-in-small-island-developing-states\\\/#primaryimage\"},\"thumbnailUrl\":\"https:\\\/\\\/colombiainteligente.org\\\/wp-content\\\/uploads\\\/2022\\\/11\\\/Renewable-energy-targets-in-small-island-developing-states.jpg\",\"articleSection\":[\"Energ\u00eda que transforma\",\"Tendencias\"],\"inLanguage\":\"es-CO\",\"potentialAction\":[{\"@type\":\"CommentAction\",\"name\":\"Comment\",\"target\":[\"https:\\\/\\\/colombiainteligente.org\\\/tendencias\\\/renewable-energy-targets-in-small-island-developing-states\\\/#respond\"]}]},{\"@type\":\"WebPage\",\"@id\":\"https:\\\/\\\/colombiainteligente.org\\\/tendencias\\\/renewable-energy-targets-in-small-island-developing-states\\\/\",\"url\":\"https:\\\/\\\/colombiainteligente.org\\\/tendencias\\\/renewable-energy-targets-in-small-island-developing-states\\\/\",\"name\":\"Renewable energy targets in small island developing states - Colombia Inteligente\",\"isPartOf\":{\"@id\":\"https:\\\/\\\/colombiainteligente.org\\\/#website\"},\"primaryImageOfPage\":{\"@id\":\"https:\\\/\\\/colombiainteligente.org\\\/tendencias\\\/renewable-energy-targets-in-small-island-developing-states\\\/#primaryimage\"},\"image\":{\"@id\":\"https:\\\/\\\/colombiainteligente.org\\\/tendencias\\\/renewable-energy-targets-in-small-island-developing-states\\\/#primaryimage\"},\"thumbnailUrl\":\"https:\\\/\\\/colombiainteligente.org\\\/wp-content\\\/uploads\\\/2022\\\/11\\\/Renewable-energy-targets-in-small-island-developing-states.jpg\",\"datePublished\":\"2022-11-22T16:43:06+00:00\",\"dateModified\":\"2022-11-22T16:43:37+00:00\",\"breadcrumb\":{\"@id\":\"https:\\\/\\\/colombiainteligente.org\\\/tendencias\\\/renewable-energy-targets-in-small-island-developing-states\\\/#breadcrumb\"},\"inLanguage\":\"es-CO\",\"potentialAction\":[{\"@type\":\"ReadAction\",\"target\":[\"https:\\\/\\\/colombiainteligente.org\\\/tendencias\\\/renewable-energy-targets-in-small-island-developing-states\\\/\"]}]},{\"@type\":\"ImageObject\",\"inLanguage\":\"es-CO\",\"@id\":\"https:\\\/\\\/colombiainteligente.org\\\/tendencias\\\/renewable-energy-targets-in-small-island-developing-states\\\/#primaryimage\",\"url\":\"https:\\\/\\\/colombiainteligente.org\\\/wp-content\\\/uploads\\\/2022\\\/11\\\/Renewable-energy-targets-in-small-island-developing-states.jpg\",\"contentUrl\":\"https:\\\/\\\/colombiainteligente.org\\\/wp-content\\\/uploads\\\/2022\\\/11\\\/Renewable-energy-targets-in-small-island-developing-states.jpg\",\"width\":339,\"height\":490,\"caption\":\"Renewable-energy-targets-in-small-island-developing-states.jpg\"},{\"@type\":\"BreadcrumbList\",\"@id\":\"https:\\\/\\\/colombiainteligente.org\\\/tendencias\\\/renewable-energy-targets-in-small-island-developing-states\\\/#breadcrumb\",\"itemListElement\":[{\"@type\":\"ListItem\",\"position\":1,\"name\":\"Portada\",\"item\":\"https:\\\/\\\/colombiainteligente.org\\\/\"},{\"@type\":\"ListItem\",\"position\":2,\"name\":\"Renewable energy targets in small island developing states\"}]},{\"@type\":\"WebSite\",\"@id\":\"https:\\\/\\\/colombiainteligente.org\\\/#website\",\"url\":\"https:\\\/\\\/colombiainteligente.org\\\/\",\"name\":\"Colombia Inteligente\",\"description\":\"Alianza estrat\u00e9gica, conformada por empresas y entidades, para la inserci\u00f3n integral y eficiente de las redes inteligentes a la infraestructura del sector el\u00e9ctrico colombiano\",\"publisher\":{\"@id\":\"https:\\\/\\\/colombiainteligente.org\\\/#organization\"},\"potentialAction\":[{\"@type\":\"SearchAction\",\"target\":{\"@type\":\"EntryPoint\",\"urlTemplate\":\"https:\\\/\\\/colombiainteligente.org\\\/?s={search_term_string}\"},\"query-input\":{\"@type\":\"PropertyValueSpecification\",\"valueRequired\":true,\"valueName\":\"search_term_string\"}}],\"inLanguage\":\"es-CO\"},{\"@type\":\"Organization\",\"@id\":\"https:\\\/\\\/colombiainteligente.org\\\/#organization\",\"name\":\"Colombia Inteligente\",\"url\":\"https:\\\/\\\/colombiainteligente.org\\\/\",\"logo\":{\"@type\":\"ImageObject\",\"inLanguage\":\"es-CO\",\"@id\":\"https:\\\/\\\/colombiainteligente.org\\\/#\\\/schema\\\/logo\\\/image\\\/\",\"url\":\"https:\\\/\\\/colombiainteligente.org\\\/wp-content\\\/uploads\\\/2022\\\/07\\\/Image.png\",\"contentUrl\":\"https:\\\/\\\/colombiainteligente.org\\\/wp-content\\\/uploads\\\/2022\\\/07\\\/Image.png\",\"width\":588,\"height\":274,\"caption\":\"Colombia Inteligente\"},\"image\":{\"@id\":\"https:\\\/\\\/colombiainteligente.org\\\/#\\\/schema\\\/logo\\\/image\\\/\"},\"sameAs\":[\"https:\\\/\\\/x.com\\\/colombiaintelig\",\"https:\\\/\\\/www.linkedin.com\\\/company\\\/colombiainteligente\\\/\"]},{\"@type\":\"Person\",\"@id\":\"https:\\\/\\\/colombiainteligente.org\\\/#\\\/schema\\\/person\\\/e207145d548b75a6d339ff1d4d3b0432\",\"name\":\"DIFUSI\u00d3N COLOMBIA INTELIGENTE\",\"image\":{\"@type\":\"ImageObject\",\"inLanguage\":\"es-CO\",\"@id\":\"https:\\\/\\\/secure.gravatar.com\\\/avatar\\\/df2e679ff2abf288cf4bf58830dad897e596908105ec8969f50f748a6d837869?s=96&d=mm&r=g\",\"url\":\"https:\\\/\\\/secure.gravatar.com\\\/avatar\\\/df2e679ff2abf288cf4bf58830dad897e596908105ec8969f50f748a6d837869?s=96&d=mm&r=g\",\"contentUrl\":\"https:\\\/\\\/secure.gravatar.com\\\/avatar\\\/df2e679ff2abf288cf4bf58830dad897e596908105ec8969f50f748a6d837869?s=96&d=mm&r=g\",\"caption\":\"DIFUSI\u00d3N COLOMBIA INTELIGENTE\"},\"url\":\"https:\\\/\\\/colombiainteligente.org\\\/es_co\\\/author\\\/difusioncolombiainteligente-org\\\/\"}]}<\/script>\n<!-- \/ Yoast SEO plugin. -->","yoast_head_json":{"title":"Renewable energy targets in small island developing states - Colombia Inteligente","robots":{"index":"index","follow":"follow","max-snippet":"max-snippet:-1","max-image-preview":"max-image-preview:large","max-video-preview":"max-video-preview:-1"},"canonical":"https:\/\/colombiainteligente.org\/es_co\/tendencias\/renewable-energy-targets-in-small-island-developing-states\/","og_locale":"es_ES","og_type":"article","og_title":"Renewable energy targets in small island developing states - Colombia Inteligente","og_description":"Al igual que ocurre con las tendencias mundiales, los objetivos en materia de energ\u00edas renovables de los documentos de pol\u00edtica nacional (pol\u00edticas, planes, hojas de ruta o leyes nacionales) y los objetivos de las Contribuciones Determinadas a Nivel Nacional (CDN) no siempre est\u00e1n sincronizados en los peque\u00f1os Estados insulares en desarrollo (PEID).1 Aunque los objetivos pueden actualizarse en las CDN, esta actualizaci\u00f3n no siempre se refleja en los documentos de pol\u00edtica nacional, que son m\u00e1s vinculantes a nivel nacional que las CDN. Del mismo modo, un pa\u00eds puede tener objetivos en los documentos de pol\u00edtica nacional, pero \u00e9stos pueden no estar indicados como parte de su NDC, que representa un compromiso adquirido con la comunidad internacional. Esto dificulta la comparaci\u00f3n de ambos objetivos y la obtenci\u00f3n de conclusiones significativas.","og_url":"https:\/\/colombiainteligente.org\/es_co\/tendencias\/renewable-energy-targets-in-small-island-developing-states\/","og_site_name":"Colombia Inteligente","article_published_time":"2022-11-22T16:43:06+00:00","article_modified_time":"2022-11-22T16:43:37+00:00","og_image":[{"width":339,"height":490,"url":"https:\/\/colombiainteligente.org\/wp-content\/uploads\/2022\/11\/Renewable-energy-targets-in-small-island-developing-states.jpg","type":"image\/jpeg"}],"author":"DIFUSI\u00d3N COLOMBIA INTELIGENTE","twitter_card":"summary_large_image","twitter_creator":"@colombiaintelig","twitter_site":"@colombiaintelig","twitter_misc":{"Escrito por":"DIFUSI\u00d3N COLOMBIA INTELIGENTE","Tiempo estimado de lectura":"1 minuto"},"schema":{"@context":"https:\/\/schema.org","@graph":[{"@type":"Article","@id":"https:\/\/colombiainteligente.org\/tendencias\/renewable-energy-targets-in-small-island-developing-states\/#article","isPartOf":{"@id":"https:\/\/colombiainteligente.org\/tendencias\/renewable-energy-targets-in-small-island-developing-states\/"},"author":{"name":"DIFUSI\u00d3N COLOMBIA INTELIGENTE","@id":"https:\/\/colombiainteligente.org\/#\/schema\/person\/e207145d548b75a6d339ff1d4d3b0432"},"headline":"Renewable energy targets in small island developing states","datePublished":"2022-11-22T16:43:06+00:00","dateModified":"2022-11-22T16:43:37+00:00","mainEntityOfPage":{"@id":"https:\/\/colombiainteligente.org\/tendencias\/renewable-energy-targets-in-small-island-developing-states\/"},"wordCount":279,"commentCount":0,"publisher":{"@id":"https:\/\/colombiainteligente.org\/#organization"},"image":{"@id":"https:\/\/colombiainteligente.org\/tendencias\/renewable-energy-targets-in-small-island-developing-states\/#primaryimage"},"thumbnailUrl":"https:\/\/colombiainteligente.org\/wp-content\/uploads\/2022\/11\/Renewable-energy-targets-in-small-island-developing-states.jpg","articleSection":["Energ\u00eda que transforma","Tendencias"],"inLanguage":"es-CO","potentialAction":[{"@type":"CommentAction","name":"Comment","target":["https:\/\/colombiainteligente.org\/tendencias\/renewable-energy-targets-in-small-island-developing-states\/#respond"]}]},{"@type":"WebPage","@id":"https:\/\/colombiainteligente.org\/tendencias\/renewable-energy-targets-in-small-island-developing-states\/","url":"https:\/\/colombiainteligente.org\/tendencias\/renewable-energy-targets-in-small-island-developing-states\/","name":"Renewable energy targets in small island developing states - Colombia Inteligente","isPartOf":{"@id":"https:\/\/colombiainteligente.org\/#website"},"primaryImageOfPage":{"@id":"https:\/\/colombiainteligente.org\/tendencias\/renewable-energy-targets-in-small-island-developing-states\/#primaryimage"},"image":{"@id":"https:\/\/colombiainteligente.org\/tendencias\/renewable-energy-targets-in-small-island-developing-states\/#primaryimage"},"thumbnailUrl":"https:\/\/colombiainteligente.org\/wp-content\/uploads\/2022\/11\/Renewable-energy-targets-in-small-island-developing-states.jpg","datePublished":"2022-11-22T16:43:06+00:00","dateModified":"2022-11-22T16:43:37+00:00","breadcrumb":{"@id":"https:\/\/colombiainteligente.org\/tendencias\/renewable-energy-targets-in-small-island-developing-states\/#breadcrumb"},"inLanguage":"es-CO","potentialAction":[{"@type":"ReadAction","target":["https:\/\/colombiainteligente.org\/tendencias\/renewable-energy-targets-in-small-island-developing-states\/"]}]},{"@type":"ImageObject","inLanguage":"es-CO","@id":"https:\/\/colombiainteligente.org\/tendencias\/renewable-energy-targets-in-small-island-developing-states\/#primaryimage","url":"https:\/\/colombiainteligente.org\/wp-content\/uploads\/2022\/11\/Renewable-energy-targets-in-small-island-developing-states.jpg","contentUrl":"https:\/\/colombiainteligente.org\/wp-content\/uploads\/2022\/11\/Renewable-energy-targets-in-small-island-developing-states.jpg","width":339,"height":490,"caption":"Renewable-energy-targets-in-small-island-developing-states.jpg"},{"@type":"BreadcrumbList","@id":"https:\/\/colombiainteligente.org\/tendencias\/renewable-energy-targets-in-small-island-developing-states\/#breadcrumb","itemListElement":[{"@type":"ListItem","position":1,"name":"Portada","item":"https:\/\/colombiainteligente.org\/"},{"@type":"ListItem","position":2,"name":"Renewable energy targets in small island developing states"}]},{"@type":"WebSite","@id":"https:\/\/colombiainteligente.org\/#website","url":"https:\/\/colombiainteligente.org\/","name":"Colombia Inteligente","description":"Alianza estrat\u00e9gica, conformada por empresas y entidades, para la inserci\u00f3n integral y eficiente de las redes inteligentes a la infraestructura del sector el\u00e9ctrico colombiano","publisher":{"@id":"https:\/\/colombiainteligente.org\/#organization"},"potentialAction":[{"@type":"SearchAction","target":{"@type":"EntryPoint","urlTemplate":"https:\/\/colombiainteligente.org\/?s={search_term_string}"},"query-input":{"@type":"PropertyValueSpecification","valueRequired":true,"valueName":"search_term_string"}}],"inLanguage":"es-CO"},{"@type":"Organization","@id":"https:\/\/colombiainteligente.org\/#organization","name":"Colombia Inteligente","url":"https:\/\/colombiainteligente.org\/","logo":{"@type":"ImageObject","inLanguage":"es-CO","@id":"https:\/\/colombiainteligente.org\/#\/schema\/logo\/image\/","url":"https:\/\/colombiainteligente.org\/wp-content\/uploads\/2022\/07\/Image.png","contentUrl":"https:\/\/colombiainteligente.org\/wp-content\/uploads\/2022\/07\/Image.png","width":588,"height":274,"caption":"Colombia Inteligente"},"image":{"@id":"https:\/\/colombiainteligente.org\/#\/schema\/logo\/image\/"},"sameAs":["https:\/\/x.com\/colombiaintelig","https:\/\/www.linkedin.com\/company\/colombiainteligente\/"]},{"@type":"Person","@id":"https:\/\/colombiainteligente.org\/#\/schema\/person\/e207145d548b75a6d339ff1d4d3b0432","name":"DIFUSI\u00d3N COLOMBIA INTELIGENTE","image":{"@type":"ImageObject","inLanguage":"es-CO","@id":"https:\/\/secure.gravatar.com\/avatar\/df2e679ff2abf288cf4bf58830dad897e596908105ec8969f50f748a6d837869?s=96&d=mm&r=g","url":"https:\/\/secure.gravatar.com\/avatar\/df2e679ff2abf288cf4bf58830dad897e596908105ec8969f50f748a6d837869?s=96&d=mm&r=g","contentUrl":"https:\/\/secure.gravatar.com\/avatar\/df2e679ff2abf288cf4bf58830dad897e596908105ec8969f50f748a6d837869?s=96&d=mm&r=g","caption":"DIFUSI\u00d3N COLOMBIA INTELIGENTE"},"url":"https:\/\/colombiainteligente.org\/es_co\/author\/difusioncolombiainteligente-org\/"}]}},"_links":{"self":[{"href":"https:\/\/colombiainteligente.org\/es_co\/wp-json\/wp\/v2\/posts\/2423","targetHints":{"allow":["GET"]}}],"collection":[{"href":"https:\/\/colombiainteligente.org\/es_co\/wp-json\/wp\/v2\/posts"}],"about":[{"href":"https:\/\/colombiainteligente.org\/es_co\/wp-json\/wp\/v2\/types\/post"}],"author":[{"embeddable":true,"href":"https:\/\/colombiainteligente.org\/es_co\/wp-json\/wp\/v2\/users\/23"}],"replies":[{"embeddable":true,"href":"https:\/\/colombiainteligente.org\/es_co\/wp-json\/wp\/v2\/comments?post=2423"}],"version-history":[{"count":4,"href":"https:\/\/colombiainteligente.org\/es_co\/wp-json\/wp\/v2\/posts\/2423\/revisions"}],"predecessor-version":[{"id":2427,"href":"https:\/\/colombiainteligente.org\/es_co\/wp-json\/wp\/v2\/posts\/2423\/revisions\/2427"}],"wp:featuredmedia":[{"embeddable":true,"href":"https:\/\/colombiainteligente.org\/es_co\/wp-json\/wp\/v2\/media\/2349"}],"wp:attachment":[{"href":"https:\/\/colombiainteligente.org\/es_co\/wp-json\/wp\/v2\/media?parent=2423"}],"wp:term":[{"taxonomy":"category","embeddable":true,"href":"https:\/\/colombiainteligente.org\/es_co\/wp-json\/wp\/v2\/categories?post=2423"},{"taxonomy":"post_tag","embeddable":true,"href":"https:\/\/colombiainteligente.org\/es_co\/wp-json\/wp\/v2\/tags?post=2423"}],"curies":[{"name":"wp","href":"https:\/\/api.w.org\/{rel}","templated":true}]}}