{"id":2847,"date":"2021-01-12T16:35:35","date_gmt":"2021-01-12T21:35:35","guid":{"rendered":"https:\/\/colombiainteligente.org\/?p=2847"},"modified":"2022-12-14T14:13:07","modified_gmt":"2022-12-14T19:13:07","slug":"modernizacion-de-centrales-hidroelectricas-en-america-latina-y-el-caribe-identificacion-y-priorizacion-de-necesidades-de-inversion","status":"publish","type":"post","link":"https:\/\/colombiainteligente.org\/es_co\/tendencias\/modernizacion-de-centrales-hidroelectricas-en-america-latina-y-el-caribe-identificacion-y-priorizacion-de-necesidades-de-inversion\/","title":{"rendered":"Modernizaci\u00f3n de centrales hidroel\u00e9ctricas en Am\u00e9rica Latina y el Caribe: Identificaci\u00f3n y priorizaci\u00f3n de\u00a0necesidades de inversi\u00f3n"},"content":{"rendered":"<div data-elementor-type=\"wp-post\" data-elementor-id=\"2847\" class=\"elementor elementor-2847\" data-elementor-post-type=\"post\">\n\t\t\t\t\t\t\t\t\t<section class=\"elementor-section elementor-top-section elementor-element elementor-element-79148795 elementor-section-boxed elementor-section-height-default elementor-section-height-default\" data-id=\"79148795\" data-element_type=\"section\">\n\t\t\t\t\t\t<div class=\"elementor-container elementor-column-gap-default\">\n\t\t\t\t\t<div class=\"elementor-column elementor-col-100 elementor-top-column elementor-element elementor-element-1ece4ebf\" data-id=\"1ece4ebf\" data-element_type=\"column\">\n\t\t\t<div class=\"elementor-widget-wrap elementor-element-populated\">\n\t\t\t\t\t\t\t\t<div class=\"elementor-element elementor-element-7a61c7e5 elementor-widget elementor-widget-text-editor\" data-id=\"7a61c7e5\" data-element_type=\"widget\" data-widget_type=\"text-editor.default\">\n\t\t\t\t<div class=\"elementor-widget-container\">\n\t\t\t<style>\/*! elementor - v3.14.0 - 26-06-2023 *\/\n.elementor-widget-text-editor.elementor-drop-cap-view-stacked .elementor-drop-cap{background-color:#69727d;color:#fff}.elementor-widget-text-editor.elementor-drop-cap-view-framed .elementor-drop-cap{color:#69727d;border:3px solid;background-color:transparent}.elementor-widget-text-editor:not(.elementor-drop-cap-view-default) .elementor-drop-cap{margin-top:8px}.elementor-widget-text-editor:not(.elementor-drop-cap-view-default) .elementor-drop-cap-letter{width:1em;height:1em}.elementor-widget-text-editor .elementor-drop-cap{float:left;text-align:center;line-height:1;font-size:50px}.elementor-widget-text-editor .elementor-drop-cap-letter{display:inline-block}<\/style>\t\t\t\t<p>El presente estudio identific\u00f3 el potencial de modernizaci\u00f3n en t\u00e9rminos de n\u00famero de plantas y capacidad instalada, por regi\u00f3n y pa\u00eds, considerando centrales de m\u00e1s de 10 MW y m\u00e1s de 20 a\u00f1os de antig\u00fcedad, y estim\u00f3 la inversi\u00f3n necesaria. Para los cerca de 113 GW analizados en este estudio, los resultados muestran que se requiere una inversi\u00f3n de aproximadamente USD 32.952 millones en modernizaci\u00f3n, s\u00f3lo considerando instalaciones el\u00e9ctricas y electromec\u00e1nicas, foco de este trabajo.<\/p><p>Es evidente que, para atender una inversi\u00f3n de esta magnitud en la regi\u00f3n, es necesaria una acci\u00f3n inmediata y coordinada por todos los actores, tanto p\u00fablicos como privados, lo que implica un rol activo de los reguladores y entidades de planificaci\u00f3n, habida cuenta de las restricciones fiscales que pueden surgir por las pol\u00edticas desarrolladas para atender las consecuencias del COVID19.<\/p><p>Para leer m\u00e1s ingrese a:<\/p><p><a href=\"https:\/\/publications.iadb.org\/es\/modernizacion-de-centrales-hidroelectricas-en-america-latina-y-el-caribe-identificacion-y?s=09\">https:\/\/publications.iadb.org\/es\/modernizacion-de-centrales-hidroelectricas-en-america-latina-y-el-caribe-identificacion-y?s=09<\/a><\/p><p><a href=\"https:\/\/publications.iadb.org\/publications\/spanish\/document\/Modernizacion-de-centrales-hidroelectricas-en-America-Latina-y-el-Caribe-Identificacion-y-priorizacion-de-necesidades-de-inversion.pdf\">https:\/\/publications.iadb.org\/publications\/spanish\/document\/Modernizacion-de-centrales-hidroelectricas-en-America-Latina-y-el-Caribe-Identificacion-y-priorizacion-de-necesidades-de-inversion.pdf<\/a><\/p>\t\t\t\t\t\t<\/div>\n\t\t\t\t<\/div>\n\t\t\t\t\t<\/div>\n\t\t<\/div>\n\t\t\t\t\t\t\t<\/div>\n\t\t<\/section>\n\t\t\t\t\t\t\t<\/div>\n\t\t<div style=\"text-align:center\" class=\"yasr-auto-insert-visitor\"><\/div>","protected":false},"excerpt":{"rendered":"<p>El presente estudio identific\u00f3 el potencial de modernizaci\u00f3n en t\u00e9rminos de n\u00famero de plantas y capacidad instalada, por regi\u00f3n y pa\u00eds, considerando centrales de m\u00e1s de 10 MW y m\u00e1s de 20 a\u00f1os de antig\u00fcedad, y estim\u00f3 la inversi\u00f3n necesaria. Para los cerca de 113 GW analizados en este estudio, los resultados muestran que se requiere una inversi\u00f3n de aproximadamente USD 32.952 millones en modernizaci\u00f3n, s\u00f3lo considerando instalaciones el\u00e9ctricas y electromec\u00e1nicas, foco de este trabajo.<\/p>","protected":false},"author":27,"featured_media":2848,"comment_status":"open","ping_status":"open","sticky":false,"template":"","format":"standard","meta":{"yasr_overall_rating":0,"yasr_post_is_review":"","yasr_auto_insert_disabled":"","yasr_review_type":"","footnotes":""},"categories":[54,53],"tags":[],"class_list":["post-2847","post","type-post","status-publish","format-standard","has-post-thumbnail","hentry","category-energia-que-transforma","category-tendencias"],"yasr_visitor_votes":{"number_of_votes":0,"sum_votes":0,"stars_attributes":{"read_only":false,"span_bottom":false}},"yoast_head":"<!-- This site is optimized with the Yoast SEO plugin v27.3 - https:\/\/yoast.com\/product\/yoast-seo-wordpress\/ -->\n<title>Modernizaci\u00f3n de centrales hidroel\u00e9ctricas en Am\u00e9rica Latina y el Caribe: Identificaci\u00f3n y priorizaci\u00f3n de\u00a0necesidades de inversi\u00f3n - Colombia Inteligente<\/title>\n<meta name=\"robots\" content=\"index, follow, max-snippet:-1, max-image-preview:large, max-video-preview:-1\" \/>\n<link rel=\"canonical\" href=\"https:\/\/colombiainteligente.org\/es_co\/tendencias\/modernizacion-de-centrales-hidroelectricas-en-america-latina-y-el-caribe-identificacion-y-priorizacion-de-necesidades-de-inversion\/\" \/>\n<meta property=\"og:locale\" content=\"es_ES\" \/>\n<meta property=\"og:type\" content=\"article\" \/>\n<meta property=\"og:title\" content=\"Modernizaci\u00f3n de centrales hidroel\u00e9ctricas en Am\u00e9rica Latina y el Caribe: Identificaci\u00f3n y priorizaci\u00f3n de\u00a0necesidades de inversi\u00f3n - Colombia Inteligente\" \/>\n<meta property=\"og:description\" content=\"El presente estudio identific\u00f3 el potencial de modernizaci\u00f3n en t\u00e9rminos de n\u00famero de plantas y capacidad instalada, por regi\u00f3n y pa\u00eds, considerando centrales de m\u00e1s de 10 MW y m\u00e1s de 20 a\u00f1os de antig\u00fcedad, y estim\u00f3 la inversi\u00f3n necesaria. Para los cerca de 113 GW analizados en este estudio, los resultados muestran que se requiere una inversi\u00f3n de aproximadamente USD 32.952 millones en modernizaci\u00f3n, s\u00f3lo considerando instalaciones el\u00e9ctricas y electromec\u00e1nicas, foco de este trabajo.\" \/>\n<meta property=\"og:url\" content=\"https:\/\/colombiainteligente.org\/es_co\/tendencias\/modernizacion-de-centrales-hidroelectricas-en-america-latina-y-el-caribe-identificacion-y-priorizacion-de-necesidades-de-inversion\/\" \/>\n<meta property=\"og:site_name\" content=\"Colombia Inteligente\" \/>\n<meta property=\"article:published_time\" content=\"2021-01-12T21:35:35+00:00\" \/>\n<meta property=\"article:modified_time\" content=\"2022-12-14T19:13:07+00:00\" \/>\n<meta property=\"og:image\" content=\"https:\/\/colombiainteligente.org\/wp-content\/uploads\/2022\/11\/5D988072-1229-43C4-A5D1-FB880722DDC6.png\" \/>\n\t<meta property=\"og:image:width\" content=\"309\" \/>\n\t<meta property=\"og:image:height\" content=\"400\" \/>\n\t<meta property=\"og:image:type\" content=\"image\/png\" \/>\n<meta name=\"author\" content=\"Luisa Buitrago\" \/>\n<meta name=\"twitter:card\" content=\"summary_large_image\" \/>\n<meta name=\"twitter:creator\" content=\"@colombiaintelig\" \/>\n<meta name=\"twitter:site\" content=\"@colombiaintelig\" \/>\n<meta name=\"twitter:label1\" content=\"Escrito por\" \/>\n\t<meta name=\"twitter:data1\" content=\"Luisa Buitrago\" \/>\n\t<meta name=\"twitter:label2\" content=\"Tiempo estimado de lectura\" \/>\n\t<meta name=\"twitter:data2\" content=\"1 minuto\" \/>\n<script type=\"application\/ld+json\" class=\"yoast-schema-graph\">{\"@context\":\"https:\\\/\\\/schema.org\",\"@graph\":[{\"@type\":\"Article\",\"@id\":\"https:\\\/\\\/colombiainteligente.org\\\/tendencias\\\/modernizacion-de-centrales-hidroelectricas-en-america-latina-y-el-caribe-identificacion-y-priorizacion-de-necesidades-de-inversion\\\/#article\",\"isPartOf\":{\"@id\":\"https:\\\/\\\/colombiainteligente.org\\\/tendencias\\\/modernizacion-de-centrales-hidroelectricas-en-america-latina-y-el-caribe-identificacion-y-priorizacion-de-necesidades-de-inversion\\\/\"},\"author\":{\"name\":\"Luisa Buitrago\",\"@id\":\"https:\\\/\\\/colombiainteligente.org\\\/#\\\/schema\\\/person\\\/7a8c7be348df0b891a16dc2fe342977d\"},\"headline\":\"Modernizaci\u00f3n de centrales hidroel\u00e9ctricas en Am\u00e9rica Latina y el Caribe: Identificaci\u00f3n y priorizaci\u00f3n de\u00a0necesidades de inversi\u00f3n\",\"datePublished\":\"2021-01-12T21:35:35+00:00\",\"dateModified\":\"2022-12-14T19:13:07+00:00\",\"mainEntityOfPage\":{\"@id\":\"https:\\\/\\\/colombiainteligente.org\\\/tendencias\\\/modernizacion-de-centrales-hidroelectricas-en-america-latina-y-el-caribe-identificacion-y-priorizacion-de-necesidades-de-inversion\\\/\"},\"wordCount\":197,\"commentCount\":0,\"publisher\":{\"@id\":\"https:\\\/\\\/colombiainteligente.org\\\/#organization\"},\"image\":{\"@id\":\"https:\\\/\\\/colombiainteligente.org\\\/tendencias\\\/modernizacion-de-centrales-hidroelectricas-en-america-latina-y-el-caribe-identificacion-y-priorizacion-de-necesidades-de-inversion\\\/#primaryimage\"},\"thumbnailUrl\":\"https:\\\/\\\/colombiainteligente.org\\\/wp-content\\\/uploads\\\/2022\\\/11\\\/5D988072-1229-43C4-A5D1-FB880722DDC6.png\",\"articleSection\":[\"Energ\u00eda que transforma\",\"Tendencias\"],\"inLanguage\":\"es-CO\",\"potentialAction\":[{\"@type\":\"CommentAction\",\"name\":\"Comment\",\"target\":[\"https:\\\/\\\/colombiainteligente.org\\\/tendencias\\\/modernizacion-de-centrales-hidroelectricas-en-america-latina-y-el-caribe-identificacion-y-priorizacion-de-necesidades-de-inversion\\\/#respond\"]}]},{\"@type\":\"WebPage\",\"@id\":\"https:\\\/\\\/colombiainteligente.org\\\/tendencias\\\/modernizacion-de-centrales-hidroelectricas-en-america-latina-y-el-caribe-identificacion-y-priorizacion-de-necesidades-de-inversion\\\/\",\"url\":\"https:\\\/\\\/colombiainteligente.org\\\/tendencias\\\/modernizacion-de-centrales-hidroelectricas-en-america-latina-y-el-caribe-identificacion-y-priorizacion-de-necesidades-de-inversion\\\/\",\"name\":\"Modernizaci\u00f3n de centrales hidroel\u00e9ctricas en Am\u00e9rica Latina y el Caribe: Identificaci\u00f3n y priorizaci\u00f3n de\u00a0necesidades de inversi\u00f3n - Colombia Inteligente\",\"isPartOf\":{\"@id\":\"https:\\\/\\\/colombiainteligente.org\\\/#website\"},\"primaryImageOfPage\":{\"@id\":\"https:\\\/\\\/colombiainteligente.org\\\/tendencias\\\/modernizacion-de-centrales-hidroelectricas-en-america-latina-y-el-caribe-identificacion-y-priorizacion-de-necesidades-de-inversion\\\/#primaryimage\"},\"image\":{\"@id\":\"https:\\\/\\\/colombiainteligente.org\\\/tendencias\\\/modernizacion-de-centrales-hidroelectricas-en-america-latina-y-el-caribe-identificacion-y-priorizacion-de-necesidades-de-inversion\\\/#primaryimage\"},\"thumbnailUrl\":\"https:\\\/\\\/colombiainteligente.org\\\/wp-content\\\/uploads\\\/2022\\\/11\\\/5D988072-1229-43C4-A5D1-FB880722DDC6.png\",\"datePublished\":\"2021-01-12T21:35:35+00:00\",\"dateModified\":\"2022-12-14T19:13:07+00:00\",\"breadcrumb\":{\"@id\":\"https:\\\/\\\/colombiainteligente.org\\\/tendencias\\\/modernizacion-de-centrales-hidroelectricas-en-america-latina-y-el-caribe-identificacion-y-priorizacion-de-necesidades-de-inversion\\\/#breadcrumb\"},\"inLanguage\":\"es-CO\",\"potentialAction\":[{\"@type\":\"ReadAction\",\"target\":[\"https:\\\/\\\/colombiainteligente.org\\\/tendencias\\\/modernizacion-de-centrales-hidroelectricas-en-america-latina-y-el-caribe-identificacion-y-priorizacion-de-necesidades-de-inversion\\\/\"]}]},{\"@type\":\"ImageObject\",\"inLanguage\":\"es-CO\",\"@id\":\"https:\\\/\\\/colombiainteligente.org\\\/tendencias\\\/modernizacion-de-centrales-hidroelectricas-en-america-latina-y-el-caribe-identificacion-y-priorizacion-de-necesidades-de-inversion\\\/#primaryimage\",\"url\":\"https:\\\/\\\/colombiainteligente.org\\\/wp-content\\\/uploads\\\/2022\\\/11\\\/5D988072-1229-43C4-A5D1-FB880722DDC6.png\",\"contentUrl\":\"https:\\\/\\\/colombiainteligente.org\\\/wp-content\\\/uploads\\\/2022\\\/11\\\/5D988072-1229-43C4-A5D1-FB880722DDC6.png\",\"width\":309,\"height\":400,\"caption\":\"Modernizaci\u00f3n de centrales\"},{\"@type\":\"BreadcrumbList\",\"@id\":\"https:\\\/\\\/colombiainteligente.org\\\/tendencias\\\/modernizacion-de-centrales-hidroelectricas-en-america-latina-y-el-caribe-identificacion-y-priorizacion-de-necesidades-de-inversion\\\/#breadcrumb\",\"itemListElement\":[{\"@type\":\"ListItem\",\"position\":1,\"name\":\"Portada\",\"item\":\"https:\\\/\\\/colombiainteligente.org\\\/\"},{\"@type\":\"ListItem\",\"position\":2,\"name\":\"Modernizaci\u00f3n de centrales hidroel\u00e9ctricas en Am\u00e9rica Latina y el Caribe: Identificaci\u00f3n y priorizaci\u00f3n de\u00a0necesidades de inversi\u00f3n\"}]},{\"@type\":\"WebSite\",\"@id\":\"https:\\\/\\\/colombiainteligente.org\\\/#website\",\"url\":\"https:\\\/\\\/colombiainteligente.org\\\/\",\"name\":\"Colombia Inteligente\",\"description\":\"Alianza estrat\u00e9gica, conformada por empresas y entidades, para la inserci\u00f3n integral y eficiente de las redes inteligentes a la infraestructura del sector el\u00e9ctrico colombiano\",\"publisher\":{\"@id\":\"https:\\\/\\\/colombiainteligente.org\\\/#organization\"},\"potentialAction\":[{\"@type\":\"SearchAction\",\"target\":{\"@type\":\"EntryPoint\",\"urlTemplate\":\"https:\\\/\\\/colombiainteligente.org\\\/?s={search_term_string}\"},\"query-input\":{\"@type\":\"PropertyValueSpecification\",\"valueRequired\":true,\"valueName\":\"search_term_string\"}}],\"inLanguage\":\"es-CO\"},{\"@type\":\"Organization\",\"@id\":\"https:\\\/\\\/colombiainteligente.org\\\/#organization\",\"name\":\"Colombia Inteligente\",\"url\":\"https:\\\/\\\/colombiainteligente.org\\\/\",\"logo\":{\"@type\":\"ImageObject\",\"inLanguage\":\"es-CO\",\"@id\":\"https:\\\/\\\/colombiainteligente.org\\\/#\\\/schema\\\/logo\\\/image\\\/\",\"url\":\"https:\\\/\\\/colombiainteligente.org\\\/wp-content\\\/uploads\\\/2022\\\/07\\\/Image.png\",\"contentUrl\":\"https:\\\/\\\/colombiainteligente.org\\\/wp-content\\\/uploads\\\/2022\\\/07\\\/Image.png\",\"width\":588,\"height\":274,\"caption\":\"Colombia Inteligente\"},\"image\":{\"@id\":\"https:\\\/\\\/colombiainteligente.org\\\/#\\\/schema\\\/logo\\\/image\\\/\"},\"sameAs\":[\"https:\\\/\\\/x.com\\\/colombiaintelig\",\"https:\\\/\\\/www.linkedin.com\\\/company\\\/colombiainteligente\\\/\"]},{\"@type\":\"Person\",\"@id\":\"https:\\\/\\\/colombiainteligente.org\\\/#\\\/schema\\\/person\\\/7a8c7be348df0b891a16dc2fe342977d\",\"name\":\"Luisa Buitrago\",\"image\":{\"@type\":\"ImageObject\",\"inLanguage\":\"es-CO\",\"@id\":\"https:\\\/\\\/secure.gravatar.com\\\/avatar\\\/52ddc2638a82d555a120840263ecb4ee82a5e480ee730faa01e9b11ef7441d42?s=96&d=mm&r=g\",\"url\":\"https:\\\/\\\/secure.gravatar.com\\\/avatar\\\/52ddc2638a82d555a120840263ecb4ee82a5e480ee730faa01e9b11ef7441d42?s=96&d=mm&r=g\",\"contentUrl\":\"https:\\\/\\\/secure.gravatar.com\\\/avatar\\\/52ddc2638a82d555a120840263ecb4ee82a5e480ee730faa01e9b11ef7441d42?s=96&d=mm&r=g\",\"caption\":\"Luisa Buitrago\"},\"url\":\"https:\\\/\\\/colombiainteligente.org\\\/es_co\\\/author\\\/luisa-buitragocolombiainteligente-org\\\/\"}]}<\/script>\n<!-- \/ Yoast SEO plugin. -->","yoast_head_json":{"title":"Modernizaci\u00f3n de centrales hidroel\u00e9ctricas en Am\u00e9rica Latina y el Caribe: Identificaci\u00f3n y priorizaci\u00f3n de\u00a0necesidades de inversi\u00f3n - Colombia Inteligente","robots":{"index":"index","follow":"follow","max-snippet":"max-snippet:-1","max-image-preview":"max-image-preview:large","max-video-preview":"max-video-preview:-1"},"canonical":"https:\/\/colombiainteligente.org\/es_co\/tendencias\/modernizacion-de-centrales-hidroelectricas-en-america-latina-y-el-caribe-identificacion-y-priorizacion-de-necesidades-de-inversion\/","og_locale":"es_ES","og_type":"article","og_title":"Modernizaci\u00f3n de centrales hidroel\u00e9ctricas en Am\u00e9rica Latina y el Caribe: Identificaci\u00f3n y priorizaci\u00f3n de\u00a0necesidades de inversi\u00f3n - Colombia Inteligente","og_description":"El presente estudio identific\u00f3 el potencial de modernizaci\u00f3n en t\u00e9rminos de n\u00famero de plantas y capacidad instalada, por regi\u00f3n y pa\u00eds, considerando centrales de m\u00e1s de 10 MW y m\u00e1s de 20 a\u00f1os de antig\u00fcedad, y estim\u00f3 la inversi\u00f3n necesaria. Para los cerca de 113 GW analizados en este estudio, los resultados muestran que se requiere una inversi\u00f3n de aproximadamente USD 32.952 millones en modernizaci\u00f3n, s\u00f3lo considerando instalaciones el\u00e9ctricas y electromec\u00e1nicas, foco de este trabajo.","og_url":"https:\/\/colombiainteligente.org\/es_co\/tendencias\/modernizacion-de-centrales-hidroelectricas-en-america-latina-y-el-caribe-identificacion-y-priorizacion-de-necesidades-de-inversion\/","og_site_name":"Colombia Inteligente","article_published_time":"2021-01-12T21:35:35+00:00","article_modified_time":"2022-12-14T19:13:07+00:00","og_image":[{"width":309,"height":400,"url":"https:\/\/colombiainteligente.org\/wp-content\/uploads\/2022\/11\/5D988072-1229-43C4-A5D1-FB880722DDC6.png","type":"image\/png"}],"author":"Luisa Buitrago","twitter_card":"summary_large_image","twitter_creator":"@colombiaintelig","twitter_site":"@colombiaintelig","twitter_misc":{"Escrito por":"Luisa Buitrago","Tiempo estimado de lectura":"1 minuto"},"schema":{"@context":"https:\/\/schema.org","@graph":[{"@type":"Article","@id":"https:\/\/colombiainteligente.org\/tendencias\/modernizacion-de-centrales-hidroelectricas-en-america-latina-y-el-caribe-identificacion-y-priorizacion-de-necesidades-de-inversion\/#article","isPartOf":{"@id":"https:\/\/colombiainteligente.org\/tendencias\/modernizacion-de-centrales-hidroelectricas-en-america-latina-y-el-caribe-identificacion-y-priorizacion-de-necesidades-de-inversion\/"},"author":{"name":"Luisa Buitrago","@id":"https:\/\/colombiainteligente.org\/#\/schema\/person\/7a8c7be348df0b891a16dc2fe342977d"},"headline":"Modernizaci\u00f3n de centrales hidroel\u00e9ctricas en Am\u00e9rica Latina y el Caribe: Identificaci\u00f3n y priorizaci\u00f3n de\u00a0necesidades de inversi\u00f3n","datePublished":"2021-01-12T21:35:35+00:00","dateModified":"2022-12-14T19:13:07+00:00","mainEntityOfPage":{"@id":"https:\/\/colombiainteligente.org\/tendencias\/modernizacion-de-centrales-hidroelectricas-en-america-latina-y-el-caribe-identificacion-y-priorizacion-de-necesidades-de-inversion\/"},"wordCount":197,"commentCount":0,"publisher":{"@id":"https:\/\/colombiainteligente.org\/#organization"},"image":{"@id":"https:\/\/colombiainteligente.org\/tendencias\/modernizacion-de-centrales-hidroelectricas-en-america-latina-y-el-caribe-identificacion-y-priorizacion-de-necesidades-de-inversion\/#primaryimage"},"thumbnailUrl":"https:\/\/colombiainteligente.org\/wp-content\/uploads\/2022\/11\/5D988072-1229-43C4-A5D1-FB880722DDC6.png","articleSection":["Energ\u00eda que transforma","Tendencias"],"inLanguage":"es-CO","potentialAction":[{"@type":"CommentAction","name":"Comment","target":["https:\/\/colombiainteligente.org\/tendencias\/modernizacion-de-centrales-hidroelectricas-en-america-latina-y-el-caribe-identificacion-y-priorizacion-de-necesidades-de-inversion\/#respond"]}]},{"@type":"WebPage","@id":"https:\/\/colombiainteligente.org\/tendencias\/modernizacion-de-centrales-hidroelectricas-en-america-latina-y-el-caribe-identificacion-y-priorizacion-de-necesidades-de-inversion\/","url":"https:\/\/colombiainteligente.org\/tendencias\/modernizacion-de-centrales-hidroelectricas-en-america-latina-y-el-caribe-identificacion-y-priorizacion-de-necesidades-de-inversion\/","name":"Modernizaci\u00f3n de centrales hidroel\u00e9ctricas en Am\u00e9rica Latina y el Caribe: Identificaci\u00f3n y priorizaci\u00f3n de\u00a0necesidades de inversi\u00f3n - Colombia Inteligente","isPartOf":{"@id":"https:\/\/colombiainteligente.org\/#website"},"primaryImageOfPage":{"@id":"https:\/\/colombiainteligente.org\/tendencias\/modernizacion-de-centrales-hidroelectricas-en-america-latina-y-el-caribe-identificacion-y-priorizacion-de-necesidades-de-inversion\/#primaryimage"},"image":{"@id":"https:\/\/colombiainteligente.org\/tendencias\/modernizacion-de-centrales-hidroelectricas-en-america-latina-y-el-caribe-identificacion-y-priorizacion-de-necesidades-de-inversion\/#primaryimage"},"thumbnailUrl":"https:\/\/colombiainteligente.org\/wp-content\/uploads\/2022\/11\/5D988072-1229-43C4-A5D1-FB880722DDC6.png","datePublished":"2021-01-12T21:35:35+00:00","dateModified":"2022-12-14T19:13:07+00:00","breadcrumb":{"@id":"https:\/\/colombiainteligente.org\/tendencias\/modernizacion-de-centrales-hidroelectricas-en-america-latina-y-el-caribe-identificacion-y-priorizacion-de-necesidades-de-inversion\/#breadcrumb"},"inLanguage":"es-CO","potentialAction":[{"@type":"ReadAction","target":["https:\/\/colombiainteligente.org\/tendencias\/modernizacion-de-centrales-hidroelectricas-en-america-latina-y-el-caribe-identificacion-y-priorizacion-de-necesidades-de-inversion\/"]}]},{"@type":"ImageObject","inLanguage":"es-CO","@id":"https:\/\/colombiainteligente.org\/tendencias\/modernizacion-de-centrales-hidroelectricas-en-america-latina-y-el-caribe-identificacion-y-priorizacion-de-necesidades-de-inversion\/#primaryimage","url":"https:\/\/colombiainteligente.org\/wp-content\/uploads\/2022\/11\/5D988072-1229-43C4-A5D1-FB880722DDC6.png","contentUrl":"https:\/\/colombiainteligente.org\/wp-content\/uploads\/2022\/11\/5D988072-1229-43C4-A5D1-FB880722DDC6.png","width":309,"height":400,"caption":"Modernizaci\u00f3n de centrales"},{"@type":"BreadcrumbList","@id":"https:\/\/colombiainteligente.org\/tendencias\/modernizacion-de-centrales-hidroelectricas-en-america-latina-y-el-caribe-identificacion-y-priorizacion-de-necesidades-de-inversion\/#breadcrumb","itemListElement":[{"@type":"ListItem","position":1,"name":"Portada","item":"https:\/\/colombiainteligente.org\/"},{"@type":"ListItem","position":2,"name":"Modernizaci\u00f3n de centrales hidroel\u00e9ctricas en Am\u00e9rica Latina y el Caribe: Identificaci\u00f3n y priorizaci\u00f3n de\u00a0necesidades de inversi\u00f3n"}]},{"@type":"WebSite","@id":"https:\/\/colombiainteligente.org\/#website","url":"https:\/\/colombiainteligente.org\/","name":"Colombia Inteligente","description":"Alianza estrat\u00e9gica, conformada por empresas y entidades, para la inserci\u00f3n integral y eficiente de las redes inteligentes a la infraestructura del sector el\u00e9ctrico colombiano","publisher":{"@id":"https:\/\/colombiainteligente.org\/#organization"},"potentialAction":[{"@type":"SearchAction","target":{"@type":"EntryPoint","urlTemplate":"https:\/\/colombiainteligente.org\/?s={search_term_string}"},"query-input":{"@type":"PropertyValueSpecification","valueRequired":true,"valueName":"search_term_string"}}],"inLanguage":"es-CO"},{"@type":"Organization","@id":"https:\/\/colombiainteligente.org\/#organization","name":"Colombia Inteligente","url":"https:\/\/colombiainteligente.org\/","logo":{"@type":"ImageObject","inLanguage":"es-CO","@id":"https:\/\/colombiainteligente.org\/#\/schema\/logo\/image\/","url":"https:\/\/colombiainteligente.org\/wp-content\/uploads\/2022\/07\/Image.png","contentUrl":"https:\/\/colombiainteligente.org\/wp-content\/uploads\/2022\/07\/Image.png","width":588,"height":274,"caption":"Colombia Inteligente"},"image":{"@id":"https:\/\/colombiainteligente.org\/#\/schema\/logo\/image\/"},"sameAs":["https:\/\/x.com\/colombiaintelig","https:\/\/www.linkedin.com\/company\/colombiainteligente\/"]},{"@type":"Person","@id":"https:\/\/colombiainteligente.org\/#\/schema\/person\/7a8c7be348df0b891a16dc2fe342977d","name":"Luisa Buitrago","image":{"@type":"ImageObject","inLanguage":"es-CO","@id":"https:\/\/secure.gravatar.com\/avatar\/52ddc2638a82d555a120840263ecb4ee82a5e480ee730faa01e9b11ef7441d42?s=96&d=mm&r=g","url":"https:\/\/secure.gravatar.com\/avatar\/52ddc2638a82d555a120840263ecb4ee82a5e480ee730faa01e9b11ef7441d42?s=96&d=mm&r=g","contentUrl":"https:\/\/secure.gravatar.com\/avatar\/52ddc2638a82d555a120840263ecb4ee82a5e480ee730faa01e9b11ef7441d42?s=96&d=mm&r=g","caption":"Luisa Buitrago"},"url":"https:\/\/colombiainteligente.org\/es_co\/author\/luisa-buitragocolombiainteligente-org\/"}]}},"_links":{"self":[{"href":"https:\/\/colombiainteligente.org\/es_co\/wp-json\/wp\/v2\/posts\/2847","targetHints":{"allow":["GET"]}}],"collection":[{"href":"https:\/\/colombiainteligente.org\/es_co\/wp-json\/wp\/v2\/posts"}],"about":[{"href":"https:\/\/colombiainteligente.org\/es_co\/wp-json\/wp\/v2\/types\/post"}],"author":[{"embeddable":true,"href":"https:\/\/colombiainteligente.org\/es_co\/wp-json\/wp\/v2\/users\/27"}],"replies":[{"embeddable":true,"href":"https:\/\/colombiainteligente.org\/es_co\/wp-json\/wp\/v2\/comments?post=2847"}],"version-history":[{"count":7,"href":"https:\/\/colombiainteligente.org\/es_co\/wp-json\/wp\/v2\/posts\/2847\/revisions"}],"predecessor-version":[{"id":3718,"href":"https:\/\/colombiainteligente.org\/es_co\/wp-json\/wp\/v2\/posts\/2847\/revisions\/3718"}],"wp:featuredmedia":[{"embeddable":true,"href":"https:\/\/colombiainteligente.org\/es_co\/wp-json\/wp\/v2\/media\/2848"}],"wp:attachment":[{"href":"https:\/\/colombiainteligente.org\/es_co\/wp-json\/wp\/v2\/media?parent=2847"}],"wp:term":[{"taxonomy":"category","embeddable":true,"href":"https:\/\/colombiainteligente.org\/es_co\/wp-json\/wp\/v2\/categories?post=2847"},{"taxonomy":"post_tag","embeddable":true,"href":"https:\/\/colombiainteligente.org\/es_co\/wp-json\/wp\/v2\/tags?post=2847"}],"curies":[{"name":"wp","href":"https:\/\/api.w.org\/{rel}","templated":true}]}}