{"id":30330,"date":"2023-03-21T10:13:08","date_gmt":"2023-03-21T15:13:08","guid":{"rendered":"https:\/\/colombiainteligente.org\/?p=30330"},"modified":"2023-03-21T10:13:54","modified_gmt":"2023-03-21T15:13:54","slug":"getting-to-ubiquity-the-urban-and-rural-digital-divide","status":"publish","type":"post","link":"https:\/\/colombiainteligente.org\/es_co\/tendencias\/getting-to-ubiquity-the-urban-and-rural-digital-divide\/","title":{"rendered":"Getting to ubiquity: the urban and rural digital divide"},"content":{"rendered":"<div data-elementor-type=\"wp-post\" data-elementor-id=\"30330\" class=\"elementor elementor-30330\" data-elementor-post-type=\"post\">\n\t\t\t\t\t\t\t\t\t<section class=\"elementor-section elementor-top-section elementor-element elementor-element-87c6aa2 elementor-section-boxed elementor-section-height-default elementor-section-height-default\" data-id=\"87c6aa2\" data-element_type=\"section\">\n\t\t\t\t\t\t<div class=\"elementor-container elementor-column-gap-default\">\n\t\t\t\t\t<div class=\"elementor-column elementor-col-100 elementor-top-column elementor-element elementor-element-558bb819\" data-id=\"558bb819\" data-element_type=\"column\">\n\t\t\t<div class=\"elementor-widget-wrap elementor-element-populated\">\n\t\t\t\t\t\t\t\t<div class=\"elementor-element elementor-element-3067325c elementor-widget elementor-widget-text-editor\" data-id=\"3067325c\" data-element_type=\"widget\" data-widget_type=\"text-editor.default\">\n\t\t\t\t<div class=\"elementor-widget-container\">\n\t\t\t<style>\/*! elementor - v3.14.0 - 26-06-2023 *\/\n.elementor-widget-text-editor.elementor-drop-cap-view-stacked .elementor-drop-cap{background-color:#69727d;color:#fff}.elementor-widget-text-editor.elementor-drop-cap-view-framed .elementor-drop-cap{color:#69727d;border:3px solid;background-color:transparent}.elementor-widget-text-editor:not(.elementor-drop-cap-view-default) .elementor-drop-cap{margin-top:8px}.elementor-widget-text-editor:not(.elementor-drop-cap-view-default) .elementor-drop-cap-letter{width:1em;height:1em}.elementor-widget-text-editor .elementor-drop-cap{float:left;text-align:center;line-height:1;font-size:50px}.elementor-widget-text-editor .elementor-drop-cap-letter{display:inline-block}<\/style>\t\t\t\t<p><span class=\"TextRun SCXO73682853 BCX0\" lang=\"ES-ES\" xml:lang=\"ES-ES\" data-contrast=\"auto\"><span class=\"NormalTextRun SCXO73682853 BCX0\">Los tres \u00faltimos a\u00f1os han planteado exigencias sin precedentes a las redes de banda ancha fijas y m\u00f3viles y han convertido la banda ancha en una necesidad: Un \u00abcambio s\u00edsmico en la banda ancha, que ha pasado de ser el acceso al entretenimiento a convertirse en una misi\u00f3n cr\u00edtica para el trabajo desde casa, la educaci\u00f3n en l\u00ednea, la asistencia sanitaria a distancia, el desarrollo econ\u00f3mico y la calidad de vida en general\u00bb. Los organismos locales, estatales y federales han redoblado sus esfuerzos para cerrar lo que suele llamarse la \u00abbrecha digital\u00bb, que se refiere a la diferencia entre quienes tienen acceso a Internet de alta calidad y dispositivos digitales, y quienes no lo tienen, normalmente porque viven en una zona geogr\u00e1fica remota, rural o pobre, donde los operadores de red no han construido debido a la falta de argumentos comerciales convincentes o de rentabilidad de la inversi\u00f3n. Estos esfuerzos incluyen subsidios para la construcci\u00f3n de infraestructuras de red en esas zonas, as\u00ed como medidas centradas en la asequibilidad, la equidad digital y la adquisici\u00f3n de competencias digitales. La brecha digital se manifiesta, entre otros muchos aspectos, por el tipo de tecnolog\u00eda subyacente, las velocidades de que disponen, la asequibilidad o aspectos demogr\u00e1ficos como si los ni\u00f1os en edad escolar tienen acceso a Internet en casa.\u00a0<\/span><\/span><span class=\"TextRun SCXO73682853 BCX0\" lang=\"ES-ES\" xml:lang=\"ES-ES\" data-contrast=\"auto\"><span class=\"NormalTextRun SCXO73682853 BCX0\">La financiaci\u00f3n de la banda ancha es, en general, una de las pocas cuestiones que cuenta con un apoyo bipartidista fiable. Se ha convertido en una prioridad cada vez m\u00e1s importante, como demuestran los casi 130.000 millones de d\u00f3lares de financiaci\u00f3n federal, estatal y local que se est\u00e1n invirtiendo tanto a corto plazo como en la pr\u00f3xima d\u00e9cada.\u00a0<\/span><\/span><span class=\"TextRun SCXO73682853 BCX0\" lang=\"ES-ES\" xml:lang=\"ES-ES\" data-contrast=\"auto\"><span class=\"NormalTextRun SCXO73682853 BCX0\">Se trata de un auge a largo plazo, no de una burbuja de banda ancha. Todo ello se complementa con la inversi\u00f3n privada, que tambi\u00e9n se encuentra en niveles elevados debido a la continua expansi\u00f3n de los servicios de fibra y 5G por parte de peque\u00f1os y grandes proveedores.\u00a0<\/span><\/span><span class=\"TextRun SCXO73682853 BCX0\" lang=\"ES-ES\" xml:lang=\"ES-ES\" data-contrast=\"auto\"><span class=\"NormalTextRun SCXO73682853 BCX0\">Ampliar el acceso a la banda ancha tiene que ser el esfuerzo b\u00e1sico para cerrar la brecha digital en cualquiera de sus formas, la financiaci\u00f3n que se est\u00e1 destinando a la banda ancha se centra en general en proporcionar subvenciones suficientes para que la construcci\u00f3n de la red sea financieramente viable cuando de otro modo no lo ser\u00eda.<\/span><\/span><span class=\"EOP SCXO73682853 BCX0\">\u00a0<\/span><\/p><p>Para leer m\u00e1s ingrese a:<\/p><p><a href=\"https:\/\/content.rcrwireless.com\/rural_digital_divide_editorial_report\"><span data-contrast=\"auto\">https:\/\/content.rcrwireless.com\/rural_digital_divide_editorial_report<\/span><\/a><span data-contrast=\"auto\">\u00a0<\/span>\u00a0<\/p><p><a href=\"https:\/\/8928696.fs1.hubspotusercontent-na1.net\/hubfs\/8928696\/Feb2023_Ubiquity.pdf\"><span data-contrast=\"auto\">https:\/\/8928696.fs1.hubspotusercontent-na1.net\/hubfs\/8928696\/Feb2023_Ubiquity.pdf<\/span><\/a><span data-contrast=\"auto\">\u00a0<\/span>\u00a0<\/p>\t\t\t\t\t\t<\/div>\n\t\t\t\t<\/div>\n\t\t\t\t\t<\/div>\n\t\t<\/div>\n\t\t\t\t\t\t\t<\/div>\n\t\t<\/section>\n\t\t\t\t\t\t\t<\/div>\n\t\t<div style=\"text-align:center\" class=\"yasr-auto-insert-visitor\"><\/div>","protected":false},"excerpt":{"rendered":"<p>El siguiente estudio analiza el estado de los despliegues de banda ancha fija y m\u00f3vil para ampliar el acceso en entornos rurales y urbanos, y examina el papel de la asequibilidad en el debate sobre la brecha digital. <\/p>","protected":false},"author":23,"featured_media":30331,"comment_status":"open","ping_status":"open","sticky":false,"template":"","format":"standard","meta":{"yasr_overall_rating":0,"yasr_post_is_review":"","yasr_auto_insert_disabled":"","yasr_review_type":"","footnotes":""},"categories":[55,53],"tags":[],"class_list":["post-30330","post","type-post","status-publish","format-standard","has-post-thumbnail","hentry","category-digitalizacion","category-tendencias"],"yasr_visitor_votes":{"number_of_votes":0,"sum_votes":0,"stars_attributes":{"read_only":false,"span_bottom":false}},"yoast_head":"<!-- This site is optimized with the Yoast SEO plugin v27.3 - https:\/\/yoast.com\/product\/yoast-seo-wordpress\/ -->\n<title>Getting to ubiquity: the urban and rural digital divide - Colombia Inteligente<\/title>\n<meta name=\"robots\" content=\"index, follow, max-snippet:-1, max-image-preview:large, max-video-preview:-1\" \/>\n<link rel=\"canonical\" href=\"https:\/\/colombiainteligente.org\/es_co\/tendencias\/getting-to-ubiquity-the-urban-and-rural-digital-divide\/\" \/>\n<meta property=\"og:locale\" content=\"es_ES\" \/>\n<meta property=\"og:type\" content=\"article\" \/>\n<meta property=\"og:title\" content=\"Getting to ubiquity: the urban and rural digital divide - Colombia Inteligente\" \/>\n<meta property=\"og:description\" content=\"El siguiente estudio analiza el estado de los despliegues de banda ancha fija y m\u00f3vil para ampliar el acceso en entornos rurales y urbanos, y examina el papel de la asequibilidad en el debate sobre la brecha digital.\" \/>\n<meta property=\"og:url\" content=\"https:\/\/colombiainteligente.org\/es_co\/tendencias\/getting-to-ubiquity-the-urban-and-rural-digital-divide\/\" \/>\n<meta property=\"og:site_name\" content=\"Colombia Inteligente\" \/>\n<meta property=\"article:published_time\" content=\"2023-03-21T15:13:08+00:00\" \/>\n<meta property=\"article:modified_time\" content=\"2023-03-21T15:13:54+00:00\" \/>\n<meta property=\"og:image\" content=\"https:\/\/colombiainteligente.org\/wp-content\/uploads\/2023\/03\/Getting-to-ubiquity-the-urban-and-rural-digital-divide.png\" \/>\n\t<meta property=\"og:image:width\" content=\"406\" \/>\n\t<meta property=\"og:image:height\" content=\"522\" \/>\n\t<meta property=\"og:image:type\" content=\"image\/png\" \/>\n<meta name=\"author\" content=\"DIFUSI\u00d3N COLOMBIA INTELIGENTE\" \/>\n<meta name=\"twitter:card\" content=\"summary_large_image\" \/>\n<meta name=\"twitter:creator\" content=\"@colombiaintelig\" \/>\n<meta name=\"twitter:site\" content=\"@colombiaintelig\" \/>\n<meta name=\"twitter:label1\" content=\"Escrito por\" \/>\n\t<meta name=\"twitter:data1\" content=\"DIFUSI\u00d3N COLOMBIA INTELIGENTE\" \/>\n\t<meta name=\"twitter:label2\" content=\"Tiempo estimado de lectura\" \/>\n\t<meta name=\"twitter:data2\" content=\"2 minutos\" \/>\n<script type=\"application\/ld+json\" class=\"yoast-schema-graph\">{\"@context\":\"https:\\\/\\\/schema.org\",\"@graph\":[{\"@type\":\"Article\",\"@id\":\"https:\\\/\\\/colombiainteligente.org\\\/tendencias\\\/getting-to-ubiquity-the-urban-and-rural-digital-divide\\\/#article\",\"isPartOf\":{\"@id\":\"https:\\\/\\\/colombiainteligente.org\\\/tendencias\\\/getting-to-ubiquity-the-urban-and-rural-digital-divide\\\/\"},\"author\":{\"name\":\"DIFUSI\u00d3N COLOMBIA INTELIGENTE\",\"@id\":\"https:\\\/\\\/colombiainteligente.org\\\/#\\\/schema\\\/person\\\/e207145d548b75a6d339ff1d4d3b0432\"},\"headline\":\"Getting to ubiquity: the urban and rural digital divide\",\"datePublished\":\"2023-03-21T15:13:08+00:00\",\"dateModified\":\"2023-03-21T15:13:54+00:00\",\"mainEntityOfPage\":{\"@id\":\"https:\\\/\\\/colombiainteligente.org\\\/tendencias\\\/getting-to-ubiquity-the-urban-and-rural-digital-divide\\\/\"},\"wordCount\":442,\"commentCount\":0,\"publisher\":{\"@id\":\"https:\\\/\\\/colombiainteligente.org\\\/#organization\"},\"image\":{\"@id\":\"https:\\\/\\\/colombiainteligente.org\\\/tendencias\\\/getting-to-ubiquity-the-urban-and-rural-digital-divide\\\/#primaryimage\"},\"thumbnailUrl\":\"https:\\\/\\\/colombiainteligente.org\\\/wp-content\\\/uploads\\\/2023\\\/03\\\/Getting-to-ubiquity-the-urban-and-rural-digital-divide.png\",\"articleSection\":[\"Digitalizaci\u00f3n\",\"Tendencias\"],\"inLanguage\":\"es-CO\",\"potentialAction\":[{\"@type\":\"CommentAction\",\"name\":\"Comment\",\"target\":[\"https:\\\/\\\/colombiainteligente.org\\\/tendencias\\\/getting-to-ubiquity-the-urban-and-rural-digital-divide\\\/#respond\"]}]},{\"@type\":\"WebPage\",\"@id\":\"https:\\\/\\\/colombiainteligente.org\\\/tendencias\\\/getting-to-ubiquity-the-urban-and-rural-digital-divide\\\/\",\"url\":\"https:\\\/\\\/colombiainteligente.org\\\/tendencias\\\/getting-to-ubiquity-the-urban-and-rural-digital-divide\\\/\",\"name\":\"Getting to ubiquity: the urban and rural digital divide - Colombia Inteligente\",\"isPartOf\":{\"@id\":\"https:\\\/\\\/colombiainteligente.org\\\/#website\"},\"primaryImageOfPage\":{\"@id\":\"https:\\\/\\\/colombiainteligente.org\\\/tendencias\\\/getting-to-ubiquity-the-urban-and-rural-digital-divide\\\/#primaryimage\"},\"image\":{\"@id\":\"https:\\\/\\\/colombiainteligente.org\\\/tendencias\\\/getting-to-ubiquity-the-urban-and-rural-digital-divide\\\/#primaryimage\"},\"thumbnailUrl\":\"https:\\\/\\\/colombiainteligente.org\\\/wp-content\\\/uploads\\\/2023\\\/03\\\/Getting-to-ubiquity-the-urban-and-rural-digital-divide.png\",\"datePublished\":\"2023-03-21T15:13:08+00:00\",\"dateModified\":\"2023-03-21T15:13:54+00:00\",\"breadcrumb\":{\"@id\":\"https:\\\/\\\/colombiainteligente.org\\\/tendencias\\\/getting-to-ubiquity-the-urban-and-rural-digital-divide\\\/#breadcrumb\"},\"inLanguage\":\"es-CO\",\"potentialAction\":[{\"@type\":\"ReadAction\",\"target\":[\"https:\\\/\\\/colombiainteligente.org\\\/tendencias\\\/getting-to-ubiquity-the-urban-and-rural-digital-divide\\\/\"]}]},{\"@type\":\"ImageObject\",\"inLanguage\":\"es-CO\",\"@id\":\"https:\\\/\\\/colombiainteligente.org\\\/tendencias\\\/getting-to-ubiquity-the-urban-and-rural-digital-divide\\\/#primaryimage\",\"url\":\"https:\\\/\\\/colombiainteligente.org\\\/wp-content\\\/uploads\\\/2023\\\/03\\\/Getting-to-ubiquity-the-urban-and-rural-digital-divide.png\",\"contentUrl\":\"https:\\\/\\\/colombiainteligente.org\\\/wp-content\\\/uploads\\\/2023\\\/03\\\/Getting-to-ubiquity-the-urban-and-rural-digital-divide.png\",\"width\":406,\"height\":522,\"caption\":\"Getting-to-ubiquity-the-urban-and-rural-digital-divide.png\"},{\"@type\":\"BreadcrumbList\",\"@id\":\"https:\\\/\\\/colombiainteligente.org\\\/tendencias\\\/getting-to-ubiquity-the-urban-and-rural-digital-divide\\\/#breadcrumb\",\"itemListElement\":[{\"@type\":\"ListItem\",\"position\":1,\"name\":\"Portada\",\"item\":\"https:\\\/\\\/colombiainteligente.org\\\/\"},{\"@type\":\"ListItem\",\"position\":2,\"name\":\"Getting to ubiquity: the urban and rural digital divide\"}]},{\"@type\":\"WebSite\",\"@id\":\"https:\\\/\\\/colombiainteligente.org\\\/#website\",\"url\":\"https:\\\/\\\/colombiainteligente.org\\\/\",\"name\":\"Colombia Inteligente\",\"description\":\"Alianza estrat\u00e9gica, conformada por empresas y entidades, para la inserci\u00f3n integral y eficiente de las redes inteligentes a la infraestructura del sector el\u00e9ctrico colombiano\",\"publisher\":{\"@id\":\"https:\\\/\\\/colombiainteligente.org\\\/#organization\"},\"potentialAction\":[{\"@type\":\"SearchAction\",\"target\":{\"@type\":\"EntryPoint\",\"urlTemplate\":\"https:\\\/\\\/colombiainteligente.org\\\/?s={search_term_string}\"},\"query-input\":{\"@type\":\"PropertyValueSpecification\",\"valueRequired\":true,\"valueName\":\"search_term_string\"}}],\"inLanguage\":\"es-CO\"},{\"@type\":\"Organization\",\"@id\":\"https:\\\/\\\/colombiainteligente.org\\\/#organization\",\"name\":\"Colombia Inteligente\",\"url\":\"https:\\\/\\\/colombiainteligente.org\\\/\",\"logo\":{\"@type\":\"ImageObject\",\"inLanguage\":\"es-CO\",\"@id\":\"https:\\\/\\\/colombiainteligente.org\\\/#\\\/schema\\\/logo\\\/image\\\/\",\"url\":\"https:\\\/\\\/colombiainteligente.org\\\/wp-content\\\/uploads\\\/2022\\\/07\\\/Image.png\",\"contentUrl\":\"https:\\\/\\\/colombiainteligente.org\\\/wp-content\\\/uploads\\\/2022\\\/07\\\/Image.png\",\"width\":588,\"height\":274,\"caption\":\"Colombia Inteligente\"},\"image\":{\"@id\":\"https:\\\/\\\/colombiainteligente.org\\\/#\\\/schema\\\/logo\\\/image\\\/\"},\"sameAs\":[\"https:\\\/\\\/x.com\\\/colombiaintelig\",\"https:\\\/\\\/www.linkedin.com\\\/company\\\/colombiainteligente\\\/\"]},{\"@type\":\"Person\",\"@id\":\"https:\\\/\\\/colombiainteligente.org\\\/#\\\/schema\\\/person\\\/e207145d548b75a6d339ff1d4d3b0432\",\"name\":\"DIFUSI\u00d3N COLOMBIA INTELIGENTE\",\"image\":{\"@type\":\"ImageObject\",\"inLanguage\":\"es-CO\",\"@id\":\"https:\\\/\\\/secure.gravatar.com\\\/avatar\\\/df2e679ff2abf288cf4bf58830dad897e596908105ec8969f50f748a6d837869?s=96&d=mm&r=g\",\"url\":\"https:\\\/\\\/secure.gravatar.com\\\/avatar\\\/df2e679ff2abf288cf4bf58830dad897e596908105ec8969f50f748a6d837869?s=96&d=mm&r=g\",\"contentUrl\":\"https:\\\/\\\/secure.gravatar.com\\\/avatar\\\/df2e679ff2abf288cf4bf58830dad897e596908105ec8969f50f748a6d837869?s=96&d=mm&r=g\",\"caption\":\"DIFUSI\u00d3N COLOMBIA INTELIGENTE\"},\"url\":\"https:\\\/\\\/colombiainteligente.org\\\/es_co\\\/author\\\/difusioncolombiainteligente-org\\\/\"}]}<\/script>\n<!-- \/ Yoast SEO plugin. -->","yoast_head_json":{"title":"Getting to ubiquity: the urban and rural digital divide - Colombia Inteligente","robots":{"index":"index","follow":"follow","max-snippet":"max-snippet:-1","max-image-preview":"max-image-preview:large","max-video-preview":"max-video-preview:-1"},"canonical":"https:\/\/colombiainteligente.org\/es_co\/tendencias\/getting-to-ubiquity-the-urban-and-rural-digital-divide\/","og_locale":"es_ES","og_type":"article","og_title":"Getting to ubiquity: the urban and rural digital divide - Colombia Inteligente","og_description":"El siguiente estudio analiza el estado de los despliegues de banda ancha fija y m\u00f3vil para ampliar el acceso en entornos rurales y urbanos, y examina el papel de la asequibilidad en el debate sobre la brecha digital.","og_url":"https:\/\/colombiainteligente.org\/es_co\/tendencias\/getting-to-ubiquity-the-urban-and-rural-digital-divide\/","og_site_name":"Colombia Inteligente","article_published_time":"2023-03-21T15:13:08+00:00","article_modified_time":"2023-03-21T15:13:54+00:00","og_image":[{"width":406,"height":522,"url":"https:\/\/colombiainteligente.org\/wp-content\/uploads\/2023\/03\/Getting-to-ubiquity-the-urban-and-rural-digital-divide.png","type":"image\/png"}],"author":"DIFUSI\u00d3N COLOMBIA INTELIGENTE","twitter_card":"summary_large_image","twitter_creator":"@colombiaintelig","twitter_site":"@colombiaintelig","twitter_misc":{"Escrito por":"DIFUSI\u00d3N COLOMBIA INTELIGENTE","Tiempo estimado de lectura":"2 minutos"},"schema":{"@context":"https:\/\/schema.org","@graph":[{"@type":"Article","@id":"https:\/\/colombiainteligente.org\/tendencias\/getting-to-ubiquity-the-urban-and-rural-digital-divide\/#article","isPartOf":{"@id":"https:\/\/colombiainteligente.org\/tendencias\/getting-to-ubiquity-the-urban-and-rural-digital-divide\/"},"author":{"name":"DIFUSI\u00d3N COLOMBIA INTELIGENTE","@id":"https:\/\/colombiainteligente.org\/#\/schema\/person\/e207145d548b75a6d339ff1d4d3b0432"},"headline":"Getting to ubiquity: the urban and rural digital divide","datePublished":"2023-03-21T15:13:08+00:00","dateModified":"2023-03-21T15:13:54+00:00","mainEntityOfPage":{"@id":"https:\/\/colombiainteligente.org\/tendencias\/getting-to-ubiquity-the-urban-and-rural-digital-divide\/"},"wordCount":442,"commentCount":0,"publisher":{"@id":"https:\/\/colombiainteligente.org\/#organization"},"image":{"@id":"https:\/\/colombiainteligente.org\/tendencias\/getting-to-ubiquity-the-urban-and-rural-digital-divide\/#primaryimage"},"thumbnailUrl":"https:\/\/colombiainteligente.org\/wp-content\/uploads\/2023\/03\/Getting-to-ubiquity-the-urban-and-rural-digital-divide.png","articleSection":["Digitalizaci\u00f3n","Tendencias"],"inLanguage":"es-CO","potentialAction":[{"@type":"CommentAction","name":"Comment","target":["https:\/\/colombiainteligente.org\/tendencias\/getting-to-ubiquity-the-urban-and-rural-digital-divide\/#respond"]}]},{"@type":"WebPage","@id":"https:\/\/colombiainteligente.org\/tendencias\/getting-to-ubiquity-the-urban-and-rural-digital-divide\/","url":"https:\/\/colombiainteligente.org\/tendencias\/getting-to-ubiquity-the-urban-and-rural-digital-divide\/","name":"Getting to ubiquity: the urban and rural digital divide - Colombia Inteligente","isPartOf":{"@id":"https:\/\/colombiainteligente.org\/#website"},"primaryImageOfPage":{"@id":"https:\/\/colombiainteligente.org\/tendencias\/getting-to-ubiquity-the-urban-and-rural-digital-divide\/#primaryimage"},"image":{"@id":"https:\/\/colombiainteligente.org\/tendencias\/getting-to-ubiquity-the-urban-and-rural-digital-divide\/#primaryimage"},"thumbnailUrl":"https:\/\/colombiainteligente.org\/wp-content\/uploads\/2023\/03\/Getting-to-ubiquity-the-urban-and-rural-digital-divide.png","datePublished":"2023-03-21T15:13:08+00:00","dateModified":"2023-03-21T15:13:54+00:00","breadcrumb":{"@id":"https:\/\/colombiainteligente.org\/tendencias\/getting-to-ubiquity-the-urban-and-rural-digital-divide\/#breadcrumb"},"inLanguage":"es-CO","potentialAction":[{"@type":"ReadAction","target":["https:\/\/colombiainteligente.org\/tendencias\/getting-to-ubiquity-the-urban-and-rural-digital-divide\/"]}]},{"@type":"ImageObject","inLanguage":"es-CO","@id":"https:\/\/colombiainteligente.org\/tendencias\/getting-to-ubiquity-the-urban-and-rural-digital-divide\/#primaryimage","url":"https:\/\/colombiainteligente.org\/wp-content\/uploads\/2023\/03\/Getting-to-ubiquity-the-urban-and-rural-digital-divide.png","contentUrl":"https:\/\/colombiainteligente.org\/wp-content\/uploads\/2023\/03\/Getting-to-ubiquity-the-urban-and-rural-digital-divide.png","width":406,"height":522,"caption":"Getting-to-ubiquity-the-urban-and-rural-digital-divide.png"},{"@type":"BreadcrumbList","@id":"https:\/\/colombiainteligente.org\/tendencias\/getting-to-ubiquity-the-urban-and-rural-digital-divide\/#breadcrumb","itemListElement":[{"@type":"ListItem","position":1,"name":"Portada","item":"https:\/\/colombiainteligente.org\/"},{"@type":"ListItem","position":2,"name":"Getting to ubiquity: the urban and rural digital divide"}]},{"@type":"WebSite","@id":"https:\/\/colombiainteligente.org\/#website","url":"https:\/\/colombiainteligente.org\/","name":"Colombia Inteligente","description":"Alianza estrat\u00e9gica, conformada por empresas y entidades, para la inserci\u00f3n integral y eficiente de las redes inteligentes a la infraestructura del sector el\u00e9ctrico colombiano","publisher":{"@id":"https:\/\/colombiainteligente.org\/#organization"},"potentialAction":[{"@type":"SearchAction","target":{"@type":"EntryPoint","urlTemplate":"https:\/\/colombiainteligente.org\/?s={search_term_string}"},"query-input":{"@type":"PropertyValueSpecification","valueRequired":true,"valueName":"search_term_string"}}],"inLanguage":"es-CO"},{"@type":"Organization","@id":"https:\/\/colombiainteligente.org\/#organization","name":"Colombia Inteligente","url":"https:\/\/colombiainteligente.org\/","logo":{"@type":"ImageObject","inLanguage":"es-CO","@id":"https:\/\/colombiainteligente.org\/#\/schema\/logo\/image\/","url":"https:\/\/colombiainteligente.org\/wp-content\/uploads\/2022\/07\/Image.png","contentUrl":"https:\/\/colombiainteligente.org\/wp-content\/uploads\/2022\/07\/Image.png","width":588,"height":274,"caption":"Colombia Inteligente"},"image":{"@id":"https:\/\/colombiainteligente.org\/#\/schema\/logo\/image\/"},"sameAs":["https:\/\/x.com\/colombiaintelig","https:\/\/www.linkedin.com\/company\/colombiainteligente\/"]},{"@type":"Person","@id":"https:\/\/colombiainteligente.org\/#\/schema\/person\/e207145d548b75a6d339ff1d4d3b0432","name":"DIFUSI\u00d3N COLOMBIA INTELIGENTE","image":{"@type":"ImageObject","inLanguage":"es-CO","@id":"https:\/\/secure.gravatar.com\/avatar\/df2e679ff2abf288cf4bf58830dad897e596908105ec8969f50f748a6d837869?s=96&d=mm&r=g","url":"https:\/\/secure.gravatar.com\/avatar\/df2e679ff2abf288cf4bf58830dad897e596908105ec8969f50f748a6d837869?s=96&d=mm&r=g","contentUrl":"https:\/\/secure.gravatar.com\/avatar\/df2e679ff2abf288cf4bf58830dad897e596908105ec8969f50f748a6d837869?s=96&d=mm&r=g","caption":"DIFUSI\u00d3N COLOMBIA INTELIGENTE"},"url":"https:\/\/colombiainteligente.org\/es_co\/author\/difusioncolombiainteligente-org\/"}]}},"_links":{"self":[{"href":"https:\/\/colombiainteligente.org\/es_co\/wp-json\/wp\/v2\/posts\/30330","targetHints":{"allow":["GET"]}}],"collection":[{"href":"https:\/\/colombiainteligente.org\/es_co\/wp-json\/wp\/v2\/posts"}],"about":[{"href":"https:\/\/colombiainteligente.org\/es_co\/wp-json\/wp\/v2\/types\/post"}],"author":[{"embeddable":true,"href":"https:\/\/colombiainteligente.org\/es_co\/wp-json\/wp\/v2\/users\/23"}],"replies":[{"embeddable":true,"href":"https:\/\/colombiainteligente.org\/es_co\/wp-json\/wp\/v2\/comments?post=30330"}],"version-history":[{"count":4,"href":"https:\/\/colombiainteligente.org\/es_co\/wp-json\/wp\/v2\/posts\/30330\/revisions"}],"predecessor-version":[{"id":30335,"href":"https:\/\/colombiainteligente.org\/es_co\/wp-json\/wp\/v2\/posts\/30330\/revisions\/30335"}],"wp:featuredmedia":[{"embeddable":true,"href":"https:\/\/colombiainteligente.org\/es_co\/wp-json\/wp\/v2\/media\/30331"}],"wp:attachment":[{"href":"https:\/\/colombiainteligente.org\/es_co\/wp-json\/wp\/v2\/media?parent=30330"}],"wp:term":[{"taxonomy":"category","embeddable":true,"href":"https:\/\/colombiainteligente.org\/es_co\/wp-json\/wp\/v2\/categories?post=30330"},{"taxonomy":"post_tag","embeddable":true,"href":"https:\/\/colombiainteligente.org\/es_co\/wp-json\/wp\/v2\/tags?post=30330"}],"curies":[{"name":"wp","href":"https:\/\/api.w.org\/{rel}","templated":true}]}}