{"id":3177,"date":"2022-11-21T14:46:07","date_gmt":"2022-11-21T19:46:07","guid":{"rendered":"https:\/\/colombiainteligente.org\/?p=3177"},"modified":"2022-12-12T14:46:58","modified_gmt":"2022-12-12T19:46:58","slug":"accelerating-hydrogen-deployment-in-the-g7-recommendations-for-the-hydrogen-action-pact-2","status":"publish","type":"post","link":"https:\/\/colombiainteligente.org\/es_co\/tendencias\/accelerating-hydrogen-deployment-in-the-g7-recommendations-for-the-hydrogen-action-pact-2\/","title":{"rendered":"Accelerating hydrogen deployment in the G7: Recommendations for the Hydrogen Action Pact"},"content":{"rendered":"<div data-elementor-type=\"wp-post\" data-elementor-id=\"3177\" class=\"elementor elementor-3177\" data-elementor-post-type=\"post\">\n\t\t\t\t\t\t\t\t\t<section class=\"elementor-section elementor-top-section elementor-element elementor-element-79148795 elementor-section-boxed elementor-section-height-default elementor-section-height-default\" data-id=\"79148795\" data-element_type=\"section\">\n\t\t\t\t\t\t<div class=\"elementor-container elementor-column-gap-default\">\n\t\t\t\t\t<div class=\"elementor-column elementor-col-100 elementor-top-column elementor-element elementor-element-1ece4ebf\" data-id=\"1ece4ebf\" data-element_type=\"column\">\n\t\t\t<div class=\"elementor-widget-wrap elementor-element-populated\">\n\t\t\t\t\t\t\t\t<div class=\"elementor-element elementor-element-7a61c7e5 elementor-widget elementor-widget-text-editor\" data-id=\"7a61c7e5\" data-element_type=\"widget\" data-widget_type=\"text-editor.default\">\n\t\t\t\t<div class=\"elementor-widget-container\">\n\t\t\t<style>\/*! elementor - v3.14.0 - 26-06-2023 *\/\n.elementor-widget-text-editor.elementor-drop-cap-view-stacked .elementor-drop-cap{background-color:#69727d;color:#fff}.elementor-widget-text-editor.elementor-drop-cap-view-framed .elementor-drop-cap{color:#69727d;border:3px solid;background-color:transparent}.elementor-widget-text-editor:not(.elementor-drop-cap-view-default) .elementor-drop-cap{margin-top:8px}.elementor-widget-text-editor:not(.elementor-drop-cap-view-default) .elementor-drop-cap-letter{width:1em;height:1em}.elementor-widget-text-editor .elementor-drop-cap{float:left;text-align:center;line-height:1;font-size:50px}.elementor-widget-text-editor .elementor-drop-cap-letter{display:inline-block}<\/style>\t\t\t\t<p>Lanzado por el G7 en mayo de 2022, el Pacto de Acci\u00f3n para el Hidr\u00f3geno (HAP) pretende reforzar la acci\u00f3n conjunta en materia de power-to-X (almacenamiento de electricidad mediante su conversi\u00f3n en hidr\u00f3geno), hidr\u00f3geno y derivados (especialmente amon\u00edaco), y racionalizar la aplicaci\u00f3n de las iniciativas multilaterales existentes. Este informe resume brevemente la situaci\u00f3n y las perspectivas del hidr\u00f3geno en cada uno de los miembros del G7, incluyendo an\u00e1lisis de la tecnolog\u00eda, los costes, la estrategia y el apoyo pol\u00edtico declarado para cada pa\u00eds, y presenta recomendaciones para acelerar el comercio mundial del hidr\u00f3geno.<\/p><p>The report features the outcomes of a cross-strategy analysis that was conducted to establish trends and common priorities, and identify differences and misalignments within the G7 membership. It also identifies the main areas where collaboration among G7 members can make the most significant difference in advancing hydrogen deployment, and provides specific recommendations for G7 members in each area. It concludes that G7 countries should promote the uptake of hydrogen use in hard-to-decarbonise sectors, while working together on certification, technology, policy making and communication.<\/p><p>Para leer m\u00e1s ingrese a:<\/p><p><a href=\"https:\/\/www.irena.org\/Search?query=&amp;orderBy=Date&amp;contentType=2973584f-e344-4511-b43e-28543f6aede4\">https:\/\/www.irena.org\/Search?query=&amp;orderBy=Date&amp;contentType=2973584f-e344-4511-b43e-28543f6aede4<\/a><\/p><p><a href=\"https:\/\/mc-cd8320d4-36a1-40ac-83cc-3389-cdn-endpoint.azureedge.net\/-\/media\/Files\/IRENA\/Agency\/Publication\/2022\/Nov\/IRENA_Hydrogen_deployment_G7_2022.pdf?rev=ef39150b82754588b2f31bd5afc74c01\">https:\/\/mc-cd8320d4-36a1-40ac-83cc-3389-cdn-endpoint.azureedge.net\/-\/media\/Files\/IRENA\/Agency\/Publication\/2022\/Nov\/IRENA_Hydrogen_deployment_G7_2022.pdf?rev=ef39150b82754588b2f31bd5afc74c01<\/a><\/p>\t\t\t\t\t\t<\/div>\n\t\t\t\t<\/div>\n\t\t\t\t\t<\/div>\n\t\t<\/div>\n\t\t\t\t\t\t\t<\/div>\n\t\t<\/section>\n\t\t\t\t\t\t\t<\/div>\n\t\t<div style=\"text-align:center\" class=\"yasr-auto-insert-visitor\"><\/div>","protected":false},"excerpt":{"rendered":"<p>Lanzado por el G7 en mayo de 2022, el Pacto de Acci\u00f3n para el Hidr\u00f3geno (HAP) pretende reforzar la acci\u00f3n conjunta en materia de power-to-X (almacenamiento de electricidad mediante su conversi\u00f3n en hidr\u00f3geno), hidr\u00f3geno y derivados (especialmente amon\u00edaco), y racionalizar la aplicaci\u00f3n de las iniciativas multilaterales existentes. Este informe resume brevemente la situaci\u00f3n y las perspectivas del hidr\u00f3geno en cada uno de los miembros del G7, incluyendo an\u00e1lisis de la tecnolog\u00eda, los costes, la estrategia y el apoyo pol\u00edtico declarado para cada pa\u00eds, y presenta recomendaciones para acelerar el comercio mundial del hidr\u00f3geno.<\/p>","protected":false},"author":23,"featured_media":3162,"comment_status":"open","ping_status":"open","sticky":false,"template":"","format":"standard","meta":{"yasr_overall_rating":0,"yasr_post_is_review":"","yasr_auto_insert_disabled":"","yasr_review_type":"","footnotes":""},"categories":[56,53],"tags":[],"class_list":["post-3177","post","type-post","status-publish","format-standard","has-post-thumbnail","hentry","category-convergencia-y-sostenibilidad","category-tendencias"],"yasr_visitor_votes":{"number_of_votes":0,"sum_votes":0,"stars_attributes":{"read_only":false,"span_bottom":false}},"yoast_head":"<!-- This site is optimized with the Yoast SEO plugin v27.3 - https:\/\/yoast.com\/product\/yoast-seo-wordpress\/ -->\n<title>Accelerating hydrogen deployment in the G7: Recommendations for the Hydrogen Action Pact - Colombia Inteligente<\/title>\n<meta name=\"robots\" content=\"index, follow, max-snippet:-1, max-image-preview:large, max-video-preview:-1\" \/>\n<link rel=\"canonical\" href=\"https:\/\/colombiainteligente.org\/es_co\/tendencias\/accelerating-hydrogen-deployment-in-the-g7-recommendations-for-the-hydrogen-action-pact-2\/\" \/>\n<meta property=\"og:locale\" content=\"es_ES\" \/>\n<meta property=\"og:type\" content=\"article\" \/>\n<meta property=\"og:title\" content=\"Accelerating hydrogen deployment in the G7: Recommendations for the Hydrogen Action Pact - Colombia Inteligente\" \/>\n<meta property=\"og:description\" content=\"Lanzado por el G7 en mayo de 2022, el Pacto de Acci\u00f3n para el Hidr\u00f3geno (HAP) pretende reforzar la acci\u00f3n conjunta en materia de power-to-X (almacenamiento de electricidad mediante su conversi\u00f3n en hidr\u00f3geno), hidr\u00f3geno y derivados (especialmente amon\u00edaco), y racionalizar la aplicaci\u00f3n de las iniciativas multilaterales existentes. Este informe resume brevemente la situaci\u00f3n y las perspectivas del hidr\u00f3geno en cada uno de los miembros del G7, incluyendo an\u00e1lisis de la tecnolog\u00eda, los costes, la estrategia y el apoyo pol\u00edtico declarado para cada pa\u00eds, y presenta recomendaciones para acelerar el comercio mundial del hidr\u00f3geno.\" \/>\n<meta property=\"og:url\" content=\"https:\/\/colombiainteligente.org\/es_co\/tendencias\/accelerating-hydrogen-deployment-in-the-g7-recommendations-for-the-hydrogen-action-pact-2\/\" \/>\n<meta property=\"og:site_name\" content=\"Colombia Inteligente\" \/>\n<meta property=\"article:published_time\" content=\"2022-11-21T19:46:07+00:00\" \/>\n<meta property=\"article:modified_time\" content=\"2022-12-12T19:46:58+00:00\" \/>\n<meta property=\"og:image\" content=\"https:\/\/colombiainteligente.org\/wp-content\/uploads\/2022\/12\/Accelerating-hydrogen-deployment-in-the-G7-Recommendations-for-the-Hydrogen-Action-Pact.jpg\" \/>\n\t<meta property=\"og:image:width\" content=\"355\" \/>\n\t<meta property=\"og:image:height\" content=\"501\" \/>\n\t<meta property=\"og:image:type\" content=\"image\/jpeg\" \/>\n<meta name=\"author\" content=\"DIFUSI\u00d3N COLOMBIA INTELIGENTE\" \/>\n<meta name=\"twitter:card\" content=\"summary_large_image\" \/>\n<meta name=\"twitter:creator\" content=\"@colombiaintelig\" \/>\n<meta name=\"twitter:site\" content=\"@colombiaintelig\" \/>\n<meta name=\"twitter:label1\" content=\"Escrito por\" \/>\n\t<meta name=\"twitter:data1\" content=\"DIFUSI\u00d3N COLOMBIA INTELIGENTE\" \/>\n\t<meta name=\"twitter:label2\" content=\"Tiempo estimado de lectura\" \/>\n\t<meta name=\"twitter:data2\" content=\"1 minuto\" \/>\n<script type=\"application\/ld+json\" class=\"yoast-schema-graph\">{\"@context\":\"https:\\\/\\\/schema.org\",\"@graph\":[{\"@type\":\"Article\",\"@id\":\"https:\\\/\\\/colombiainteligente.org\\\/tendencias\\\/accelerating-hydrogen-deployment-in-the-g7-recommendations-for-the-hydrogen-action-pact-2\\\/#article\",\"isPartOf\":{\"@id\":\"https:\\\/\\\/colombiainteligente.org\\\/tendencias\\\/accelerating-hydrogen-deployment-in-the-g7-recommendations-for-the-hydrogen-action-pact-2\\\/\"},\"author\":{\"name\":\"DIFUSI\u00d3N COLOMBIA INTELIGENTE\",\"@id\":\"https:\\\/\\\/colombiainteligente.org\\\/#\\\/schema\\\/person\\\/e207145d548b75a6d339ff1d4d3b0432\"},\"headline\":\"Accelerating hydrogen deployment in the G7: Recommendations for the Hydrogen Action Pact\",\"datePublished\":\"2022-11-21T19:46:07+00:00\",\"dateModified\":\"2022-12-12T19:46:58+00:00\",\"mainEntityOfPage\":{\"@id\":\"https:\\\/\\\/colombiainteligente.org\\\/tendencias\\\/accelerating-hydrogen-deployment-in-the-g7-recommendations-for-the-hydrogen-action-pact-2\\\/\"},\"wordCount\":256,\"commentCount\":0,\"publisher\":{\"@id\":\"https:\\\/\\\/colombiainteligente.org\\\/#organization\"},\"image\":{\"@id\":\"https:\\\/\\\/colombiainteligente.org\\\/tendencias\\\/accelerating-hydrogen-deployment-in-the-g7-recommendations-for-the-hydrogen-action-pact-2\\\/#primaryimage\"},\"thumbnailUrl\":\"https:\\\/\\\/colombiainteligente.org\\\/wp-content\\\/uploads\\\/2022\\\/12\\\/Accelerating-hydrogen-deployment-in-the-G7-Recommendations-for-the-Hydrogen-Action-Pact.jpg\",\"articleSection\":[\"Convergencia y Sostenibilidad\",\"Tendencias\"],\"inLanguage\":\"es-CO\",\"potentialAction\":[{\"@type\":\"CommentAction\",\"name\":\"Comment\",\"target\":[\"https:\\\/\\\/colombiainteligente.org\\\/tendencias\\\/accelerating-hydrogen-deployment-in-the-g7-recommendations-for-the-hydrogen-action-pact-2\\\/#respond\"]}]},{\"@type\":\"WebPage\",\"@id\":\"https:\\\/\\\/colombiainteligente.org\\\/tendencias\\\/accelerating-hydrogen-deployment-in-the-g7-recommendations-for-the-hydrogen-action-pact-2\\\/\",\"url\":\"https:\\\/\\\/colombiainteligente.org\\\/tendencias\\\/accelerating-hydrogen-deployment-in-the-g7-recommendations-for-the-hydrogen-action-pact-2\\\/\",\"name\":\"Accelerating hydrogen deployment in the G7: Recommendations for the Hydrogen Action Pact - Colombia Inteligente\",\"isPartOf\":{\"@id\":\"https:\\\/\\\/colombiainteligente.org\\\/#website\"},\"primaryImageOfPage\":{\"@id\":\"https:\\\/\\\/colombiainteligente.org\\\/tendencias\\\/accelerating-hydrogen-deployment-in-the-g7-recommendations-for-the-hydrogen-action-pact-2\\\/#primaryimage\"},\"image\":{\"@id\":\"https:\\\/\\\/colombiainteligente.org\\\/tendencias\\\/accelerating-hydrogen-deployment-in-the-g7-recommendations-for-the-hydrogen-action-pact-2\\\/#primaryimage\"},\"thumbnailUrl\":\"https:\\\/\\\/colombiainteligente.org\\\/wp-content\\\/uploads\\\/2022\\\/12\\\/Accelerating-hydrogen-deployment-in-the-G7-Recommendations-for-the-Hydrogen-Action-Pact.jpg\",\"datePublished\":\"2022-11-21T19:46:07+00:00\",\"dateModified\":\"2022-12-12T19:46:58+00:00\",\"breadcrumb\":{\"@id\":\"https:\\\/\\\/colombiainteligente.org\\\/tendencias\\\/accelerating-hydrogen-deployment-in-the-g7-recommendations-for-the-hydrogen-action-pact-2\\\/#breadcrumb\"},\"inLanguage\":\"es-CO\",\"potentialAction\":[{\"@type\":\"ReadAction\",\"target\":[\"https:\\\/\\\/colombiainteligente.org\\\/tendencias\\\/accelerating-hydrogen-deployment-in-the-g7-recommendations-for-the-hydrogen-action-pact-2\\\/\"]}]},{\"@type\":\"ImageObject\",\"inLanguage\":\"es-CO\",\"@id\":\"https:\\\/\\\/colombiainteligente.org\\\/tendencias\\\/accelerating-hydrogen-deployment-in-the-g7-recommendations-for-the-hydrogen-action-pact-2\\\/#primaryimage\",\"url\":\"https:\\\/\\\/colombiainteligente.org\\\/wp-content\\\/uploads\\\/2022\\\/12\\\/Accelerating-hydrogen-deployment-in-the-G7-Recommendations-for-the-Hydrogen-Action-Pact.jpg\",\"contentUrl\":\"https:\\\/\\\/colombiainteligente.org\\\/wp-content\\\/uploads\\\/2022\\\/12\\\/Accelerating-hydrogen-deployment-in-the-G7-Recommendations-for-the-Hydrogen-Action-Pact.jpg\",\"width\":355,\"height\":501,\"caption\":\"Accelerating-hydrogen-deployment-in-the-G7-Recommendations-for-the-Hydrogen-Action-Pact.jpg\"},{\"@type\":\"BreadcrumbList\",\"@id\":\"https:\\\/\\\/colombiainteligente.org\\\/tendencias\\\/accelerating-hydrogen-deployment-in-the-g7-recommendations-for-the-hydrogen-action-pact-2\\\/#breadcrumb\",\"itemListElement\":[{\"@type\":\"ListItem\",\"position\":1,\"name\":\"Portada\",\"item\":\"https:\\\/\\\/colombiainteligente.org\\\/\"},{\"@type\":\"ListItem\",\"position\":2,\"name\":\"Accelerating hydrogen deployment in the G7: Recommendations for the Hydrogen Action Pact\"}]},{\"@type\":\"WebSite\",\"@id\":\"https:\\\/\\\/colombiainteligente.org\\\/#website\",\"url\":\"https:\\\/\\\/colombiainteligente.org\\\/\",\"name\":\"Colombia Inteligente\",\"description\":\"Alianza estrat\u00e9gica, conformada por empresas y entidades, para la inserci\u00f3n integral y eficiente de las redes inteligentes a la infraestructura del sector el\u00e9ctrico colombiano\",\"publisher\":{\"@id\":\"https:\\\/\\\/colombiainteligente.org\\\/#organization\"},\"potentialAction\":[{\"@type\":\"SearchAction\",\"target\":{\"@type\":\"EntryPoint\",\"urlTemplate\":\"https:\\\/\\\/colombiainteligente.org\\\/?s={search_term_string}\"},\"query-input\":{\"@type\":\"PropertyValueSpecification\",\"valueRequired\":true,\"valueName\":\"search_term_string\"}}],\"inLanguage\":\"es-CO\"},{\"@type\":\"Organization\",\"@id\":\"https:\\\/\\\/colombiainteligente.org\\\/#organization\",\"name\":\"Colombia Inteligente\",\"url\":\"https:\\\/\\\/colombiainteligente.org\\\/\",\"logo\":{\"@type\":\"ImageObject\",\"inLanguage\":\"es-CO\",\"@id\":\"https:\\\/\\\/colombiainteligente.org\\\/#\\\/schema\\\/logo\\\/image\\\/\",\"url\":\"https:\\\/\\\/colombiainteligente.org\\\/wp-content\\\/uploads\\\/2022\\\/07\\\/Image.png\",\"contentUrl\":\"https:\\\/\\\/colombiainteligente.org\\\/wp-content\\\/uploads\\\/2022\\\/07\\\/Image.png\",\"width\":588,\"height\":274,\"caption\":\"Colombia Inteligente\"},\"image\":{\"@id\":\"https:\\\/\\\/colombiainteligente.org\\\/#\\\/schema\\\/logo\\\/image\\\/\"},\"sameAs\":[\"https:\\\/\\\/x.com\\\/colombiaintelig\",\"https:\\\/\\\/www.linkedin.com\\\/company\\\/colombiainteligente\\\/\"]},{\"@type\":\"Person\",\"@id\":\"https:\\\/\\\/colombiainteligente.org\\\/#\\\/schema\\\/person\\\/e207145d548b75a6d339ff1d4d3b0432\",\"name\":\"DIFUSI\u00d3N COLOMBIA INTELIGENTE\",\"image\":{\"@type\":\"ImageObject\",\"inLanguage\":\"es-CO\",\"@id\":\"https:\\\/\\\/secure.gravatar.com\\\/avatar\\\/df2e679ff2abf288cf4bf58830dad897e596908105ec8969f50f748a6d837869?s=96&d=mm&r=g\",\"url\":\"https:\\\/\\\/secure.gravatar.com\\\/avatar\\\/df2e679ff2abf288cf4bf58830dad897e596908105ec8969f50f748a6d837869?s=96&d=mm&r=g\",\"contentUrl\":\"https:\\\/\\\/secure.gravatar.com\\\/avatar\\\/df2e679ff2abf288cf4bf58830dad897e596908105ec8969f50f748a6d837869?s=96&d=mm&r=g\",\"caption\":\"DIFUSI\u00d3N COLOMBIA INTELIGENTE\"},\"url\":\"https:\\\/\\\/colombiainteligente.org\\\/es_co\\\/author\\\/difusioncolombiainteligente-org\\\/\"}]}<\/script>\n<!-- \/ Yoast SEO plugin. -->","yoast_head_json":{"title":"Accelerating hydrogen deployment in the G7: Recommendations for the Hydrogen Action Pact - Colombia Inteligente","robots":{"index":"index","follow":"follow","max-snippet":"max-snippet:-1","max-image-preview":"max-image-preview:large","max-video-preview":"max-video-preview:-1"},"canonical":"https:\/\/colombiainteligente.org\/es_co\/tendencias\/accelerating-hydrogen-deployment-in-the-g7-recommendations-for-the-hydrogen-action-pact-2\/","og_locale":"es_ES","og_type":"article","og_title":"Accelerating hydrogen deployment in the G7: Recommendations for the Hydrogen Action Pact - Colombia Inteligente","og_description":"Lanzado por el G7 en mayo de 2022, el Pacto de Acci\u00f3n para el Hidr\u00f3geno (HAP) pretende reforzar la acci\u00f3n conjunta en materia de power-to-X (almacenamiento de electricidad mediante su conversi\u00f3n en hidr\u00f3geno), hidr\u00f3geno y derivados (especialmente amon\u00edaco), y racionalizar la aplicaci\u00f3n de las iniciativas multilaterales existentes. Este informe resume brevemente la situaci\u00f3n y las perspectivas del hidr\u00f3geno en cada uno de los miembros del G7, incluyendo an\u00e1lisis de la tecnolog\u00eda, los costes, la estrategia y el apoyo pol\u00edtico declarado para cada pa\u00eds, y presenta recomendaciones para acelerar el comercio mundial del hidr\u00f3geno.","og_url":"https:\/\/colombiainteligente.org\/es_co\/tendencias\/accelerating-hydrogen-deployment-in-the-g7-recommendations-for-the-hydrogen-action-pact-2\/","og_site_name":"Colombia Inteligente","article_published_time":"2022-11-21T19:46:07+00:00","article_modified_time":"2022-12-12T19:46:58+00:00","og_image":[{"width":355,"height":501,"url":"https:\/\/colombiainteligente.org\/wp-content\/uploads\/2022\/12\/Accelerating-hydrogen-deployment-in-the-G7-Recommendations-for-the-Hydrogen-Action-Pact.jpg","type":"image\/jpeg"}],"author":"DIFUSI\u00d3N COLOMBIA INTELIGENTE","twitter_card":"summary_large_image","twitter_creator":"@colombiaintelig","twitter_site":"@colombiaintelig","twitter_misc":{"Escrito por":"DIFUSI\u00d3N COLOMBIA INTELIGENTE","Tiempo estimado de lectura":"1 minuto"},"schema":{"@context":"https:\/\/schema.org","@graph":[{"@type":"Article","@id":"https:\/\/colombiainteligente.org\/tendencias\/accelerating-hydrogen-deployment-in-the-g7-recommendations-for-the-hydrogen-action-pact-2\/#article","isPartOf":{"@id":"https:\/\/colombiainteligente.org\/tendencias\/accelerating-hydrogen-deployment-in-the-g7-recommendations-for-the-hydrogen-action-pact-2\/"},"author":{"name":"DIFUSI\u00d3N COLOMBIA INTELIGENTE","@id":"https:\/\/colombiainteligente.org\/#\/schema\/person\/e207145d548b75a6d339ff1d4d3b0432"},"headline":"Accelerating hydrogen deployment in the G7: Recommendations for the Hydrogen Action Pact","datePublished":"2022-11-21T19:46:07+00:00","dateModified":"2022-12-12T19:46:58+00:00","mainEntityOfPage":{"@id":"https:\/\/colombiainteligente.org\/tendencias\/accelerating-hydrogen-deployment-in-the-g7-recommendations-for-the-hydrogen-action-pact-2\/"},"wordCount":256,"commentCount":0,"publisher":{"@id":"https:\/\/colombiainteligente.org\/#organization"},"image":{"@id":"https:\/\/colombiainteligente.org\/tendencias\/accelerating-hydrogen-deployment-in-the-g7-recommendations-for-the-hydrogen-action-pact-2\/#primaryimage"},"thumbnailUrl":"https:\/\/colombiainteligente.org\/wp-content\/uploads\/2022\/12\/Accelerating-hydrogen-deployment-in-the-G7-Recommendations-for-the-Hydrogen-Action-Pact.jpg","articleSection":["Convergencia y Sostenibilidad","Tendencias"],"inLanguage":"es-CO","potentialAction":[{"@type":"CommentAction","name":"Comment","target":["https:\/\/colombiainteligente.org\/tendencias\/accelerating-hydrogen-deployment-in-the-g7-recommendations-for-the-hydrogen-action-pact-2\/#respond"]}]},{"@type":"WebPage","@id":"https:\/\/colombiainteligente.org\/tendencias\/accelerating-hydrogen-deployment-in-the-g7-recommendations-for-the-hydrogen-action-pact-2\/","url":"https:\/\/colombiainteligente.org\/tendencias\/accelerating-hydrogen-deployment-in-the-g7-recommendations-for-the-hydrogen-action-pact-2\/","name":"Accelerating hydrogen deployment in the G7: Recommendations for the Hydrogen Action Pact - Colombia Inteligente","isPartOf":{"@id":"https:\/\/colombiainteligente.org\/#website"},"primaryImageOfPage":{"@id":"https:\/\/colombiainteligente.org\/tendencias\/accelerating-hydrogen-deployment-in-the-g7-recommendations-for-the-hydrogen-action-pact-2\/#primaryimage"},"image":{"@id":"https:\/\/colombiainteligente.org\/tendencias\/accelerating-hydrogen-deployment-in-the-g7-recommendations-for-the-hydrogen-action-pact-2\/#primaryimage"},"thumbnailUrl":"https:\/\/colombiainteligente.org\/wp-content\/uploads\/2022\/12\/Accelerating-hydrogen-deployment-in-the-G7-Recommendations-for-the-Hydrogen-Action-Pact.jpg","datePublished":"2022-11-21T19:46:07+00:00","dateModified":"2022-12-12T19:46:58+00:00","breadcrumb":{"@id":"https:\/\/colombiainteligente.org\/tendencias\/accelerating-hydrogen-deployment-in-the-g7-recommendations-for-the-hydrogen-action-pact-2\/#breadcrumb"},"inLanguage":"es-CO","potentialAction":[{"@type":"ReadAction","target":["https:\/\/colombiainteligente.org\/tendencias\/accelerating-hydrogen-deployment-in-the-g7-recommendations-for-the-hydrogen-action-pact-2\/"]}]},{"@type":"ImageObject","inLanguage":"es-CO","@id":"https:\/\/colombiainteligente.org\/tendencias\/accelerating-hydrogen-deployment-in-the-g7-recommendations-for-the-hydrogen-action-pact-2\/#primaryimage","url":"https:\/\/colombiainteligente.org\/wp-content\/uploads\/2022\/12\/Accelerating-hydrogen-deployment-in-the-G7-Recommendations-for-the-Hydrogen-Action-Pact.jpg","contentUrl":"https:\/\/colombiainteligente.org\/wp-content\/uploads\/2022\/12\/Accelerating-hydrogen-deployment-in-the-G7-Recommendations-for-the-Hydrogen-Action-Pact.jpg","width":355,"height":501,"caption":"Accelerating-hydrogen-deployment-in-the-G7-Recommendations-for-the-Hydrogen-Action-Pact.jpg"},{"@type":"BreadcrumbList","@id":"https:\/\/colombiainteligente.org\/tendencias\/accelerating-hydrogen-deployment-in-the-g7-recommendations-for-the-hydrogen-action-pact-2\/#breadcrumb","itemListElement":[{"@type":"ListItem","position":1,"name":"Portada","item":"https:\/\/colombiainteligente.org\/"},{"@type":"ListItem","position":2,"name":"Accelerating hydrogen deployment in the G7: Recommendations for the Hydrogen Action Pact"}]},{"@type":"WebSite","@id":"https:\/\/colombiainteligente.org\/#website","url":"https:\/\/colombiainteligente.org\/","name":"Colombia Inteligente","description":"Alianza estrat\u00e9gica, conformada por empresas y entidades, para la inserci\u00f3n integral y eficiente de las redes inteligentes a la infraestructura del sector el\u00e9ctrico colombiano","publisher":{"@id":"https:\/\/colombiainteligente.org\/#organization"},"potentialAction":[{"@type":"SearchAction","target":{"@type":"EntryPoint","urlTemplate":"https:\/\/colombiainteligente.org\/?s={search_term_string}"},"query-input":{"@type":"PropertyValueSpecification","valueRequired":true,"valueName":"search_term_string"}}],"inLanguage":"es-CO"},{"@type":"Organization","@id":"https:\/\/colombiainteligente.org\/#organization","name":"Colombia Inteligente","url":"https:\/\/colombiainteligente.org\/","logo":{"@type":"ImageObject","inLanguage":"es-CO","@id":"https:\/\/colombiainteligente.org\/#\/schema\/logo\/image\/","url":"https:\/\/colombiainteligente.org\/wp-content\/uploads\/2022\/07\/Image.png","contentUrl":"https:\/\/colombiainteligente.org\/wp-content\/uploads\/2022\/07\/Image.png","width":588,"height":274,"caption":"Colombia Inteligente"},"image":{"@id":"https:\/\/colombiainteligente.org\/#\/schema\/logo\/image\/"},"sameAs":["https:\/\/x.com\/colombiaintelig","https:\/\/www.linkedin.com\/company\/colombiainteligente\/"]},{"@type":"Person","@id":"https:\/\/colombiainteligente.org\/#\/schema\/person\/e207145d548b75a6d339ff1d4d3b0432","name":"DIFUSI\u00d3N COLOMBIA INTELIGENTE","image":{"@type":"ImageObject","inLanguage":"es-CO","@id":"https:\/\/secure.gravatar.com\/avatar\/df2e679ff2abf288cf4bf58830dad897e596908105ec8969f50f748a6d837869?s=96&d=mm&r=g","url":"https:\/\/secure.gravatar.com\/avatar\/df2e679ff2abf288cf4bf58830dad897e596908105ec8969f50f748a6d837869?s=96&d=mm&r=g","contentUrl":"https:\/\/secure.gravatar.com\/avatar\/df2e679ff2abf288cf4bf58830dad897e596908105ec8969f50f748a6d837869?s=96&d=mm&r=g","caption":"DIFUSI\u00d3N COLOMBIA INTELIGENTE"},"url":"https:\/\/colombiainteligente.org\/es_co\/author\/difusioncolombiainteligente-org\/"}]}},"_links":{"self":[{"href":"https:\/\/colombiainteligente.org\/es_co\/wp-json\/wp\/v2\/posts\/3177","targetHints":{"allow":["GET"]}}],"collection":[{"href":"https:\/\/colombiainteligente.org\/es_co\/wp-json\/wp\/v2\/posts"}],"about":[{"href":"https:\/\/colombiainteligente.org\/es_co\/wp-json\/wp\/v2\/types\/post"}],"author":[{"embeddable":true,"href":"https:\/\/colombiainteligente.org\/es_co\/wp-json\/wp\/v2\/users\/23"}],"replies":[{"embeddable":true,"href":"https:\/\/colombiainteligente.org\/es_co\/wp-json\/wp\/v2\/comments?post=3177"}],"version-history":[{"count":4,"href":"https:\/\/colombiainteligente.org\/es_co\/wp-json\/wp\/v2\/posts\/3177\/revisions"}],"predecessor-version":[{"id":3181,"href":"https:\/\/colombiainteligente.org\/es_co\/wp-json\/wp\/v2\/posts\/3177\/revisions\/3181"}],"wp:featuredmedia":[{"embeddable":true,"href":"https:\/\/colombiainteligente.org\/es_co\/wp-json\/wp\/v2\/media\/3162"}],"wp:attachment":[{"href":"https:\/\/colombiainteligente.org\/es_co\/wp-json\/wp\/v2\/media?parent=3177"}],"wp:term":[{"taxonomy":"category","embeddable":true,"href":"https:\/\/colombiainteligente.org\/es_co\/wp-json\/wp\/v2\/categories?post=3177"},{"taxonomy":"post_tag","embeddable":true,"href":"https:\/\/colombiainteligente.org\/es_co\/wp-json\/wp\/v2\/tags?post=3177"}],"curies":[{"name":"wp","href":"https:\/\/api.w.org\/{rel}","templated":true}]}}