{"id":32185,"date":"2023-05-16T07:15:24","date_gmt":"2023-05-16T12:15:24","guid":{"rendered":"https:\/\/colombiainteligente.org\/?p=32185"},"modified":"2023-05-16T07:16:30","modified_gmt":"2023-05-16T12:16:30","slug":"proyectos-de-energias-renovables-2023-2024-oportunidades-y-desafios-para-su-ejecucion","status":"publish","type":"post","link":"https:\/\/colombiainteligente.org\/es_co\/tendencias\/proyectos-de-energias-renovables-2023-2024-oportunidades-y-desafios-para-su-ejecucion\/","title":{"rendered":"Proyectos de energ\u00edas renovables 2023 \u2013 2024 oportunidades y desafi\u0301os para su ejecucio\u0301n"},"content":{"rendered":"<div data-elementor-type=\"wp-post\" data-elementor-id=\"32185\" class=\"elementor elementor-32185\" data-elementor-post-type=\"post\">\n\t\t\t\t\t\t\t\t\t<section class=\"elementor-section elementor-top-section elementor-element elementor-element-87c6aa2 elementor-section-boxed elementor-section-height-default elementor-section-height-default\" data-id=\"87c6aa2\" data-element_type=\"section\">\n\t\t\t\t\t\t<div class=\"elementor-container elementor-column-gap-default\">\n\t\t\t\t\t<div class=\"elementor-column elementor-col-100 elementor-top-column elementor-element elementor-element-558bb819\" data-id=\"558bb819\" data-element_type=\"column\">\n\t\t\t<div class=\"elementor-widget-wrap elementor-element-populated\">\n\t\t\t\t\t\t\t\t<div class=\"elementor-element elementor-element-3067325c elementor-widget elementor-widget-text-editor\" data-id=\"3067325c\" data-element_type=\"widget\" data-widget_type=\"text-editor.default\">\n\t\t\t\t<div class=\"elementor-widget-container\">\n\t\t\t<style>\/*! elementor - v3.14.0 - 26-06-2023 *\/\n.elementor-widget-text-editor.elementor-drop-cap-view-stacked .elementor-drop-cap{background-color:#69727d;color:#fff}.elementor-widget-text-editor.elementor-drop-cap-view-framed .elementor-drop-cap{color:#69727d;border:3px solid;background-color:transparent}.elementor-widget-text-editor:not(.elementor-drop-cap-view-default) .elementor-drop-cap{margin-top:8px}.elementor-widget-text-editor:not(.elementor-drop-cap-view-default) .elementor-drop-cap-letter{width:1em;height:1em}.elementor-widget-text-editor .elementor-drop-cap{float:left;text-align:center;line-height:1;font-size:50px}.elementor-widget-text-editor .elementor-drop-cap-letter{display:inline-block}<\/style>\t\t\t\t<p>Hay un alto inter\u00e9s inversionista por el desarrollo de energ\u00edas renovables en Colombia, en l\u00ednea con el alto potencial del pa\u00eds en estos recursos . Las cifras indican que entre los proyectos de generaci\u00f3n con fuentes renovables registrados en la UPME, sumado a las conexiones a la red de transmisi\u00f3n nacional aprobadas recientemente, permitir\u00e1n duplicar en los pr\u00f3ximos a\u00f1os la capacidad de generaci\u00f3n el\u00e9ctrica actual . El reto es poner en operaci\u00f3n estos proyectos de energ\u00edas renovables no convencionales para atender las crecientes necesidades energ\u00e9ticas de los colombianos. Acelerar su entrada se hace a\u00fan m\u00e1s relevante teniendo en cuenta que, seg\u00fan los especialistas , ha aumentado la probabilidad de presentarse un fen\u00f3meno del ni\u00f1o entre este y el pr\u00f3ximo a\u00f1o. Es importante que el Gobierno Nacional, las autoridades regionales, las comunidades involucradas y las empresas, trabajen articuladamente para llevar a cabo las consultas y tr\u00e1mites de permisos que habilitar\u00e1n el desarrollo oportuno de estos proyectos, de manera social y ambientalmente sostenible. Este informe analiza la situaci\u00f3n actual de 80 proyectos de energ\u00eda renovable no convencional programados para el 2023 \u2013 2024, los desaf\u00edos para su puesta en operaci\u00f3n y las oportunidades que desde la asociaci\u00f3n, para acelerar la entrada de los mismos; basado en informaci\u00f3n de las empresas afiliadas a SER Colombia en marzo de 2023. El documento se divide en 3 partes: (1) Proyectos programados para 2023 \u2013 2024: caracter\u00edsticas, desaf\u00edos y relevancia vs necesidad de expansi\u00f3n del parque de generaci\u00f3n; (2) Coyuntura de los proyectos en la Guajira; (3) Oportunidades y recomendaciones.<\/p><p>El informe hace un an\u00e1lisis de las pol\u00edticas gubernamentales y el marco regulatorio relacionado con las energ\u00edas renovables en Colombia, incluyendo incentivos y regulaciones que promueven su desarrollo. Tambi\u00e9n una descripci\u00f3n detallada de los proyectos de fuentes no convencionales de energ\u00eda renovable en Colombia durante los a\u00f1os 2023 y 2024. Esto puede incluir informaci\u00f3n sobre proyectos solares, e\u00f3licos, hidroel\u00e9ctricos, biomasa u otras fuentes renovables, destacando su ubicaci\u00f3n, capacidad, estado de desarrollo y contribuci\u00f3n esperada al mix energ\u00e9tico nacional. Identifica y analiza\u00a0 las oportunidades de inversi\u00f3n en proyectos de energ\u00edas renovables en Colombia, incluyendo aspectos como el potencial de crecimiento del mercado, la rentabilidad financiera y los mecanismos de financiamiento disponibles. Hace un an\u00e1lisis de los desaf\u00edos y barreras que enfrentan los proyectos de fuentes no convencionales de energ\u00eda renovable en Colombia, como la falta de infraestructura, la integraci\u00f3n en la red el\u00e9ctrica, los aspectos t\u00e9cnicos y ambientales, y los obst\u00e1culos regulatorios o legales. El informe resume los principales hallazgos del informe y posibles recomendaciones para impulsar el desarrollo de proyectos de energ\u00edas renovables en Colombia, considerando aspectos como la planificaci\u00f3n estrat\u00e9gica, la colaboraci\u00f3n entre actores clave, la promoci\u00f3n de tecnolog\u00edas innovadoras y la mejora del marco regulatorio.<\/p><p>Para leer m\u00e1s ingrese a:<\/p><p><a href=\"https:\/\/ser-colombia.org\/wp-content\/uploads\/2023\/04\/Informe-de-proyectos-FNCER-23-24.pdf\">https:\/\/ser-colombia.org\/wp-content\/uploads\/2023\/04\/Informe-de-proyectos-FNCER-23-24.pdf<\/a><\/p>\t\t\t\t\t\t<\/div>\n\t\t\t\t<\/div>\n\t\t\t\t\t<\/div>\n\t\t<\/div>\n\t\t\t\t\t\t\t<\/div>\n\t\t<\/section>\n\t\t\t\t\t\t\t<\/div>\n\t\t<div style=\"text-align:center\" class=\"yasr-auto-insert-visitor\"><\/div>","protected":false},"excerpt":{"rendered":"<p>El siguiente informe se centra en analizar y presentar informaci\u00f3n sobre los proyectos de energ\u00edas renovables en Colombia durante los a\u00f1os 2023 y 2024. El informe proporciona una visi\u00f3n general del panorama de las fuentes no convencionales de energ\u00eda renovable en el pa\u00eds, destacando las oportunidades y desaf\u00edos asociados con su implementaci\u00f3n<\/p>","protected":false},"author":23,"featured_media":32186,"comment_status":"open","ping_status":"open","sticky":false,"template":"","format":"standard","meta":{"yasr_overall_rating":0,"yasr_post_is_review":"","yasr_auto_insert_disabled":"","yasr_review_type":"","footnotes":""},"categories":[54,53],"tags":[],"class_list":["post-32185","post","type-post","status-publish","format-standard","has-post-thumbnail","hentry","category-energia-que-transforma","category-tendencias"],"yasr_visitor_votes":{"number_of_votes":0,"sum_votes":0,"stars_attributes":{"read_only":false,"span_bottom":false}},"yoast_head":"<!-- This site is optimized with the Yoast SEO plugin v27.3 - https:\/\/yoast.com\/product\/yoast-seo-wordpress\/ -->\n<title>Proyectos de energ\u00edas renovables 2023 \u2013 2024 oportunidades y desafi\u0301os para su ejecucio\u0301n - Colombia Inteligente<\/title>\n<meta name=\"robots\" content=\"index, follow, max-snippet:-1, max-image-preview:large, max-video-preview:-1\" \/>\n<link rel=\"canonical\" href=\"https:\/\/colombiainteligente.org\/es_co\/tendencias\/proyectos-de-energias-renovables-2023-2024-oportunidades-y-desafios-para-su-ejecucion\/\" \/>\n<meta property=\"og:locale\" content=\"es_ES\" \/>\n<meta property=\"og:type\" content=\"article\" \/>\n<meta property=\"og:title\" content=\"Proyectos de energ\u00edas renovables 2023 \u2013 2024 oportunidades y desafi\u0301os para su ejecucio\u0301n - Colombia Inteligente\" \/>\n<meta property=\"og:description\" content=\"El siguiente informe se centra en analizar y presentar informaci\u00f3n sobre los proyectos de energ\u00edas renovables en Colombia durante los a\u00f1os 2023 y 2024. El informe proporciona una visi\u00f3n general del panorama de las fuentes no convencionales de energ\u00eda renovable en el pa\u00eds, destacando las oportunidades y desaf\u00edos asociados con su implementaci\u00f3n\" \/>\n<meta property=\"og:url\" content=\"https:\/\/colombiainteligente.org\/es_co\/tendencias\/proyectos-de-energias-renovables-2023-2024-oportunidades-y-desafios-para-su-ejecucion\/\" \/>\n<meta property=\"og:site_name\" content=\"Colombia Inteligente\" \/>\n<meta property=\"article:published_time\" content=\"2023-05-16T12:15:24+00:00\" \/>\n<meta property=\"article:modified_time\" content=\"2023-05-16T12:16:30+00:00\" \/>\n<meta property=\"og:image\" content=\"https:\/\/colombiainteligente.org\/wp-content\/uploads\/2023\/05\/Proyectos-de-energias-renovables-2023-\u2013-2024-oportunidades-y-desafios-para-su-ejecucion.png\" \/>\n\t<meta property=\"og:image:width\" content=\"409\" \/>\n\t<meta property=\"og:image:height\" content=\"520\" \/>\n\t<meta property=\"og:image:type\" content=\"image\/png\" \/>\n<meta name=\"author\" content=\"DIFUSI\u00d3N COLOMBIA INTELIGENTE\" \/>\n<meta name=\"twitter:card\" content=\"summary_large_image\" \/>\n<meta name=\"twitter:creator\" content=\"@colombiaintelig\" \/>\n<meta name=\"twitter:site\" content=\"@colombiaintelig\" \/>\n<meta name=\"twitter:label1\" content=\"Escrito por\" \/>\n\t<meta name=\"twitter:data1\" content=\"DIFUSI\u00d3N COLOMBIA INTELIGENTE\" \/>\n\t<meta name=\"twitter:label2\" content=\"Tiempo estimado de lectura\" \/>\n\t<meta name=\"twitter:data2\" content=\"3 minutos\" \/>\n<script type=\"application\/ld+json\" class=\"yoast-schema-graph\">{\"@context\":\"https:\\\/\\\/schema.org\",\"@graph\":[{\"@type\":\"Article\",\"@id\":\"https:\\\/\\\/colombiainteligente.org\\\/tendencias\\\/proyectos-de-energias-renovables-2023-2024-oportunidades-y-desafios-para-su-ejecucion\\\/#article\",\"isPartOf\":{\"@id\":\"https:\\\/\\\/colombiainteligente.org\\\/tendencias\\\/proyectos-de-energias-renovables-2023-2024-oportunidades-y-desafios-para-su-ejecucion\\\/\"},\"author\":{\"name\":\"DIFUSI\u00d3N COLOMBIA INTELIGENTE\",\"@id\":\"https:\\\/\\\/colombiainteligente.org\\\/#\\\/schema\\\/person\\\/e207145d548b75a6d339ff1d4d3b0432\"},\"headline\":\"Proyectos de energ\u00edas renovables 2023 \u2013 2024 oportunidades y desafi\u0301os para su ejecucio\u0301n\",\"datePublished\":\"2023-05-16T12:15:24+00:00\",\"dateModified\":\"2023-05-16T12:16:30+00:00\",\"mainEntityOfPage\":{\"@id\":\"https:\\\/\\\/colombiainteligente.org\\\/tendencias\\\/proyectos-de-energias-renovables-2023-2024-oportunidades-y-desafios-para-su-ejecucion\\\/\"},\"wordCount\":522,\"commentCount\":0,\"publisher\":{\"@id\":\"https:\\\/\\\/colombiainteligente.org\\\/#organization\"},\"image\":{\"@id\":\"https:\\\/\\\/colombiainteligente.org\\\/tendencias\\\/proyectos-de-energias-renovables-2023-2024-oportunidades-y-desafios-para-su-ejecucion\\\/#primaryimage\"},\"thumbnailUrl\":\"https:\\\/\\\/colombiainteligente.org\\\/wp-content\\\/uploads\\\/2023\\\/05\\\/Proyectos-de-energias-renovables-2023-\u2013-2024-oportunidades-y-desafios-para-su-ejecucion.png\",\"articleSection\":[\"Energ\u00eda que transforma\",\"Tendencias\"],\"inLanguage\":\"es-CO\",\"potentialAction\":[{\"@type\":\"CommentAction\",\"name\":\"Comment\",\"target\":[\"https:\\\/\\\/colombiainteligente.org\\\/tendencias\\\/proyectos-de-energias-renovables-2023-2024-oportunidades-y-desafios-para-su-ejecucion\\\/#respond\"]}]},{\"@type\":\"WebPage\",\"@id\":\"https:\\\/\\\/colombiainteligente.org\\\/tendencias\\\/proyectos-de-energias-renovables-2023-2024-oportunidades-y-desafios-para-su-ejecucion\\\/\",\"url\":\"https:\\\/\\\/colombiainteligente.org\\\/tendencias\\\/proyectos-de-energias-renovables-2023-2024-oportunidades-y-desafios-para-su-ejecucion\\\/\",\"name\":\"Proyectos de energ\u00edas renovables 2023 \u2013 2024 oportunidades y desafi\u0301os para su ejecucio\u0301n - Colombia Inteligente\",\"isPartOf\":{\"@id\":\"https:\\\/\\\/colombiainteligente.org\\\/#website\"},\"primaryImageOfPage\":{\"@id\":\"https:\\\/\\\/colombiainteligente.org\\\/tendencias\\\/proyectos-de-energias-renovables-2023-2024-oportunidades-y-desafios-para-su-ejecucion\\\/#primaryimage\"},\"image\":{\"@id\":\"https:\\\/\\\/colombiainteligente.org\\\/tendencias\\\/proyectos-de-energias-renovables-2023-2024-oportunidades-y-desafios-para-su-ejecucion\\\/#primaryimage\"},\"thumbnailUrl\":\"https:\\\/\\\/colombiainteligente.org\\\/wp-content\\\/uploads\\\/2023\\\/05\\\/Proyectos-de-energias-renovables-2023-\u2013-2024-oportunidades-y-desafios-para-su-ejecucion.png\",\"datePublished\":\"2023-05-16T12:15:24+00:00\",\"dateModified\":\"2023-05-16T12:16:30+00:00\",\"breadcrumb\":{\"@id\":\"https:\\\/\\\/colombiainteligente.org\\\/tendencias\\\/proyectos-de-energias-renovables-2023-2024-oportunidades-y-desafios-para-su-ejecucion\\\/#breadcrumb\"},\"inLanguage\":\"es-CO\",\"potentialAction\":[{\"@type\":\"ReadAction\",\"target\":[\"https:\\\/\\\/colombiainteligente.org\\\/tendencias\\\/proyectos-de-energias-renovables-2023-2024-oportunidades-y-desafios-para-su-ejecucion\\\/\"]}]},{\"@type\":\"ImageObject\",\"inLanguage\":\"es-CO\",\"@id\":\"https:\\\/\\\/colombiainteligente.org\\\/tendencias\\\/proyectos-de-energias-renovables-2023-2024-oportunidades-y-desafios-para-su-ejecucion\\\/#primaryimage\",\"url\":\"https:\\\/\\\/colombiainteligente.org\\\/wp-content\\\/uploads\\\/2023\\\/05\\\/Proyectos-de-energias-renovables-2023-\u2013-2024-oportunidades-y-desafios-para-su-ejecucion.png\",\"contentUrl\":\"https:\\\/\\\/colombiainteligente.org\\\/wp-content\\\/uploads\\\/2023\\\/05\\\/Proyectos-de-energias-renovables-2023-\u2013-2024-oportunidades-y-desafios-para-su-ejecucion.png\",\"width\":409,\"height\":520,\"caption\":\"Proyectos-de-energias-renovables-2023-\u2013-2024-oportunidades-y-desafios-para-su-ejecucion.png\"},{\"@type\":\"BreadcrumbList\",\"@id\":\"https:\\\/\\\/colombiainteligente.org\\\/tendencias\\\/proyectos-de-energias-renovables-2023-2024-oportunidades-y-desafios-para-su-ejecucion\\\/#breadcrumb\",\"itemListElement\":[{\"@type\":\"ListItem\",\"position\":1,\"name\":\"Portada\",\"item\":\"https:\\\/\\\/colombiainteligente.org\\\/\"},{\"@type\":\"ListItem\",\"position\":2,\"name\":\"Proyectos de energ\u00edas renovables 2023 \u2013 2024 oportunidades y desafi\u0301os para su ejecucio\u0301n\"}]},{\"@type\":\"WebSite\",\"@id\":\"https:\\\/\\\/colombiainteligente.org\\\/#website\",\"url\":\"https:\\\/\\\/colombiainteligente.org\\\/\",\"name\":\"Colombia Inteligente\",\"description\":\"Alianza estrat\u00e9gica, conformada por empresas y entidades, para la inserci\u00f3n integral y eficiente de las redes inteligentes a la infraestructura del sector el\u00e9ctrico colombiano\",\"publisher\":{\"@id\":\"https:\\\/\\\/colombiainteligente.org\\\/#organization\"},\"potentialAction\":[{\"@type\":\"SearchAction\",\"target\":{\"@type\":\"EntryPoint\",\"urlTemplate\":\"https:\\\/\\\/colombiainteligente.org\\\/?s={search_term_string}\"},\"query-input\":{\"@type\":\"PropertyValueSpecification\",\"valueRequired\":true,\"valueName\":\"search_term_string\"}}],\"inLanguage\":\"es-CO\"},{\"@type\":\"Organization\",\"@id\":\"https:\\\/\\\/colombiainteligente.org\\\/#organization\",\"name\":\"Colombia Inteligente\",\"url\":\"https:\\\/\\\/colombiainteligente.org\\\/\",\"logo\":{\"@type\":\"ImageObject\",\"inLanguage\":\"es-CO\",\"@id\":\"https:\\\/\\\/colombiainteligente.org\\\/#\\\/schema\\\/logo\\\/image\\\/\",\"url\":\"https:\\\/\\\/colombiainteligente.org\\\/wp-content\\\/uploads\\\/2022\\\/07\\\/Image.png\",\"contentUrl\":\"https:\\\/\\\/colombiainteligente.org\\\/wp-content\\\/uploads\\\/2022\\\/07\\\/Image.png\",\"width\":588,\"height\":274,\"caption\":\"Colombia Inteligente\"},\"image\":{\"@id\":\"https:\\\/\\\/colombiainteligente.org\\\/#\\\/schema\\\/logo\\\/image\\\/\"},\"sameAs\":[\"https:\\\/\\\/x.com\\\/colombiaintelig\",\"https:\\\/\\\/www.linkedin.com\\\/company\\\/colombiainteligente\\\/\"]},{\"@type\":\"Person\",\"@id\":\"https:\\\/\\\/colombiainteligente.org\\\/#\\\/schema\\\/person\\\/e207145d548b75a6d339ff1d4d3b0432\",\"name\":\"DIFUSI\u00d3N COLOMBIA INTELIGENTE\",\"image\":{\"@type\":\"ImageObject\",\"inLanguage\":\"es-CO\",\"@id\":\"https:\\\/\\\/secure.gravatar.com\\\/avatar\\\/df2e679ff2abf288cf4bf58830dad897e596908105ec8969f50f748a6d837869?s=96&d=mm&r=g\",\"url\":\"https:\\\/\\\/secure.gravatar.com\\\/avatar\\\/df2e679ff2abf288cf4bf58830dad897e596908105ec8969f50f748a6d837869?s=96&d=mm&r=g\",\"contentUrl\":\"https:\\\/\\\/secure.gravatar.com\\\/avatar\\\/df2e679ff2abf288cf4bf58830dad897e596908105ec8969f50f748a6d837869?s=96&d=mm&r=g\",\"caption\":\"DIFUSI\u00d3N COLOMBIA INTELIGENTE\"},\"url\":\"https:\\\/\\\/colombiainteligente.org\\\/es_co\\\/author\\\/difusioncolombiainteligente-org\\\/\"}]}<\/script>\n<!-- \/ Yoast SEO plugin. -->","yoast_head_json":{"title":"Proyectos de energ\u00edas renovables 2023 \u2013 2024 oportunidades y desafi\u0301os para su ejecucio\u0301n - Colombia Inteligente","robots":{"index":"index","follow":"follow","max-snippet":"max-snippet:-1","max-image-preview":"max-image-preview:large","max-video-preview":"max-video-preview:-1"},"canonical":"https:\/\/colombiainteligente.org\/es_co\/tendencias\/proyectos-de-energias-renovables-2023-2024-oportunidades-y-desafios-para-su-ejecucion\/","og_locale":"es_ES","og_type":"article","og_title":"Proyectos de energ\u00edas renovables 2023 \u2013 2024 oportunidades y desafi\u0301os para su ejecucio\u0301n - Colombia Inteligente","og_description":"El siguiente informe se centra en analizar y presentar informaci\u00f3n sobre los proyectos de energ\u00edas renovables en Colombia durante los a\u00f1os 2023 y 2024. El informe proporciona una visi\u00f3n general del panorama de las fuentes no convencionales de energ\u00eda renovable en el pa\u00eds, destacando las oportunidades y desaf\u00edos asociados con su implementaci\u00f3n","og_url":"https:\/\/colombiainteligente.org\/es_co\/tendencias\/proyectos-de-energias-renovables-2023-2024-oportunidades-y-desafios-para-su-ejecucion\/","og_site_name":"Colombia Inteligente","article_published_time":"2023-05-16T12:15:24+00:00","article_modified_time":"2023-05-16T12:16:30+00:00","og_image":[{"width":409,"height":520,"url":"https:\/\/colombiainteligente.org\/wp-content\/uploads\/2023\/05\/Proyectos-de-energias-renovables-2023-\u2013-2024-oportunidades-y-desafios-para-su-ejecucion.png","type":"image\/png"}],"author":"DIFUSI\u00d3N COLOMBIA INTELIGENTE","twitter_card":"summary_large_image","twitter_creator":"@colombiaintelig","twitter_site":"@colombiaintelig","twitter_misc":{"Escrito por":"DIFUSI\u00d3N COLOMBIA INTELIGENTE","Tiempo estimado de lectura":"3 minutos"},"schema":{"@context":"https:\/\/schema.org","@graph":[{"@type":"Article","@id":"https:\/\/colombiainteligente.org\/tendencias\/proyectos-de-energias-renovables-2023-2024-oportunidades-y-desafios-para-su-ejecucion\/#article","isPartOf":{"@id":"https:\/\/colombiainteligente.org\/tendencias\/proyectos-de-energias-renovables-2023-2024-oportunidades-y-desafios-para-su-ejecucion\/"},"author":{"name":"DIFUSI\u00d3N COLOMBIA INTELIGENTE","@id":"https:\/\/colombiainteligente.org\/#\/schema\/person\/e207145d548b75a6d339ff1d4d3b0432"},"headline":"Proyectos de energ\u00edas renovables 2023 \u2013 2024 oportunidades y desafi\u0301os para su ejecucio\u0301n","datePublished":"2023-05-16T12:15:24+00:00","dateModified":"2023-05-16T12:16:30+00:00","mainEntityOfPage":{"@id":"https:\/\/colombiainteligente.org\/tendencias\/proyectos-de-energias-renovables-2023-2024-oportunidades-y-desafios-para-su-ejecucion\/"},"wordCount":522,"commentCount":0,"publisher":{"@id":"https:\/\/colombiainteligente.org\/#organization"},"image":{"@id":"https:\/\/colombiainteligente.org\/tendencias\/proyectos-de-energias-renovables-2023-2024-oportunidades-y-desafios-para-su-ejecucion\/#primaryimage"},"thumbnailUrl":"https:\/\/colombiainteligente.org\/wp-content\/uploads\/2023\/05\/Proyectos-de-energias-renovables-2023-\u2013-2024-oportunidades-y-desafios-para-su-ejecucion.png","articleSection":["Energ\u00eda que transforma","Tendencias"],"inLanguage":"es-CO","potentialAction":[{"@type":"CommentAction","name":"Comment","target":["https:\/\/colombiainteligente.org\/tendencias\/proyectos-de-energias-renovables-2023-2024-oportunidades-y-desafios-para-su-ejecucion\/#respond"]}]},{"@type":"WebPage","@id":"https:\/\/colombiainteligente.org\/tendencias\/proyectos-de-energias-renovables-2023-2024-oportunidades-y-desafios-para-su-ejecucion\/","url":"https:\/\/colombiainteligente.org\/tendencias\/proyectos-de-energias-renovables-2023-2024-oportunidades-y-desafios-para-su-ejecucion\/","name":"Proyectos de energ\u00edas renovables 2023 \u2013 2024 oportunidades y desafi\u0301os para su ejecucio\u0301n - Colombia Inteligente","isPartOf":{"@id":"https:\/\/colombiainteligente.org\/#website"},"primaryImageOfPage":{"@id":"https:\/\/colombiainteligente.org\/tendencias\/proyectos-de-energias-renovables-2023-2024-oportunidades-y-desafios-para-su-ejecucion\/#primaryimage"},"image":{"@id":"https:\/\/colombiainteligente.org\/tendencias\/proyectos-de-energias-renovables-2023-2024-oportunidades-y-desafios-para-su-ejecucion\/#primaryimage"},"thumbnailUrl":"https:\/\/colombiainteligente.org\/wp-content\/uploads\/2023\/05\/Proyectos-de-energias-renovables-2023-\u2013-2024-oportunidades-y-desafios-para-su-ejecucion.png","datePublished":"2023-05-16T12:15:24+00:00","dateModified":"2023-05-16T12:16:30+00:00","breadcrumb":{"@id":"https:\/\/colombiainteligente.org\/tendencias\/proyectos-de-energias-renovables-2023-2024-oportunidades-y-desafios-para-su-ejecucion\/#breadcrumb"},"inLanguage":"es-CO","potentialAction":[{"@type":"ReadAction","target":["https:\/\/colombiainteligente.org\/tendencias\/proyectos-de-energias-renovables-2023-2024-oportunidades-y-desafios-para-su-ejecucion\/"]}]},{"@type":"ImageObject","inLanguage":"es-CO","@id":"https:\/\/colombiainteligente.org\/tendencias\/proyectos-de-energias-renovables-2023-2024-oportunidades-y-desafios-para-su-ejecucion\/#primaryimage","url":"https:\/\/colombiainteligente.org\/wp-content\/uploads\/2023\/05\/Proyectos-de-energias-renovables-2023-\u2013-2024-oportunidades-y-desafios-para-su-ejecucion.png","contentUrl":"https:\/\/colombiainteligente.org\/wp-content\/uploads\/2023\/05\/Proyectos-de-energias-renovables-2023-\u2013-2024-oportunidades-y-desafios-para-su-ejecucion.png","width":409,"height":520,"caption":"Proyectos-de-energias-renovables-2023-\u2013-2024-oportunidades-y-desafios-para-su-ejecucion.png"},{"@type":"BreadcrumbList","@id":"https:\/\/colombiainteligente.org\/tendencias\/proyectos-de-energias-renovables-2023-2024-oportunidades-y-desafios-para-su-ejecucion\/#breadcrumb","itemListElement":[{"@type":"ListItem","position":1,"name":"Portada","item":"https:\/\/colombiainteligente.org\/"},{"@type":"ListItem","position":2,"name":"Proyectos de energ\u00edas renovables 2023 \u2013 2024 oportunidades y desafi\u0301os para su ejecucio\u0301n"}]},{"@type":"WebSite","@id":"https:\/\/colombiainteligente.org\/#website","url":"https:\/\/colombiainteligente.org\/","name":"Colombia Inteligente","description":"Alianza estrat\u00e9gica, conformada por empresas y entidades, para la inserci\u00f3n integral y eficiente de las redes inteligentes a la infraestructura del sector el\u00e9ctrico colombiano","publisher":{"@id":"https:\/\/colombiainteligente.org\/#organization"},"potentialAction":[{"@type":"SearchAction","target":{"@type":"EntryPoint","urlTemplate":"https:\/\/colombiainteligente.org\/?s={search_term_string}"},"query-input":{"@type":"PropertyValueSpecification","valueRequired":true,"valueName":"search_term_string"}}],"inLanguage":"es-CO"},{"@type":"Organization","@id":"https:\/\/colombiainteligente.org\/#organization","name":"Colombia Inteligente","url":"https:\/\/colombiainteligente.org\/","logo":{"@type":"ImageObject","inLanguage":"es-CO","@id":"https:\/\/colombiainteligente.org\/#\/schema\/logo\/image\/","url":"https:\/\/colombiainteligente.org\/wp-content\/uploads\/2022\/07\/Image.png","contentUrl":"https:\/\/colombiainteligente.org\/wp-content\/uploads\/2022\/07\/Image.png","width":588,"height":274,"caption":"Colombia Inteligente"},"image":{"@id":"https:\/\/colombiainteligente.org\/#\/schema\/logo\/image\/"},"sameAs":["https:\/\/x.com\/colombiaintelig","https:\/\/www.linkedin.com\/company\/colombiainteligente\/"]},{"@type":"Person","@id":"https:\/\/colombiainteligente.org\/#\/schema\/person\/e207145d548b75a6d339ff1d4d3b0432","name":"DIFUSI\u00d3N COLOMBIA INTELIGENTE","image":{"@type":"ImageObject","inLanguage":"es-CO","@id":"https:\/\/secure.gravatar.com\/avatar\/df2e679ff2abf288cf4bf58830dad897e596908105ec8969f50f748a6d837869?s=96&d=mm&r=g","url":"https:\/\/secure.gravatar.com\/avatar\/df2e679ff2abf288cf4bf58830dad897e596908105ec8969f50f748a6d837869?s=96&d=mm&r=g","contentUrl":"https:\/\/secure.gravatar.com\/avatar\/df2e679ff2abf288cf4bf58830dad897e596908105ec8969f50f748a6d837869?s=96&d=mm&r=g","caption":"DIFUSI\u00d3N COLOMBIA INTELIGENTE"},"url":"https:\/\/colombiainteligente.org\/es_co\/author\/difusioncolombiainteligente-org\/"}]}},"_links":{"self":[{"href":"https:\/\/colombiainteligente.org\/es_co\/wp-json\/wp\/v2\/posts\/32185","targetHints":{"allow":["GET"]}}],"collection":[{"href":"https:\/\/colombiainteligente.org\/es_co\/wp-json\/wp\/v2\/posts"}],"about":[{"href":"https:\/\/colombiainteligente.org\/es_co\/wp-json\/wp\/v2\/types\/post"}],"author":[{"embeddable":true,"href":"https:\/\/colombiainteligente.org\/es_co\/wp-json\/wp\/v2\/users\/23"}],"replies":[{"embeddable":true,"href":"https:\/\/colombiainteligente.org\/es_co\/wp-json\/wp\/v2\/comments?post=32185"}],"version-history":[{"count":4,"href":"https:\/\/colombiainteligente.org\/es_co\/wp-json\/wp\/v2\/posts\/32185\/revisions"}],"predecessor-version":[{"id":32191,"href":"https:\/\/colombiainteligente.org\/es_co\/wp-json\/wp\/v2\/posts\/32185\/revisions\/32191"}],"wp:featuredmedia":[{"embeddable":true,"href":"https:\/\/colombiainteligente.org\/es_co\/wp-json\/wp\/v2\/media\/32186"}],"wp:attachment":[{"href":"https:\/\/colombiainteligente.org\/es_co\/wp-json\/wp\/v2\/media?parent=32185"}],"wp:term":[{"taxonomy":"category","embeddable":true,"href":"https:\/\/colombiainteligente.org\/es_co\/wp-json\/wp\/v2\/categories?post=32185"},{"taxonomy":"post_tag","embeddable":true,"href":"https:\/\/colombiainteligente.org\/es_co\/wp-json\/wp\/v2\/tags?post=32185"}],"curies":[{"name":"wp","href":"https:\/\/api.w.org\/{rel}","templated":true}]}}