{"id":3264,"date":"2022-10-31T15:33:47","date_gmt":"2022-10-31T20:33:47","guid":{"rendered":"https:\/\/colombiainteligente.org\/?p=3264"},"modified":"2022-12-12T15:34:39","modified_gmt":"2022-12-12T20:34:39","slug":"methodology-underpinning-the-state-of-climate-action-series","status":"publish","type":"post","link":"https:\/\/colombiainteligente.org\/es_co\/tendencias\/methodology-underpinning-the-state-of-climate-action-series\/","title":{"rendered":"Methodology Underpinning the State of Climate Action Series"},"content":{"rendered":"<div data-elementor-type=\"wp-post\" data-elementor-id=\"3264\" class=\"elementor elementor-3264\" data-elementor-post-type=\"post\">\n\t\t\t\t\t\t\t\t\t<section class=\"elementor-section elementor-top-section elementor-element elementor-element-79148795 elementor-section-boxed elementor-section-height-default elementor-section-height-default\" data-id=\"79148795\" data-element_type=\"section\">\n\t\t\t\t\t\t<div class=\"elementor-container elementor-column-gap-default\">\n\t\t\t\t\t<div class=\"elementor-column elementor-col-100 elementor-top-column elementor-element elementor-element-1ece4ebf\" data-id=\"1ece4ebf\" data-element_type=\"column\">\n\t\t\t<div class=\"elementor-widget-wrap elementor-element-populated\">\n\t\t\t\t\t\t\t\t<div class=\"elementor-element elementor-element-7a61c7e5 elementor-widget elementor-widget-text-editor\" data-id=\"7a61c7e5\" data-element_type=\"widget\" data-widget_type=\"text-editor.default\">\n\t\t\t\t<div class=\"elementor-widget-container\">\n\t\t\t<style>\/*! elementor - v3.14.0 - 26-06-2023 *\/\n.elementor-widget-text-editor.elementor-drop-cap-view-stacked .elementor-drop-cap{background-color:#69727d;color:#fff}.elementor-widget-text-editor.elementor-drop-cap-view-framed .elementor-drop-cap{color:#69727d;border:3px solid;background-color:transparent}.elementor-widget-text-editor:not(.elementor-drop-cap-view-default) .elementor-drop-cap{margin-top:8px}.elementor-widget-text-editor:not(.elementor-drop-cap-view-default) .elementor-drop-cap-letter{width:1em;height:1em}.elementor-widget-text-editor .elementor-drop-cap{float:left;text-align:center;line-height:1;font-size:50px}.elementor-widget-text-editor .elementor-drop-cap-letter{display:inline-block}<\/style>\t\t\t\t<p>Esta nota t\u00e9cnica acompa\u00f1a a la serie Estado de la Acci\u00f3n Clim\u00e1tica. En ella se describen nuestros m\u00e9todos para identificar los sistemas que deben transformarse, traducir estas transformaciones de todo el sistema en objetivos mundiales de mitigaci\u00f3n para 2030 y 2050, y seleccionar los indicadores con sus correspondientes conjuntos de datos que utilizaremos para supervisar el cambio anual. Tambi\u00e9n describe nuestro enfoque para evaluar el progreso colectivo del mundo hacia los objetivos a corto plazo y clasificar los esfuerzos recientes como bien encaminados, mal encaminados, muy mal encaminados, en la direcci\u00f3n equivocada o con datos insuficientes.<\/p><p>Finally, it details how we identify critical barriers to change and enabling conditions that can support transformations, as well as limitations to our methodology. Many of the methods underpinning this series remain unchanged from\u00a0State of Climate Action 2021, although we identify small adjustments throughout. This technical note, then, serves as a companion document to\u00a0State of Climate Action 2022\u00a0and to subsequent annual State of Climate Action reports, with updates made where applicable.<\/p><p>Para leer m\u00e1s ingrese a:<\/p><p><a href=\"https:\/\/www.wri.org\/research\/methodology-underpinning-state-climate-action-series\">https:\/\/www.wri.org\/research\/methodology-underpinning-state-climate-action-series<\/a><\/p>\t\t\t\t\t\t<\/div>\n\t\t\t\t<\/div>\n\t\t\t\t\t<\/div>\n\t\t<\/div>\n\t\t\t\t\t\t\t<\/div>\n\t\t<\/section>\n\t\t\t\t\t\t\t<\/div>\n\t\t<div style=\"text-align:center\" class=\"yasr-auto-insert-visitor\"><\/div>","protected":false},"excerpt":{"rendered":"<p>Esta nota t\u00e9cnica acompa\u00f1a a la serie Estado de la Acci\u00f3n Clim\u00e1tica. En ella se describen nuestros m\u00e9todos para identificar los sistemas que deben transformarse, traducir estas transformaciones de todo el sistema en objetivos mundiales de mitigaci\u00f3n para 2030 y 2050, y seleccionar los indicadores con sus correspondientes conjuntos de datos que utilizaremos para supervisar el cambio anual. Tambi\u00e9n describe nuestro enfoque para evaluar el progreso colectivo del mundo hacia los objetivos a corto plazo y clasificar los esfuerzos recientes como bien encaminados, mal encaminados, muy mal encaminados, en la direcci\u00f3n equivocada o con datos insuficientes. <\/p>","protected":false},"author":23,"featured_media":3222,"comment_status":"open","ping_status":"open","sticky":false,"template":"","format":"standard","meta":{"yasr_overall_rating":0,"yasr_post_is_review":"","yasr_auto_insert_disabled":"","yasr_review_type":"","footnotes":""},"categories":[56,53],"tags":[],"class_list":["post-3264","post","type-post","status-publish","format-standard","has-post-thumbnail","hentry","category-convergencia-y-sostenibilidad","category-tendencias"],"yasr_visitor_votes":{"number_of_votes":0,"sum_votes":0,"stars_attributes":{"read_only":false,"span_bottom":false}},"yoast_head":"<!-- This site is optimized with the Yoast SEO plugin v27.3 - https:\/\/yoast.com\/product\/yoast-seo-wordpress\/ -->\n<title>Methodology Underpinning the State of Climate Action Series - Colombia Inteligente<\/title>\n<meta name=\"robots\" content=\"index, follow, max-snippet:-1, max-image-preview:large, max-video-preview:-1\" \/>\n<link rel=\"canonical\" href=\"https:\/\/colombiainteligente.org\/es_co\/tendencias\/methodology-underpinning-the-state-of-climate-action-series\/\" \/>\n<meta property=\"og:locale\" content=\"es_ES\" \/>\n<meta property=\"og:type\" content=\"article\" \/>\n<meta property=\"og:title\" content=\"Methodology Underpinning the State of Climate Action Series - Colombia Inteligente\" \/>\n<meta property=\"og:description\" content=\"Esta nota t\u00e9cnica acompa\u00f1a a la serie Estado de la Acci\u00f3n Clim\u00e1tica. En ella se describen nuestros m\u00e9todos para identificar los sistemas que deben transformarse, traducir estas transformaciones de todo el sistema en objetivos mundiales de mitigaci\u00f3n para 2030 y 2050, y seleccionar los indicadores con sus correspondientes conjuntos de datos que utilizaremos para supervisar el cambio anual. Tambi\u00e9n describe nuestro enfoque para evaluar el progreso colectivo del mundo hacia los objetivos a corto plazo y clasificar los esfuerzos recientes como bien encaminados, mal encaminados, muy mal encaminados, en la direcci\u00f3n equivocada o con datos insuficientes.\" \/>\n<meta property=\"og:url\" content=\"https:\/\/colombiainteligente.org\/es_co\/tendencias\/methodology-underpinning-the-state-of-climate-action-series\/\" \/>\n<meta property=\"og:site_name\" content=\"Colombia Inteligente\" \/>\n<meta property=\"article:published_time\" content=\"2022-10-31T20:33:47+00:00\" \/>\n<meta property=\"article:modified_time\" content=\"2022-12-12T20:34:39+00:00\" \/>\n<meta property=\"og:image\" content=\"https:\/\/colombiainteligente.org\/wp-content\/uploads\/2022\/12\/Methodology-Underpinning-the-State-of-Climate-Action-Series.jpg\" \/>\n\t<meta property=\"og:image:width\" content=\"284\" \/>\n\t<meta property=\"og:image:height\" content=\"400\" \/>\n\t<meta property=\"og:image:type\" content=\"image\/jpeg\" \/>\n<meta name=\"author\" content=\"DIFUSI\u00d3N COLOMBIA INTELIGENTE\" \/>\n<meta name=\"twitter:card\" content=\"summary_large_image\" \/>\n<meta name=\"twitter:creator\" content=\"@colombiaintelig\" \/>\n<meta name=\"twitter:site\" content=\"@colombiaintelig\" \/>\n<meta name=\"twitter:label1\" content=\"Escrito por\" \/>\n\t<meta name=\"twitter:data1\" content=\"DIFUSI\u00d3N COLOMBIA INTELIGENTE\" \/>\n\t<meta name=\"twitter:label2\" content=\"Tiempo estimado de lectura\" \/>\n\t<meta name=\"twitter:data2\" content=\"1 minuto\" \/>\n<script type=\"application\/ld+json\" class=\"yoast-schema-graph\">{\"@context\":\"https:\\\/\\\/schema.org\",\"@graph\":[{\"@type\":\"Article\",\"@id\":\"https:\\\/\\\/colombiainteligente.org\\\/tendencias\\\/methodology-underpinning-the-state-of-climate-action-series\\\/#article\",\"isPartOf\":{\"@id\":\"https:\\\/\\\/colombiainteligente.org\\\/tendencias\\\/methodology-underpinning-the-state-of-climate-action-series\\\/\"},\"author\":{\"name\":\"DIFUSI\u00d3N COLOMBIA INTELIGENTE\",\"@id\":\"https:\\\/\\\/colombiainteligente.org\\\/#\\\/schema\\\/person\\\/e207145d548b75a6d339ff1d4d3b0432\"},\"headline\":\"Methodology Underpinning the State of Climate Action Series\",\"datePublished\":\"2022-10-31T20:33:47+00:00\",\"dateModified\":\"2022-12-12T20:34:39+00:00\",\"mainEntityOfPage\":{\"@id\":\"https:\\\/\\\/colombiainteligente.org\\\/tendencias\\\/methodology-underpinning-the-state-of-climate-action-series\\\/\"},\"wordCount\":194,\"commentCount\":0,\"publisher\":{\"@id\":\"https:\\\/\\\/colombiainteligente.org\\\/#organization\"},\"image\":{\"@id\":\"https:\\\/\\\/colombiainteligente.org\\\/tendencias\\\/methodology-underpinning-the-state-of-climate-action-series\\\/#primaryimage\"},\"thumbnailUrl\":\"https:\\\/\\\/colombiainteligente.org\\\/wp-content\\\/uploads\\\/2022\\\/12\\\/Methodology-Underpinning-the-State-of-Climate-Action-Series.jpg\",\"articleSection\":[\"Convergencia y Sostenibilidad\",\"Tendencias\"],\"inLanguage\":\"es-CO\",\"potentialAction\":[{\"@type\":\"CommentAction\",\"name\":\"Comment\",\"target\":[\"https:\\\/\\\/colombiainteligente.org\\\/tendencias\\\/methodology-underpinning-the-state-of-climate-action-series\\\/#respond\"]}]},{\"@type\":\"WebPage\",\"@id\":\"https:\\\/\\\/colombiainteligente.org\\\/tendencias\\\/methodology-underpinning-the-state-of-climate-action-series\\\/\",\"url\":\"https:\\\/\\\/colombiainteligente.org\\\/tendencias\\\/methodology-underpinning-the-state-of-climate-action-series\\\/\",\"name\":\"Methodology Underpinning the State of Climate Action Series - Colombia Inteligente\",\"isPartOf\":{\"@id\":\"https:\\\/\\\/colombiainteligente.org\\\/#website\"},\"primaryImageOfPage\":{\"@id\":\"https:\\\/\\\/colombiainteligente.org\\\/tendencias\\\/methodology-underpinning-the-state-of-climate-action-series\\\/#primaryimage\"},\"image\":{\"@id\":\"https:\\\/\\\/colombiainteligente.org\\\/tendencias\\\/methodology-underpinning-the-state-of-climate-action-series\\\/#primaryimage\"},\"thumbnailUrl\":\"https:\\\/\\\/colombiainteligente.org\\\/wp-content\\\/uploads\\\/2022\\\/12\\\/Methodology-Underpinning-the-State-of-Climate-Action-Series.jpg\",\"datePublished\":\"2022-10-31T20:33:47+00:00\",\"dateModified\":\"2022-12-12T20:34:39+00:00\",\"breadcrumb\":{\"@id\":\"https:\\\/\\\/colombiainteligente.org\\\/tendencias\\\/methodology-underpinning-the-state-of-climate-action-series\\\/#breadcrumb\"},\"inLanguage\":\"es-CO\",\"potentialAction\":[{\"@type\":\"ReadAction\",\"target\":[\"https:\\\/\\\/colombiainteligente.org\\\/tendencias\\\/methodology-underpinning-the-state-of-climate-action-series\\\/\"]}]},{\"@type\":\"ImageObject\",\"inLanguage\":\"es-CO\",\"@id\":\"https:\\\/\\\/colombiainteligente.org\\\/tendencias\\\/methodology-underpinning-the-state-of-climate-action-series\\\/#primaryimage\",\"url\":\"https:\\\/\\\/colombiainteligente.org\\\/wp-content\\\/uploads\\\/2022\\\/12\\\/Methodology-Underpinning-the-State-of-Climate-Action-Series.jpg\",\"contentUrl\":\"https:\\\/\\\/colombiainteligente.org\\\/wp-content\\\/uploads\\\/2022\\\/12\\\/Methodology-Underpinning-the-State-of-Climate-Action-Series.jpg\",\"width\":284,\"height\":400,\"caption\":\"Methodology-Underpinning-the-State-of-Climate-Action-Series.jpg\"},{\"@type\":\"BreadcrumbList\",\"@id\":\"https:\\\/\\\/colombiainteligente.org\\\/tendencias\\\/methodology-underpinning-the-state-of-climate-action-series\\\/#breadcrumb\",\"itemListElement\":[{\"@type\":\"ListItem\",\"position\":1,\"name\":\"Portada\",\"item\":\"https:\\\/\\\/colombiainteligente.org\\\/\"},{\"@type\":\"ListItem\",\"position\":2,\"name\":\"Methodology Underpinning the State of Climate Action Series\"}]},{\"@type\":\"WebSite\",\"@id\":\"https:\\\/\\\/colombiainteligente.org\\\/#website\",\"url\":\"https:\\\/\\\/colombiainteligente.org\\\/\",\"name\":\"Colombia Inteligente\",\"description\":\"Alianza estrat\u00e9gica, conformada por empresas y entidades, para la inserci\u00f3n integral y eficiente de las redes inteligentes a la infraestructura del sector el\u00e9ctrico colombiano\",\"publisher\":{\"@id\":\"https:\\\/\\\/colombiainteligente.org\\\/#organization\"},\"potentialAction\":[{\"@type\":\"SearchAction\",\"target\":{\"@type\":\"EntryPoint\",\"urlTemplate\":\"https:\\\/\\\/colombiainteligente.org\\\/?s={search_term_string}\"},\"query-input\":{\"@type\":\"PropertyValueSpecification\",\"valueRequired\":true,\"valueName\":\"search_term_string\"}}],\"inLanguage\":\"es-CO\"},{\"@type\":\"Organization\",\"@id\":\"https:\\\/\\\/colombiainteligente.org\\\/#organization\",\"name\":\"Colombia Inteligente\",\"url\":\"https:\\\/\\\/colombiainteligente.org\\\/\",\"logo\":{\"@type\":\"ImageObject\",\"inLanguage\":\"es-CO\",\"@id\":\"https:\\\/\\\/colombiainteligente.org\\\/#\\\/schema\\\/logo\\\/image\\\/\",\"url\":\"https:\\\/\\\/colombiainteligente.org\\\/wp-content\\\/uploads\\\/2022\\\/07\\\/Image.png\",\"contentUrl\":\"https:\\\/\\\/colombiainteligente.org\\\/wp-content\\\/uploads\\\/2022\\\/07\\\/Image.png\",\"width\":588,\"height\":274,\"caption\":\"Colombia Inteligente\"},\"image\":{\"@id\":\"https:\\\/\\\/colombiainteligente.org\\\/#\\\/schema\\\/logo\\\/image\\\/\"},\"sameAs\":[\"https:\\\/\\\/x.com\\\/colombiaintelig\",\"https:\\\/\\\/www.linkedin.com\\\/company\\\/colombiainteligente\\\/\"]},{\"@type\":\"Person\",\"@id\":\"https:\\\/\\\/colombiainteligente.org\\\/#\\\/schema\\\/person\\\/e207145d548b75a6d339ff1d4d3b0432\",\"name\":\"DIFUSI\u00d3N COLOMBIA INTELIGENTE\",\"image\":{\"@type\":\"ImageObject\",\"inLanguage\":\"es-CO\",\"@id\":\"https:\\\/\\\/secure.gravatar.com\\\/avatar\\\/df2e679ff2abf288cf4bf58830dad897e596908105ec8969f50f748a6d837869?s=96&d=mm&r=g\",\"url\":\"https:\\\/\\\/secure.gravatar.com\\\/avatar\\\/df2e679ff2abf288cf4bf58830dad897e596908105ec8969f50f748a6d837869?s=96&d=mm&r=g\",\"contentUrl\":\"https:\\\/\\\/secure.gravatar.com\\\/avatar\\\/df2e679ff2abf288cf4bf58830dad897e596908105ec8969f50f748a6d837869?s=96&d=mm&r=g\",\"caption\":\"DIFUSI\u00d3N COLOMBIA INTELIGENTE\"},\"url\":\"https:\\\/\\\/colombiainteligente.org\\\/es_co\\\/author\\\/difusioncolombiainteligente-org\\\/\"}]}<\/script>\n<!-- \/ Yoast SEO plugin. -->","yoast_head_json":{"title":"Methodology Underpinning the State of Climate Action Series - Colombia Inteligente","robots":{"index":"index","follow":"follow","max-snippet":"max-snippet:-1","max-image-preview":"max-image-preview:large","max-video-preview":"max-video-preview:-1"},"canonical":"https:\/\/colombiainteligente.org\/es_co\/tendencias\/methodology-underpinning-the-state-of-climate-action-series\/","og_locale":"es_ES","og_type":"article","og_title":"Methodology Underpinning the State of Climate Action Series - Colombia Inteligente","og_description":"Esta nota t\u00e9cnica acompa\u00f1a a la serie Estado de la Acci\u00f3n Clim\u00e1tica. En ella se describen nuestros m\u00e9todos para identificar los sistemas que deben transformarse, traducir estas transformaciones de todo el sistema en objetivos mundiales de mitigaci\u00f3n para 2030 y 2050, y seleccionar los indicadores con sus correspondientes conjuntos de datos que utilizaremos para supervisar el cambio anual. Tambi\u00e9n describe nuestro enfoque para evaluar el progreso colectivo del mundo hacia los objetivos a corto plazo y clasificar los esfuerzos recientes como bien encaminados, mal encaminados, muy mal encaminados, en la direcci\u00f3n equivocada o con datos insuficientes.","og_url":"https:\/\/colombiainteligente.org\/es_co\/tendencias\/methodology-underpinning-the-state-of-climate-action-series\/","og_site_name":"Colombia Inteligente","article_published_time":"2022-10-31T20:33:47+00:00","article_modified_time":"2022-12-12T20:34:39+00:00","og_image":[{"width":284,"height":400,"url":"https:\/\/colombiainteligente.org\/wp-content\/uploads\/2022\/12\/Methodology-Underpinning-the-State-of-Climate-Action-Series.jpg","type":"image\/jpeg"}],"author":"DIFUSI\u00d3N COLOMBIA INTELIGENTE","twitter_card":"summary_large_image","twitter_creator":"@colombiaintelig","twitter_site":"@colombiaintelig","twitter_misc":{"Escrito por":"DIFUSI\u00d3N COLOMBIA INTELIGENTE","Tiempo estimado de lectura":"1 minuto"},"schema":{"@context":"https:\/\/schema.org","@graph":[{"@type":"Article","@id":"https:\/\/colombiainteligente.org\/tendencias\/methodology-underpinning-the-state-of-climate-action-series\/#article","isPartOf":{"@id":"https:\/\/colombiainteligente.org\/tendencias\/methodology-underpinning-the-state-of-climate-action-series\/"},"author":{"name":"DIFUSI\u00d3N COLOMBIA INTELIGENTE","@id":"https:\/\/colombiainteligente.org\/#\/schema\/person\/e207145d548b75a6d339ff1d4d3b0432"},"headline":"Methodology Underpinning the State of Climate Action Series","datePublished":"2022-10-31T20:33:47+00:00","dateModified":"2022-12-12T20:34:39+00:00","mainEntityOfPage":{"@id":"https:\/\/colombiainteligente.org\/tendencias\/methodology-underpinning-the-state-of-climate-action-series\/"},"wordCount":194,"commentCount":0,"publisher":{"@id":"https:\/\/colombiainteligente.org\/#organization"},"image":{"@id":"https:\/\/colombiainteligente.org\/tendencias\/methodology-underpinning-the-state-of-climate-action-series\/#primaryimage"},"thumbnailUrl":"https:\/\/colombiainteligente.org\/wp-content\/uploads\/2022\/12\/Methodology-Underpinning-the-State-of-Climate-Action-Series.jpg","articleSection":["Convergencia y Sostenibilidad","Tendencias"],"inLanguage":"es-CO","potentialAction":[{"@type":"CommentAction","name":"Comment","target":["https:\/\/colombiainteligente.org\/tendencias\/methodology-underpinning-the-state-of-climate-action-series\/#respond"]}]},{"@type":"WebPage","@id":"https:\/\/colombiainteligente.org\/tendencias\/methodology-underpinning-the-state-of-climate-action-series\/","url":"https:\/\/colombiainteligente.org\/tendencias\/methodology-underpinning-the-state-of-climate-action-series\/","name":"Methodology Underpinning the State of Climate Action Series - Colombia Inteligente","isPartOf":{"@id":"https:\/\/colombiainteligente.org\/#website"},"primaryImageOfPage":{"@id":"https:\/\/colombiainteligente.org\/tendencias\/methodology-underpinning-the-state-of-climate-action-series\/#primaryimage"},"image":{"@id":"https:\/\/colombiainteligente.org\/tendencias\/methodology-underpinning-the-state-of-climate-action-series\/#primaryimage"},"thumbnailUrl":"https:\/\/colombiainteligente.org\/wp-content\/uploads\/2022\/12\/Methodology-Underpinning-the-State-of-Climate-Action-Series.jpg","datePublished":"2022-10-31T20:33:47+00:00","dateModified":"2022-12-12T20:34:39+00:00","breadcrumb":{"@id":"https:\/\/colombiainteligente.org\/tendencias\/methodology-underpinning-the-state-of-climate-action-series\/#breadcrumb"},"inLanguage":"es-CO","potentialAction":[{"@type":"ReadAction","target":["https:\/\/colombiainteligente.org\/tendencias\/methodology-underpinning-the-state-of-climate-action-series\/"]}]},{"@type":"ImageObject","inLanguage":"es-CO","@id":"https:\/\/colombiainteligente.org\/tendencias\/methodology-underpinning-the-state-of-climate-action-series\/#primaryimage","url":"https:\/\/colombiainteligente.org\/wp-content\/uploads\/2022\/12\/Methodology-Underpinning-the-State-of-Climate-Action-Series.jpg","contentUrl":"https:\/\/colombiainteligente.org\/wp-content\/uploads\/2022\/12\/Methodology-Underpinning-the-State-of-Climate-Action-Series.jpg","width":284,"height":400,"caption":"Methodology-Underpinning-the-State-of-Climate-Action-Series.jpg"},{"@type":"BreadcrumbList","@id":"https:\/\/colombiainteligente.org\/tendencias\/methodology-underpinning-the-state-of-climate-action-series\/#breadcrumb","itemListElement":[{"@type":"ListItem","position":1,"name":"Portada","item":"https:\/\/colombiainteligente.org\/"},{"@type":"ListItem","position":2,"name":"Methodology Underpinning the State of Climate Action Series"}]},{"@type":"WebSite","@id":"https:\/\/colombiainteligente.org\/#website","url":"https:\/\/colombiainteligente.org\/","name":"Colombia Inteligente","description":"Alianza estrat\u00e9gica, conformada por empresas y entidades, para la inserci\u00f3n integral y eficiente de las redes inteligentes a la infraestructura del sector el\u00e9ctrico colombiano","publisher":{"@id":"https:\/\/colombiainteligente.org\/#organization"},"potentialAction":[{"@type":"SearchAction","target":{"@type":"EntryPoint","urlTemplate":"https:\/\/colombiainteligente.org\/?s={search_term_string}"},"query-input":{"@type":"PropertyValueSpecification","valueRequired":true,"valueName":"search_term_string"}}],"inLanguage":"es-CO"},{"@type":"Organization","@id":"https:\/\/colombiainteligente.org\/#organization","name":"Colombia Inteligente","url":"https:\/\/colombiainteligente.org\/","logo":{"@type":"ImageObject","inLanguage":"es-CO","@id":"https:\/\/colombiainteligente.org\/#\/schema\/logo\/image\/","url":"https:\/\/colombiainteligente.org\/wp-content\/uploads\/2022\/07\/Image.png","contentUrl":"https:\/\/colombiainteligente.org\/wp-content\/uploads\/2022\/07\/Image.png","width":588,"height":274,"caption":"Colombia Inteligente"},"image":{"@id":"https:\/\/colombiainteligente.org\/#\/schema\/logo\/image\/"},"sameAs":["https:\/\/x.com\/colombiaintelig","https:\/\/www.linkedin.com\/company\/colombiainteligente\/"]},{"@type":"Person","@id":"https:\/\/colombiainteligente.org\/#\/schema\/person\/e207145d548b75a6d339ff1d4d3b0432","name":"DIFUSI\u00d3N COLOMBIA INTELIGENTE","image":{"@type":"ImageObject","inLanguage":"es-CO","@id":"https:\/\/secure.gravatar.com\/avatar\/df2e679ff2abf288cf4bf58830dad897e596908105ec8969f50f748a6d837869?s=96&d=mm&r=g","url":"https:\/\/secure.gravatar.com\/avatar\/df2e679ff2abf288cf4bf58830dad897e596908105ec8969f50f748a6d837869?s=96&d=mm&r=g","contentUrl":"https:\/\/secure.gravatar.com\/avatar\/df2e679ff2abf288cf4bf58830dad897e596908105ec8969f50f748a6d837869?s=96&d=mm&r=g","caption":"DIFUSI\u00d3N COLOMBIA INTELIGENTE"},"url":"https:\/\/colombiainteligente.org\/es_co\/author\/difusioncolombiainteligente-org\/"}]}},"_links":{"self":[{"href":"https:\/\/colombiainteligente.org\/es_co\/wp-json\/wp\/v2\/posts\/3264","targetHints":{"allow":["GET"]}}],"collection":[{"href":"https:\/\/colombiainteligente.org\/es_co\/wp-json\/wp\/v2\/posts"}],"about":[{"href":"https:\/\/colombiainteligente.org\/es_co\/wp-json\/wp\/v2\/types\/post"}],"author":[{"embeddable":true,"href":"https:\/\/colombiainteligente.org\/es_co\/wp-json\/wp\/v2\/users\/23"}],"replies":[{"embeddable":true,"href":"https:\/\/colombiainteligente.org\/es_co\/wp-json\/wp\/v2\/comments?post=3264"}],"version-history":[{"count":4,"href":"https:\/\/colombiainteligente.org\/es_co\/wp-json\/wp\/v2\/posts\/3264\/revisions"}],"predecessor-version":[{"id":3268,"href":"https:\/\/colombiainteligente.org\/es_co\/wp-json\/wp\/v2\/posts\/3264\/revisions\/3268"}],"wp:featuredmedia":[{"embeddable":true,"href":"https:\/\/colombiainteligente.org\/es_co\/wp-json\/wp\/v2\/media\/3222"}],"wp:attachment":[{"href":"https:\/\/colombiainteligente.org\/es_co\/wp-json\/wp\/v2\/media?parent=3264"}],"wp:term":[{"taxonomy":"category","embeddable":true,"href":"https:\/\/colombiainteligente.org\/es_co\/wp-json\/wp\/v2\/categories?post=3264"},{"taxonomy":"post_tag","embeddable":true,"href":"https:\/\/colombiainteligente.org\/es_co\/wp-json\/wp\/v2\/tags?post=3264"}],"curies":[{"name":"wp","href":"https:\/\/api.w.org\/{rel}","templated":true}]}}