{"id":3611,"date":"2022-10-24T10:05:10","date_gmt":"2022-10-24T15:05:10","guid":{"rendered":"https:\/\/colombiainteligente.org\/?p=3611"},"modified":"2022-12-14T10:06:22","modified_gmt":"2022-12-14T15:06:22","slug":"green-uplift-how-a-net-zero-economy-can-reduce-fuel-and-transport-poverty","status":"publish","type":"post","link":"https:\/\/colombiainteligente.org\/es_co\/tendencias\/green-uplift-how-a-net-zero-economy-can-reduce-fuel-and-transport-poverty\/","title":{"rendered":"Green uplift: how a net zero economy can reduce fuel and transport poverty"},"content":{"rendered":"<div data-elementor-type=\"wp-post\" data-elementor-id=\"3611\" class=\"elementor elementor-3611\" data-elementor-post-type=\"post\">\n\t\t\t\t\t\t\t\t\t<section class=\"elementor-section elementor-top-section elementor-element elementor-element-79148795 elementor-section-boxed elementor-section-height-default elementor-section-height-default\" data-id=\"79148795\" data-element_type=\"section\">\n\t\t\t\t\t\t<div class=\"elementor-container elementor-column-gap-default\">\n\t\t\t\t\t<div class=\"elementor-column elementor-col-100 elementor-top-column elementor-element elementor-element-1ece4ebf\" data-id=\"1ece4ebf\" data-element_type=\"column\">\n\t\t\t<div class=\"elementor-widget-wrap elementor-element-populated\">\n\t\t\t\t\t\t\t\t<div class=\"elementor-element elementor-element-7a61c7e5 elementor-widget elementor-widget-text-editor\" data-id=\"7a61c7e5\" data-element_type=\"widget\" data-widget_type=\"text-editor.default\">\n\t\t\t\t<div class=\"elementor-widget-container\">\n\t\t\t<style>\/*! elementor - v3.14.0 - 26-06-2023 *\/\n.elementor-widget-text-editor.elementor-drop-cap-view-stacked .elementor-drop-cap{background-color:#69727d;color:#fff}.elementor-widget-text-editor.elementor-drop-cap-view-framed .elementor-drop-cap{color:#69727d;border:3px solid;background-color:transparent}.elementor-widget-text-editor:not(.elementor-drop-cap-view-default) .elementor-drop-cap{margin-top:8px}.elementor-widget-text-editor:not(.elementor-drop-cap-view-default) .elementor-drop-cap-letter{width:1em;height:1em}.elementor-widget-text-editor .elementor-drop-cap{float:left;text-align:center;line-height:1;font-size:50px}.elementor-widget-text-editor .elementor-drop-cap-letter{display:inline-block}<\/style>\t\t\t\t<p>Es probable que la crisis del coste de la vida aumente la pobreza de combustible y de transporte en el Reino Unido. En este informe se explica c\u00f3mo la aceleraci\u00f3n de las medidas de reducci\u00f3n de las emisiones de carbono en toda la econom\u00eda, como la implantaci\u00f3n de bombas de calor, veh\u00edculos el\u00e9ctricos y medidas de aislamiento de las viviendas, podr\u00eda ayudar tambi\u00e9n a las personas con bajos ingresos a sufragar los costes de la vida.<\/p><p>With our partners in the FAIR work programme at CREDS (the Centre for Research into Energy Demand Solutions), we have examined the effects that different carbon cutting strategies may have on people vulnerable to fuel and transport poverty.<\/p><p>Para leer m\u00e1s ingrese a:<\/p><p><a href=\"https:\/\/green-alliance.org.uk\/publication\/green-uplift-how-a-net-zero-economy-can-reduce-fuel-and-transport-poverty\/\">https:\/\/green-alliance.org.uk\/publication\/green-uplift-how-a-net-zero-economy-can-reduce-fuel-and-transport-poverty\/<\/a><\/p><p><a href=\"https:\/\/green-alliance.org.uk\/wp-content\/uploads\/2022\/10\/Green-uplift.pdf\">https:\/\/green-alliance.org.uk\/wp-content\/uploads\/2022\/10\/Green-uplift.pdf<\/a><\/p>\t\t\t\t\t\t<\/div>\n\t\t\t\t<\/div>\n\t\t\t\t\t<\/div>\n\t\t<\/div>\n\t\t\t\t\t\t\t<\/div>\n\t\t<\/section>\n\t\t\t\t\t\t\t<\/div>\n\t\t<div style=\"text-align:center\" class=\"yasr-auto-insert-visitor\"><\/div>","protected":false},"excerpt":{"rendered":"<p>Es probable que la crisis del coste de la vida aumente la pobreza de combustible y de transporte en el Reino Unido. En este informe se explica c\u00f3mo la aceleraci\u00f3n de las medidas de reducci\u00f3n de las emisiones de carbono en toda la econom\u00eda, como la implantaci\u00f3n de bombas de calor, veh\u00edculos el\u00e9ctricos y medidas de aislamiento de las viviendas, podr\u00eda ayudar tambi\u00e9n a las personas con bajos ingresos a sufragar los costes de la vida.<\/p>","protected":false},"author":23,"featured_media":3588,"comment_status":"open","ping_status":"open","sticky":false,"template":"","format":"standard","meta":{"yasr_overall_rating":0,"yasr_post_is_review":"","yasr_auto_insert_disabled":"","yasr_review_type":"","footnotes":""},"categories":[56,53],"tags":[],"class_list":["post-3611","post","type-post","status-publish","format-standard","has-post-thumbnail","hentry","category-convergencia-y-sostenibilidad","category-tendencias"],"yasr_visitor_votes":{"number_of_votes":0,"sum_votes":0,"stars_attributes":{"read_only":false,"span_bottom":false}},"yoast_head":"<!-- This site is optimized with the Yoast SEO plugin v27.3 - https:\/\/yoast.com\/product\/yoast-seo-wordpress\/ -->\n<title>Green uplift: how a net zero economy can reduce fuel and transport poverty - Colombia Inteligente<\/title>\n<meta name=\"robots\" content=\"index, follow, max-snippet:-1, max-image-preview:large, max-video-preview:-1\" \/>\n<link rel=\"canonical\" href=\"https:\/\/colombiainteligente.org\/es_co\/tendencias\/green-uplift-how-a-net-zero-economy-can-reduce-fuel-and-transport-poverty\/\" \/>\n<meta property=\"og:locale\" content=\"es_ES\" \/>\n<meta property=\"og:type\" content=\"article\" \/>\n<meta property=\"og:title\" content=\"Green uplift: how a net zero economy can reduce fuel and transport poverty - Colombia Inteligente\" \/>\n<meta property=\"og:description\" content=\"Es probable que la crisis del coste de la vida aumente la pobreza de combustible y de transporte en el Reino Unido. En este informe se explica c\u00f3mo la aceleraci\u00f3n de las medidas de reducci\u00f3n de las emisiones de carbono en toda la econom\u00eda, como la implantaci\u00f3n de bombas de calor, veh\u00edculos el\u00e9ctricos y medidas de aislamiento de las viviendas, podr\u00eda ayudar tambi\u00e9n a las personas con bajos ingresos a sufragar los costes de la vida.\" \/>\n<meta property=\"og:url\" content=\"https:\/\/colombiainteligente.org\/es_co\/tendencias\/green-uplift-how-a-net-zero-economy-can-reduce-fuel-and-transport-poverty\/\" \/>\n<meta property=\"og:site_name\" content=\"Colombia Inteligente\" \/>\n<meta property=\"article:published_time\" content=\"2022-10-24T15:05:10+00:00\" \/>\n<meta property=\"article:modified_time\" content=\"2022-12-14T15:06:22+00:00\" \/>\n<meta property=\"og:image\" content=\"https:\/\/colombiainteligente.org\/wp-content\/uploads\/2022\/12\/Green-uplift-how-a-net-zero-economy-can-reduce-fuel-and-transport-poverty.jpg\" \/>\n\t<meta property=\"og:image:width\" content=\"300\" \/>\n\t<meta property=\"og:image:height\" content=\"386\" \/>\n\t<meta property=\"og:image:type\" content=\"image\/jpeg\" \/>\n<meta name=\"author\" content=\"DIFUSI\u00d3N COLOMBIA INTELIGENTE\" \/>\n<meta name=\"twitter:card\" content=\"summary_large_image\" \/>\n<meta name=\"twitter:creator\" content=\"@colombiaintelig\" \/>\n<meta name=\"twitter:site\" content=\"@colombiaintelig\" \/>\n<meta name=\"twitter:label1\" content=\"Escrito por\" \/>\n\t<meta name=\"twitter:data1\" content=\"DIFUSI\u00d3N COLOMBIA INTELIGENTE\" \/>\n\t<meta name=\"twitter:label2\" content=\"Tiempo estimado de lectura\" \/>\n\t<meta name=\"twitter:data2\" content=\"1 minuto\" \/>\n<script type=\"application\/ld+json\" class=\"yoast-schema-graph\">{\"@context\":\"https:\\\/\\\/schema.org\",\"@graph\":[{\"@type\":\"Article\",\"@id\":\"https:\\\/\\\/colombiainteligente.org\\\/tendencias\\\/green-uplift-how-a-net-zero-economy-can-reduce-fuel-and-transport-poverty\\\/#article\",\"isPartOf\":{\"@id\":\"https:\\\/\\\/colombiainteligente.org\\\/tendencias\\\/green-uplift-how-a-net-zero-economy-can-reduce-fuel-and-transport-poverty\\\/\"},\"author\":{\"name\":\"DIFUSI\u00d3N COLOMBIA INTELIGENTE\",\"@id\":\"https:\\\/\\\/colombiainteligente.org\\\/#\\\/schema\\\/person\\\/e207145d548b75a6d339ff1d4d3b0432\"},\"headline\":\"Green uplift: how a net zero economy can reduce fuel and transport poverty\",\"datePublished\":\"2022-10-24T15:05:10+00:00\",\"dateModified\":\"2022-12-14T15:06:22+00:00\",\"mainEntityOfPage\":{\"@id\":\"https:\\\/\\\/colombiainteligente.org\\\/tendencias\\\/green-uplift-how-a-net-zero-economy-can-reduce-fuel-and-transport-poverty\\\/\"},\"wordCount\":156,\"commentCount\":0,\"publisher\":{\"@id\":\"https:\\\/\\\/colombiainteligente.org\\\/#organization\"},\"image\":{\"@id\":\"https:\\\/\\\/colombiainteligente.org\\\/tendencias\\\/green-uplift-how-a-net-zero-economy-can-reduce-fuel-and-transport-poverty\\\/#primaryimage\"},\"thumbnailUrl\":\"https:\\\/\\\/colombiainteligente.org\\\/wp-content\\\/uploads\\\/2022\\\/12\\\/Green-uplift-how-a-net-zero-economy-can-reduce-fuel-and-transport-poverty.jpg\",\"articleSection\":[\"Convergencia y Sostenibilidad\",\"Tendencias\"],\"inLanguage\":\"es-CO\",\"potentialAction\":[{\"@type\":\"CommentAction\",\"name\":\"Comment\",\"target\":[\"https:\\\/\\\/colombiainteligente.org\\\/tendencias\\\/green-uplift-how-a-net-zero-economy-can-reduce-fuel-and-transport-poverty\\\/#respond\"]}]},{\"@type\":\"WebPage\",\"@id\":\"https:\\\/\\\/colombiainteligente.org\\\/tendencias\\\/green-uplift-how-a-net-zero-economy-can-reduce-fuel-and-transport-poverty\\\/\",\"url\":\"https:\\\/\\\/colombiainteligente.org\\\/tendencias\\\/green-uplift-how-a-net-zero-economy-can-reduce-fuel-and-transport-poverty\\\/\",\"name\":\"Green uplift: how a net zero economy can reduce fuel and transport poverty - Colombia Inteligente\",\"isPartOf\":{\"@id\":\"https:\\\/\\\/colombiainteligente.org\\\/#website\"},\"primaryImageOfPage\":{\"@id\":\"https:\\\/\\\/colombiainteligente.org\\\/tendencias\\\/green-uplift-how-a-net-zero-economy-can-reduce-fuel-and-transport-poverty\\\/#primaryimage\"},\"image\":{\"@id\":\"https:\\\/\\\/colombiainteligente.org\\\/tendencias\\\/green-uplift-how-a-net-zero-economy-can-reduce-fuel-and-transport-poverty\\\/#primaryimage\"},\"thumbnailUrl\":\"https:\\\/\\\/colombiainteligente.org\\\/wp-content\\\/uploads\\\/2022\\\/12\\\/Green-uplift-how-a-net-zero-economy-can-reduce-fuel-and-transport-poverty.jpg\",\"datePublished\":\"2022-10-24T15:05:10+00:00\",\"dateModified\":\"2022-12-14T15:06:22+00:00\",\"breadcrumb\":{\"@id\":\"https:\\\/\\\/colombiainteligente.org\\\/tendencias\\\/green-uplift-how-a-net-zero-economy-can-reduce-fuel-and-transport-poverty\\\/#breadcrumb\"},\"inLanguage\":\"es-CO\",\"potentialAction\":[{\"@type\":\"ReadAction\",\"target\":[\"https:\\\/\\\/colombiainteligente.org\\\/tendencias\\\/green-uplift-how-a-net-zero-economy-can-reduce-fuel-and-transport-poverty\\\/\"]}]},{\"@type\":\"ImageObject\",\"inLanguage\":\"es-CO\",\"@id\":\"https:\\\/\\\/colombiainteligente.org\\\/tendencias\\\/green-uplift-how-a-net-zero-economy-can-reduce-fuel-and-transport-poverty\\\/#primaryimage\",\"url\":\"https:\\\/\\\/colombiainteligente.org\\\/wp-content\\\/uploads\\\/2022\\\/12\\\/Green-uplift-how-a-net-zero-economy-can-reduce-fuel-and-transport-poverty.jpg\",\"contentUrl\":\"https:\\\/\\\/colombiainteligente.org\\\/wp-content\\\/uploads\\\/2022\\\/12\\\/Green-uplift-how-a-net-zero-economy-can-reduce-fuel-and-transport-poverty.jpg\",\"width\":300,\"height\":386,\"caption\":\"Green-uplift-how-a-net-zero-economy-can-reduce-fuel-and-transport-poverty.jpg\"},{\"@type\":\"BreadcrumbList\",\"@id\":\"https:\\\/\\\/colombiainteligente.org\\\/tendencias\\\/green-uplift-how-a-net-zero-economy-can-reduce-fuel-and-transport-poverty\\\/#breadcrumb\",\"itemListElement\":[{\"@type\":\"ListItem\",\"position\":1,\"name\":\"Portada\",\"item\":\"https:\\\/\\\/colombiainteligente.org\\\/\"},{\"@type\":\"ListItem\",\"position\":2,\"name\":\"Green uplift: how a net zero economy can reduce fuel and transport poverty\"}]},{\"@type\":\"WebSite\",\"@id\":\"https:\\\/\\\/colombiainteligente.org\\\/#website\",\"url\":\"https:\\\/\\\/colombiainteligente.org\\\/\",\"name\":\"Colombia Inteligente\",\"description\":\"Alianza estrat\u00e9gica, conformada por empresas y entidades, para la inserci\u00f3n integral y eficiente de las redes inteligentes a la infraestructura del sector el\u00e9ctrico colombiano\",\"publisher\":{\"@id\":\"https:\\\/\\\/colombiainteligente.org\\\/#organization\"},\"potentialAction\":[{\"@type\":\"SearchAction\",\"target\":{\"@type\":\"EntryPoint\",\"urlTemplate\":\"https:\\\/\\\/colombiainteligente.org\\\/?s={search_term_string}\"},\"query-input\":{\"@type\":\"PropertyValueSpecification\",\"valueRequired\":true,\"valueName\":\"search_term_string\"}}],\"inLanguage\":\"es-CO\"},{\"@type\":\"Organization\",\"@id\":\"https:\\\/\\\/colombiainteligente.org\\\/#organization\",\"name\":\"Colombia Inteligente\",\"url\":\"https:\\\/\\\/colombiainteligente.org\\\/\",\"logo\":{\"@type\":\"ImageObject\",\"inLanguage\":\"es-CO\",\"@id\":\"https:\\\/\\\/colombiainteligente.org\\\/#\\\/schema\\\/logo\\\/image\\\/\",\"url\":\"https:\\\/\\\/colombiainteligente.org\\\/wp-content\\\/uploads\\\/2022\\\/07\\\/Image.png\",\"contentUrl\":\"https:\\\/\\\/colombiainteligente.org\\\/wp-content\\\/uploads\\\/2022\\\/07\\\/Image.png\",\"width\":588,\"height\":274,\"caption\":\"Colombia Inteligente\"},\"image\":{\"@id\":\"https:\\\/\\\/colombiainteligente.org\\\/#\\\/schema\\\/logo\\\/image\\\/\"},\"sameAs\":[\"https:\\\/\\\/x.com\\\/colombiaintelig\",\"https:\\\/\\\/www.linkedin.com\\\/company\\\/colombiainteligente\\\/\"]},{\"@type\":\"Person\",\"@id\":\"https:\\\/\\\/colombiainteligente.org\\\/#\\\/schema\\\/person\\\/e207145d548b75a6d339ff1d4d3b0432\",\"name\":\"DIFUSI\u00d3N COLOMBIA INTELIGENTE\",\"image\":{\"@type\":\"ImageObject\",\"inLanguage\":\"es-CO\",\"@id\":\"https:\\\/\\\/secure.gravatar.com\\\/avatar\\\/df2e679ff2abf288cf4bf58830dad897e596908105ec8969f50f748a6d837869?s=96&d=mm&r=g\",\"url\":\"https:\\\/\\\/secure.gravatar.com\\\/avatar\\\/df2e679ff2abf288cf4bf58830dad897e596908105ec8969f50f748a6d837869?s=96&d=mm&r=g\",\"contentUrl\":\"https:\\\/\\\/secure.gravatar.com\\\/avatar\\\/df2e679ff2abf288cf4bf58830dad897e596908105ec8969f50f748a6d837869?s=96&d=mm&r=g\",\"caption\":\"DIFUSI\u00d3N COLOMBIA INTELIGENTE\"},\"url\":\"https:\\\/\\\/colombiainteligente.org\\\/es_co\\\/author\\\/difusioncolombiainteligente-org\\\/\"}]}<\/script>\n<!-- \/ Yoast SEO plugin. -->","yoast_head_json":{"title":"Green uplift: how a net zero economy can reduce fuel and transport poverty - Colombia Inteligente","robots":{"index":"index","follow":"follow","max-snippet":"max-snippet:-1","max-image-preview":"max-image-preview:large","max-video-preview":"max-video-preview:-1"},"canonical":"https:\/\/colombiainteligente.org\/es_co\/tendencias\/green-uplift-how-a-net-zero-economy-can-reduce-fuel-and-transport-poverty\/","og_locale":"es_ES","og_type":"article","og_title":"Green uplift: how a net zero economy can reduce fuel and transport poverty - Colombia Inteligente","og_description":"Es probable que la crisis del coste de la vida aumente la pobreza de combustible y de transporte en el Reino Unido. En este informe se explica c\u00f3mo la aceleraci\u00f3n de las medidas de reducci\u00f3n de las emisiones de carbono en toda la econom\u00eda, como la implantaci\u00f3n de bombas de calor, veh\u00edculos el\u00e9ctricos y medidas de aislamiento de las viviendas, podr\u00eda ayudar tambi\u00e9n a las personas con bajos ingresos a sufragar los costes de la vida.","og_url":"https:\/\/colombiainteligente.org\/es_co\/tendencias\/green-uplift-how-a-net-zero-economy-can-reduce-fuel-and-transport-poverty\/","og_site_name":"Colombia Inteligente","article_published_time":"2022-10-24T15:05:10+00:00","article_modified_time":"2022-12-14T15:06:22+00:00","og_image":[{"width":300,"height":386,"url":"https:\/\/colombiainteligente.org\/wp-content\/uploads\/2022\/12\/Green-uplift-how-a-net-zero-economy-can-reduce-fuel-and-transport-poverty.jpg","type":"image\/jpeg"}],"author":"DIFUSI\u00d3N COLOMBIA INTELIGENTE","twitter_card":"summary_large_image","twitter_creator":"@colombiaintelig","twitter_site":"@colombiaintelig","twitter_misc":{"Escrito por":"DIFUSI\u00d3N COLOMBIA INTELIGENTE","Tiempo estimado de lectura":"1 minuto"},"schema":{"@context":"https:\/\/schema.org","@graph":[{"@type":"Article","@id":"https:\/\/colombiainteligente.org\/tendencias\/green-uplift-how-a-net-zero-economy-can-reduce-fuel-and-transport-poverty\/#article","isPartOf":{"@id":"https:\/\/colombiainteligente.org\/tendencias\/green-uplift-how-a-net-zero-economy-can-reduce-fuel-and-transport-poverty\/"},"author":{"name":"DIFUSI\u00d3N COLOMBIA INTELIGENTE","@id":"https:\/\/colombiainteligente.org\/#\/schema\/person\/e207145d548b75a6d339ff1d4d3b0432"},"headline":"Green uplift: how a net zero economy can reduce fuel and transport poverty","datePublished":"2022-10-24T15:05:10+00:00","dateModified":"2022-12-14T15:06:22+00:00","mainEntityOfPage":{"@id":"https:\/\/colombiainteligente.org\/tendencias\/green-uplift-how-a-net-zero-economy-can-reduce-fuel-and-transport-poverty\/"},"wordCount":156,"commentCount":0,"publisher":{"@id":"https:\/\/colombiainteligente.org\/#organization"},"image":{"@id":"https:\/\/colombiainteligente.org\/tendencias\/green-uplift-how-a-net-zero-economy-can-reduce-fuel-and-transport-poverty\/#primaryimage"},"thumbnailUrl":"https:\/\/colombiainteligente.org\/wp-content\/uploads\/2022\/12\/Green-uplift-how-a-net-zero-economy-can-reduce-fuel-and-transport-poverty.jpg","articleSection":["Convergencia y Sostenibilidad","Tendencias"],"inLanguage":"es-CO","potentialAction":[{"@type":"CommentAction","name":"Comment","target":["https:\/\/colombiainteligente.org\/tendencias\/green-uplift-how-a-net-zero-economy-can-reduce-fuel-and-transport-poverty\/#respond"]}]},{"@type":"WebPage","@id":"https:\/\/colombiainteligente.org\/tendencias\/green-uplift-how-a-net-zero-economy-can-reduce-fuel-and-transport-poverty\/","url":"https:\/\/colombiainteligente.org\/tendencias\/green-uplift-how-a-net-zero-economy-can-reduce-fuel-and-transport-poverty\/","name":"Green uplift: how a net zero economy can reduce fuel and transport poverty - Colombia Inteligente","isPartOf":{"@id":"https:\/\/colombiainteligente.org\/#website"},"primaryImageOfPage":{"@id":"https:\/\/colombiainteligente.org\/tendencias\/green-uplift-how-a-net-zero-economy-can-reduce-fuel-and-transport-poverty\/#primaryimage"},"image":{"@id":"https:\/\/colombiainteligente.org\/tendencias\/green-uplift-how-a-net-zero-economy-can-reduce-fuel-and-transport-poverty\/#primaryimage"},"thumbnailUrl":"https:\/\/colombiainteligente.org\/wp-content\/uploads\/2022\/12\/Green-uplift-how-a-net-zero-economy-can-reduce-fuel-and-transport-poverty.jpg","datePublished":"2022-10-24T15:05:10+00:00","dateModified":"2022-12-14T15:06:22+00:00","breadcrumb":{"@id":"https:\/\/colombiainteligente.org\/tendencias\/green-uplift-how-a-net-zero-economy-can-reduce-fuel-and-transport-poverty\/#breadcrumb"},"inLanguage":"es-CO","potentialAction":[{"@type":"ReadAction","target":["https:\/\/colombiainteligente.org\/tendencias\/green-uplift-how-a-net-zero-economy-can-reduce-fuel-and-transport-poverty\/"]}]},{"@type":"ImageObject","inLanguage":"es-CO","@id":"https:\/\/colombiainteligente.org\/tendencias\/green-uplift-how-a-net-zero-economy-can-reduce-fuel-and-transport-poverty\/#primaryimage","url":"https:\/\/colombiainteligente.org\/wp-content\/uploads\/2022\/12\/Green-uplift-how-a-net-zero-economy-can-reduce-fuel-and-transport-poverty.jpg","contentUrl":"https:\/\/colombiainteligente.org\/wp-content\/uploads\/2022\/12\/Green-uplift-how-a-net-zero-economy-can-reduce-fuel-and-transport-poverty.jpg","width":300,"height":386,"caption":"Green-uplift-how-a-net-zero-economy-can-reduce-fuel-and-transport-poverty.jpg"},{"@type":"BreadcrumbList","@id":"https:\/\/colombiainteligente.org\/tendencias\/green-uplift-how-a-net-zero-economy-can-reduce-fuel-and-transport-poverty\/#breadcrumb","itemListElement":[{"@type":"ListItem","position":1,"name":"Portada","item":"https:\/\/colombiainteligente.org\/"},{"@type":"ListItem","position":2,"name":"Green uplift: how a net zero economy can reduce fuel and transport poverty"}]},{"@type":"WebSite","@id":"https:\/\/colombiainteligente.org\/#website","url":"https:\/\/colombiainteligente.org\/","name":"Colombia Inteligente","description":"Alianza estrat\u00e9gica, conformada por empresas y entidades, para la inserci\u00f3n integral y eficiente de las redes inteligentes a la infraestructura del sector el\u00e9ctrico colombiano","publisher":{"@id":"https:\/\/colombiainteligente.org\/#organization"},"potentialAction":[{"@type":"SearchAction","target":{"@type":"EntryPoint","urlTemplate":"https:\/\/colombiainteligente.org\/?s={search_term_string}"},"query-input":{"@type":"PropertyValueSpecification","valueRequired":true,"valueName":"search_term_string"}}],"inLanguage":"es-CO"},{"@type":"Organization","@id":"https:\/\/colombiainteligente.org\/#organization","name":"Colombia Inteligente","url":"https:\/\/colombiainteligente.org\/","logo":{"@type":"ImageObject","inLanguage":"es-CO","@id":"https:\/\/colombiainteligente.org\/#\/schema\/logo\/image\/","url":"https:\/\/colombiainteligente.org\/wp-content\/uploads\/2022\/07\/Image.png","contentUrl":"https:\/\/colombiainteligente.org\/wp-content\/uploads\/2022\/07\/Image.png","width":588,"height":274,"caption":"Colombia Inteligente"},"image":{"@id":"https:\/\/colombiainteligente.org\/#\/schema\/logo\/image\/"},"sameAs":["https:\/\/x.com\/colombiaintelig","https:\/\/www.linkedin.com\/company\/colombiainteligente\/"]},{"@type":"Person","@id":"https:\/\/colombiainteligente.org\/#\/schema\/person\/e207145d548b75a6d339ff1d4d3b0432","name":"DIFUSI\u00d3N COLOMBIA INTELIGENTE","image":{"@type":"ImageObject","inLanguage":"es-CO","@id":"https:\/\/secure.gravatar.com\/avatar\/df2e679ff2abf288cf4bf58830dad897e596908105ec8969f50f748a6d837869?s=96&d=mm&r=g","url":"https:\/\/secure.gravatar.com\/avatar\/df2e679ff2abf288cf4bf58830dad897e596908105ec8969f50f748a6d837869?s=96&d=mm&r=g","contentUrl":"https:\/\/secure.gravatar.com\/avatar\/df2e679ff2abf288cf4bf58830dad897e596908105ec8969f50f748a6d837869?s=96&d=mm&r=g","caption":"DIFUSI\u00d3N COLOMBIA INTELIGENTE"},"url":"https:\/\/colombiainteligente.org\/es_co\/author\/difusioncolombiainteligente-org\/"}]}},"_links":{"self":[{"href":"https:\/\/colombiainteligente.org\/es_co\/wp-json\/wp\/v2\/posts\/3611","targetHints":{"allow":["GET"]}}],"collection":[{"href":"https:\/\/colombiainteligente.org\/es_co\/wp-json\/wp\/v2\/posts"}],"about":[{"href":"https:\/\/colombiainteligente.org\/es_co\/wp-json\/wp\/v2\/types\/post"}],"author":[{"embeddable":true,"href":"https:\/\/colombiainteligente.org\/es_co\/wp-json\/wp\/v2\/users\/23"}],"replies":[{"embeddable":true,"href":"https:\/\/colombiainteligente.org\/es_co\/wp-json\/wp\/v2\/comments?post=3611"}],"version-history":[{"count":4,"href":"https:\/\/colombiainteligente.org\/es_co\/wp-json\/wp\/v2\/posts\/3611\/revisions"}],"predecessor-version":[{"id":3615,"href":"https:\/\/colombiainteligente.org\/es_co\/wp-json\/wp\/v2\/posts\/3611\/revisions\/3615"}],"wp:featuredmedia":[{"embeddable":true,"href":"https:\/\/colombiainteligente.org\/es_co\/wp-json\/wp\/v2\/media\/3588"}],"wp:attachment":[{"href":"https:\/\/colombiainteligente.org\/es_co\/wp-json\/wp\/v2\/media?parent=3611"}],"wp:term":[{"taxonomy":"category","embeddable":true,"href":"https:\/\/colombiainteligente.org\/es_co\/wp-json\/wp\/v2\/categories?post=3611"},{"taxonomy":"post_tag","embeddable":true,"href":"https:\/\/colombiainteligente.org\/es_co\/wp-json\/wp\/v2\/tags?post=3611"}],"curies":[{"name":"wp","href":"https:\/\/api.w.org\/{rel}","templated":true}]}}