{"id":36168,"date":"2023-09-18T08:37:00","date_gmt":"2023-09-18T13:37:00","guid":{"rendered":"https:\/\/colombiainteligente.org\/?p=36168"},"modified":"2023-09-14T10:39:30","modified_gmt":"2023-09-14T15:39:30","slug":"cuanta-capacidad-de-fabricacion-de-tecnologia-limpia-necesita-europa-para-salvaguardar-su-transicion-energetica","status":"publish","type":"post","link":"https:\/\/colombiainteligente.org\/es_co\/noticias-sectoriales\/cuanta-capacidad-de-fabricacion-de-tecnologia-limpia-necesita-europa-para-salvaguardar-su-transicion-energetica\/","title":{"rendered":"\u00bfCu\u00e1nta capacidad de fabricaci\u00f3n de tecnolog\u00eda limpia necesita Europa para salvaguardar su transici\u00f3n energ\u00e9tica?"},"content":{"rendered":"<div data-elementor-type=\"wp-post\" data-elementor-id=\"36168\" class=\"elementor elementor-36168\" data-elementor-post-type=\"post\">\n\t\t\t\t\t\t\t\t\t<section class=\"elementor-section elementor-top-section elementor-element elementor-element-87c6aa2 elementor-section-boxed elementor-section-height-default elementor-section-height-default\" data-id=\"87c6aa2\" data-element_type=\"section\">\n\t\t\t\t\t\t<div class=\"elementor-container elementor-column-gap-default\">\n\t\t\t\t\t<div class=\"elementor-column elementor-col-100 elementor-top-column elementor-element elementor-element-558bb819\" data-id=\"558bb819\" data-element_type=\"column\">\n\t\t\t<div class=\"elementor-widget-wrap elementor-element-populated\">\n\t\t\t\t\t\t\t\t<div class=\"elementor-element elementor-element-3067325c elementor-widget elementor-widget-text-editor\" data-id=\"3067325c\" data-element_type=\"widget\" data-widget_type=\"text-editor.default\">\n\t\t\t\t<div class=\"elementor-widget-container\">\n\t\t\t<style>\/*! elementor - v3.14.0 - 26-06-2023 *\/\n.elementor-widget-text-editor.elementor-drop-cap-view-stacked .elementor-drop-cap{background-color:#69727d;color:#fff}.elementor-widget-text-editor.elementor-drop-cap-view-framed .elementor-drop-cap{color:#69727d;border:3px solid;background-color:transparent}.elementor-widget-text-editor:not(.elementor-drop-cap-view-default) .elementor-drop-cap{margin-top:8px}.elementor-widget-text-editor:not(.elementor-drop-cap-view-default) .elementor-drop-cap-letter{width:1em;height:1em}.elementor-widget-text-editor .elementor-drop-cap{float:left;text-align:center;line-height:1;font-size:50px}.elementor-widget-text-editor .elementor-drop-cap-letter{display:inline-block}<\/style>\t\t\t\t<p>Para proteger la transici\u00f3n energ\u00e9tica de Europa frente a los riesgos de la cadena de suministro, la UE deber\u00eda garantizar unos porcentajes m\u00ednimos de fabricaci\u00f3n nacional de tecnolog\u00edas limpias y aspirar a una mayor diversificaci\u00f3n de la cadena de suministro, as\u00ed como a mejorar el reciclaje. Estas son las principales conclusiones de un nuevo an\u00e1lisis realizado por los grupos de reflexi\u00f3n Agora Energiewende y Agora Industry con el apoyo de la consultora Roland Berger.<\/p><p>La UE negocia actualmente objetivos nacionales de fabricaci\u00f3n de tecnolog\u00edas limpias en el marco de la Ley de Industria Neta Cero. En este contexto, Agora ofrece una evaluaci\u00f3n exhaustiva de las cuotas m\u00ednimas de fabricaci\u00f3n en la UE de paneles solares, turbinas e\u00f3licas, bater\u00edas, bombas de calor y electrolizadores que reforzar\u00edan la resistencia de las cadenas de valor de las tecnolog\u00edas limpias. El an\u00e1lisis tambi\u00e9n calcula la cantidad de financiaci\u00f3n p\u00fablica necesaria para alcanzar las cuotas recomendadas.<\/p><p>Para leer m\u00e1s ingrese a:<\/p><p><a href=\"https:\/\/elperiodicodelaenergia.com\/cuanta-capacidad-de-fabricacion-de-tecnologia-limpia-necesita-europa-para-salvaguardar-su-transicion-energetica\/\">hhttps:\/\/elperiodicodelaenergia.com\/cuanta-capacidad-de-fabricacion-de-tecnologia-limpia-necesita-europa-para-salvaguardar-su-transicion-energetica\/<\/a><\/p>\t\t\t\t\t\t<\/div>\n\t\t\t\t<\/div>\n\t\t\t\t\t<\/div>\n\t\t<\/div>\n\t\t\t\t\t\t\t<\/div>\n\t\t<\/section>\n\t\t\t\t\t\t\t<\/div>\n\t\t<div style=\"text-align:center\" class=\"yasr-auto-insert-visitor\"><\/div>","protected":false},"excerpt":{"rendered":"<p>Para proteger la transici\u00f3n energ\u00e9tica de Europa frente a los riesgos de la cadena de suministro, la UE deber\u00eda garantizar unos porcentajes m\u00ednimos de fabricaci\u00f3n nacional de tecnolog\u00edas limpias y aspirar a una mayor diversificaci\u00f3n de la cadena de suministro, as\u00ed como a mejorar el reciclaje. Estas son las principales conclusiones de un nuevo an\u00e1lisis realizado por los grupos de reflexi\u00f3n Agora Energiewende y Agora Industry con el apoyo de la consultora Roland Berger.<\/p>","protected":false},"author":23,"featured_media":36162,"comment_status":"open","ping_status":"open","sticky":false,"template":"","format":"standard","meta":{"yasr_overall_rating":0,"yasr_post_is_review":"","yasr_auto_insert_disabled":"","yasr_review_type":"","footnotes":""},"categories":[52],"tags":[],"class_list":["post-36168","post","type-post","status-publish","format-standard","has-post-thumbnail","hentry","category-noticias-sectoriales"],"yasr_visitor_votes":{"number_of_votes":0,"sum_votes":0,"stars_attributes":{"read_only":false,"span_bottom":false}},"yoast_head":"<!-- This site is optimized with the Yoast SEO plugin v27.3 - https:\/\/yoast.com\/product\/yoast-seo-wordpress\/ -->\n<title>\u00bfCu\u00e1nta capacidad de fabricaci\u00f3n de tecnolog\u00eda limpia necesita Europa para salvaguardar su transici\u00f3n energ\u00e9tica? - Colombia Inteligente<\/title>\n<meta name=\"robots\" content=\"index, follow, max-snippet:-1, max-image-preview:large, max-video-preview:-1\" \/>\n<link rel=\"canonical\" href=\"https:\/\/colombiainteligente.org\/es_co\/noticias-sectoriales\/cuanta-capacidad-de-fabricacion-de-tecnologia-limpia-necesita-europa-para-salvaguardar-su-transicion-energetica\/\" \/>\n<meta property=\"og:locale\" content=\"es_ES\" \/>\n<meta property=\"og:type\" content=\"article\" \/>\n<meta property=\"og:title\" content=\"\u00bfCu\u00e1nta capacidad de fabricaci\u00f3n de tecnolog\u00eda limpia necesita Europa para salvaguardar su transici\u00f3n energ\u00e9tica? - Colombia Inteligente\" \/>\n<meta property=\"og:description\" content=\"Para proteger la transici\u00f3n energ\u00e9tica de Europa frente a los riesgos de la cadena de suministro, la UE deber\u00eda garantizar unos porcentajes m\u00ednimos de fabricaci\u00f3n nacional de tecnolog\u00edas limpias y aspirar a una mayor diversificaci\u00f3n de la cadena de suministro, as\u00ed como a mejorar el reciclaje. Estas son las principales conclusiones de un nuevo an\u00e1lisis realizado por los grupos de reflexi\u00f3n Agora Energiewende y Agora Industry con el apoyo de la consultora Roland Berger.\" \/>\n<meta property=\"og:url\" content=\"https:\/\/colombiainteligente.org\/es_co\/noticias-sectoriales\/cuanta-capacidad-de-fabricacion-de-tecnologia-limpia-necesita-europa-para-salvaguardar-su-transicion-energetica\/\" \/>\n<meta property=\"og:site_name\" content=\"Colombia Inteligente\" \/>\n<meta property=\"article:published_time\" content=\"2023-09-18T13:37:00+00:00\" \/>\n<meta property=\"og:image\" content=\"https:\/\/colombiainteligente.org\/wp-content\/uploads\/2023\/09\/Cuanta-capacidad-de-fabricacion-de-tecnologia-limpia-necesita-Europa-para-salvaguardar-su-transicion-energetica.jpg\" \/>\n\t<meta property=\"og:image:width\" content=\"787\" \/>\n\t<meta property=\"og:image:height\" content=\"435\" \/>\n\t<meta property=\"og:image:type\" content=\"image\/jpeg\" \/>\n<meta name=\"author\" content=\"DIFUSI\u00d3N COLOMBIA INTELIGENTE\" \/>\n<meta name=\"twitter:card\" content=\"summary_large_image\" \/>\n<meta name=\"twitter:creator\" content=\"@colombiaintelig\" \/>\n<meta name=\"twitter:site\" content=\"@colombiaintelig\" \/>\n<meta name=\"twitter:label1\" content=\"Escrito por\" \/>\n\t<meta name=\"twitter:data1\" content=\"DIFUSI\u00d3N COLOMBIA INTELIGENTE\" \/>\n\t<meta name=\"twitter:label2\" content=\"Tiempo estimado de lectura\" \/>\n\t<meta name=\"twitter:data2\" content=\"1 minuto\" \/>\n<script type=\"application\/ld+json\" class=\"yoast-schema-graph\">{\"@context\":\"https:\\\/\\\/schema.org\",\"@graph\":[{\"@type\":\"Article\",\"@id\":\"https:\\\/\\\/colombiainteligente.org\\\/noticias-sectoriales\\\/cuanta-capacidad-de-fabricacion-de-tecnologia-limpia-necesita-europa-para-salvaguardar-su-transicion-energetica\\\/#article\",\"isPartOf\":{\"@id\":\"https:\\\/\\\/colombiainteligente.org\\\/noticias-sectoriales\\\/cuanta-capacidad-de-fabricacion-de-tecnologia-limpia-necesita-europa-para-salvaguardar-su-transicion-energetica\\\/\"},\"author\":{\"name\":\"DIFUSI\u00d3N COLOMBIA INTELIGENTE\",\"@id\":\"https:\\\/\\\/colombiainteligente.org\\\/#\\\/schema\\\/person\\\/e207145d548b75a6d339ff1d4d3b0432\"},\"headline\":\"\u00bfCu\u00e1nta capacidad de fabricaci\u00f3n de tecnolog\u00eda limpia necesita Europa para salvaguardar su transici\u00f3n energ\u00e9tica?\",\"datePublished\":\"2023-09-18T13:37:00+00:00\",\"mainEntityOfPage\":{\"@id\":\"https:\\\/\\\/colombiainteligente.org\\\/noticias-sectoriales\\\/cuanta-capacidad-de-fabricacion-de-tecnologia-limpia-necesita-europa-para-salvaguardar-su-transicion-energetica\\\/\"},\"wordCount\":202,\"commentCount\":0,\"publisher\":{\"@id\":\"https:\\\/\\\/colombiainteligente.org\\\/#organization\"},\"image\":{\"@id\":\"https:\\\/\\\/colombiainteligente.org\\\/noticias-sectoriales\\\/cuanta-capacidad-de-fabricacion-de-tecnologia-limpia-necesita-europa-para-salvaguardar-su-transicion-energetica\\\/#primaryimage\"},\"thumbnailUrl\":\"https:\\\/\\\/colombiainteligente.org\\\/wp-content\\\/uploads\\\/2023\\\/09\\\/Cuanta-capacidad-de-fabricacion-de-tecnologia-limpia-necesita-Europa-para-salvaguardar-su-transicion-energetica.jpg\",\"articleSection\":[\"Noticias Sectoriales\"],\"inLanguage\":\"es-CO\",\"potentialAction\":[{\"@type\":\"CommentAction\",\"name\":\"Comment\",\"target\":[\"https:\\\/\\\/colombiainteligente.org\\\/noticias-sectoriales\\\/cuanta-capacidad-de-fabricacion-de-tecnologia-limpia-necesita-europa-para-salvaguardar-su-transicion-energetica\\\/#respond\"]}]},{\"@type\":\"WebPage\",\"@id\":\"https:\\\/\\\/colombiainteligente.org\\\/noticias-sectoriales\\\/cuanta-capacidad-de-fabricacion-de-tecnologia-limpia-necesita-europa-para-salvaguardar-su-transicion-energetica\\\/\",\"url\":\"https:\\\/\\\/colombiainteligente.org\\\/noticias-sectoriales\\\/cuanta-capacidad-de-fabricacion-de-tecnologia-limpia-necesita-europa-para-salvaguardar-su-transicion-energetica\\\/\",\"name\":\"\u00bfCu\u00e1nta capacidad de fabricaci\u00f3n de tecnolog\u00eda limpia necesita Europa para salvaguardar su transici\u00f3n energ\u00e9tica? - Colombia Inteligente\",\"isPartOf\":{\"@id\":\"https:\\\/\\\/colombiainteligente.org\\\/#website\"},\"primaryImageOfPage\":{\"@id\":\"https:\\\/\\\/colombiainteligente.org\\\/noticias-sectoriales\\\/cuanta-capacidad-de-fabricacion-de-tecnologia-limpia-necesita-europa-para-salvaguardar-su-transicion-energetica\\\/#primaryimage\"},\"image\":{\"@id\":\"https:\\\/\\\/colombiainteligente.org\\\/noticias-sectoriales\\\/cuanta-capacidad-de-fabricacion-de-tecnologia-limpia-necesita-europa-para-salvaguardar-su-transicion-energetica\\\/#primaryimage\"},\"thumbnailUrl\":\"https:\\\/\\\/colombiainteligente.org\\\/wp-content\\\/uploads\\\/2023\\\/09\\\/Cuanta-capacidad-de-fabricacion-de-tecnologia-limpia-necesita-Europa-para-salvaguardar-su-transicion-energetica.jpg\",\"datePublished\":\"2023-09-18T13:37:00+00:00\",\"breadcrumb\":{\"@id\":\"https:\\\/\\\/colombiainteligente.org\\\/noticias-sectoriales\\\/cuanta-capacidad-de-fabricacion-de-tecnologia-limpia-necesita-europa-para-salvaguardar-su-transicion-energetica\\\/#breadcrumb\"},\"inLanguage\":\"es-CO\",\"potentialAction\":[{\"@type\":\"ReadAction\",\"target\":[\"https:\\\/\\\/colombiainteligente.org\\\/noticias-sectoriales\\\/cuanta-capacidad-de-fabricacion-de-tecnologia-limpia-necesita-europa-para-salvaguardar-su-transicion-energetica\\\/\"]}]},{\"@type\":\"ImageObject\",\"inLanguage\":\"es-CO\",\"@id\":\"https:\\\/\\\/colombiainteligente.org\\\/noticias-sectoriales\\\/cuanta-capacidad-de-fabricacion-de-tecnologia-limpia-necesita-europa-para-salvaguardar-su-transicion-energetica\\\/#primaryimage\",\"url\":\"https:\\\/\\\/colombiainteligente.org\\\/wp-content\\\/uploads\\\/2023\\\/09\\\/Cuanta-capacidad-de-fabricacion-de-tecnologia-limpia-necesita-Europa-para-salvaguardar-su-transicion-energetica.jpg\",\"contentUrl\":\"https:\\\/\\\/colombiainteligente.org\\\/wp-content\\\/uploads\\\/2023\\\/09\\\/Cuanta-capacidad-de-fabricacion-de-tecnologia-limpia-necesita-Europa-para-salvaguardar-su-transicion-energetica.jpg\",\"width\":787,\"height\":435,\"caption\":\"Cuanta-capacidad-de-fabricacion-de-tecnologia-limpia-necesita-Europa-para-salvaguardar-su-transicion-energetica.jpg\"},{\"@type\":\"BreadcrumbList\",\"@id\":\"https:\\\/\\\/colombiainteligente.org\\\/noticias-sectoriales\\\/cuanta-capacidad-de-fabricacion-de-tecnologia-limpia-necesita-europa-para-salvaguardar-su-transicion-energetica\\\/#breadcrumb\",\"itemListElement\":[{\"@type\":\"ListItem\",\"position\":1,\"name\":\"Portada\",\"item\":\"https:\\\/\\\/colombiainteligente.org\\\/\"},{\"@type\":\"ListItem\",\"position\":2,\"name\":\"\u00bfCu\u00e1nta capacidad de fabricaci\u00f3n de tecnolog\u00eda limpia necesita Europa para salvaguardar su transici\u00f3n energ\u00e9tica?\"}]},{\"@type\":\"WebSite\",\"@id\":\"https:\\\/\\\/colombiainteligente.org\\\/#website\",\"url\":\"https:\\\/\\\/colombiainteligente.org\\\/\",\"name\":\"Colombia Inteligente\",\"description\":\"Alianza estrat\u00e9gica, conformada por empresas y entidades, para la inserci\u00f3n integral y eficiente de las redes inteligentes a la infraestructura del sector el\u00e9ctrico colombiano\",\"publisher\":{\"@id\":\"https:\\\/\\\/colombiainteligente.org\\\/#organization\"},\"potentialAction\":[{\"@type\":\"SearchAction\",\"target\":{\"@type\":\"EntryPoint\",\"urlTemplate\":\"https:\\\/\\\/colombiainteligente.org\\\/?s={search_term_string}\"},\"query-input\":{\"@type\":\"PropertyValueSpecification\",\"valueRequired\":true,\"valueName\":\"search_term_string\"}}],\"inLanguage\":\"es-CO\"},{\"@type\":\"Organization\",\"@id\":\"https:\\\/\\\/colombiainteligente.org\\\/#organization\",\"name\":\"Colombia Inteligente\",\"url\":\"https:\\\/\\\/colombiainteligente.org\\\/\",\"logo\":{\"@type\":\"ImageObject\",\"inLanguage\":\"es-CO\",\"@id\":\"https:\\\/\\\/colombiainteligente.org\\\/#\\\/schema\\\/logo\\\/image\\\/\",\"url\":\"https:\\\/\\\/colombiainteligente.org\\\/wp-content\\\/uploads\\\/2022\\\/07\\\/Image.png\",\"contentUrl\":\"https:\\\/\\\/colombiainteligente.org\\\/wp-content\\\/uploads\\\/2022\\\/07\\\/Image.png\",\"width\":588,\"height\":274,\"caption\":\"Colombia Inteligente\"},\"image\":{\"@id\":\"https:\\\/\\\/colombiainteligente.org\\\/#\\\/schema\\\/logo\\\/image\\\/\"},\"sameAs\":[\"https:\\\/\\\/x.com\\\/colombiaintelig\",\"https:\\\/\\\/www.linkedin.com\\\/company\\\/colombiainteligente\\\/\"]},{\"@type\":\"Person\",\"@id\":\"https:\\\/\\\/colombiainteligente.org\\\/#\\\/schema\\\/person\\\/e207145d548b75a6d339ff1d4d3b0432\",\"name\":\"DIFUSI\u00d3N COLOMBIA INTELIGENTE\",\"image\":{\"@type\":\"ImageObject\",\"inLanguage\":\"es-CO\",\"@id\":\"https:\\\/\\\/secure.gravatar.com\\\/avatar\\\/df2e679ff2abf288cf4bf58830dad897e596908105ec8969f50f748a6d837869?s=96&d=mm&r=g\",\"url\":\"https:\\\/\\\/secure.gravatar.com\\\/avatar\\\/df2e679ff2abf288cf4bf58830dad897e596908105ec8969f50f748a6d837869?s=96&d=mm&r=g\",\"contentUrl\":\"https:\\\/\\\/secure.gravatar.com\\\/avatar\\\/df2e679ff2abf288cf4bf58830dad897e596908105ec8969f50f748a6d837869?s=96&d=mm&r=g\",\"caption\":\"DIFUSI\u00d3N COLOMBIA INTELIGENTE\"},\"url\":\"https:\\\/\\\/colombiainteligente.org\\\/es_co\\\/author\\\/difusioncolombiainteligente-org\\\/\"}]}<\/script>\n<!-- \/ Yoast SEO plugin. -->","yoast_head_json":{"title":"\u00bfCu\u00e1nta capacidad de fabricaci\u00f3n de tecnolog\u00eda limpia necesita Europa para salvaguardar su transici\u00f3n energ\u00e9tica? - Colombia Inteligente","robots":{"index":"index","follow":"follow","max-snippet":"max-snippet:-1","max-image-preview":"max-image-preview:large","max-video-preview":"max-video-preview:-1"},"canonical":"https:\/\/colombiainteligente.org\/es_co\/noticias-sectoriales\/cuanta-capacidad-de-fabricacion-de-tecnologia-limpia-necesita-europa-para-salvaguardar-su-transicion-energetica\/","og_locale":"es_ES","og_type":"article","og_title":"\u00bfCu\u00e1nta capacidad de fabricaci\u00f3n de tecnolog\u00eda limpia necesita Europa para salvaguardar su transici\u00f3n energ\u00e9tica? - Colombia Inteligente","og_description":"Para proteger la transici\u00f3n energ\u00e9tica de Europa frente a los riesgos de la cadena de suministro, la UE deber\u00eda garantizar unos porcentajes m\u00ednimos de fabricaci\u00f3n nacional de tecnolog\u00edas limpias y aspirar a una mayor diversificaci\u00f3n de la cadena de suministro, as\u00ed como a mejorar el reciclaje. Estas son las principales conclusiones de un nuevo an\u00e1lisis realizado por los grupos de reflexi\u00f3n Agora Energiewende y Agora Industry con el apoyo de la consultora Roland Berger.","og_url":"https:\/\/colombiainteligente.org\/es_co\/noticias-sectoriales\/cuanta-capacidad-de-fabricacion-de-tecnologia-limpia-necesita-europa-para-salvaguardar-su-transicion-energetica\/","og_site_name":"Colombia Inteligente","article_published_time":"2023-09-18T13:37:00+00:00","og_image":[{"width":787,"height":435,"url":"https:\/\/colombiainteligente.org\/wp-content\/uploads\/2023\/09\/Cuanta-capacidad-de-fabricacion-de-tecnologia-limpia-necesita-Europa-para-salvaguardar-su-transicion-energetica.jpg","type":"image\/jpeg"}],"author":"DIFUSI\u00d3N COLOMBIA INTELIGENTE","twitter_card":"summary_large_image","twitter_creator":"@colombiaintelig","twitter_site":"@colombiaintelig","twitter_misc":{"Escrito por":"DIFUSI\u00d3N COLOMBIA INTELIGENTE","Tiempo estimado de lectura":"1 minuto"},"schema":{"@context":"https:\/\/schema.org","@graph":[{"@type":"Article","@id":"https:\/\/colombiainteligente.org\/noticias-sectoriales\/cuanta-capacidad-de-fabricacion-de-tecnologia-limpia-necesita-europa-para-salvaguardar-su-transicion-energetica\/#article","isPartOf":{"@id":"https:\/\/colombiainteligente.org\/noticias-sectoriales\/cuanta-capacidad-de-fabricacion-de-tecnologia-limpia-necesita-europa-para-salvaguardar-su-transicion-energetica\/"},"author":{"name":"DIFUSI\u00d3N COLOMBIA INTELIGENTE","@id":"https:\/\/colombiainteligente.org\/#\/schema\/person\/e207145d548b75a6d339ff1d4d3b0432"},"headline":"\u00bfCu\u00e1nta capacidad de fabricaci\u00f3n de tecnolog\u00eda limpia necesita Europa para salvaguardar su transici\u00f3n energ\u00e9tica?","datePublished":"2023-09-18T13:37:00+00:00","mainEntityOfPage":{"@id":"https:\/\/colombiainteligente.org\/noticias-sectoriales\/cuanta-capacidad-de-fabricacion-de-tecnologia-limpia-necesita-europa-para-salvaguardar-su-transicion-energetica\/"},"wordCount":202,"commentCount":0,"publisher":{"@id":"https:\/\/colombiainteligente.org\/#organization"},"image":{"@id":"https:\/\/colombiainteligente.org\/noticias-sectoriales\/cuanta-capacidad-de-fabricacion-de-tecnologia-limpia-necesita-europa-para-salvaguardar-su-transicion-energetica\/#primaryimage"},"thumbnailUrl":"https:\/\/colombiainteligente.org\/wp-content\/uploads\/2023\/09\/Cuanta-capacidad-de-fabricacion-de-tecnologia-limpia-necesita-Europa-para-salvaguardar-su-transicion-energetica.jpg","articleSection":["Noticias Sectoriales"],"inLanguage":"es-CO","potentialAction":[{"@type":"CommentAction","name":"Comment","target":["https:\/\/colombiainteligente.org\/noticias-sectoriales\/cuanta-capacidad-de-fabricacion-de-tecnologia-limpia-necesita-europa-para-salvaguardar-su-transicion-energetica\/#respond"]}]},{"@type":"WebPage","@id":"https:\/\/colombiainteligente.org\/noticias-sectoriales\/cuanta-capacidad-de-fabricacion-de-tecnologia-limpia-necesita-europa-para-salvaguardar-su-transicion-energetica\/","url":"https:\/\/colombiainteligente.org\/noticias-sectoriales\/cuanta-capacidad-de-fabricacion-de-tecnologia-limpia-necesita-europa-para-salvaguardar-su-transicion-energetica\/","name":"\u00bfCu\u00e1nta capacidad de fabricaci\u00f3n de tecnolog\u00eda limpia necesita Europa para salvaguardar su transici\u00f3n energ\u00e9tica? - Colombia Inteligente","isPartOf":{"@id":"https:\/\/colombiainteligente.org\/#website"},"primaryImageOfPage":{"@id":"https:\/\/colombiainteligente.org\/noticias-sectoriales\/cuanta-capacidad-de-fabricacion-de-tecnologia-limpia-necesita-europa-para-salvaguardar-su-transicion-energetica\/#primaryimage"},"image":{"@id":"https:\/\/colombiainteligente.org\/noticias-sectoriales\/cuanta-capacidad-de-fabricacion-de-tecnologia-limpia-necesita-europa-para-salvaguardar-su-transicion-energetica\/#primaryimage"},"thumbnailUrl":"https:\/\/colombiainteligente.org\/wp-content\/uploads\/2023\/09\/Cuanta-capacidad-de-fabricacion-de-tecnologia-limpia-necesita-Europa-para-salvaguardar-su-transicion-energetica.jpg","datePublished":"2023-09-18T13:37:00+00:00","breadcrumb":{"@id":"https:\/\/colombiainteligente.org\/noticias-sectoriales\/cuanta-capacidad-de-fabricacion-de-tecnologia-limpia-necesita-europa-para-salvaguardar-su-transicion-energetica\/#breadcrumb"},"inLanguage":"es-CO","potentialAction":[{"@type":"ReadAction","target":["https:\/\/colombiainteligente.org\/noticias-sectoriales\/cuanta-capacidad-de-fabricacion-de-tecnologia-limpia-necesita-europa-para-salvaguardar-su-transicion-energetica\/"]}]},{"@type":"ImageObject","inLanguage":"es-CO","@id":"https:\/\/colombiainteligente.org\/noticias-sectoriales\/cuanta-capacidad-de-fabricacion-de-tecnologia-limpia-necesita-europa-para-salvaguardar-su-transicion-energetica\/#primaryimage","url":"https:\/\/colombiainteligente.org\/wp-content\/uploads\/2023\/09\/Cuanta-capacidad-de-fabricacion-de-tecnologia-limpia-necesita-Europa-para-salvaguardar-su-transicion-energetica.jpg","contentUrl":"https:\/\/colombiainteligente.org\/wp-content\/uploads\/2023\/09\/Cuanta-capacidad-de-fabricacion-de-tecnologia-limpia-necesita-Europa-para-salvaguardar-su-transicion-energetica.jpg","width":787,"height":435,"caption":"Cuanta-capacidad-de-fabricacion-de-tecnologia-limpia-necesita-Europa-para-salvaguardar-su-transicion-energetica.jpg"},{"@type":"BreadcrumbList","@id":"https:\/\/colombiainteligente.org\/noticias-sectoriales\/cuanta-capacidad-de-fabricacion-de-tecnologia-limpia-necesita-europa-para-salvaguardar-su-transicion-energetica\/#breadcrumb","itemListElement":[{"@type":"ListItem","position":1,"name":"Portada","item":"https:\/\/colombiainteligente.org\/"},{"@type":"ListItem","position":2,"name":"\u00bfCu\u00e1nta capacidad de fabricaci\u00f3n de tecnolog\u00eda limpia necesita Europa para salvaguardar su transici\u00f3n energ\u00e9tica?"}]},{"@type":"WebSite","@id":"https:\/\/colombiainteligente.org\/#website","url":"https:\/\/colombiainteligente.org\/","name":"Colombia Inteligente","description":"Alianza estrat\u00e9gica, conformada por empresas y entidades, para la inserci\u00f3n integral y eficiente de las redes inteligentes a la infraestructura del sector el\u00e9ctrico colombiano","publisher":{"@id":"https:\/\/colombiainteligente.org\/#organization"},"potentialAction":[{"@type":"SearchAction","target":{"@type":"EntryPoint","urlTemplate":"https:\/\/colombiainteligente.org\/?s={search_term_string}"},"query-input":{"@type":"PropertyValueSpecification","valueRequired":true,"valueName":"search_term_string"}}],"inLanguage":"es-CO"},{"@type":"Organization","@id":"https:\/\/colombiainteligente.org\/#organization","name":"Colombia Inteligente","url":"https:\/\/colombiainteligente.org\/","logo":{"@type":"ImageObject","inLanguage":"es-CO","@id":"https:\/\/colombiainteligente.org\/#\/schema\/logo\/image\/","url":"https:\/\/colombiainteligente.org\/wp-content\/uploads\/2022\/07\/Image.png","contentUrl":"https:\/\/colombiainteligente.org\/wp-content\/uploads\/2022\/07\/Image.png","width":588,"height":274,"caption":"Colombia Inteligente"},"image":{"@id":"https:\/\/colombiainteligente.org\/#\/schema\/logo\/image\/"},"sameAs":["https:\/\/x.com\/colombiaintelig","https:\/\/www.linkedin.com\/company\/colombiainteligente\/"]},{"@type":"Person","@id":"https:\/\/colombiainteligente.org\/#\/schema\/person\/e207145d548b75a6d339ff1d4d3b0432","name":"DIFUSI\u00d3N COLOMBIA INTELIGENTE","image":{"@type":"ImageObject","inLanguage":"es-CO","@id":"https:\/\/secure.gravatar.com\/avatar\/df2e679ff2abf288cf4bf58830dad897e596908105ec8969f50f748a6d837869?s=96&d=mm&r=g","url":"https:\/\/secure.gravatar.com\/avatar\/df2e679ff2abf288cf4bf58830dad897e596908105ec8969f50f748a6d837869?s=96&d=mm&r=g","contentUrl":"https:\/\/secure.gravatar.com\/avatar\/df2e679ff2abf288cf4bf58830dad897e596908105ec8969f50f748a6d837869?s=96&d=mm&r=g","caption":"DIFUSI\u00d3N COLOMBIA INTELIGENTE"},"url":"https:\/\/colombiainteligente.org\/es_co\/author\/difusioncolombiainteligente-org\/"}]}},"_links":{"self":[{"href":"https:\/\/colombiainteligente.org\/es_co\/wp-json\/wp\/v2\/posts\/36168","targetHints":{"allow":["GET"]}}],"collection":[{"href":"https:\/\/colombiainteligente.org\/es_co\/wp-json\/wp\/v2\/posts"}],"about":[{"href":"https:\/\/colombiainteligente.org\/es_co\/wp-json\/wp\/v2\/types\/post"}],"author":[{"embeddable":true,"href":"https:\/\/colombiainteligente.org\/es_co\/wp-json\/wp\/v2\/users\/23"}],"replies":[{"embeddable":true,"href":"https:\/\/colombiainteligente.org\/es_co\/wp-json\/wp\/v2\/comments?post=36168"}],"version-history":[{"count":4,"href":"https:\/\/colombiainteligente.org\/es_co\/wp-json\/wp\/v2\/posts\/36168\/revisions"}],"predecessor-version":[{"id":36172,"href":"https:\/\/colombiainteligente.org\/es_co\/wp-json\/wp\/v2\/posts\/36168\/revisions\/36172"}],"wp:featuredmedia":[{"embeddable":true,"href":"https:\/\/colombiainteligente.org\/es_co\/wp-json\/wp\/v2\/media\/36162"}],"wp:attachment":[{"href":"https:\/\/colombiainteligente.org\/es_co\/wp-json\/wp\/v2\/media?parent=36168"}],"wp:term":[{"taxonomy":"category","embeddable":true,"href":"https:\/\/colombiainteligente.org\/es_co\/wp-json\/wp\/v2\/categories?post=36168"},{"taxonomy":"post_tag","embeddable":true,"href":"https:\/\/colombiainteligente.org\/es_co\/wp-json\/wp\/v2\/tags?post=36168"}],"curies":[{"name":"wp","href":"https:\/\/api.w.org\/{rel}","templated":true}]}}