{"id":36748,"date":"2023-10-03T11:20:21","date_gmt":"2023-10-03T16:20:21","guid":{"rendered":"https:\/\/colombiainteligente.org\/?p=36748"},"modified":"2023-10-03T11:21:06","modified_gmt":"2023-10-03T16:21:06","slug":"estrategia-para-una-america-latina-y-el-caribe-mas-renovable","status":"publish","type":"post","link":"https:\/\/colombiainteligente.org\/es_co\/tendencias\/estrategia-para-una-america-latina-y-el-caribe-mas-renovable\/","title":{"rendered":"Estrategia para una Am\u00e9rica Latina y el Caribe m\u00e1s renovable"},"content":{"rendered":"<div data-elementor-type=\"wp-post\" data-elementor-id=\"36748\" class=\"elementor elementor-36748\" data-elementor-post-type=\"post\">\n\t\t\t\t\t\t\t\t\t<section class=\"elementor-section elementor-top-section elementor-element elementor-element-87c6aa2 elementor-section-boxed elementor-section-height-default elementor-section-height-default\" data-id=\"87c6aa2\" data-element_type=\"section\">\n\t\t\t\t\t\t<div class=\"elementor-container elementor-column-gap-default\">\n\t\t\t\t\t<div class=\"elementor-column elementor-col-100 elementor-top-column elementor-element elementor-element-558bb819\" data-id=\"558bb819\" data-element_type=\"column\">\n\t\t\t<div class=\"elementor-widget-wrap elementor-element-populated\">\n\t\t\t\t\t\t\t\t<div class=\"elementor-element elementor-element-3067325c elementor-widget elementor-widget-text-editor\" data-id=\"3067325c\" data-element_type=\"widget\" data-widget_type=\"text-editor.default\">\n\t\t\t\t<div class=\"elementor-widget-container\">\n\t\t\t<style>\/*! elementor - v3.14.0 - 26-06-2023 *\/\n.elementor-widget-text-editor.elementor-drop-cap-view-stacked .elementor-drop-cap{background-color:#69727d;color:#fff}.elementor-widget-text-editor.elementor-drop-cap-view-framed .elementor-drop-cap{color:#69727d;border:3px solid;background-color:transparent}.elementor-widget-text-editor:not(.elementor-drop-cap-view-default) .elementor-drop-cap{margin-top:8px}.elementor-widget-text-editor:not(.elementor-drop-cap-view-default) .elementor-drop-cap-letter{width:1em;height:1em}.elementor-widget-text-editor .elementor-drop-cap{float:left;text-align:center;line-height:1;font-size:50px}.elementor-widget-text-editor .elementor-drop-cap-letter{display:inline-block}<\/style>\t\t\t\t<div class=\"OutlineElement Ltr BCX9 SCXO44705505\" style=\"margin: 0px; padding: 0px; user-select: text; -webkit-user-drag: none; -webkit-tap-highlight-color: transparent; overflow: visible; cursor: text; clear: both; position: relative; direction: ltr; font-family: 'Segoe UI', 'Segoe UI Web', Arial, Verdana, sans-serif; font-size: 12px;\"><p style=\"margin: 0in; font-family: Calibri; font-size: 11.0pt;\">Am\u00e9rica Latina y el Caribe es la regi\u00f3n con mayor porcentaje de energ\u00edas renovables en su matriz el\u00e9ctrica, fundamentalmente a partir de una fuerte penetraci\u00f3n de la generaci\u00f3n hidr\u00e1ulica. Si bien el potencial de esta fuente es a\u00fan muy relevante, existen crecientes dificultades para profundizar su incorporaci\u00f3n debido a los fuertes rechazos por consideraciones sociales y ambientales. Afortunadamente, la regi\u00f3n tiene un potencial a\u00fan mayor de otras fuentes renovables, fundamentalmente e\u00f3lica y solar pero tambi\u00e9n, en algunos pa\u00edses, geot\u00e9rmica y biomasa. Los pocos pa\u00edses que han logrado avanzar en su incorporaci\u00f3n han logrado desmentir dos falsos paradigmas que circulaban, y sorprendentemente a\u00fan contin\u00faan circulando, por la regi\u00f3n: por un lado, la experiencia nos muestra que, hoy en d\u00eda, en la regi\u00f3n, si se generan las condiciones adecuadas, la electricidad producida mediante energ\u00edas renovables es m\u00e1s barata que la generada con cualquier fuente f\u00f3sil o nuclear; y por otro lado, la experiencia regional tambi\u00e9n muestra que, contrariamente a lo que se cre\u00eda, la complementaci\u00f3n de fuentes renovables permite operar sistemas el\u00e9ctricos casi 100% renovables y con m\u00e1s de 40% de energ\u00eda no gestionable, sin utilizar m\u00e1s almacenamiento que el provisto por las centrales hidr\u00e1ulicas. Afortunadamente, la regi\u00f3n tiene un potencial a\u00fan mayor de otras fuentes renovables, fundamentalmente e\u00f3lica y solar pero tambi\u00e9n, en algunos pa\u00edses, geot\u00e9rmica y biomasa. Los pocos pa\u00edses que han logrado avanzar en su incorporaci\u00f3n han logrado desmentir dos falsos paradigmas que circulaban, y sorprendentemente a\u00fan contin\u00faan circulando, por la regi\u00f3n: por un lado, la experiencia nos muestra que, hoy en d\u00eda, en nuestra regi\u00f3n, si se generan las condiciones adecuadas, la electricidad producida mediante energ\u00edas renovables es m\u00e1s barata que la generada con cualquier fuente f\u00f3sil o nuclear; y por otro lado, la experiencia regional tambi\u00e9n muestra que, contrariamente a lo que se cre\u00eda, la complementaci\u00f3n de fuentes renovables permite operar sistemas el\u00e9ctricos casi 100% renovables y con m\u00e1s de 40% de energ\u00eda no gestionable, sin utilizar m\u00e1s almacenamiento que el provisto por las centrales hidr\u00e1ulicas. Esta es una particularidad de la regi\u00f3n, que puede ser aprovechable en la mayor\u00eda de los pa\u00edses. Esto no s\u00f3lo permite contar con sistemas el\u00e9ctricos soberanos, robustos, de menor costo y mucho menor huella de carbono, sino tambi\u00e9n generar cientos de miles de puestos de trabajo y otros derrames econ\u00f3micos y sociales.<\/p><p style=\"margin: 0in; font-family: Calibri; font-size: 11.0pt;\">\u00a0<\/p><p style=\"margin: 0in; font-family: Calibri; font-size: 11.0pt;\">Sin embargo, a pesar de la contundente experiencia emp\u00edrica, los procesos de transici\u00f3n energ\u00e9tica en nuestra regi\u00f3n no avanzan al ritmo esperado e incluso, en muchos pa\u00edses, se encuentran bloqueados y, en algunos, en retroceso. En los \u00faltimos 3 a\u00f1os, OLADE, con el apoyo t\u00e9cnico de la Asociaci\u00f3n Ivy, ha desarrollado un programa de trabajo para identificar las barreras que est\u00e1n impidiendo el avance de los procesos de transici\u00f3n energ\u00e9tica en la regi\u00f3n, as\u00ed como de las lecciones aprendidas regionalmente para superarlas y, a partir de ello, la definici\u00f3n de una estrategia para apoyar a los pa\u00edses en sus procesos de transici\u00f3n. En el a\u00f1o 2020 se realiz\u00f3 un trabajo para identificar las barreras que est\u00e1n impidiendo el avance de las energ\u00edas renovables para la generaci\u00f3n el\u00e9ctrica en Am\u00e9rica Latina y el Caribe. Se realizaron un centenar de entrevistas y de instancias de discusi\u00f3n colectiva con t\u00e9cnicos y jerarcas de gobierno y de diferentes organismos p\u00fablicos del sector energ\u00e9tico, con desarrolladores de proyectos de energ\u00edas renovables, con inversores privados y de la banca multilateral, con organismos internacionales, as\u00ed como con acad\u00e9micos, la sociedad civil y expertos independientes. Se analiz\u00f3 en total la situaci\u00f3n de 21 pa\u00edses que incluyen las diferentes realidades de la regi\u00f3n. El abordaje fue hol\u00edstico, considerando de manera sist\u00e9mica las diferentes dimensiones del problema en el marco regional. Se identificaron en total 37 barreras diferentes, las cuales fueron organizadas en 5 grandes grupos que incluyen las dificultades de tipo pol\u00edtico, aquellas que son propias del sector el\u00e9ctrico, las vinculadas a la infraestructura, las dificultadas existentes para el desarrollo de los proyectos y las asociadas a la integraci\u00f3n energ\u00e9tica. Estas 37 barreras involucran aspectos tecnol\u00f3gicos, regulatorios y econ\u00f3micos, pero tambi\u00e9n pol\u00edticos, institucionales, burocr\u00e1ticos, culturales y sociales. Naturalmente, no todas estas dificultades est\u00e1n presentes en todos los pa\u00edses de la regi\u00f3n y, cuando s\u00ed lo est\u00e1n, no siempre aparecen con la misma relevancia, pero las caracter\u00edsticas y la profundidad del an\u00e1lisis realizado permiten concluir que se cuenta con una radiograf\u00eda completa del conjunto de dificultades globalmente presentes en la regi\u00f3n para el avance de los procesos nacionales de transici\u00f3n energ\u00e9tica. En el estudio realizado tambi\u00e9n se analizaron las acciones que han dise\u00f1ado, e implementado, los pa\u00edses de la regi\u00f3n que lograron enfrentar exitosamente las barreras detectadas.<\/p><p style=\"margin: 0in; font-family: Calibri; font-size: 11.0pt;\">\u00a0<\/p><p style=\"margin: 0in; font-family: Calibri; font-size: 11.0pt;\">El informe aborda la necesidad de acelerar la transici\u00f3n hacia fuentes de energ\u00eda renovable en la regi\u00f3n. Destaca la importancia de aprovechar los recursos naturales abundantes, como la energ\u00eda solar y e\u00f3lica, para reducir la dependencia de combustibles f\u00f3siles, mitigar el cambio clim\u00e1tico y promover el desarrollo sostenible. Propone un enfoque integral que incluye pol\u00edticas gubernamentales, inversi\u00f3n en infraestructura, educaci\u00f3n y capacitaci\u00f3n, as\u00ed como colaboraci\u00f3n regional. La estrategia busca no solo garantizar un suministro energ\u00e9tico m\u00e1s limpio, sino tambi\u00e9n impulsar la creaci\u00f3n de empleo y el crecimiento econ\u00f3mico en Am\u00e9rica Latina y el Caribe, contribuyendo as\u00ed a un futuro m\u00e1s sostenible y resiliente en la regi\u00f3n.<\/p><p style=\"margin: 0in; font-family: Calibri; font-size: 11.0pt;\"><span style=\"font-family: 'Segoe UI', 'Segoe UI Web', Arial, Verdana, sans-serif; font-size: 12px;\">Para leer m\u00e1s ingrese a:<\/span><\/p><p style=\"margin: 0in; font-family: Calibri; font-size: 11.0pt;\"><a href=\"https:\/\/www.olade.org\/publicaciones\/estrategia-para-una-america-latina-y-el-caribe-mas-renovable\/\">https:\/\/www.olade.org\/publicaciones\/estrategia-para-una-america-latina-y-el-caribe-mas-renovable\/<\/a><\/p><p style=\"margin: 0in; font-family: Calibri; font-size: 11.0pt;\"><a href=\"https:\/\/www.olade.org\/wp-content\/uploads\/2023\/03\/Estrategia-para-una-America-Latina-y-el-Caibe-mas-renovable_VF.pdf\">https:\/\/www.olade.org\/wp-content\/uploads\/2023\/03\/Estrategia-para-una-America-Latina-y-el-Caibe-mas-renovable_VF.pdf <\/a><\/p><\/div>\t\t\t\t\t\t<\/div>\n\t\t\t\t<\/div>\n\t\t\t\t\t<\/div>\n\t\t<\/div>\n\t\t\t\t\t\t\t<\/div>\n\t\t<\/section>\n\t\t\t\t\t\t\t<\/div>\n\t\t<div style=\"text-align:center\" class=\"yasr-auto-insert-visitor\"><\/div>","protected":false},"excerpt":{"rendered":"<p>El siguiente informe aborda la necesidad de acelerar la transici\u00f3n hacia fuentes de energ\u00eda renovable en la regi\u00f3n. Destaca la importancia de aprovechar los recursos naturales abundantes, como la energ\u00eda solar y e\u00f3lica, para reducir la dependencia de combustibles f\u00f3siles, mitigar el cambio clim\u00e1tico y promover el desarrollo sostenible. Propone un enfoque integral que incluye pol\u00edticas gubernamentales, inversi\u00f3n en infraestructura, educaci\u00f3n y capacitaci\u00f3n, as\u00ed como colaboraci\u00f3n regional. La estrategia busca no solo garantizar un suministro energ\u00e9tico m\u00e1s limpio, sino tambi\u00e9n impulsar la creaci\u00f3n de empleo y el crecimiento econ\u00f3mico en Am\u00e9rica Latina y el Caribe, contribuyendo as\u00ed a un futuro m\u00e1s sostenible y resiliente en la regi\u00f3n.<\/p>","protected":false},"author":23,"featured_media":36749,"comment_status":"open","ping_status":"open","sticky":false,"template":"","format":"standard","meta":{"yasr_overall_rating":0,"yasr_post_is_review":"","yasr_auto_insert_disabled":"","yasr_review_type":"","footnotes":""},"categories":[54,53],"tags":[],"class_list":["post-36748","post","type-post","status-publish","format-standard","has-post-thumbnail","hentry","category-energia-que-transforma","category-tendencias"],"yasr_visitor_votes":{"number_of_votes":0,"sum_votes":0,"stars_attributes":{"read_only":false,"span_bottom":false}},"yoast_head":"<!-- This site is optimized with the Yoast SEO plugin v27.3 - https:\/\/yoast.com\/product\/yoast-seo-wordpress\/ -->\n<title>Estrategia para una Am\u00e9rica Latina y el Caribe m\u00e1s renovable - Colombia Inteligente<\/title>\n<meta name=\"robots\" content=\"index, follow, max-snippet:-1, max-image-preview:large, max-video-preview:-1\" \/>\n<link rel=\"canonical\" href=\"https:\/\/colombiainteligente.org\/es_co\/tendencias\/estrategia-para-una-america-latina-y-el-caribe-mas-renovable\/\" \/>\n<meta property=\"og:locale\" content=\"es_ES\" \/>\n<meta property=\"og:type\" content=\"article\" \/>\n<meta property=\"og:title\" content=\"Estrategia para una Am\u00e9rica Latina y el Caribe m\u00e1s renovable - Colombia Inteligente\" \/>\n<meta property=\"og:description\" content=\"El siguiente informe aborda la necesidad de acelerar la transici\u00f3n hacia fuentes de energ\u00eda renovable en la regi\u00f3n. Destaca la importancia de aprovechar los recursos naturales abundantes, como la energ\u00eda solar y e\u00f3lica, para reducir la dependencia de combustibles f\u00f3siles, mitigar el cambio clim\u00e1tico y promover el desarrollo sostenible. Propone un enfoque integral que incluye pol\u00edticas gubernamentales, inversi\u00f3n en infraestructura, educaci\u00f3n y capacitaci\u00f3n, as\u00ed como colaboraci\u00f3n regional. La estrategia busca no solo garantizar un suministro energ\u00e9tico m\u00e1s limpio, sino tambi\u00e9n impulsar la creaci\u00f3n de empleo y el crecimiento econ\u00f3mico en Am\u00e9rica Latina y el Caribe, contribuyendo as\u00ed a un futuro m\u00e1s sostenible y resiliente en la regi\u00f3n.\" \/>\n<meta property=\"og:url\" content=\"https:\/\/colombiainteligente.org\/es_co\/tendencias\/estrategia-para-una-america-latina-y-el-caribe-mas-renovable\/\" \/>\n<meta property=\"og:site_name\" content=\"Colombia Inteligente\" \/>\n<meta property=\"article:published_time\" content=\"2023-10-03T16:20:21+00:00\" \/>\n<meta property=\"article:modified_time\" content=\"2023-10-03T16:21:06+00:00\" \/>\n<meta property=\"og:image\" content=\"https:\/\/colombiainteligente.org\/wp-content\/uploads\/2023\/10\/Estrategia-para-una-America-Latina-y-el-Caribe-mas-renovable.jpg\" \/>\n\t<meta property=\"og:image:width\" content=\"412\" \/>\n\t<meta property=\"og:image:height\" content=\"570\" \/>\n\t<meta property=\"og:image:type\" content=\"image\/jpeg\" \/>\n<meta name=\"author\" content=\"DIFUSI\u00d3N COLOMBIA INTELIGENTE\" \/>\n<meta name=\"twitter:card\" content=\"summary_large_image\" \/>\n<meta name=\"twitter:creator\" content=\"@colombiaintelig\" \/>\n<meta name=\"twitter:site\" content=\"@colombiaintelig\" \/>\n<meta name=\"twitter:label1\" content=\"Escrito por\" \/>\n\t<meta name=\"twitter:data1\" content=\"DIFUSI\u00d3N COLOMBIA INTELIGENTE\" \/>\n\t<meta name=\"twitter:label2\" content=\"Tiempo estimado de lectura\" \/>\n\t<meta name=\"twitter:data2\" content=\"4 minutos\" \/>\n<script type=\"application\/ld+json\" class=\"yoast-schema-graph\">{\"@context\":\"https:\\\/\\\/schema.org\",\"@graph\":[{\"@type\":\"Article\",\"@id\":\"https:\\\/\\\/colombiainteligente.org\\\/tendencias\\\/estrategia-para-una-america-latina-y-el-caribe-mas-renovable\\\/#article\",\"isPartOf\":{\"@id\":\"https:\\\/\\\/colombiainteligente.org\\\/tendencias\\\/estrategia-para-una-america-latina-y-el-caribe-mas-renovable\\\/\"},\"author\":{\"name\":\"DIFUSI\u00d3N COLOMBIA INTELIGENTE\",\"@id\":\"https:\\\/\\\/colombiainteligente.org\\\/#\\\/schema\\\/person\\\/e207145d548b75a6d339ff1d4d3b0432\"},\"headline\":\"Estrategia para una Am\u00e9rica Latina y el Caribe m\u00e1s renovable\",\"datePublished\":\"2023-10-03T16:20:21+00:00\",\"dateModified\":\"2023-10-03T16:21:06+00:00\",\"mainEntityOfPage\":{\"@id\":\"https:\\\/\\\/colombiainteligente.org\\\/tendencias\\\/estrategia-para-una-america-latina-y-el-caribe-mas-renovable\\\/\"},\"wordCount\":1026,\"commentCount\":0,\"publisher\":{\"@id\":\"https:\\\/\\\/colombiainteligente.org\\\/#organization\"},\"image\":{\"@id\":\"https:\\\/\\\/colombiainteligente.org\\\/tendencias\\\/estrategia-para-una-america-latina-y-el-caribe-mas-renovable\\\/#primaryimage\"},\"thumbnailUrl\":\"https:\\\/\\\/colombiainteligente.org\\\/wp-content\\\/uploads\\\/2023\\\/10\\\/Estrategia-para-una-America-Latina-y-el-Caribe-mas-renovable.jpg\",\"articleSection\":[\"Energ\u00eda que transforma\",\"Tendencias\"],\"inLanguage\":\"es-CO\",\"potentialAction\":[{\"@type\":\"CommentAction\",\"name\":\"Comment\",\"target\":[\"https:\\\/\\\/colombiainteligente.org\\\/tendencias\\\/estrategia-para-una-america-latina-y-el-caribe-mas-renovable\\\/#respond\"]}]},{\"@type\":\"WebPage\",\"@id\":\"https:\\\/\\\/colombiainteligente.org\\\/tendencias\\\/estrategia-para-una-america-latina-y-el-caribe-mas-renovable\\\/\",\"url\":\"https:\\\/\\\/colombiainteligente.org\\\/tendencias\\\/estrategia-para-una-america-latina-y-el-caribe-mas-renovable\\\/\",\"name\":\"Estrategia para una Am\u00e9rica Latina y el Caribe m\u00e1s renovable - Colombia Inteligente\",\"isPartOf\":{\"@id\":\"https:\\\/\\\/colombiainteligente.org\\\/#website\"},\"primaryImageOfPage\":{\"@id\":\"https:\\\/\\\/colombiainteligente.org\\\/tendencias\\\/estrategia-para-una-america-latina-y-el-caribe-mas-renovable\\\/#primaryimage\"},\"image\":{\"@id\":\"https:\\\/\\\/colombiainteligente.org\\\/tendencias\\\/estrategia-para-una-america-latina-y-el-caribe-mas-renovable\\\/#primaryimage\"},\"thumbnailUrl\":\"https:\\\/\\\/colombiainteligente.org\\\/wp-content\\\/uploads\\\/2023\\\/10\\\/Estrategia-para-una-America-Latina-y-el-Caribe-mas-renovable.jpg\",\"datePublished\":\"2023-10-03T16:20:21+00:00\",\"dateModified\":\"2023-10-03T16:21:06+00:00\",\"breadcrumb\":{\"@id\":\"https:\\\/\\\/colombiainteligente.org\\\/tendencias\\\/estrategia-para-una-america-latina-y-el-caribe-mas-renovable\\\/#breadcrumb\"},\"inLanguage\":\"es-CO\",\"potentialAction\":[{\"@type\":\"ReadAction\",\"target\":[\"https:\\\/\\\/colombiainteligente.org\\\/tendencias\\\/estrategia-para-una-america-latina-y-el-caribe-mas-renovable\\\/\"]}]},{\"@type\":\"ImageObject\",\"inLanguage\":\"es-CO\",\"@id\":\"https:\\\/\\\/colombiainteligente.org\\\/tendencias\\\/estrategia-para-una-america-latina-y-el-caribe-mas-renovable\\\/#primaryimage\",\"url\":\"https:\\\/\\\/colombiainteligente.org\\\/wp-content\\\/uploads\\\/2023\\\/10\\\/Estrategia-para-una-America-Latina-y-el-Caribe-mas-renovable.jpg\",\"contentUrl\":\"https:\\\/\\\/colombiainteligente.org\\\/wp-content\\\/uploads\\\/2023\\\/10\\\/Estrategia-para-una-America-Latina-y-el-Caribe-mas-renovable.jpg\",\"width\":412,\"height\":570,\"caption\":\"Estrategia-para-una-America-Latina-y-el-Caribe-mas-renovable.jpg\"},{\"@type\":\"BreadcrumbList\",\"@id\":\"https:\\\/\\\/colombiainteligente.org\\\/tendencias\\\/estrategia-para-una-america-latina-y-el-caribe-mas-renovable\\\/#breadcrumb\",\"itemListElement\":[{\"@type\":\"ListItem\",\"position\":1,\"name\":\"Portada\",\"item\":\"https:\\\/\\\/colombiainteligente.org\\\/\"},{\"@type\":\"ListItem\",\"position\":2,\"name\":\"Estrategia para una Am\u00e9rica Latina y el Caribe m\u00e1s renovable\"}]},{\"@type\":\"WebSite\",\"@id\":\"https:\\\/\\\/colombiainteligente.org\\\/#website\",\"url\":\"https:\\\/\\\/colombiainteligente.org\\\/\",\"name\":\"Colombia Inteligente\",\"description\":\"Alianza estrat\u00e9gica, conformada por empresas y entidades, para la inserci\u00f3n integral y eficiente de las redes inteligentes a la infraestructura del sector el\u00e9ctrico colombiano\",\"publisher\":{\"@id\":\"https:\\\/\\\/colombiainteligente.org\\\/#organization\"},\"potentialAction\":[{\"@type\":\"SearchAction\",\"target\":{\"@type\":\"EntryPoint\",\"urlTemplate\":\"https:\\\/\\\/colombiainteligente.org\\\/?s={search_term_string}\"},\"query-input\":{\"@type\":\"PropertyValueSpecification\",\"valueRequired\":true,\"valueName\":\"search_term_string\"}}],\"inLanguage\":\"es-CO\"},{\"@type\":\"Organization\",\"@id\":\"https:\\\/\\\/colombiainteligente.org\\\/#organization\",\"name\":\"Colombia Inteligente\",\"url\":\"https:\\\/\\\/colombiainteligente.org\\\/\",\"logo\":{\"@type\":\"ImageObject\",\"inLanguage\":\"es-CO\",\"@id\":\"https:\\\/\\\/colombiainteligente.org\\\/#\\\/schema\\\/logo\\\/image\\\/\",\"url\":\"https:\\\/\\\/colombiainteligente.org\\\/wp-content\\\/uploads\\\/2022\\\/07\\\/Image.png\",\"contentUrl\":\"https:\\\/\\\/colombiainteligente.org\\\/wp-content\\\/uploads\\\/2022\\\/07\\\/Image.png\",\"width\":588,\"height\":274,\"caption\":\"Colombia Inteligente\"},\"image\":{\"@id\":\"https:\\\/\\\/colombiainteligente.org\\\/#\\\/schema\\\/logo\\\/image\\\/\"},\"sameAs\":[\"https:\\\/\\\/x.com\\\/colombiaintelig\",\"https:\\\/\\\/www.linkedin.com\\\/company\\\/colombiainteligente\\\/\"]},{\"@type\":\"Person\",\"@id\":\"https:\\\/\\\/colombiainteligente.org\\\/#\\\/schema\\\/person\\\/e207145d548b75a6d339ff1d4d3b0432\",\"name\":\"DIFUSI\u00d3N COLOMBIA INTELIGENTE\",\"image\":{\"@type\":\"ImageObject\",\"inLanguage\":\"es-CO\",\"@id\":\"https:\\\/\\\/secure.gravatar.com\\\/avatar\\\/df2e679ff2abf288cf4bf58830dad897e596908105ec8969f50f748a6d837869?s=96&d=mm&r=g\",\"url\":\"https:\\\/\\\/secure.gravatar.com\\\/avatar\\\/df2e679ff2abf288cf4bf58830dad897e596908105ec8969f50f748a6d837869?s=96&d=mm&r=g\",\"contentUrl\":\"https:\\\/\\\/secure.gravatar.com\\\/avatar\\\/df2e679ff2abf288cf4bf58830dad897e596908105ec8969f50f748a6d837869?s=96&d=mm&r=g\",\"caption\":\"DIFUSI\u00d3N COLOMBIA INTELIGENTE\"},\"url\":\"https:\\\/\\\/colombiainteligente.org\\\/es_co\\\/author\\\/difusioncolombiainteligente-org\\\/\"}]}<\/script>\n<!-- \/ Yoast SEO plugin. -->","yoast_head_json":{"title":"Estrategia para una Am\u00e9rica Latina y el Caribe m\u00e1s renovable - Colombia Inteligente","robots":{"index":"index","follow":"follow","max-snippet":"max-snippet:-1","max-image-preview":"max-image-preview:large","max-video-preview":"max-video-preview:-1"},"canonical":"https:\/\/colombiainteligente.org\/es_co\/tendencias\/estrategia-para-una-america-latina-y-el-caribe-mas-renovable\/","og_locale":"es_ES","og_type":"article","og_title":"Estrategia para una Am\u00e9rica Latina y el Caribe m\u00e1s renovable - Colombia Inteligente","og_description":"El siguiente informe aborda la necesidad de acelerar la transici\u00f3n hacia fuentes de energ\u00eda renovable en la regi\u00f3n. Destaca la importancia de aprovechar los recursos naturales abundantes, como la energ\u00eda solar y e\u00f3lica, para reducir la dependencia de combustibles f\u00f3siles, mitigar el cambio clim\u00e1tico y promover el desarrollo sostenible. Propone un enfoque integral que incluye pol\u00edticas gubernamentales, inversi\u00f3n en infraestructura, educaci\u00f3n y capacitaci\u00f3n, as\u00ed como colaboraci\u00f3n regional. La estrategia busca no solo garantizar un suministro energ\u00e9tico m\u00e1s limpio, sino tambi\u00e9n impulsar la creaci\u00f3n de empleo y el crecimiento econ\u00f3mico en Am\u00e9rica Latina y el Caribe, contribuyendo as\u00ed a un futuro m\u00e1s sostenible y resiliente en la regi\u00f3n.","og_url":"https:\/\/colombiainteligente.org\/es_co\/tendencias\/estrategia-para-una-america-latina-y-el-caribe-mas-renovable\/","og_site_name":"Colombia Inteligente","article_published_time":"2023-10-03T16:20:21+00:00","article_modified_time":"2023-10-03T16:21:06+00:00","og_image":[{"width":412,"height":570,"url":"https:\/\/colombiainteligente.org\/wp-content\/uploads\/2023\/10\/Estrategia-para-una-America-Latina-y-el-Caribe-mas-renovable.jpg","type":"image\/jpeg"}],"author":"DIFUSI\u00d3N COLOMBIA INTELIGENTE","twitter_card":"summary_large_image","twitter_creator":"@colombiaintelig","twitter_site":"@colombiaintelig","twitter_misc":{"Escrito por":"DIFUSI\u00d3N COLOMBIA INTELIGENTE","Tiempo estimado de lectura":"4 minutos"},"schema":{"@context":"https:\/\/schema.org","@graph":[{"@type":"Article","@id":"https:\/\/colombiainteligente.org\/tendencias\/estrategia-para-una-america-latina-y-el-caribe-mas-renovable\/#article","isPartOf":{"@id":"https:\/\/colombiainteligente.org\/tendencias\/estrategia-para-una-america-latina-y-el-caribe-mas-renovable\/"},"author":{"name":"DIFUSI\u00d3N COLOMBIA INTELIGENTE","@id":"https:\/\/colombiainteligente.org\/#\/schema\/person\/e207145d548b75a6d339ff1d4d3b0432"},"headline":"Estrategia para una Am\u00e9rica Latina y el Caribe m\u00e1s renovable","datePublished":"2023-10-03T16:20:21+00:00","dateModified":"2023-10-03T16:21:06+00:00","mainEntityOfPage":{"@id":"https:\/\/colombiainteligente.org\/tendencias\/estrategia-para-una-america-latina-y-el-caribe-mas-renovable\/"},"wordCount":1026,"commentCount":0,"publisher":{"@id":"https:\/\/colombiainteligente.org\/#organization"},"image":{"@id":"https:\/\/colombiainteligente.org\/tendencias\/estrategia-para-una-america-latina-y-el-caribe-mas-renovable\/#primaryimage"},"thumbnailUrl":"https:\/\/colombiainteligente.org\/wp-content\/uploads\/2023\/10\/Estrategia-para-una-America-Latina-y-el-Caribe-mas-renovable.jpg","articleSection":["Energ\u00eda que transforma","Tendencias"],"inLanguage":"es-CO","potentialAction":[{"@type":"CommentAction","name":"Comment","target":["https:\/\/colombiainteligente.org\/tendencias\/estrategia-para-una-america-latina-y-el-caribe-mas-renovable\/#respond"]}]},{"@type":"WebPage","@id":"https:\/\/colombiainteligente.org\/tendencias\/estrategia-para-una-america-latina-y-el-caribe-mas-renovable\/","url":"https:\/\/colombiainteligente.org\/tendencias\/estrategia-para-una-america-latina-y-el-caribe-mas-renovable\/","name":"Estrategia para una Am\u00e9rica Latina y el Caribe m\u00e1s renovable - Colombia Inteligente","isPartOf":{"@id":"https:\/\/colombiainteligente.org\/#website"},"primaryImageOfPage":{"@id":"https:\/\/colombiainteligente.org\/tendencias\/estrategia-para-una-america-latina-y-el-caribe-mas-renovable\/#primaryimage"},"image":{"@id":"https:\/\/colombiainteligente.org\/tendencias\/estrategia-para-una-america-latina-y-el-caribe-mas-renovable\/#primaryimage"},"thumbnailUrl":"https:\/\/colombiainteligente.org\/wp-content\/uploads\/2023\/10\/Estrategia-para-una-America-Latina-y-el-Caribe-mas-renovable.jpg","datePublished":"2023-10-03T16:20:21+00:00","dateModified":"2023-10-03T16:21:06+00:00","breadcrumb":{"@id":"https:\/\/colombiainteligente.org\/tendencias\/estrategia-para-una-america-latina-y-el-caribe-mas-renovable\/#breadcrumb"},"inLanguage":"es-CO","potentialAction":[{"@type":"ReadAction","target":["https:\/\/colombiainteligente.org\/tendencias\/estrategia-para-una-america-latina-y-el-caribe-mas-renovable\/"]}]},{"@type":"ImageObject","inLanguage":"es-CO","@id":"https:\/\/colombiainteligente.org\/tendencias\/estrategia-para-una-america-latina-y-el-caribe-mas-renovable\/#primaryimage","url":"https:\/\/colombiainteligente.org\/wp-content\/uploads\/2023\/10\/Estrategia-para-una-America-Latina-y-el-Caribe-mas-renovable.jpg","contentUrl":"https:\/\/colombiainteligente.org\/wp-content\/uploads\/2023\/10\/Estrategia-para-una-America-Latina-y-el-Caribe-mas-renovable.jpg","width":412,"height":570,"caption":"Estrategia-para-una-America-Latina-y-el-Caribe-mas-renovable.jpg"},{"@type":"BreadcrumbList","@id":"https:\/\/colombiainteligente.org\/tendencias\/estrategia-para-una-america-latina-y-el-caribe-mas-renovable\/#breadcrumb","itemListElement":[{"@type":"ListItem","position":1,"name":"Portada","item":"https:\/\/colombiainteligente.org\/"},{"@type":"ListItem","position":2,"name":"Estrategia para una Am\u00e9rica Latina y el Caribe m\u00e1s renovable"}]},{"@type":"WebSite","@id":"https:\/\/colombiainteligente.org\/#website","url":"https:\/\/colombiainteligente.org\/","name":"Colombia Inteligente","description":"Alianza estrat\u00e9gica, conformada por empresas y entidades, para la inserci\u00f3n integral y eficiente de las redes inteligentes a la infraestructura del sector el\u00e9ctrico colombiano","publisher":{"@id":"https:\/\/colombiainteligente.org\/#organization"},"potentialAction":[{"@type":"SearchAction","target":{"@type":"EntryPoint","urlTemplate":"https:\/\/colombiainteligente.org\/?s={search_term_string}"},"query-input":{"@type":"PropertyValueSpecification","valueRequired":true,"valueName":"search_term_string"}}],"inLanguage":"es-CO"},{"@type":"Organization","@id":"https:\/\/colombiainteligente.org\/#organization","name":"Colombia Inteligente","url":"https:\/\/colombiainteligente.org\/","logo":{"@type":"ImageObject","inLanguage":"es-CO","@id":"https:\/\/colombiainteligente.org\/#\/schema\/logo\/image\/","url":"https:\/\/colombiainteligente.org\/wp-content\/uploads\/2022\/07\/Image.png","contentUrl":"https:\/\/colombiainteligente.org\/wp-content\/uploads\/2022\/07\/Image.png","width":588,"height":274,"caption":"Colombia Inteligente"},"image":{"@id":"https:\/\/colombiainteligente.org\/#\/schema\/logo\/image\/"},"sameAs":["https:\/\/x.com\/colombiaintelig","https:\/\/www.linkedin.com\/company\/colombiainteligente\/"]},{"@type":"Person","@id":"https:\/\/colombiainteligente.org\/#\/schema\/person\/e207145d548b75a6d339ff1d4d3b0432","name":"DIFUSI\u00d3N COLOMBIA INTELIGENTE","image":{"@type":"ImageObject","inLanguage":"es-CO","@id":"https:\/\/secure.gravatar.com\/avatar\/df2e679ff2abf288cf4bf58830dad897e596908105ec8969f50f748a6d837869?s=96&d=mm&r=g","url":"https:\/\/secure.gravatar.com\/avatar\/df2e679ff2abf288cf4bf58830dad897e596908105ec8969f50f748a6d837869?s=96&d=mm&r=g","contentUrl":"https:\/\/secure.gravatar.com\/avatar\/df2e679ff2abf288cf4bf58830dad897e596908105ec8969f50f748a6d837869?s=96&d=mm&r=g","caption":"DIFUSI\u00d3N COLOMBIA INTELIGENTE"},"url":"https:\/\/colombiainteligente.org\/es_co\/author\/difusioncolombiainteligente-org\/"}]}},"_links":{"self":[{"href":"https:\/\/colombiainteligente.org\/es_co\/wp-json\/wp\/v2\/posts\/36748","targetHints":{"allow":["GET"]}}],"collection":[{"href":"https:\/\/colombiainteligente.org\/es_co\/wp-json\/wp\/v2\/posts"}],"about":[{"href":"https:\/\/colombiainteligente.org\/es_co\/wp-json\/wp\/v2\/types\/post"}],"author":[{"embeddable":true,"href":"https:\/\/colombiainteligente.org\/es_co\/wp-json\/wp\/v2\/users\/23"}],"replies":[{"embeddable":true,"href":"https:\/\/colombiainteligente.org\/es_co\/wp-json\/wp\/v2\/comments?post=36748"}],"version-history":[{"count":4,"href":"https:\/\/colombiainteligente.org\/es_co\/wp-json\/wp\/v2\/posts\/36748\/revisions"}],"predecessor-version":[{"id":36753,"href":"https:\/\/colombiainteligente.org\/es_co\/wp-json\/wp\/v2\/posts\/36748\/revisions\/36753"}],"wp:featuredmedia":[{"embeddable":true,"href":"https:\/\/colombiainteligente.org\/es_co\/wp-json\/wp\/v2\/media\/36749"}],"wp:attachment":[{"href":"https:\/\/colombiainteligente.org\/es_co\/wp-json\/wp\/v2\/media?parent=36748"}],"wp:term":[{"taxonomy":"category","embeddable":true,"href":"https:\/\/colombiainteligente.org\/es_co\/wp-json\/wp\/v2\/categories?post=36748"},{"taxonomy":"post_tag","embeddable":true,"href":"https:\/\/colombiainteligente.org\/es_co\/wp-json\/wp\/v2\/tags?post=36748"}],"curies":[{"name":"wp","href":"https:\/\/api.w.org\/{rel}","templated":true}]}}