{"id":37638,"date":"2023-11-02T10:00:35","date_gmt":"2023-11-02T15:00:35","guid":{"rendered":"https:\/\/colombiainteligente.org\/?p=37638"},"modified":"2023-11-02T10:01:31","modified_gmt":"2023-11-02T15:01:31","slug":"la-union-europa-endurece-la-normativa-del-cargador-universal-los-patinetes-y-bicis-electricas-deben-incorporar-puerto-usb-c","status":"publish","type":"post","link":"https:\/\/colombiainteligente.org\/es_co\/noticias-sectoriales\/la-union-europa-endurece-la-normativa-del-cargador-universal-los-patinetes-y-bicis-electricas-deben-incorporar-puerto-usb-c\/","title":{"rendered":"La Uni\u00f3n Europa endurece la normativa del cargador universal: los patinetes y bicis el\u00e9ctricas deben incorporar puerto USB-C"},"content":{"rendered":"<div data-elementor-type=\"wp-post\" data-elementor-id=\"37638\" class=\"elementor elementor-37638\" data-elementor-post-type=\"post\">\n\t\t\t\t\t\t\t\t\t<section class=\"elementor-section elementor-top-section elementor-element elementor-element-87c6aa2 elementor-section-boxed elementor-section-height-default elementor-section-height-default\" data-id=\"87c6aa2\" data-element_type=\"section\">\n\t\t\t\t\t\t<div class=\"elementor-container elementor-column-gap-default\">\n\t\t\t\t\t<div class=\"elementor-column elementor-col-100 elementor-top-column elementor-element elementor-element-558bb819\" data-id=\"558bb819\" data-element_type=\"column\">\n\t\t\t<div class=\"elementor-widget-wrap elementor-element-populated\">\n\t\t\t\t\t\t\t\t<div class=\"elementor-element elementor-element-3067325c elementor-widget elementor-widget-text-editor\" data-id=\"3067325c\" data-element_type=\"widget\" data-widget_type=\"text-editor.default\">\n\t\t\t\t<div class=\"elementor-widget-container\">\n\t\t\t<style>\/*! elementor - v3.14.0 - 26-06-2023 *\/\n.elementor-widget-text-editor.elementor-drop-cap-view-stacked .elementor-drop-cap{background-color:#69727d;color:#fff}.elementor-widget-text-editor.elementor-drop-cap-view-framed .elementor-drop-cap{color:#69727d;border:3px solid;background-color:transparent}.elementor-widget-text-editor:not(.elementor-drop-cap-view-default) .elementor-drop-cap{margin-top:8px}.elementor-widget-text-editor:not(.elementor-drop-cap-view-default) .elementor-drop-cap-letter{width:1em;height:1em}.elementor-widget-text-editor .elementor-drop-cap{float:left;text-align:center;line-height:1;font-size:50px}.elementor-widget-text-editor .elementor-drop-cap-letter{display:inline-block}<\/style>\t\t\t\t<p>El Parlamento Europeo aprob\u00f3 en octubre del a\u00f1o pasado la normativa que obliga a los fabricantes a usar un cargador universal para 2024. Ahora, la medida se extiende a los patinetes y bicicletas el\u00e9ctricas.<\/p><p>La Uni\u00f3n Europea aprob\u00f3 en octubre del a\u00f1o pasado la normativa del cargador universal para todos los dispositivos electr\u00f3nicos que se comercialicen dentro de los pa\u00edses miembro de la organizaci\u00f3n. En un principio, la fecha l\u00edmite para que las marcas tecnol\u00f3gicas adopten los puertos USB-C es el 28 de diciembre de 2024 -a excepci\u00f3n de los ordenadores port\u00e1tiles, que tendr\u00e1n hasta el 28 de abril de 2026-, adem\u00e1s, Espa\u00f1a redact\u00f3 un real decreto para \u00abpromover la interoperabilidad de los cargadores\u00bb y \u00abgarantizar a la ciudadan\u00eda la obtenci\u00f3n de informaci\u00f3n \u00abclara, comprensible e inmediata\u00bb sobre las capacidades de carga de los dispositivos que adquieren.<\/p><p>Para leer m\u00e1s ingrese a:<\/p><p><a href=\"https:\/\/www.20minutos.es\/tecnologia\/actualidad\/patinetes-bicis-electricas-deben-incorporar-puerto-usb-c-184789-5184789\/\">https:\/\/www.20minutos.es\/tecnologia\/actualidad\/patinetes-bicis-electricas-deben-incorporar-puerto-usb-c-184789-5184789\/<\/a><\/p>\t\t\t\t\t\t<\/div>\n\t\t\t\t<\/div>\n\t\t\t\t\t<\/div>\n\t\t<\/div>\n\t\t\t\t\t\t\t<\/div>\n\t\t<\/section>\n\t\t\t\t\t\t\t<\/div>\n\t\t<div style=\"text-align:center\" class=\"yasr-auto-insert-visitor\"><\/div>","protected":false},"excerpt":{"rendered":"<p>El Parlamento Europeo aprob\u00f3 en octubre del a\u00f1o pasado la normativa que obliga a los fabricantes a usar un cargador universal para 2024. Ahora, la medida se extiende a los patinetes y bicicletas el\u00e9ctricas.<\/p>","protected":false},"author":23,"featured_media":37640,"comment_status":"open","ping_status":"open","sticky":false,"template":"","format":"standard","meta":{"yasr_overall_rating":0,"yasr_post_is_review":"","yasr_auto_insert_disabled":"","yasr_review_type":"","footnotes":""},"categories":[52],"tags":[],"class_list":["post-37638","post","type-post","status-publish","format-standard","has-post-thumbnail","hentry","category-noticias-sectoriales"],"yasr_visitor_votes":{"number_of_votes":0,"sum_votes":0,"stars_attributes":{"read_only":false,"span_bottom":false}},"yoast_head":"<!-- This site is optimized with the Yoast SEO plugin v27.3 - https:\/\/yoast.com\/product\/yoast-seo-wordpress\/ -->\n<title>La Uni\u00f3n Europa endurece la normativa del cargador universal: los patinetes y bicis el\u00e9ctricas deben incorporar puerto USB-C - Colombia Inteligente<\/title>\n<meta name=\"robots\" content=\"index, follow, max-snippet:-1, max-image-preview:large, max-video-preview:-1\" \/>\n<link rel=\"canonical\" href=\"https:\/\/colombiainteligente.org\/es_co\/noticias-sectoriales\/la-union-europa-endurece-la-normativa-del-cargador-universal-los-patinetes-y-bicis-electricas-deben-incorporar-puerto-usb-c\/\" \/>\n<meta property=\"og:locale\" content=\"es_ES\" \/>\n<meta property=\"og:type\" content=\"article\" \/>\n<meta property=\"og:title\" content=\"La Uni\u00f3n Europa endurece la normativa del cargador universal: los patinetes y bicis el\u00e9ctricas deben incorporar puerto USB-C - Colombia Inteligente\" \/>\n<meta property=\"og:description\" content=\"El Parlamento Europeo aprob\u00f3 en octubre del a\u00f1o pasado la normativa que obliga a los fabricantes a usar un cargador universal para 2024. Ahora, la medida se extiende a los patinetes y bicicletas el\u00e9ctricas.\" \/>\n<meta property=\"og:url\" content=\"https:\/\/colombiainteligente.org\/es_co\/noticias-sectoriales\/la-union-europa-endurece-la-normativa-del-cargador-universal-los-patinetes-y-bicis-electricas-deben-incorporar-puerto-usb-c\/\" \/>\n<meta property=\"og:site_name\" content=\"Colombia Inteligente\" \/>\n<meta property=\"article:published_time\" content=\"2023-11-02T15:00:35+00:00\" \/>\n<meta property=\"article:modified_time\" content=\"2023-11-02T15:01:31+00:00\" \/>\n<meta property=\"og:image\" content=\"https:\/\/colombiainteligente.org\/wp-content\/uploads\/2023\/11\/La-Union-Europa-endurece-la-normativa-del-cargador-universal-los-patinetes-y-bicis-electricas-deben-incorporar-puerto-USB-C.jpg\" \/>\n\t<meta property=\"og:image:width\" content=\"623\" \/>\n\t<meta property=\"og:image:height\" content=\"350\" \/>\n\t<meta property=\"og:image:type\" content=\"image\/jpeg\" \/>\n<meta name=\"author\" content=\"DIFUSI\u00d3N COLOMBIA INTELIGENTE\" \/>\n<meta name=\"twitter:card\" content=\"summary_large_image\" \/>\n<meta name=\"twitter:creator\" content=\"@colombiaintelig\" \/>\n<meta name=\"twitter:site\" content=\"@colombiaintelig\" \/>\n<meta name=\"twitter:label1\" content=\"Escrito por\" \/>\n\t<meta name=\"twitter:data1\" content=\"DIFUSI\u00d3N COLOMBIA INTELIGENTE\" \/>\n\t<meta name=\"twitter:label2\" content=\"Tiempo estimado de lectura\" \/>\n\t<meta name=\"twitter:data2\" content=\"1 minuto\" \/>\n<script type=\"application\/ld+json\" class=\"yoast-schema-graph\">{\"@context\":\"https:\\\/\\\/schema.org\",\"@graph\":[{\"@type\":\"Article\",\"@id\":\"https:\\\/\\\/colombiainteligente.org\\\/noticias-sectoriales\\\/la-union-europa-endurece-la-normativa-del-cargador-universal-los-patinetes-y-bicis-electricas-deben-incorporar-puerto-usb-c\\\/#article\",\"isPartOf\":{\"@id\":\"https:\\\/\\\/colombiainteligente.org\\\/noticias-sectoriales\\\/la-union-europa-endurece-la-normativa-del-cargador-universal-los-patinetes-y-bicis-electricas-deben-incorporar-puerto-usb-c\\\/\"},\"author\":{\"name\":\"DIFUSI\u00d3N COLOMBIA INTELIGENTE\",\"@id\":\"https:\\\/\\\/colombiainteligente.org\\\/#\\\/schema\\\/person\\\/e207145d548b75a6d339ff1d4d3b0432\"},\"headline\":\"La Uni\u00f3n Europa endurece la normativa del cargador universal: los patinetes y bicis el\u00e9ctricas deben incorporar puerto USB-C\",\"datePublished\":\"2023-11-02T15:00:35+00:00\",\"dateModified\":\"2023-11-02T15:01:31+00:00\",\"mainEntityOfPage\":{\"@id\":\"https:\\\/\\\/colombiainteligente.org\\\/noticias-sectoriales\\\/la-union-europa-endurece-la-normativa-del-cargador-universal-los-patinetes-y-bicis-electricas-deben-incorporar-puerto-usb-c\\\/\"},\"wordCount\":184,\"commentCount\":0,\"publisher\":{\"@id\":\"https:\\\/\\\/colombiainteligente.org\\\/#organization\"},\"image\":{\"@id\":\"https:\\\/\\\/colombiainteligente.org\\\/noticias-sectoriales\\\/la-union-europa-endurece-la-normativa-del-cargador-universal-los-patinetes-y-bicis-electricas-deben-incorporar-puerto-usb-c\\\/#primaryimage\"},\"thumbnailUrl\":\"https:\\\/\\\/colombiainteligente.org\\\/wp-content\\\/uploads\\\/2023\\\/11\\\/La-Union-Europa-endurece-la-normativa-del-cargador-universal-los-patinetes-y-bicis-electricas-deben-incorporar-puerto-USB-C.jpg\",\"articleSection\":[\"Noticias Sectoriales\"],\"inLanguage\":\"es-CO\",\"potentialAction\":[{\"@type\":\"CommentAction\",\"name\":\"Comment\",\"target\":[\"https:\\\/\\\/colombiainteligente.org\\\/noticias-sectoriales\\\/la-union-europa-endurece-la-normativa-del-cargador-universal-los-patinetes-y-bicis-electricas-deben-incorporar-puerto-usb-c\\\/#respond\"]}]},{\"@type\":\"WebPage\",\"@id\":\"https:\\\/\\\/colombiainteligente.org\\\/noticias-sectoriales\\\/la-union-europa-endurece-la-normativa-del-cargador-universal-los-patinetes-y-bicis-electricas-deben-incorporar-puerto-usb-c\\\/\",\"url\":\"https:\\\/\\\/colombiainteligente.org\\\/noticias-sectoriales\\\/la-union-europa-endurece-la-normativa-del-cargador-universal-los-patinetes-y-bicis-electricas-deben-incorporar-puerto-usb-c\\\/\",\"name\":\"La Uni\u00f3n Europa endurece la normativa del cargador universal: los patinetes y bicis el\u00e9ctricas deben incorporar puerto USB-C - Colombia Inteligente\",\"isPartOf\":{\"@id\":\"https:\\\/\\\/colombiainteligente.org\\\/#website\"},\"primaryImageOfPage\":{\"@id\":\"https:\\\/\\\/colombiainteligente.org\\\/noticias-sectoriales\\\/la-union-europa-endurece-la-normativa-del-cargador-universal-los-patinetes-y-bicis-electricas-deben-incorporar-puerto-usb-c\\\/#primaryimage\"},\"image\":{\"@id\":\"https:\\\/\\\/colombiainteligente.org\\\/noticias-sectoriales\\\/la-union-europa-endurece-la-normativa-del-cargador-universal-los-patinetes-y-bicis-electricas-deben-incorporar-puerto-usb-c\\\/#primaryimage\"},\"thumbnailUrl\":\"https:\\\/\\\/colombiainteligente.org\\\/wp-content\\\/uploads\\\/2023\\\/11\\\/La-Union-Europa-endurece-la-normativa-del-cargador-universal-los-patinetes-y-bicis-electricas-deben-incorporar-puerto-USB-C.jpg\",\"datePublished\":\"2023-11-02T15:00:35+00:00\",\"dateModified\":\"2023-11-02T15:01:31+00:00\",\"breadcrumb\":{\"@id\":\"https:\\\/\\\/colombiainteligente.org\\\/noticias-sectoriales\\\/la-union-europa-endurece-la-normativa-del-cargador-universal-los-patinetes-y-bicis-electricas-deben-incorporar-puerto-usb-c\\\/#breadcrumb\"},\"inLanguage\":\"es-CO\",\"potentialAction\":[{\"@type\":\"ReadAction\",\"target\":[\"https:\\\/\\\/colombiainteligente.org\\\/noticias-sectoriales\\\/la-union-europa-endurece-la-normativa-del-cargador-universal-los-patinetes-y-bicis-electricas-deben-incorporar-puerto-usb-c\\\/\"]}]},{\"@type\":\"ImageObject\",\"inLanguage\":\"es-CO\",\"@id\":\"https:\\\/\\\/colombiainteligente.org\\\/noticias-sectoriales\\\/la-union-europa-endurece-la-normativa-del-cargador-universal-los-patinetes-y-bicis-electricas-deben-incorporar-puerto-usb-c\\\/#primaryimage\",\"url\":\"https:\\\/\\\/colombiainteligente.org\\\/wp-content\\\/uploads\\\/2023\\\/11\\\/La-Union-Europa-endurece-la-normativa-del-cargador-universal-los-patinetes-y-bicis-electricas-deben-incorporar-puerto-USB-C.jpg\",\"contentUrl\":\"https:\\\/\\\/colombiainteligente.org\\\/wp-content\\\/uploads\\\/2023\\\/11\\\/La-Union-Europa-endurece-la-normativa-del-cargador-universal-los-patinetes-y-bicis-electricas-deben-incorporar-puerto-USB-C.jpg\",\"width\":623,\"height\":350,\"caption\":\"La-Union-Europa-endurece-la-normativa-del-cargador-universal-los-patinetes-y-bicis-electricas-deben-incorporar-puerto-USB-C.jpg\"},{\"@type\":\"BreadcrumbList\",\"@id\":\"https:\\\/\\\/colombiainteligente.org\\\/noticias-sectoriales\\\/la-union-europa-endurece-la-normativa-del-cargador-universal-los-patinetes-y-bicis-electricas-deben-incorporar-puerto-usb-c\\\/#breadcrumb\",\"itemListElement\":[{\"@type\":\"ListItem\",\"position\":1,\"name\":\"Portada\",\"item\":\"https:\\\/\\\/colombiainteligente.org\\\/\"},{\"@type\":\"ListItem\",\"position\":2,\"name\":\"La Uni\u00f3n Europa endurece la normativa del cargador universal: los patinetes y bicis el\u00e9ctricas deben incorporar puerto USB-C\"}]},{\"@type\":\"WebSite\",\"@id\":\"https:\\\/\\\/colombiainteligente.org\\\/#website\",\"url\":\"https:\\\/\\\/colombiainteligente.org\\\/\",\"name\":\"Colombia Inteligente\",\"description\":\"Alianza estrat\u00e9gica, conformada por empresas y entidades, para la inserci\u00f3n integral y eficiente de las redes inteligentes a la infraestructura del sector el\u00e9ctrico colombiano\",\"publisher\":{\"@id\":\"https:\\\/\\\/colombiainteligente.org\\\/#organization\"},\"potentialAction\":[{\"@type\":\"SearchAction\",\"target\":{\"@type\":\"EntryPoint\",\"urlTemplate\":\"https:\\\/\\\/colombiainteligente.org\\\/?s={search_term_string}\"},\"query-input\":{\"@type\":\"PropertyValueSpecification\",\"valueRequired\":true,\"valueName\":\"search_term_string\"}}],\"inLanguage\":\"es-CO\"},{\"@type\":\"Organization\",\"@id\":\"https:\\\/\\\/colombiainteligente.org\\\/#organization\",\"name\":\"Colombia Inteligente\",\"url\":\"https:\\\/\\\/colombiainteligente.org\\\/\",\"logo\":{\"@type\":\"ImageObject\",\"inLanguage\":\"es-CO\",\"@id\":\"https:\\\/\\\/colombiainteligente.org\\\/#\\\/schema\\\/logo\\\/image\\\/\",\"url\":\"https:\\\/\\\/colombiainteligente.org\\\/wp-content\\\/uploads\\\/2022\\\/07\\\/Image.png\",\"contentUrl\":\"https:\\\/\\\/colombiainteligente.org\\\/wp-content\\\/uploads\\\/2022\\\/07\\\/Image.png\",\"width\":588,\"height\":274,\"caption\":\"Colombia Inteligente\"},\"image\":{\"@id\":\"https:\\\/\\\/colombiainteligente.org\\\/#\\\/schema\\\/logo\\\/image\\\/\"},\"sameAs\":[\"https:\\\/\\\/x.com\\\/colombiaintelig\",\"https:\\\/\\\/www.linkedin.com\\\/company\\\/colombiainteligente\\\/\"]},{\"@type\":\"Person\",\"@id\":\"https:\\\/\\\/colombiainteligente.org\\\/#\\\/schema\\\/person\\\/e207145d548b75a6d339ff1d4d3b0432\",\"name\":\"DIFUSI\u00d3N COLOMBIA INTELIGENTE\",\"image\":{\"@type\":\"ImageObject\",\"inLanguage\":\"es-CO\",\"@id\":\"https:\\\/\\\/secure.gravatar.com\\\/avatar\\\/df2e679ff2abf288cf4bf58830dad897e596908105ec8969f50f748a6d837869?s=96&d=mm&r=g\",\"url\":\"https:\\\/\\\/secure.gravatar.com\\\/avatar\\\/df2e679ff2abf288cf4bf58830dad897e596908105ec8969f50f748a6d837869?s=96&d=mm&r=g\",\"contentUrl\":\"https:\\\/\\\/secure.gravatar.com\\\/avatar\\\/df2e679ff2abf288cf4bf58830dad897e596908105ec8969f50f748a6d837869?s=96&d=mm&r=g\",\"caption\":\"DIFUSI\u00d3N COLOMBIA INTELIGENTE\"},\"url\":\"https:\\\/\\\/colombiainteligente.org\\\/es_co\\\/author\\\/difusioncolombiainteligente-org\\\/\"}]}<\/script>\n<!-- \/ Yoast SEO plugin. -->","yoast_head_json":{"title":"La Uni\u00f3n Europa endurece la normativa del cargador universal: los patinetes y bicis el\u00e9ctricas deben incorporar puerto USB-C - Colombia Inteligente","robots":{"index":"index","follow":"follow","max-snippet":"max-snippet:-1","max-image-preview":"max-image-preview:large","max-video-preview":"max-video-preview:-1"},"canonical":"https:\/\/colombiainteligente.org\/es_co\/noticias-sectoriales\/la-union-europa-endurece-la-normativa-del-cargador-universal-los-patinetes-y-bicis-electricas-deben-incorporar-puerto-usb-c\/","og_locale":"es_ES","og_type":"article","og_title":"La Uni\u00f3n Europa endurece la normativa del cargador universal: los patinetes y bicis el\u00e9ctricas deben incorporar puerto USB-C - Colombia Inteligente","og_description":"El Parlamento Europeo aprob\u00f3 en octubre del a\u00f1o pasado la normativa que obliga a los fabricantes a usar un cargador universal para 2024. Ahora, la medida se extiende a los patinetes y bicicletas el\u00e9ctricas.","og_url":"https:\/\/colombiainteligente.org\/es_co\/noticias-sectoriales\/la-union-europa-endurece-la-normativa-del-cargador-universal-los-patinetes-y-bicis-electricas-deben-incorporar-puerto-usb-c\/","og_site_name":"Colombia Inteligente","article_published_time":"2023-11-02T15:00:35+00:00","article_modified_time":"2023-11-02T15:01:31+00:00","og_image":[{"width":623,"height":350,"url":"https:\/\/colombiainteligente.org\/wp-content\/uploads\/2023\/11\/La-Union-Europa-endurece-la-normativa-del-cargador-universal-los-patinetes-y-bicis-electricas-deben-incorporar-puerto-USB-C.jpg","type":"image\/jpeg"}],"author":"DIFUSI\u00d3N COLOMBIA INTELIGENTE","twitter_card":"summary_large_image","twitter_creator":"@colombiaintelig","twitter_site":"@colombiaintelig","twitter_misc":{"Escrito por":"DIFUSI\u00d3N COLOMBIA INTELIGENTE","Tiempo estimado de lectura":"1 minuto"},"schema":{"@context":"https:\/\/schema.org","@graph":[{"@type":"Article","@id":"https:\/\/colombiainteligente.org\/noticias-sectoriales\/la-union-europa-endurece-la-normativa-del-cargador-universal-los-patinetes-y-bicis-electricas-deben-incorporar-puerto-usb-c\/#article","isPartOf":{"@id":"https:\/\/colombiainteligente.org\/noticias-sectoriales\/la-union-europa-endurece-la-normativa-del-cargador-universal-los-patinetes-y-bicis-electricas-deben-incorporar-puerto-usb-c\/"},"author":{"name":"DIFUSI\u00d3N COLOMBIA INTELIGENTE","@id":"https:\/\/colombiainteligente.org\/#\/schema\/person\/e207145d548b75a6d339ff1d4d3b0432"},"headline":"La Uni\u00f3n Europa endurece la normativa del cargador universal: los patinetes y bicis el\u00e9ctricas deben incorporar puerto USB-C","datePublished":"2023-11-02T15:00:35+00:00","dateModified":"2023-11-02T15:01:31+00:00","mainEntityOfPage":{"@id":"https:\/\/colombiainteligente.org\/noticias-sectoriales\/la-union-europa-endurece-la-normativa-del-cargador-universal-los-patinetes-y-bicis-electricas-deben-incorporar-puerto-usb-c\/"},"wordCount":184,"commentCount":0,"publisher":{"@id":"https:\/\/colombiainteligente.org\/#organization"},"image":{"@id":"https:\/\/colombiainteligente.org\/noticias-sectoriales\/la-union-europa-endurece-la-normativa-del-cargador-universal-los-patinetes-y-bicis-electricas-deben-incorporar-puerto-usb-c\/#primaryimage"},"thumbnailUrl":"https:\/\/colombiainteligente.org\/wp-content\/uploads\/2023\/11\/La-Union-Europa-endurece-la-normativa-del-cargador-universal-los-patinetes-y-bicis-electricas-deben-incorporar-puerto-USB-C.jpg","articleSection":["Noticias Sectoriales"],"inLanguage":"es-CO","potentialAction":[{"@type":"CommentAction","name":"Comment","target":["https:\/\/colombiainteligente.org\/noticias-sectoriales\/la-union-europa-endurece-la-normativa-del-cargador-universal-los-patinetes-y-bicis-electricas-deben-incorporar-puerto-usb-c\/#respond"]}]},{"@type":"WebPage","@id":"https:\/\/colombiainteligente.org\/noticias-sectoriales\/la-union-europa-endurece-la-normativa-del-cargador-universal-los-patinetes-y-bicis-electricas-deben-incorporar-puerto-usb-c\/","url":"https:\/\/colombiainteligente.org\/noticias-sectoriales\/la-union-europa-endurece-la-normativa-del-cargador-universal-los-patinetes-y-bicis-electricas-deben-incorporar-puerto-usb-c\/","name":"La Uni\u00f3n Europa endurece la normativa del cargador universal: los patinetes y bicis el\u00e9ctricas deben incorporar puerto USB-C - Colombia Inteligente","isPartOf":{"@id":"https:\/\/colombiainteligente.org\/#website"},"primaryImageOfPage":{"@id":"https:\/\/colombiainteligente.org\/noticias-sectoriales\/la-union-europa-endurece-la-normativa-del-cargador-universal-los-patinetes-y-bicis-electricas-deben-incorporar-puerto-usb-c\/#primaryimage"},"image":{"@id":"https:\/\/colombiainteligente.org\/noticias-sectoriales\/la-union-europa-endurece-la-normativa-del-cargador-universal-los-patinetes-y-bicis-electricas-deben-incorporar-puerto-usb-c\/#primaryimage"},"thumbnailUrl":"https:\/\/colombiainteligente.org\/wp-content\/uploads\/2023\/11\/La-Union-Europa-endurece-la-normativa-del-cargador-universal-los-patinetes-y-bicis-electricas-deben-incorporar-puerto-USB-C.jpg","datePublished":"2023-11-02T15:00:35+00:00","dateModified":"2023-11-02T15:01:31+00:00","breadcrumb":{"@id":"https:\/\/colombiainteligente.org\/noticias-sectoriales\/la-union-europa-endurece-la-normativa-del-cargador-universal-los-patinetes-y-bicis-electricas-deben-incorporar-puerto-usb-c\/#breadcrumb"},"inLanguage":"es-CO","potentialAction":[{"@type":"ReadAction","target":["https:\/\/colombiainteligente.org\/noticias-sectoriales\/la-union-europa-endurece-la-normativa-del-cargador-universal-los-patinetes-y-bicis-electricas-deben-incorporar-puerto-usb-c\/"]}]},{"@type":"ImageObject","inLanguage":"es-CO","@id":"https:\/\/colombiainteligente.org\/noticias-sectoriales\/la-union-europa-endurece-la-normativa-del-cargador-universal-los-patinetes-y-bicis-electricas-deben-incorporar-puerto-usb-c\/#primaryimage","url":"https:\/\/colombiainteligente.org\/wp-content\/uploads\/2023\/11\/La-Union-Europa-endurece-la-normativa-del-cargador-universal-los-patinetes-y-bicis-electricas-deben-incorporar-puerto-USB-C.jpg","contentUrl":"https:\/\/colombiainteligente.org\/wp-content\/uploads\/2023\/11\/La-Union-Europa-endurece-la-normativa-del-cargador-universal-los-patinetes-y-bicis-electricas-deben-incorporar-puerto-USB-C.jpg","width":623,"height":350,"caption":"La-Union-Europa-endurece-la-normativa-del-cargador-universal-los-patinetes-y-bicis-electricas-deben-incorporar-puerto-USB-C.jpg"},{"@type":"BreadcrumbList","@id":"https:\/\/colombiainteligente.org\/noticias-sectoriales\/la-union-europa-endurece-la-normativa-del-cargador-universal-los-patinetes-y-bicis-electricas-deben-incorporar-puerto-usb-c\/#breadcrumb","itemListElement":[{"@type":"ListItem","position":1,"name":"Portada","item":"https:\/\/colombiainteligente.org\/"},{"@type":"ListItem","position":2,"name":"La Uni\u00f3n Europa endurece la normativa del cargador universal: los patinetes y bicis el\u00e9ctricas deben incorporar puerto USB-C"}]},{"@type":"WebSite","@id":"https:\/\/colombiainteligente.org\/#website","url":"https:\/\/colombiainteligente.org\/","name":"Colombia Inteligente","description":"Alianza estrat\u00e9gica, conformada por empresas y entidades, para la inserci\u00f3n integral y eficiente de las redes inteligentes a la infraestructura del sector el\u00e9ctrico colombiano","publisher":{"@id":"https:\/\/colombiainteligente.org\/#organization"},"potentialAction":[{"@type":"SearchAction","target":{"@type":"EntryPoint","urlTemplate":"https:\/\/colombiainteligente.org\/?s={search_term_string}"},"query-input":{"@type":"PropertyValueSpecification","valueRequired":true,"valueName":"search_term_string"}}],"inLanguage":"es-CO"},{"@type":"Organization","@id":"https:\/\/colombiainteligente.org\/#organization","name":"Colombia Inteligente","url":"https:\/\/colombiainteligente.org\/","logo":{"@type":"ImageObject","inLanguage":"es-CO","@id":"https:\/\/colombiainteligente.org\/#\/schema\/logo\/image\/","url":"https:\/\/colombiainteligente.org\/wp-content\/uploads\/2022\/07\/Image.png","contentUrl":"https:\/\/colombiainteligente.org\/wp-content\/uploads\/2022\/07\/Image.png","width":588,"height":274,"caption":"Colombia Inteligente"},"image":{"@id":"https:\/\/colombiainteligente.org\/#\/schema\/logo\/image\/"},"sameAs":["https:\/\/x.com\/colombiaintelig","https:\/\/www.linkedin.com\/company\/colombiainteligente\/"]},{"@type":"Person","@id":"https:\/\/colombiainteligente.org\/#\/schema\/person\/e207145d548b75a6d339ff1d4d3b0432","name":"DIFUSI\u00d3N COLOMBIA INTELIGENTE","image":{"@type":"ImageObject","inLanguage":"es-CO","@id":"https:\/\/secure.gravatar.com\/avatar\/df2e679ff2abf288cf4bf58830dad897e596908105ec8969f50f748a6d837869?s=96&d=mm&r=g","url":"https:\/\/secure.gravatar.com\/avatar\/df2e679ff2abf288cf4bf58830dad897e596908105ec8969f50f748a6d837869?s=96&d=mm&r=g","contentUrl":"https:\/\/secure.gravatar.com\/avatar\/df2e679ff2abf288cf4bf58830dad897e596908105ec8969f50f748a6d837869?s=96&d=mm&r=g","caption":"DIFUSI\u00d3N COLOMBIA INTELIGENTE"},"url":"https:\/\/colombiainteligente.org\/es_co\/author\/difusioncolombiainteligente-org\/"}]}},"_links":{"self":[{"href":"https:\/\/colombiainteligente.org\/es_co\/wp-json\/wp\/v2\/posts\/37638","targetHints":{"allow":["GET"]}}],"collection":[{"href":"https:\/\/colombiainteligente.org\/es_co\/wp-json\/wp\/v2\/posts"}],"about":[{"href":"https:\/\/colombiainteligente.org\/es_co\/wp-json\/wp\/v2\/types\/post"}],"author":[{"embeddable":true,"href":"https:\/\/colombiainteligente.org\/es_co\/wp-json\/wp\/v2\/users\/23"}],"replies":[{"embeddable":true,"href":"https:\/\/colombiainteligente.org\/es_co\/wp-json\/wp\/v2\/comments?post=37638"}],"version-history":[{"count":4,"href":"https:\/\/colombiainteligente.org\/es_co\/wp-json\/wp\/v2\/posts\/37638\/revisions"}],"predecessor-version":[{"id":37645,"href":"https:\/\/colombiainteligente.org\/es_co\/wp-json\/wp\/v2\/posts\/37638\/revisions\/37645"}],"wp:featuredmedia":[{"embeddable":true,"href":"https:\/\/colombiainteligente.org\/es_co\/wp-json\/wp\/v2\/media\/37640"}],"wp:attachment":[{"href":"https:\/\/colombiainteligente.org\/es_co\/wp-json\/wp\/v2\/media?parent=37638"}],"wp:term":[{"taxonomy":"category","embeddable":true,"href":"https:\/\/colombiainteligente.org\/es_co\/wp-json\/wp\/v2\/categories?post=37638"},{"taxonomy":"post_tag","embeddable":true,"href":"https:\/\/colombiainteligente.org\/es_co\/wp-json\/wp\/v2\/tags?post=37638"}],"curies":[{"name":"wp","href":"https:\/\/api.w.org\/{rel}","templated":true}]}}