{"id":39070,"date":"2023-12-26T11:54:05","date_gmt":"2023-12-26T16:54:05","guid":{"rendered":"https:\/\/colombiainteligente.org\/?p=39070"},"modified":"2023-12-26T11:54:56","modified_gmt":"2023-12-26T16:54:56","slug":"renewables-readiness-assessment-burkina-faso","status":"publish","type":"post","link":"https:\/\/colombiainteligente.org\/es_co\/tendencias\/renewables-readiness-assessment-burkina-faso\/","title":{"rendered":"Renewables readiness assessment: Burkina Faso"},"content":{"rendered":"<div data-elementor-type=\"wp-post\" data-elementor-id=\"39070\" class=\"elementor elementor-39070\" data-elementor-post-type=\"post\">\n\t\t\t\t\t\t\t\t\t<section class=\"elementor-section elementor-top-section elementor-element elementor-element-87c6aa2 elementor-section-boxed elementor-section-height-default elementor-section-height-default\" data-id=\"87c6aa2\" data-element_type=\"section\">\n\t\t\t\t\t\t<div class=\"elementor-container elementor-column-gap-default\">\n\t\t\t\t\t<div class=\"elementor-column elementor-col-100 elementor-top-column elementor-element elementor-element-558bb819\" data-id=\"558bb819\" data-element_type=\"column\">\n\t\t\t<div class=\"elementor-widget-wrap elementor-element-populated\">\n\t\t\t\t\t\t\t\t<div class=\"elementor-element elementor-element-3067325c elementor-widget elementor-widget-text-editor\" data-id=\"3067325c\" data-element_type=\"widget\" data-widget_type=\"text-editor.default\">\n\t\t\t\t<div class=\"elementor-widget-container\">\n\t\t\t<style>\/*! elementor - v3.14.0 - 26-06-2023 *\/\n.elementor-widget-text-editor.elementor-drop-cap-view-stacked .elementor-drop-cap{background-color:#69727d;color:#fff}.elementor-widget-text-editor.elementor-drop-cap-view-framed .elementor-drop-cap{color:#69727d;border:3px solid;background-color:transparent}.elementor-widget-text-editor:not(.elementor-drop-cap-view-default) .elementor-drop-cap{margin-top:8px}.elementor-widget-text-editor:not(.elementor-drop-cap-view-default) .elementor-drop-cap-letter{width:1em;height:1em}.elementor-widget-text-editor .elementor-drop-cap{float:left;text-align:center;line-height:1;font-size:50px}.elementor-widget-text-editor .elementor-drop-cap-letter{display:inline-block}<\/style>\t\t\t\t<div class=\"OutlineElement Ltr BCX9 SCXO44705505\" style=\"margin: 0px; padding: 0px; user-select: text; -webkit-user-drag: none; -webkit-tap-highlight-color: transparent; overflow: visible; cursor: text; clear: both; position: relative; direction: ltr; font-family: 'Segoe UI', 'Segoe UI Web', Arial, Verdana, sans-serif; font-size: 12px;\"><p>En 2019, Burkina Faso ten\u00eda una de las tasas de electrificaci\u00f3n m\u00e1s bajas de los pa\u00edses miembros de la Comunidad Econ\u00f3mica de los Estados de \u00c1frica Occidental (CEDEAO), con solo el 22% de la poblaci\u00f3n con acceso a la electricidad, lo que deja a 15,9 millones de personas sin acceso. La poblaci\u00f3n rural depende sobre todo de la biomasa tradicional, como el carb\u00f3n y la le\u00f1a, para satisfacer sus necesidades energ\u00e9ticas, lo que contribuye a la deforestaci\u00f3n, la contaminaci\u00f3n del aire interior y otros impactos. La segunda fuente de energ\u00eda, despu\u00e9s de la biomasa, es el petr\u00f3leo importado. El pa\u00eds depende totalmente de las importaciones de petr\u00f3leo, y casi una cuarta parte de \u00e9stas se destina a la generaci\u00f3n de electricidad. La situaci\u00f3n es cr\u00edtica, dado que las importaciones de petr\u00f3leo representaron casi el 20% de la balanza por cuenta nacional en 2019. Cuando los servicios de electricidad est\u00e1n disponibles, las zonas urbanas de Burkina Faso tienen acceso a un suministro el\u00e9ctrico caro y poco fiable. Sin una descarbonizaci\u00f3n significativa de la combinaci\u00f3n energ\u00e9tica, el crecimiento econ\u00f3mico y la mejora del acceso a la energ\u00eda dar\u00edan lugar a un aumento de las importaciones de petr\u00f3leo, lo que podr\u00eda socavar a\u00fan m\u00e1s el equilibrio econ\u00f3mico del pa\u00eds. El desarrollo econ\u00f3mico de Burkina Faso est\u00e1 vinculado al aumento del consumo de energ\u00eda. Con un crecimiento del PIB del 5-6% anual desde 2015, la combinaci\u00f3n de suministro de energ\u00eda del pa\u00eds est\u00e1 bajo una presi\u00f3n cada vez mayor. La situaci\u00f3n energ\u00e9tica actual no es escalable ni sostenible -tanto desde el punto de vista medioambiental como econ\u00f3mico- debido a las subvenciones y las importaciones. El pa\u00eds est\u00e1 desplegando actualmente una estrategia que podr\u00eda satisfacer las crecientes necesidades de la econom\u00eda, as\u00ed como apoyar el objetivo de alcanzar el acceso universal a la energ\u00eda. Para tener \u00e9xito, la estrategia debe basarse en soluciones que suministren energ\u00eda sostenible y asequible, con precios previsibles. El acceso a la energ\u00eda asequible implica el acceso a los servicios de electricidad, as\u00ed como a la cocina limpia, abandonando el carb\u00f3n vegetal tradicional o la biomasa basada en la madera. Los motores subyacentes de estos objetivos de acceso incluyen el desarrollo social y econ\u00f3mico de las comunidades rurales. Con las recientes amenazas a la seguridad y la pandemia de COVID-19, cada vez es m\u00e1s necesario aumentar la resistencia de las comunidades ante las amenazas externas. Las infraestructuras p\u00fablicas, por ejemplo, son necesarias para establecer el v\u00ednculo entre el gobierno central y las localidades remotas. El suministro continuo de energ\u00eda durante acontecimientos cr\u00edticos es un requisito para los emplazamientos de edificios sensibles, como hospitales, escuelas, telecomunicaciones y edificios p\u00fablicos, as\u00ed como para las comunidades remotas en zonas de gran inestabilidad. En muchos lugares, la disponibilidad de recursos locales de energ\u00eda renovable puede suministrar energ\u00eda local, asequible y confiable. Burkina Faso tiene suficiente potencial de energ\u00edas renovables para cumplir sus objetivos nacionales. Los proyectos de energ\u00edas renovables actualmente identificados en el pa\u00eds se basan principalmente en la energ\u00eda solar fotovoltaica (FV) conectada a la red, puesto que es asequible, escalable y puede desplegarse en plazos cortos.<\/p><p>La dependencia de un \u00fanico recurso, sin embargo, implica la necesidad de ajustarse a su disponibilidad y variabilidad. La integraci\u00f3n de una \u00fanica fuente de energ\u00eda renovable variable (es decir, la solar) necesitar\u00eda el apoyo de inversiones adicionales en tecnolog\u00edas de almacenamiento y equilibrio en la red regional. Al estar bien conectado con sus vecinos (Ghana, Costa de Marfil y Togo), Burkina Faso tiene potencial para equilibrar sus importaciones de electricidad de la red regional. Una fuerte integraci\u00f3n en un mercado regional de la electricidad es tambi\u00e9n un medio eficaz de buscar cuotas elevadas de energ\u00edas renovables en la red, sin necesidad de aumentar la capacidad de reserva de las centrales de combustibles f\u00f3siles, siempre que el mercado pueda absorber el exceso de producci\u00f3n. Si pudieran aprovecharse otros recursos energ\u00e9ticos renovables, podr\u00edan integrarse estrategias adicionales de gesti\u00f3n del sistema el\u00e9ctrico, dado que los distintos recursos (e\u00f3lico, hidroel\u00e9ctrico) conllevan plazos de variabilidad diferentes. El cr\u00e9dito de capacidad de las energ\u00edas renovables podr\u00eda ser mayor para una cartera de tecnolog\u00edas que para un \u00fanico recurso. Burkina Faso ha tenido experiencias previas con el biog\u00e1s y los biocombustibles, aunque para usos no energ\u00e9ticos, y a pesar de las grandes incertidumbres del recurso. Esto podr\u00eda ser una baza para abordar el problema de la cocina ineficiente y la deforestaci\u00f3n. El empleo en el sector energ\u00e9tico podr\u00eda ser un beneficio socioecon\u00f3mico clave de las energ\u00edas renovables en el pa\u00eds, dado que la econom\u00eda informal representa una p\u00e9rdida significativa de la renta nacional. Se calcula que el sector informal emplea al 74% de la mano de obra no agr\u00edcola y puede aportar hasta el 25% del PIB (Ouedraogo, 2021). Los proyectos de energ\u00edas renovables requerir\u00edan mano de obra cualificada y no cualificada y pueden crear oportunidades de empleo formal. Con pol\u00edticas adecuadas, las energ\u00edas renovables podr\u00edan proporcionar v\u00edas para la innovaci\u00f3n tecnol\u00f3gica y la apertura de nuevos sectores para la creaci\u00f3n de valor econ\u00f3mico. Lo mismo puede ocurrir con la eficiencia energ\u00e9tica, en la que los peque\u00f1os empresarios y empresas pueden participar en la adopci\u00f3n de aparatos y equipos eficientes desde el punto de vista energ\u00e9tico para la autogeneraci\u00f3n de energ\u00eda. Se espera que las energ\u00edas renovables reduzcan las emisiones, puesto que las emisiones de gases de efecto invernadero del sector energ\u00e9tico del pa\u00eds se han multiplicado por cuatro entre 1995 y 2015. Se espera que las emisiones casi se tripliquen entre 2015 y 2030<\/p><p>El informe ofrece una visi\u00f3n exhaustiva del estado actual y las perspectivas futuras del pa\u00eds en la transici\u00f3n hacia fuentes de energ\u00eda renovable. Comienza contextualizando la situaci\u00f3n energ\u00e9tica de Burkina Faso, destacando su dependencia hist\u00f3rica de fuentes de energ\u00eda no renovables y los desaf\u00edos asociados, como la limitada accesibilidad y la sostenibilidad de suministro energ\u00e9tico. Adem\u00e1s, resalta la creciente conciencia sobre la importancia de la diversificaci\u00f3n energ\u00e9tica y la reducci\u00f3n de emisiones de gases de efecto invernadero. El informe procede a analizar el potencial de energ\u00edas renovables en Burkina Faso, centr\u00e1ndose en recursos como la energ\u00eda solar, e\u00f3lica, hidroel\u00e9ctrica y biomasa. Detalla las oportunidades y desaf\u00edos espec\u00edficos de cada uno, considerando factores como la disponibilidad geogr\u00e1fica, la viabilidad t\u00e9cnica y econ\u00f3mica, as\u00ed como los posibles impactos socioambientales. Adem\u00e1s, el informe aborda el marco regulatorio y las pol\u00edticas gubernamentales relacionadas con las energ\u00edas renovables en Burkina Faso. Examina la existencia de incentivos, programas de financiamiento y regulaciones destinadas a fomentar la adopci\u00f3n de energ\u00edas limpias y sostenibles. Destaca la importancia de establecer pol\u00edticas claras y estables para atraer inversiones y promover el desarrollo de infraestructuras de energ\u00eda renovable. Asimismo, se eval\u00faa el nivel de capacidad institucional y t\u00e9cnica del pa\u00eds para integrar eficazmente las energ\u00edas renovables en su matriz energ\u00e9tica. Se identifican \u00e1reas de fortaleza y debilidad, haciendo hincapi\u00e9 en la necesidad de inversi\u00f3n en capacitaci\u00f3n, desarrollo de habilidades y transferencia de tecnolog\u00eda para impulsar la transici\u00f3n hacia fuentes de energ\u00eda m\u00e1s limpias y sostenibles. El informe concluye con una serie de recomendaciones estrat\u00e9gicas dirigidas a autoridades gubernamentales, actores del sector energ\u00e9tico y donantes internacionales. Estas recomendaciones est\u00e1n dise\u00f1adas para fortalecer la capacidad de Burkina Faso para aprovechar su potencial en energ\u00edas renovables, promover la adopci\u00f3n de pol\u00edticas favorables, aumentar la inversi\u00f3n y mejorar la infraestructura, en un esfuerzo por avanzar hacia un sistema energ\u00e9tico m\u00e1s sostenible y resiliente.<\/p><p style=\"margin: 0in; font-family: Calibri; font-size: 11.0pt;\"><span style=\"font-family: 'Segoe UI', 'Segoe UI Web', Arial, Verdana, sans-serif; font-size: 12px;\">Para leer m\u00e1s ingrese a:<\/span><\/p><p style=\"margin: 0in; font-family: Calibri; font-size: 11.0pt;\"><a href=\"https:\/\/www.irena.org\/Publications\/2023\/Dec\/Renewables-readiness-assessment-Burkina-Faso\">https:\/\/www.irena.org\/Publications\/2023\/Dec\/Renewables-readiness-assessment-Burkina-Faso<\/a><\/p><p style=\"margin: 0in; font-family: Calibri; font-size: 11.0pt;\"><a href=\"https:\/\/mc-cd8320d4-36a1-40ac-83cc-3389-cdn-endpoint.azureedge.net\/-\/media\/Files\/IRENA\/Agency\/Publication\/2023\/Dec\/IRENA_RRA_Burkina_Faso_2023.pdf?rev=f0455590df514a86b24bcf8360a55201\">https:\/\/mc-cd8320d4-36a1-40ac-83cc-3389-cdn-endpoint.azureedge.net\/-\/media\/Files\/IRENA\/Agency\/Publication\/2023\/Dec\/IRENA_RRA_Burkina_Faso_2023.pdf?rev=f0455590df514a86b24bcf8360a55201 <\/a><\/p><\/div>\t\t\t\t\t\t<\/div>\n\t\t\t\t<\/div>\n\t\t\t\t\t<\/div>\n\t\t<\/div>\n\t\t\t\t\t\t\t<\/div>\n\t\t<\/section>\n\t\t\t\t\t\t\t<\/div>\n\t\t<div style=\"text-align:center\" class=\"yasr-auto-insert-visitor\"><\/div>","protected":false},"excerpt":{"rendered":"<p>El siguiente informe ofrece una visi\u00f3n exhaustiva del estado actual y las perspectivas futuras del pa\u00eds en la transici\u00f3n hacia fuentes de energ\u00eda renovable. Comienza contextualizando la situaci\u00f3n energ\u00e9tica de Burkina Faso, destacando su dependencia hist\u00f3rica de fuentes de energ\u00eda no renovables y los desaf\u00edos asociados, como la limitada accesibilidad y la sostenibilidad de suministro energ\u00e9tico. Adem\u00e1s, resalta la creciente conciencia sobre la importancia de la diversificaci\u00f3n energ\u00e9tica y la reducci\u00f3n de emisiones de gases de efecto invernadero. El informe procede a analizar el potencial de energ\u00edas renovables en Burkina Faso, centr\u00e1ndose en recursos como la energ\u00eda solar, e\u00f3lica, hidroel\u00e9ctrica y biomasa. Detalla las oportunidades y desaf\u00edos espec\u00edficos de cada uno, considerando factores como la disponibilidad geogr\u00e1fica, la viabilidad t\u00e9cnica y econ\u00f3mica, as\u00ed como los posibles impactos socioambientales.<\/p>","protected":false},"author":23,"featured_media":39071,"comment_status":"open","ping_status":"open","sticky":false,"template":"","format":"standard","meta":{"yasr_overall_rating":0,"yasr_post_is_review":"","yasr_auto_insert_disabled":"","yasr_review_type":"","footnotes":""},"categories":[54,53],"tags":[],"class_list":["post-39070","post","type-post","status-publish","format-standard","has-post-thumbnail","hentry","category-energia-que-transforma","category-tendencias"],"yasr_visitor_votes":{"number_of_votes":0,"sum_votes":0,"stars_attributes":{"read_only":false,"span_bottom":false}},"yoast_head":"<!-- This site is optimized with the Yoast SEO plugin v27.3 - https:\/\/yoast.com\/product\/yoast-seo-wordpress\/ -->\n<title>Renewables readiness assessment: Burkina Faso - Colombia Inteligente<\/title>\n<meta name=\"robots\" content=\"index, follow, max-snippet:-1, max-image-preview:large, max-video-preview:-1\" \/>\n<link rel=\"canonical\" href=\"https:\/\/colombiainteligente.org\/es_co\/tendencias\/renewables-readiness-assessment-burkina-faso\/\" \/>\n<meta property=\"og:locale\" content=\"es_ES\" \/>\n<meta property=\"og:type\" content=\"article\" \/>\n<meta property=\"og:title\" content=\"Renewables readiness assessment: Burkina Faso - Colombia Inteligente\" \/>\n<meta property=\"og:description\" content=\"El siguiente informe ofrece una visi\u00f3n exhaustiva del estado actual y las perspectivas futuras del pa\u00eds en la transici\u00f3n hacia fuentes de energ\u00eda renovable. Comienza contextualizando la situaci\u00f3n energ\u00e9tica de Burkina Faso, destacando su dependencia hist\u00f3rica de fuentes de energ\u00eda no renovables y los desaf\u00edos asociados, como la limitada accesibilidad y la sostenibilidad de suministro energ\u00e9tico. Adem\u00e1s, resalta la creciente conciencia sobre la importancia de la diversificaci\u00f3n energ\u00e9tica y la reducci\u00f3n de emisiones de gases de efecto invernadero. El informe procede a analizar el potencial de energ\u00edas renovables en Burkina Faso, centr\u00e1ndose en recursos como la energ\u00eda solar, e\u00f3lica, hidroel\u00e9ctrica y biomasa. Detalla las oportunidades y desaf\u00edos espec\u00edficos de cada uno, considerando factores como la disponibilidad geogr\u00e1fica, la viabilidad t\u00e9cnica y econ\u00f3mica, as\u00ed como los posibles impactos socioambientales.\" \/>\n<meta property=\"og:url\" content=\"https:\/\/colombiainteligente.org\/es_co\/tendencias\/renewables-readiness-assessment-burkina-faso\/\" \/>\n<meta property=\"og:site_name\" content=\"Colombia Inteligente\" \/>\n<meta property=\"article:published_time\" content=\"2023-12-26T16:54:05+00:00\" \/>\n<meta property=\"article:modified_time\" content=\"2023-12-26T16:54:56+00:00\" \/>\n<meta property=\"og:image\" content=\"https:\/\/colombiainteligente.org\/wp-content\/uploads\/2023\/12\/Renewables-readiness-assessment-Burkina-Faso.jpg\" \/>\n\t<meta property=\"og:image:width\" content=\"379\" \/>\n\t<meta property=\"og:image:height\" content=\"540\" \/>\n\t<meta property=\"og:image:type\" content=\"image\/jpeg\" \/>\n<meta name=\"author\" content=\"DIFUSI\u00d3N COLOMBIA INTELIGENTE\" \/>\n<meta name=\"twitter:card\" content=\"summary_large_image\" \/>\n<meta name=\"twitter:creator\" content=\"@colombiaintelig\" \/>\n<meta name=\"twitter:site\" content=\"@colombiaintelig\" \/>\n<meta name=\"twitter:label1\" content=\"Escrito por\" \/>\n\t<meta name=\"twitter:data1\" content=\"DIFUSI\u00d3N COLOMBIA INTELIGENTE\" \/>\n\t<meta name=\"twitter:label2\" content=\"Tiempo estimado de lectura\" \/>\n\t<meta name=\"twitter:data2\" content=\"6 minutos\" \/>\n<script type=\"application\/ld+json\" class=\"yoast-schema-graph\">{\"@context\":\"https:\\\/\\\/schema.org\",\"@graph\":[{\"@type\":\"Article\",\"@id\":\"https:\\\/\\\/colombiainteligente.org\\\/tendencias\\\/renewables-readiness-assessment-burkina-faso\\\/#article\",\"isPartOf\":{\"@id\":\"https:\\\/\\\/colombiainteligente.org\\\/tendencias\\\/renewables-readiness-assessment-burkina-faso\\\/\"},\"author\":{\"name\":\"DIFUSI\u00d3N COLOMBIA INTELIGENTE\",\"@id\":\"https:\\\/\\\/colombiainteligente.org\\\/#\\\/schema\\\/person\\\/e207145d548b75a6d339ff1d4d3b0432\"},\"headline\":\"Renewables readiness assessment: Burkina Faso\",\"datePublished\":\"2023-12-26T16:54:05+00:00\",\"dateModified\":\"2023-12-26T16:54:56+00:00\",\"mainEntityOfPage\":{\"@id\":\"https:\\\/\\\/colombiainteligente.org\\\/tendencias\\\/renewables-readiness-assessment-burkina-faso\\\/\"},\"wordCount\":1421,\"commentCount\":0,\"publisher\":{\"@id\":\"https:\\\/\\\/colombiainteligente.org\\\/#organization\"},\"image\":{\"@id\":\"https:\\\/\\\/colombiainteligente.org\\\/tendencias\\\/renewables-readiness-assessment-burkina-faso\\\/#primaryimage\"},\"thumbnailUrl\":\"https:\\\/\\\/colombiainteligente.org\\\/wp-content\\\/uploads\\\/2023\\\/12\\\/Renewables-readiness-assessment-Burkina-Faso.jpg\",\"articleSection\":[\"Energ\u00eda que transforma\",\"Tendencias\"],\"inLanguage\":\"es-CO\",\"potentialAction\":[{\"@type\":\"CommentAction\",\"name\":\"Comment\",\"target\":[\"https:\\\/\\\/colombiainteligente.org\\\/tendencias\\\/renewables-readiness-assessment-burkina-faso\\\/#respond\"]}]},{\"@type\":\"WebPage\",\"@id\":\"https:\\\/\\\/colombiainteligente.org\\\/tendencias\\\/renewables-readiness-assessment-burkina-faso\\\/\",\"url\":\"https:\\\/\\\/colombiainteligente.org\\\/tendencias\\\/renewables-readiness-assessment-burkina-faso\\\/\",\"name\":\"Renewables readiness assessment: Burkina Faso - Colombia Inteligente\",\"isPartOf\":{\"@id\":\"https:\\\/\\\/colombiainteligente.org\\\/#website\"},\"primaryImageOfPage\":{\"@id\":\"https:\\\/\\\/colombiainteligente.org\\\/tendencias\\\/renewables-readiness-assessment-burkina-faso\\\/#primaryimage\"},\"image\":{\"@id\":\"https:\\\/\\\/colombiainteligente.org\\\/tendencias\\\/renewables-readiness-assessment-burkina-faso\\\/#primaryimage\"},\"thumbnailUrl\":\"https:\\\/\\\/colombiainteligente.org\\\/wp-content\\\/uploads\\\/2023\\\/12\\\/Renewables-readiness-assessment-Burkina-Faso.jpg\",\"datePublished\":\"2023-12-26T16:54:05+00:00\",\"dateModified\":\"2023-12-26T16:54:56+00:00\",\"breadcrumb\":{\"@id\":\"https:\\\/\\\/colombiainteligente.org\\\/tendencias\\\/renewables-readiness-assessment-burkina-faso\\\/#breadcrumb\"},\"inLanguage\":\"es-CO\",\"potentialAction\":[{\"@type\":\"ReadAction\",\"target\":[\"https:\\\/\\\/colombiainteligente.org\\\/tendencias\\\/renewables-readiness-assessment-burkina-faso\\\/\"]}]},{\"@type\":\"ImageObject\",\"inLanguage\":\"es-CO\",\"@id\":\"https:\\\/\\\/colombiainteligente.org\\\/tendencias\\\/renewables-readiness-assessment-burkina-faso\\\/#primaryimage\",\"url\":\"https:\\\/\\\/colombiainteligente.org\\\/wp-content\\\/uploads\\\/2023\\\/12\\\/Renewables-readiness-assessment-Burkina-Faso.jpg\",\"contentUrl\":\"https:\\\/\\\/colombiainteligente.org\\\/wp-content\\\/uploads\\\/2023\\\/12\\\/Renewables-readiness-assessment-Burkina-Faso.jpg\",\"width\":379,\"height\":540,\"caption\":\"Renewables-readiness-assessment-Burkina-Faso.jpg\"},{\"@type\":\"BreadcrumbList\",\"@id\":\"https:\\\/\\\/colombiainteligente.org\\\/tendencias\\\/renewables-readiness-assessment-burkina-faso\\\/#breadcrumb\",\"itemListElement\":[{\"@type\":\"ListItem\",\"position\":1,\"name\":\"Portada\",\"item\":\"https:\\\/\\\/colombiainteligente.org\\\/\"},{\"@type\":\"ListItem\",\"position\":2,\"name\":\"Renewables readiness assessment: Burkina Faso\"}]},{\"@type\":\"WebSite\",\"@id\":\"https:\\\/\\\/colombiainteligente.org\\\/#website\",\"url\":\"https:\\\/\\\/colombiainteligente.org\\\/\",\"name\":\"Colombia Inteligente\",\"description\":\"Alianza estrat\u00e9gica, conformada por empresas y entidades, para la inserci\u00f3n integral y eficiente de las redes inteligentes a la infraestructura del sector el\u00e9ctrico colombiano\",\"publisher\":{\"@id\":\"https:\\\/\\\/colombiainteligente.org\\\/#organization\"},\"potentialAction\":[{\"@type\":\"SearchAction\",\"target\":{\"@type\":\"EntryPoint\",\"urlTemplate\":\"https:\\\/\\\/colombiainteligente.org\\\/?s={search_term_string}\"},\"query-input\":{\"@type\":\"PropertyValueSpecification\",\"valueRequired\":true,\"valueName\":\"search_term_string\"}}],\"inLanguage\":\"es-CO\"},{\"@type\":\"Organization\",\"@id\":\"https:\\\/\\\/colombiainteligente.org\\\/#organization\",\"name\":\"Colombia Inteligente\",\"url\":\"https:\\\/\\\/colombiainteligente.org\\\/\",\"logo\":{\"@type\":\"ImageObject\",\"inLanguage\":\"es-CO\",\"@id\":\"https:\\\/\\\/colombiainteligente.org\\\/#\\\/schema\\\/logo\\\/image\\\/\",\"url\":\"https:\\\/\\\/colombiainteligente.org\\\/wp-content\\\/uploads\\\/2022\\\/07\\\/Image.png\",\"contentUrl\":\"https:\\\/\\\/colombiainteligente.org\\\/wp-content\\\/uploads\\\/2022\\\/07\\\/Image.png\",\"width\":588,\"height\":274,\"caption\":\"Colombia Inteligente\"},\"image\":{\"@id\":\"https:\\\/\\\/colombiainteligente.org\\\/#\\\/schema\\\/logo\\\/image\\\/\"},\"sameAs\":[\"https:\\\/\\\/x.com\\\/colombiaintelig\",\"https:\\\/\\\/www.linkedin.com\\\/company\\\/colombiainteligente\\\/\"]},{\"@type\":\"Person\",\"@id\":\"https:\\\/\\\/colombiainteligente.org\\\/#\\\/schema\\\/person\\\/e207145d548b75a6d339ff1d4d3b0432\",\"name\":\"DIFUSI\u00d3N COLOMBIA INTELIGENTE\",\"image\":{\"@type\":\"ImageObject\",\"inLanguage\":\"es-CO\",\"@id\":\"https:\\\/\\\/secure.gravatar.com\\\/avatar\\\/df2e679ff2abf288cf4bf58830dad897e596908105ec8969f50f748a6d837869?s=96&d=mm&r=g\",\"url\":\"https:\\\/\\\/secure.gravatar.com\\\/avatar\\\/df2e679ff2abf288cf4bf58830dad897e596908105ec8969f50f748a6d837869?s=96&d=mm&r=g\",\"contentUrl\":\"https:\\\/\\\/secure.gravatar.com\\\/avatar\\\/df2e679ff2abf288cf4bf58830dad897e596908105ec8969f50f748a6d837869?s=96&d=mm&r=g\",\"caption\":\"DIFUSI\u00d3N COLOMBIA INTELIGENTE\"},\"url\":\"https:\\\/\\\/colombiainteligente.org\\\/es_co\\\/author\\\/difusioncolombiainteligente-org\\\/\"}]}<\/script>\n<!-- \/ Yoast SEO plugin. -->","yoast_head_json":{"title":"Renewables readiness assessment: Burkina Faso - Colombia Inteligente","robots":{"index":"index","follow":"follow","max-snippet":"max-snippet:-1","max-image-preview":"max-image-preview:large","max-video-preview":"max-video-preview:-1"},"canonical":"https:\/\/colombiainteligente.org\/es_co\/tendencias\/renewables-readiness-assessment-burkina-faso\/","og_locale":"es_ES","og_type":"article","og_title":"Renewables readiness assessment: Burkina Faso - Colombia Inteligente","og_description":"El siguiente informe ofrece una visi\u00f3n exhaustiva del estado actual y las perspectivas futuras del pa\u00eds en la transici\u00f3n hacia fuentes de energ\u00eda renovable. Comienza contextualizando la situaci\u00f3n energ\u00e9tica de Burkina Faso, destacando su dependencia hist\u00f3rica de fuentes de energ\u00eda no renovables y los desaf\u00edos asociados, como la limitada accesibilidad y la sostenibilidad de suministro energ\u00e9tico. Adem\u00e1s, resalta la creciente conciencia sobre la importancia de la diversificaci\u00f3n energ\u00e9tica y la reducci\u00f3n de emisiones de gases de efecto invernadero. El informe procede a analizar el potencial de energ\u00edas renovables en Burkina Faso, centr\u00e1ndose en recursos como la energ\u00eda solar, e\u00f3lica, hidroel\u00e9ctrica y biomasa. Detalla las oportunidades y desaf\u00edos espec\u00edficos de cada uno, considerando factores como la disponibilidad geogr\u00e1fica, la viabilidad t\u00e9cnica y econ\u00f3mica, as\u00ed como los posibles impactos socioambientales.","og_url":"https:\/\/colombiainteligente.org\/es_co\/tendencias\/renewables-readiness-assessment-burkina-faso\/","og_site_name":"Colombia Inteligente","article_published_time":"2023-12-26T16:54:05+00:00","article_modified_time":"2023-12-26T16:54:56+00:00","og_image":[{"width":379,"height":540,"url":"https:\/\/colombiainteligente.org\/wp-content\/uploads\/2023\/12\/Renewables-readiness-assessment-Burkina-Faso.jpg","type":"image\/jpeg"}],"author":"DIFUSI\u00d3N COLOMBIA INTELIGENTE","twitter_card":"summary_large_image","twitter_creator":"@colombiaintelig","twitter_site":"@colombiaintelig","twitter_misc":{"Escrito por":"DIFUSI\u00d3N COLOMBIA INTELIGENTE","Tiempo estimado de lectura":"6 minutos"},"schema":{"@context":"https:\/\/schema.org","@graph":[{"@type":"Article","@id":"https:\/\/colombiainteligente.org\/tendencias\/renewables-readiness-assessment-burkina-faso\/#article","isPartOf":{"@id":"https:\/\/colombiainteligente.org\/tendencias\/renewables-readiness-assessment-burkina-faso\/"},"author":{"name":"DIFUSI\u00d3N COLOMBIA INTELIGENTE","@id":"https:\/\/colombiainteligente.org\/#\/schema\/person\/e207145d548b75a6d339ff1d4d3b0432"},"headline":"Renewables readiness assessment: Burkina Faso","datePublished":"2023-12-26T16:54:05+00:00","dateModified":"2023-12-26T16:54:56+00:00","mainEntityOfPage":{"@id":"https:\/\/colombiainteligente.org\/tendencias\/renewables-readiness-assessment-burkina-faso\/"},"wordCount":1421,"commentCount":0,"publisher":{"@id":"https:\/\/colombiainteligente.org\/#organization"},"image":{"@id":"https:\/\/colombiainteligente.org\/tendencias\/renewables-readiness-assessment-burkina-faso\/#primaryimage"},"thumbnailUrl":"https:\/\/colombiainteligente.org\/wp-content\/uploads\/2023\/12\/Renewables-readiness-assessment-Burkina-Faso.jpg","articleSection":["Energ\u00eda que transforma","Tendencias"],"inLanguage":"es-CO","potentialAction":[{"@type":"CommentAction","name":"Comment","target":["https:\/\/colombiainteligente.org\/tendencias\/renewables-readiness-assessment-burkina-faso\/#respond"]}]},{"@type":"WebPage","@id":"https:\/\/colombiainteligente.org\/tendencias\/renewables-readiness-assessment-burkina-faso\/","url":"https:\/\/colombiainteligente.org\/tendencias\/renewables-readiness-assessment-burkina-faso\/","name":"Renewables readiness assessment: Burkina Faso - Colombia Inteligente","isPartOf":{"@id":"https:\/\/colombiainteligente.org\/#website"},"primaryImageOfPage":{"@id":"https:\/\/colombiainteligente.org\/tendencias\/renewables-readiness-assessment-burkina-faso\/#primaryimage"},"image":{"@id":"https:\/\/colombiainteligente.org\/tendencias\/renewables-readiness-assessment-burkina-faso\/#primaryimage"},"thumbnailUrl":"https:\/\/colombiainteligente.org\/wp-content\/uploads\/2023\/12\/Renewables-readiness-assessment-Burkina-Faso.jpg","datePublished":"2023-12-26T16:54:05+00:00","dateModified":"2023-12-26T16:54:56+00:00","breadcrumb":{"@id":"https:\/\/colombiainteligente.org\/tendencias\/renewables-readiness-assessment-burkina-faso\/#breadcrumb"},"inLanguage":"es-CO","potentialAction":[{"@type":"ReadAction","target":["https:\/\/colombiainteligente.org\/tendencias\/renewables-readiness-assessment-burkina-faso\/"]}]},{"@type":"ImageObject","inLanguage":"es-CO","@id":"https:\/\/colombiainteligente.org\/tendencias\/renewables-readiness-assessment-burkina-faso\/#primaryimage","url":"https:\/\/colombiainteligente.org\/wp-content\/uploads\/2023\/12\/Renewables-readiness-assessment-Burkina-Faso.jpg","contentUrl":"https:\/\/colombiainteligente.org\/wp-content\/uploads\/2023\/12\/Renewables-readiness-assessment-Burkina-Faso.jpg","width":379,"height":540,"caption":"Renewables-readiness-assessment-Burkina-Faso.jpg"},{"@type":"BreadcrumbList","@id":"https:\/\/colombiainteligente.org\/tendencias\/renewables-readiness-assessment-burkina-faso\/#breadcrumb","itemListElement":[{"@type":"ListItem","position":1,"name":"Portada","item":"https:\/\/colombiainteligente.org\/"},{"@type":"ListItem","position":2,"name":"Renewables readiness assessment: Burkina Faso"}]},{"@type":"WebSite","@id":"https:\/\/colombiainteligente.org\/#website","url":"https:\/\/colombiainteligente.org\/","name":"Colombia Inteligente","description":"Alianza estrat\u00e9gica, conformada por empresas y entidades, para la inserci\u00f3n integral y eficiente de las redes inteligentes a la infraestructura del sector el\u00e9ctrico colombiano","publisher":{"@id":"https:\/\/colombiainteligente.org\/#organization"},"potentialAction":[{"@type":"SearchAction","target":{"@type":"EntryPoint","urlTemplate":"https:\/\/colombiainteligente.org\/?s={search_term_string}"},"query-input":{"@type":"PropertyValueSpecification","valueRequired":true,"valueName":"search_term_string"}}],"inLanguage":"es-CO"},{"@type":"Organization","@id":"https:\/\/colombiainteligente.org\/#organization","name":"Colombia Inteligente","url":"https:\/\/colombiainteligente.org\/","logo":{"@type":"ImageObject","inLanguage":"es-CO","@id":"https:\/\/colombiainteligente.org\/#\/schema\/logo\/image\/","url":"https:\/\/colombiainteligente.org\/wp-content\/uploads\/2022\/07\/Image.png","contentUrl":"https:\/\/colombiainteligente.org\/wp-content\/uploads\/2022\/07\/Image.png","width":588,"height":274,"caption":"Colombia Inteligente"},"image":{"@id":"https:\/\/colombiainteligente.org\/#\/schema\/logo\/image\/"},"sameAs":["https:\/\/x.com\/colombiaintelig","https:\/\/www.linkedin.com\/company\/colombiainteligente\/"]},{"@type":"Person","@id":"https:\/\/colombiainteligente.org\/#\/schema\/person\/e207145d548b75a6d339ff1d4d3b0432","name":"DIFUSI\u00d3N COLOMBIA INTELIGENTE","image":{"@type":"ImageObject","inLanguage":"es-CO","@id":"https:\/\/secure.gravatar.com\/avatar\/df2e679ff2abf288cf4bf58830dad897e596908105ec8969f50f748a6d837869?s=96&d=mm&r=g","url":"https:\/\/secure.gravatar.com\/avatar\/df2e679ff2abf288cf4bf58830dad897e596908105ec8969f50f748a6d837869?s=96&d=mm&r=g","contentUrl":"https:\/\/secure.gravatar.com\/avatar\/df2e679ff2abf288cf4bf58830dad897e596908105ec8969f50f748a6d837869?s=96&d=mm&r=g","caption":"DIFUSI\u00d3N COLOMBIA INTELIGENTE"},"url":"https:\/\/colombiainteligente.org\/es_co\/author\/difusioncolombiainteligente-org\/"}]}},"_links":{"self":[{"href":"https:\/\/colombiainteligente.org\/es_co\/wp-json\/wp\/v2\/posts\/39070","targetHints":{"allow":["GET"]}}],"collection":[{"href":"https:\/\/colombiainteligente.org\/es_co\/wp-json\/wp\/v2\/posts"}],"about":[{"href":"https:\/\/colombiainteligente.org\/es_co\/wp-json\/wp\/v2\/types\/post"}],"author":[{"embeddable":true,"href":"https:\/\/colombiainteligente.org\/es_co\/wp-json\/wp\/v2\/users\/23"}],"replies":[{"embeddable":true,"href":"https:\/\/colombiainteligente.org\/es_co\/wp-json\/wp\/v2\/comments?post=39070"}],"version-history":[{"count":4,"href":"https:\/\/colombiainteligente.org\/es_co\/wp-json\/wp\/v2\/posts\/39070\/revisions"}],"predecessor-version":[{"id":39075,"href":"https:\/\/colombiainteligente.org\/es_co\/wp-json\/wp\/v2\/posts\/39070\/revisions\/39075"}],"wp:featuredmedia":[{"embeddable":true,"href":"https:\/\/colombiainteligente.org\/es_co\/wp-json\/wp\/v2\/media\/39071"}],"wp:attachment":[{"href":"https:\/\/colombiainteligente.org\/es_co\/wp-json\/wp\/v2\/media?parent=39070"}],"wp:term":[{"taxonomy":"category","embeddable":true,"href":"https:\/\/colombiainteligente.org\/es_co\/wp-json\/wp\/v2\/categories?post=39070"},{"taxonomy":"post_tag","embeddable":true,"href":"https:\/\/colombiainteligente.org\/es_co\/wp-json\/wp\/v2\/tags?post=39070"}],"curies":[{"name":"wp","href":"https:\/\/api.w.org\/{rel}","templated":true}]}}