{"id":39193,"date":"2023-12-29T08:14:22","date_gmt":"2023-12-29T13:14:22","guid":{"rendered":"https:\/\/colombiainteligente.org\/?p=39193"},"modified":"2023-12-29T08:15:23","modified_gmt":"2023-12-29T13:15:23","slug":"para-evitar-cementerios-solares-el-reciclaje-de-paneles-crece-en-estados-unidos","status":"publish","type":"post","link":"https:\/\/colombiainteligente.org\/es_co\/noticias-sectoriales\/para-evitar-cementerios-solares-el-reciclaje-de-paneles-crece-en-estados-unidos\/","title":{"rendered":"Para evitar \u2018cementerios solares\u2019, el reciclaje de paneles crece en Estados Unidos"},"content":{"rendered":"<div data-elementor-type=\"wp-post\" data-elementor-id=\"39193\" class=\"elementor elementor-39193\" data-elementor-post-type=\"post\">\n\t\t\t\t\t\t\t\t\t<section class=\"elementor-section elementor-top-section elementor-element elementor-element-87c6aa2 elementor-section-boxed elementor-section-height-default elementor-section-height-default\" data-id=\"87c6aa2\" data-element_type=\"section\">\n\t\t\t\t\t\t<div class=\"elementor-container elementor-column-gap-default\">\n\t\t\t\t\t<div class=\"elementor-column elementor-col-100 elementor-top-column elementor-element elementor-element-558bb819\" data-id=\"558bb819\" data-element_type=\"column\">\n\t\t\t<div class=\"elementor-widget-wrap elementor-element-populated\">\n\t\t\t\t\t\t\t\t<div class=\"elementor-element elementor-element-3067325c elementor-widget elementor-widget-text-editor\" data-id=\"3067325c\" data-element_type=\"widget\" data-widget_type=\"text-editor.default\">\n\t\t\t\t<div class=\"elementor-widget-container\">\n\t\t\t<style>\/*! elementor - v3.14.0 - 26-06-2023 *\/\n.elementor-widget-text-editor.elementor-drop-cap-view-stacked .elementor-drop-cap{background-color:#69727d;color:#fff}.elementor-widget-text-editor.elementor-drop-cap-view-framed .elementor-drop-cap{color:#69727d;border:3px solid;background-color:transparent}.elementor-widget-text-editor:not(.elementor-drop-cap-view-default) .elementor-drop-cap{margin-top:8px}.elementor-widget-text-editor:not(.elementor-drop-cap-view-default) .elementor-drop-cap-letter{width:1em;height:1em}.elementor-widget-text-editor .elementor-drop-cap{float:left;text-align:center;line-height:1;font-size:50px}.elementor-widget-text-editor .elementor-drop-cap-letter{display:inline-block}<\/style>\t\t\t\t<p>Con una expectativa de uso de unos 30 a\u00f1os, la primera generaci\u00f3n de paneles est\u00e1 con miras al retiro, lo que comenz\u00f3 a levantar inc\u00f3gnitas sobre c\u00f3mo evitar masivos cementerios solares.<\/p><p>A medida que los pa\u00edses intentan dejar de lado los combustibles f\u00f3siles en la lucha contra el cambio clim\u00e1tico por fuentes de energ\u00eda renovables, surgen nuevos desaf\u00edos en materia de contaminaci\u00f3n, como desechar los paneles solares que llegan al fin de su vida \u00fatil.<\/p><p>Para leer m\u00e1s ingrese a:<\/p><p><a href=\"https:\/\/www.elcolombiano.com\/negocios\/para-evitar-cementerios-solares-el-reciclaje-de-paneles-crece-en-estados-unidos-NF23402096\">https:\/\/www.elcolombiano.com\/negocios\/para-evitar-cementerios-solares-el-reciclaje-de-paneles-crece-en-estados-unidos-NF23402096<\/a><\/p>\t\t\t\t\t\t<\/div>\n\t\t\t\t<\/div>\n\t\t\t\t\t<\/div>\n\t\t<\/div>\n\t\t\t\t\t\t\t<\/div>\n\t\t<\/section>\n\t\t\t\t\t\t\t<\/div>\n\t\t<div style=\"text-align:center\" class=\"yasr-auto-insert-visitor\"><\/div>","protected":false},"excerpt":{"rendered":"<p>Con una expectativa de uso de unos 30 a\u00f1os, la primera generaci\u00f3n de paneles est\u00e1 con miras al retiro, lo que comenz\u00f3 a levantar inc\u00f3gnitas sobre c\u00f3mo evitar masivos cementerios solares.<\/p>","protected":false},"author":23,"featured_media":39187,"comment_status":"open","ping_status":"open","sticky":false,"template":"","format":"standard","meta":{"yasr_overall_rating":0,"yasr_post_is_review":"","yasr_auto_insert_disabled":"","yasr_review_type":"","footnotes":""},"categories":[52],"tags":[],"class_list":["post-39193","post","type-post","status-publish","format-standard","has-post-thumbnail","hentry","category-noticias-sectoriales"],"yasr_visitor_votes":{"number_of_votes":0,"sum_votes":0,"stars_attributes":{"read_only":false,"span_bottom":false}},"yoast_head":"<!-- This site is optimized with the Yoast SEO plugin v27.3 - https:\/\/yoast.com\/product\/yoast-seo-wordpress\/ -->\n<title>Para evitar \u2018cementerios solares\u2019, el reciclaje de paneles crece en Estados Unidos - Colombia Inteligente<\/title>\n<meta name=\"robots\" content=\"index, follow, max-snippet:-1, max-image-preview:large, max-video-preview:-1\" \/>\n<link rel=\"canonical\" href=\"https:\/\/colombiainteligente.org\/es_co\/noticias-sectoriales\/para-evitar-cementerios-solares-el-reciclaje-de-paneles-crece-en-estados-unidos\/\" \/>\n<meta property=\"og:locale\" content=\"es_ES\" \/>\n<meta property=\"og:type\" content=\"article\" \/>\n<meta property=\"og:title\" content=\"Para evitar \u2018cementerios solares\u2019, el reciclaje de paneles crece en Estados Unidos - Colombia Inteligente\" \/>\n<meta property=\"og:description\" content=\"Con una expectativa de uso de unos 30 a\u00f1os, la primera generaci\u00f3n de paneles est\u00e1 con miras al retiro, lo que comenz\u00f3 a levantar inc\u00f3gnitas sobre c\u00f3mo evitar masivos cementerios solares.\" \/>\n<meta property=\"og:url\" content=\"https:\/\/colombiainteligente.org\/es_co\/noticias-sectoriales\/para-evitar-cementerios-solares-el-reciclaje-de-paneles-crece-en-estados-unidos\/\" \/>\n<meta property=\"og:site_name\" content=\"Colombia Inteligente\" \/>\n<meta property=\"article:published_time\" content=\"2023-12-29T13:14:22+00:00\" \/>\n<meta property=\"article:modified_time\" content=\"2023-12-29T13:15:23+00:00\" \/>\n<meta property=\"og:image\" content=\"https:\/\/colombiainteligente.org\/wp-content\/uploads\/2023\/12\/Para-evitar-cementerios-solares-el-reciclaje-de-paneles-crece-en-Estados-Unidos.jpg\" \/>\n\t<meta property=\"og:image:width\" content=\"678\" \/>\n\t<meta property=\"og:image:height\" content=\"423\" \/>\n\t<meta property=\"og:image:type\" content=\"image\/jpeg\" \/>\n<meta name=\"author\" content=\"DIFUSI\u00d3N COLOMBIA INTELIGENTE\" \/>\n<meta name=\"twitter:card\" content=\"summary_large_image\" \/>\n<meta name=\"twitter:creator\" content=\"@colombiaintelig\" \/>\n<meta name=\"twitter:site\" content=\"@colombiaintelig\" \/>\n<meta name=\"twitter:label1\" content=\"Escrito por\" \/>\n\t<meta name=\"twitter:data1\" content=\"DIFUSI\u00d3N COLOMBIA INTELIGENTE\" \/>\n\t<meta name=\"twitter:label2\" content=\"Tiempo estimado de lectura\" \/>\n\t<meta name=\"twitter:data2\" content=\"1 minuto\" \/>\n<script type=\"application\/ld+json\" class=\"yoast-schema-graph\">{\"@context\":\"https:\\\/\\\/schema.org\",\"@graph\":[{\"@type\":\"Article\",\"@id\":\"https:\\\/\\\/colombiainteligente.org\\\/noticias-sectoriales\\\/para-evitar-cementerios-solares-el-reciclaje-de-paneles-crece-en-estados-unidos\\\/#article\",\"isPartOf\":{\"@id\":\"https:\\\/\\\/colombiainteligente.org\\\/noticias-sectoriales\\\/para-evitar-cementerios-solares-el-reciclaje-de-paneles-crece-en-estados-unidos\\\/\"},\"author\":{\"name\":\"DIFUSI\u00d3N COLOMBIA INTELIGENTE\",\"@id\":\"https:\\\/\\\/colombiainteligente.org\\\/#\\\/schema\\\/person\\\/e207145d548b75a6d339ff1d4d3b0432\"},\"headline\":\"Para evitar \u2018cementerios solares\u2019, el reciclaje de paneles crece en Estados Unidos\",\"datePublished\":\"2023-12-29T13:14:22+00:00\",\"dateModified\":\"2023-12-29T13:15:23+00:00\",\"mainEntityOfPage\":{\"@id\":\"https:\\\/\\\/colombiainteligente.org\\\/noticias-sectoriales\\\/para-evitar-cementerios-solares-el-reciclaje-de-paneles-crece-en-estados-unidos\\\/\"},\"wordCount\":108,\"commentCount\":0,\"publisher\":{\"@id\":\"https:\\\/\\\/colombiainteligente.org\\\/#organization\"},\"image\":{\"@id\":\"https:\\\/\\\/colombiainteligente.org\\\/noticias-sectoriales\\\/para-evitar-cementerios-solares-el-reciclaje-de-paneles-crece-en-estados-unidos\\\/#primaryimage\"},\"thumbnailUrl\":\"https:\\\/\\\/colombiainteligente.org\\\/wp-content\\\/uploads\\\/2023\\\/12\\\/Para-evitar-cementerios-solares-el-reciclaje-de-paneles-crece-en-Estados-Unidos.jpg\",\"articleSection\":[\"Noticias Sectoriales\"],\"inLanguage\":\"es-CO\",\"potentialAction\":[{\"@type\":\"CommentAction\",\"name\":\"Comment\",\"target\":[\"https:\\\/\\\/colombiainteligente.org\\\/noticias-sectoriales\\\/para-evitar-cementerios-solares-el-reciclaje-de-paneles-crece-en-estados-unidos\\\/#respond\"]}]},{\"@type\":\"WebPage\",\"@id\":\"https:\\\/\\\/colombiainteligente.org\\\/noticias-sectoriales\\\/para-evitar-cementerios-solares-el-reciclaje-de-paneles-crece-en-estados-unidos\\\/\",\"url\":\"https:\\\/\\\/colombiainteligente.org\\\/noticias-sectoriales\\\/para-evitar-cementerios-solares-el-reciclaje-de-paneles-crece-en-estados-unidos\\\/\",\"name\":\"Para evitar \u2018cementerios solares\u2019, el reciclaje de paneles crece en Estados Unidos - Colombia Inteligente\",\"isPartOf\":{\"@id\":\"https:\\\/\\\/colombiainteligente.org\\\/#website\"},\"primaryImageOfPage\":{\"@id\":\"https:\\\/\\\/colombiainteligente.org\\\/noticias-sectoriales\\\/para-evitar-cementerios-solares-el-reciclaje-de-paneles-crece-en-estados-unidos\\\/#primaryimage\"},\"image\":{\"@id\":\"https:\\\/\\\/colombiainteligente.org\\\/noticias-sectoriales\\\/para-evitar-cementerios-solares-el-reciclaje-de-paneles-crece-en-estados-unidos\\\/#primaryimage\"},\"thumbnailUrl\":\"https:\\\/\\\/colombiainteligente.org\\\/wp-content\\\/uploads\\\/2023\\\/12\\\/Para-evitar-cementerios-solares-el-reciclaje-de-paneles-crece-en-Estados-Unidos.jpg\",\"datePublished\":\"2023-12-29T13:14:22+00:00\",\"dateModified\":\"2023-12-29T13:15:23+00:00\",\"breadcrumb\":{\"@id\":\"https:\\\/\\\/colombiainteligente.org\\\/noticias-sectoriales\\\/para-evitar-cementerios-solares-el-reciclaje-de-paneles-crece-en-estados-unidos\\\/#breadcrumb\"},\"inLanguage\":\"es-CO\",\"potentialAction\":[{\"@type\":\"ReadAction\",\"target\":[\"https:\\\/\\\/colombiainteligente.org\\\/noticias-sectoriales\\\/para-evitar-cementerios-solares-el-reciclaje-de-paneles-crece-en-estados-unidos\\\/\"]}]},{\"@type\":\"ImageObject\",\"inLanguage\":\"es-CO\",\"@id\":\"https:\\\/\\\/colombiainteligente.org\\\/noticias-sectoriales\\\/para-evitar-cementerios-solares-el-reciclaje-de-paneles-crece-en-estados-unidos\\\/#primaryimage\",\"url\":\"https:\\\/\\\/colombiainteligente.org\\\/wp-content\\\/uploads\\\/2023\\\/12\\\/Para-evitar-cementerios-solares-el-reciclaje-de-paneles-crece-en-Estados-Unidos.jpg\",\"contentUrl\":\"https:\\\/\\\/colombiainteligente.org\\\/wp-content\\\/uploads\\\/2023\\\/12\\\/Para-evitar-cementerios-solares-el-reciclaje-de-paneles-crece-en-Estados-Unidos.jpg\",\"width\":678,\"height\":423,\"caption\":\"Financial headwinds for renewables investors: What\u2019s the way forward?.jpg\"},{\"@type\":\"BreadcrumbList\",\"@id\":\"https:\\\/\\\/colombiainteligente.org\\\/noticias-sectoriales\\\/para-evitar-cementerios-solares-el-reciclaje-de-paneles-crece-en-estados-unidos\\\/#breadcrumb\",\"itemListElement\":[{\"@type\":\"ListItem\",\"position\":1,\"name\":\"Portada\",\"item\":\"https:\\\/\\\/colombiainteligente.org\\\/\"},{\"@type\":\"ListItem\",\"position\":2,\"name\":\"Para evitar \u2018cementerios solares\u2019, el reciclaje de paneles crece en Estados Unidos\"}]},{\"@type\":\"WebSite\",\"@id\":\"https:\\\/\\\/colombiainteligente.org\\\/#website\",\"url\":\"https:\\\/\\\/colombiainteligente.org\\\/\",\"name\":\"Colombia Inteligente\",\"description\":\"Alianza estrat\u00e9gica, conformada por empresas y entidades, para la inserci\u00f3n integral y eficiente de las redes inteligentes a la infraestructura del sector el\u00e9ctrico colombiano\",\"publisher\":{\"@id\":\"https:\\\/\\\/colombiainteligente.org\\\/#organization\"},\"potentialAction\":[{\"@type\":\"SearchAction\",\"target\":{\"@type\":\"EntryPoint\",\"urlTemplate\":\"https:\\\/\\\/colombiainteligente.org\\\/?s={search_term_string}\"},\"query-input\":{\"@type\":\"PropertyValueSpecification\",\"valueRequired\":true,\"valueName\":\"search_term_string\"}}],\"inLanguage\":\"es-CO\"},{\"@type\":\"Organization\",\"@id\":\"https:\\\/\\\/colombiainteligente.org\\\/#organization\",\"name\":\"Colombia Inteligente\",\"url\":\"https:\\\/\\\/colombiainteligente.org\\\/\",\"logo\":{\"@type\":\"ImageObject\",\"inLanguage\":\"es-CO\",\"@id\":\"https:\\\/\\\/colombiainteligente.org\\\/#\\\/schema\\\/logo\\\/image\\\/\",\"url\":\"https:\\\/\\\/colombiainteligente.org\\\/wp-content\\\/uploads\\\/2022\\\/07\\\/Image.png\",\"contentUrl\":\"https:\\\/\\\/colombiainteligente.org\\\/wp-content\\\/uploads\\\/2022\\\/07\\\/Image.png\",\"width\":588,\"height\":274,\"caption\":\"Colombia Inteligente\"},\"image\":{\"@id\":\"https:\\\/\\\/colombiainteligente.org\\\/#\\\/schema\\\/logo\\\/image\\\/\"},\"sameAs\":[\"https:\\\/\\\/x.com\\\/colombiaintelig\",\"https:\\\/\\\/www.linkedin.com\\\/company\\\/colombiainteligente\\\/\"]},{\"@type\":\"Person\",\"@id\":\"https:\\\/\\\/colombiainteligente.org\\\/#\\\/schema\\\/person\\\/e207145d548b75a6d339ff1d4d3b0432\",\"name\":\"DIFUSI\u00d3N COLOMBIA INTELIGENTE\",\"image\":{\"@type\":\"ImageObject\",\"inLanguage\":\"es-CO\",\"@id\":\"https:\\\/\\\/secure.gravatar.com\\\/avatar\\\/df2e679ff2abf288cf4bf58830dad897e596908105ec8969f50f748a6d837869?s=96&d=mm&r=g\",\"url\":\"https:\\\/\\\/secure.gravatar.com\\\/avatar\\\/df2e679ff2abf288cf4bf58830dad897e596908105ec8969f50f748a6d837869?s=96&d=mm&r=g\",\"contentUrl\":\"https:\\\/\\\/secure.gravatar.com\\\/avatar\\\/df2e679ff2abf288cf4bf58830dad897e596908105ec8969f50f748a6d837869?s=96&d=mm&r=g\",\"caption\":\"DIFUSI\u00d3N COLOMBIA INTELIGENTE\"},\"url\":\"https:\\\/\\\/colombiainteligente.org\\\/es_co\\\/author\\\/difusioncolombiainteligente-org\\\/\"}]}<\/script>\n<!-- \/ Yoast SEO plugin. -->","yoast_head_json":{"title":"Para evitar \u2018cementerios solares\u2019, el reciclaje de paneles crece en Estados Unidos - Colombia Inteligente","robots":{"index":"index","follow":"follow","max-snippet":"max-snippet:-1","max-image-preview":"max-image-preview:large","max-video-preview":"max-video-preview:-1"},"canonical":"https:\/\/colombiainteligente.org\/es_co\/noticias-sectoriales\/para-evitar-cementerios-solares-el-reciclaje-de-paneles-crece-en-estados-unidos\/","og_locale":"es_ES","og_type":"article","og_title":"Para evitar \u2018cementerios solares\u2019, el reciclaje de paneles crece en Estados Unidos - Colombia Inteligente","og_description":"Con una expectativa de uso de unos 30 a\u00f1os, la primera generaci\u00f3n de paneles est\u00e1 con miras al retiro, lo que comenz\u00f3 a levantar inc\u00f3gnitas sobre c\u00f3mo evitar masivos cementerios solares.","og_url":"https:\/\/colombiainteligente.org\/es_co\/noticias-sectoriales\/para-evitar-cementerios-solares-el-reciclaje-de-paneles-crece-en-estados-unidos\/","og_site_name":"Colombia Inteligente","article_published_time":"2023-12-29T13:14:22+00:00","article_modified_time":"2023-12-29T13:15:23+00:00","og_image":[{"width":678,"height":423,"url":"https:\/\/colombiainteligente.org\/wp-content\/uploads\/2023\/12\/Para-evitar-cementerios-solares-el-reciclaje-de-paneles-crece-en-Estados-Unidos.jpg","type":"image\/jpeg"}],"author":"DIFUSI\u00d3N COLOMBIA INTELIGENTE","twitter_card":"summary_large_image","twitter_creator":"@colombiaintelig","twitter_site":"@colombiaintelig","twitter_misc":{"Escrito por":"DIFUSI\u00d3N COLOMBIA INTELIGENTE","Tiempo estimado de lectura":"1 minuto"},"schema":{"@context":"https:\/\/schema.org","@graph":[{"@type":"Article","@id":"https:\/\/colombiainteligente.org\/noticias-sectoriales\/para-evitar-cementerios-solares-el-reciclaje-de-paneles-crece-en-estados-unidos\/#article","isPartOf":{"@id":"https:\/\/colombiainteligente.org\/noticias-sectoriales\/para-evitar-cementerios-solares-el-reciclaje-de-paneles-crece-en-estados-unidos\/"},"author":{"name":"DIFUSI\u00d3N COLOMBIA INTELIGENTE","@id":"https:\/\/colombiainteligente.org\/#\/schema\/person\/e207145d548b75a6d339ff1d4d3b0432"},"headline":"Para evitar \u2018cementerios solares\u2019, el reciclaje de paneles crece en Estados Unidos","datePublished":"2023-12-29T13:14:22+00:00","dateModified":"2023-12-29T13:15:23+00:00","mainEntityOfPage":{"@id":"https:\/\/colombiainteligente.org\/noticias-sectoriales\/para-evitar-cementerios-solares-el-reciclaje-de-paneles-crece-en-estados-unidos\/"},"wordCount":108,"commentCount":0,"publisher":{"@id":"https:\/\/colombiainteligente.org\/#organization"},"image":{"@id":"https:\/\/colombiainteligente.org\/noticias-sectoriales\/para-evitar-cementerios-solares-el-reciclaje-de-paneles-crece-en-estados-unidos\/#primaryimage"},"thumbnailUrl":"https:\/\/colombiainteligente.org\/wp-content\/uploads\/2023\/12\/Para-evitar-cementerios-solares-el-reciclaje-de-paneles-crece-en-Estados-Unidos.jpg","articleSection":["Noticias Sectoriales"],"inLanguage":"es-CO","potentialAction":[{"@type":"CommentAction","name":"Comment","target":["https:\/\/colombiainteligente.org\/noticias-sectoriales\/para-evitar-cementerios-solares-el-reciclaje-de-paneles-crece-en-estados-unidos\/#respond"]}]},{"@type":"WebPage","@id":"https:\/\/colombiainteligente.org\/noticias-sectoriales\/para-evitar-cementerios-solares-el-reciclaje-de-paneles-crece-en-estados-unidos\/","url":"https:\/\/colombiainteligente.org\/noticias-sectoriales\/para-evitar-cementerios-solares-el-reciclaje-de-paneles-crece-en-estados-unidos\/","name":"Para evitar \u2018cementerios solares\u2019, el reciclaje de paneles crece en Estados Unidos - Colombia Inteligente","isPartOf":{"@id":"https:\/\/colombiainteligente.org\/#website"},"primaryImageOfPage":{"@id":"https:\/\/colombiainteligente.org\/noticias-sectoriales\/para-evitar-cementerios-solares-el-reciclaje-de-paneles-crece-en-estados-unidos\/#primaryimage"},"image":{"@id":"https:\/\/colombiainteligente.org\/noticias-sectoriales\/para-evitar-cementerios-solares-el-reciclaje-de-paneles-crece-en-estados-unidos\/#primaryimage"},"thumbnailUrl":"https:\/\/colombiainteligente.org\/wp-content\/uploads\/2023\/12\/Para-evitar-cementerios-solares-el-reciclaje-de-paneles-crece-en-Estados-Unidos.jpg","datePublished":"2023-12-29T13:14:22+00:00","dateModified":"2023-12-29T13:15:23+00:00","breadcrumb":{"@id":"https:\/\/colombiainteligente.org\/noticias-sectoriales\/para-evitar-cementerios-solares-el-reciclaje-de-paneles-crece-en-estados-unidos\/#breadcrumb"},"inLanguage":"es-CO","potentialAction":[{"@type":"ReadAction","target":["https:\/\/colombiainteligente.org\/noticias-sectoriales\/para-evitar-cementerios-solares-el-reciclaje-de-paneles-crece-en-estados-unidos\/"]}]},{"@type":"ImageObject","inLanguage":"es-CO","@id":"https:\/\/colombiainteligente.org\/noticias-sectoriales\/para-evitar-cementerios-solares-el-reciclaje-de-paneles-crece-en-estados-unidos\/#primaryimage","url":"https:\/\/colombiainteligente.org\/wp-content\/uploads\/2023\/12\/Para-evitar-cementerios-solares-el-reciclaje-de-paneles-crece-en-Estados-Unidos.jpg","contentUrl":"https:\/\/colombiainteligente.org\/wp-content\/uploads\/2023\/12\/Para-evitar-cementerios-solares-el-reciclaje-de-paneles-crece-en-Estados-Unidos.jpg","width":678,"height":423,"caption":"Financial headwinds for renewables investors: What\u2019s the way forward?.jpg"},{"@type":"BreadcrumbList","@id":"https:\/\/colombiainteligente.org\/noticias-sectoriales\/para-evitar-cementerios-solares-el-reciclaje-de-paneles-crece-en-estados-unidos\/#breadcrumb","itemListElement":[{"@type":"ListItem","position":1,"name":"Portada","item":"https:\/\/colombiainteligente.org\/"},{"@type":"ListItem","position":2,"name":"Para evitar \u2018cementerios solares\u2019, el reciclaje de paneles crece en Estados Unidos"}]},{"@type":"WebSite","@id":"https:\/\/colombiainteligente.org\/#website","url":"https:\/\/colombiainteligente.org\/","name":"Colombia Inteligente","description":"Alianza estrat\u00e9gica, conformada por empresas y entidades, para la inserci\u00f3n integral y eficiente de las redes inteligentes a la infraestructura del sector el\u00e9ctrico colombiano","publisher":{"@id":"https:\/\/colombiainteligente.org\/#organization"},"potentialAction":[{"@type":"SearchAction","target":{"@type":"EntryPoint","urlTemplate":"https:\/\/colombiainteligente.org\/?s={search_term_string}"},"query-input":{"@type":"PropertyValueSpecification","valueRequired":true,"valueName":"search_term_string"}}],"inLanguage":"es-CO"},{"@type":"Organization","@id":"https:\/\/colombiainteligente.org\/#organization","name":"Colombia Inteligente","url":"https:\/\/colombiainteligente.org\/","logo":{"@type":"ImageObject","inLanguage":"es-CO","@id":"https:\/\/colombiainteligente.org\/#\/schema\/logo\/image\/","url":"https:\/\/colombiainteligente.org\/wp-content\/uploads\/2022\/07\/Image.png","contentUrl":"https:\/\/colombiainteligente.org\/wp-content\/uploads\/2022\/07\/Image.png","width":588,"height":274,"caption":"Colombia Inteligente"},"image":{"@id":"https:\/\/colombiainteligente.org\/#\/schema\/logo\/image\/"},"sameAs":["https:\/\/x.com\/colombiaintelig","https:\/\/www.linkedin.com\/company\/colombiainteligente\/"]},{"@type":"Person","@id":"https:\/\/colombiainteligente.org\/#\/schema\/person\/e207145d548b75a6d339ff1d4d3b0432","name":"DIFUSI\u00d3N COLOMBIA INTELIGENTE","image":{"@type":"ImageObject","inLanguage":"es-CO","@id":"https:\/\/secure.gravatar.com\/avatar\/df2e679ff2abf288cf4bf58830dad897e596908105ec8969f50f748a6d837869?s=96&d=mm&r=g","url":"https:\/\/secure.gravatar.com\/avatar\/df2e679ff2abf288cf4bf58830dad897e596908105ec8969f50f748a6d837869?s=96&d=mm&r=g","contentUrl":"https:\/\/secure.gravatar.com\/avatar\/df2e679ff2abf288cf4bf58830dad897e596908105ec8969f50f748a6d837869?s=96&d=mm&r=g","caption":"DIFUSI\u00d3N COLOMBIA INTELIGENTE"},"url":"https:\/\/colombiainteligente.org\/es_co\/author\/difusioncolombiainteligente-org\/"}]}},"_links":{"self":[{"href":"https:\/\/colombiainteligente.org\/es_co\/wp-json\/wp\/v2\/posts\/39193","targetHints":{"allow":["GET"]}}],"collection":[{"href":"https:\/\/colombiainteligente.org\/es_co\/wp-json\/wp\/v2\/posts"}],"about":[{"href":"https:\/\/colombiainteligente.org\/es_co\/wp-json\/wp\/v2\/types\/post"}],"author":[{"embeddable":true,"href":"https:\/\/colombiainteligente.org\/es_co\/wp-json\/wp\/v2\/users\/23"}],"replies":[{"embeddable":true,"href":"https:\/\/colombiainteligente.org\/es_co\/wp-json\/wp\/v2\/comments?post=39193"}],"version-history":[{"count":4,"href":"https:\/\/colombiainteligente.org\/es_co\/wp-json\/wp\/v2\/posts\/39193\/revisions"}],"predecessor-version":[{"id":39198,"href":"https:\/\/colombiainteligente.org\/es_co\/wp-json\/wp\/v2\/posts\/39193\/revisions\/39198"}],"wp:featuredmedia":[{"embeddable":true,"href":"https:\/\/colombiainteligente.org\/es_co\/wp-json\/wp\/v2\/media\/39187"}],"wp:attachment":[{"href":"https:\/\/colombiainteligente.org\/es_co\/wp-json\/wp\/v2\/media?parent=39193"}],"wp:term":[{"taxonomy":"category","embeddable":true,"href":"https:\/\/colombiainteligente.org\/es_co\/wp-json\/wp\/v2\/categories?post=39193"},{"taxonomy":"post_tag","embeddable":true,"href":"https:\/\/colombiainteligente.org\/es_co\/wp-json\/wp\/v2\/tags?post=39193"}],"curies":[{"name":"wp","href":"https:\/\/api.w.org\/{rel}","templated":true}]}}