{"id":4287,"date":"2021-03-09T19:20:00","date_gmt":"2021-03-10T00:20:00","guid":{"rendered":"https:\/\/colombiainteligente.org\/?p=4287"},"modified":"2022-12-19T19:23:11","modified_gmt":"2022-12-20T00:23:11","slug":"como-consumen-energia-los-hogares-evidencia-en-america-latina-y-el-caribe","status":"publish","type":"post","link":"https:\/\/colombiainteligente.org\/es_co\/tendencias\/como-consumen-energia-los-hogares-evidencia-en-america-latina-y-el-caribe\/","title":{"rendered":"\u00bfC\u00f3mo consumen energ\u00eda los hogares?: Evidencia en Am\u00e9rica Latina y el Caribe"},"content":{"rendered":"<div data-elementor-type=\"wp-post\" data-elementor-id=\"4287\" class=\"elementor elementor-4287\" data-elementor-post-type=\"post\">\n\t\t\t\t\t\t\t\t\t<section class=\"elementor-section elementor-top-section elementor-element elementor-element-79148795 elementor-section-boxed elementor-section-height-default elementor-section-height-default\" data-id=\"79148795\" data-element_type=\"section\">\n\t\t\t\t\t\t<div class=\"elementor-container elementor-column-gap-default\">\n\t\t\t\t\t<div class=\"elementor-column elementor-col-100 elementor-top-column elementor-element elementor-element-1ece4ebf\" data-id=\"1ece4ebf\" data-element_type=\"column\">\n\t\t\t<div class=\"elementor-widget-wrap elementor-element-populated\">\n\t\t\t\t\t\t\t\t<div class=\"elementor-element elementor-element-7a61c7e5 elementor-widget elementor-widget-text-editor\" data-id=\"7a61c7e5\" data-element_type=\"widget\" data-widget_type=\"text-editor.default\">\n\t\t\t\t<div class=\"elementor-widget-container\">\n\t\t\t<style>\/*! elementor - v3.14.0 - 26-06-2023 *\/\n.elementor-widget-text-editor.elementor-drop-cap-view-stacked .elementor-drop-cap{background-color:#69727d;color:#fff}.elementor-widget-text-editor.elementor-drop-cap-view-framed .elementor-drop-cap{color:#69727d;border:3px solid;background-color:transparent}.elementor-widget-text-editor:not(.elementor-drop-cap-view-default) .elementor-drop-cap{margin-top:8px}.elementor-widget-text-editor:not(.elementor-drop-cap-view-default) .elementor-drop-cap-letter{width:1em;height:1em}.elementor-widget-text-editor .elementor-drop-cap{float:left;text-align:center;line-height:1;font-size:50px}.elementor-widget-text-editor .elementor-drop-cap-letter{display:inline-block}<\/style>\t\t\t\t<p>\u00bfC\u00f3mo consumen y gastan los hogares en energ\u00eda? \u00bfQu\u00e9 impulsa sus patrones de gasto y consumo? \u00bfC\u00f3mo ha evolucionado el consumo de energ\u00eda? \u00bfQu\u00e9 se puede esperar a medida que la regi\u00f3n asciende en la escalera del desarrollo? \u00bfCu\u00e1les son las implicaciones distributivas de los diferentes enfoques de fijaci\u00f3n de precios de la energ\u00eda?<\/p><p>Este libro analiza estas preguntas y examina qu\u00e9 pol\u00edticas funcionan para reducir la pobreza energ\u00e9tica y aumentar el ahorro de energ\u00eda. Los autores desvelan la creciente demanda de los hogares de una mejor calidad de energ\u00eda y muestran que para lograr pol\u00edticas p\u00fablicas m\u00e1s rentables y progresistas, es necesario fortalecer la transparencia y sostenibilidad de la fijaci\u00f3n de precios de la energ\u00eda considerando el comportamiento de los consumidores. Este volumen es un recurso para dise\u00f1ar pol\u00edticas energ\u00e9ticas basadas en una comprensi\u00f3n emp\u00edrica de las necesidades energ\u00e9ticas del hogar.<\/p><p>Para mayor informaci\u00f3n ingrese a los siguientes enlaces:<\/p><p><a href=\"https:\/\/publications.iadb.org\/es\/como-consumen-energia-los-hogares-evidencia-en-america-latina-y-el-caribe\">https:\/\/publications.iadb.org\/es\/como-consumen-energia-los-hogares-evidencia-en-america-latina-y-el-caribe<\/a><\/p><p><a href=\"https:\/\/publications.iadb.org\/publications\/spanish\/document\/Como-consumen-energia-los-hogares-Evidencia-en-America-Latina-y-el-Caribe.pdf\">https:\/\/publications.iadb.org\/publications\/spanish\/document\/Como-consumen-energia-los-hogares-Evidencia-en-America-Latina-y-el-Caribe.pdf<\/a><\/p>\t\t\t\t\t\t<\/div>\n\t\t\t\t<\/div>\n\t\t\t\t\t<\/div>\n\t\t<\/div>\n\t\t\t\t\t\t\t<\/div>\n\t\t<\/section>\n\t\t\t\t\t\t\t<\/div>\n\t\t<div style=\"text-align:center\" class=\"yasr-auto-insert-visitor\"><\/div>","protected":false},"excerpt":{"rendered":"<p>\u00bfC\u00f3mo consumen y gastan los hogares en energ\u00eda? \u00bfQu\u00e9 impulsa sus patrones de gasto y consumo? \u00bfC\u00f3mo ha evolucionado el consumo de energ\u00eda? \u00bfQu\u00e9 se puede esperar a medida que la regi\u00f3n asciende en la escalera del desarrollo? \u00bfCu\u00e1les son las implicaciones distributivas de los diferentes enfoques de fijaci\u00f3n de precios de la energ\u00eda?<\/p>","protected":false},"author":27,"featured_media":4288,"comment_status":"open","ping_status":"open","sticky":false,"template":"","format":"standard","meta":{"yasr_overall_rating":0,"yasr_post_is_review":"","yasr_auto_insert_disabled":"","yasr_review_type":"","footnotes":""},"categories":[54,53],"tags":[],"class_list":["post-4287","post","type-post","status-publish","format-standard","has-post-thumbnail","hentry","category-energia-que-transforma","category-tendencias"],"yasr_visitor_votes":{"number_of_votes":0,"sum_votes":0,"stars_attributes":{"read_only":false,"span_bottom":false}},"yoast_head":"<!-- This site is optimized with the Yoast SEO plugin v27.3 - https:\/\/yoast.com\/product\/yoast-seo-wordpress\/ -->\n<title>\u00bfC\u00f3mo consumen energ\u00eda los hogares?: Evidencia en Am\u00e9rica Latina y el Caribe - Colombia Inteligente<\/title>\n<meta name=\"robots\" content=\"index, follow, max-snippet:-1, max-image-preview:large, max-video-preview:-1\" \/>\n<link rel=\"canonical\" href=\"https:\/\/colombiainteligente.org\/es_co\/tendencias\/como-consumen-energia-los-hogares-evidencia-en-america-latina-y-el-caribe\/\" \/>\n<meta property=\"og:locale\" content=\"es_ES\" \/>\n<meta property=\"og:type\" content=\"article\" \/>\n<meta property=\"og:title\" content=\"\u00bfC\u00f3mo consumen energ\u00eda los hogares?: Evidencia en Am\u00e9rica Latina y el Caribe - Colombia Inteligente\" \/>\n<meta property=\"og:description\" content=\"\u00bfC\u00f3mo consumen y gastan los hogares en energ\u00eda? \u00bfQu\u00e9 impulsa sus patrones de gasto y consumo? \u00bfC\u00f3mo ha evolucionado el consumo de energ\u00eda? \u00bfQu\u00e9 se puede esperar a medida que la regi\u00f3n asciende en la escalera del desarrollo? \u00bfCu\u00e1les son las implicaciones distributivas de los diferentes enfoques de fijaci\u00f3n de precios de la energ\u00eda?\" \/>\n<meta property=\"og:url\" content=\"https:\/\/colombiainteligente.org\/es_co\/tendencias\/como-consumen-energia-los-hogares-evidencia-en-america-latina-y-el-caribe\/\" \/>\n<meta property=\"og:site_name\" content=\"Colombia Inteligente\" \/>\n<meta property=\"article:published_time\" content=\"2021-03-10T00:20:00+00:00\" \/>\n<meta property=\"article:modified_time\" content=\"2022-12-20T00:23:11+00:00\" \/>\n<meta property=\"og:image\" content=\"https:\/\/colombiainteligente.org\/wp-content\/uploads\/2022\/12\/02-10-como_consumen.png\" \/>\n\t<meta property=\"og:image:width\" content=\"353\" \/>\n\t<meta property=\"og:image:height\" content=\"500\" \/>\n\t<meta property=\"og:image:type\" content=\"image\/png\" \/>\n<meta name=\"author\" content=\"Luisa Buitrago\" \/>\n<meta name=\"twitter:card\" content=\"summary_large_image\" \/>\n<meta name=\"twitter:creator\" content=\"@colombiaintelig\" \/>\n<meta name=\"twitter:site\" content=\"@colombiaintelig\" \/>\n<meta name=\"twitter:label1\" content=\"Escrito por\" \/>\n\t<meta name=\"twitter:data1\" content=\"Luisa Buitrago\" \/>\n\t<meta name=\"twitter:label2\" content=\"Tiempo estimado de lectura\" \/>\n\t<meta name=\"twitter:data2\" content=\"1 minuto\" \/>\n<script type=\"application\/ld+json\" class=\"yoast-schema-graph\">{\"@context\":\"https:\\\/\\\/schema.org\",\"@graph\":[{\"@type\":\"Article\",\"@id\":\"https:\\\/\\\/colombiainteligente.org\\\/tendencias\\\/como-consumen-energia-los-hogares-evidencia-en-america-latina-y-el-caribe\\\/#article\",\"isPartOf\":{\"@id\":\"https:\\\/\\\/colombiainteligente.org\\\/tendencias\\\/como-consumen-energia-los-hogares-evidencia-en-america-latina-y-el-caribe\\\/\"},\"author\":{\"name\":\"Luisa Buitrago\",\"@id\":\"https:\\\/\\\/colombiainteligente.org\\\/#\\\/schema\\\/person\\\/7a8c7be348df0b891a16dc2fe342977d\"},\"headline\":\"\u00bfC\u00f3mo consumen energ\u00eda los hogares?: Evidencia en Am\u00e9rica Latina y el Caribe\",\"datePublished\":\"2021-03-10T00:20:00+00:00\",\"dateModified\":\"2022-12-20T00:23:11+00:00\",\"mainEntityOfPage\":{\"@id\":\"https:\\\/\\\/colombiainteligente.org\\\/tendencias\\\/como-consumen-energia-los-hogares-evidencia-en-america-latina-y-el-caribe\\\/\"},\"wordCount\":204,\"commentCount\":0,\"publisher\":{\"@id\":\"https:\\\/\\\/colombiainteligente.org\\\/#organization\"},\"image\":{\"@id\":\"https:\\\/\\\/colombiainteligente.org\\\/tendencias\\\/como-consumen-energia-los-hogares-evidencia-en-america-latina-y-el-caribe\\\/#primaryimage\"},\"thumbnailUrl\":\"https:\\\/\\\/colombiainteligente.org\\\/wp-content\\\/uploads\\\/2022\\\/12\\\/02-10-como_consumen.png\",\"articleSection\":[\"Energ\u00eda que transforma\",\"Tendencias\"],\"inLanguage\":\"es-CO\",\"potentialAction\":[{\"@type\":\"CommentAction\",\"name\":\"Comment\",\"target\":[\"https:\\\/\\\/colombiainteligente.org\\\/tendencias\\\/como-consumen-energia-los-hogares-evidencia-en-america-latina-y-el-caribe\\\/#respond\"]}]},{\"@type\":\"WebPage\",\"@id\":\"https:\\\/\\\/colombiainteligente.org\\\/tendencias\\\/como-consumen-energia-los-hogares-evidencia-en-america-latina-y-el-caribe\\\/\",\"url\":\"https:\\\/\\\/colombiainteligente.org\\\/tendencias\\\/como-consumen-energia-los-hogares-evidencia-en-america-latina-y-el-caribe\\\/\",\"name\":\"\u00bfC\u00f3mo consumen energ\u00eda los hogares?: Evidencia en Am\u00e9rica Latina y el Caribe - Colombia Inteligente\",\"isPartOf\":{\"@id\":\"https:\\\/\\\/colombiainteligente.org\\\/#website\"},\"primaryImageOfPage\":{\"@id\":\"https:\\\/\\\/colombiainteligente.org\\\/tendencias\\\/como-consumen-energia-los-hogares-evidencia-en-america-latina-y-el-caribe\\\/#primaryimage\"},\"image\":{\"@id\":\"https:\\\/\\\/colombiainteligente.org\\\/tendencias\\\/como-consumen-energia-los-hogares-evidencia-en-america-latina-y-el-caribe\\\/#primaryimage\"},\"thumbnailUrl\":\"https:\\\/\\\/colombiainteligente.org\\\/wp-content\\\/uploads\\\/2022\\\/12\\\/02-10-como_consumen.png\",\"datePublished\":\"2021-03-10T00:20:00+00:00\",\"dateModified\":\"2022-12-20T00:23:11+00:00\",\"breadcrumb\":{\"@id\":\"https:\\\/\\\/colombiainteligente.org\\\/tendencias\\\/como-consumen-energia-los-hogares-evidencia-en-america-latina-y-el-caribe\\\/#breadcrumb\"},\"inLanguage\":\"es-CO\",\"potentialAction\":[{\"@type\":\"ReadAction\",\"target\":[\"https:\\\/\\\/colombiainteligente.org\\\/tendencias\\\/como-consumen-energia-los-hogares-evidencia-en-america-latina-y-el-caribe\\\/\"]}]},{\"@type\":\"ImageObject\",\"inLanguage\":\"es-CO\",\"@id\":\"https:\\\/\\\/colombiainteligente.org\\\/tendencias\\\/como-consumen-energia-los-hogares-evidencia-en-america-latina-y-el-caribe\\\/#primaryimage\",\"url\":\"https:\\\/\\\/colombiainteligente.org\\\/wp-content\\\/uploads\\\/2022\\\/12\\\/02-10-como_consumen.png\",\"contentUrl\":\"https:\\\/\\\/colombiainteligente.org\\\/wp-content\\\/uploads\\\/2022\\\/12\\\/02-10-como_consumen.png\",\"width\":353,\"height\":500,\"caption\":\"\u00bfC\u00f3mo consumen energ\u00eda los hogares?: Evidencia en Am\u00e9rica Latina y el Caribe\"},{\"@type\":\"BreadcrumbList\",\"@id\":\"https:\\\/\\\/colombiainteligente.org\\\/tendencias\\\/como-consumen-energia-los-hogares-evidencia-en-america-latina-y-el-caribe\\\/#breadcrumb\",\"itemListElement\":[{\"@type\":\"ListItem\",\"position\":1,\"name\":\"Portada\",\"item\":\"https:\\\/\\\/colombiainteligente.org\\\/\"},{\"@type\":\"ListItem\",\"position\":2,\"name\":\"\u00bfC\u00f3mo consumen energ\u00eda los hogares?: Evidencia en Am\u00e9rica Latina y el Caribe\"}]},{\"@type\":\"WebSite\",\"@id\":\"https:\\\/\\\/colombiainteligente.org\\\/#website\",\"url\":\"https:\\\/\\\/colombiainteligente.org\\\/\",\"name\":\"Colombia Inteligente\",\"description\":\"Alianza estrat\u00e9gica, conformada por empresas y entidades, para la inserci\u00f3n integral y eficiente de las redes inteligentes a la infraestructura del sector el\u00e9ctrico colombiano\",\"publisher\":{\"@id\":\"https:\\\/\\\/colombiainteligente.org\\\/#organization\"},\"potentialAction\":[{\"@type\":\"SearchAction\",\"target\":{\"@type\":\"EntryPoint\",\"urlTemplate\":\"https:\\\/\\\/colombiainteligente.org\\\/?s={search_term_string}\"},\"query-input\":{\"@type\":\"PropertyValueSpecification\",\"valueRequired\":true,\"valueName\":\"search_term_string\"}}],\"inLanguage\":\"es-CO\"},{\"@type\":\"Organization\",\"@id\":\"https:\\\/\\\/colombiainteligente.org\\\/#organization\",\"name\":\"Colombia Inteligente\",\"url\":\"https:\\\/\\\/colombiainteligente.org\\\/\",\"logo\":{\"@type\":\"ImageObject\",\"inLanguage\":\"es-CO\",\"@id\":\"https:\\\/\\\/colombiainteligente.org\\\/#\\\/schema\\\/logo\\\/image\\\/\",\"url\":\"https:\\\/\\\/colombiainteligente.org\\\/wp-content\\\/uploads\\\/2022\\\/07\\\/Image.png\",\"contentUrl\":\"https:\\\/\\\/colombiainteligente.org\\\/wp-content\\\/uploads\\\/2022\\\/07\\\/Image.png\",\"width\":588,\"height\":274,\"caption\":\"Colombia Inteligente\"},\"image\":{\"@id\":\"https:\\\/\\\/colombiainteligente.org\\\/#\\\/schema\\\/logo\\\/image\\\/\"},\"sameAs\":[\"https:\\\/\\\/x.com\\\/colombiaintelig\",\"https:\\\/\\\/www.linkedin.com\\\/company\\\/colombiainteligente\\\/\"]},{\"@type\":\"Person\",\"@id\":\"https:\\\/\\\/colombiainteligente.org\\\/#\\\/schema\\\/person\\\/7a8c7be348df0b891a16dc2fe342977d\",\"name\":\"Luisa Buitrago\",\"image\":{\"@type\":\"ImageObject\",\"inLanguage\":\"es-CO\",\"@id\":\"https:\\\/\\\/secure.gravatar.com\\\/avatar\\\/52ddc2638a82d555a120840263ecb4ee82a5e480ee730faa01e9b11ef7441d42?s=96&d=mm&r=g\",\"url\":\"https:\\\/\\\/secure.gravatar.com\\\/avatar\\\/52ddc2638a82d555a120840263ecb4ee82a5e480ee730faa01e9b11ef7441d42?s=96&d=mm&r=g\",\"contentUrl\":\"https:\\\/\\\/secure.gravatar.com\\\/avatar\\\/52ddc2638a82d555a120840263ecb4ee82a5e480ee730faa01e9b11ef7441d42?s=96&d=mm&r=g\",\"caption\":\"Luisa Buitrago\"},\"url\":\"https:\\\/\\\/colombiainteligente.org\\\/es_co\\\/author\\\/luisa-buitragocolombiainteligente-org\\\/\"}]}<\/script>\n<!-- \/ Yoast SEO plugin. -->","yoast_head_json":{"title":"\u00bfC\u00f3mo consumen energ\u00eda los hogares?: Evidencia en Am\u00e9rica Latina y el Caribe - Colombia Inteligente","robots":{"index":"index","follow":"follow","max-snippet":"max-snippet:-1","max-image-preview":"max-image-preview:large","max-video-preview":"max-video-preview:-1"},"canonical":"https:\/\/colombiainteligente.org\/es_co\/tendencias\/como-consumen-energia-los-hogares-evidencia-en-america-latina-y-el-caribe\/","og_locale":"es_ES","og_type":"article","og_title":"\u00bfC\u00f3mo consumen energ\u00eda los hogares?: Evidencia en Am\u00e9rica Latina y el Caribe - Colombia Inteligente","og_description":"\u00bfC\u00f3mo consumen y gastan los hogares en energ\u00eda? \u00bfQu\u00e9 impulsa sus patrones de gasto y consumo? \u00bfC\u00f3mo ha evolucionado el consumo de energ\u00eda? \u00bfQu\u00e9 se puede esperar a medida que la regi\u00f3n asciende en la escalera del desarrollo? \u00bfCu\u00e1les son las implicaciones distributivas de los diferentes enfoques de fijaci\u00f3n de precios de la energ\u00eda?","og_url":"https:\/\/colombiainteligente.org\/es_co\/tendencias\/como-consumen-energia-los-hogares-evidencia-en-america-latina-y-el-caribe\/","og_site_name":"Colombia Inteligente","article_published_time":"2021-03-10T00:20:00+00:00","article_modified_time":"2022-12-20T00:23:11+00:00","og_image":[{"width":353,"height":500,"url":"https:\/\/colombiainteligente.org\/wp-content\/uploads\/2022\/12\/02-10-como_consumen.png","type":"image\/png"}],"author":"Luisa Buitrago","twitter_card":"summary_large_image","twitter_creator":"@colombiaintelig","twitter_site":"@colombiaintelig","twitter_misc":{"Escrito por":"Luisa Buitrago","Tiempo estimado de lectura":"1 minuto"},"schema":{"@context":"https:\/\/schema.org","@graph":[{"@type":"Article","@id":"https:\/\/colombiainteligente.org\/tendencias\/como-consumen-energia-los-hogares-evidencia-en-america-latina-y-el-caribe\/#article","isPartOf":{"@id":"https:\/\/colombiainteligente.org\/tendencias\/como-consumen-energia-los-hogares-evidencia-en-america-latina-y-el-caribe\/"},"author":{"name":"Luisa Buitrago","@id":"https:\/\/colombiainteligente.org\/#\/schema\/person\/7a8c7be348df0b891a16dc2fe342977d"},"headline":"\u00bfC\u00f3mo consumen energ\u00eda los hogares?: Evidencia en Am\u00e9rica Latina y el Caribe","datePublished":"2021-03-10T00:20:00+00:00","dateModified":"2022-12-20T00:23:11+00:00","mainEntityOfPage":{"@id":"https:\/\/colombiainteligente.org\/tendencias\/como-consumen-energia-los-hogares-evidencia-en-america-latina-y-el-caribe\/"},"wordCount":204,"commentCount":0,"publisher":{"@id":"https:\/\/colombiainteligente.org\/#organization"},"image":{"@id":"https:\/\/colombiainteligente.org\/tendencias\/como-consumen-energia-los-hogares-evidencia-en-america-latina-y-el-caribe\/#primaryimage"},"thumbnailUrl":"https:\/\/colombiainteligente.org\/wp-content\/uploads\/2022\/12\/02-10-como_consumen.png","articleSection":["Energ\u00eda que transforma","Tendencias"],"inLanguage":"es-CO","potentialAction":[{"@type":"CommentAction","name":"Comment","target":["https:\/\/colombiainteligente.org\/tendencias\/como-consumen-energia-los-hogares-evidencia-en-america-latina-y-el-caribe\/#respond"]}]},{"@type":"WebPage","@id":"https:\/\/colombiainteligente.org\/tendencias\/como-consumen-energia-los-hogares-evidencia-en-america-latina-y-el-caribe\/","url":"https:\/\/colombiainteligente.org\/tendencias\/como-consumen-energia-los-hogares-evidencia-en-america-latina-y-el-caribe\/","name":"\u00bfC\u00f3mo consumen energ\u00eda los hogares?: Evidencia en Am\u00e9rica Latina y el Caribe - Colombia Inteligente","isPartOf":{"@id":"https:\/\/colombiainteligente.org\/#website"},"primaryImageOfPage":{"@id":"https:\/\/colombiainteligente.org\/tendencias\/como-consumen-energia-los-hogares-evidencia-en-america-latina-y-el-caribe\/#primaryimage"},"image":{"@id":"https:\/\/colombiainteligente.org\/tendencias\/como-consumen-energia-los-hogares-evidencia-en-america-latina-y-el-caribe\/#primaryimage"},"thumbnailUrl":"https:\/\/colombiainteligente.org\/wp-content\/uploads\/2022\/12\/02-10-como_consumen.png","datePublished":"2021-03-10T00:20:00+00:00","dateModified":"2022-12-20T00:23:11+00:00","breadcrumb":{"@id":"https:\/\/colombiainteligente.org\/tendencias\/como-consumen-energia-los-hogares-evidencia-en-america-latina-y-el-caribe\/#breadcrumb"},"inLanguage":"es-CO","potentialAction":[{"@type":"ReadAction","target":["https:\/\/colombiainteligente.org\/tendencias\/como-consumen-energia-los-hogares-evidencia-en-america-latina-y-el-caribe\/"]}]},{"@type":"ImageObject","inLanguage":"es-CO","@id":"https:\/\/colombiainteligente.org\/tendencias\/como-consumen-energia-los-hogares-evidencia-en-america-latina-y-el-caribe\/#primaryimage","url":"https:\/\/colombiainteligente.org\/wp-content\/uploads\/2022\/12\/02-10-como_consumen.png","contentUrl":"https:\/\/colombiainteligente.org\/wp-content\/uploads\/2022\/12\/02-10-como_consumen.png","width":353,"height":500,"caption":"\u00bfC\u00f3mo consumen energ\u00eda los hogares?: Evidencia en Am\u00e9rica Latina y el Caribe"},{"@type":"BreadcrumbList","@id":"https:\/\/colombiainteligente.org\/tendencias\/como-consumen-energia-los-hogares-evidencia-en-america-latina-y-el-caribe\/#breadcrumb","itemListElement":[{"@type":"ListItem","position":1,"name":"Portada","item":"https:\/\/colombiainteligente.org\/"},{"@type":"ListItem","position":2,"name":"\u00bfC\u00f3mo consumen energ\u00eda los hogares?: Evidencia en Am\u00e9rica Latina y el Caribe"}]},{"@type":"WebSite","@id":"https:\/\/colombiainteligente.org\/#website","url":"https:\/\/colombiainteligente.org\/","name":"Colombia Inteligente","description":"Alianza estrat\u00e9gica, conformada por empresas y entidades, para la inserci\u00f3n integral y eficiente de las redes inteligentes a la infraestructura del sector el\u00e9ctrico colombiano","publisher":{"@id":"https:\/\/colombiainteligente.org\/#organization"},"potentialAction":[{"@type":"SearchAction","target":{"@type":"EntryPoint","urlTemplate":"https:\/\/colombiainteligente.org\/?s={search_term_string}"},"query-input":{"@type":"PropertyValueSpecification","valueRequired":true,"valueName":"search_term_string"}}],"inLanguage":"es-CO"},{"@type":"Organization","@id":"https:\/\/colombiainteligente.org\/#organization","name":"Colombia Inteligente","url":"https:\/\/colombiainteligente.org\/","logo":{"@type":"ImageObject","inLanguage":"es-CO","@id":"https:\/\/colombiainteligente.org\/#\/schema\/logo\/image\/","url":"https:\/\/colombiainteligente.org\/wp-content\/uploads\/2022\/07\/Image.png","contentUrl":"https:\/\/colombiainteligente.org\/wp-content\/uploads\/2022\/07\/Image.png","width":588,"height":274,"caption":"Colombia Inteligente"},"image":{"@id":"https:\/\/colombiainteligente.org\/#\/schema\/logo\/image\/"},"sameAs":["https:\/\/x.com\/colombiaintelig","https:\/\/www.linkedin.com\/company\/colombiainteligente\/"]},{"@type":"Person","@id":"https:\/\/colombiainteligente.org\/#\/schema\/person\/7a8c7be348df0b891a16dc2fe342977d","name":"Luisa Buitrago","image":{"@type":"ImageObject","inLanguage":"es-CO","@id":"https:\/\/secure.gravatar.com\/avatar\/52ddc2638a82d555a120840263ecb4ee82a5e480ee730faa01e9b11ef7441d42?s=96&d=mm&r=g","url":"https:\/\/secure.gravatar.com\/avatar\/52ddc2638a82d555a120840263ecb4ee82a5e480ee730faa01e9b11ef7441d42?s=96&d=mm&r=g","contentUrl":"https:\/\/secure.gravatar.com\/avatar\/52ddc2638a82d555a120840263ecb4ee82a5e480ee730faa01e9b11ef7441d42?s=96&d=mm&r=g","caption":"Luisa Buitrago"},"url":"https:\/\/colombiainteligente.org\/es_co\/author\/luisa-buitragocolombiainteligente-org\/"}]}},"_links":{"self":[{"href":"https:\/\/colombiainteligente.org\/es_co\/wp-json\/wp\/v2\/posts\/4287","targetHints":{"allow":["GET"]}}],"collection":[{"href":"https:\/\/colombiainteligente.org\/es_co\/wp-json\/wp\/v2\/posts"}],"about":[{"href":"https:\/\/colombiainteligente.org\/es_co\/wp-json\/wp\/v2\/types\/post"}],"author":[{"embeddable":true,"href":"https:\/\/colombiainteligente.org\/es_co\/wp-json\/wp\/v2\/users\/27"}],"replies":[{"embeddable":true,"href":"https:\/\/colombiainteligente.org\/es_co\/wp-json\/wp\/v2\/comments?post=4287"}],"version-history":[{"count":5,"href":"https:\/\/colombiainteligente.org\/es_co\/wp-json\/wp\/v2\/posts\/4287\/revisions"}],"predecessor-version":[{"id":4293,"href":"https:\/\/colombiainteligente.org\/es_co\/wp-json\/wp\/v2\/posts\/4287\/revisions\/4293"}],"wp:featuredmedia":[{"embeddable":true,"href":"https:\/\/colombiainteligente.org\/es_co\/wp-json\/wp\/v2\/media\/4288"}],"wp:attachment":[{"href":"https:\/\/colombiainteligente.org\/es_co\/wp-json\/wp\/v2\/media?parent=4287"}],"wp:term":[{"taxonomy":"category","embeddable":true,"href":"https:\/\/colombiainteligente.org\/es_co\/wp-json\/wp\/v2\/categories?post=4287"},{"taxonomy":"post_tag","embeddable":true,"href":"https:\/\/colombiainteligente.org\/es_co\/wp-json\/wp\/v2\/tags?post=4287"}],"curies":[{"name":"wp","href":"https:\/\/api.w.org\/{rel}","templated":true}]}}