{"id":4315,"date":"2021-03-16T19:47:00","date_gmt":"2021-03-17T00:47:00","guid":{"rendered":"https:\/\/colombiainteligente.org\/?p=4315"},"modified":"2022-12-19T19:49:11","modified_gmt":"2022-12-20T00:49:11","slug":"study-on-ensuring-interoperability-for-enabling-demand-side-flexibility","status":"publish","type":"post","link":"https:\/\/colombiainteligente.org\/es_co\/tendencias\/study-on-ensuring-interoperability-for-enabling-demand-side-flexibility\/","title":{"rendered":"Study on ensuring interoperability for enabling Demand Side Flexibility"},"content":{"rendered":"<div data-elementor-type=\"wp-post\" data-elementor-id=\"4315\" class=\"elementor elementor-4315\" data-elementor-post-type=\"post\">\n\t\t\t\t\t\t\t\t\t<section class=\"elementor-section elementor-top-section elementor-element elementor-element-79148795 elementor-section-boxed elementor-section-height-default elementor-section-height-default\" data-id=\"79148795\" data-element_type=\"section\">\n\t\t\t\t\t\t<div class=\"elementor-container elementor-column-gap-default\">\n\t\t\t\t\t<div class=\"elementor-column elementor-col-100 elementor-top-column elementor-element elementor-element-1ece4ebf\" data-id=\"1ece4ebf\" data-element_type=\"column\">\n\t\t\t<div class=\"elementor-widget-wrap elementor-element-populated\">\n\t\t\t\t\t\t\t\t<div class=\"elementor-element elementor-element-7a61c7e5 elementor-widget elementor-widget-text-editor\" data-id=\"7a61c7e5\" data-element_type=\"widget\" data-widget_type=\"text-editor.default\">\n\t\t\t\t<div class=\"elementor-widget-container\">\n\t\t\t<style>\/*! elementor - v3.14.0 - 26-06-2023 *\/\n.elementor-widget-text-editor.elementor-drop-cap-view-stacked .elementor-drop-cap{background-color:#69727d;color:#fff}.elementor-widget-text-editor.elementor-drop-cap-view-framed .elementor-drop-cap{color:#69727d;border:3px solid;background-color:transparent}.elementor-widget-text-editor:not(.elementor-drop-cap-view-default) .elementor-drop-cap{margin-top:8px}.elementor-widget-text-editor:not(.elementor-drop-cap-view-default) .elementor-drop-cap-letter{width:1em;height:1em}.elementor-widget-text-editor .elementor-drop-cap{float:left;text-align:center;line-height:1;font-size:50px}.elementor-widget-text-editor .elementor-drop-cap-letter{display:inline-block}<\/style>\t\t\t\t<p>En este estudio se ha investigado la necesidad de alinear los est\u00e1ndares de comunicaci\u00f3n de las industrias de servicios p\u00fablicos, telecomunicaciones y electrodom\u00e9sticos. se han seleccionado nueve est\u00e1ndares que se han comparado con la ontolog\u00eda de referencia SAREF (ontolog\u00eda de referencia de Electrodom\u00e9sticos Inteligentes), desarrollada en un proyecto anterior encargado por DG-Connect, y su extensi\u00f3n para el dominio de Energ\u00eda.<\/p><p>We concluded that alignment between DSF standards is needed and that SAREF\/SAREF4ENER can be used as the overarching ontology to facilitate this alignment. Several actions and recommendations for various stakeholders, such as the Standards Development Organisations, have been identified and are listed in the report. Moreover, a proof of concept was demonstrated to show DSF interoperability through the complete, end-to-end IT infrastructure, from Smart Grid to Smart Meters and Smart Appliances. The next step to be taken is to scale up the proof of concept that we demonstrated, implementing the resulting SAREF-based solution in more use cases for Demand Side Flexibility, in more smart devices and at real consumer sites.<\/p><p>Para mayor informaci\u00f3n ingrese al siguiente enlace:<br \/><br \/><a href=\"https:\/\/op.europa.eu\/en\/publication-detail\/-\/publication\/a61d67de-9ecd-11e9-9d01-01aa75ed71a1\/language-en\/format-PDF\/source-194306180\">https:\/\/op.europa.eu\/en\/publication-detail\/-\/publication\/a61d67de-9ecd-11e9-9d01-01aa75ed71a1\/language-en\/format-PDF\/source-194306180<\/a><\/p>\t\t\t\t\t\t<\/div>\n\t\t\t\t<\/div>\n\t\t\t\t\t<\/div>\n\t\t<\/div>\n\t\t\t\t\t\t\t<\/div>\n\t\t<\/section>\n\t\t\t\t\t\t\t<\/div>\n\t\t<div style=\"text-align:center\" class=\"yasr-auto-insert-visitor\"><\/div>","protected":false},"excerpt":{"rendered":"<p>En este estudio se ha investigado la necesidad de alinear los est\u00e1ndares de comunicaci\u00f3n de las industrias de servicios p\u00fablicos, telecomunicaciones y electrodom\u00e9sticos. se han seleccionado nueve est\u00e1ndares que se han comparado con la ontolog\u00eda de referencia SAREF (ontolog\u00eda de referencia de Electrodom\u00e9sticos Inteligentes), desarrollada en un proyecto anterior encargado por DG-Connect, y su extensi\u00f3n para el dominio de Energ\u00eda.<\/p>","protected":false},"author":27,"featured_media":4316,"comment_status":"open","ping_status":"open","sticky":false,"template":"","format":"standard","meta":{"yasr_overall_rating":0,"yasr_post_is_review":"","yasr_auto_insert_disabled":"","yasr_review_type":"","footnotes":""},"categories":[54,53],"tags":[],"class_list":["post-4315","post","type-post","status-publish","format-standard","has-post-thumbnail","hentry","category-energia-que-transforma","category-tendencias"],"yasr_visitor_votes":{"number_of_votes":0,"sum_votes":0,"stars_attributes":{"read_only":false,"span_bottom":false}},"yoast_head":"<!-- This site is optimized with the Yoast SEO plugin v27.3 - https:\/\/yoast.com\/product\/yoast-seo-wordpress\/ -->\n<title>Study on ensuring interoperability for enabling Demand Side Flexibility - Colombia Inteligente<\/title>\n<meta name=\"robots\" content=\"index, follow, max-snippet:-1, max-image-preview:large, max-video-preview:-1\" \/>\n<link rel=\"canonical\" href=\"https:\/\/colombiainteligente.org\/es_co\/tendencias\/study-on-ensuring-interoperability-for-enabling-demand-side-flexibility\/\" \/>\n<meta property=\"og:locale\" content=\"es_ES\" \/>\n<meta property=\"og:type\" content=\"article\" \/>\n<meta property=\"og:title\" content=\"Study on ensuring interoperability for enabling Demand Side Flexibility - Colombia Inteligente\" \/>\n<meta property=\"og:description\" content=\"En este estudio se ha investigado la necesidad de alinear los est\u00e1ndares de comunicaci\u00f3n de las industrias de servicios p\u00fablicos, telecomunicaciones y electrodom\u00e9sticos. se han seleccionado nueve est\u00e1ndares que se han comparado con la ontolog\u00eda de referencia SAREF (ontolog\u00eda de referencia de Electrodom\u00e9sticos Inteligentes), desarrollada en un proyecto anterior encargado por DG-Connect, y su extensi\u00f3n para el dominio de Energ\u00eda.\" \/>\n<meta property=\"og:url\" content=\"https:\/\/colombiainteligente.org\/es_co\/tendencias\/study-on-ensuring-interoperability-for-enabling-demand-side-flexibility\/\" \/>\n<meta property=\"og:site_name\" content=\"Colombia Inteligente\" \/>\n<meta property=\"article:published_time\" content=\"2021-03-17T00:47:00+00:00\" \/>\n<meta property=\"article:modified_time\" content=\"2022-12-20T00:49:11+00:00\" \/>\n<meta property=\"og:image\" content=\"https:\/\/colombiainteligente.org\/wp-content\/uploads\/2022\/12\/03-12study_on_ensuring.png\" \/>\n\t<meta property=\"og:image:width\" content=\"265\" \/>\n\t<meta property=\"og:image:height\" content=\"400\" \/>\n\t<meta property=\"og:image:type\" content=\"image\/png\" \/>\n<meta name=\"author\" content=\"Luisa Buitrago\" \/>\n<meta name=\"twitter:card\" content=\"summary_large_image\" \/>\n<meta name=\"twitter:creator\" content=\"@colombiaintelig\" \/>\n<meta name=\"twitter:site\" content=\"@colombiaintelig\" \/>\n<meta name=\"twitter:label1\" content=\"Escrito por\" \/>\n\t<meta name=\"twitter:data1\" content=\"Luisa Buitrago\" \/>\n\t<meta name=\"twitter:label2\" content=\"Tiempo estimado de lectura\" \/>\n\t<meta name=\"twitter:data2\" content=\"1 minuto\" \/>\n<script type=\"application\/ld+json\" class=\"yoast-schema-graph\">{\"@context\":\"https:\\\/\\\/schema.org\",\"@graph\":[{\"@type\":\"Article\",\"@id\":\"https:\\\/\\\/colombiainteligente.org\\\/tendencias\\\/study-on-ensuring-interoperability-for-enabling-demand-side-flexibility\\\/#article\",\"isPartOf\":{\"@id\":\"https:\\\/\\\/colombiainteligente.org\\\/tendencias\\\/study-on-ensuring-interoperability-for-enabling-demand-side-flexibility\\\/\"},\"author\":{\"name\":\"Luisa Buitrago\",\"@id\":\"https:\\\/\\\/colombiainteligente.org\\\/#\\\/schema\\\/person\\\/7a8c7be348df0b891a16dc2fe342977d\"},\"headline\":\"Study on ensuring interoperability for enabling Demand Side Flexibility\",\"datePublished\":\"2021-03-17T00:47:00+00:00\",\"dateModified\":\"2022-12-20T00:49:11+00:00\",\"mainEntityOfPage\":{\"@id\":\"https:\\\/\\\/colombiainteligente.org\\\/tendencias\\\/study-on-ensuring-interoperability-for-enabling-demand-side-flexibility\\\/\"},\"wordCount\":221,\"commentCount\":0,\"publisher\":{\"@id\":\"https:\\\/\\\/colombiainteligente.org\\\/#organization\"},\"image\":{\"@id\":\"https:\\\/\\\/colombiainteligente.org\\\/tendencias\\\/study-on-ensuring-interoperability-for-enabling-demand-side-flexibility\\\/#primaryimage\"},\"thumbnailUrl\":\"https:\\\/\\\/colombiainteligente.org\\\/wp-content\\\/uploads\\\/2022\\\/12\\\/03-12study_on_ensuring.png\",\"articleSection\":[\"Energ\u00eda que transforma\",\"Tendencias\"],\"inLanguage\":\"es-CO\",\"potentialAction\":[{\"@type\":\"CommentAction\",\"name\":\"Comment\",\"target\":[\"https:\\\/\\\/colombiainteligente.org\\\/tendencias\\\/study-on-ensuring-interoperability-for-enabling-demand-side-flexibility\\\/#respond\"]}]},{\"@type\":\"WebPage\",\"@id\":\"https:\\\/\\\/colombiainteligente.org\\\/tendencias\\\/study-on-ensuring-interoperability-for-enabling-demand-side-flexibility\\\/\",\"url\":\"https:\\\/\\\/colombiainteligente.org\\\/tendencias\\\/study-on-ensuring-interoperability-for-enabling-demand-side-flexibility\\\/\",\"name\":\"Study on ensuring interoperability for enabling Demand Side Flexibility - Colombia Inteligente\",\"isPartOf\":{\"@id\":\"https:\\\/\\\/colombiainteligente.org\\\/#website\"},\"primaryImageOfPage\":{\"@id\":\"https:\\\/\\\/colombiainteligente.org\\\/tendencias\\\/study-on-ensuring-interoperability-for-enabling-demand-side-flexibility\\\/#primaryimage\"},\"image\":{\"@id\":\"https:\\\/\\\/colombiainteligente.org\\\/tendencias\\\/study-on-ensuring-interoperability-for-enabling-demand-side-flexibility\\\/#primaryimage\"},\"thumbnailUrl\":\"https:\\\/\\\/colombiainteligente.org\\\/wp-content\\\/uploads\\\/2022\\\/12\\\/03-12study_on_ensuring.png\",\"datePublished\":\"2021-03-17T00:47:00+00:00\",\"dateModified\":\"2022-12-20T00:49:11+00:00\",\"breadcrumb\":{\"@id\":\"https:\\\/\\\/colombiainteligente.org\\\/tendencias\\\/study-on-ensuring-interoperability-for-enabling-demand-side-flexibility\\\/#breadcrumb\"},\"inLanguage\":\"es-CO\",\"potentialAction\":[{\"@type\":\"ReadAction\",\"target\":[\"https:\\\/\\\/colombiainteligente.org\\\/tendencias\\\/study-on-ensuring-interoperability-for-enabling-demand-side-flexibility\\\/\"]}]},{\"@type\":\"ImageObject\",\"inLanguage\":\"es-CO\",\"@id\":\"https:\\\/\\\/colombiainteligente.org\\\/tendencias\\\/study-on-ensuring-interoperability-for-enabling-demand-side-flexibility\\\/#primaryimage\",\"url\":\"https:\\\/\\\/colombiainteligente.org\\\/wp-content\\\/uploads\\\/2022\\\/12\\\/03-12study_on_ensuring.png\",\"contentUrl\":\"https:\\\/\\\/colombiainteligente.org\\\/wp-content\\\/uploads\\\/2022\\\/12\\\/03-12study_on_ensuring.png\",\"width\":265,\"height\":400,\"caption\":\"Study on ensuring interoperability for enabling Demand Side Flexibility\"},{\"@type\":\"BreadcrumbList\",\"@id\":\"https:\\\/\\\/colombiainteligente.org\\\/tendencias\\\/study-on-ensuring-interoperability-for-enabling-demand-side-flexibility\\\/#breadcrumb\",\"itemListElement\":[{\"@type\":\"ListItem\",\"position\":1,\"name\":\"Portada\",\"item\":\"https:\\\/\\\/colombiainteligente.org\\\/\"},{\"@type\":\"ListItem\",\"position\":2,\"name\":\"Study on ensuring interoperability for enabling Demand Side Flexibility\"}]},{\"@type\":\"WebSite\",\"@id\":\"https:\\\/\\\/colombiainteligente.org\\\/#website\",\"url\":\"https:\\\/\\\/colombiainteligente.org\\\/\",\"name\":\"Colombia Inteligente\",\"description\":\"Alianza estrat\u00e9gica, conformada por empresas y entidades, para la inserci\u00f3n integral y eficiente de las redes inteligentes a la infraestructura del sector el\u00e9ctrico colombiano\",\"publisher\":{\"@id\":\"https:\\\/\\\/colombiainteligente.org\\\/#organization\"},\"potentialAction\":[{\"@type\":\"SearchAction\",\"target\":{\"@type\":\"EntryPoint\",\"urlTemplate\":\"https:\\\/\\\/colombiainteligente.org\\\/?s={search_term_string}\"},\"query-input\":{\"@type\":\"PropertyValueSpecification\",\"valueRequired\":true,\"valueName\":\"search_term_string\"}}],\"inLanguage\":\"es-CO\"},{\"@type\":\"Organization\",\"@id\":\"https:\\\/\\\/colombiainteligente.org\\\/#organization\",\"name\":\"Colombia Inteligente\",\"url\":\"https:\\\/\\\/colombiainteligente.org\\\/\",\"logo\":{\"@type\":\"ImageObject\",\"inLanguage\":\"es-CO\",\"@id\":\"https:\\\/\\\/colombiainteligente.org\\\/#\\\/schema\\\/logo\\\/image\\\/\",\"url\":\"https:\\\/\\\/colombiainteligente.org\\\/wp-content\\\/uploads\\\/2022\\\/07\\\/Image.png\",\"contentUrl\":\"https:\\\/\\\/colombiainteligente.org\\\/wp-content\\\/uploads\\\/2022\\\/07\\\/Image.png\",\"width\":588,\"height\":274,\"caption\":\"Colombia Inteligente\"},\"image\":{\"@id\":\"https:\\\/\\\/colombiainteligente.org\\\/#\\\/schema\\\/logo\\\/image\\\/\"},\"sameAs\":[\"https:\\\/\\\/x.com\\\/colombiaintelig\",\"https:\\\/\\\/www.linkedin.com\\\/company\\\/colombiainteligente\\\/\"]},{\"@type\":\"Person\",\"@id\":\"https:\\\/\\\/colombiainteligente.org\\\/#\\\/schema\\\/person\\\/7a8c7be348df0b891a16dc2fe342977d\",\"name\":\"Luisa Buitrago\",\"image\":{\"@type\":\"ImageObject\",\"inLanguage\":\"es-CO\",\"@id\":\"https:\\\/\\\/secure.gravatar.com\\\/avatar\\\/52ddc2638a82d555a120840263ecb4ee82a5e480ee730faa01e9b11ef7441d42?s=96&d=mm&r=g\",\"url\":\"https:\\\/\\\/secure.gravatar.com\\\/avatar\\\/52ddc2638a82d555a120840263ecb4ee82a5e480ee730faa01e9b11ef7441d42?s=96&d=mm&r=g\",\"contentUrl\":\"https:\\\/\\\/secure.gravatar.com\\\/avatar\\\/52ddc2638a82d555a120840263ecb4ee82a5e480ee730faa01e9b11ef7441d42?s=96&d=mm&r=g\",\"caption\":\"Luisa Buitrago\"},\"url\":\"https:\\\/\\\/colombiainteligente.org\\\/es_co\\\/author\\\/luisa-buitragocolombiainteligente-org\\\/\"}]}<\/script>\n<!-- \/ Yoast SEO plugin. -->","yoast_head_json":{"title":"Study on ensuring interoperability for enabling Demand Side Flexibility - Colombia Inteligente","robots":{"index":"index","follow":"follow","max-snippet":"max-snippet:-1","max-image-preview":"max-image-preview:large","max-video-preview":"max-video-preview:-1"},"canonical":"https:\/\/colombiainteligente.org\/es_co\/tendencias\/study-on-ensuring-interoperability-for-enabling-demand-side-flexibility\/","og_locale":"es_ES","og_type":"article","og_title":"Study on ensuring interoperability for enabling Demand Side Flexibility - Colombia Inteligente","og_description":"En este estudio se ha investigado la necesidad de alinear los est\u00e1ndares de comunicaci\u00f3n de las industrias de servicios p\u00fablicos, telecomunicaciones y electrodom\u00e9sticos. se han seleccionado nueve est\u00e1ndares que se han comparado con la ontolog\u00eda de referencia SAREF (ontolog\u00eda de referencia de Electrodom\u00e9sticos Inteligentes), desarrollada en un proyecto anterior encargado por DG-Connect, y su extensi\u00f3n para el dominio de Energ\u00eda.","og_url":"https:\/\/colombiainteligente.org\/es_co\/tendencias\/study-on-ensuring-interoperability-for-enabling-demand-side-flexibility\/","og_site_name":"Colombia Inteligente","article_published_time":"2021-03-17T00:47:00+00:00","article_modified_time":"2022-12-20T00:49:11+00:00","og_image":[{"width":265,"height":400,"url":"https:\/\/colombiainteligente.org\/wp-content\/uploads\/2022\/12\/03-12study_on_ensuring.png","type":"image\/png"}],"author":"Luisa Buitrago","twitter_card":"summary_large_image","twitter_creator":"@colombiaintelig","twitter_site":"@colombiaintelig","twitter_misc":{"Escrito por":"Luisa Buitrago","Tiempo estimado de lectura":"1 minuto"},"schema":{"@context":"https:\/\/schema.org","@graph":[{"@type":"Article","@id":"https:\/\/colombiainteligente.org\/tendencias\/study-on-ensuring-interoperability-for-enabling-demand-side-flexibility\/#article","isPartOf":{"@id":"https:\/\/colombiainteligente.org\/tendencias\/study-on-ensuring-interoperability-for-enabling-demand-side-flexibility\/"},"author":{"name":"Luisa Buitrago","@id":"https:\/\/colombiainteligente.org\/#\/schema\/person\/7a8c7be348df0b891a16dc2fe342977d"},"headline":"Study on ensuring interoperability for enabling Demand Side Flexibility","datePublished":"2021-03-17T00:47:00+00:00","dateModified":"2022-12-20T00:49:11+00:00","mainEntityOfPage":{"@id":"https:\/\/colombiainteligente.org\/tendencias\/study-on-ensuring-interoperability-for-enabling-demand-side-flexibility\/"},"wordCount":221,"commentCount":0,"publisher":{"@id":"https:\/\/colombiainteligente.org\/#organization"},"image":{"@id":"https:\/\/colombiainteligente.org\/tendencias\/study-on-ensuring-interoperability-for-enabling-demand-side-flexibility\/#primaryimage"},"thumbnailUrl":"https:\/\/colombiainteligente.org\/wp-content\/uploads\/2022\/12\/03-12study_on_ensuring.png","articleSection":["Energ\u00eda que transforma","Tendencias"],"inLanguage":"es-CO","potentialAction":[{"@type":"CommentAction","name":"Comment","target":["https:\/\/colombiainteligente.org\/tendencias\/study-on-ensuring-interoperability-for-enabling-demand-side-flexibility\/#respond"]}]},{"@type":"WebPage","@id":"https:\/\/colombiainteligente.org\/tendencias\/study-on-ensuring-interoperability-for-enabling-demand-side-flexibility\/","url":"https:\/\/colombiainteligente.org\/tendencias\/study-on-ensuring-interoperability-for-enabling-demand-side-flexibility\/","name":"Study on ensuring interoperability for enabling Demand Side Flexibility - Colombia Inteligente","isPartOf":{"@id":"https:\/\/colombiainteligente.org\/#website"},"primaryImageOfPage":{"@id":"https:\/\/colombiainteligente.org\/tendencias\/study-on-ensuring-interoperability-for-enabling-demand-side-flexibility\/#primaryimage"},"image":{"@id":"https:\/\/colombiainteligente.org\/tendencias\/study-on-ensuring-interoperability-for-enabling-demand-side-flexibility\/#primaryimage"},"thumbnailUrl":"https:\/\/colombiainteligente.org\/wp-content\/uploads\/2022\/12\/03-12study_on_ensuring.png","datePublished":"2021-03-17T00:47:00+00:00","dateModified":"2022-12-20T00:49:11+00:00","breadcrumb":{"@id":"https:\/\/colombiainteligente.org\/tendencias\/study-on-ensuring-interoperability-for-enabling-demand-side-flexibility\/#breadcrumb"},"inLanguage":"es-CO","potentialAction":[{"@type":"ReadAction","target":["https:\/\/colombiainteligente.org\/tendencias\/study-on-ensuring-interoperability-for-enabling-demand-side-flexibility\/"]}]},{"@type":"ImageObject","inLanguage":"es-CO","@id":"https:\/\/colombiainteligente.org\/tendencias\/study-on-ensuring-interoperability-for-enabling-demand-side-flexibility\/#primaryimage","url":"https:\/\/colombiainteligente.org\/wp-content\/uploads\/2022\/12\/03-12study_on_ensuring.png","contentUrl":"https:\/\/colombiainteligente.org\/wp-content\/uploads\/2022\/12\/03-12study_on_ensuring.png","width":265,"height":400,"caption":"Study on ensuring interoperability for enabling Demand Side Flexibility"},{"@type":"BreadcrumbList","@id":"https:\/\/colombiainteligente.org\/tendencias\/study-on-ensuring-interoperability-for-enabling-demand-side-flexibility\/#breadcrumb","itemListElement":[{"@type":"ListItem","position":1,"name":"Portada","item":"https:\/\/colombiainteligente.org\/"},{"@type":"ListItem","position":2,"name":"Study on ensuring interoperability for enabling Demand Side Flexibility"}]},{"@type":"WebSite","@id":"https:\/\/colombiainteligente.org\/#website","url":"https:\/\/colombiainteligente.org\/","name":"Colombia Inteligente","description":"Alianza estrat\u00e9gica, conformada por empresas y entidades, para la inserci\u00f3n integral y eficiente de las redes inteligentes a la infraestructura del sector el\u00e9ctrico colombiano","publisher":{"@id":"https:\/\/colombiainteligente.org\/#organization"},"potentialAction":[{"@type":"SearchAction","target":{"@type":"EntryPoint","urlTemplate":"https:\/\/colombiainteligente.org\/?s={search_term_string}"},"query-input":{"@type":"PropertyValueSpecification","valueRequired":true,"valueName":"search_term_string"}}],"inLanguage":"es-CO"},{"@type":"Organization","@id":"https:\/\/colombiainteligente.org\/#organization","name":"Colombia Inteligente","url":"https:\/\/colombiainteligente.org\/","logo":{"@type":"ImageObject","inLanguage":"es-CO","@id":"https:\/\/colombiainteligente.org\/#\/schema\/logo\/image\/","url":"https:\/\/colombiainteligente.org\/wp-content\/uploads\/2022\/07\/Image.png","contentUrl":"https:\/\/colombiainteligente.org\/wp-content\/uploads\/2022\/07\/Image.png","width":588,"height":274,"caption":"Colombia Inteligente"},"image":{"@id":"https:\/\/colombiainteligente.org\/#\/schema\/logo\/image\/"},"sameAs":["https:\/\/x.com\/colombiaintelig","https:\/\/www.linkedin.com\/company\/colombiainteligente\/"]},{"@type":"Person","@id":"https:\/\/colombiainteligente.org\/#\/schema\/person\/7a8c7be348df0b891a16dc2fe342977d","name":"Luisa Buitrago","image":{"@type":"ImageObject","inLanguage":"es-CO","@id":"https:\/\/secure.gravatar.com\/avatar\/52ddc2638a82d555a120840263ecb4ee82a5e480ee730faa01e9b11ef7441d42?s=96&d=mm&r=g","url":"https:\/\/secure.gravatar.com\/avatar\/52ddc2638a82d555a120840263ecb4ee82a5e480ee730faa01e9b11ef7441d42?s=96&d=mm&r=g","contentUrl":"https:\/\/secure.gravatar.com\/avatar\/52ddc2638a82d555a120840263ecb4ee82a5e480ee730faa01e9b11ef7441d42?s=96&d=mm&r=g","caption":"Luisa Buitrago"},"url":"https:\/\/colombiainteligente.org\/es_co\/author\/luisa-buitragocolombiainteligente-org\/"}]}},"_links":{"self":[{"href":"https:\/\/colombiainteligente.org\/es_co\/wp-json\/wp\/v2\/posts\/4315","targetHints":{"allow":["GET"]}}],"collection":[{"href":"https:\/\/colombiainteligente.org\/es_co\/wp-json\/wp\/v2\/posts"}],"about":[{"href":"https:\/\/colombiainteligente.org\/es_co\/wp-json\/wp\/v2\/types\/post"}],"author":[{"embeddable":true,"href":"https:\/\/colombiainteligente.org\/es_co\/wp-json\/wp\/v2\/users\/27"}],"replies":[{"embeddable":true,"href":"https:\/\/colombiainteligente.org\/es_co\/wp-json\/wp\/v2\/comments?post=4315"}],"version-history":[{"count":5,"href":"https:\/\/colombiainteligente.org\/es_co\/wp-json\/wp\/v2\/posts\/4315\/revisions"}],"predecessor-version":[{"id":4321,"href":"https:\/\/colombiainteligente.org\/es_co\/wp-json\/wp\/v2\/posts\/4315\/revisions\/4321"}],"wp:featuredmedia":[{"embeddable":true,"href":"https:\/\/colombiainteligente.org\/es_co\/wp-json\/wp\/v2\/media\/4316"}],"wp:attachment":[{"href":"https:\/\/colombiainteligente.org\/es_co\/wp-json\/wp\/v2\/media?parent=4315"}],"wp:term":[{"taxonomy":"category","embeddable":true,"href":"https:\/\/colombiainteligente.org\/es_co\/wp-json\/wp\/v2\/categories?post=4315"},{"taxonomy":"post_tag","embeddable":true,"href":"https:\/\/colombiainteligente.org\/es_co\/wp-json\/wp\/v2\/tags?post=4315"}],"curies":[{"name":"wp","href":"https:\/\/api.w.org\/{rel}","templated":true}]}}