{"id":4372,"date":"2022-12-20T11:07:24","date_gmt":"2022-12-20T16:07:24","guid":{"rendered":"https:\/\/colombiainteligente.org\/?p=4372"},"modified":"2022-12-20T11:07:56","modified_gmt":"2022-12-20T16:07:56","slug":"nrel-selects-manufacturers-of-small-and-medium-sized-wind-turbine-technology-for-2022-2023-funding","status":"publish","type":"post","link":"https:\/\/colombiainteligente.org\/es_co\/noticias-sectoriales\/nrel-selects-manufacturers-of-small-and-medium-sized-wind-turbine-technology-for-2022-2023-funding\/","title":{"rendered":"NREL Selects Manufacturers of Small- and Medium-Sized Wind Turbine Technology for 2022\u20132023 Funding"},"content":{"rendered":"<div data-elementor-type=\"wp-post\" data-elementor-id=\"4372\" class=\"elementor elementor-4372\" data-elementor-post-type=\"post\">\n\t\t\t\t\t\t\t\t\t<section class=\"elementor-section elementor-top-section elementor-element elementor-element-87c6aa2 elementor-section-boxed elementor-section-height-default elementor-section-height-default\" data-id=\"87c6aa2\" data-element_type=\"section\">\n\t\t\t\t\t\t<div class=\"elementor-container elementor-column-gap-default\">\n\t\t\t\t\t<div class=\"elementor-column elementor-col-100 elementor-top-column elementor-element elementor-element-558bb819\" data-id=\"558bb819\" data-element_type=\"column\">\n\t\t\t<div class=\"elementor-widget-wrap elementor-element-populated\">\n\t\t\t\t\t\t\t\t<div class=\"elementor-element elementor-element-3067325c elementor-widget elementor-widget-text-editor\" data-id=\"3067325c\" data-element_type=\"widget\" data-widget_type=\"text-editor.default\">\n\t\t\t\t<div class=\"elementor-widget-container\">\n\t\t\t<style>\/*! elementor - v3.14.0 - 26-06-2023 *\/\n.elementor-widget-text-editor.elementor-drop-cap-view-stacked .elementor-drop-cap{background-color:#69727d;color:#fff}.elementor-widget-text-editor.elementor-drop-cap-view-framed .elementor-drop-cap{color:#69727d;border:3px solid;background-color:transparent}.elementor-widget-text-editor:not(.elementor-drop-cap-view-default) .elementor-drop-cap{margin-top:8px}.elementor-widget-text-editor:not(.elementor-drop-cap-view-default) .elementor-drop-cap-letter{width:1em;height:1em}.elementor-widget-text-editor .elementor-drop-cap{float:left;text-align:center;line-height:1;font-size:50px}.elementor-widget-text-editor .elementor-drop-cap-letter{display:inline-block}<\/style>\t\t\t\t<p>When Mike Bergey applied for funding through the U.S. Department of Energy\u2019s (DOE\u2019s)\u00a0Competitiveness Improvement Project (CIP)\u00a0in 2012, he was planning to redesign the Bergey Windpower Company\u2019s (Bergey Windpower\u2019s) 10-kilowatt (kW) wind turbine to lower costs, which was necessary to compete with imported solar photovoltaics.<\/p><p>Over the next 10 years and with several CIP awards, Bergey Windpower traveled on a journey of continuous technological improvement made possible through CIP, which is managed by the National Renewable Energy Laboratory (NREL) on behalf of DOE\u2019s Wind Energy Technologies Office. These awards helped Bergey Windpower ultimately develop, refine, and certify a new, 15-kW wind turbine.<\/p><p>Para leer m\u00e1s ingrese a:<\/p><p><a href=\"https:\/\/www.nrel.gov\/news\/program\/2022\/nrel-selects-manufacturers-of-small-and-medium-sized-wind-turbine-technology-for-2022-2023-funding.html\">https:\/\/www.nrel.gov\/news\/program\/2022\/nrel-selects-manufacturers-of-small-and-medium-sized-wind-turbine-technology-for-2022-2023-funding.html<\/a><\/p>\t\t\t\t\t\t<\/div>\n\t\t\t\t<\/div>\n\t\t\t\t\t<\/div>\n\t\t<\/div>\n\t\t\t\t\t\t\t<\/div>\n\t\t<\/section>\n\t\t\t\t\t\t\t<\/div>\n\t\t<div style=\"text-align:center\" class=\"yasr-auto-insert-visitor\"><\/div>","protected":false},"excerpt":{"rendered":"<p>When Mike Bergey applied for funding through the U.S. Department of Energy\u2019s (DOE\u2019s) Competitiveness Improvement Project (CIP) in 2012, he was planning to redesign the Bergey Windpower Company\u2019s (Bergey Windpower\u2019s) 10-kilowatt (kW) wind turbine to lower costs, which was necessary to compete with imported solar photovoltaics.<\/p>","protected":false},"author":23,"featured_media":4376,"comment_status":"open","ping_status":"open","sticky":false,"template":"","format":"standard","meta":{"yasr_overall_rating":0,"yasr_post_is_review":"","yasr_auto_insert_disabled":"","yasr_review_type":"","footnotes":""},"categories":[52],"tags":[],"class_list":["post-4372","post","type-post","status-publish","format-standard","has-post-thumbnail","hentry","category-noticias-sectoriales"],"yasr_visitor_votes":{"number_of_votes":0,"sum_votes":0,"stars_attributes":{"read_only":false,"span_bottom":false}},"yoast_head":"<!-- This site is optimized with the Yoast SEO plugin v27.3 - https:\/\/yoast.com\/product\/yoast-seo-wordpress\/ -->\n<title>NREL Selects Manufacturers of Small- and Medium-Sized Wind Turbine Technology for 2022\u20132023 Funding - Colombia Inteligente<\/title>\n<meta name=\"robots\" content=\"index, follow, max-snippet:-1, max-image-preview:large, max-video-preview:-1\" \/>\n<link rel=\"canonical\" href=\"https:\/\/colombiainteligente.org\/es_co\/noticias-sectoriales\/nrel-selects-manufacturers-of-small-and-medium-sized-wind-turbine-technology-for-2022-2023-funding\/\" \/>\n<meta property=\"og:locale\" content=\"es_ES\" \/>\n<meta property=\"og:type\" content=\"article\" \/>\n<meta property=\"og:title\" content=\"NREL Selects Manufacturers of Small- and Medium-Sized Wind Turbine Technology for 2022\u20132023 Funding - Colombia Inteligente\" \/>\n<meta property=\"og:description\" content=\"When Mike Bergey applied for funding through the U.S. Department of Energy\u2019s (DOE\u2019s) Competitiveness Improvement Project (CIP) in 2012, he was planning to redesign the Bergey Windpower Company\u2019s (Bergey Windpower\u2019s) 10-kilowatt (kW) wind turbine to lower costs, which was necessary to compete with imported solar photovoltaics.\" \/>\n<meta property=\"og:url\" content=\"https:\/\/colombiainteligente.org\/es_co\/noticias-sectoriales\/nrel-selects-manufacturers-of-small-and-medium-sized-wind-turbine-technology-for-2022-2023-funding\/\" \/>\n<meta property=\"og:site_name\" content=\"Colombia Inteligente\" \/>\n<meta property=\"article:published_time\" content=\"2022-12-20T16:07:24+00:00\" \/>\n<meta property=\"article:modified_time\" content=\"2022-12-20T16:07:56+00:00\" \/>\n<meta property=\"og:image\" content=\"https:\/\/colombiainteligente.org\/wp-content\/uploads\/2022\/12\/NREL-Selects-Manufacturers-of-Small-and-Medium-Sized-Wind-Turbine-Technology-for-2022\u20132023-Funding.png\" \/>\n\t<meta property=\"og:image:width\" content=\"400\" \/>\n\t<meta property=\"og:image:height\" content=\"237\" \/>\n\t<meta property=\"og:image:type\" content=\"image\/png\" \/>\n<meta name=\"author\" content=\"DIFUSI\u00d3N COLOMBIA INTELIGENTE\" \/>\n<meta name=\"twitter:card\" content=\"summary_large_image\" \/>\n<meta name=\"twitter:creator\" content=\"@colombiaintelig\" \/>\n<meta name=\"twitter:site\" content=\"@colombiaintelig\" \/>\n<meta name=\"twitter:label1\" content=\"Escrito por\" \/>\n\t<meta name=\"twitter:data1\" content=\"DIFUSI\u00d3N COLOMBIA INTELIGENTE\" \/>\n\t<meta name=\"twitter:label2\" content=\"Tiempo estimado de lectura\" \/>\n\t<meta name=\"twitter:data2\" content=\"1 minuto\" \/>\n<script type=\"application\/ld+json\" class=\"yoast-schema-graph\">{\"@context\":\"https:\\\/\\\/schema.org\",\"@graph\":[{\"@type\":\"Article\",\"@id\":\"https:\\\/\\\/colombiainteligente.org\\\/noticias-sectoriales\\\/nrel-selects-manufacturers-of-small-and-medium-sized-wind-turbine-technology-for-2022-2023-funding\\\/#article\",\"isPartOf\":{\"@id\":\"https:\\\/\\\/colombiainteligente.org\\\/noticias-sectoriales\\\/nrel-selects-manufacturers-of-small-and-medium-sized-wind-turbine-technology-for-2022-2023-funding\\\/\"},\"author\":{\"name\":\"DIFUSI\u00d3N COLOMBIA INTELIGENTE\",\"@id\":\"https:\\\/\\\/colombiainteligente.org\\\/#\\\/schema\\\/person\\\/e207145d548b75a6d339ff1d4d3b0432\"},\"headline\":\"NREL Selects Manufacturers of Small- and Medium-Sized Wind Turbine Technology for 2022\u20132023 Funding\",\"datePublished\":\"2022-12-20T16:07:24+00:00\",\"dateModified\":\"2022-12-20T16:07:56+00:00\",\"mainEntityOfPage\":{\"@id\":\"https:\\\/\\\/colombiainteligente.org\\\/noticias-sectoriales\\\/nrel-selects-manufacturers-of-small-and-medium-sized-wind-turbine-technology-for-2022-2023-funding\\\/\"},\"wordCount\":135,\"commentCount\":0,\"publisher\":{\"@id\":\"https:\\\/\\\/colombiainteligente.org\\\/#organization\"},\"image\":{\"@id\":\"https:\\\/\\\/colombiainteligente.org\\\/noticias-sectoriales\\\/nrel-selects-manufacturers-of-small-and-medium-sized-wind-turbine-technology-for-2022-2023-funding\\\/#primaryimage\"},\"thumbnailUrl\":\"https:\\\/\\\/colombiainteligente.org\\\/wp-content\\\/uploads\\\/2022\\\/12\\\/NREL-Selects-Manufacturers-of-Small-and-Medium-Sized-Wind-Turbine-Technology-for-2022\u20132023-Funding.png\",\"articleSection\":[\"Noticias Sectoriales\"],\"inLanguage\":\"es-CO\",\"potentialAction\":[{\"@type\":\"CommentAction\",\"name\":\"Comment\",\"target\":[\"https:\\\/\\\/colombiainteligente.org\\\/noticias-sectoriales\\\/nrel-selects-manufacturers-of-small-and-medium-sized-wind-turbine-technology-for-2022-2023-funding\\\/#respond\"]}]},{\"@type\":\"WebPage\",\"@id\":\"https:\\\/\\\/colombiainteligente.org\\\/noticias-sectoriales\\\/nrel-selects-manufacturers-of-small-and-medium-sized-wind-turbine-technology-for-2022-2023-funding\\\/\",\"url\":\"https:\\\/\\\/colombiainteligente.org\\\/noticias-sectoriales\\\/nrel-selects-manufacturers-of-small-and-medium-sized-wind-turbine-technology-for-2022-2023-funding\\\/\",\"name\":\"NREL Selects Manufacturers of Small- and Medium-Sized Wind Turbine Technology for 2022\u20132023 Funding - Colombia Inteligente\",\"isPartOf\":{\"@id\":\"https:\\\/\\\/colombiainteligente.org\\\/#website\"},\"primaryImageOfPage\":{\"@id\":\"https:\\\/\\\/colombiainteligente.org\\\/noticias-sectoriales\\\/nrel-selects-manufacturers-of-small-and-medium-sized-wind-turbine-technology-for-2022-2023-funding\\\/#primaryimage\"},\"image\":{\"@id\":\"https:\\\/\\\/colombiainteligente.org\\\/noticias-sectoriales\\\/nrel-selects-manufacturers-of-small-and-medium-sized-wind-turbine-technology-for-2022-2023-funding\\\/#primaryimage\"},\"thumbnailUrl\":\"https:\\\/\\\/colombiainteligente.org\\\/wp-content\\\/uploads\\\/2022\\\/12\\\/NREL-Selects-Manufacturers-of-Small-and-Medium-Sized-Wind-Turbine-Technology-for-2022\u20132023-Funding.png\",\"datePublished\":\"2022-12-20T16:07:24+00:00\",\"dateModified\":\"2022-12-20T16:07:56+00:00\",\"breadcrumb\":{\"@id\":\"https:\\\/\\\/colombiainteligente.org\\\/noticias-sectoriales\\\/nrel-selects-manufacturers-of-small-and-medium-sized-wind-turbine-technology-for-2022-2023-funding\\\/#breadcrumb\"},\"inLanguage\":\"es-CO\",\"potentialAction\":[{\"@type\":\"ReadAction\",\"target\":[\"https:\\\/\\\/colombiainteligente.org\\\/noticias-sectoriales\\\/nrel-selects-manufacturers-of-small-and-medium-sized-wind-turbine-technology-for-2022-2023-funding\\\/\"]}]},{\"@type\":\"ImageObject\",\"inLanguage\":\"es-CO\",\"@id\":\"https:\\\/\\\/colombiainteligente.org\\\/noticias-sectoriales\\\/nrel-selects-manufacturers-of-small-and-medium-sized-wind-turbine-technology-for-2022-2023-funding\\\/#primaryimage\",\"url\":\"https:\\\/\\\/colombiainteligente.org\\\/wp-content\\\/uploads\\\/2022\\\/12\\\/NREL-Selects-Manufacturers-of-Small-and-Medium-Sized-Wind-Turbine-Technology-for-2022\u20132023-Funding.png\",\"contentUrl\":\"https:\\\/\\\/colombiainteligente.org\\\/wp-content\\\/uploads\\\/2022\\\/12\\\/NREL-Selects-Manufacturers-of-Small-and-Medium-Sized-Wind-Turbine-Technology-for-2022\u20132023-Funding.png\",\"width\":400,\"height\":237,\"caption\":\"NREL-Selects-Manufacturers-of-Small-and-Medium-Sized-Wind-Turbine-Technology-for-2022\u20132023-Funding.png\"},{\"@type\":\"BreadcrumbList\",\"@id\":\"https:\\\/\\\/colombiainteligente.org\\\/noticias-sectoriales\\\/nrel-selects-manufacturers-of-small-and-medium-sized-wind-turbine-technology-for-2022-2023-funding\\\/#breadcrumb\",\"itemListElement\":[{\"@type\":\"ListItem\",\"position\":1,\"name\":\"Portada\",\"item\":\"https:\\\/\\\/colombiainteligente.org\\\/\"},{\"@type\":\"ListItem\",\"position\":2,\"name\":\"NREL Selects Manufacturers of Small- and Medium-Sized Wind Turbine Technology for 2022\u20132023 Funding\"}]},{\"@type\":\"WebSite\",\"@id\":\"https:\\\/\\\/colombiainteligente.org\\\/#website\",\"url\":\"https:\\\/\\\/colombiainteligente.org\\\/\",\"name\":\"Colombia Inteligente\",\"description\":\"Alianza estrat\u00e9gica, conformada por empresas y entidades, para la inserci\u00f3n integral y eficiente de las redes inteligentes a la infraestructura del sector el\u00e9ctrico colombiano\",\"publisher\":{\"@id\":\"https:\\\/\\\/colombiainteligente.org\\\/#organization\"},\"potentialAction\":[{\"@type\":\"SearchAction\",\"target\":{\"@type\":\"EntryPoint\",\"urlTemplate\":\"https:\\\/\\\/colombiainteligente.org\\\/?s={search_term_string}\"},\"query-input\":{\"@type\":\"PropertyValueSpecification\",\"valueRequired\":true,\"valueName\":\"search_term_string\"}}],\"inLanguage\":\"es-CO\"},{\"@type\":\"Organization\",\"@id\":\"https:\\\/\\\/colombiainteligente.org\\\/#organization\",\"name\":\"Colombia Inteligente\",\"url\":\"https:\\\/\\\/colombiainteligente.org\\\/\",\"logo\":{\"@type\":\"ImageObject\",\"inLanguage\":\"es-CO\",\"@id\":\"https:\\\/\\\/colombiainteligente.org\\\/#\\\/schema\\\/logo\\\/image\\\/\",\"url\":\"https:\\\/\\\/colombiainteligente.org\\\/wp-content\\\/uploads\\\/2022\\\/07\\\/Image.png\",\"contentUrl\":\"https:\\\/\\\/colombiainteligente.org\\\/wp-content\\\/uploads\\\/2022\\\/07\\\/Image.png\",\"width\":588,\"height\":274,\"caption\":\"Colombia Inteligente\"},\"image\":{\"@id\":\"https:\\\/\\\/colombiainteligente.org\\\/#\\\/schema\\\/logo\\\/image\\\/\"},\"sameAs\":[\"https:\\\/\\\/x.com\\\/colombiaintelig\",\"https:\\\/\\\/www.linkedin.com\\\/company\\\/colombiainteligente\\\/\"]},{\"@type\":\"Person\",\"@id\":\"https:\\\/\\\/colombiainteligente.org\\\/#\\\/schema\\\/person\\\/e207145d548b75a6d339ff1d4d3b0432\",\"name\":\"DIFUSI\u00d3N COLOMBIA INTELIGENTE\",\"image\":{\"@type\":\"ImageObject\",\"inLanguage\":\"es-CO\",\"@id\":\"https:\\\/\\\/secure.gravatar.com\\\/avatar\\\/df2e679ff2abf288cf4bf58830dad897e596908105ec8969f50f748a6d837869?s=96&d=mm&r=g\",\"url\":\"https:\\\/\\\/secure.gravatar.com\\\/avatar\\\/df2e679ff2abf288cf4bf58830dad897e596908105ec8969f50f748a6d837869?s=96&d=mm&r=g\",\"contentUrl\":\"https:\\\/\\\/secure.gravatar.com\\\/avatar\\\/df2e679ff2abf288cf4bf58830dad897e596908105ec8969f50f748a6d837869?s=96&d=mm&r=g\",\"caption\":\"DIFUSI\u00d3N COLOMBIA INTELIGENTE\"},\"url\":\"https:\\\/\\\/colombiainteligente.org\\\/es_co\\\/author\\\/difusioncolombiainteligente-org\\\/\"}]}<\/script>\n<!-- \/ Yoast SEO plugin. -->","yoast_head_json":{"title":"NREL Selects Manufacturers of Small- and Medium-Sized Wind Turbine Technology for 2022\u20132023 Funding - Colombia Inteligente","robots":{"index":"index","follow":"follow","max-snippet":"max-snippet:-1","max-image-preview":"max-image-preview:large","max-video-preview":"max-video-preview:-1"},"canonical":"https:\/\/colombiainteligente.org\/es_co\/noticias-sectoriales\/nrel-selects-manufacturers-of-small-and-medium-sized-wind-turbine-technology-for-2022-2023-funding\/","og_locale":"es_ES","og_type":"article","og_title":"NREL Selects Manufacturers of Small- and Medium-Sized Wind Turbine Technology for 2022\u20132023 Funding - Colombia Inteligente","og_description":"When Mike Bergey applied for funding through the U.S. Department of Energy\u2019s (DOE\u2019s) Competitiveness Improvement Project (CIP) in 2012, he was planning to redesign the Bergey Windpower Company\u2019s (Bergey Windpower\u2019s) 10-kilowatt (kW) wind turbine to lower costs, which was necessary to compete with imported solar photovoltaics.","og_url":"https:\/\/colombiainteligente.org\/es_co\/noticias-sectoriales\/nrel-selects-manufacturers-of-small-and-medium-sized-wind-turbine-technology-for-2022-2023-funding\/","og_site_name":"Colombia Inteligente","article_published_time":"2022-12-20T16:07:24+00:00","article_modified_time":"2022-12-20T16:07:56+00:00","og_image":[{"width":400,"height":237,"url":"https:\/\/colombiainteligente.org\/wp-content\/uploads\/2022\/12\/NREL-Selects-Manufacturers-of-Small-and-Medium-Sized-Wind-Turbine-Technology-for-2022\u20132023-Funding.png","type":"image\/png"}],"author":"DIFUSI\u00d3N COLOMBIA INTELIGENTE","twitter_card":"summary_large_image","twitter_creator":"@colombiaintelig","twitter_site":"@colombiaintelig","twitter_misc":{"Escrito por":"DIFUSI\u00d3N COLOMBIA INTELIGENTE","Tiempo estimado de lectura":"1 minuto"},"schema":{"@context":"https:\/\/schema.org","@graph":[{"@type":"Article","@id":"https:\/\/colombiainteligente.org\/noticias-sectoriales\/nrel-selects-manufacturers-of-small-and-medium-sized-wind-turbine-technology-for-2022-2023-funding\/#article","isPartOf":{"@id":"https:\/\/colombiainteligente.org\/noticias-sectoriales\/nrel-selects-manufacturers-of-small-and-medium-sized-wind-turbine-technology-for-2022-2023-funding\/"},"author":{"name":"DIFUSI\u00d3N COLOMBIA INTELIGENTE","@id":"https:\/\/colombiainteligente.org\/#\/schema\/person\/e207145d548b75a6d339ff1d4d3b0432"},"headline":"NREL Selects Manufacturers of Small- and Medium-Sized Wind Turbine Technology for 2022\u20132023 Funding","datePublished":"2022-12-20T16:07:24+00:00","dateModified":"2022-12-20T16:07:56+00:00","mainEntityOfPage":{"@id":"https:\/\/colombiainteligente.org\/noticias-sectoriales\/nrel-selects-manufacturers-of-small-and-medium-sized-wind-turbine-technology-for-2022-2023-funding\/"},"wordCount":135,"commentCount":0,"publisher":{"@id":"https:\/\/colombiainteligente.org\/#organization"},"image":{"@id":"https:\/\/colombiainteligente.org\/noticias-sectoriales\/nrel-selects-manufacturers-of-small-and-medium-sized-wind-turbine-technology-for-2022-2023-funding\/#primaryimage"},"thumbnailUrl":"https:\/\/colombiainteligente.org\/wp-content\/uploads\/2022\/12\/NREL-Selects-Manufacturers-of-Small-and-Medium-Sized-Wind-Turbine-Technology-for-2022\u20132023-Funding.png","articleSection":["Noticias Sectoriales"],"inLanguage":"es-CO","potentialAction":[{"@type":"CommentAction","name":"Comment","target":["https:\/\/colombiainteligente.org\/noticias-sectoriales\/nrel-selects-manufacturers-of-small-and-medium-sized-wind-turbine-technology-for-2022-2023-funding\/#respond"]}]},{"@type":"WebPage","@id":"https:\/\/colombiainteligente.org\/noticias-sectoriales\/nrel-selects-manufacturers-of-small-and-medium-sized-wind-turbine-technology-for-2022-2023-funding\/","url":"https:\/\/colombiainteligente.org\/noticias-sectoriales\/nrel-selects-manufacturers-of-small-and-medium-sized-wind-turbine-technology-for-2022-2023-funding\/","name":"NREL Selects Manufacturers of Small- and Medium-Sized Wind Turbine Technology for 2022\u20132023 Funding - Colombia Inteligente","isPartOf":{"@id":"https:\/\/colombiainteligente.org\/#website"},"primaryImageOfPage":{"@id":"https:\/\/colombiainteligente.org\/noticias-sectoriales\/nrel-selects-manufacturers-of-small-and-medium-sized-wind-turbine-technology-for-2022-2023-funding\/#primaryimage"},"image":{"@id":"https:\/\/colombiainteligente.org\/noticias-sectoriales\/nrel-selects-manufacturers-of-small-and-medium-sized-wind-turbine-technology-for-2022-2023-funding\/#primaryimage"},"thumbnailUrl":"https:\/\/colombiainteligente.org\/wp-content\/uploads\/2022\/12\/NREL-Selects-Manufacturers-of-Small-and-Medium-Sized-Wind-Turbine-Technology-for-2022\u20132023-Funding.png","datePublished":"2022-12-20T16:07:24+00:00","dateModified":"2022-12-20T16:07:56+00:00","breadcrumb":{"@id":"https:\/\/colombiainteligente.org\/noticias-sectoriales\/nrel-selects-manufacturers-of-small-and-medium-sized-wind-turbine-technology-for-2022-2023-funding\/#breadcrumb"},"inLanguage":"es-CO","potentialAction":[{"@type":"ReadAction","target":["https:\/\/colombiainteligente.org\/noticias-sectoriales\/nrel-selects-manufacturers-of-small-and-medium-sized-wind-turbine-technology-for-2022-2023-funding\/"]}]},{"@type":"ImageObject","inLanguage":"es-CO","@id":"https:\/\/colombiainteligente.org\/noticias-sectoriales\/nrel-selects-manufacturers-of-small-and-medium-sized-wind-turbine-technology-for-2022-2023-funding\/#primaryimage","url":"https:\/\/colombiainteligente.org\/wp-content\/uploads\/2022\/12\/NREL-Selects-Manufacturers-of-Small-and-Medium-Sized-Wind-Turbine-Technology-for-2022\u20132023-Funding.png","contentUrl":"https:\/\/colombiainteligente.org\/wp-content\/uploads\/2022\/12\/NREL-Selects-Manufacturers-of-Small-and-Medium-Sized-Wind-Turbine-Technology-for-2022\u20132023-Funding.png","width":400,"height":237,"caption":"NREL-Selects-Manufacturers-of-Small-and-Medium-Sized-Wind-Turbine-Technology-for-2022\u20132023-Funding.png"},{"@type":"BreadcrumbList","@id":"https:\/\/colombiainteligente.org\/noticias-sectoriales\/nrel-selects-manufacturers-of-small-and-medium-sized-wind-turbine-technology-for-2022-2023-funding\/#breadcrumb","itemListElement":[{"@type":"ListItem","position":1,"name":"Portada","item":"https:\/\/colombiainteligente.org\/"},{"@type":"ListItem","position":2,"name":"NREL Selects Manufacturers of Small- and Medium-Sized Wind Turbine Technology for 2022\u20132023 Funding"}]},{"@type":"WebSite","@id":"https:\/\/colombiainteligente.org\/#website","url":"https:\/\/colombiainteligente.org\/","name":"Colombia Inteligente","description":"Alianza estrat\u00e9gica, conformada por empresas y entidades, para la inserci\u00f3n integral y eficiente de las redes inteligentes a la infraestructura del sector el\u00e9ctrico colombiano","publisher":{"@id":"https:\/\/colombiainteligente.org\/#organization"},"potentialAction":[{"@type":"SearchAction","target":{"@type":"EntryPoint","urlTemplate":"https:\/\/colombiainteligente.org\/?s={search_term_string}"},"query-input":{"@type":"PropertyValueSpecification","valueRequired":true,"valueName":"search_term_string"}}],"inLanguage":"es-CO"},{"@type":"Organization","@id":"https:\/\/colombiainteligente.org\/#organization","name":"Colombia Inteligente","url":"https:\/\/colombiainteligente.org\/","logo":{"@type":"ImageObject","inLanguage":"es-CO","@id":"https:\/\/colombiainteligente.org\/#\/schema\/logo\/image\/","url":"https:\/\/colombiainteligente.org\/wp-content\/uploads\/2022\/07\/Image.png","contentUrl":"https:\/\/colombiainteligente.org\/wp-content\/uploads\/2022\/07\/Image.png","width":588,"height":274,"caption":"Colombia Inteligente"},"image":{"@id":"https:\/\/colombiainteligente.org\/#\/schema\/logo\/image\/"},"sameAs":["https:\/\/x.com\/colombiaintelig","https:\/\/www.linkedin.com\/company\/colombiainteligente\/"]},{"@type":"Person","@id":"https:\/\/colombiainteligente.org\/#\/schema\/person\/e207145d548b75a6d339ff1d4d3b0432","name":"DIFUSI\u00d3N COLOMBIA INTELIGENTE","image":{"@type":"ImageObject","inLanguage":"es-CO","@id":"https:\/\/secure.gravatar.com\/avatar\/df2e679ff2abf288cf4bf58830dad897e596908105ec8969f50f748a6d837869?s=96&d=mm&r=g","url":"https:\/\/secure.gravatar.com\/avatar\/df2e679ff2abf288cf4bf58830dad897e596908105ec8969f50f748a6d837869?s=96&d=mm&r=g","contentUrl":"https:\/\/secure.gravatar.com\/avatar\/df2e679ff2abf288cf4bf58830dad897e596908105ec8969f50f748a6d837869?s=96&d=mm&r=g","caption":"DIFUSI\u00d3N COLOMBIA INTELIGENTE"},"url":"https:\/\/colombiainteligente.org\/es_co\/author\/difusioncolombiainteligente-org\/"}]}},"_links":{"self":[{"href":"https:\/\/colombiainteligente.org\/es_co\/wp-json\/wp\/v2\/posts\/4372","targetHints":{"allow":["GET"]}}],"collection":[{"href":"https:\/\/colombiainteligente.org\/es_co\/wp-json\/wp\/v2\/posts"}],"about":[{"href":"https:\/\/colombiainteligente.org\/es_co\/wp-json\/wp\/v2\/types\/post"}],"author":[{"embeddable":true,"href":"https:\/\/colombiainteligente.org\/es_co\/wp-json\/wp\/v2\/users\/23"}],"replies":[{"embeddable":true,"href":"https:\/\/colombiainteligente.org\/es_co\/wp-json\/wp\/v2\/comments?post=4372"}],"version-history":[{"count":4,"href":"https:\/\/colombiainteligente.org\/es_co\/wp-json\/wp\/v2\/posts\/4372\/revisions"}],"predecessor-version":[{"id":4382,"href":"https:\/\/colombiainteligente.org\/es_co\/wp-json\/wp\/v2\/posts\/4372\/revisions\/4382"}],"wp:featuredmedia":[{"embeddable":true,"href":"https:\/\/colombiainteligente.org\/es_co\/wp-json\/wp\/v2\/media\/4376"}],"wp:attachment":[{"href":"https:\/\/colombiainteligente.org\/es_co\/wp-json\/wp\/v2\/media?parent=4372"}],"wp:term":[{"taxonomy":"category","embeddable":true,"href":"https:\/\/colombiainteligente.org\/es_co\/wp-json\/wp\/v2\/categories?post=4372"},{"taxonomy":"post_tag","embeddable":true,"href":"https:\/\/colombiainteligente.org\/es_co\/wp-json\/wp\/v2\/tags?post=4372"}],"curies":[{"name":"wp","href":"https:\/\/api.w.org\/{rel}","templated":true}]}}