{"id":45718,"date":"2024-07-08T19:32:35","date_gmt":"2024-07-09T00:32:35","guid":{"rendered":"https:\/\/colombiainteligente.org\/?p=45718"},"modified":"2024-07-08T19:33:09","modified_gmt":"2024-07-09T00:33:09","slug":"en-que-paises-latinoamericanos-es-mas-caro-tener-internet","status":"publish","type":"post","link":"https:\/\/colombiainteligente.org\/es_co\/noticias-sectoriales\/en-que-paises-latinoamericanos-es-mas-caro-tener-internet\/","title":{"rendered":"\u00bfEn qu\u00e9 pa\u00edses latinoamericanos es m\u00e1s caro tener internet?"},"content":{"rendered":"<div data-elementor-type=\"wp-post\" data-elementor-id=\"45718\" class=\"elementor elementor-45718\" data-elementor-post-type=\"post\">\n\t\t\t\t\t\t\t\t\t<section class=\"elementor-section elementor-top-section elementor-element elementor-element-87c6aa2 elementor-section-boxed elementor-section-height-default elementor-section-height-default\" data-id=\"87c6aa2\" data-element_type=\"section\">\n\t\t\t\t\t\t<div class=\"elementor-container elementor-column-gap-default\">\n\t\t\t\t\t<div class=\"elementor-column elementor-col-100 elementor-top-column elementor-element elementor-element-558bb819\" data-id=\"558bb819\" data-element_type=\"column\">\n\t\t\t<div class=\"elementor-widget-wrap elementor-element-populated\">\n\t\t\t\t\t\t\t\t<div class=\"elementor-element elementor-element-3067325c elementor-widget elementor-widget-text-editor\" data-id=\"3067325c\" data-element_type=\"widget\" data-widget_type=\"text-editor.default\">\n\t\t\t\t<div class=\"elementor-widget-container\">\n\t\t\t<style>\/*! elementor - v3.14.0 - 26-06-2023 *\/\n.elementor-widget-text-editor.elementor-drop-cap-view-stacked .elementor-drop-cap{background-color:#69727d;color:#fff}.elementor-widget-text-editor.elementor-drop-cap-view-framed .elementor-drop-cap{color:#69727d;border:3px solid;background-color:transparent}.elementor-widget-text-editor:not(.elementor-drop-cap-view-default) .elementor-drop-cap{margin-top:8px}.elementor-widget-text-editor:not(.elementor-drop-cap-view-default) .elementor-drop-cap-letter{width:1em;height:1em}.elementor-widget-text-editor .elementor-drop-cap{float:left;text-align:center;line-height:1;font-size:50px}.elementor-widget-text-editor .elementor-drop-cap-letter{display:inline-block}<\/style>\t\t\t\t<div style=\"margin: 0px; padding: 0px; user-select: text; -webkit-user-drag: none; -webkit-tap-highlight-color: transparent; overflow: visible; cursor: text; clear: both; position: relative; direction: ltr;\"><div style=\"font-family: 'Segoe UI', 'Segoe UI Web', Arial, Verdana, sans-serif; font-size: 12px;\"><div class=\"gutenbergContent__content--109b03a769a11e8ae3acbab352a64269 html_2\"><div id=\"gam-1d95-906a-504-7352\" class=\"ebm-ad__embed\" data-google-query-id=\"CMCHhKa2gIUDFYa20QQdDOQEIA\"><div class=\"wef-h792s0\"><div data-index=\"1\"><div class=\"dotted-list\"><div class=\"max-w-screen-md prose prose-lg mx-auto mb-5\"><div class=\"gutenbergContent__content--109b03a769a11e8ae3acbab352a64269 html_0\"><div class=\"gutenbergContent__content--109b03a769a11e8ae3acbab352a64269 html_0\"><div class=\"bbc-19j92fr ebmt73l0\" dir=\"ltr\"><div class=\"bbc-19j92fr ebmt73l0\" dir=\"ltr\"><p>Un estudio del sitio de comparaci\u00f3n de precios\u00a0<a href=\"https:\/\/www.cable.co.uk\/broadband\/pricing\/worldwide-comparison\/\" target=\"_blank\" rel=\"noopener\">cable.co.uk<\/a>\u00a0revela que Argentina, Colombia y Brasil son los pa\u00edses latinoamericanos con los precios m\u00e1s asequible para contratar internet de banda ancha fija. Seg\u00fan los datos recabados entre septiembre y noviembre de 2023, los pa\u00edses insulares de Antigua y Barbuda, San Crist\u00f3bal y Nieves, Barbados y Las Bahamas figuran entre los mercados de la regi\u00f3n donde es m\u00e1s caro contratar un paquete de internet fijo.<\/p><p>Los hogares argentinos, por ejemplo, tienen que desembolsar unos 5,17 d\u00f3lares estadounidenses por mes para contar con banda ancha fija. Al otro lado de la frontera, los chilenos pagan casi cuatro veces m\u00e1s, alrededor de 21,86 d\u00f3lares mensuales, por el mismo servicio. En M\u00e9xico, el precio promedio se sit\u00faa en 32,35 d\u00f3lares, mientras que en Colombia ronda los 20,47 d\u00f3lares.<\/p><\/div><\/div><\/div><\/div><\/div><\/div><\/div><\/div><\/div><\/div><\/div><h4 style=\"font-family: 'Segoe UI', 'Segoe UI Web', Arial, Verdana, sans-serif; font-size: 12px;\"><span style=\"font-size: 12px; color: var( --e-global-color-text ); font-weight: var( --e-global-typography-text-font-weight );\">P<\/span><span style=\"font-size: 12px; color: var( --e-global-color-text );\">ara leer m\u00e1s ingrese a:<\/span><\/h4><a href=\"https:\/\/es.statista.com\/grafico\/23990\/precio-de-internet-de-banda-ancha-fija-en-latinoamerica\/\">https:\/\/es.statista.com\/grafico\/23990\/precio-de-internet-de-banda-ancha-fija-en-latinoamerica\/<\/a><\/div>\t\t\t\t\t\t<\/div>\n\t\t\t\t<\/div>\n\t\t\t\t\t<\/div>\n\t\t<\/div>\n\t\t\t\t\t\t\t<\/div>\n\t\t<\/section>\n\t\t\t\t\t\t\t<\/div>\n\t\t<div style=\"text-align:center\" class=\"yasr-auto-insert-visitor\"><\/div>","protected":false},"excerpt":{"rendered":"<p>Un estudio del sitio de comparaci\u00f3n de precios cable.co.uk revela que Argentina, Colombia y Brasil son los pa\u00edses latinoamericanos con los precios m\u00e1s asequible para contratar internet de banda ancha fija. <\/p>","protected":false},"author":23,"featured_media":45719,"comment_status":"open","ping_status":"open","sticky":false,"template":"","format":"standard","meta":{"yasr_overall_rating":0,"yasr_post_is_review":"","yasr_auto_insert_disabled":"","yasr_review_type":"","footnotes":""},"categories":[52],"tags":[],"class_list":["post-45718","post","type-post","status-publish","format-standard","has-post-thumbnail","hentry","category-noticias-sectoriales"],"yasr_visitor_votes":{"number_of_votes":0,"sum_votes":0,"stars_attributes":{"read_only":false,"span_bottom":false}},"yoast_head":"<!-- This site is optimized with the Yoast SEO plugin v27.3 - https:\/\/yoast.com\/product\/yoast-seo-wordpress\/ -->\n<title>\u00bfEn qu\u00e9 pa\u00edses latinoamericanos es m\u00e1s caro tener internet? - Colombia Inteligente<\/title>\n<meta name=\"robots\" content=\"index, follow, max-snippet:-1, max-image-preview:large, max-video-preview:-1\" \/>\n<link rel=\"canonical\" href=\"https:\/\/colombiainteligente.org\/es_co\/noticias-sectoriales\/en-que-paises-latinoamericanos-es-mas-caro-tener-internet\/\" \/>\n<meta property=\"og:locale\" content=\"es_ES\" \/>\n<meta property=\"og:type\" content=\"article\" \/>\n<meta property=\"og:title\" content=\"\u00bfEn qu\u00e9 pa\u00edses latinoamericanos es m\u00e1s caro tener internet? - Colombia Inteligente\" \/>\n<meta property=\"og:description\" content=\"Un estudio del sitio de comparaci\u00f3n de precios cable.co.uk revela que Argentina, Colombia y Brasil son los pa\u00edses latinoamericanos con los precios m\u00e1s asequible para contratar internet de banda ancha fija.\" \/>\n<meta property=\"og:url\" content=\"https:\/\/colombiainteligente.org\/es_co\/noticias-sectoriales\/en-que-paises-latinoamericanos-es-mas-caro-tener-internet\/\" \/>\n<meta property=\"og:site_name\" content=\"Colombia Inteligente\" \/>\n<meta property=\"article:published_time\" content=\"2024-07-09T00:32:35+00:00\" \/>\n<meta property=\"article:modified_time\" content=\"2024-07-09T00:33:09+00:00\" \/>\n<meta property=\"og:image\" content=\"https:\/\/colombiainteligente.org\/wp-content\/uploads\/2024\/07\/240708-11.png\" \/>\n\t<meta property=\"og:image:width\" content=\"1116\" \/>\n\t<meta property=\"og:image:height\" content=\"1128\" \/>\n\t<meta property=\"og:image:type\" content=\"image\/png\" \/>\n<meta name=\"author\" content=\"DIFUSI\u00d3N COLOMBIA INTELIGENTE\" \/>\n<meta name=\"twitter:card\" content=\"summary_large_image\" \/>\n<meta name=\"twitter:creator\" content=\"@colombiaintelig\" \/>\n<meta name=\"twitter:site\" content=\"@colombiaintelig\" \/>\n<meta name=\"twitter:label1\" content=\"Escrito por\" \/>\n\t<meta name=\"twitter:data1\" content=\"DIFUSI\u00d3N COLOMBIA INTELIGENTE\" \/>\n\t<meta name=\"twitter:label2\" content=\"Tiempo estimado de lectura\" \/>\n\t<meta name=\"twitter:data2\" content=\"1 minuto\" \/>\n<script type=\"application\/ld+json\" class=\"yoast-schema-graph\">{\"@context\":\"https:\\\/\\\/schema.org\",\"@graph\":[{\"@type\":\"Article\",\"@id\":\"https:\\\/\\\/colombiainteligente.org\\\/noticias-sectoriales\\\/en-que-paises-latinoamericanos-es-mas-caro-tener-internet\\\/#article\",\"isPartOf\":{\"@id\":\"https:\\\/\\\/colombiainteligente.org\\\/noticias-sectoriales\\\/en-que-paises-latinoamericanos-es-mas-caro-tener-internet\\\/\"},\"author\":{\"name\":\"DIFUSI\u00d3N COLOMBIA INTELIGENTE\",\"@id\":\"https:\\\/\\\/colombiainteligente.org\\\/#\\\/schema\\\/person\\\/e207145d548b75a6d339ff1d4d3b0432\"},\"headline\":\"\u00bfEn qu\u00e9 pa\u00edses latinoamericanos es m\u00e1s caro tener internet?\",\"datePublished\":\"2024-07-09T00:32:35+00:00\",\"dateModified\":\"2024-07-09T00:33:09+00:00\",\"mainEntityOfPage\":{\"@id\":\"https:\\\/\\\/colombiainteligente.org\\\/noticias-sectoriales\\\/en-que-paises-latinoamericanos-es-mas-caro-tener-internet\\\/\"},\"wordCount\":168,\"commentCount\":0,\"publisher\":{\"@id\":\"https:\\\/\\\/colombiainteligente.org\\\/#organization\"},\"image\":{\"@id\":\"https:\\\/\\\/colombiainteligente.org\\\/noticias-sectoriales\\\/en-que-paises-latinoamericanos-es-mas-caro-tener-internet\\\/#primaryimage\"},\"thumbnailUrl\":\"https:\\\/\\\/colombiainteligente.org\\\/wp-content\\\/uploads\\\/2024\\\/07\\\/240708-11.png\",\"articleSection\":[\"Noticias Sectoriales\"],\"inLanguage\":\"es-CO\",\"potentialAction\":[{\"@type\":\"CommentAction\",\"name\":\"Comment\",\"target\":[\"https:\\\/\\\/colombiainteligente.org\\\/noticias-sectoriales\\\/en-que-paises-latinoamericanos-es-mas-caro-tener-internet\\\/#respond\"]}]},{\"@type\":\"WebPage\",\"@id\":\"https:\\\/\\\/colombiainteligente.org\\\/noticias-sectoriales\\\/en-que-paises-latinoamericanos-es-mas-caro-tener-internet\\\/\",\"url\":\"https:\\\/\\\/colombiainteligente.org\\\/noticias-sectoriales\\\/en-que-paises-latinoamericanos-es-mas-caro-tener-internet\\\/\",\"name\":\"\u00bfEn qu\u00e9 pa\u00edses latinoamericanos es m\u00e1s caro tener internet? - Colombia Inteligente\",\"isPartOf\":{\"@id\":\"https:\\\/\\\/colombiainteligente.org\\\/#website\"},\"primaryImageOfPage\":{\"@id\":\"https:\\\/\\\/colombiainteligente.org\\\/noticias-sectoriales\\\/en-que-paises-latinoamericanos-es-mas-caro-tener-internet\\\/#primaryimage\"},\"image\":{\"@id\":\"https:\\\/\\\/colombiainteligente.org\\\/noticias-sectoriales\\\/en-que-paises-latinoamericanos-es-mas-caro-tener-internet\\\/#primaryimage\"},\"thumbnailUrl\":\"https:\\\/\\\/colombiainteligente.org\\\/wp-content\\\/uploads\\\/2024\\\/07\\\/240708-11.png\",\"datePublished\":\"2024-07-09T00:32:35+00:00\",\"dateModified\":\"2024-07-09T00:33:09+00:00\",\"breadcrumb\":{\"@id\":\"https:\\\/\\\/colombiainteligente.org\\\/noticias-sectoriales\\\/en-que-paises-latinoamericanos-es-mas-caro-tener-internet\\\/#breadcrumb\"},\"inLanguage\":\"es-CO\",\"potentialAction\":[{\"@type\":\"ReadAction\",\"target\":[\"https:\\\/\\\/colombiainteligente.org\\\/noticias-sectoriales\\\/en-que-paises-latinoamericanos-es-mas-caro-tener-internet\\\/\"]}]},{\"@type\":\"ImageObject\",\"inLanguage\":\"es-CO\",\"@id\":\"https:\\\/\\\/colombiainteligente.org\\\/noticias-sectoriales\\\/en-que-paises-latinoamericanos-es-mas-caro-tener-internet\\\/#primaryimage\",\"url\":\"https:\\\/\\\/colombiainteligente.org\\\/wp-content\\\/uploads\\\/2024\\\/07\\\/240708-11.png\",\"contentUrl\":\"https:\\\/\\\/colombiainteligente.org\\\/wp-content\\\/uploads\\\/2024\\\/07\\\/240708-11.png\",\"width\":1116,\"height\":1128,\"caption\":\"Internet Banda Ancha Latinoam\u00e9rica Hogares\"},{\"@type\":\"BreadcrumbList\",\"@id\":\"https:\\\/\\\/colombiainteligente.org\\\/noticias-sectoriales\\\/en-que-paises-latinoamericanos-es-mas-caro-tener-internet\\\/#breadcrumb\",\"itemListElement\":[{\"@type\":\"ListItem\",\"position\":1,\"name\":\"Portada\",\"item\":\"https:\\\/\\\/colombiainteligente.org\\\/\"},{\"@type\":\"ListItem\",\"position\":2,\"name\":\"\u00bfEn qu\u00e9 pa\u00edses latinoamericanos es m\u00e1s caro tener internet?\"}]},{\"@type\":\"WebSite\",\"@id\":\"https:\\\/\\\/colombiainteligente.org\\\/#website\",\"url\":\"https:\\\/\\\/colombiainteligente.org\\\/\",\"name\":\"Colombia Inteligente\",\"description\":\"Alianza estrat\u00e9gica, conformada por empresas y entidades, para la inserci\u00f3n integral y eficiente de las redes inteligentes a la infraestructura del sector el\u00e9ctrico colombiano\",\"publisher\":{\"@id\":\"https:\\\/\\\/colombiainteligente.org\\\/#organization\"},\"potentialAction\":[{\"@type\":\"SearchAction\",\"target\":{\"@type\":\"EntryPoint\",\"urlTemplate\":\"https:\\\/\\\/colombiainteligente.org\\\/?s={search_term_string}\"},\"query-input\":{\"@type\":\"PropertyValueSpecification\",\"valueRequired\":true,\"valueName\":\"search_term_string\"}}],\"inLanguage\":\"es-CO\"},{\"@type\":\"Organization\",\"@id\":\"https:\\\/\\\/colombiainteligente.org\\\/#organization\",\"name\":\"Colombia Inteligente\",\"url\":\"https:\\\/\\\/colombiainteligente.org\\\/\",\"logo\":{\"@type\":\"ImageObject\",\"inLanguage\":\"es-CO\",\"@id\":\"https:\\\/\\\/colombiainteligente.org\\\/#\\\/schema\\\/logo\\\/image\\\/\",\"url\":\"https:\\\/\\\/colombiainteligente.org\\\/wp-content\\\/uploads\\\/2022\\\/07\\\/Image.png\",\"contentUrl\":\"https:\\\/\\\/colombiainteligente.org\\\/wp-content\\\/uploads\\\/2022\\\/07\\\/Image.png\",\"width\":588,\"height\":274,\"caption\":\"Colombia Inteligente\"},\"image\":{\"@id\":\"https:\\\/\\\/colombiainteligente.org\\\/#\\\/schema\\\/logo\\\/image\\\/\"},\"sameAs\":[\"https:\\\/\\\/x.com\\\/colombiaintelig\",\"https:\\\/\\\/www.linkedin.com\\\/company\\\/colombiainteligente\\\/\"]},{\"@type\":\"Person\",\"@id\":\"https:\\\/\\\/colombiainteligente.org\\\/#\\\/schema\\\/person\\\/e207145d548b75a6d339ff1d4d3b0432\",\"name\":\"DIFUSI\u00d3N COLOMBIA INTELIGENTE\",\"image\":{\"@type\":\"ImageObject\",\"inLanguage\":\"es-CO\",\"@id\":\"https:\\\/\\\/secure.gravatar.com\\\/avatar\\\/df2e679ff2abf288cf4bf58830dad897e596908105ec8969f50f748a6d837869?s=96&d=mm&r=g\",\"url\":\"https:\\\/\\\/secure.gravatar.com\\\/avatar\\\/df2e679ff2abf288cf4bf58830dad897e596908105ec8969f50f748a6d837869?s=96&d=mm&r=g\",\"contentUrl\":\"https:\\\/\\\/secure.gravatar.com\\\/avatar\\\/df2e679ff2abf288cf4bf58830dad897e596908105ec8969f50f748a6d837869?s=96&d=mm&r=g\",\"caption\":\"DIFUSI\u00d3N COLOMBIA INTELIGENTE\"},\"url\":\"https:\\\/\\\/colombiainteligente.org\\\/es_co\\\/author\\\/difusioncolombiainteligente-org\\\/\"}]}<\/script>\n<!-- \/ Yoast SEO plugin. -->","yoast_head_json":{"title":"\u00bfEn qu\u00e9 pa\u00edses latinoamericanos es m\u00e1s caro tener internet? - Colombia Inteligente","robots":{"index":"index","follow":"follow","max-snippet":"max-snippet:-1","max-image-preview":"max-image-preview:large","max-video-preview":"max-video-preview:-1"},"canonical":"https:\/\/colombiainteligente.org\/es_co\/noticias-sectoriales\/en-que-paises-latinoamericanos-es-mas-caro-tener-internet\/","og_locale":"es_ES","og_type":"article","og_title":"\u00bfEn qu\u00e9 pa\u00edses latinoamericanos es m\u00e1s caro tener internet? - Colombia Inteligente","og_description":"Un estudio del sitio de comparaci\u00f3n de precios cable.co.uk revela que Argentina, Colombia y Brasil son los pa\u00edses latinoamericanos con los precios m\u00e1s asequible para contratar internet de banda ancha fija.","og_url":"https:\/\/colombiainteligente.org\/es_co\/noticias-sectoriales\/en-que-paises-latinoamericanos-es-mas-caro-tener-internet\/","og_site_name":"Colombia Inteligente","article_published_time":"2024-07-09T00:32:35+00:00","article_modified_time":"2024-07-09T00:33:09+00:00","og_image":[{"width":1116,"height":1128,"url":"https:\/\/colombiainteligente.org\/wp-content\/uploads\/2024\/07\/240708-11.png","type":"image\/png"}],"author":"DIFUSI\u00d3N COLOMBIA INTELIGENTE","twitter_card":"summary_large_image","twitter_creator":"@colombiaintelig","twitter_site":"@colombiaintelig","twitter_misc":{"Escrito por":"DIFUSI\u00d3N COLOMBIA INTELIGENTE","Tiempo estimado de lectura":"1 minuto"},"schema":{"@context":"https:\/\/schema.org","@graph":[{"@type":"Article","@id":"https:\/\/colombiainteligente.org\/noticias-sectoriales\/en-que-paises-latinoamericanos-es-mas-caro-tener-internet\/#article","isPartOf":{"@id":"https:\/\/colombiainteligente.org\/noticias-sectoriales\/en-que-paises-latinoamericanos-es-mas-caro-tener-internet\/"},"author":{"name":"DIFUSI\u00d3N COLOMBIA INTELIGENTE","@id":"https:\/\/colombiainteligente.org\/#\/schema\/person\/e207145d548b75a6d339ff1d4d3b0432"},"headline":"\u00bfEn qu\u00e9 pa\u00edses latinoamericanos es m\u00e1s caro tener internet?","datePublished":"2024-07-09T00:32:35+00:00","dateModified":"2024-07-09T00:33:09+00:00","mainEntityOfPage":{"@id":"https:\/\/colombiainteligente.org\/noticias-sectoriales\/en-que-paises-latinoamericanos-es-mas-caro-tener-internet\/"},"wordCount":168,"commentCount":0,"publisher":{"@id":"https:\/\/colombiainteligente.org\/#organization"},"image":{"@id":"https:\/\/colombiainteligente.org\/noticias-sectoriales\/en-que-paises-latinoamericanos-es-mas-caro-tener-internet\/#primaryimage"},"thumbnailUrl":"https:\/\/colombiainteligente.org\/wp-content\/uploads\/2024\/07\/240708-11.png","articleSection":["Noticias Sectoriales"],"inLanguage":"es-CO","potentialAction":[{"@type":"CommentAction","name":"Comment","target":["https:\/\/colombiainteligente.org\/noticias-sectoriales\/en-que-paises-latinoamericanos-es-mas-caro-tener-internet\/#respond"]}]},{"@type":"WebPage","@id":"https:\/\/colombiainteligente.org\/noticias-sectoriales\/en-que-paises-latinoamericanos-es-mas-caro-tener-internet\/","url":"https:\/\/colombiainteligente.org\/noticias-sectoriales\/en-que-paises-latinoamericanos-es-mas-caro-tener-internet\/","name":"\u00bfEn qu\u00e9 pa\u00edses latinoamericanos es m\u00e1s caro tener internet? - Colombia Inteligente","isPartOf":{"@id":"https:\/\/colombiainteligente.org\/#website"},"primaryImageOfPage":{"@id":"https:\/\/colombiainteligente.org\/noticias-sectoriales\/en-que-paises-latinoamericanos-es-mas-caro-tener-internet\/#primaryimage"},"image":{"@id":"https:\/\/colombiainteligente.org\/noticias-sectoriales\/en-que-paises-latinoamericanos-es-mas-caro-tener-internet\/#primaryimage"},"thumbnailUrl":"https:\/\/colombiainteligente.org\/wp-content\/uploads\/2024\/07\/240708-11.png","datePublished":"2024-07-09T00:32:35+00:00","dateModified":"2024-07-09T00:33:09+00:00","breadcrumb":{"@id":"https:\/\/colombiainteligente.org\/noticias-sectoriales\/en-que-paises-latinoamericanos-es-mas-caro-tener-internet\/#breadcrumb"},"inLanguage":"es-CO","potentialAction":[{"@type":"ReadAction","target":["https:\/\/colombiainteligente.org\/noticias-sectoriales\/en-que-paises-latinoamericanos-es-mas-caro-tener-internet\/"]}]},{"@type":"ImageObject","inLanguage":"es-CO","@id":"https:\/\/colombiainteligente.org\/noticias-sectoriales\/en-que-paises-latinoamericanos-es-mas-caro-tener-internet\/#primaryimage","url":"https:\/\/colombiainteligente.org\/wp-content\/uploads\/2024\/07\/240708-11.png","contentUrl":"https:\/\/colombiainteligente.org\/wp-content\/uploads\/2024\/07\/240708-11.png","width":1116,"height":1128,"caption":"Internet Banda Ancha Latinoam\u00e9rica Hogares"},{"@type":"BreadcrumbList","@id":"https:\/\/colombiainteligente.org\/noticias-sectoriales\/en-que-paises-latinoamericanos-es-mas-caro-tener-internet\/#breadcrumb","itemListElement":[{"@type":"ListItem","position":1,"name":"Portada","item":"https:\/\/colombiainteligente.org\/"},{"@type":"ListItem","position":2,"name":"\u00bfEn qu\u00e9 pa\u00edses latinoamericanos es m\u00e1s caro tener internet?"}]},{"@type":"WebSite","@id":"https:\/\/colombiainteligente.org\/#website","url":"https:\/\/colombiainteligente.org\/","name":"Colombia Inteligente","description":"Alianza estrat\u00e9gica, conformada por empresas y entidades, para la inserci\u00f3n integral y eficiente de las redes inteligentes a la infraestructura del sector el\u00e9ctrico colombiano","publisher":{"@id":"https:\/\/colombiainteligente.org\/#organization"},"potentialAction":[{"@type":"SearchAction","target":{"@type":"EntryPoint","urlTemplate":"https:\/\/colombiainteligente.org\/?s={search_term_string}"},"query-input":{"@type":"PropertyValueSpecification","valueRequired":true,"valueName":"search_term_string"}}],"inLanguage":"es-CO"},{"@type":"Organization","@id":"https:\/\/colombiainteligente.org\/#organization","name":"Colombia Inteligente","url":"https:\/\/colombiainteligente.org\/","logo":{"@type":"ImageObject","inLanguage":"es-CO","@id":"https:\/\/colombiainteligente.org\/#\/schema\/logo\/image\/","url":"https:\/\/colombiainteligente.org\/wp-content\/uploads\/2022\/07\/Image.png","contentUrl":"https:\/\/colombiainteligente.org\/wp-content\/uploads\/2022\/07\/Image.png","width":588,"height":274,"caption":"Colombia Inteligente"},"image":{"@id":"https:\/\/colombiainteligente.org\/#\/schema\/logo\/image\/"},"sameAs":["https:\/\/x.com\/colombiaintelig","https:\/\/www.linkedin.com\/company\/colombiainteligente\/"]},{"@type":"Person","@id":"https:\/\/colombiainteligente.org\/#\/schema\/person\/e207145d548b75a6d339ff1d4d3b0432","name":"DIFUSI\u00d3N COLOMBIA INTELIGENTE","image":{"@type":"ImageObject","inLanguage":"es-CO","@id":"https:\/\/secure.gravatar.com\/avatar\/df2e679ff2abf288cf4bf58830dad897e596908105ec8969f50f748a6d837869?s=96&d=mm&r=g","url":"https:\/\/secure.gravatar.com\/avatar\/df2e679ff2abf288cf4bf58830dad897e596908105ec8969f50f748a6d837869?s=96&d=mm&r=g","contentUrl":"https:\/\/secure.gravatar.com\/avatar\/df2e679ff2abf288cf4bf58830dad897e596908105ec8969f50f748a6d837869?s=96&d=mm&r=g","caption":"DIFUSI\u00d3N COLOMBIA INTELIGENTE"},"url":"https:\/\/colombiainteligente.org\/es_co\/author\/difusioncolombiainteligente-org\/"}]}},"_links":{"self":[{"href":"https:\/\/colombiainteligente.org\/es_co\/wp-json\/wp\/v2\/posts\/45718","targetHints":{"allow":["GET"]}}],"collection":[{"href":"https:\/\/colombiainteligente.org\/es_co\/wp-json\/wp\/v2\/posts"}],"about":[{"href":"https:\/\/colombiainteligente.org\/es_co\/wp-json\/wp\/v2\/types\/post"}],"author":[{"embeddable":true,"href":"https:\/\/colombiainteligente.org\/es_co\/wp-json\/wp\/v2\/users\/23"}],"replies":[{"embeddable":true,"href":"https:\/\/colombiainteligente.org\/es_co\/wp-json\/wp\/v2\/comments?post=45718"}],"version-history":[{"count":4,"href":"https:\/\/colombiainteligente.org\/es_co\/wp-json\/wp\/v2\/posts\/45718\/revisions"}],"predecessor-version":[{"id":45723,"href":"https:\/\/colombiainteligente.org\/es_co\/wp-json\/wp\/v2\/posts\/45718\/revisions\/45723"}],"wp:featuredmedia":[{"embeddable":true,"href":"https:\/\/colombiainteligente.org\/es_co\/wp-json\/wp\/v2\/media\/45719"}],"wp:attachment":[{"href":"https:\/\/colombiainteligente.org\/es_co\/wp-json\/wp\/v2\/media?parent=45718"}],"wp:term":[{"taxonomy":"category","embeddable":true,"href":"https:\/\/colombiainteligente.org\/es_co\/wp-json\/wp\/v2\/categories?post=45718"},{"taxonomy":"post_tag","embeddable":true,"href":"https:\/\/colombiainteligente.org\/es_co\/wp-json\/wp\/v2\/tags?post=45718"}],"curies":[{"name":"wp","href":"https:\/\/api.w.org\/{rel}","templated":true}]}}