{"id":4903,"date":"2022-10-03T13:08:58","date_gmt":"2022-10-03T18:08:58","guid":{"rendered":"https:\/\/colombiainteligente.org\/?p=4903"},"modified":"2022-12-21T13:10:07","modified_gmt":"2022-12-21T18:10:07","slug":"net-zero-spain-europes-decarbonization-hub","status":"publish","type":"post","link":"https:\/\/colombiainteligente.org\/es_co\/tendencias\/net-zero-spain-europes-decarbonization-hub\/","title":{"rendered":"Net-zero Spain: Europe\u2019s decarbonization hub"},"content":{"rendered":"<div data-elementor-type=\"wp-post\" data-elementor-id=\"4903\" class=\"elementor elementor-4903\" data-elementor-post-type=\"post\">\n\t\t\t\t\t\t\t\t\t<section class=\"elementor-section elementor-top-section elementor-element elementor-element-79148795 elementor-section-boxed elementor-section-height-default elementor-section-height-default\" data-id=\"79148795\" data-element_type=\"section\">\n\t\t\t\t\t\t<div class=\"elementor-container elementor-column-gap-default\">\n\t\t\t\t\t<div class=\"elementor-column elementor-col-100 elementor-top-column elementor-element elementor-element-1ece4ebf\" data-id=\"1ece4ebf\" data-element_type=\"column\">\n\t\t\t<div class=\"elementor-widget-wrap elementor-element-populated\">\n\t\t\t\t\t\t\t\t<div class=\"elementor-element elementor-element-7a61c7e5 elementor-widget elementor-widget-text-editor\" data-id=\"7a61c7e5\" data-element_type=\"widget\" data-widget_type=\"text-editor.default\">\n\t\t\t\t<div class=\"elementor-widget-container\">\n\t\t\t<style>\/*! elementor - v3.14.0 - 26-06-2023 *\/\n.elementor-widget-text-editor.elementor-drop-cap-view-stacked .elementor-drop-cap{background-color:#69727d;color:#fff}.elementor-widget-text-editor.elementor-drop-cap-view-framed .elementor-drop-cap{color:#69727d;border:3px solid;background-color:transparent}.elementor-widget-text-editor:not(.elementor-drop-cap-view-default) .elementor-drop-cap{margin-top:8px}.elementor-widget-text-editor:not(.elementor-drop-cap-view-default) .elementor-drop-cap-letter{width:1em;height:1em}.elementor-widget-text-editor .elementor-drop-cap{float:left;text-align:center;line-height:1;font-size:50px}.elementor-widget-text-editor .elementor-drop-cap-letter{display:inline-block}<\/style>\t\t\t\t<p>En un mundo que acelera los esfuerzos para combatir el cambio clim\u00e1tico y en medio de crecientes incertidumbres econ\u00f3micas y geopol\u00edticas, Espa\u00f1a podr\u00eda desempe\u00f1ar un papel estelar. La riqueza de recursos naturales, el desarrollo de infraestructuras y las profundas capacidades t\u00e9cnicas de este pa\u00eds lo sit\u00faan en una posici\u00f3n ideal para liderar una transici\u00f3n verde.<\/p><p>Our analysis has identified five key characteristics for this transition (exhibit): It is urgent, given the potential physical risks associated with rising temperatures. It is possible, as suggested by our net-zero scenario, and significant in its scale and scope. Furthermore, it will be tech-driven, because the development and deployment of new low-carbon technologies will be the critical enablers of the transition. And it will be rich in opportunities because Spain can leverage its natural endowments and technical capabilities to lead Europe in the transition and create substantial socioeconomic impact along the way.<\/p><p>Para leer m\u00e1s ingrese a:<\/p><p><a href=\"https:\/\/www.mckinsey.com\/capabilities\/sustainability\/our-insights\/net-zero-spain-europes-decarbonization-hub?stcr=71C1DFCBC29B40A1A328B9FA3B27449B&amp;cid=other-eml-alt-mip-mck&amp;hlkid=bbb7597e206b4a5a99f4610d462154f6&amp;hctky=13610541&amp;hdpid=6afecc81-a0ce-4b08-90f5-9f1b251a8eda\">https:\/\/www.mckinsey.com\/capabilities\/sustainability\/our-insights\/net-zero-spain-europes-decarbonization-hub?stcr=71C1DFCBC29B40A1A328B9FA3B27449B&amp;cid=other-eml-alt-mip-mck&amp;hlkid=bbb7597e206b4a5a99f4610d462154f6&amp;hctky=13610541&amp;hdpid=6afecc81-a0ce-4b08-90f5-9f1b251a8eda<\/a><\/p><p><a href=\"https:\/\/www.mckinsey.com\/capabilities\/sustainability\/our-insights\/net-zero-spain-europes-decarbonization-hub?stcr=71C1DFCBC29B40A1A328B9FA3B27449B&amp;cid=other-eml-alt-mip-mck&amp;hlkid=bbb7597e206b4a5a99f4610d462154f6&amp;hctky=13610541&amp;hdpid=6afecc81-a0ce-4b08-90f5-9f1b251a8eda#download\/%2F~%2Fmedia%2Fmckinsey%2Fbusiness%20functions%2Fsustainability%2Four%20insights%2Fnet%20zero%20spain%20europes%20decarbonization%20hub%2Fnet-zero-spain-europes-decarbonization-hub.pdf%3FshouldIndex%3Dfalse\">https:\/\/www.mckinsey.com\/capabilities\/sustainability\/our-insights\/net-zero-spain-europes-decarbonization-hub?stcr=71C1DFCBC29B40A1A328B9FA3B27449B&amp;cid=other-eml-alt-mip-mck&amp;hlkid=bbb7597e206b4a5a99f4610d462154f6&amp;hctky=13610541&amp;hdpid=6afecc81-a0ce-4b08-90f5-9f1b251a8eda#download\/%2F~%2Fmedia%2Fmckinsey%2Fbusiness%20functions%2Fsustainability%2Four%20insights%2Fnet%20zero%20spain%20europes%20decarbonization%20hub%2Fnet-zero-spain-europes-decarbonization-hub.pdf%3FshouldIndex%3Dfalse<\/a><\/p>\t\t\t\t\t\t<\/div>\n\t\t\t\t<\/div>\n\t\t\t\t\t<\/div>\n\t\t<\/div>\n\t\t\t\t\t\t\t<\/div>\n\t\t<\/section>\n\t\t\t\t\t\t\t<\/div>\n\t\t<div style=\"text-align:center\" class=\"yasr-auto-insert-visitor\"><\/div>","protected":false},"excerpt":{"rendered":"<p>En un mundo que acelera los esfuerzos para combatir el cambio clim\u00e1tico y en medio de crecientes incertidumbres econ\u00f3micas y geopol\u00edticas, Espa\u00f1a podr\u00eda desempe\u00f1ar un papel estelar. La riqueza de recursos naturales, el desarrollo de infraestructuras y las profundas capacidades t\u00e9cnicas de este pa\u00eds lo sit\u00faan en una posici\u00f3n ideal para liderar una transici\u00f3n verde.<\/p>","protected":false},"author":23,"featured_media":4918,"comment_status":"open","ping_status":"open","sticky":false,"template":"","format":"standard","meta":{"yasr_overall_rating":0,"yasr_post_is_review":"","yasr_auto_insert_disabled":"","yasr_review_type":"","footnotes":""},"categories":[56,53],"tags":[],"class_list":["post-4903","post","type-post","status-publish","format-standard","has-post-thumbnail","hentry","category-convergencia-y-sostenibilidad","category-tendencias"],"yasr_visitor_votes":{"number_of_votes":0,"sum_votes":0,"stars_attributes":{"read_only":false,"span_bottom":false}},"yoast_head":"<!-- This site is optimized with the Yoast SEO plugin v27.3 - https:\/\/yoast.com\/product\/yoast-seo-wordpress\/ -->\n<title>Net-zero Spain: Europe\u2019s decarbonization hub - Colombia Inteligente<\/title>\n<meta name=\"robots\" content=\"index, follow, max-snippet:-1, max-image-preview:large, max-video-preview:-1\" \/>\n<link rel=\"canonical\" href=\"https:\/\/colombiainteligente.org\/es_co\/tendencias\/net-zero-spain-europes-decarbonization-hub\/\" \/>\n<meta property=\"og:locale\" content=\"es_ES\" \/>\n<meta property=\"og:type\" content=\"article\" \/>\n<meta property=\"og:title\" content=\"Net-zero Spain: Europe\u2019s decarbonization hub - Colombia Inteligente\" \/>\n<meta property=\"og:description\" content=\"En un mundo que acelera los esfuerzos para combatir el cambio clim\u00e1tico y en medio de crecientes incertidumbres econ\u00f3micas y geopol\u00edticas, Espa\u00f1a podr\u00eda desempe\u00f1ar un papel estelar. La riqueza de recursos naturales, el desarrollo de infraestructuras y las profundas capacidades t\u00e9cnicas de este pa\u00eds lo sit\u00faan en una posici\u00f3n ideal para liderar una transici\u00f3n verde.\" \/>\n<meta property=\"og:url\" content=\"https:\/\/colombiainteligente.org\/es_co\/tendencias\/net-zero-spain-europes-decarbonization-hub\/\" \/>\n<meta property=\"og:site_name\" content=\"Colombia Inteligente\" \/>\n<meta property=\"article:published_time\" content=\"2022-10-03T18:08:58+00:00\" \/>\n<meta property=\"article:modified_time\" content=\"2022-12-21T18:10:07+00:00\" \/>\n<meta property=\"og:image\" content=\"https:\/\/colombiainteligente.org\/wp-content\/uploads\/2022\/12\/Net-zero-Spain-Europes-decarbonization-hub.jpg\" \/>\n\t<meta property=\"og:image:width\" content=\"391\" \/>\n\t<meta property=\"og:image:height\" content=\"493\" \/>\n\t<meta property=\"og:image:type\" content=\"image\/jpeg\" \/>\n<meta name=\"author\" content=\"DIFUSI\u00d3N COLOMBIA INTELIGENTE\" \/>\n<meta name=\"twitter:card\" content=\"summary_large_image\" \/>\n<meta name=\"twitter:creator\" content=\"@colombiaintelig\" \/>\n<meta name=\"twitter:site\" content=\"@colombiaintelig\" \/>\n<meta name=\"twitter:label1\" content=\"Escrito por\" \/>\n\t<meta name=\"twitter:data1\" content=\"DIFUSI\u00d3N COLOMBIA INTELIGENTE\" \/>\n\t<meta name=\"twitter:label2\" content=\"Tiempo estimado de lectura\" \/>\n\t<meta name=\"twitter:data2\" content=\"1 minuto\" \/>\n<script type=\"application\/ld+json\" class=\"yoast-schema-graph\">{\"@context\":\"https:\\\/\\\/schema.org\",\"@graph\":[{\"@type\":\"Article\",\"@id\":\"https:\\\/\\\/colombiainteligente.org\\\/tendencias\\\/net-zero-spain-europes-decarbonization-hub\\\/#article\",\"isPartOf\":{\"@id\":\"https:\\\/\\\/colombiainteligente.org\\\/tendencias\\\/net-zero-spain-europes-decarbonization-hub\\\/\"},\"author\":{\"name\":\"DIFUSI\u00d3N COLOMBIA INTELIGENTE\",\"@id\":\"https:\\\/\\\/colombiainteligente.org\\\/#\\\/schema\\\/person\\\/e207145d548b75a6d339ff1d4d3b0432\"},\"headline\":\"Net-zero Spain: Europe\u2019s decarbonization hub\",\"datePublished\":\"2022-10-03T18:08:58+00:00\",\"dateModified\":\"2022-12-21T18:10:07+00:00\",\"mainEntityOfPage\":{\"@id\":\"https:\\\/\\\/colombiainteligente.org\\\/tendencias\\\/net-zero-spain-europes-decarbonization-hub\\\/\"},\"wordCount\":281,\"commentCount\":0,\"publisher\":{\"@id\":\"https:\\\/\\\/colombiainteligente.org\\\/#organization\"},\"image\":{\"@id\":\"https:\\\/\\\/colombiainteligente.org\\\/tendencias\\\/net-zero-spain-europes-decarbonization-hub\\\/#primaryimage\"},\"thumbnailUrl\":\"https:\\\/\\\/colombiainteligente.org\\\/wp-content\\\/uploads\\\/2022\\\/12\\\/Net-zero-Spain-Europes-decarbonization-hub.jpg\",\"articleSection\":[\"Convergencia y Sostenibilidad\",\"Tendencias\"],\"inLanguage\":\"es-CO\",\"potentialAction\":[{\"@type\":\"CommentAction\",\"name\":\"Comment\",\"target\":[\"https:\\\/\\\/colombiainteligente.org\\\/tendencias\\\/net-zero-spain-europes-decarbonization-hub\\\/#respond\"]}]},{\"@type\":\"WebPage\",\"@id\":\"https:\\\/\\\/colombiainteligente.org\\\/tendencias\\\/net-zero-spain-europes-decarbonization-hub\\\/\",\"url\":\"https:\\\/\\\/colombiainteligente.org\\\/tendencias\\\/net-zero-spain-europes-decarbonization-hub\\\/\",\"name\":\"Net-zero Spain: Europe\u2019s decarbonization hub - Colombia Inteligente\",\"isPartOf\":{\"@id\":\"https:\\\/\\\/colombiainteligente.org\\\/#website\"},\"primaryImageOfPage\":{\"@id\":\"https:\\\/\\\/colombiainteligente.org\\\/tendencias\\\/net-zero-spain-europes-decarbonization-hub\\\/#primaryimage\"},\"image\":{\"@id\":\"https:\\\/\\\/colombiainteligente.org\\\/tendencias\\\/net-zero-spain-europes-decarbonization-hub\\\/#primaryimage\"},\"thumbnailUrl\":\"https:\\\/\\\/colombiainteligente.org\\\/wp-content\\\/uploads\\\/2022\\\/12\\\/Net-zero-Spain-Europes-decarbonization-hub.jpg\",\"datePublished\":\"2022-10-03T18:08:58+00:00\",\"dateModified\":\"2022-12-21T18:10:07+00:00\",\"breadcrumb\":{\"@id\":\"https:\\\/\\\/colombiainteligente.org\\\/tendencias\\\/net-zero-spain-europes-decarbonization-hub\\\/#breadcrumb\"},\"inLanguage\":\"es-CO\",\"potentialAction\":[{\"@type\":\"ReadAction\",\"target\":[\"https:\\\/\\\/colombiainteligente.org\\\/tendencias\\\/net-zero-spain-europes-decarbonization-hub\\\/\"]}]},{\"@type\":\"ImageObject\",\"inLanguage\":\"es-CO\",\"@id\":\"https:\\\/\\\/colombiainteligente.org\\\/tendencias\\\/net-zero-spain-europes-decarbonization-hub\\\/#primaryimage\",\"url\":\"https:\\\/\\\/colombiainteligente.org\\\/wp-content\\\/uploads\\\/2022\\\/12\\\/Net-zero-Spain-Europes-decarbonization-hub.jpg\",\"contentUrl\":\"https:\\\/\\\/colombiainteligente.org\\\/wp-content\\\/uploads\\\/2022\\\/12\\\/Net-zero-Spain-Europes-decarbonization-hub.jpg\",\"width\":391,\"height\":493,\"caption\":\"Net-zero-Spain-Europes-decarbonization-hub.jpg\"},{\"@type\":\"BreadcrumbList\",\"@id\":\"https:\\\/\\\/colombiainteligente.org\\\/tendencias\\\/net-zero-spain-europes-decarbonization-hub\\\/#breadcrumb\",\"itemListElement\":[{\"@type\":\"ListItem\",\"position\":1,\"name\":\"Portada\",\"item\":\"https:\\\/\\\/colombiainteligente.org\\\/\"},{\"@type\":\"ListItem\",\"position\":2,\"name\":\"Net-zero Spain: Europe\u2019s decarbonization hub\"}]},{\"@type\":\"WebSite\",\"@id\":\"https:\\\/\\\/colombiainteligente.org\\\/#website\",\"url\":\"https:\\\/\\\/colombiainteligente.org\\\/\",\"name\":\"Colombia Inteligente\",\"description\":\"Alianza estrat\u00e9gica, conformada por empresas y entidades, para la inserci\u00f3n integral y eficiente de las redes inteligentes a la infraestructura del sector el\u00e9ctrico colombiano\",\"publisher\":{\"@id\":\"https:\\\/\\\/colombiainteligente.org\\\/#organization\"},\"potentialAction\":[{\"@type\":\"SearchAction\",\"target\":{\"@type\":\"EntryPoint\",\"urlTemplate\":\"https:\\\/\\\/colombiainteligente.org\\\/?s={search_term_string}\"},\"query-input\":{\"@type\":\"PropertyValueSpecification\",\"valueRequired\":true,\"valueName\":\"search_term_string\"}}],\"inLanguage\":\"es-CO\"},{\"@type\":\"Organization\",\"@id\":\"https:\\\/\\\/colombiainteligente.org\\\/#organization\",\"name\":\"Colombia Inteligente\",\"url\":\"https:\\\/\\\/colombiainteligente.org\\\/\",\"logo\":{\"@type\":\"ImageObject\",\"inLanguage\":\"es-CO\",\"@id\":\"https:\\\/\\\/colombiainteligente.org\\\/#\\\/schema\\\/logo\\\/image\\\/\",\"url\":\"https:\\\/\\\/colombiainteligente.org\\\/wp-content\\\/uploads\\\/2022\\\/07\\\/Image.png\",\"contentUrl\":\"https:\\\/\\\/colombiainteligente.org\\\/wp-content\\\/uploads\\\/2022\\\/07\\\/Image.png\",\"width\":588,\"height\":274,\"caption\":\"Colombia Inteligente\"},\"image\":{\"@id\":\"https:\\\/\\\/colombiainteligente.org\\\/#\\\/schema\\\/logo\\\/image\\\/\"},\"sameAs\":[\"https:\\\/\\\/x.com\\\/colombiaintelig\",\"https:\\\/\\\/www.linkedin.com\\\/company\\\/colombiainteligente\\\/\"]},{\"@type\":\"Person\",\"@id\":\"https:\\\/\\\/colombiainteligente.org\\\/#\\\/schema\\\/person\\\/e207145d548b75a6d339ff1d4d3b0432\",\"name\":\"DIFUSI\u00d3N COLOMBIA INTELIGENTE\",\"image\":{\"@type\":\"ImageObject\",\"inLanguage\":\"es-CO\",\"@id\":\"https:\\\/\\\/secure.gravatar.com\\\/avatar\\\/df2e679ff2abf288cf4bf58830dad897e596908105ec8969f50f748a6d837869?s=96&d=mm&r=g\",\"url\":\"https:\\\/\\\/secure.gravatar.com\\\/avatar\\\/df2e679ff2abf288cf4bf58830dad897e596908105ec8969f50f748a6d837869?s=96&d=mm&r=g\",\"contentUrl\":\"https:\\\/\\\/secure.gravatar.com\\\/avatar\\\/df2e679ff2abf288cf4bf58830dad897e596908105ec8969f50f748a6d837869?s=96&d=mm&r=g\",\"caption\":\"DIFUSI\u00d3N COLOMBIA INTELIGENTE\"},\"url\":\"https:\\\/\\\/colombiainteligente.org\\\/es_co\\\/author\\\/difusioncolombiainteligente-org\\\/\"}]}<\/script>\n<!-- \/ Yoast SEO plugin. -->","yoast_head_json":{"title":"Net-zero Spain: Europe\u2019s decarbonization hub - Colombia Inteligente","robots":{"index":"index","follow":"follow","max-snippet":"max-snippet:-1","max-image-preview":"max-image-preview:large","max-video-preview":"max-video-preview:-1"},"canonical":"https:\/\/colombiainteligente.org\/es_co\/tendencias\/net-zero-spain-europes-decarbonization-hub\/","og_locale":"es_ES","og_type":"article","og_title":"Net-zero Spain: Europe\u2019s decarbonization hub - Colombia Inteligente","og_description":"En un mundo que acelera los esfuerzos para combatir el cambio clim\u00e1tico y en medio de crecientes incertidumbres econ\u00f3micas y geopol\u00edticas, Espa\u00f1a podr\u00eda desempe\u00f1ar un papel estelar. La riqueza de recursos naturales, el desarrollo de infraestructuras y las profundas capacidades t\u00e9cnicas de este pa\u00eds lo sit\u00faan en una posici\u00f3n ideal para liderar una transici\u00f3n verde.","og_url":"https:\/\/colombiainteligente.org\/es_co\/tendencias\/net-zero-spain-europes-decarbonization-hub\/","og_site_name":"Colombia Inteligente","article_published_time":"2022-10-03T18:08:58+00:00","article_modified_time":"2022-12-21T18:10:07+00:00","og_image":[{"width":391,"height":493,"url":"https:\/\/colombiainteligente.org\/wp-content\/uploads\/2022\/12\/Net-zero-Spain-Europes-decarbonization-hub.jpg","type":"image\/jpeg"}],"author":"DIFUSI\u00d3N COLOMBIA INTELIGENTE","twitter_card":"summary_large_image","twitter_creator":"@colombiaintelig","twitter_site":"@colombiaintelig","twitter_misc":{"Escrito por":"DIFUSI\u00d3N COLOMBIA INTELIGENTE","Tiempo estimado de lectura":"1 minuto"},"schema":{"@context":"https:\/\/schema.org","@graph":[{"@type":"Article","@id":"https:\/\/colombiainteligente.org\/tendencias\/net-zero-spain-europes-decarbonization-hub\/#article","isPartOf":{"@id":"https:\/\/colombiainteligente.org\/tendencias\/net-zero-spain-europes-decarbonization-hub\/"},"author":{"name":"DIFUSI\u00d3N COLOMBIA INTELIGENTE","@id":"https:\/\/colombiainteligente.org\/#\/schema\/person\/e207145d548b75a6d339ff1d4d3b0432"},"headline":"Net-zero Spain: Europe\u2019s decarbonization hub","datePublished":"2022-10-03T18:08:58+00:00","dateModified":"2022-12-21T18:10:07+00:00","mainEntityOfPage":{"@id":"https:\/\/colombiainteligente.org\/tendencias\/net-zero-spain-europes-decarbonization-hub\/"},"wordCount":281,"commentCount":0,"publisher":{"@id":"https:\/\/colombiainteligente.org\/#organization"},"image":{"@id":"https:\/\/colombiainteligente.org\/tendencias\/net-zero-spain-europes-decarbonization-hub\/#primaryimage"},"thumbnailUrl":"https:\/\/colombiainteligente.org\/wp-content\/uploads\/2022\/12\/Net-zero-Spain-Europes-decarbonization-hub.jpg","articleSection":["Convergencia y Sostenibilidad","Tendencias"],"inLanguage":"es-CO","potentialAction":[{"@type":"CommentAction","name":"Comment","target":["https:\/\/colombiainteligente.org\/tendencias\/net-zero-spain-europes-decarbonization-hub\/#respond"]}]},{"@type":"WebPage","@id":"https:\/\/colombiainteligente.org\/tendencias\/net-zero-spain-europes-decarbonization-hub\/","url":"https:\/\/colombiainteligente.org\/tendencias\/net-zero-spain-europes-decarbonization-hub\/","name":"Net-zero Spain: Europe\u2019s decarbonization hub - Colombia Inteligente","isPartOf":{"@id":"https:\/\/colombiainteligente.org\/#website"},"primaryImageOfPage":{"@id":"https:\/\/colombiainteligente.org\/tendencias\/net-zero-spain-europes-decarbonization-hub\/#primaryimage"},"image":{"@id":"https:\/\/colombiainteligente.org\/tendencias\/net-zero-spain-europes-decarbonization-hub\/#primaryimage"},"thumbnailUrl":"https:\/\/colombiainteligente.org\/wp-content\/uploads\/2022\/12\/Net-zero-Spain-Europes-decarbonization-hub.jpg","datePublished":"2022-10-03T18:08:58+00:00","dateModified":"2022-12-21T18:10:07+00:00","breadcrumb":{"@id":"https:\/\/colombiainteligente.org\/tendencias\/net-zero-spain-europes-decarbonization-hub\/#breadcrumb"},"inLanguage":"es-CO","potentialAction":[{"@type":"ReadAction","target":["https:\/\/colombiainteligente.org\/tendencias\/net-zero-spain-europes-decarbonization-hub\/"]}]},{"@type":"ImageObject","inLanguage":"es-CO","@id":"https:\/\/colombiainteligente.org\/tendencias\/net-zero-spain-europes-decarbonization-hub\/#primaryimage","url":"https:\/\/colombiainteligente.org\/wp-content\/uploads\/2022\/12\/Net-zero-Spain-Europes-decarbonization-hub.jpg","contentUrl":"https:\/\/colombiainteligente.org\/wp-content\/uploads\/2022\/12\/Net-zero-Spain-Europes-decarbonization-hub.jpg","width":391,"height":493,"caption":"Net-zero-Spain-Europes-decarbonization-hub.jpg"},{"@type":"BreadcrumbList","@id":"https:\/\/colombiainteligente.org\/tendencias\/net-zero-spain-europes-decarbonization-hub\/#breadcrumb","itemListElement":[{"@type":"ListItem","position":1,"name":"Portada","item":"https:\/\/colombiainteligente.org\/"},{"@type":"ListItem","position":2,"name":"Net-zero Spain: Europe\u2019s decarbonization hub"}]},{"@type":"WebSite","@id":"https:\/\/colombiainteligente.org\/#website","url":"https:\/\/colombiainteligente.org\/","name":"Colombia Inteligente","description":"Alianza estrat\u00e9gica, conformada por empresas y entidades, para la inserci\u00f3n integral y eficiente de las redes inteligentes a la infraestructura del sector el\u00e9ctrico colombiano","publisher":{"@id":"https:\/\/colombiainteligente.org\/#organization"},"potentialAction":[{"@type":"SearchAction","target":{"@type":"EntryPoint","urlTemplate":"https:\/\/colombiainteligente.org\/?s={search_term_string}"},"query-input":{"@type":"PropertyValueSpecification","valueRequired":true,"valueName":"search_term_string"}}],"inLanguage":"es-CO"},{"@type":"Organization","@id":"https:\/\/colombiainteligente.org\/#organization","name":"Colombia Inteligente","url":"https:\/\/colombiainteligente.org\/","logo":{"@type":"ImageObject","inLanguage":"es-CO","@id":"https:\/\/colombiainteligente.org\/#\/schema\/logo\/image\/","url":"https:\/\/colombiainteligente.org\/wp-content\/uploads\/2022\/07\/Image.png","contentUrl":"https:\/\/colombiainteligente.org\/wp-content\/uploads\/2022\/07\/Image.png","width":588,"height":274,"caption":"Colombia Inteligente"},"image":{"@id":"https:\/\/colombiainteligente.org\/#\/schema\/logo\/image\/"},"sameAs":["https:\/\/x.com\/colombiaintelig","https:\/\/www.linkedin.com\/company\/colombiainteligente\/"]},{"@type":"Person","@id":"https:\/\/colombiainteligente.org\/#\/schema\/person\/e207145d548b75a6d339ff1d4d3b0432","name":"DIFUSI\u00d3N COLOMBIA INTELIGENTE","image":{"@type":"ImageObject","inLanguage":"es-CO","@id":"https:\/\/secure.gravatar.com\/avatar\/df2e679ff2abf288cf4bf58830dad897e596908105ec8969f50f748a6d837869?s=96&d=mm&r=g","url":"https:\/\/secure.gravatar.com\/avatar\/df2e679ff2abf288cf4bf58830dad897e596908105ec8969f50f748a6d837869?s=96&d=mm&r=g","contentUrl":"https:\/\/secure.gravatar.com\/avatar\/df2e679ff2abf288cf4bf58830dad897e596908105ec8969f50f748a6d837869?s=96&d=mm&r=g","caption":"DIFUSI\u00d3N COLOMBIA INTELIGENTE"},"url":"https:\/\/colombiainteligente.org\/es_co\/author\/difusioncolombiainteligente-org\/"}]}},"_links":{"self":[{"href":"https:\/\/colombiainteligente.org\/es_co\/wp-json\/wp\/v2\/posts\/4903","targetHints":{"allow":["GET"]}}],"collection":[{"href":"https:\/\/colombiainteligente.org\/es_co\/wp-json\/wp\/v2\/posts"}],"about":[{"href":"https:\/\/colombiainteligente.org\/es_co\/wp-json\/wp\/v2\/types\/post"}],"author":[{"embeddable":true,"href":"https:\/\/colombiainteligente.org\/es_co\/wp-json\/wp\/v2\/users\/23"}],"replies":[{"embeddable":true,"href":"https:\/\/colombiainteligente.org\/es_co\/wp-json\/wp\/v2\/comments?post=4903"}],"version-history":[{"count":4,"href":"https:\/\/colombiainteligente.org\/es_co\/wp-json\/wp\/v2\/posts\/4903\/revisions"}],"predecessor-version":[{"id":4930,"href":"https:\/\/colombiainteligente.org\/es_co\/wp-json\/wp\/v2\/posts\/4903\/revisions\/4930"}],"wp:featuredmedia":[{"embeddable":true,"href":"https:\/\/colombiainteligente.org\/es_co\/wp-json\/wp\/v2\/media\/4918"}],"wp:attachment":[{"href":"https:\/\/colombiainteligente.org\/es_co\/wp-json\/wp\/v2\/media?parent=4903"}],"wp:term":[{"taxonomy":"category","embeddable":true,"href":"https:\/\/colombiainteligente.org\/es_co\/wp-json\/wp\/v2\/categories?post=4903"},{"taxonomy":"post_tag","embeddable":true,"href":"https:\/\/colombiainteligente.org\/es_co\/wp-json\/wp\/v2\/tags?post=4903"}],"curies":[{"name":"wp","href":"https:\/\/api.w.org\/{rel}","templated":true}]}}