{"id":50339,"date":"2024-11-26T14:55:00","date_gmt":"2024-11-26T19:55:00","guid":{"rendered":"https:\/\/colombiainteligente.org\/?p=50339"},"modified":"2024-11-26T14:56:29","modified_gmt":"2024-11-26T19:56:29","slug":"el-sector-eolico-en-mexico-analisis-sobre-lo-que-hay-y-lo-que-falta","status":"publish","type":"post","link":"https:\/\/colombiainteligente.org\/es_co\/noticias-sectoriales\/el-sector-eolico-en-mexico-analisis-sobre-lo-que-hay-y-lo-que-falta\/","title":{"rendered":"El sector e\u00f3lico en M\u00e9xico: an\u00e1lisis sobre lo que hay y lo que falta"},"content":{"rendered":"<div data-elementor-type=\"wp-post\" data-elementor-id=\"50339\" class=\"elementor elementor-50339\" data-elementor-post-type=\"post\">\n\t\t\t\t\t\t\t\t\t<section class=\"elementor-section elementor-top-section elementor-element elementor-element-87c6aa2 elementor-section-boxed elementor-section-height-default elementor-section-height-default\" data-id=\"87c6aa2\" data-element_type=\"section\">\n\t\t\t\t\t\t<div class=\"elementor-container elementor-column-gap-default\">\n\t\t\t\t\t<div class=\"elementor-column elementor-col-100 elementor-top-column elementor-element elementor-element-558bb819\" data-id=\"558bb819\" data-element_type=\"column\">\n\t\t\t<div class=\"elementor-widget-wrap elementor-element-populated\">\n\t\t\t\t\t\t\t\t<div class=\"elementor-element elementor-element-3067325c elementor-widget elementor-widget-text-editor\" data-id=\"3067325c\" data-element_type=\"widget\" data-widget_type=\"text-editor.default\">\n\t\t\t\t<div class=\"elementor-widget-container\">\n\t\t\t<style>\/*! elementor - v3.14.0 - 26-06-2023 *\/\n.elementor-widget-text-editor.elementor-drop-cap-view-stacked .elementor-drop-cap{background-color:#69727d;color:#fff}.elementor-widget-text-editor.elementor-drop-cap-view-framed .elementor-drop-cap{color:#69727d;border:3px solid;background-color:transparent}.elementor-widget-text-editor:not(.elementor-drop-cap-view-default) .elementor-drop-cap{margin-top:8px}.elementor-widget-text-editor:not(.elementor-drop-cap-view-default) .elementor-drop-cap-letter{width:1em;height:1em}.elementor-widget-text-editor .elementor-drop-cap{float:left;text-align:center;line-height:1;font-size:50px}.elementor-widget-text-editor .elementor-drop-cap-letter{display:inline-block}<\/style>\t\t\t\t<div data-google-query-id=\"CMCHhKa2gIUDFYa20QQdDOQEIA\"><div><p style=\"margin: 0in; line-height: 18pt; font-family: Calibri; font-size: 11.0pt;\"><span style=\"color: #323232; background: white;\">La\u00a0<\/span><span style=\"font-weight: bold; color: #323232; background: white;\">Asociaci\u00f3n Mexicana de Energ\u00eda E\u00f3lica (AMDEE)<\/span><span style=\"color: #323232; background: white;\">\u00a0public\u00f3 su\u00a0<\/span><a href=\"https:\/\/amdee.org\/wp-content\/uploads\/2024\/10\/reporte_anual_2024.pdf\"><span style=\"background: white;\">Reporte Anual 2024<\/span><\/a><span style=\"color: #323232; background: white;\">, que contiene el estado del sector e\u00f3lico internacional y nacional, as\u00ed como los retos regulatorios que la iniciativa privada identifica como prioritarios resolver.<\/span><\/p><p style=\"margin: 0in; line-height: 18pt; font-family: Calibri; font-size: 11.0pt; color: #323232;\"><span style=\"background: white;\">El documento observa, vali\u00e9ndose de cifras relevadas por la\u00a0<\/span><span style=\"font-weight: bold; background: white;\">IRENA<\/span><span style=\"background: white;\">\u00a0y\u00a0<\/span><span style=\"font-weight: bold; background: white;\">GWEC<\/span><span style=\"background: white;\">, que se a\u00f1adieron 116 GW de energ\u00eda e\u00f3lica alrededor del mundo en 2023, 106 GW de e\u00f3lica terrestre y 10.8 GW de e\u00f3lica marina.\u00a0<\/span><\/p><p style=\"margin: 0in; line-height: 18pt; font-family: Calibri; font-size: 11.0pt; color: #323232;\"><span style=\"background: white;\">De aquel total, la\u00a0<\/span><span style=\"font-weight: bold; background: white;\">AMDEE<\/span><span style=\"background: white;\">\u00a0precisa que M\u00e9xico habr\u00eda contribuido con la adici\u00f3n de 96 MW de nueva capacidad, a partir de la cual se inyect\u00f3 energ\u00eda e\u00f3lica en la red; es decir que apenas represent\u00f3 el 0,08 % en el escenario global.\u00a0\u00a0<\/span><\/p><p style=\"margin: 0in; line-height: 18pt; font-family: Calibri; font-size: 11.0pt; color: #323232;\">\u00a0<\/p><p style=\"margin: 0in; font-family: Calibri; font-size: 11.0pt;\">\u201cUno de los temas m\u00e1s importantes que se deben mencionar es que tanto GWEC como la IRENA afirman que a\u00fan con el ritmo de crecimiento del a\u00f1o pasado, no alcanzaremos el objetivo de atender la crisis clim\u00e1tica y limitar el calentamiento global a 1.5\u00b0C\u201d, advierte la\u00a0<span style=\"font-weight: bold; color: #323232; background: white;\">AMDEE<\/span>.\u00a0<\/p><p style=\"margin: 0in; font-family: Calibri; font-size: 11.0pt;\">\u00a0<\/p><\/div><p style=\"font-family: 'Segoe UI', 'Segoe UI Web', Arial, Verdana, sans-serif; font-size: 12px;\"><strong style=\"color: var( --e-global-color-text );\"><span style=\"color: var( --e-global-color-text );\">P<\/span><span style=\"color: var( --e-global-color-text );\">ara leer m\u00e1s ingrese a:<\/span><\/strong><\/p><p><a href=\"https:\/\/www.energiaestrategica.com\/el-sector-eolico-en-mexico-analisis-sobre-lo-que-hay-y-lo-que-falta\/\">https:\/\/www.energiaestrategica.com\/el-sector-eolico-en-mexico-analisis-sobre-lo-que-hay-y-lo-que-falta\/<\/a><\/p><\/div>\t\t\t\t\t\t<\/div>\n\t\t\t\t<\/div>\n\t\t\t\t\t<\/div>\n\t\t<\/div>\n\t\t\t\t\t\t\t<\/div>\n\t\t<\/section>\n\t\t\t\t\t\t\t<\/div>\n\t\t<div style=\"text-align:center\" class=\"yasr-auto-insert-visitor\"><\/div>","protected":false},"excerpt":{"rendered":"<p>En operaci\u00f3n, existen 71 parques e\u00f3licos por un total de 7413 MW, lo que representa el 8.26% de la capacidad instalada en el mercado. <\/p>","protected":false},"author":23,"featured_media":50464,"comment_status":"open","ping_status":"open","sticky":false,"template":"","format":"standard","meta":{"yasr_overall_rating":0,"yasr_post_is_review":"","yasr_auto_insert_disabled":"","yasr_review_type":"","footnotes":""},"categories":[52],"tags":[],"class_list":["post-50339","post","type-post","status-publish","format-standard","has-post-thumbnail","hentry","category-noticias-sectoriales"],"yasr_visitor_votes":{"number_of_votes":0,"sum_votes":0,"stars_attributes":{"read_only":false,"span_bottom":false}},"yoast_head":"<!-- This site is optimized with the Yoast SEO plugin v27.3 - https:\/\/yoast.com\/product\/yoast-seo-wordpress\/ -->\n<title>El sector e\u00f3lico en M\u00e9xico: an\u00e1lisis sobre lo que hay y lo que falta - Colombia Inteligente<\/title>\n<meta name=\"robots\" content=\"index, follow, max-snippet:-1, max-image-preview:large, max-video-preview:-1\" \/>\n<link rel=\"canonical\" href=\"https:\/\/colombiainteligente.org\/es_co\/noticias-sectoriales\/el-sector-eolico-en-mexico-analisis-sobre-lo-que-hay-y-lo-que-falta\/\" \/>\n<meta property=\"og:locale\" content=\"es_ES\" \/>\n<meta property=\"og:type\" content=\"article\" \/>\n<meta property=\"og:title\" content=\"El sector e\u00f3lico en M\u00e9xico: an\u00e1lisis sobre lo que hay y lo que falta - Colombia Inteligente\" \/>\n<meta property=\"og:description\" content=\"En operaci\u00f3n, existen 71 parques e\u00f3licos por un total de 7413 MW, lo que representa el 8.26% de la capacidad instalada en el mercado.\" \/>\n<meta property=\"og:url\" content=\"https:\/\/colombiainteligente.org\/es_co\/noticias-sectoriales\/el-sector-eolico-en-mexico-analisis-sobre-lo-que-hay-y-lo-que-falta\/\" \/>\n<meta property=\"og:site_name\" content=\"Colombia Inteligente\" \/>\n<meta property=\"article:published_time\" content=\"2024-11-26T19:55:00+00:00\" \/>\n<meta property=\"article:modified_time\" content=\"2024-11-26T19:56:29+00:00\" \/>\n<meta property=\"og:image\" content=\"https:\/\/colombiainteligente.org\/wp-content\/uploads\/2024\/11\/379241119-12.png\" \/>\n\t<meta property=\"og:image:width\" content=\"1095\" \/>\n\t<meta property=\"og:image:height\" content=\"673\" \/>\n\t<meta property=\"og:image:type\" content=\"image\/png\" \/>\n<meta name=\"author\" content=\"DIFUSI\u00d3N COLOMBIA INTELIGENTE\" \/>\n<meta name=\"twitter:card\" content=\"summary_large_image\" \/>\n<meta name=\"twitter:creator\" content=\"@colombiaintelig\" \/>\n<meta name=\"twitter:site\" content=\"@colombiaintelig\" \/>\n<meta name=\"twitter:label1\" content=\"Escrito por\" \/>\n\t<meta name=\"twitter:data1\" content=\"DIFUSI\u00d3N COLOMBIA INTELIGENTE\" \/>\n\t<meta name=\"twitter:label2\" content=\"Tiempo estimado de lectura\" \/>\n\t<meta name=\"twitter:data2\" content=\"1 minuto\" \/>\n<script type=\"application\/ld+json\" class=\"yoast-schema-graph\">{\"@context\":\"https:\\\/\\\/schema.org\",\"@graph\":[{\"@type\":\"Article\",\"@id\":\"https:\\\/\\\/colombiainteligente.org\\\/noticias-sectoriales\\\/el-sector-eolico-en-mexico-analisis-sobre-lo-que-hay-y-lo-que-falta\\\/#article\",\"isPartOf\":{\"@id\":\"https:\\\/\\\/colombiainteligente.org\\\/noticias-sectoriales\\\/el-sector-eolico-en-mexico-analisis-sobre-lo-que-hay-y-lo-que-falta\\\/\"},\"author\":{\"name\":\"DIFUSI\u00d3N COLOMBIA INTELIGENTE\",\"@id\":\"https:\\\/\\\/colombiainteligente.org\\\/#\\\/schema\\\/person\\\/e207145d548b75a6d339ff1d4d3b0432\"},\"headline\":\"El sector e\u00f3lico en M\u00e9xico: an\u00e1lisis sobre lo que hay y lo que falta\",\"datePublished\":\"2024-11-26T19:55:00+00:00\",\"dateModified\":\"2024-11-26T19:56:29+00:00\",\"mainEntityOfPage\":{\"@id\":\"https:\\\/\\\/colombiainteligente.org\\\/noticias-sectoriales\\\/el-sector-eolico-en-mexico-analisis-sobre-lo-que-hay-y-lo-que-falta\\\/\"},\"wordCount\":200,\"commentCount\":0,\"publisher\":{\"@id\":\"https:\\\/\\\/colombiainteligente.org\\\/#organization\"},\"image\":{\"@id\":\"https:\\\/\\\/colombiainteligente.org\\\/noticias-sectoriales\\\/el-sector-eolico-en-mexico-analisis-sobre-lo-que-hay-y-lo-que-falta\\\/#primaryimage\"},\"thumbnailUrl\":\"https:\\\/\\\/colombiainteligente.org\\\/wp-content\\\/uploads\\\/2024\\\/11\\\/379241119-12.png\",\"articleSection\":[\"Noticias Sectoriales\"],\"inLanguage\":\"es-CO\",\"potentialAction\":[{\"@type\":\"CommentAction\",\"name\":\"Comment\",\"target\":[\"https:\\\/\\\/colombiainteligente.org\\\/noticias-sectoriales\\\/el-sector-eolico-en-mexico-analisis-sobre-lo-que-hay-y-lo-que-falta\\\/#respond\"]}]},{\"@type\":\"WebPage\",\"@id\":\"https:\\\/\\\/colombiainteligente.org\\\/noticias-sectoriales\\\/el-sector-eolico-en-mexico-analisis-sobre-lo-que-hay-y-lo-que-falta\\\/\",\"url\":\"https:\\\/\\\/colombiainteligente.org\\\/noticias-sectoriales\\\/el-sector-eolico-en-mexico-analisis-sobre-lo-que-hay-y-lo-que-falta\\\/\",\"name\":\"El sector e\u00f3lico en M\u00e9xico: an\u00e1lisis sobre lo que hay y lo que falta - Colombia Inteligente\",\"isPartOf\":{\"@id\":\"https:\\\/\\\/colombiainteligente.org\\\/#website\"},\"primaryImageOfPage\":{\"@id\":\"https:\\\/\\\/colombiainteligente.org\\\/noticias-sectoriales\\\/el-sector-eolico-en-mexico-analisis-sobre-lo-que-hay-y-lo-que-falta\\\/#primaryimage\"},\"image\":{\"@id\":\"https:\\\/\\\/colombiainteligente.org\\\/noticias-sectoriales\\\/el-sector-eolico-en-mexico-analisis-sobre-lo-que-hay-y-lo-que-falta\\\/#primaryimage\"},\"thumbnailUrl\":\"https:\\\/\\\/colombiainteligente.org\\\/wp-content\\\/uploads\\\/2024\\\/11\\\/379241119-12.png\",\"datePublished\":\"2024-11-26T19:55:00+00:00\",\"dateModified\":\"2024-11-26T19:56:29+00:00\",\"breadcrumb\":{\"@id\":\"https:\\\/\\\/colombiainteligente.org\\\/noticias-sectoriales\\\/el-sector-eolico-en-mexico-analisis-sobre-lo-que-hay-y-lo-que-falta\\\/#breadcrumb\"},\"inLanguage\":\"es-CO\",\"potentialAction\":[{\"@type\":\"ReadAction\",\"target\":[\"https:\\\/\\\/colombiainteligente.org\\\/noticias-sectoriales\\\/el-sector-eolico-en-mexico-analisis-sobre-lo-que-hay-y-lo-que-falta\\\/\"]}]},{\"@type\":\"ImageObject\",\"inLanguage\":\"es-CO\",\"@id\":\"https:\\\/\\\/colombiainteligente.org\\\/noticias-sectoriales\\\/el-sector-eolico-en-mexico-analisis-sobre-lo-que-hay-y-lo-que-falta\\\/#primaryimage\",\"url\":\"https:\\\/\\\/colombiainteligente.org\\\/wp-content\\\/uploads\\\/2024\\\/11\\\/379241119-12.png\",\"contentUrl\":\"https:\\\/\\\/colombiainteligente.org\\\/wp-content\\\/uploads\\\/2024\\\/11\\\/379241119-12.png\",\"width\":1095,\"height\":673,\"caption\":\"En el mercado mexicano, la tecnolog\u00eda e\u00f3lica alcanza los 7.413 MW.\"},{\"@type\":\"BreadcrumbList\",\"@id\":\"https:\\\/\\\/colombiainteligente.org\\\/noticias-sectoriales\\\/el-sector-eolico-en-mexico-analisis-sobre-lo-que-hay-y-lo-que-falta\\\/#breadcrumb\",\"itemListElement\":[{\"@type\":\"ListItem\",\"position\":1,\"name\":\"Portada\",\"item\":\"https:\\\/\\\/colombiainteligente.org\\\/\"},{\"@type\":\"ListItem\",\"position\":2,\"name\":\"El sector e\u00f3lico en M\u00e9xico: an\u00e1lisis sobre lo que hay y lo que falta\"}]},{\"@type\":\"WebSite\",\"@id\":\"https:\\\/\\\/colombiainteligente.org\\\/#website\",\"url\":\"https:\\\/\\\/colombiainteligente.org\\\/\",\"name\":\"Colombia Inteligente\",\"description\":\"Alianza estrat\u00e9gica, conformada por empresas y entidades, para la inserci\u00f3n integral y eficiente de las redes inteligentes a la infraestructura del sector el\u00e9ctrico colombiano\",\"publisher\":{\"@id\":\"https:\\\/\\\/colombiainteligente.org\\\/#organization\"},\"potentialAction\":[{\"@type\":\"SearchAction\",\"target\":{\"@type\":\"EntryPoint\",\"urlTemplate\":\"https:\\\/\\\/colombiainteligente.org\\\/?s={search_term_string}\"},\"query-input\":{\"@type\":\"PropertyValueSpecification\",\"valueRequired\":true,\"valueName\":\"search_term_string\"}}],\"inLanguage\":\"es-CO\"},{\"@type\":\"Organization\",\"@id\":\"https:\\\/\\\/colombiainteligente.org\\\/#organization\",\"name\":\"Colombia Inteligente\",\"url\":\"https:\\\/\\\/colombiainteligente.org\\\/\",\"logo\":{\"@type\":\"ImageObject\",\"inLanguage\":\"es-CO\",\"@id\":\"https:\\\/\\\/colombiainteligente.org\\\/#\\\/schema\\\/logo\\\/image\\\/\",\"url\":\"https:\\\/\\\/colombiainteligente.org\\\/wp-content\\\/uploads\\\/2022\\\/07\\\/Image.png\",\"contentUrl\":\"https:\\\/\\\/colombiainteligente.org\\\/wp-content\\\/uploads\\\/2022\\\/07\\\/Image.png\",\"width\":588,\"height\":274,\"caption\":\"Colombia Inteligente\"},\"image\":{\"@id\":\"https:\\\/\\\/colombiainteligente.org\\\/#\\\/schema\\\/logo\\\/image\\\/\"},\"sameAs\":[\"https:\\\/\\\/x.com\\\/colombiaintelig\",\"https:\\\/\\\/www.linkedin.com\\\/company\\\/colombiainteligente\\\/\"]},{\"@type\":\"Person\",\"@id\":\"https:\\\/\\\/colombiainteligente.org\\\/#\\\/schema\\\/person\\\/e207145d548b75a6d339ff1d4d3b0432\",\"name\":\"DIFUSI\u00d3N COLOMBIA INTELIGENTE\",\"image\":{\"@type\":\"ImageObject\",\"inLanguage\":\"es-CO\",\"@id\":\"https:\\\/\\\/secure.gravatar.com\\\/avatar\\\/df2e679ff2abf288cf4bf58830dad897e596908105ec8969f50f748a6d837869?s=96&d=mm&r=g\",\"url\":\"https:\\\/\\\/secure.gravatar.com\\\/avatar\\\/df2e679ff2abf288cf4bf58830dad897e596908105ec8969f50f748a6d837869?s=96&d=mm&r=g\",\"contentUrl\":\"https:\\\/\\\/secure.gravatar.com\\\/avatar\\\/df2e679ff2abf288cf4bf58830dad897e596908105ec8969f50f748a6d837869?s=96&d=mm&r=g\",\"caption\":\"DIFUSI\u00d3N COLOMBIA INTELIGENTE\"},\"url\":\"https:\\\/\\\/colombiainteligente.org\\\/es_co\\\/author\\\/difusioncolombiainteligente-org\\\/\"}]}<\/script>\n<!-- \/ Yoast SEO plugin. -->","yoast_head_json":{"title":"El sector e\u00f3lico en M\u00e9xico: an\u00e1lisis sobre lo que hay y lo que falta - Colombia Inteligente","robots":{"index":"index","follow":"follow","max-snippet":"max-snippet:-1","max-image-preview":"max-image-preview:large","max-video-preview":"max-video-preview:-1"},"canonical":"https:\/\/colombiainteligente.org\/es_co\/noticias-sectoriales\/el-sector-eolico-en-mexico-analisis-sobre-lo-que-hay-y-lo-que-falta\/","og_locale":"es_ES","og_type":"article","og_title":"El sector e\u00f3lico en M\u00e9xico: an\u00e1lisis sobre lo que hay y lo que falta - Colombia Inteligente","og_description":"En operaci\u00f3n, existen 71 parques e\u00f3licos por un total de 7413 MW, lo que representa el 8.26% de la capacidad instalada en el mercado.","og_url":"https:\/\/colombiainteligente.org\/es_co\/noticias-sectoriales\/el-sector-eolico-en-mexico-analisis-sobre-lo-que-hay-y-lo-que-falta\/","og_site_name":"Colombia Inteligente","article_published_time":"2024-11-26T19:55:00+00:00","article_modified_time":"2024-11-26T19:56:29+00:00","og_image":[{"width":1095,"height":673,"url":"https:\/\/colombiainteligente.org\/wp-content\/uploads\/2024\/11\/379241119-12.png","type":"image\/png"}],"author":"DIFUSI\u00d3N COLOMBIA INTELIGENTE","twitter_card":"summary_large_image","twitter_creator":"@colombiaintelig","twitter_site":"@colombiaintelig","twitter_misc":{"Escrito por":"DIFUSI\u00d3N COLOMBIA INTELIGENTE","Tiempo estimado de lectura":"1 minuto"},"schema":{"@context":"https:\/\/schema.org","@graph":[{"@type":"Article","@id":"https:\/\/colombiainteligente.org\/noticias-sectoriales\/el-sector-eolico-en-mexico-analisis-sobre-lo-que-hay-y-lo-que-falta\/#article","isPartOf":{"@id":"https:\/\/colombiainteligente.org\/noticias-sectoriales\/el-sector-eolico-en-mexico-analisis-sobre-lo-que-hay-y-lo-que-falta\/"},"author":{"name":"DIFUSI\u00d3N COLOMBIA INTELIGENTE","@id":"https:\/\/colombiainteligente.org\/#\/schema\/person\/e207145d548b75a6d339ff1d4d3b0432"},"headline":"El sector e\u00f3lico en M\u00e9xico: an\u00e1lisis sobre lo que hay y lo que falta","datePublished":"2024-11-26T19:55:00+00:00","dateModified":"2024-11-26T19:56:29+00:00","mainEntityOfPage":{"@id":"https:\/\/colombiainteligente.org\/noticias-sectoriales\/el-sector-eolico-en-mexico-analisis-sobre-lo-que-hay-y-lo-que-falta\/"},"wordCount":200,"commentCount":0,"publisher":{"@id":"https:\/\/colombiainteligente.org\/#organization"},"image":{"@id":"https:\/\/colombiainteligente.org\/noticias-sectoriales\/el-sector-eolico-en-mexico-analisis-sobre-lo-que-hay-y-lo-que-falta\/#primaryimage"},"thumbnailUrl":"https:\/\/colombiainteligente.org\/wp-content\/uploads\/2024\/11\/379241119-12.png","articleSection":["Noticias Sectoriales"],"inLanguage":"es-CO","potentialAction":[{"@type":"CommentAction","name":"Comment","target":["https:\/\/colombiainteligente.org\/noticias-sectoriales\/el-sector-eolico-en-mexico-analisis-sobre-lo-que-hay-y-lo-que-falta\/#respond"]}]},{"@type":"WebPage","@id":"https:\/\/colombiainteligente.org\/noticias-sectoriales\/el-sector-eolico-en-mexico-analisis-sobre-lo-que-hay-y-lo-que-falta\/","url":"https:\/\/colombiainteligente.org\/noticias-sectoriales\/el-sector-eolico-en-mexico-analisis-sobre-lo-que-hay-y-lo-que-falta\/","name":"El sector e\u00f3lico en M\u00e9xico: an\u00e1lisis sobre lo que hay y lo que falta - Colombia Inteligente","isPartOf":{"@id":"https:\/\/colombiainteligente.org\/#website"},"primaryImageOfPage":{"@id":"https:\/\/colombiainteligente.org\/noticias-sectoriales\/el-sector-eolico-en-mexico-analisis-sobre-lo-que-hay-y-lo-que-falta\/#primaryimage"},"image":{"@id":"https:\/\/colombiainteligente.org\/noticias-sectoriales\/el-sector-eolico-en-mexico-analisis-sobre-lo-que-hay-y-lo-que-falta\/#primaryimage"},"thumbnailUrl":"https:\/\/colombiainteligente.org\/wp-content\/uploads\/2024\/11\/379241119-12.png","datePublished":"2024-11-26T19:55:00+00:00","dateModified":"2024-11-26T19:56:29+00:00","breadcrumb":{"@id":"https:\/\/colombiainteligente.org\/noticias-sectoriales\/el-sector-eolico-en-mexico-analisis-sobre-lo-que-hay-y-lo-que-falta\/#breadcrumb"},"inLanguage":"es-CO","potentialAction":[{"@type":"ReadAction","target":["https:\/\/colombiainteligente.org\/noticias-sectoriales\/el-sector-eolico-en-mexico-analisis-sobre-lo-que-hay-y-lo-que-falta\/"]}]},{"@type":"ImageObject","inLanguage":"es-CO","@id":"https:\/\/colombiainteligente.org\/noticias-sectoriales\/el-sector-eolico-en-mexico-analisis-sobre-lo-que-hay-y-lo-que-falta\/#primaryimage","url":"https:\/\/colombiainteligente.org\/wp-content\/uploads\/2024\/11\/379241119-12.png","contentUrl":"https:\/\/colombiainteligente.org\/wp-content\/uploads\/2024\/11\/379241119-12.png","width":1095,"height":673,"caption":"En el mercado mexicano, la tecnolog\u00eda e\u00f3lica alcanza los 7.413 MW."},{"@type":"BreadcrumbList","@id":"https:\/\/colombiainteligente.org\/noticias-sectoriales\/el-sector-eolico-en-mexico-analisis-sobre-lo-que-hay-y-lo-que-falta\/#breadcrumb","itemListElement":[{"@type":"ListItem","position":1,"name":"Portada","item":"https:\/\/colombiainteligente.org\/"},{"@type":"ListItem","position":2,"name":"El sector e\u00f3lico en M\u00e9xico: an\u00e1lisis sobre lo que hay y lo que falta"}]},{"@type":"WebSite","@id":"https:\/\/colombiainteligente.org\/#website","url":"https:\/\/colombiainteligente.org\/","name":"Colombia Inteligente","description":"Alianza estrat\u00e9gica, conformada por empresas y entidades, para la inserci\u00f3n integral y eficiente de las redes inteligentes a la infraestructura del sector el\u00e9ctrico colombiano","publisher":{"@id":"https:\/\/colombiainteligente.org\/#organization"},"potentialAction":[{"@type":"SearchAction","target":{"@type":"EntryPoint","urlTemplate":"https:\/\/colombiainteligente.org\/?s={search_term_string}"},"query-input":{"@type":"PropertyValueSpecification","valueRequired":true,"valueName":"search_term_string"}}],"inLanguage":"es-CO"},{"@type":"Organization","@id":"https:\/\/colombiainteligente.org\/#organization","name":"Colombia Inteligente","url":"https:\/\/colombiainteligente.org\/","logo":{"@type":"ImageObject","inLanguage":"es-CO","@id":"https:\/\/colombiainteligente.org\/#\/schema\/logo\/image\/","url":"https:\/\/colombiainteligente.org\/wp-content\/uploads\/2022\/07\/Image.png","contentUrl":"https:\/\/colombiainteligente.org\/wp-content\/uploads\/2022\/07\/Image.png","width":588,"height":274,"caption":"Colombia Inteligente"},"image":{"@id":"https:\/\/colombiainteligente.org\/#\/schema\/logo\/image\/"},"sameAs":["https:\/\/x.com\/colombiaintelig","https:\/\/www.linkedin.com\/company\/colombiainteligente\/"]},{"@type":"Person","@id":"https:\/\/colombiainteligente.org\/#\/schema\/person\/e207145d548b75a6d339ff1d4d3b0432","name":"DIFUSI\u00d3N COLOMBIA INTELIGENTE","image":{"@type":"ImageObject","inLanguage":"es-CO","@id":"https:\/\/secure.gravatar.com\/avatar\/df2e679ff2abf288cf4bf58830dad897e596908105ec8969f50f748a6d837869?s=96&d=mm&r=g","url":"https:\/\/secure.gravatar.com\/avatar\/df2e679ff2abf288cf4bf58830dad897e596908105ec8969f50f748a6d837869?s=96&d=mm&r=g","contentUrl":"https:\/\/secure.gravatar.com\/avatar\/df2e679ff2abf288cf4bf58830dad897e596908105ec8969f50f748a6d837869?s=96&d=mm&r=g","caption":"DIFUSI\u00d3N COLOMBIA INTELIGENTE"},"url":"https:\/\/colombiainteligente.org\/es_co\/author\/difusioncolombiainteligente-org\/"}]}},"_links":{"self":[{"href":"https:\/\/colombiainteligente.org\/es_co\/wp-json\/wp\/v2\/posts\/50339","targetHints":{"allow":["GET"]}}],"collection":[{"href":"https:\/\/colombiainteligente.org\/es_co\/wp-json\/wp\/v2\/posts"}],"about":[{"href":"https:\/\/colombiainteligente.org\/es_co\/wp-json\/wp\/v2\/types\/post"}],"author":[{"embeddable":true,"href":"https:\/\/colombiainteligente.org\/es_co\/wp-json\/wp\/v2\/users\/23"}],"replies":[{"embeddable":true,"href":"https:\/\/colombiainteligente.org\/es_co\/wp-json\/wp\/v2\/comments?post=50339"}],"version-history":[{"count":4,"href":"https:\/\/colombiainteligente.org\/es_co\/wp-json\/wp\/v2\/posts\/50339\/revisions"}],"predecessor-version":[{"id":50470,"href":"https:\/\/colombiainteligente.org\/es_co\/wp-json\/wp\/v2\/posts\/50339\/revisions\/50470"}],"wp:featuredmedia":[{"embeddable":true,"href":"https:\/\/colombiainteligente.org\/es_co\/wp-json\/wp\/v2\/media\/50464"}],"wp:attachment":[{"href":"https:\/\/colombiainteligente.org\/es_co\/wp-json\/wp\/v2\/media?parent=50339"}],"wp:term":[{"taxonomy":"category","embeddable":true,"href":"https:\/\/colombiainteligente.org\/es_co\/wp-json\/wp\/v2\/categories?post=50339"},{"taxonomy":"post_tag","embeddable":true,"href":"https:\/\/colombiainteligente.org\/es_co\/wp-json\/wp\/v2\/tags?post=50339"}],"curies":[{"name":"wp","href":"https:\/\/api.w.org\/{rel}","templated":true}]}}