{"id":5123,"date":"2022-09-26T15:27:26","date_gmt":"2022-09-26T20:27:26","guid":{"rendered":"https:\/\/colombiainteligente.org\/?p=5123"},"modified":"2022-12-21T15:28:20","modified_gmt":"2022-12-21T20:28:20","slug":"appliances-for-all-assessing-the-inclusivity-of-the-solar-lighting-and-appliances-sector","status":"publish","type":"post","link":"https:\/\/colombiainteligente.org\/es_co\/tendencias\/appliances-for-all-assessing-the-inclusivity-of-the-solar-lighting-and-appliances-sector\/","title":{"rendered":"Appliances for All: Assessing the Inclusivity of the Solar Lighting and Appliances Sector"},"content":{"rendered":"<div data-elementor-type=\"wp-post\" data-elementor-id=\"5123\" class=\"elementor elementor-5123\" data-elementor-post-type=\"post\">\n\t\t\t\t\t\t\t\t\t<section class=\"elementor-section elementor-top-section elementor-element elementor-element-79148795 elementor-section-boxed elementor-section-height-default elementor-section-height-default\" data-id=\"79148795\" data-element_type=\"section\">\n\t\t\t\t\t\t<div class=\"elementor-container elementor-column-gap-default\">\n\t\t\t\t\t<div class=\"elementor-column elementor-col-100 elementor-top-column elementor-element elementor-element-1ece4ebf\" data-id=\"1ece4ebf\" data-element_type=\"column\">\n\t\t\t<div class=\"elementor-widget-wrap elementor-element-populated\">\n\t\t\t\t\t\t\t\t<div class=\"elementor-element elementor-element-7a61c7e5 elementor-widget elementor-widget-text-editor\" data-id=\"7a61c7e5\" data-element_type=\"widget\" data-widget_type=\"text-editor.default\">\n\t\t\t\t<div class=\"elementor-widget-container\">\n\t\t\t<style>\/*! elementor - v3.14.0 - 26-06-2023 *\/\n.elementor-widget-text-editor.elementor-drop-cap-view-stacked .elementor-drop-cap{background-color:#69727d;color:#fff}.elementor-widget-text-editor.elementor-drop-cap-view-framed .elementor-drop-cap{color:#69727d;border:3px solid;background-color:transparent}.elementor-widget-text-editor:not(.elementor-drop-cap-view-default) .elementor-drop-cap{margin-top:8px}.elementor-widget-text-editor:not(.elementor-drop-cap-view-default) .elementor-drop-cap-letter{width:1em;height:1em}.elementor-widget-text-editor .elementor-drop-cap{float:left;text-align:center;line-height:1;font-size:50px}.elementor-widget-text-editor .elementor-drop-cap-letter{display:inline-block}<\/style>\t\t\t\t<p>Mejorar la inclusi\u00f3n es crucial para lograr una transici\u00f3n energ\u00e9tica justa y maximizar los beneficios del acceso a la energ\u00eda, especialmente para grupos vulnerables como las mujeres, las personas con discapacidad y los hogares de bajos ingresos. Este informe examina en qu\u00e9 medida la iluminaci\u00f3n y los electrodom\u00e9sticos solares llegan a las poblaciones clave, y eval\u00faa la inclusi\u00f3n en las pr\u00e1cticas de empleo y la oferta de productos de las empresas solares.<\/p><p>Efficiency for Access analysed 19 household surveys spanning 5,483 solar lighting and appliance customers in eight countries; and self-reported company data from nine solar product manufacturers and distributors. This meta-analysis is a first step towards establishing a baseline to understand how well the sector is performing across different facets of inclusivity.<\/p><p>Para leer m\u00e1s ingrese a:<\/p><p><a href=\"https:\/\/efficiencyforaccess.org\/publications\/appliances-for-all-assessing-the-inclusivity-of-the-solar-lighting-and-appliances-sector\">https:\/\/efficiencyforaccess.org\/publications\/appliances-for-all-assessing-the-inclusivity-of-the-solar-lighting-and-appliances-sector<\/a><\/p><p><a href=\"https:\/\/storage.googleapis.com\/e4a-website-assets\/Appliances-for-All-Assessing-the-Inclusivity-of-the-Solar-Lighting-and-Appliances-Sector.pdf\">https:\/\/storage.googleapis.com\/e4a-website-assets\/Appliances-for-All-Assessing-the-Inclusivity-of-the-Solar-Lighting-and-Appliances-Sector.pdf<\/a><\/p>\t\t\t\t\t\t<\/div>\n\t\t\t\t<\/div>\n\t\t\t\t\t<\/div>\n\t\t<\/div>\n\t\t\t\t\t\t\t<\/div>\n\t\t<\/section>\n\t\t\t\t\t\t\t<\/div>\n\t\t<div style=\"text-align:center\" class=\"yasr-auto-insert-visitor\"><\/div>","protected":false},"excerpt":{"rendered":"<p>Mejorar la inclusi\u00f3n es crucial para lograr una transici\u00f3n energ\u00e9tica justa y maximizar los beneficios del acceso a la energ\u00eda, especialmente para grupos vulnerables como las mujeres, las personas con discapacidad y los hogares de bajos ingresos. Este informe examina en qu\u00e9 medida la iluminaci\u00f3n y los electrodom\u00e9sticos solares llegan a las poblaciones clave, y eval\u00faa la inclusi\u00f3n en las pr\u00e1cticas de empleo y la oferta de productos de las empresas solares.<\/p>","protected":false},"author":23,"featured_media":5038,"comment_status":"open","ping_status":"open","sticky":false,"template":"","format":"standard","meta":{"yasr_overall_rating":0,"yasr_post_is_review":"","yasr_auto_insert_disabled":"","yasr_review_type":"","footnotes":""},"categories":[54,53],"tags":[],"class_list":["post-5123","post","type-post","status-publish","format-standard","has-post-thumbnail","hentry","category-energia-que-transforma","category-tendencias"],"yasr_visitor_votes":{"number_of_votes":0,"sum_votes":0,"stars_attributes":{"read_only":false,"span_bottom":false}},"yoast_head":"<!-- This site is optimized with the Yoast SEO plugin v27.3 - https:\/\/yoast.com\/product\/yoast-seo-wordpress\/ -->\n<title>Appliances for All: Assessing the Inclusivity of the Solar Lighting and Appliances Sector - Colombia Inteligente<\/title>\n<meta name=\"robots\" content=\"index, follow, max-snippet:-1, max-image-preview:large, max-video-preview:-1\" \/>\n<link rel=\"canonical\" href=\"https:\/\/colombiainteligente.org\/es_co\/tendencias\/appliances-for-all-assessing-the-inclusivity-of-the-solar-lighting-and-appliances-sector\/\" \/>\n<meta property=\"og:locale\" content=\"es_ES\" \/>\n<meta property=\"og:type\" content=\"article\" \/>\n<meta property=\"og:title\" content=\"Appliances for All: Assessing the Inclusivity of the Solar Lighting and Appliances Sector - Colombia Inteligente\" \/>\n<meta property=\"og:description\" content=\"Mejorar la inclusi\u00f3n es crucial para lograr una transici\u00f3n energ\u00e9tica justa y maximizar los beneficios del acceso a la energ\u00eda, especialmente para grupos vulnerables como las mujeres, las personas con discapacidad y los hogares de bajos ingresos. Este informe examina en qu\u00e9 medida la iluminaci\u00f3n y los electrodom\u00e9sticos solares llegan a las poblaciones clave, y eval\u00faa la inclusi\u00f3n en las pr\u00e1cticas de empleo y la oferta de productos de las empresas solares.\" \/>\n<meta property=\"og:url\" content=\"https:\/\/colombiainteligente.org\/es_co\/tendencias\/appliances-for-all-assessing-the-inclusivity-of-the-solar-lighting-and-appliances-sector\/\" \/>\n<meta property=\"og:site_name\" content=\"Colombia Inteligente\" \/>\n<meta property=\"article:published_time\" content=\"2022-09-26T20:27:26+00:00\" \/>\n<meta property=\"article:modified_time\" content=\"2022-12-21T20:28:20+00:00\" \/>\n<meta property=\"og:image\" content=\"https:\/\/colombiainteligente.org\/wp-content\/uploads\/2022\/12\/2710922-3-energia-Appliances-for-All-Assessing-the-Inclusivity-of-the-Solar-Lighting-and-Appliances-Sector.jpg\" \/>\n\t<meta property=\"og:image:width\" content=\"355\" \/>\n\t<meta property=\"og:image:height\" content=\"497\" \/>\n\t<meta property=\"og:image:type\" content=\"image\/jpeg\" \/>\n<meta name=\"author\" content=\"DIFUSI\u00d3N COLOMBIA INTELIGENTE\" \/>\n<meta name=\"twitter:card\" content=\"summary_large_image\" \/>\n<meta name=\"twitter:creator\" content=\"@colombiaintelig\" \/>\n<meta name=\"twitter:site\" content=\"@colombiaintelig\" \/>\n<meta name=\"twitter:label1\" content=\"Escrito por\" \/>\n\t<meta name=\"twitter:data1\" content=\"DIFUSI\u00d3N COLOMBIA INTELIGENTE\" \/>\n\t<meta name=\"twitter:label2\" content=\"Tiempo estimado de lectura\" \/>\n\t<meta name=\"twitter:data2\" content=\"1 minuto\" \/>\n<script type=\"application\/ld+json\" class=\"yoast-schema-graph\">{\"@context\":\"https:\\\/\\\/schema.org\",\"@graph\":[{\"@type\":\"Article\",\"@id\":\"https:\\\/\\\/colombiainteligente.org\\\/tendencias\\\/appliances-for-all-assessing-the-inclusivity-of-the-solar-lighting-and-appliances-sector\\\/#article\",\"isPartOf\":{\"@id\":\"https:\\\/\\\/colombiainteligente.org\\\/tendencias\\\/appliances-for-all-assessing-the-inclusivity-of-the-solar-lighting-and-appliances-sector\\\/\"},\"author\":{\"name\":\"DIFUSI\u00d3N COLOMBIA INTELIGENTE\",\"@id\":\"https:\\\/\\\/colombiainteligente.org\\\/#\\\/schema\\\/person\\\/e207145d548b75a6d339ff1d4d3b0432\"},\"headline\":\"Appliances for All: Assessing the Inclusivity of the Solar Lighting and Appliances Sector\",\"datePublished\":\"2022-09-26T20:27:26+00:00\",\"dateModified\":\"2022-12-21T20:28:20+00:00\",\"mainEntityOfPage\":{\"@id\":\"https:\\\/\\\/colombiainteligente.org\\\/tendencias\\\/appliances-for-all-assessing-the-inclusivity-of-the-solar-lighting-and-appliances-sector\\\/\"},\"wordCount\":162,\"commentCount\":0,\"publisher\":{\"@id\":\"https:\\\/\\\/colombiainteligente.org\\\/#organization\"},\"image\":{\"@id\":\"https:\\\/\\\/colombiainteligente.org\\\/tendencias\\\/appliances-for-all-assessing-the-inclusivity-of-the-solar-lighting-and-appliances-sector\\\/#primaryimage\"},\"thumbnailUrl\":\"https:\\\/\\\/colombiainteligente.org\\\/wp-content\\\/uploads\\\/2022\\\/12\\\/2710922-3-energia-Appliances-for-All-Assessing-the-Inclusivity-of-the-Solar-Lighting-and-Appliances-Sector.jpg\",\"articleSection\":[\"Energ\u00eda que transforma\",\"Tendencias\"],\"inLanguage\":\"es-CO\",\"potentialAction\":[{\"@type\":\"CommentAction\",\"name\":\"Comment\",\"target\":[\"https:\\\/\\\/colombiainteligente.org\\\/tendencias\\\/appliances-for-all-assessing-the-inclusivity-of-the-solar-lighting-and-appliances-sector\\\/#respond\"]}]},{\"@type\":\"WebPage\",\"@id\":\"https:\\\/\\\/colombiainteligente.org\\\/tendencias\\\/appliances-for-all-assessing-the-inclusivity-of-the-solar-lighting-and-appliances-sector\\\/\",\"url\":\"https:\\\/\\\/colombiainteligente.org\\\/tendencias\\\/appliances-for-all-assessing-the-inclusivity-of-the-solar-lighting-and-appliances-sector\\\/\",\"name\":\"Appliances for All: Assessing the Inclusivity of the Solar Lighting and Appliances Sector - Colombia Inteligente\",\"isPartOf\":{\"@id\":\"https:\\\/\\\/colombiainteligente.org\\\/#website\"},\"primaryImageOfPage\":{\"@id\":\"https:\\\/\\\/colombiainteligente.org\\\/tendencias\\\/appliances-for-all-assessing-the-inclusivity-of-the-solar-lighting-and-appliances-sector\\\/#primaryimage\"},\"image\":{\"@id\":\"https:\\\/\\\/colombiainteligente.org\\\/tendencias\\\/appliances-for-all-assessing-the-inclusivity-of-the-solar-lighting-and-appliances-sector\\\/#primaryimage\"},\"thumbnailUrl\":\"https:\\\/\\\/colombiainteligente.org\\\/wp-content\\\/uploads\\\/2022\\\/12\\\/2710922-3-energia-Appliances-for-All-Assessing-the-Inclusivity-of-the-Solar-Lighting-and-Appliances-Sector.jpg\",\"datePublished\":\"2022-09-26T20:27:26+00:00\",\"dateModified\":\"2022-12-21T20:28:20+00:00\",\"breadcrumb\":{\"@id\":\"https:\\\/\\\/colombiainteligente.org\\\/tendencias\\\/appliances-for-all-assessing-the-inclusivity-of-the-solar-lighting-and-appliances-sector\\\/#breadcrumb\"},\"inLanguage\":\"es-CO\",\"potentialAction\":[{\"@type\":\"ReadAction\",\"target\":[\"https:\\\/\\\/colombiainteligente.org\\\/tendencias\\\/appliances-for-all-assessing-the-inclusivity-of-the-solar-lighting-and-appliances-sector\\\/\"]}]},{\"@type\":\"ImageObject\",\"inLanguage\":\"es-CO\",\"@id\":\"https:\\\/\\\/colombiainteligente.org\\\/tendencias\\\/appliances-for-all-assessing-the-inclusivity-of-the-solar-lighting-and-appliances-sector\\\/#primaryimage\",\"url\":\"https:\\\/\\\/colombiainteligente.org\\\/wp-content\\\/uploads\\\/2022\\\/12\\\/2710922-3-energia-Appliances-for-All-Assessing-the-Inclusivity-of-the-Solar-Lighting-and-Appliances-Sector.jpg\",\"contentUrl\":\"https:\\\/\\\/colombiainteligente.org\\\/wp-content\\\/uploads\\\/2022\\\/12\\\/2710922-3-energia-Appliances-for-All-Assessing-the-Inclusivity-of-the-Solar-Lighting-and-Appliances-Sector.jpg\",\"width\":355,\"height\":497,\"caption\":\"2710922-3-energia-Appliances-for-All-Assessing-the-Inclusivity-of-the-Solar-Lighting-and-Appliances-Sector.jpg\"},{\"@type\":\"BreadcrumbList\",\"@id\":\"https:\\\/\\\/colombiainteligente.org\\\/tendencias\\\/appliances-for-all-assessing-the-inclusivity-of-the-solar-lighting-and-appliances-sector\\\/#breadcrumb\",\"itemListElement\":[{\"@type\":\"ListItem\",\"position\":1,\"name\":\"Portada\",\"item\":\"https:\\\/\\\/colombiainteligente.org\\\/\"},{\"@type\":\"ListItem\",\"position\":2,\"name\":\"Appliances for All: Assessing the Inclusivity of the Solar Lighting and Appliances Sector\"}]},{\"@type\":\"WebSite\",\"@id\":\"https:\\\/\\\/colombiainteligente.org\\\/#website\",\"url\":\"https:\\\/\\\/colombiainteligente.org\\\/\",\"name\":\"Colombia Inteligente\",\"description\":\"Alianza estrat\u00e9gica, conformada por empresas y entidades, para la inserci\u00f3n integral y eficiente de las redes inteligentes a la infraestructura del sector el\u00e9ctrico colombiano\",\"publisher\":{\"@id\":\"https:\\\/\\\/colombiainteligente.org\\\/#organization\"},\"potentialAction\":[{\"@type\":\"SearchAction\",\"target\":{\"@type\":\"EntryPoint\",\"urlTemplate\":\"https:\\\/\\\/colombiainteligente.org\\\/?s={search_term_string}\"},\"query-input\":{\"@type\":\"PropertyValueSpecification\",\"valueRequired\":true,\"valueName\":\"search_term_string\"}}],\"inLanguage\":\"es-CO\"},{\"@type\":\"Organization\",\"@id\":\"https:\\\/\\\/colombiainteligente.org\\\/#organization\",\"name\":\"Colombia Inteligente\",\"url\":\"https:\\\/\\\/colombiainteligente.org\\\/\",\"logo\":{\"@type\":\"ImageObject\",\"inLanguage\":\"es-CO\",\"@id\":\"https:\\\/\\\/colombiainteligente.org\\\/#\\\/schema\\\/logo\\\/image\\\/\",\"url\":\"https:\\\/\\\/colombiainteligente.org\\\/wp-content\\\/uploads\\\/2022\\\/07\\\/Image.png\",\"contentUrl\":\"https:\\\/\\\/colombiainteligente.org\\\/wp-content\\\/uploads\\\/2022\\\/07\\\/Image.png\",\"width\":588,\"height\":274,\"caption\":\"Colombia Inteligente\"},\"image\":{\"@id\":\"https:\\\/\\\/colombiainteligente.org\\\/#\\\/schema\\\/logo\\\/image\\\/\"},\"sameAs\":[\"https:\\\/\\\/x.com\\\/colombiaintelig\",\"https:\\\/\\\/www.linkedin.com\\\/company\\\/colombiainteligente\\\/\"]},{\"@type\":\"Person\",\"@id\":\"https:\\\/\\\/colombiainteligente.org\\\/#\\\/schema\\\/person\\\/e207145d548b75a6d339ff1d4d3b0432\",\"name\":\"DIFUSI\u00d3N COLOMBIA INTELIGENTE\",\"image\":{\"@type\":\"ImageObject\",\"inLanguage\":\"es-CO\",\"@id\":\"https:\\\/\\\/secure.gravatar.com\\\/avatar\\\/df2e679ff2abf288cf4bf58830dad897e596908105ec8969f50f748a6d837869?s=96&d=mm&r=g\",\"url\":\"https:\\\/\\\/secure.gravatar.com\\\/avatar\\\/df2e679ff2abf288cf4bf58830dad897e596908105ec8969f50f748a6d837869?s=96&d=mm&r=g\",\"contentUrl\":\"https:\\\/\\\/secure.gravatar.com\\\/avatar\\\/df2e679ff2abf288cf4bf58830dad897e596908105ec8969f50f748a6d837869?s=96&d=mm&r=g\",\"caption\":\"DIFUSI\u00d3N COLOMBIA INTELIGENTE\"},\"url\":\"https:\\\/\\\/colombiainteligente.org\\\/es_co\\\/author\\\/difusioncolombiainteligente-org\\\/\"}]}<\/script>\n<!-- \/ Yoast SEO plugin. -->","yoast_head_json":{"title":"Appliances for All: Assessing the Inclusivity of the Solar Lighting and Appliances Sector - Colombia Inteligente","robots":{"index":"index","follow":"follow","max-snippet":"max-snippet:-1","max-image-preview":"max-image-preview:large","max-video-preview":"max-video-preview:-1"},"canonical":"https:\/\/colombiainteligente.org\/es_co\/tendencias\/appliances-for-all-assessing-the-inclusivity-of-the-solar-lighting-and-appliances-sector\/","og_locale":"es_ES","og_type":"article","og_title":"Appliances for All: Assessing the Inclusivity of the Solar Lighting and Appliances Sector - Colombia Inteligente","og_description":"Mejorar la inclusi\u00f3n es crucial para lograr una transici\u00f3n energ\u00e9tica justa y maximizar los beneficios del acceso a la energ\u00eda, especialmente para grupos vulnerables como las mujeres, las personas con discapacidad y los hogares de bajos ingresos. Este informe examina en qu\u00e9 medida la iluminaci\u00f3n y los electrodom\u00e9sticos solares llegan a las poblaciones clave, y eval\u00faa la inclusi\u00f3n en las pr\u00e1cticas de empleo y la oferta de productos de las empresas solares.","og_url":"https:\/\/colombiainteligente.org\/es_co\/tendencias\/appliances-for-all-assessing-the-inclusivity-of-the-solar-lighting-and-appliances-sector\/","og_site_name":"Colombia Inteligente","article_published_time":"2022-09-26T20:27:26+00:00","article_modified_time":"2022-12-21T20:28:20+00:00","og_image":[{"width":355,"height":497,"url":"https:\/\/colombiainteligente.org\/wp-content\/uploads\/2022\/12\/2710922-3-energia-Appliances-for-All-Assessing-the-Inclusivity-of-the-Solar-Lighting-and-Appliances-Sector.jpg","type":"image\/jpeg"}],"author":"DIFUSI\u00d3N COLOMBIA INTELIGENTE","twitter_card":"summary_large_image","twitter_creator":"@colombiaintelig","twitter_site":"@colombiaintelig","twitter_misc":{"Escrito por":"DIFUSI\u00d3N COLOMBIA INTELIGENTE","Tiempo estimado de lectura":"1 minuto"},"schema":{"@context":"https:\/\/schema.org","@graph":[{"@type":"Article","@id":"https:\/\/colombiainteligente.org\/tendencias\/appliances-for-all-assessing-the-inclusivity-of-the-solar-lighting-and-appliances-sector\/#article","isPartOf":{"@id":"https:\/\/colombiainteligente.org\/tendencias\/appliances-for-all-assessing-the-inclusivity-of-the-solar-lighting-and-appliances-sector\/"},"author":{"name":"DIFUSI\u00d3N COLOMBIA INTELIGENTE","@id":"https:\/\/colombiainteligente.org\/#\/schema\/person\/e207145d548b75a6d339ff1d4d3b0432"},"headline":"Appliances for All: Assessing the Inclusivity of the Solar Lighting and Appliances Sector","datePublished":"2022-09-26T20:27:26+00:00","dateModified":"2022-12-21T20:28:20+00:00","mainEntityOfPage":{"@id":"https:\/\/colombiainteligente.org\/tendencias\/appliances-for-all-assessing-the-inclusivity-of-the-solar-lighting-and-appliances-sector\/"},"wordCount":162,"commentCount":0,"publisher":{"@id":"https:\/\/colombiainteligente.org\/#organization"},"image":{"@id":"https:\/\/colombiainteligente.org\/tendencias\/appliances-for-all-assessing-the-inclusivity-of-the-solar-lighting-and-appliances-sector\/#primaryimage"},"thumbnailUrl":"https:\/\/colombiainteligente.org\/wp-content\/uploads\/2022\/12\/2710922-3-energia-Appliances-for-All-Assessing-the-Inclusivity-of-the-Solar-Lighting-and-Appliances-Sector.jpg","articleSection":["Energ\u00eda que transforma","Tendencias"],"inLanguage":"es-CO","potentialAction":[{"@type":"CommentAction","name":"Comment","target":["https:\/\/colombiainteligente.org\/tendencias\/appliances-for-all-assessing-the-inclusivity-of-the-solar-lighting-and-appliances-sector\/#respond"]}]},{"@type":"WebPage","@id":"https:\/\/colombiainteligente.org\/tendencias\/appliances-for-all-assessing-the-inclusivity-of-the-solar-lighting-and-appliances-sector\/","url":"https:\/\/colombiainteligente.org\/tendencias\/appliances-for-all-assessing-the-inclusivity-of-the-solar-lighting-and-appliances-sector\/","name":"Appliances for All: Assessing the Inclusivity of the Solar Lighting and Appliances Sector - Colombia Inteligente","isPartOf":{"@id":"https:\/\/colombiainteligente.org\/#website"},"primaryImageOfPage":{"@id":"https:\/\/colombiainteligente.org\/tendencias\/appliances-for-all-assessing-the-inclusivity-of-the-solar-lighting-and-appliances-sector\/#primaryimage"},"image":{"@id":"https:\/\/colombiainteligente.org\/tendencias\/appliances-for-all-assessing-the-inclusivity-of-the-solar-lighting-and-appliances-sector\/#primaryimage"},"thumbnailUrl":"https:\/\/colombiainteligente.org\/wp-content\/uploads\/2022\/12\/2710922-3-energia-Appliances-for-All-Assessing-the-Inclusivity-of-the-Solar-Lighting-and-Appliances-Sector.jpg","datePublished":"2022-09-26T20:27:26+00:00","dateModified":"2022-12-21T20:28:20+00:00","breadcrumb":{"@id":"https:\/\/colombiainteligente.org\/tendencias\/appliances-for-all-assessing-the-inclusivity-of-the-solar-lighting-and-appliances-sector\/#breadcrumb"},"inLanguage":"es-CO","potentialAction":[{"@type":"ReadAction","target":["https:\/\/colombiainteligente.org\/tendencias\/appliances-for-all-assessing-the-inclusivity-of-the-solar-lighting-and-appliances-sector\/"]}]},{"@type":"ImageObject","inLanguage":"es-CO","@id":"https:\/\/colombiainteligente.org\/tendencias\/appliances-for-all-assessing-the-inclusivity-of-the-solar-lighting-and-appliances-sector\/#primaryimage","url":"https:\/\/colombiainteligente.org\/wp-content\/uploads\/2022\/12\/2710922-3-energia-Appliances-for-All-Assessing-the-Inclusivity-of-the-Solar-Lighting-and-Appliances-Sector.jpg","contentUrl":"https:\/\/colombiainteligente.org\/wp-content\/uploads\/2022\/12\/2710922-3-energia-Appliances-for-All-Assessing-the-Inclusivity-of-the-Solar-Lighting-and-Appliances-Sector.jpg","width":355,"height":497,"caption":"2710922-3-energia-Appliances-for-All-Assessing-the-Inclusivity-of-the-Solar-Lighting-and-Appliances-Sector.jpg"},{"@type":"BreadcrumbList","@id":"https:\/\/colombiainteligente.org\/tendencias\/appliances-for-all-assessing-the-inclusivity-of-the-solar-lighting-and-appliances-sector\/#breadcrumb","itemListElement":[{"@type":"ListItem","position":1,"name":"Portada","item":"https:\/\/colombiainteligente.org\/"},{"@type":"ListItem","position":2,"name":"Appliances for All: Assessing the Inclusivity of the Solar Lighting and Appliances Sector"}]},{"@type":"WebSite","@id":"https:\/\/colombiainteligente.org\/#website","url":"https:\/\/colombiainteligente.org\/","name":"Colombia Inteligente","description":"Alianza estrat\u00e9gica, conformada por empresas y entidades, para la inserci\u00f3n integral y eficiente de las redes inteligentes a la infraestructura del sector el\u00e9ctrico colombiano","publisher":{"@id":"https:\/\/colombiainteligente.org\/#organization"},"potentialAction":[{"@type":"SearchAction","target":{"@type":"EntryPoint","urlTemplate":"https:\/\/colombiainteligente.org\/?s={search_term_string}"},"query-input":{"@type":"PropertyValueSpecification","valueRequired":true,"valueName":"search_term_string"}}],"inLanguage":"es-CO"},{"@type":"Organization","@id":"https:\/\/colombiainteligente.org\/#organization","name":"Colombia Inteligente","url":"https:\/\/colombiainteligente.org\/","logo":{"@type":"ImageObject","inLanguage":"es-CO","@id":"https:\/\/colombiainteligente.org\/#\/schema\/logo\/image\/","url":"https:\/\/colombiainteligente.org\/wp-content\/uploads\/2022\/07\/Image.png","contentUrl":"https:\/\/colombiainteligente.org\/wp-content\/uploads\/2022\/07\/Image.png","width":588,"height":274,"caption":"Colombia Inteligente"},"image":{"@id":"https:\/\/colombiainteligente.org\/#\/schema\/logo\/image\/"},"sameAs":["https:\/\/x.com\/colombiaintelig","https:\/\/www.linkedin.com\/company\/colombiainteligente\/"]},{"@type":"Person","@id":"https:\/\/colombiainteligente.org\/#\/schema\/person\/e207145d548b75a6d339ff1d4d3b0432","name":"DIFUSI\u00d3N COLOMBIA INTELIGENTE","image":{"@type":"ImageObject","inLanguage":"es-CO","@id":"https:\/\/secure.gravatar.com\/avatar\/df2e679ff2abf288cf4bf58830dad897e596908105ec8969f50f748a6d837869?s=96&d=mm&r=g","url":"https:\/\/secure.gravatar.com\/avatar\/df2e679ff2abf288cf4bf58830dad897e596908105ec8969f50f748a6d837869?s=96&d=mm&r=g","contentUrl":"https:\/\/secure.gravatar.com\/avatar\/df2e679ff2abf288cf4bf58830dad897e596908105ec8969f50f748a6d837869?s=96&d=mm&r=g","caption":"DIFUSI\u00d3N COLOMBIA INTELIGENTE"},"url":"https:\/\/colombiainteligente.org\/es_co\/author\/difusioncolombiainteligente-org\/"}]}},"_links":{"self":[{"href":"https:\/\/colombiainteligente.org\/es_co\/wp-json\/wp\/v2\/posts\/5123","targetHints":{"allow":["GET"]}}],"collection":[{"href":"https:\/\/colombiainteligente.org\/es_co\/wp-json\/wp\/v2\/posts"}],"about":[{"href":"https:\/\/colombiainteligente.org\/es_co\/wp-json\/wp\/v2\/types\/post"}],"author":[{"embeddable":true,"href":"https:\/\/colombiainteligente.org\/es_co\/wp-json\/wp\/v2\/users\/23"}],"replies":[{"embeddable":true,"href":"https:\/\/colombiainteligente.org\/es_co\/wp-json\/wp\/v2\/comments?post=5123"}],"version-history":[{"count":4,"href":"https:\/\/colombiainteligente.org\/es_co\/wp-json\/wp\/v2\/posts\/5123\/revisions"}],"predecessor-version":[{"id":5127,"href":"https:\/\/colombiainteligente.org\/es_co\/wp-json\/wp\/v2\/posts\/5123\/revisions\/5127"}],"wp:featuredmedia":[{"embeddable":true,"href":"https:\/\/colombiainteligente.org\/es_co\/wp-json\/wp\/v2\/media\/5038"}],"wp:attachment":[{"href":"https:\/\/colombiainteligente.org\/es_co\/wp-json\/wp\/v2\/media?parent=5123"}],"wp:term":[{"taxonomy":"category","embeddable":true,"href":"https:\/\/colombiainteligente.org\/es_co\/wp-json\/wp\/v2\/categories?post=5123"},{"taxonomy":"post_tag","embeddable":true,"href":"https:\/\/colombiainteligente.org\/es_co\/wp-json\/wp\/v2\/tags?post=5123"}],"curies":[{"name":"wp","href":"https:\/\/api.w.org\/{rel}","templated":true}]}}