{"id":5199,"date":"2021-04-13T10:35:00","date_gmt":"2021-04-13T15:35:00","guid":{"rendered":"https:\/\/colombiainteligente.org\/?p=5199"},"modified":"2022-12-26T10:39:06","modified_gmt":"2022-12-26T15:39:06","slug":"minnesotas-solar-gardens-the-status-and-benefits-of-community-solar","status":"publish","type":"post","link":"https:\/\/colombiainteligente.org\/es_co\/tendencias\/minnesotas-solar-gardens-the-status-and-benefits-of-community-solar\/","title":{"rendered":"Minnesota\u2019s Solar Gardens: the Status and Benefits of Community Solar"},"content":{"rendered":"<div data-elementor-type=\"wp-post\" data-elementor-id=\"5199\" class=\"elementor elementor-5199\" data-elementor-post-type=\"post\">\n\t\t\t\t\t\t\t\t\t<section class=\"elementor-section elementor-top-section elementor-element elementor-element-79148795 elementor-section-boxed elementor-section-height-default elementor-section-height-default\" data-id=\"79148795\" data-element_type=\"section\">\n\t\t\t\t\t\t<div class=\"elementor-container elementor-column-gap-default\">\n\t\t\t\t\t<div class=\"elementor-column elementor-col-100 elementor-top-column elementor-element elementor-element-1ece4ebf\" data-id=\"1ece4ebf\" data-element_type=\"column\">\n\t\t\t<div class=\"elementor-widget-wrap elementor-element-populated\">\n\t\t\t\t\t\t\t\t<div class=\"elementor-element elementor-element-7a61c7e5 elementor-widget elementor-widget-text-editor\" data-id=\"7a61c7e5\" data-element_type=\"widget\" data-widget_type=\"text-editor.default\">\n\t\t\t\t<div class=\"elementor-widget-container\">\n\t\t\t<style>\/*! elementor - v3.14.0 - 26-06-2023 *\/\n.elementor-widget-text-editor.elementor-drop-cap-view-stacked .elementor-drop-cap{background-color:#69727d;color:#fff}.elementor-widget-text-editor.elementor-drop-cap-view-framed .elementor-drop-cap{color:#69727d;border:3px solid;background-color:transparent}.elementor-widget-text-editor:not(.elementor-drop-cap-view-default) .elementor-drop-cap{margin-top:8px}.elementor-widget-text-editor:not(.elementor-drop-cap-view-default) .elementor-drop-cap-letter{width:1em;height:1em}.elementor-widget-text-editor .elementor-drop-cap{float:left;text-align:center;line-height:1;font-size:50px}.elementor-widget-text-editor .elementor-drop-cap-letter{display:inline-block}<\/style>\t\t\t\t<p>Minnesota es el l\u00edder nacional en energ\u00eda solar comunitaria, con 208 proyectos en todo el estado, m\u00e1s de un tercio de todos los proyectos solares comunitarios de EE.UU. La pol\u00edtica solar comunitaria del estado es la mejor, lo que facilita el desarrollo y la suscripci\u00f3n de energ\u00eda solar. Lee m\u00e1s en el nuevo informe de Vote Solar, MnSEIA y el Institute for Local Self Reliance.<\/p><p>Everyone deserves access to affordable, healthy, reliable renewable energy. Our new report shows how community solar is working for Minnesota, including:\u00a0<\/p><ul><li>Customers: More than 14,000 Minnesota customers have signed up for community solar, to save money, create local economic development and jobs, and to protect the environment. That includes over 12,000 households and 2,000 business, non-profit, and public-sector customers.<\/li><\/ul><p><br \/>\u00a0Para mayor informaci\u00f3n ingresa a los enlaces:<\/p><p><a href=\"https:\/\/ilsr.org\/minnesotas-solar-gardens-the-status-and-benefits-of-community-solar\/\">https:\/\/ilsr.org\/minnesotas-solar-gardens-the-status-and-benefits-of-community-solar\/<\/a><\/p><p><a href=\"https:\/\/votesolar.org\/files\/1315\/5691\/0323\/VS-Minnesota-Solar_Gardens-2019-Report.pdf\">https:\/\/votesolar.org\/files\/1315\/5691\/0323\/VS-Minnesota-Solar_Gardens-2019-Report.pdf<\/a><\/p>\t\t\t\t\t\t<\/div>\n\t\t\t\t<\/div>\n\t\t\t\t\t<\/div>\n\t\t<\/div>\n\t\t\t\t\t\t\t<\/div>\n\t\t<\/section>\n\t\t\t\t\t\t\t<\/div>\n\t\t<div style=\"text-align:center\" class=\"yasr-auto-insert-visitor\"><\/div>","protected":false},"excerpt":{"rendered":"<p>Minnesota es el l\u00edder nacional en energ\u00eda solar comunitaria, con 208 proyectos en todo el estado, m\u00e1s de un tercio de todos los proyectos solares comunitarios de EE.UU. La pol\u00edtica solar comunitaria del estado es la mejor, lo que facilita el desarrollo y la suscripci\u00f3n de energ\u00eda solar. Lee m\u00e1s en el nuevo informe de Vote Solar, MnSEIA y el Institute for Local Self Reliance.<\/p>","protected":false},"author":27,"featured_media":5201,"comment_status":"open","ping_status":"open","sticky":false,"template":"","format":"standard","meta":{"yasr_overall_rating":0,"yasr_post_is_review":"","yasr_auto_insert_disabled":"","yasr_review_type":"","footnotes":""},"categories":[54,53],"tags":[],"class_list":["post-5199","post","type-post","status-publish","format-standard","has-post-thumbnail","hentry","category-energia-que-transforma","category-tendencias"],"yasr_visitor_votes":{"number_of_votes":0,"sum_votes":0,"stars_attributes":{"read_only":false,"span_bottom":false}},"yoast_head":"<!-- This site is optimized with the Yoast SEO plugin v27.3 - https:\/\/yoast.com\/product\/yoast-seo-wordpress\/ -->\n<title>Minnesota\u2019s Solar Gardens: the Status and Benefits of Community Solar - Colombia Inteligente<\/title>\n<meta name=\"robots\" content=\"index, follow, max-snippet:-1, max-image-preview:large, max-video-preview:-1\" \/>\n<link rel=\"canonical\" href=\"https:\/\/colombiainteligente.org\/es_co\/tendencias\/minnesotas-solar-gardens-the-status-and-benefits-of-community-solar\/\" \/>\n<meta property=\"og:locale\" content=\"es_ES\" \/>\n<meta property=\"og:type\" content=\"article\" \/>\n<meta property=\"og:title\" content=\"Minnesota\u2019s Solar Gardens: the Status and Benefits of Community Solar - Colombia Inteligente\" \/>\n<meta property=\"og:description\" content=\"Minnesota es el l\u00edder nacional en energ\u00eda solar comunitaria, con 208 proyectos en todo el estado, m\u00e1s de un tercio de todos los proyectos solares comunitarios de EE.UU. La pol\u00edtica solar comunitaria del estado es la mejor, lo que facilita el desarrollo y la suscripci\u00f3n de energ\u00eda solar. Lee m\u00e1s en el nuevo informe de Vote Solar, MnSEIA y el Institute for Local Self Reliance.\" \/>\n<meta property=\"og:url\" content=\"https:\/\/colombiainteligente.org\/es_co\/tendencias\/minnesotas-solar-gardens-the-status-and-benefits-of-community-solar\/\" \/>\n<meta property=\"og:site_name\" content=\"Colombia Inteligente\" \/>\n<meta property=\"article:published_time\" content=\"2021-04-13T15:35:00+00:00\" \/>\n<meta property=\"article:modified_time\" content=\"2022-12-26T15:39:06+00:00\" \/>\n<meta property=\"og:image\" content=\"https:\/\/colombiainteligente.org\/wp-content\/uploads\/2022\/12\/2AB50707-9CB5-4EAA-AF38-82D4FEFF7803.png\" \/>\n\t<meta property=\"og:image:width\" content=\"309\" \/>\n\t<meta property=\"og:image:height\" content=\"400\" \/>\n\t<meta property=\"og:image:type\" content=\"image\/png\" \/>\n<meta name=\"author\" content=\"Luisa Buitrago\" \/>\n<meta name=\"twitter:card\" content=\"summary_large_image\" \/>\n<meta name=\"twitter:creator\" content=\"@colombiaintelig\" \/>\n<meta name=\"twitter:site\" content=\"@colombiaintelig\" \/>\n<meta name=\"twitter:label1\" content=\"Escrito por\" \/>\n\t<meta name=\"twitter:data1\" content=\"Luisa Buitrago\" \/>\n\t<meta name=\"twitter:label2\" content=\"Tiempo estimado de lectura\" \/>\n\t<meta name=\"twitter:data2\" content=\"1 minuto\" \/>\n<script type=\"application\/ld+json\" class=\"yoast-schema-graph\">{\"@context\":\"https:\\\/\\\/schema.org\",\"@graph\":[{\"@type\":\"Article\",\"@id\":\"https:\\\/\\\/colombiainteligente.org\\\/tendencias\\\/minnesotas-solar-gardens-the-status-and-benefits-of-community-solar\\\/#article\",\"isPartOf\":{\"@id\":\"https:\\\/\\\/colombiainteligente.org\\\/tendencias\\\/minnesotas-solar-gardens-the-status-and-benefits-of-community-solar\\\/\"},\"author\":{\"name\":\"Luisa Buitrago\",\"@id\":\"https:\\\/\\\/colombiainteligente.org\\\/#\\\/schema\\\/person\\\/7a8c7be348df0b891a16dc2fe342977d\"},\"headline\":\"Minnesota\u2019s Solar Gardens: the Status and Benefits of Community Solar\",\"datePublished\":\"2021-04-13T15:35:00+00:00\",\"dateModified\":\"2022-12-26T15:39:06+00:00\",\"mainEntityOfPage\":{\"@id\":\"https:\\\/\\\/colombiainteligente.org\\\/tendencias\\\/minnesotas-solar-gardens-the-status-and-benefits-of-community-solar\\\/\"},\"wordCount\":161,\"commentCount\":0,\"publisher\":{\"@id\":\"https:\\\/\\\/colombiainteligente.org\\\/#organization\"},\"image\":{\"@id\":\"https:\\\/\\\/colombiainteligente.org\\\/tendencias\\\/minnesotas-solar-gardens-the-status-and-benefits-of-community-solar\\\/#primaryimage\"},\"thumbnailUrl\":\"https:\\\/\\\/colombiainteligente.org\\\/wp-content\\\/uploads\\\/2022\\\/12\\\/2AB50707-9CB5-4EAA-AF38-82D4FEFF7803.png\",\"articleSection\":[\"Energ\u00eda que transforma\",\"Tendencias\"],\"inLanguage\":\"es-CO\",\"potentialAction\":[{\"@type\":\"CommentAction\",\"name\":\"Comment\",\"target\":[\"https:\\\/\\\/colombiainteligente.org\\\/tendencias\\\/minnesotas-solar-gardens-the-status-and-benefits-of-community-solar\\\/#respond\"]}]},{\"@type\":\"WebPage\",\"@id\":\"https:\\\/\\\/colombiainteligente.org\\\/tendencias\\\/minnesotas-solar-gardens-the-status-and-benefits-of-community-solar\\\/\",\"url\":\"https:\\\/\\\/colombiainteligente.org\\\/tendencias\\\/minnesotas-solar-gardens-the-status-and-benefits-of-community-solar\\\/\",\"name\":\"Minnesota\u2019s Solar Gardens: the Status and Benefits of Community Solar - Colombia Inteligente\",\"isPartOf\":{\"@id\":\"https:\\\/\\\/colombiainteligente.org\\\/#website\"},\"primaryImageOfPage\":{\"@id\":\"https:\\\/\\\/colombiainteligente.org\\\/tendencias\\\/minnesotas-solar-gardens-the-status-and-benefits-of-community-solar\\\/#primaryimage\"},\"image\":{\"@id\":\"https:\\\/\\\/colombiainteligente.org\\\/tendencias\\\/minnesotas-solar-gardens-the-status-and-benefits-of-community-solar\\\/#primaryimage\"},\"thumbnailUrl\":\"https:\\\/\\\/colombiainteligente.org\\\/wp-content\\\/uploads\\\/2022\\\/12\\\/2AB50707-9CB5-4EAA-AF38-82D4FEFF7803.png\",\"datePublished\":\"2021-04-13T15:35:00+00:00\",\"dateModified\":\"2022-12-26T15:39:06+00:00\",\"breadcrumb\":{\"@id\":\"https:\\\/\\\/colombiainteligente.org\\\/tendencias\\\/minnesotas-solar-gardens-the-status-and-benefits-of-community-solar\\\/#breadcrumb\"},\"inLanguage\":\"es-CO\",\"potentialAction\":[{\"@type\":\"ReadAction\",\"target\":[\"https:\\\/\\\/colombiainteligente.org\\\/tendencias\\\/minnesotas-solar-gardens-the-status-and-benefits-of-community-solar\\\/\"]}]},{\"@type\":\"ImageObject\",\"inLanguage\":\"es-CO\",\"@id\":\"https:\\\/\\\/colombiainteligente.org\\\/tendencias\\\/minnesotas-solar-gardens-the-status-and-benefits-of-community-solar\\\/#primaryimage\",\"url\":\"https:\\\/\\\/colombiainteligente.org\\\/wp-content\\\/uploads\\\/2022\\\/12\\\/2AB50707-9CB5-4EAA-AF38-82D4FEFF7803.png\",\"contentUrl\":\"https:\\\/\\\/colombiainteligente.org\\\/wp-content\\\/uploads\\\/2022\\\/12\\\/2AB50707-9CB5-4EAA-AF38-82D4FEFF7803.png\",\"width\":309,\"height\":400,\"caption\":\"Minnesota\u2019s Solar Gardens: the Status and Benefits of Community Solar\"},{\"@type\":\"BreadcrumbList\",\"@id\":\"https:\\\/\\\/colombiainteligente.org\\\/tendencias\\\/minnesotas-solar-gardens-the-status-and-benefits-of-community-solar\\\/#breadcrumb\",\"itemListElement\":[{\"@type\":\"ListItem\",\"position\":1,\"name\":\"Portada\",\"item\":\"https:\\\/\\\/colombiainteligente.org\\\/\"},{\"@type\":\"ListItem\",\"position\":2,\"name\":\"Minnesota\u2019s Solar Gardens: the Status and Benefits of Community Solar\"}]},{\"@type\":\"WebSite\",\"@id\":\"https:\\\/\\\/colombiainteligente.org\\\/#website\",\"url\":\"https:\\\/\\\/colombiainteligente.org\\\/\",\"name\":\"Colombia Inteligente\",\"description\":\"Alianza estrat\u00e9gica, conformada por empresas y entidades, para la inserci\u00f3n integral y eficiente de las redes inteligentes a la infraestructura del sector el\u00e9ctrico colombiano\",\"publisher\":{\"@id\":\"https:\\\/\\\/colombiainteligente.org\\\/#organization\"},\"potentialAction\":[{\"@type\":\"SearchAction\",\"target\":{\"@type\":\"EntryPoint\",\"urlTemplate\":\"https:\\\/\\\/colombiainteligente.org\\\/?s={search_term_string}\"},\"query-input\":{\"@type\":\"PropertyValueSpecification\",\"valueRequired\":true,\"valueName\":\"search_term_string\"}}],\"inLanguage\":\"es-CO\"},{\"@type\":\"Organization\",\"@id\":\"https:\\\/\\\/colombiainteligente.org\\\/#organization\",\"name\":\"Colombia Inteligente\",\"url\":\"https:\\\/\\\/colombiainteligente.org\\\/\",\"logo\":{\"@type\":\"ImageObject\",\"inLanguage\":\"es-CO\",\"@id\":\"https:\\\/\\\/colombiainteligente.org\\\/#\\\/schema\\\/logo\\\/image\\\/\",\"url\":\"https:\\\/\\\/colombiainteligente.org\\\/wp-content\\\/uploads\\\/2022\\\/07\\\/Image.png\",\"contentUrl\":\"https:\\\/\\\/colombiainteligente.org\\\/wp-content\\\/uploads\\\/2022\\\/07\\\/Image.png\",\"width\":588,\"height\":274,\"caption\":\"Colombia Inteligente\"},\"image\":{\"@id\":\"https:\\\/\\\/colombiainteligente.org\\\/#\\\/schema\\\/logo\\\/image\\\/\"},\"sameAs\":[\"https:\\\/\\\/x.com\\\/colombiaintelig\",\"https:\\\/\\\/www.linkedin.com\\\/company\\\/colombiainteligente\\\/\"]},{\"@type\":\"Person\",\"@id\":\"https:\\\/\\\/colombiainteligente.org\\\/#\\\/schema\\\/person\\\/7a8c7be348df0b891a16dc2fe342977d\",\"name\":\"Luisa Buitrago\",\"image\":{\"@type\":\"ImageObject\",\"inLanguage\":\"es-CO\",\"@id\":\"https:\\\/\\\/secure.gravatar.com\\\/avatar\\\/52ddc2638a82d555a120840263ecb4ee82a5e480ee730faa01e9b11ef7441d42?s=96&d=mm&r=g\",\"url\":\"https:\\\/\\\/secure.gravatar.com\\\/avatar\\\/52ddc2638a82d555a120840263ecb4ee82a5e480ee730faa01e9b11ef7441d42?s=96&d=mm&r=g\",\"contentUrl\":\"https:\\\/\\\/secure.gravatar.com\\\/avatar\\\/52ddc2638a82d555a120840263ecb4ee82a5e480ee730faa01e9b11ef7441d42?s=96&d=mm&r=g\",\"caption\":\"Luisa Buitrago\"},\"url\":\"https:\\\/\\\/colombiainteligente.org\\\/es_co\\\/author\\\/luisa-buitragocolombiainteligente-org\\\/\"}]}<\/script>\n<!-- \/ Yoast SEO plugin. -->","yoast_head_json":{"title":"Minnesota\u2019s Solar Gardens: the Status and Benefits of Community Solar - Colombia Inteligente","robots":{"index":"index","follow":"follow","max-snippet":"max-snippet:-1","max-image-preview":"max-image-preview:large","max-video-preview":"max-video-preview:-1"},"canonical":"https:\/\/colombiainteligente.org\/es_co\/tendencias\/minnesotas-solar-gardens-the-status-and-benefits-of-community-solar\/","og_locale":"es_ES","og_type":"article","og_title":"Minnesota\u2019s Solar Gardens: the Status and Benefits of Community Solar - Colombia Inteligente","og_description":"Minnesota es el l\u00edder nacional en energ\u00eda solar comunitaria, con 208 proyectos en todo el estado, m\u00e1s de un tercio de todos los proyectos solares comunitarios de EE.UU. La pol\u00edtica solar comunitaria del estado es la mejor, lo que facilita el desarrollo y la suscripci\u00f3n de energ\u00eda solar. Lee m\u00e1s en el nuevo informe de Vote Solar, MnSEIA y el Institute for Local Self Reliance.","og_url":"https:\/\/colombiainteligente.org\/es_co\/tendencias\/minnesotas-solar-gardens-the-status-and-benefits-of-community-solar\/","og_site_name":"Colombia Inteligente","article_published_time":"2021-04-13T15:35:00+00:00","article_modified_time":"2022-12-26T15:39:06+00:00","og_image":[{"width":309,"height":400,"url":"https:\/\/colombiainteligente.org\/wp-content\/uploads\/2022\/12\/2AB50707-9CB5-4EAA-AF38-82D4FEFF7803.png","type":"image\/png"}],"author":"Luisa Buitrago","twitter_card":"summary_large_image","twitter_creator":"@colombiaintelig","twitter_site":"@colombiaintelig","twitter_misc":{"Escrito por":"Luisa Buitrago","Tiempo estimado de lectura":"1 minuto"},"schema":{"@context":"https:\/\/schema.org","@graph":[{"@type":"Article","@id":"https:\/\/colombiainteligente.org\/tendencias\/minnesotas-solar-gardens-the-status-and-benefits-of-community-solar\/#article","isPartOf":{"@id":"https:\/\/colombiainteligente.org\/tendencias\/minnesotas-solar-gardens-the-status-and-benefits-of-community-solar\/"},"author":{"name":"Luisa Buitrago","@id":"https:\/\/colombiainteligente.org\/#\/schema\/person\/7a8c7be348df0b891a16dc2fe342977d"},"headline":"Minnesota\u2019s Solar Gardens: the Status and Benefits of Community Solar","datePublished":"2021-04-13T15:35:00+00:00","dateModified":"2022-12-26T15:39:06+00:00","mainEntityOfPage":{"@id":"https:\/\/colombiainteligente.org\/tendencias\/minnesotas-solar-gardens-the-status-and-benefits-of-community-solar\/"},"wordCount":161,"commentCount":0,"publisher":{"@id":"https:\/\/colombiainteligente.org\/#organization"},"image":{"@id":"https:\/\/colombiainteligente.org\/tendencias\/minnesotas-solar-gardens-the-status-and-benefits-of-community-solar\/#primaryimage"},"thumbnailUrl":"https:\/\/colombiainteligente.org\/wp-content\/uploads\/2022\/12\/2AB50707-9CB5-4EAA-AF38-82D4FEFF7803.png","articleSection":["Energ\u00eda que transforma","Tendencias"],"inLanguage":"es-CO","potentialAction":[{"@type":"CommentAction","name":"Comment","target":["https:\/\/colombiainteligente.org\/tendencias\/minnesotas-solar-gardens-the-status-and-benefits-of-community-solar\/#respond"]}]},{"@type":"WebPage","@id":"https:\/\/colombiainteligente.org\/tendencias\/minnesotas-solar-gardens-the-status-and-benefits-of-community-solar\/","url":"https:\/\/colombiainteligente.org\/tendencias\/minnesotas-solar-gardens-the-status-and-benefits-of-community-solar\/","name":"Minnesota\u2019s Solar Gardens: the Status and Benefits of Community Solar - Colombia Inteligente","isPartOf":{"@id":"https:\/\/colombiainteligente.org\/#website"},"primaryImageOfPage":{"@id":"https:\/\/colombiainteligente.org\/tendencias\/minnesotas-solar-gardens-the-status-and-benefits-of-community-solar\/#primaryimage"},"image":{"@id":"https:\/\/colombiainteligente.org\/tendencias\/minnesotas-solar-gardens-the-status-and-benefits-of-community-solar\/#primaryimage"},"thumbnailUrl":"https:\/\/colombiainteligente.org\/wp-content\/uploads\/2022\/12\/2AB50707-9CB5-4EAA-AF38-82D4FEFF7803.png","datePublished":"2021-04-13T15:35:00+00:00","dateModified":"2022-12-26T15:39:06+00:00","breadcrumb":{"@id":"https:\/\/colombiainteligente.org\/tendencias\/minnesotas-solar-gardens-the-status-and-benefits-of-community-solar\/#breadcrumb"},"inLanguage":"es-CO","potentialAction":[{"@type":"ReadAction","target":["https:\/\/colombiainteligente.org\/tendencias\/minnesotas-solar-gardens-the-status-and-benefits-of-community-solar\/"]}]},{"@type":"ImageObject","inLanguage":"es-CO","@id":"https:\/\/colombiainteligente.org\/tendencias\/minnesotas-solar-gardens-the-status-and-benefits-of-community-solar\/#primaryimage","url":"https:\/\/colombiainteligente.org\/wp-content\/uploads\/2022\/12\/2AB50707-9CB5-4EAA-AF38-82D4FEFF7803.png","contentUrl":"https:\/\/colombiainteligente.org\/wp-content\/uploads\/2022\/12\/2AB50707-9CB5-4EAA-AF38-82D4FEFF7803.png","width":309,"height":400,"caption":"Minnesota\u2019s Solar Gardens: the Status and Benefits of Community Solar"},{"@type":"BreadcrumbList","@id":"https:\/\/colombiainteligente.org\/tendencias\/minnesotas-solar-gardens-the-status-and-benefits-of-community-solar\/#breadcrumb","itemListElement":[{"@type":"ListItem","position":1,"name":"Portada","item":"https:\/\/colombiainteligente.org\/"},{"@type":"ListItem","position":2,"name":"Minnesota\u2019s Solar Gardens: the Status and Benefits of Community Solar"}]},{"@type":"WebSite","@id":"https:\/\/colombiainteligente.org\/#website","url":"https:\/\/colombiainteligente.org\/","name":"Colombia Inteligente","description":"Alianza estrat\u00e9gica, conformada por empresas y entidades, para la inserci\u00f3n integral y eficiente de las redes inteligentes a la infraestructura del sector el\u00e9ctrico colombiano","publisher":{"@id":"https:\/\/colombiainteligente.org\/#organization"},"potentialAction":[{"@type":"SearchAction","target":{"@type":"EntryPoint","urlTemplate":"https:\/\/colombiainteligente.org\/?s={search_term_string}"},"query-input":{"@type":"PropertyValueSpecification","valueRequired":true,"valueName":"search_term_string"}}],"inLanguage":"es-CO"},{"@type":"Organization","@id":"https:\/\/colombiainteligente.org\/#organization","name":"Colombia Inteligente","url":"https:\/\/colombiainteligente.org\/","logo":{"@type":"ImageObject","inLanguage":"es-CO","@id":"https:\/\/colombiainteligente.org\/#\/schema\/logo\/image\/","url":"https:\/\/colombiainteligente.org\/wp-content\/uploads\/2022\/07\/Image.png","contentUrl":"https:\/\/colombiainteligente.org\/wp-content\/uploads\/2022\/07\/Image.png","width":588,"height":274,"caption":"Colombia Inteligente"},"image":{"@id":"https:\/\/colombiainteligente.org\/#\/schema\/logo\/image\/"},"sameAs":["https:\/\/x.com\/colombiaintelig","https:\/\/www.linkedin.com\/company\/colombiainteligente\/"]},{"@type":"Person","@id":"https:\/\/colombiainteligente.org\/#\/schema\/person\/7a8c7be348df0b891a16dc2fe342977d","name":"Luisa Buitrago","image":{"@type":"ImageObject","inLanguage":"es-CO","@id":"https:\/\/secure.gravatar.com\/avatar\/52ddc2638a82d555a120840263ecb4ee82a5e480ee730faa01e9b11ef7441d42?s=96&d=mm&r=g","url":"https:\/\/secure.gravatar.com\/avatar\/52ddc2638a82d555a120840263ecb4ee82a5e480ee730faa01e9b11ef7441d42?s=96&d=mm&r=g","contentUrl":"https:\/\/secure.gravatar.com\/avatar\/52ddc2638a82d555a120840263ecb4ee82a5e480ee730faa01e9b11ef7441d42?s=96&d=mm&r=g","caption":"Luisa Buitrago"},"url":"https:\/\/colombiainteligente.org\/es_co\/author\/luisa-buitragocolombiainteligente-org\/"}]}},"_links":{"self":[{"href":"https:\/\/colombiainteligente.org\/es_co\/wp-json\/wp\/v2\/posts\/5199","targetHints":{"allow":["GET"]}}],"collection":[{"href":"https:\/\/colombiainteligente.org\/es_co\/wp-json\/wp\/v2\/posts"}],"about":[{"href":"https:\/\/colombiainteligente.org\/es_co\/wp-json\/wp\/v2\/types\/post"}],"author":[{"embeddable":true,"href":"https:\/\/colombiainteligente.org\/es_co\/wp-json\/wp\/v2\/users\/27"}],"replies":[{"embeddable":true,"href":"https:\/\/colombiainteligente.org\/es_co\/wp-json\/wp\/v2\/comments?post=5199"}],"version-history":[{"count":5,"href":"https:\/\/colombiainteligente.org\/es_co\/wp-json\/wp\/v2\/posts\/5199\/revisions"}],"predecessor-version":[{"id":5211,"href":"https:\/\/colombiainteligente.org\/es_co\/wp-json\/wp\/v2\/posts\/5199\/revisions\/5211"}],"wp:featuredmedia":[{"embeddable":true,"href":"https:\/\/colombiainteligente.org\/es_co\/wp-json\/wp\/v2\/media\/5201"}],"wp:attachment":[{"href":"https:\/\/colombiainteligente.org\/es_co\/wp-json\/wp\/v2\/media?parent=5199"}],"wp:term":[{"taxonomy":"category","embeddable":true,"href":"https:\/\/colombiainteligente.org\/es_co\/wp-json\/wp\/v2\/categories?post=5199"},{"taxonomy":"post_tag","embeddable":true,"href":"https:\/\/colombiainteligente.org\/es_co\/wp-json\/wp\/v2\/tags?post=5199"}],"curies":[{"name":"wp","href":"https:\/\/api.w.org\/{rel}","templated":true}]}}