{"id":5477,"date":"2021-04-20T12:20:00","date_gmt":"2021-04-20T17:20:00","guid":{"rendered":"https:\/\/colombiainteligente.org\/?p=5477"},"modified":"2022-12-26T12:22:42","modified_gmt":"2022-12-26T17:22:42","slug":"the-future-of-electric-power-in-the-united-states","status":"publish","type":"post","link":"https:\/\/colombiainteligente.org\/es_co\/tendencias\/the-future-of-electric-power-in-the-united-states\/","title":{"rendered":"The Future of Electric Power in the United States"},"content":{"rendered":"<div data-elementor-type=\"wp-post\" data-elementor-id=\"5477\" class=\"elementor elementor-5477\" data-elementor-post-type=\"post\">\n\t\t\t\t\t\t\t\t\t<section class=\"elementor-section elementor-top-section elementor-element elementor-element-79148795 elementor-section-boxed elementor-section-height-default elementor-section-height-default\" data-id=\"79148795\" data-element_type=\"section\">\n\t\t\t\t\t\t<div class=\"elementor-container elementor-column-gap-default\">\n\t\t\t\t\t<div class=\"elementor-column elementor-col-100 elementor-top-column elementor-element elementor-element-1ece4ebf\" data-id=\"1ece4ebf\" data-element_type=\"column\">\n\t\t\t<div class=\"elementor-widget-wrap elementor-element-populated\">\n\t\t\t\t\t\t\t\t<div class=\"elementor-element elementor-element-7a61c7e5 elementor-widget elementor-widget-text-editor\" data-id=\"7a61c7e5\" data-element_type=\"widget\" data-widget_type=\"text-editor.default\">\n\t\t\t\t<div class=\"elementor-widget-container\">\n\t\t\t<style>\/*! elementor - v3.14.0 - 26-06-2023 *\/\n.elementor-widget-text-editor.elementor-drop-cap-view-stacked .elementor-drop-cap{background-color:#69727d;color:#fff}.elementor-widget-text-editor.elementor-drop-cap-view-framed .elementor-drop-cap{color:#69727d;border:3px solid;background-color:transparent}.elementor-widget-text-editor:not(.elementor-drop-cap-view-default) .elementor-drop-cap{margin-top:8px}.elementor-widget-text-editor:not(.elementor-drop-cap-view-default) .elementor-drop-cap-letter{width:1em;height:1em}.elementor-widget-text-editor .elementor-drop-cap{float:left;text-align:center;line-height:1;font-size:50px}.elementor-widget-text-editor .elementor-drop-cap-letter{display:inline-block}<\/style>\t\t\t\t<p>La energ\u00eda el\u00e9ctrica es esencial para la vida y el sustento de todos los estadounidenses, y la necesidad de una electricidad segura, limpia, asequible y fiable no har\u00e1 m\u00e1s que aumentar en las pr\u00f3ximas d\u00e9cadas. A petici\u00f3n del Congreso y del Departamento de Energ\u00eda, las Academias Nacionales convocaron a un comit\u00e9 de expertos para llevar a cabo una evaluaci\u00f3n exhaustiva de la red el\u00e9ctrica estadounidense y de c\u00f3mo podr\u00eda evolucionar en respuesta a los avances de las nuevas tecnolog\u00edas energ\u00e9ticas, los cambios en la demanda y la innovaci\u00f3n futura.<\/p><p>The Future of Electric Power in the United States presents an extensive set of policy and funding recommendations aimed at modernizing the U.S. electric system. The report addresses technology development, operations, grid architectures, and business practices, as well as ways to make the electricity system safe, secure, sustainable, equitable, and resilient.<\/p><p>Para mayor informaci\u00f3n ingrese a los siguientes enlaces<\/p><p><a href=\"https:\/\/www.nap.edu\/resource\/25968\/interactive\/\">https:\/\/www.nap.edu\/resource\/25968\/interactive\/<\/a><\/p><p><a href=\"https:\/\/www.nap.edu\/catalog\/25968\/the-future-of-electric-power-in-the-united-states\">https:\/\/www.nap.edu\/catalog\/25968\/the-future-of-electric-power-in-the-united-states<\/a><\/p>\t\t\t\t\t\t<\/div>\n\t\t\t\t<\/div>\n\t\t\t\t\t<\/div>\n\t\t<\/div>\n\t\t\t\t\t\t\t<\/div>\n\t\t<\/section>\n\t\t\t\t\t\t\t<\/div>\n\t\t<div style=\"text-align:center\" class=\"yasr-auto-insert-visitor\"><\/div>","protected":false},"excerpt":{"rendered":"<p>La energ\u00eda el\u00e9ctrica es esencial para la vida y el sustento de todos los estadounidenses, y la necesidad de una electricidad segura, limpia, asequible y fiable no har\u00e1 m\u00e1s que aumentar en las pr\u00f3ximas d\u00e9cadas. A petici\u00f3n del Congreso y del Departamento de Energ\u00eda, las Academias Nacionales convocaron a un comit\u00e9 de expertos para llevar a cabo una evaluaci\u00f3n exhaustiva de la red el\u00e9ctrica estadounidense y de c\u00f3mo podr\u00eda evolucionar en respuesta a los avances de las nuevas tecnolog\u00edas energ\u00e9ticas, los cambios en la demanda y la innovaci\u00f3n futura.<\/p>","protected":false},"author":27,"featured_media":5478,"comment_status":"open","ping_status":"open","sticky":false,"template":"","format":"standard","meta":{"yasr_overall_rating":0,"yasr_post_is_review":"","yasr_auto_insert_disabled":"","yasr_review_type":"","footnotes":""},"categories":[54,53],"tags":[],"class_list":["post-5477","post","type-post","status-publish","format-standard","has-post-thumbnail","hentry","category-energia-que-transforma","category-tendencias"],"yasr_visitor_votes":{"number_of_votes":0,"sum_votes":0,"stars_attributes":{"read_only":false,"span_bottom":false}},"yoast_head":"<!-- This site is optimized with the Yoast SEO plugin v27.3 - https:\/\/yoast.com\/product\/yoast-seo-wordpress\/ -->\n<title>The Future of Electric Power in the United States - Colombia Inteligente<\/title>\n<meta name=\"robots\" content=\"index, follow, max-snippet:-1, max-image-preview:large, max-video-preview:-1\" \/>\n<link rel=\"canonical\" href=\"https:\/\/colombiainteligente.org\/es_co\/tendencias\/the-future-of-electric-power-in-the-united-states\/\" \/>\n<meta property=\"og:locale\" content=\"es_ES\" \/>\n<meta property=\"og:type\" content=\"article\" \/>\n<meta property=\"og:title\" content=\"The Future of Electric Power in the United States - Colombia Inteligente\" \/>\n<meta property=\"og:description\" content=\"La energ\u00eda el\u00e9ctrica es esencial para la vida y el sustento de todos los estadounidenses, y la necesidad de una electricidad segura, limpia, asequible y fiable no har\u00e1 m\u00e1s que aumentar en las pr\u00f3ximas d\u00e9cadas. A petici\u00f3n del Congreso y del Departamento de Energ\u00eda, las Academias Nacionales convocaron a un comit\u00e9 de expertos para llevar a cabo una evaluaci\u00f3n exhaustiva de la red el\u00e9ctrica estadounidense y de c\u00f3mo podr\u00eda evolucionar en respuesta a los avances de las nuevas tecnolog\u00edas energ\u00e9ticas, los cambios en la demanda y la innovaci\u00f3n futura.\" \/>\n<meta property=\"og:url\" content=\"https:\/\/colombiainteligente.org\/es_co\/tendencias\/the-future-of-electric-power-in-the-united-states\/\" \/>\n<meta property=\"og:site_name\" content=\"Colombia Inteligente\" \/>\n<meta property=\"article:published_time\" content=\"2021-04-20T17:20:00+00:00\" \/>\n<meta property=\"article:modified_time\" content=\"2022-12-26T17:22:42+00:00\" \/>\n<meta property=\"og:image\" content=\"https:\/\/colombiainteligente.org\/wp-content\/uploads\/2022\/12\/9383C52C-3436-4A7E-B741-ED7287B1C4FB.png\" \/>\n\t<meta property=\"og:image:width\" content=\"317\" \/>\n\t<meta property=\"og:image:height\" content=\"400\" \/>\n\t<meta property=\"og:image:type\" content=\"image\/png\" \/>\n<meta name=\"author\" content=\"Luisa Buitrago\" \/>\n<meta name=\"twitter:card\" content=\"summary_large_image\" \/>\n<meta name=\"twitter:creator\" content=\"@colombiaintelig\" \/>\n<meta name=\"twitter:site\" content=\"@colombiaintelig\" \/>\n<meta name=\"twitter:label1\" content=\"Escrito por\" \/>\n\t<meta name=\"twitter:data1\" content=\"Luisa Buitrago\" \/>\n\t<meta name=\"twitter:label2\" content=\"Tiempo estimado de lectura\" \/>\n\t<meta name=\"twitter:data2\" content=\"1 minuto\" \/>\n<script type=\"application\/ld+json\" class=\"yoast-schema-graph\">{\"@context\":\"https:\\\/\\\/schema.org\",\"@graph\":[{\"@type\":\"Article\",\"@id\":\"https:\\\/\\\/colombiainteligente.org\\\/tendencias\\\/the-future-of-electric-power-in-the-united-states\\\/#article\",\"isPartOf\":{\"@id\":\"https:\\\/\\\/colombiainteligente.org\\\/tendencias\\\/the-future-of-electric-power-in-the-united-states\\\/\"},\"author\":{\"name\":\"Luisa Buitrago\",\"@id\":\"https:\\\/\\\/colombiainteligente.org\\\/#\\\/schema\\\/person\\\/7a8c7be348df0b891a16dc2fe342977d\"},\"headline\":\"The Future of Electric Power in the United States\",\"datePublished\":\"2021-04-20T17:20:00+00:00\",\"dateModified\":\"2022-12-26T17:22:42+00:00\",\"mainEntityOfPage\":{\"@id\":\"https:\\\/\\\/colombiainteligente.org\\\/tendencias\\\/the-future-of-electric-power-in-the-united-states\\\/\"},\"wordCount\":185,\"commentCount\":0,\"publisher\":{\"@id\":\"https:\\\/\\\/colombiainteligente.org\\\/#organization\"},\"image\":{\"@id\":\"https:\\\/\\\/colombiainteligente.org\\\/tendencias\\\/the-future-of-electric-power-in-the-united-states\\\/#primaryimage\"},\"thumbnailUrl\":\"https:\\\/\\\/colombiainteligente.org\\\/wp-content\\\/uploads\\\/2022\\\/12\\\/9383C52C-3436-4A7E-B741-ED7287B1C4FB.png\",\"articleSection\":[\"Energ\u00eda que transforma\",\"Tendencias\"],\"inLanguage\":\"es-CO\",\"potentialAction\":[{\"@type\":\"CommentAction\",\"name\":\"Comment\",\"target\":[\"https:\\\/\\\/colombiainteligente.org\\\/tendencias\\\/the-future-of-electric-power-in-the-united-states\\\/#respond\"]}]},{\"@type\":\"WebPage\",\"@id\":\"https:\\\/\\\/colombiainteligente.org\\\/tendencias\\\/the-future-of-electric-power-in-the-united-states\\\/\",\"url\":\"https:\\\/\\\/colombiainteligente.org\\\/tendencias\\\/the-future-of-electric-power-in-the-united-states\\\/\",\"name\":\"The Future of Electric Power in the United States - Colombia Inteligente\",\"isPartOf\":{\"@id\":\"https:\\\/\\\/colombiainteligente.org\\\/#website\"},\"primaryImageOfPage\":{\"@id\":\"https:\\\/\\\/colombiainteligente.org\\\/tendencias\\\/the-future-of-electric-power-in-the-united-states\\\/#primaryimage\"},\"image\":{\"@id\":\"https:\\\/\\\/colombiainteligente.org\\\/tendencias\\\/the-future-of-electric-power-in-the-united-states\\\/#primaryimage\"},\"thumbnailUrl\":\"https:\\\/\\\/colombiainteligente.org\\\/wp-content\\\/uploads\\\/2022\\\/12\\\/9383C52C-3436-4A7E-B741-ED7287B1C4FB.png\",\"datePublished\":\"2021-04-20T17:20:00+00:00\",\"dateModified\":\"2022-12-26T17:22:42+00:00\",\"breadcrumb\":{\"@id\":\"https:\\\/\\\/colombiainteligente.org\\\/tendencias\\\/the-future-of-electric-power-in-the-united-states\\\/#breadcrumb\"},\"inLanguage\":\"es-CO\",\"potentialAction\":[{\"@type\":\"ReadAction\",\"target\":[\"https:\\\/\\\/colombiainteligente.org\\\/tendencias\\\/the-future-of-electric-power-in-the-united-states\\\/\"]}]},{\"@type\":\"ImageObject\",\"inLanguage\":\"es-CO\",\"@id\":\"https:\\\/\\\/colombiainteligente.org\\\/tendencias\\\/the-future-of-electric-power-in-the-united-states\\\/#primaryimage\",\"url\":\"https:\\\/\\\/colombiainteligente.org\\\/wp-content\\\/uploads\\\/2022\\\/12\\\/9383C52C-3436-4A7E-B741-ED7287B1C4FB.png\",\"contentUrl\":\"https:\\\/\\\/colombiainteligente.org\\\/wp-content\\\/uploads\\\/2022\\\/12\\\/9383C52C-3436-4A7E-B741-ED7287B1C4FB.png\",\"width\":317,\"height\":400,\"caption\":\"The Future of Electric Power in the United States\"},{\"@type\":\"BreadcrumbList\",\"@id\":\"https:\\\/\\\/colombiainteligente.org\\\/tendencias\\\/the-future-of-electric-power-in-the-united-states\\\/#breadcrumb\",\"itemListElement\":[{\"@type\":\"ListItem\",\"position\":1,\"name\":\"Portada\",\"item\":\"https:\\\/\\\/colombiainteligente.org\\\/\"},{\"@type\":\"ListItem\",\"position\":2,\"name\":\"The Future of Electric Power in the United States\"}]},{\"@type\":\"WebSite\",\"@id\":\"https:\\\/\\\/colombiainteligente.org\\\/#website\",\"url\":\"https:\\\/\\\/colombiainteligente.org\\\/\",\"name\":\"Colombia Inteligente\",\"description\":\"Alianza estrat\u00e9gica, conformada por empresas y entidades, para la inserci\u00f3n integral y eficiente de las redes inteligentes a la infraestructura del sector el\u00e9ctrico colombiano\",\"publisher\":{\"@id\":\"https:\\\/\\\/colombiainteligente.org\\\/#organization\"},\"potentialAction\":[{\"@type\":\"SearchAction\",\"target\":{\"@type\":\"EntryPoint\",\"urlTemplate\":\"https:\\\/\\\/colombiainteligente.org\\\/?s={search_term_string}\"},\"query-input\":{\"@type\":\"PropertyValueSpecification\",\"valueRequired\":true,\"valueName\":\"search_term_string\"}}],\"inLanguage\":\"es-CO\"},{\"@type\":\"Organization\",\"@id\":\"https:\\\/\\\/colombiainteligente.org\\\/#organization\",\"name\":\"Colombia Inteligente\",\"url\":\"https:\\\/\\\/colombiainteligente.org\\\/\",\"logo\":{\"@type\":\"ImageObject\",\"inLanguage\":\"es-CO\",\"@id\":\"https:\\\/\\\/colombiainteligente.org\\\/#\\\/schema\\\/logo\\\/image\\\/\",\"url\":\"https:\\\/\\\/colombiainteligente.org\\\/wp-content\\\/uploads\\\/2022\\\/07\\\/Image.png\",\"contentUrl\":\"https:\\\/\\\/colombiainteligente.org\\\/wp-content\\\/uploads\\\/2022\\\/07\\\/Image.png\",\"width\":588,\"height\":274,\"caption\":\"Colombia Inteligente\"},\"image\":{\"@id\":\"https:\\\/\\\/colombiainteligente.org\\\/#\\\/schema\\\/logo\\\/image\\\/\"},\"sameAs\":[\"https:\\\/\\\/x.com\\\/colombiaintelig\",\"https:\\\/\\\/www.linkedin.com\\\/company\\\/colombiainteligente\\\/\"]},{\"@type\":\"Person\",\"@id\":\"https:\\\/\\\/colombiainteligente.org\\\/#\\\/schema\\\/person\\\/7a8c7be348df0b891a16dc2fe342977d\",\"name\":\"Luisa Buitrago\",\"image\":{\"@type\":\"ImageObject\",\"inLanguage\":\"es-CO\",\"@id\":\"https:\\\/\\\/secure.gravatar.com\\\/avatar\\\/52ddc2638a82d555a120840263ecb4ee82a5e480ee730faa01e9b11ef7441d42?s=96&d=mm&r=g\",\"url\":\"https:\\\/\\\/secure.gravatar.com\\\/avatar\\\/52ddc2638a82d555a120840263ecb4ee82a5e480ee730faa01e9b11ef7441d42?s=96&d=mm&r=g\",\"contentUrl\":\"https:\\\/\\\/secure.gravatar.com\\\/avatar\\\/52ddc2638a82d555a120840263ecb4ee82a5e480ee730faa01e9b11ef7441d42?s=96&d=mm&r=g\",\"caption\":\"Luisa Buitrago\"},\"url\":\"https:\\\/\\\/colombiainteligente.org\\\/es_co\\\/author\\\/luisa-buitragocolombiainteligente-org\\\/\"}]}<\/script>\n<!-- \/ Yoast SEO plugin. -->","yoast_head_json":{"title":"The Future of Electric Power in the United States - Colombia Inteligente","robots":{"index":"index","follow":"follow","max-snippet":"max-snippet:-1","max-image-preview":"max-image-preview:large","max-video-preview":"max-video-preview:-1"},"canonical":"https:\/\/colombiainteligente.org\/es_co\/tendencias\/the-future-of-electric-power-in-the-united-states\/","og_locale":"es_ES","og_type":"article","og_title":"The Future of Electric Power in the United States - Colombia Inteligente","og_description":"La energ\u00eda el\u00e9ctrica es esencial para la vida y el sustento de todos los estadounidenses, y la necesidad de una electricidad segura, limpia, asequible y fiable no har\u00e1 m\u00e1s que aumentar en las pr\u00f3ximas d\u00e9cadas. A petici\u00f3n del Congreso y del Departamento de Energ\u00eda, las Academias Nacionales convocaron a un comit\u00e9 de expertos para llevar a cabo una evaluaci\u00f3n exhaustiva de la red el\u00e9ctrica estadounidense y de c\u00f3mo podr\u00eda evolucionar en respuesta a los avances de las nuevas tecnolog\u00edas energ\u00e9ticas, los cambios en la demanda y la innovaci\u00f3n futura.","og_url":"https:\/\/colombiainteligente.org\/es_co\/tendencias\/the-future-of-electric-power-in-the-united-states\/","og_site_name":"Colombia Inteligente","article_published_time":"2021-04-20T17:20:00+00:00","article_modified_time":"2022-12-26T17:22:42+00:00","og_image":[{"width":317,"height":400,"url":"https:\/\/colombiainteligente.org\/wp-content\/uploads\/2022\/12\/9383C52C-3436-4A7E-B741-ED7287B1C4FB.png","type":"image\/png"}],"author":"Luisa Buitrago","twitter_card":"summary_large_image","twitter_creator":"@colombiaintelig","twitter_site":"@colombiaintelig","twitter_misc":{"Escrito por":"Luisa Buitrago","Tiempo estimado de lectura":"1 minuto"},"schema":{"@context":"https:\/\/schema.org","@graph":[{"@type":"Article","@id":"https:\/\/colombiainteligente.org\/tendencias\/the-future-of-electric-power-in-the-united-states\/#article","isPartOf":{"@id":"https:\/\/colombiainteligente.org\/tendencias\/the-future-of-electric-power-in-the-united-states\/"},"author":{"name":"Luisa Buitrago","@id":"https:\/\/colombiainteligente.org\/#\/schema\/person\/7a8c7be348df0b891a16dc2fe342977d"},"headline":"The Future of Electric Power in the United States","datePublished":"2021-04-20T17:20:00+00:00","dateModified":"2022-12-26T17:22:42+00:00","mainEntityOfPage":{"@id":"https:\/\/colombiainteligente.org\/tendencias\/the-future-of-electric-power-in-the-united-states\/"},"wordCount":185,"commentCount":0,"publisher":{"@id":"https:\/\/colombiainteligente.org\/#organization"},"image":{"@id":"https:\/\/colombiainteligente.org\/tendencias\/the-future-of-electric-power-in-the-united-states\/#primaryimage"},"thumbnailUrl":"https:\/\/colombiainteligente.org\/wp-content\/uploads\/2022\/12\/9383C52C-3436-4A7E-B741-ED7287B1C4FB.png","articleSection":["Energ\u00eda que transforma","Tendencias"],"inLanguage":"es-CO","potentialAction":[{"@type":"CommentAction","name":"Comment","target":["https:\/\/colombiainteligente.org\/tendencias\/the-future-of-electric-power-in-the-united-states\/#respond"]}]},{"@type":"WebPage","@id":"https:\/\/colombiainteligente.org\/tendencias\/the-future-of-electric-power-in-the-united-states\/","url":"https:\/\/colombiainteligente.org\/tendencias\/the-future-of-electric-power-in-the-united-states\/","name":"The Future of Electric Power in the United States - Colombia Inteligente","isPartOf":{"@id":"https:\/\/colombiainteligente.org\/#website"},"primaryImageOfPage":{"@id":"https:\/\/colombiainteligente.org\/tendencias\/the-future-of-electric-power-in-the-united-states\/#primaryimage"},"image":{"@id":"https:\/\/colombiainteligente.org\/tendencias\/the-future-of-electric-power-in-the-united-states\/#primaryimage"},"thumbnailUrl":"https:\/\/colombiainteligente.org\/wp-content\/uploads\/2022\/12\/9383C52C-3436-4A7E-B741-ED7287B1C4FB.png","datePublished":"2021-04-20T17:20:00+00:00","dateModified":"2022-12-26T17:22:42+00:00","breadcrumb":{"@id":"https:\/\/colombiainteligente.org\/tendencias\/the-future-of-electric-power-in-the-united-states\/#breadcrumb"},"inLanguage":"es-CO","potentialAction":[{"@type":"ReadAction","target":["https:\/\/colombiainteligente.org\/tendencias\/the-future-of-electric-power-in-the-united-states\/"]}]},{"@type":"ImageObject","inLanguage":"es-CO","@id":"https:\/\/colombiainteligente.org\/tendencias\/the-future-of-electric-power-in-the-united-states\/#primaryimage","url":"https:\/\/colombiainteligente.org\/wp-content\/uploads\/2022\/12\/9383C52C-3436-4A7E-B741-ED7287B1C4FB.png","contentUrl":"https:\/\/colombiainteligente.org\/wp-content\/uploads\/2022\/12\/9383C52C-3436-4A7E-B741-ED7287B1C4FB.png","width":317,"height":400,"caption":"The Future of Electric Power in the United States"},{"@type":"BreadcrumbList","@id":"https:\/\/colombiainteligente.org\/tendencias\/the-future-of-electric-power-in-the-united-states\/#breadcrumb","itemListElement":[{"@type":"ListItem","position":1,"name":"Portada","item":"https:\/\/colombiainteligente.org\/"},{"@type":"ListItem","position":2,"name":"The Future of Electric Power in the United States"}]},{"@type":"WebSite","@id":"https:\/\/colombiainteligente.org\/#website","url":"https:\/\/colombiainteligente.org\/","name":"Colombia Inteligente","description":"Alianza estrat\u00e9gica, conformada por empresas y entidades, para la inserci\u00f3n integral y eficiente de las redes inteligentes a la infraestructura del sector el\u00e9ctrico colombiano","publisher":{"@id":"https:\/\/colombiainteligente.org\/#organization"},"potentialAction":[{"@type":"SearchAction","target":{"@type":"EntryPoint","urlTemplate":"https:\/\/colombiainteligente.org\/?s={search_term_string}"},"query-input":{"@type":"PropertyValueSpecification","valueRequired":true,"valueName":"search_term_string"}}],"inLanguage":"es-CO"},{"@type":"Organization","@id":"https:\/\/colombiainteligente.org\/#organization","name":"Colombia Inteligente","url":"https:\/\/colombiainteligente.org\/","logo":{"@type":"ImageObject","inLanguage":"es-CO","@id":"https:\/\/colombiainteligente.org\/#\/schema\/logo\/image\/","url":"https:\/\/colombiainteligente.org\/wp-content\/uploads\/2022\/07\/Image.png","contentUrl":"https:\/\/colombiainteligente.org\/wp-content\/uploads\/2022\/07\/Image.png","width":588,"height":274,"caption":"Colombia Inteligente"},"image":{"@id":"https:\/\/colombiainteligente.org\/#\/schema\/logo\/image\/"},"sameAs":["https:\/\/x.com\/colombiaintelig","https:\/\/www.linkedin.com\/company\/colombiainteligente\/"]},{"@type":"Person","@id":"https:\/\/colombiainteligente.org\/#\/schema\/person\/7a8c7be348df0b891a16dc2fe342977d","name":"Luisa Buitrago","image":{"@type":"ImageObject","inLanguage":"es-CO","@id":"https:\/\/secure.gravatar.com\/avatar\/52ddc2638a82d555a120840263ecb4ee82a5e480ee730faa01e9b11ef7441d42?s=96&d=mm&r=g","url":"https:\/\/secure.gravatar.com\/avatar\/52ddc2638a82d555a120840263ecb4ee82a5e480ee730faa01e9b11ef7441d42?s=96&d=mm&r=g","contentUrl":"https:\/\/secure.gravatar.com\/avatar\/52ddc2638a82d555a120840263ecb4ee82a5e480ee730faa01e9b11ef7441d42?s=96&d=mm&r=g","caption":"Luisa Buitrago"},"url":"https:\/\/colombiainteligente.org\/es_co\/author\/luisa-buitragocolombiainteligente-org\/"}]}},"_links":{"self":[{"href":"https:\/\/colombiainteligente.org\/es_co\/wp-json\/wp\/v2\/posts\/5477","targetHints":{"allow":["GET"]}}],"collection":[{"href":"https:\/\/colombiainteligente.org\/es_co\/wp-json\/wp\/v2\/posts"}],"about":[{"href":"https:\/\/colombiainteligente.org\/es_co\/wp-json\/wp\/v2\/types\/post"}],"author":[{"embeddable":true,"href":"https:\/\/colombiainteligente.org\/es_co\/wp-json\/wp\/v2\/users\/27"}],"replies":[{"embeddable":true,"href":"https:\/\/colombiainteligente.org\/es_co\/wp-json\/wp\/v2\/comments?post=5477"}],"version-history":[{"count":5,"href":"https:\/\/colombiainteligente.org\/es_co\/wp-json\/wp\/v2\/posts\/5477\/revisions"}],"predecessor-version":[{"id":5483,"href":"https:\/\/colombiainteligente.org\/es_co\/wp-json\/wp\/v2\/posts\/5477\/revisions\/5483"}],"wp:featuredmedia":[{"embeddable":true,"href":"https:\/\/colombiainteligente.org\/es_co\/wp-json\/wp\/v2\/media\/5478"}],"wp:attachment":[{"href":"https:\/\/colombiainteligente.org\/es_co\/wp-json\/wp\/v2\/media?parent=5477"}],"wp:term":[{"taxonomy":"category","embeddable":true,"href":"https:\/\/colombiainteligente.org\/es_co\/wp-json\/wp\/v2\/categories?post=5477"},{"taxonomy":"post_tag","embeddable":true,"href":"https:\/\/colombiainteligente.org\/es_co\/wp-json\/wp\/v2\/tags?post=5477"}],"curies":[{"name":"wp","href":"https:\/\/api.w.org\/{rel}","templated":true}]}}