{"id":5605,"date":"2022-09-19T18:39:06","date_gmt":"2022-09-19T23:39:06","guid":{"rendered":"https:\/\/colombiainteligente.org\/?p=5605"},"modified":"2022-12-26T18:39:54","modified_gmt":"2022-12-26T23:39:54","slug":"draft-implementing-regulation-on-the-access-to-electricity-metering-consumption-data-requirements","status":"publish","type":"post","link":"https:\/\/colombiainteligente.org\/es_co\/tendencias\/draft-implementing-regulation-on-the-access-to-electricity-metering-consumption-data-requirements\/","title":{"rendered":"Draft Implementing Regulation on the Access to Electricity Metering &amp; Consumption Data Requirements"},"content":{"rendered":"<div data-elementor-type=\"wp-post\" data-elementor-id=\"5605\" class=\"elementor elementor-5605\" data-elementor-post-type=\"post\">\n\t\t\t\t\t\t\t\t\t<section class=\"elementor-section elementor-top-section elementor-element elementor-element-79148795 elementor-section-boxed elementor-section-height-default elementor-section-height-default\" data-id=\"79148795\" data-element_type=\"section\">\n\t\t\t\t\t\t<div class=\"elementor-container elementor-column-gap-default\">\n\t\t\t\t\t<div class=\"elementor-column elementor-col-100 elementor-top-column elementor-element elementor-element-1ece4ebf\" data-id=\"1ece4ebf\" data-element_type=\"column\">\n\t\t\t<div class=\"elementor-widget-wrap elementor-element-populated\">\n\t\t\t\t\t\t\t\t<div class=\"elementor-element elementor-element-7a61c7e5 elementor-widget elementor-widget-text-editor\" data-id=\"7a61c7e5\" data-element_type=\"widget\" data-widget_type=\"text-editor.default\">\n\t\t\t\t<div class=\"elementor-widget-container\">\n\t\t\t<style>\/*! elementor - v3.14.0 - 26-06-2023 *\/\n.elementor-widget-text-editor.elementor-drop-cap-view-stacked .elementor-drop-cap{background-color:#69727d;color:#fff}.elementor-widget-text-editor.elementor-drop-cap-view-framed .elementor-drop-cap{color:#69727d;border:3px solid;background-color:transparent}.elementor-widget-text-editor:not(.elementor-drop-cap-view-default) .elementor-drop-cap{margin-top:8px}.elementor-widget-text-editor:not(.elementor-drop-cap-view-default) .elementor-drop-cap-letter{width:1em;height:1em}.elementor-widget-text-editor .elementor-drop-cap{float:left;text-align:center;line-height:1;font-size:50px}.elementor-widget-text-editor .elementor-drop-cap-letter{display:inline-block}<\/style>\t\t\t\t<p>Nos preocupa la aplicaci\u00f3n obligatoria del modelo de referencia propuesto, ya que muchos aspectos, tal y como est\u00e1n redactados actualmente, entrar\u00e1n en vigor en 20 d\u00edas. El modelo de referencia deber\u00eda utilizarse para mapear las pr\u00e1cticas nacionales con el fin de lograr la interoperabilidad y no para armonizar las pr\u00e1cticas nacionales, tras las negociaciones del Paquete de Energ\u00eda Limpia. Entendemos que los Estados miembros no han visto este modelo antes de la publicaci\u00f3n de este borrador, y adem\u00e1s proponemos un periodo de aplicaci\u00f3n no inferior a 24 meses para permitir a todos los Estados miembros aplicar cualquier requisito espec\u00edfico.<\/p><p>\u00a0The proposed reference model has been based off the retail market for household and small and medium enterprise (SME) customers, but the IR refers to \u201cfinal customers,\u201d which could be interpreted to include large industrial customers as well. The consumer protection rules in the retail markets for household and SME customers are significantly different from the consumer protection rule for large industrial customers. We would propose that the language scoping the proposed reference model be clarified to include only household and SME customers. The spirit of directive 2019\/944, for example recitals 54, 55 and 56, is providing Smart Metering and access to Smart Metering data to consumers. The data exchange between large industrial customers and high voltage network operators is already well established and requiring similar approach to this data exchange as to residential consumers metering data could create unnecessary bureaucracy. \u00a0<\/p><p>Para leer m\u00e1s ingrese a:<\/p><p><a href=\"https:\/\/www.eurelectric.org\/publications\/draft-implementing-regulation-on-the-access-to-electricity-metering-consumption-data-requirements\/\">https:\/\/www.eurelectric.org\/publications\/draft-implementing-regulation-on-the-access-to-electricity-metering-consumption-data-requirements\/<\/a><\/p><p><a href=\"https:\/\/cdn.eurelectric.org\/media\/6064\/eurelectric-draft-response-to-draft-implementing-regulation-on-the-access-to-electricity-metering-datav-v2-clean-h-62240C31.pdf\">https:\/\/cdn.eurelectric.org\/media\/6064\/eurelectric-draft-response-to-draft-implementing-regulation-on-the-access-to-electricity-metering-datav-v2-clean-h-62240C31.pdf<\/a><\/p>\t\t\t\t\t\t<\/div>\n\t\t\t\t<\/div>\n\t\t\t\t\t<\/div>\n\t\t<\/div>\n\t\t\t\t\t\t\t<\/div>\n\t\t<\/section>\n\t\t\t\t\t\t\t<\/div>\n\t\t<div style=\"text-align:center\" class=\"yasr-auto-insert-visitor\"><\/div>","protected":false},"excerpt":{"rendered":"<p>Nos preocupa la aplicaci\u00f3n obligatoria del modelo de referencia propuesto, ya que muchos aspectos, tal y como est\u00e1n redactados actualmente, entrar\u00e1n en vigor en 20 d\u00edas. El modelo de referencia deber\u00eda utilizarse para mapear las pr\u00e1cticas nacionales con el fin de lograr la interoperabilidad y no para armonizar las pr\u00e1cticas nacionales, tras las negociaciones del Paquete de Energ\u00eda Limpia. Entendemos que los Estados miembros no han visto este modelo antes de la publicaci\u00f3n de este borrador, y adem\u00e1s proponemos un periodo de aplicaci\u00f3n no inferior a 24 meses para permitir a todos los Estados miembros aplicar cualquier requisito espec\u00edfico.<\/p>","protected":false},"author":23,"featured_media":5281,"comment_status":"open","ping_status":"open","sticky":false,"template":"","format":"standard","meta":{"yasr_overall_rating":0,"yasr_post_is_review":"","yasr_auto_insert_disabled":"","yasr_review_type":"","footnotes":""},"categories":[54,53],"tags":[],"class_list":["post-5605","post","type-post","status-publish","format-standard","has-post-thumbnail","hentry","category-energia-que-transforma","category-tendencias"],"yasr_visitor_votes":{"number_of_votes":0,"sum_votes":0,"stars_attributes":{"read_only":false,"span_bottom":false}},"yoast_head":"<!-- This site is optimized with the Yoast SEO plugin v27.3 - https:\/\/yoast.com\/product\/yoast-seo-wordpress\/ -->\n<title>Draft Implementing Regulation on the Access to Electricity Metering &amp; Consumption Data Requirements - Colombia Inteligente<\/title>\n<meta name=\"robots\" content=\"index, follow, max-snippet:-1, max-image-preview:large, max-video-preview:-1\" \/>\n<link rel=\"canonical\" href=\"https:\/\/colombiainteligente.org\/es_co\/tendencias\/draft-implementing-regulation-on-the-access-to-electricity-metering-consumption-data-requirements\/\" \/>\n<meta property=\"og:locale\" content=\"es_ES\" \/>\n<meta property=\"og:type\" content=\"article\" \/>\n<meta property=\"og:title\" content=\"Draft Implementing Regulation on the Access to Electricity Metering &amp; Consumption Data Requirements - Colombia Inteligente\" \/>\n<meta property=\"og:description\" content=\"Nos preocupa la aplicaci\u00f3n obligatoria del modelo de referencia propuesto, ya que muchos aspectos, tal y como est\u00e1n redactados actualmente, entrar\u00e1n en vigor en 20 d\u00edas. El modelo de referencia deber\u00eda utilizarse para mapear las pr\u00e1cticas nacionales con el fin de lograr la interoperabilidad y no para armonizar las pr\u00e1cticas nacionales, tras las negociaciones del Paquete de Energ\u00eda Limpia. Entendemos que los Estados miembros no han visto este modelo antes de la publicaci\u00f3n de este borrador, y adem\u00e1s proponemos un periodo de aplicaci\u00f3n no inferior a 24 meses para permitir a todos los Estados miembros aplicar cualquier requisito espec\u00edfico.\" \/>\n<meta property=\"og:url\" content=\"https:\/\/colombiainteligente.org\/es_co\/tendencias\/draft-implementing-regulation-on-the-access-to-electricity-metering-consumption-data-requirements\/\" \/>\n<meta property=\"og:site_name\" content=\"Colombia Inteligente\" \/>\n<meta property=\"article:published_time\" content=\"2022-09-19T23:39:06+00:00\" \/>\n<meta property=\"article:modified_time\" content=\"2022-12-26T23:39:54+00:00\" \/>\n<meta property=\"og:image\" content=\"https:\/\/colombiainteligente.org\/wp-content\/uploads\/2022\/12\/72700922-8-convergencia-Draft-Implementing-Regulation-on-the-Access-to-Electricity-Metering-Consumption-Data-Requirements.jpg\" \/>\n\t<meta property=\"og:image:width\" content=\"287\" \/>\n\t<meta property=\"og:image:height\" content=\"400\" \/>\n\t<meta property=\"og:image:type\" content=\"image\/jpeg\" \/>\n<meta name=\"author\" content=\"DIFUSI\u00d3N COLOMBIA INTELIGENTE\" \/>\n<meta name=\"twitter:card\" content=\"summary_large_image\" \/>\n<meta name=\"twitter:creator\" content=\"@colombiaintelig\" \/>\n<meta name=\"twitter:site\" content=\"@colombiaintelig\" \/>\n<meta name=\"twitter:label1\" content=\"Escrito por\" \/>\n\t<meta name=\"twitter:data1\" content=\"DIFUSI\u00d3N COLOMBIA INTELIGENTE\" \/>\n\t<meta name=\"twitter:label2\" content=\"Tiempo estimado de lectura\" \/>\n\t<meta name=\"twitter:data2\" content=\"1 minuto\" \/>\n<script type=\"application\/ld+json\" class=\"yoast-schema-graph\">{\"@context\":\"https:\\\/\\\/schema.org\",\"@graph\":[{\"@type\":\"Article\",\"@id\":\"https:\\\/\\\/colombiainteligente.org\\\/tendencias\\\/draft-implementing-regulation-on-the-access-to-electricity-metering-consumption-data-requirements\\\/#article\",\"isPartOf\":{\"@id\":\"https:\\\/\\\/colombiainteligente.org\\\/tendencias\\\/draft-implementing-regulation-on-the-access-to-electricity-metering-consumption-data-requirements\\\/\"},\"author\":{\"name\":\"DIFUSI\u00d3N COLOMBIA INTELIGENTE\",\"@id\":\"https:\\\/\\\/colombiainteligente.org\\\/#\\\/schema\\\/person\\\/e207145d548b75a6d339ff1d4d3b0432\"},\"headline\":\"Draft Implementing Regulation on the Access to Electricity Metering &amp; Consumption Data Requirements\",\"datePublished\":\"2022-09-19T23:39:06+00:00\",\"dateModified\":\"2022-12-26T23:39:54+00:00\",\"mainEntityOfPage\":{\"@id\":\"https:\\\/\\\/colombiainteligente.org\\\/tendencias\\\/draft-implementing-regulation-on-the-access-to-electricity-metering-consumption-data-requirements\\\/\"},\"wordCount\":280,\"commentCount\":0,\"publisher\":{\"@id\":\"https:\\\/\\\/colombiainteligente.org\\\/#organization\"},\"image\":{\"@id\":\"https:\\\/\\\/colombiainteligente.org\\\/tendencias\\\/draft-implementing-regulation-on-the-access-to-electricity-metering-consumption-data-requirements\\\/#primaryimage\"},\"thumbnailUrl\":\"https:\\\/\\\/colombiainteligente.org\\\/wp-content\\\/uploads\\\/2022\\\/12\\\/72700922-8-convergencia-Draft-Implementing-Regulation-on-the-Access-to-Electricity-Metering-Consumption-Data-Requirements.jpg\",\"articleSection\":[\"Energ\u00eda que transforma\",\"Tendencias\"],\"inLanguage\":\"es-CO\",\"potentialAction\":[{\"@type\":\"CommentAction\",\"name\":\"Comment\",\"target\":[\"https:\\\/\\\/colombiainteligente.org\\\/tendencias\\\/draft-implementing-regulation-on-the-access-to-electricity-metering-consumption-data-requirements\\\/#respond\"]}]},{\"@type\":\"WebPage\",\"@id\":\"https:\\\/\\\/colombiainteligente.org\\\/tendencias\\\/draft-implementing-regulation-on-the-access-to-electricity-metering-consumption-data-requirements\\\/\",\"url\":\"https:\\\/\\\/colombiainteligente.org\\\/tendencias\\\/draft-implementing-regulation-on-the-access-to-electricity-metering-consumption-data-requirements\\\/\",\"name\":\"Draft Implementing Regulation on the Access to Electricity Metering &amp; Consumption Data Requirements - Colombia Inteligente\",\"isPartOf\":{\"@id\":\"https:\\\/\\\/colombiainteligente.org\\\/#website\"},\"primaryImageOfPage\":{\"@id\":\"https:\\\/\\\/colombiainteligente.org\\\/tendencias\\\/draft-implementing-regulation-on-the-access-to-electricity-metering-consumption-data-requirements\\\/#primaryimage\"},\"image\":{\"@id\":\"https:\\\/\\\/colombiainteligente.org\\\/tendencias\\\/draft-implementing-regulation-on-the-access-to-electricity-metering-consumption-data-requirements\\\/#primaryimage\"},\"thumbnailUrl\":\"https:\\\/\\\/colombiainteligente.org\\\/wp-content\\\/uploads\\\/2022\\\/12\\\/72700922-8-convergencia-Draft-Implementing-Regulation-on-the-Access-to-Electricity-Metering-Consumption-Data-Requirements.jpg\",\"datePublished\":\"2022-09-19T23:39:06+00:00\",\"dateModified\":\"2022-12-26T23:39:54+00:00\",\"breadcrumb\":{\"@id\":\"https:\\\/\\\/colombiainteligente.org\\\/tendencias\\\/draft-implementing-regulation-on-the-access-to-electricity-metering-consumption-data-requirements\\\/#breadcrumb\"},\"inLanguage\":\"es-CO\",\"potentialAction\":[{\"@type\":\"ReadAction\",\"target\":[\"https:\\\/\\\/colombiainteligente.org\\\/tendencias\\\/draft-implementing-regulation-on-the-access-to-electricity-metering-consumption-data-requirements\\\/\"]}]},{\"@type\":\"ImageObject\",\"inLanguage\":\"es-CO\",\"@id\":\"https:\\\/\\\/colombiainteligente.org\\\/tendencias\\\/draft-implementing-regulation-on-the-access-to-electricity-metering-consumption-data-requirements\\\/#primaryimage\",\"url\":\"https:\\\/\\\/colombiainteligente.org\\\/wp-content\\\/uploads\\\/2022\\\/12\\\/72700922-8-convergencia-Draft-Implementing-Regulation-on-the-Access-to-Electricity-Metering-Consumption-Data-Requirements.jpg\",\"contentUrl\":\"https:\\\/\\\/colombiainteligente.org\\\/wp-content\\\/uploads\\\/2022\\\/12\\\/72700922-8-convergencia-Draft-Implementing-Regulation-on-the-Access-to-Electricity-Metering-Consumption-Data-Requirements.jpg\",\"width\":287,\"height\":400,\"caption\":\"72700922-8-convergencia-Draft-Implementing-Regulation-on-the-Access-to-Electricity-Metering-Consumption-Data-Requirements.jpg\"},{\"@type\":\"BreadcrumbList\",\"@id\":\"https:\\\/\\\/colombiainteligente.org\\\/tendencias\\\/draft-implementing-regulation-on-the-access-to-electricity-metering-consumption-data-requirements\\\/#breadcrumb\",\"itemListElement\":[{\"@type\":\"ListItem\",\"position\":1,\"name\":\"Portada\",\"item\":\"https:\\\/\\\/colombiainteligente.org\\\/\"},{\"@type\":\"ListItem\",\"position\":2,\"name\":\"Draft Implementing Regulation on the Access to Electricity Metering &amp; Consumption Data Requirements\"}]},{\"@type\":\"WebSite\",\"@id\":\"https:\\\/\\\/colombiainteligente.org\\\/#website\",\"url\":\"https:\\\/\\\/colombiainteligente.org\\\/\",\"name\":\"Colombia Inteligente\",\"description\":\"Alianza estrat\u00e9gica, conformada por empresas y entidades, para la inserci\u00f3n integral y eficiente de las redes inteligentes a la infraestructura del sector el\u00e9ctrico colombiano\",\"publisher\":{\"@id\":\"https:\\\/\\\/colombiainteligente.org\\\/#organization\"},\"potentialAction\":[{\"@type\":\"SearchAction\",\"target\":{\"@type\":\"EntryPoint\",\"urlTemplate\":\"https:\\\/\\\/colombiainteligente.org\\\/?s={search_term_string}\"},\"query-input\":{\"@type\":\"PropertyValueSpecification\",\"valueRequired\":true,\"valueName\":\"search_term_string\"}}],\"inLanguage\":\"es-CO\"},{\"@type\":\"Organization\",\"@id\":\"https:\\\/\\\/colombiainteligente.org\\\/#organization\",\"name\":\"Colombia Inteligente\",\"url\":\"https:\\\/\\\/colombiainteligente.org\\\/\",\"logo\":{\"@type\":\"ImageObject\",\"inLanguage\":\"es-CO\",\"@id\":\"https:\\\/\\\/colombiainteligente.org\\\/#\\\/schema\\\/logo\\\/image\\\/\",\"url\":\"https:\\\/\\\/colombiainteligente.org\\\/wp-content\\\/uploads\\\/2022\\\/07\\\/Image.png\",\"contentUrl\":\"https:\\\/\\\/colombiainteligente.org\\\/wp-content\\\/uploads\\\/2022\\\/07\\\/Image.png\",\"width\":588,\"height\":274,\"caption\":\"Colombia Inteligente\"},\"image\":{\"@id\":\"https:\\\/\\\/colombiainteligente.org\\\/#\\\/schema\\\/logo\\\/image\\\/\"},\"sameAs\":[\"https:\\\/\\\/x.com\\\/colombiaintelig\",\"https:\\\/\\\/www.linkedin.com\\\/company\\\/colombiainteligente\\\/\"]},{\"@type\":\"Person\",\"@id\":\"https:\\\/\\\/colombiainteligente.org\\\/#\\\/schema\\\/person\\\/e207145d548b75a6d339ff1d4d3b0432\",\"name\":\"DIFUSI\u00d3N COLOMBIA INTELIGENTE\",\"image\":{\"@type\":\"ImageObject\",\"inLanguage\":\"es-CO\",\"@id\":\"https:\\\/\\\/secure.gravatar.com\\\/avatar\\\/df2e679ff2abf288cf4bf58830dad897e596908105ec8969f50f748a6d837869?s=96&d=mm&r=g\",\"url\":\"https:\\\/\\\/secure.gravatar.com\\\/avatar\\\/df2e679ff2abf288cf4bf58830dad897e596908105ec8969f50f748a6d837869?s=96&d=mm&r=g\",\"contentUrl\":\"https:\\\/\\\/secure.gravatar.com\\\/avatar\\\/df2e679ff2abf288cf4bf58830dad897e596908105ec8969f50f748a6d837869?s=96&d=mm&r=g\",\"caption\":\"DIFUSI\u00d3N COLOMBIA INTELIGENTE\"},\"url\":\"https:\\\/\\\/colombiainteligente.org\\\/es_co\\\/author\\\/difusioncolombiainteligente-org\\\/\"}]}<\/script>\n<!-- \/ Yoast SEO plugin. -->","yoast_head_json":{"title":"Draft Implementing Regulation on the Access to Electricity Metering &amp; Consumption Data Requirements - Colombia Inteligente","robots":{"index":"index","follow":"follow","max-snippet":"max-snippet:-1","max-image-preview":"max-image-preview:large","max-video-preview":"max-video-preview:-1"},"canonical":"https:\/\/colombiainteligente.org\/es_co\/tendencias\/draft-implementing-regulation-on-the-access-to-electricity-metering-consumption-data-requirements\/","og_locale":"es_ES","og_type":"article","og_title":"Draft Implementing Regulation on the Access to Electricity Metering &amp; Consumption Data Requirements - Colombia Inteligente","og_description":"Nos preocupa la aplicaci\u00f3n obligatoria del modelo de referencia propuesto, ya que muchos aspectos, tal y como est\u00e1n redactados actualmente, entrar\u00e1n en vigor en 20 d\u00edas. El modelo de referencia deber\u00eda utilizarse para mapear las pr\u00e1cticas nacionales con el fin de lograr la interoperabilidad y no para armonizar las pr\u00e1cticas nacionales, tras las negociaciones del Paquete de Energ\u00eda Limpia. Entendemos que los Estados miembros no han visto este modelo antes de la publicaci\u00f3n de este borrador, y adem\u00e1s proponemos un periodo de aplicaci\u00f3n no inferior a 24 meses para permitir a todos los Estados miembros aplicar cualquier requisito espec\u00edfico.","og_url":"https:\/\/colombiainteligente.org\/es_co\/tendencias\/draft-implementing-regulation-on-the-access-to-electricity-metering-consumption-data-requirements\/","og_site_name":"Colombia Inteligente","article_published_time":"2022-09-19T23:39:06+00:00","article_modified_time":"2022-12-26T23:39:54+00:00","og_image":[{"width":287,"height":400,"url":"https:\/\/colombiainteligente.org\/wp-content\/uploads\/2022\/12\/72700922-8-convergencia-Draft-Implementing-Regulation-on-the-Access-to-Electricity-Metering-Consumption-Data-Requirements.jpg","type":"image\/jpeg"}],"author":"DIFUSI\u00d3N COLOMBIA INTELIGENTE","twitter_card":"summary_large_image","twitter_creator":"@colombiaintelig","twitter_site":"@colombiaintelig","twitter_misc":{"Escrito por":"DIFUSI\u00d3N COLOMBIA INTELIGENTE","Tiempo estimado de lectura":"1 minuto"},"schema":{"@context":"https:\/\/schema.org","@graph":[{"@type":"Article","@id":"https:\/\/colombiainteligente.org\/tendencias\/draft-implementing-regulation-on-the-access-to-electricity-metering-consumption-data-requirements\/#article","isPartOf":{"@id":"https:\/\/colombiainteligente.org\/tendencias\/draft-implementing-regulation-on-the-access-to-electricity-metering-consumption-data-requirements\/"},"author":{"name":"DIFUSI\u00d3N COLOMBIA INTELIGENTE","@id":"https:\/\/colombiainteligente.org\/#\/schema\/person\/e207145d548b75a6d339ff1d4d3b0432"},"headline":"Draft Implementing Regulation on the Access to Electricity Metering &amp; Consumption Data Requirements","datePublished":"2022-09-19T23:39:06+00:00","dateModified":"2022-12-26T23:39:54+00:00","mainEntityOfPage":{"@id":"https:\/\/colombiainteligente.org\/tendencias\/draft-implementing-regulation-on-the-access-to-electricity-metering-consumption-data-requirements\/"},"wordCount":280,"commentCount":0,"publisher":{"@id":"https:\/\/colombiainteligente.org\/#organization"},"image":{"@id":"https:\/\/colombiainteligente.org\/tendencias\/draft-implementing-regulation-on-the-access-to-electricity-metering-consumption-data-requirements\/#primaryimage"},"thumbnailUrl":"https:\/\/colombiainteligente.org\/wp-content\/uploads\/2022\/12\/72700922-8-convergencia-Draft-Implementing-Regulation-on-the-Access-to-Electricity-Metering-Consumption-Data-Requirements.jpg","articleSection":["Energ\u00eda que transforma","Tendencias"],"inLanguage":"es-CO","potentialAction":[{"@type":"CommentAction","name":"Comment","target":["https:\/\/colombiainteligente.org\/tendencias\/draft-implementing-regulation-on-the-access-to-electricity-metering-consumption-data-requirements\/#respond"]}]},{"@type":"WebPage","@id":"https:\/\/colombiainteligente.org\/tendencias\/draft-implementing-regulation-on-the-access-to-electricity-metering-consumption-data-requirements\/","url":"https:\/\/colombiainteligente.org\/tendencias\/draft-implementing-regulation-on-the-access-to-electricity-metering-consumption-data-requirements\/","name":"Draft Implementing Regulation on the Access to Electricity Metering &amp; Consumption Data Requirements - Colombia Inteligente","isPartOf":{"@id":"https:\/\/colombiainteligente.org\/#website"},"primaryImageOfPage":{"@id":"https:\/\/colombiainteligente.org\/tendencias\/draft-implementing-regulation-on-the-access-to-electricity-metering-consumption-data-requirements\/#primaryimage"},"image":{"@id":"https:\/\/colombiainteligente.org\/tendencias\/draft-implementing-regulation-on-the-access-to-electricity-metering-consumption-data-requirements\/#primaryimage"},"thumbnailUrl":"https:\/\/colombiainteligente.org\/wp-content\/uploads\/2022\/12\/72700922-8-convergencia-Draft-Implementing-Regulation-on-the-Access-to-Electricity-Metering-Consumption-Data-Requirements.jpg","datePublished":"2022-09-19T23:39:06+00:00","dateModified":"2022-12-26T23:39:54+00:00","breadcrumb":{"@id":"https:\/\/colombiainteligente.org\/tendencias\/draft-implementing-regulation-on-the-access-to-electricity-metering-consumption-data-requirements\/#breadcrumb"},"inLanguage":"es-CO","potentialAction":[{"@type":"ReadAction","target":["https:\/\/colombiainteligente.org\/tendencias\/draft-implementing-regulation-on-the-access-to-electricity-metering-consumption-data-requirements\/"]}]},{"@type":"ImageObject","inLanguage":"es-CO","@id":"https:\/\/colombiainteligente.org\/tendencias\/draft-implementing-regulation-on-the-access-to-electricity-metering-consumption-data-requirements\/#primaryimage","url":"https:\/\/colombiainteligente.org\/wp-content\/uploads\/2022\/12\/72700922-8-convergencia-Draft-Implementing-Regulation-on-the-Access-to-Electricity-Metering-Consumption-Data-Requirements.jpg","contentUrl":"https:\/\/colombiainteligente.org\/wp-content\/uploads\/2022\/12\/72700922-8-convergencia-Draft-Implementing-Regulation-on-the-Access-to-Electricity-Metering-Consumption-Data-Requirements.jpg","width":287,"height":400,"caption":"72700922-8-convergencia-Draft-Implementing-Regulation-on-the-Access-to-Electricity-Metering-Consumption-Data-Requirements.jpg"},{"@type":"BreadcrumbList","@id":"https:\/\/colombiainteligente.org\/tendencias\/draft-implementing-regulation-on-the-access-to-electricity-metering-consumption-data-requirements\/#breadcrumb","itemListElement":[{"@type":"ListItem","position":1,"name":"Portada","item":"https:\/\/colombiainteligente.org\/"},{"@type":"ListItem","position":2,"name":"Draft Implementing Regulation on the Access to Electricity Metering &amp; Consumption Data Requirements"}]},{"@type":"WebSite","@id":"https:\/\/colombiainteligente.org\/#website","url":"https:\/\/colombiainteligente.org\/","name":"Colombia Inteligente","description":"Alianza estrat\u00e9gica, conformada por empresas y entidades, para la inserci\u00f3n integral y eficiente de las redes inteligentes a la infraestructura del sector el\u00e9ctrico colombiano","publisher":{"@id":"https:\/\/colombiainteligente.org\/#organization"},"potentialAction":[{"@type":"SearchAction","target":{"@type":"EntryPoint","urlTemplate":"https:\/\/colombiainteligente.org\/?s={search_term_string}"},"query-input":{"@type":"PropertyValueSpecification","valueRequired":true,"valueName":"search_term_string"}}],"inLanguage":"es-CO"},{"@type":"Organization","@id":"https:\/\/colombiainteligente.org\/#organization","name":"Colombia Inteligente","url":"https:\/\/colombiainteligente.org\/","logo":{"@type":"ImageObject","inLanguage":"es-CO","@id":"https:\/\/colombiainteligente.org\/#\/schema\/logo\/image\/","url":"https:\/\/colombiainteligente.org\/wp-content\/uploads\/2022\/07\/Image.png","contentUrl":"https:\/\/colombiainteligente.org\/wp-content\/uploads\/2022\/07\/Image.png","width":588,"height":274,"caption":"Colombia Inteligente"},"image":{"@id":"https:\/\/colombiainteligente.org\/#\/schema\/logo\/image\/"},"sameAs":["https:\/\/x.com\/colombiaintelig","https:\/\/www.linkedin.com\/company\/colombiainteligente\/"]},{"@type":"Person","@id":"https:\/\/colombiainteligente.org\/#\/schema\/person\/e207145d548b75a6d339ff1d4d3b0432","name":"DIFUSI\u00d3N COLOMBIA INTELIGENTE","image":{"@type":"ImageObject","inLanguage":"es-CO","@id":"https:\/\/secure.gravatar.com\/avatar\/df2e679ff2abf288cf4bf58830dad897e596908105ec8969f50f748a6d837869?s=96&d=mm&r=g","url":"https:\/\/secure.gravatar.com\/avatar\/df2e679ff2abf288cf4bf58830dad897e596908105ec8969f50f748a6d837869?s=96&d=mm&r=g","contentUrl":"https:\/\/secure.gravatar.com\/avatar\/df2e679ff2abf288cf4bf58830dad897e596908105ec8969f50f748a6d837869?s=96&d=mm&r=g","caption":"DIFUSI\u00d3N COLOMBIA INTELIGENTE"},"url":"https:\/\/colombiainteligente.org\/es_co\/author\/difusioncolombiainteligente-org\/"}]}},"_links":{"self":[{"href":"https:\/\/colombiainteligente.org\/es_co\/wp-json\/wp\/v2\/posts\/5605","targetHints":{"allow":["GET"]}}],"collection":[{"href":"https:\/\/colombiainteligente.org\/es_co\/wp-json\/wp\/v2\/posts"}],"about":[{"href":"https:\/\/colombiainteligente.org\/es_co\/wp-json\/wp\/v2\/types\/post"}],"author":[{"embeddable":true,"href":"https:\/\/colombiainteligente.org\/es_co\/wp-json\/wp\/v2\/users\/23"}],"replies":[{"embeddable":true,"href":"https:\/\/colombiainteligente.org\/es_co\/wp-json\/wp\/v2\/comments?post=5605"}],"version-history":[{"count":4,"href":"https:\/\/colombiainteligente.org\/es_co\/wp-json\/wp\/v2\/posts\/5605\/revisions"}],"predecessor-version":[{"id":5609,"href":"https:\/\/colombiainteligente.org\/es_co\/wp-json\/wp\/v2\/posts\/5605\/revisions\/5609"}],"wp:featuredmedia":[{"embeddable":true,"href":"https:\/\/colombiainteligente.org\/es_co\/wp-json\/wp\/v2\/media\/5281"}],"wp:attachment":[{"href":"https:\/\/colombiainteligente.org\/es_co\/wp-json\/wp\/v2\/media?parent=5605"}],"wp:term":[{"taxonomy":"category","embeddable":true,"href":"https:\/\/colombiainteligente.org\/es_co\/wp-json\/wp\/v2\/categories?post=5605"},{"taxonomy":"post_tag","embeddable":true,"href":"https:\/\/colombiainteligente.org\/es_co\/wp-json\/wp\/v2\/tags?post=5605"}],"curies":[{"name":"wp","href":"https:\/\/api.w.org\/{rel}","templated":true}]}}