{"id":5669,"date":"2022-09-12T19:03:19","date_gmt":"2022-09-13T00:03:19","guid":{"rendered":"https:\/\/colombiainteligente.org\/?p=5669"},"modified":"2022-12-26T19:04:12","modified_gmt":"2022-12-27T00:04:12","slug":"does-environmental-policy-uncertainty-hinder-investments-towards-a-low-carbon-economy","status":"publish","type":"post","link":"https:\/\/colombiainteligente.org\/es_co\/tendencias\/does-environmental-policy-uncertainty-hinder-investments-towards-a-low-carbon-economy\/","title":{"rendered":"Does Environmental Policy Uncertainty Hinder Investments Towards a Low-Carbon Economy?"},"content":{"rendered":"<div data-elementor-type=\"wp-post\" data-elementor-id=\"5669\" class=\"elementor elementor-5669\" data-elementor-post-type=\"post\">\n\t\t\t\t\t\t\t\t\t<section class=\"elementor-section elementor-top-section elementor-element elementor-element-79148795 elementor-section-boxed elementor-section-height-default elementor-section-height-default\" data-id=\"79148795\" data-element_type=\"section\">\n\t\t\t\t\t\t<div class=\"elementor-container elementor-column-gap-default\">\n\t\t\t\t\t<div class=\"elementor-column elementor-col-100 elementor-top-column elementor-element elementor-element-1ece4ebf\" data-id=\"1ece4ebf\" data-element_type=\"column\">\n\t\t\t<div class=\"elementor-widget-wrap elementor-element-populated\">\n\t\t\t\t\t\t\t\t<div class=\"elementor-element elementor-element-7a61c7e5 elementor-widget elementor-widget-text-editor\" data-id=\"7a61c7e5\" data-element_type=\"widget\" data-widget_type=\"text-editor.default\">\n\t\t\t\t<div class=\"elementor-widget-container\">\n\t\t\t<style>\/*! elementor - v3.14.0 - 26-06-2023 *\/\n.elementor-widget-text-editor.elementor-drop-cap-view-stacked .elementor-drop-cap{background-color:#69727d;color:#fff}.elementor-widget-text-editor.elementor-drop-cap-view-framed .elementor-drop-cap{color:#69727d;border:3px solid;background-color:transparent}.elementor-widget-text-editor:not(.elementor-drop-cap-view-default) .elementor-drop-cap{margin-top:8px}.elementor-widget-text-editor:not(.elementor-drop-cap-view-default) .elementor-drop-cap-letter{width:1em;height:1em}.elementor-widget-text-editor .elementor-drop-cap{float:left;text-align:center;line-height:1;font-size:50px}.elementor-widget-text-editor .elementor-drop-cap-letter{display:inline-block}<\/style>\t\t\t\t<p>Utilizamos algoritmos de aprendizaje autom\u00e1tico para construir un nuevo \u00edndice de incertidumbre en la pol\u00edtica medioambiental y clim\u00e1tica de Estados Unidos (EnvPU) basado en noticias y disponible mensualmente durante el periodo 1990-2019. Descubrimos que nuestro \u00edndice EnvPU se dispara durante las disputas sobre el gasto medioambiental del cierre del gobierno de 1995-1996, a principios de la d\u00e9cada de 2010 debido al fracaso del proyecto de ley nacional de l\u00edmites y comercio clim\u00e1tico y durante la presidencia de Trump.<\/p><p>We examine how elevated levels of environmental policy uncertainty relate to investments in the low-carbon economy. In firm-level estimations, we find that a rise in the EnvPU index is associated with a reduced probability for cleantech startups to receive venture capital (VC) funding. In financial markets, a rise in our EnvPU index is associated with higher stock volatility for firms with above-average green revenue shares. At the macro level, shocks in our index lead to declines in the number of cleantech VC deals and higher volatility of the main benchmark clean energy exchange-traded fund. Overall, our results are consistent with the notion that policy uncertainty has adverse effects on investments for the lowcarbon economy.<\/p><p>Para leer m\u00e1s ingrese a:<\/p><p><a href=\"https:\/\/www.brattle.com\/insights-events\/news\/does-environmental-policy-uncertainty-hinder-investments-towards-a-low-carbon-economy\/\">https:\/\/www.brattle.com\/insights-events\/news\/does-environmental-policy-uncertainty-hinder-investments-towards-a-low-carbon-economy\/<\/a><\/p><p><a href=\"https:\/\/www.nber.org\/system\/files\/working_papers\/w30361\/w30361.pdf\">https:\/\/www.nber.org\/system\/files\/working_papers\/w30361\/w30361.pdf<\/a><\/p>\t\t\t\t\t\t<\/div>\n\t\t\t\t<\/div>\n\t\t\t\t\t<\/div>\n\t\t<\/div>\n\t\t\t\t\t\t\t<\/div>\n\t\t<\/section>\n\t\t\t\t\t\t\t<\/div>\n\t\t<div style=\"text-align:center\" class=\"yasr-auto-insert-visitor\"><\/div>","protected":false},"excerpt":{"rendered":"<p>Utilizamos algoritmos de aprendizaje autom\u00e1tico para construir un nuevo \u00edndice de incertidumbre en la pol\u00edtica medioambiental y clim\u00e1tica de Estados Unidos (EnvPU) basado en noticias y disponible mensualmente durante el periodo 1990-2019. Descubrimos que nuestro \u00edndice EnvPU se dispara durante las disputas sobre el gasto medioambiental del cierre del gobierno de 1995-1996, a principios de la d\u00e9cada de 2010 debido al fracaso del proyecto de ley nacional de l\u00edmites y comercio clim\u00e1tico y durante la presidencia de Trump.<\/p>","protected":false},"author":23,"featured_media":5627,"comment_status":"open","ping_status":"open","sticky":false,"template":"","format":"standard","meta":{"yasr_overall_rating":0,"yasr_post_is_review":"","yasr_auto_insert_disabled":"","yasr_review_type":"","footnotes":""},"categories":[56,53],"tags":[],"class_list":["post-5669","post","type-post","status-publish","format-standard","has-post-thumbnail","hentry","category-convergencia-y-sostenibilidad","category-tendencias"],"yasr_visitor_votes":{"number_of_votes":0,"sum_votes":0,"stars_attributes":{"read_only":false,"span_bottom":false}},"yoast_head":"<!-- This site is optimized with the Yoast SEO plugin v27.3 - https:\/\/yoast.com\/product\/yoast-seo-wordpress\/ -->\n<title>Does Environmental Policy Uncertainty Hinder Investments Towards a Low-Carbon Economy? - Colombia Inteligente<\/title>\n<meta name=\"robots\" content=\"index, follow, max-snippet:-1, max-image-preview:large, max-video-preview:-1\" \/>\n<link rel=\"canonical\" href=\"https:\/\/colombiainteligente.org\/es_co\/tendencias\/does-environmental-policy-uncertainty-hinder-investments-towards-a-low-carbon-economy\/\" \/>\n<meta property=\"og:locale\" content=\"es_ES\" \/>\n<meta property=\"og:type\" content=\"article\" \/>\n<meta property=\"og:title\" content=\"Does Environmental Policy Uncertainty Hinder Investments Towards a Low-Carbon Economy? - Colombia Inteligente\" \/>\n<meta property=\"og:description\" content=\"Utilizamos algoritmos de aprendizaje autom\u00e1tico para construir un nuevo \u00edndice de incertidumbre en la pol\u00edtica medioambiental y clim\u00e1tica de Estados Unidos (EnvPU) basado en noticias y disponible mensualmente durante el periodo 1990-2019. Descubrimos que nuestro \u00edndice EnvPU se dispara durante las disputas sobre el gasto medioambiental del cierre del gobierno de 1995-1996, a principios de la d\u00e9cada de 2010 debido al fracaso del proyecto de ley nacional de l\u00edmites y comercio clim\u00e1tico y durante la presidencia de Trump.\" \/>\n<meta property=\"og:url\" content=\"https:\/\/colombiainteligente.org\/es_co\/tendencias\/does-environmental-policy-uncertainty-hinder-investments-towards-a-low-carbon-economy\/\" \/>\n<meta property=\"og:site_name\" content=\"Colombia Inteligente\" \/>\n<meta property=\"article:published_time\" content=\"2022-09-13T00:03:19+00:00\" \/>\n<meta property=\"article:modified_time\" content=\"2022-12-27T00:04:12+00:00\" \/>\n<meta property=\"og:image\" content=\"https:\/\/colombiainteligente.org\/wp-content\/uploads\/2022\/12\/2690922-6-convergencia-Does-Environmental-Policy-Uncertainty.jpg\" \/>\n\t<meta property=\"og:image:width\" content=\"300\" \/>\n\t<meta property=\"og:image:height\" content=\"379\" \/>\n\t<meta property=\"og:image:type\" content=\"image\/jpeg\" \/>\n<meta name=\"author\" content=\"DIFUSI\u00d3N COLOMBIA INTELIGENTE\" \/>\n<meta name=\"twitter:card\" content=\"summary_large_image\" \/>\n<meta name=\"twitter:creator\" content=\"@colombiaintelig\" \/>\n<meta name=\"twitter:site\" content=\"@colombiaintelig\" \/>\n<meta name=\"twitter:label1\" content=\"Escrito por\" \/>\n\t<meta name=\"twitter:data1\" content=\"DIFUSI\u00d3N COLOMBIA INTELIGENTE\" \/>\n\t<meta name=\"twitter:label2\" content=\"Tiempo estimado de lectura\" \/>\n\t<meta name=\"twitter:data2\" content=\"1 minuto\" \/>\n<script type=\"application\/ld+json\" class=\"yoast-schema-graph\">{\"@context\":\"https:\\\/\\\/schema.org\",\"@graph\":[{\"@type\":\"Article\",\"@id\":\"https:\\\/\\\/colombiainteligente.org\\\/tendencias\\\/does-environmental-policy-uncertainty-hinder-investments-towards-a-low-carbon-economy\\\/#article\",\"isPartOf\":{\"@id\":\"https:\\\/\\\/colombiainteligente.org\\\/tendencias\\\/does-environmental-policy-uncertainty-hinder-investments-towards-a-low-carbon-economy\\\/\"},\"author\":{\"name\":\"DIFUSI\u00d3N COLOMBIA INTELIGENTE\",\"@id\":\"https:\\\/\\\/colombiainteligente.org\\\/#\\\/schema\\\/person\\\/e207145d548b75a6d339ff1d4d3b0432\"},\"headline\":\"Does Environmental Policy Uncertainty Hinder Investments Towards a Low-Carbon Economy?\",\"datePublished\":\"2022-09-13T00:03:19+00:00\",\"dateModified\":\"2022-12-27T00:04:12+00:00\",\"mainEntityOfPage\":{\"@id\":\"https:\\\/\\\/colombiainteligente.org\\\/tendencias\\\/does-environmental-policy-uncertainty-hinder-investments-towards-a-low-carbon-economy\\\/\"},\"wordCount\":231,\"commentCount\":0,\"publisher\":{\"@id\":\"https:\\\/\\\/colombiainteligente.org\\\/#organization\"},\"image\":{\"@id\":\"https:\\\/\\\/colombiainteligente.org\\\/tendencias\\\/does-environmental-policy-uncertainty-hinder-investments-towards-a-low-carbon-economy\\\/#primaryimage\"},\"thumbnailUrl\":\"https:\\\/\\\/colombiainteligente.org\\\/wp-content\\\/uploads\\\/2022\\\/12\\\/2690922-6-convergencia-Does-Environmental-Policy-Uncertainty.jpg\",\"articleSection\":[\"Convergencia y Sostenibilidad\",\"Tendencias\"],\"inLanguage\":\"es-CO\",\"potentialAction\":[{\"@type\":\"CommentAction\",\"name\":\"Comment\",\"target\":[\"https:\\\/\\\/colombiainteligente.org\\\/tendencias\\\/does-environmental-policy-uncertainty-hinder-investments-towards-a-low-carbon-economy\\\/#respond\"]}]},{\"@type\":\"WebPage\",\"@id\":\"https:\\\/\\\/colombiainteligente.org\\\/tendencias\\\/does-environmental-policy-uncertainty-hinder-investments-towards-a-low-carbon-economy\\\/\",\"url\":\"https:\\\/\\\/colombiainteligente.org\\\/tendencias\\\/does-environmental-policy-uncertainty-hinder-investments-towards-a-low-carbon-economy\\\/\",\"name\":\"Does Environmental Policy Uncertainty Hinder Investments Towards a Low-Carbon Economy? - Colombia Inteligente\",\"isPartOf\":{\"@id\":\"https:\\\/\\\/colombiainteligente.org\\\/#website\"},\"primaryImageOfPage\":{\"@id\":\"https:\\\/\\\/colombiainteligente.org\\\/tendencias\\\/does-environmental-policy-uncertainty-hinder-investments-towards-a-low-carbon-economy\\\/#primaryimage\"},\"image\":{\"@id\":\"https:\\\/\\\/colombiainteligente.org\\\/tendencias\\\/does-environmental-policy-uncertainty-hinder-investments-towards-a-low-carbon-economy\\\/#primaryimage\"},\"thumbnailUrl\":\"https:\\\/\\\/colombiainteligente.org\\\/wp-content\\\/uploads\\\/2022\\\/12\\\/2690922-6-convergencia-Does-Environmental-Policy-Uncertainty.jpg\",\"datePublished\":\"2022-09-13T00:03:19+00:00\",\"dateModified\":\"2022-12-27T00:04:12+00:00\",\"breadcrumb\":{\"@id\":\"https:\\\/\\\/colombiainteligente.org\\\/tendencias\\\/does-environmental-policy-uncertainty-hinder-investments-towards-a-low-carbon-economy\\\/#breadcrumb\"},\"inLanguage\":\"es-CO\",\"potentialAction\":[{\"@type\":\"ReadAction\",\"target\":[\"https:\\\/\\\/colombiainteligente.org\\\/tendencias\\\/does-environmental-policy-uncertainty-hinder-investments-towards-a-low-carbon-economy\\\/\"]}]},{\"@type\":\"ImageObject\",\"inLanguage\":\"es-CO\",\"@id\":\"https:\\\/\\\/colombiainteligente.org\\\/tendencias\\\/does-environmental-policy-uncertainty-hinder-investments-towards-a-low-carbon-economy\\\/#primaryimage\",\"url\":\"https:\\\/\\\/colombiainteligente.org\\\/wp-content\\\/uploads\\\/2022\\\/12\\\/2690922-6-convergencia-Does-Environmental-Policy-Uncertainty.jpg\",\"contentUrl\":\"https:\\\/\\\/colombiainteligente.org\\\/wp-content\\\/uploads\\\/2022\\\/12\\\/2690922-6-convergencia-Does-Environmental-Policy-Uncertainty.jpg\",\"width\":300,\"height\":379,\"caption\":\"2690922-6-convergencia-Does-Environmental-Policy-Uncertainty.jpg\"},{\"@type\":\"BreadcrumbList\",\"@id\":\"https:\\\/\\\/colombiainteligente.org\\\/tendencias\\\/does-environmental-policy-uncertainty-hinder-investments-towards-a-low-carbon-economy\\\/#breadcrumb\",\"itemListElement\":[{\"@type\":\"ListItem\",\"position\":1,\"name\":\"Portada\",\"item\":\"https:\\\/\\\/colombiainteligente.org\\\/\"},{\"@type\":\"ListItem\",\"position\":2,\"name\":\"Does Environmental Policy Uncertainty Hinder Investments Towards a Low-Carbon Economy?\"}]},{\"@type\":\"WebSite\",\"@id\":\"https:\\\/\\\/colombiainteligente.org\\\/#website\",\"url\":\"https:\\\/\\\/colombiainteligente.org\\\/\",\"name\":\"Colombia Inteligente\",\"description\":\"Alianza estrat\u00e9gica, conformada por empresas y entidades, para la inserci\u00f3n integral y eficiente de las redes inteligentes a la infraestructura del sector el\u00e9ctrico colombiano\",\"publisher\":{\"@id\":\"https:\\\/\\\/colombiainteligente.org\\\/#organization\"},\"potentialAction\":[{\"@type\":\"SearchAction\",\"target\":{\"@type\":\"EntryPoint\",\"urlTemplate\":\"https:\\\/\\\/colombiainteligente.org\\\/?s={search_term_string}\"},\"query-input\":{\"@type\":\"PropertyValueSpecification\",\"valueRequired\":true,\"valueName\":\"search_term_string\"}}],\"inLanguage\":\"es-CO\"},{\"@type\":\"Organization\",\"@id\":\"https:\\\/\\\/colombiainteligente.org\\\/#organization\",\"name\":\"Colombia Inteligente\",\"url\":\"https:\\\/\\\/colombiainteligente.org\\\/\",\"logo\":{\"@type\":\"ImageObject\",\"inLanguage\":\"es-CO\",\"@id\":\"https:\\\/\\\/colombiainteligente.org\\\/#\\\/schema\\\/logo\\\/image\\\/\",\"url\":\"https:\\\/\\\/colombiainteligente.org\\\/wp-content\\\/uploads\\\/2022\\\/07\\\/Image.png\",\"contentUrl\":\"https:\\\/\\\/colombiainteligente.org\\\/wp-content\\\/uploads\\\/2022\\\/07\\\/Image.png\",\"width\":588,\"height\":274,\"caption\":\"Colombia Inteligente\"},\"image\":{\"@id\":\"https:\\\/\\\/colombiainteligente.org\\\/#\\\/schema\\\/logo\\\/image\\\/\"},\"sameAs\":[\"https:\\\/\\\/x.com\\\/colombiaintelig\",\"https:\\\/\\\/www.linkedin.com\\\/company\\\/colombiainteligente\\\/\"]},{\"@type\":\"Person\",\"@id\":\"https:\\\/\\\/colombiainteligente.org\\\/#\\\/schema\\\/person\\\/e207145d548b75a6d339ff1d4d3b0432\",\"name\":\"DIFUSI\u00d3N COLOMBIA INTELIGENTE\",\"image\":{\"@type\":\"ImageObject\",\"inLanguage\":\"es-CO\",\"@id\":\"https:\\\/\\\/secure.gravatar.com\\\/avatar\\\/df2e679ff2abf288cf4bf58830dad897e596908105ec8969f50f748a6d837869?s=96&d=mm&r=g\",\"url\":\"https:\\\/\\\/secure.gravatar.com\\\/avatar\\\/df2e679ff2abf288cf4bf58830dad897e596908105ec8969f50f748a6d837869?s=96&d=mm&r=g\",\"contentUrl\":\"https:\\\/\\\/secure.gravatar.com\\\/avatar\\\/df2e679ff2abf288cf4bf58830dad897e596908105ec8969f50f748a6d837869?s=96&d=mm&r=g\",\"caption\":\"DIFUSI\u00d3N COLOMBIA INTELIGENTE\"},\"url\":\"https:\\\/\\\/colombiainteligente.org\\\/es_co\\\/author\\\/difusioncolombiainteligente-org\\\/\"}]}<\/script>\n<!-- \/ Yoast SEO plugin. -->","yoast_head_json":{"title":"Does Environmental Policy Uncertainty Hinder Investments Towards a Low-Carbon Economy? - Colombia Inteligente","robots":{"index":"index","follow":"follow","max-snippet":"max-snippet:-1","max-image-preview":"max-image-preview:large","max-video-preview":"max-video-preview:-1"},"canonical":"https:\/\/colombiainteligente.org\/es_co\/tendencias\/does-environmental-policy-uncertainty-hinder-investments-towards-a-low-carbon-economy\/","og_locale":"es_ES","og_type":"article","og_title":"Does Environmental Policy Uncertainty Hinder Investments Towards a Low-Carbon Economy? - Colombia Inteligente","og_description":"Utilizamos algoritmos de aprendizaje autom\u00e1tico para construir un nuevo \u00edndice de incertidumbre en la pol\u00edtica medioambiental y clim\u00e1tica de Estados Unidos (EnvPU) basado en noticias y disponible mensualmente durante el periodo 1990-2019. Descubrimos que nuestro \u00edndice EnvPU se dispara durante las disputas sobre el gasto medioambiental del cierre del gobierno de 1995-1996, a principios de la d\u00e9cada de 2010 debido al fracaso del proyecto de ley nacional de l\u00edmites y comercio clim\u00e1tico y durante la presidencia de Trump.","og_url":"https:\/\/colombiainteligente.org\/es_co\/tendencias\/does-environmental-policy-uncertainty-hinder-investments-towards-a-low-carbon-economy\/","og_site_name":"Colombia Inteligente","article_published_time":"2022-09-13T00:03:19+00:00","article_modified_time":"2022-12-27T00:04:12+00:00","og_image":[{"width":300,"height":379,"url":"https:\/\/colombiainteligente.org\/wp-content\/uploads\/2022\/12\/2690922-6-convergencia-Does-Environmental-Policy-Uncertainty.jpg","type":"image\/jpeg"}],"author":"DIFUSI\u00d3N COLOMBIA INTELIGENTE","twitter_card":"summary_large_image","twitter_creator":"@colombiaintelig","twitter_site":"@colombiaintelig","twitter_misc":{"Escrito por":"DIFUSI\u00d3N COLOMBIA INTELIGENTE","Tiempo estimado de lectura":"1 minuto"},"schema":{"@context":"https:\/\/schema.org","@graph":[{"@type":"Article","@id":"https:\/\/colombiainteligente.org\/tendencias\/does-environmental-policy-uncertainty-hinder-investments-towards-a-low-carbon-economy\/#article","isPartOf":{"@id":"https:\/\/colombiainteligente.org\/tendencias\/does-environmental-policy-uncertainty-hinder-investments-towards-a-low-carbon-economy\/"},"author":{"name":"DIFUSI\u00d3N COLOMBIA INTELIGENTE","@id":"https:\/\/colombiainteligente.org\/#\/schema\/person\/e207145d548b75a6d339ff1d4d3b0432"},"headline":"Does Environmental Policy Uncertainty Hinder Investments Towards a Low-Carbon Economy?","datePublished":"2022-09-13T00:03:19+00:00","dateModified":"2022-12-27T00:04:12+00:00","mainEntityOfPage":{"@id":"https:\/\/colombiainteligente.org\/tendencias\/does-environmental-policy-uncertainty-hinder-investments-towards-a-low-carbon-economy\/"},"wordCount":231,"commentCount":0,"publisher":{"@id":"https:\/\/colombiainteligente.org\/#organization"},"image":{"@id":"https:\/\/colombiainteligente.org\/tendencias\/does-environmental-policy-uncertainty-hinder-investments-towards-a-low-carbon-economy\/#primaryimage"},"thumbnailUrl":"https:\/\/colombiainteligente.org\/wp-content\/uploads\/2022\/12\/2690922-6-convergencia-Does-Environmental-Policy-Uncertainty.jpg","articleSection":["Convergencia y Sostenibilidad","Tendencias"],"inLanguage":"es-CO","potentialAction":[{"@type":"CommentAction","name":"Comment","target":["https:\/\/colombiainteligente.org\/tendencias\/does-environmental-policy-uncertainty-hinder-investments-towards-a-low-carbon-economy\/#respond"]}]},{"@type":"WebPage","@id":"https:\/\/colombiainteligente.org\/tendencias\/does-environmental-policy-uncertainty-hinder-investments-towards-a-low-carbon-economy\/","url":"https:\/\/colombiainteligente.org\/tendencias\/does-environmental-policy-uncertainty-hinder-investments-towards-a-low-carbon-economy\/","name":"Does Environmental Policy Uncertainty Hinder Investments Towards a Low-Carbon Economy? - Colombia Inteligente","isPartOf":{"@id":"https:\/\/colombiainteligente.org\/#website"},"primaryImageOfPage":{"@id":"https:\/\/colombiainteligente.org\/tendencias\/does-environmental-policy-uncertainty-hinder-investments-towards-a-low-carbon-economy\/#primaryimage"},"image":{"@id":"https:\/\/colombiainteligente.org\/tendencias\/does-environmental-policy-uncertainty-hinder-investments-towards-a-low-carbon-economy\/#primaryimage"},"thumbnailUrl":"https:\/\/colombiainteligente.org\/wp-content\/uploads\/2022\/12\/2690922-6-convergencia-Does-Environmental-Policy-Uncertainty.jpg","datePublished":"2022-09-13T00:03:19+00:00","dateModified":"2022-12-27T00:04:12+00:00","breadcrumb":{"@id":"https:\/\/colombiainteligente.org\/tendencias\/does-environmental-policy-uncertainty-hinder-investments-towards-a-low-carbon-economy\/#breadcrumb"},"inLanguage":"es-CO","potentialAction":[{"@type":"ReadAction","target":["https:\/\/colombiainteligente.org\/tendencias\/does-environmental-policy-uncertainty-hinder-investments-towards-a-low-carbon-economy\/"]}]},{"@type":"ImageObject","inLanguage":"es-CO","@id":"https:\/\/colombiainteligente.org\/tendencias\/does-environmental-policy-uncertainty-hinder-investments-towards-a-low-carbon-economy\/#primaryimage","url":"https:\/\/colombiainteligente.org\/wp-content\/uploads\/2022\/12\/2690922-6-convergencia-Does-Environmental-Policy-Uncertainty.jpg","contentUrl":"https:\/\/colombiainteligente.org\/wp-content\/uploads\/2022\/12\/2690922-6-convergencia-Does-Environmental-Policy-Uncertainty.jpg","width":300,"height":379,"caption":"2690922-6-convergencia-Does-Environmental-Policy-Uncertainty.jpg"},{"@type":"BreadcrumbList","@id":"https:\/\/colombiainteligente.org\/tendencias\/does-environmental-policy-uncertainty-hinder-investments-towards-a-low-carbon-economy\/#breadcrumb","itemListElement":[{"@type":"ListItem","position":1,"name":"Portada","item":"https:\/\/colombiainteligente.org\/"},{"@type":"ListItem","position":2,"name":"Does Environmental Policy Uncertainty Hinder Investments Towards a Low-Carbon Economy?"}]},{"@type":"WebSite","@id":"https:\/\/colombiainteligente.org\/#website","url":"https:\/\/colombiainteligente.org\/","name":"Colombia Inteligente","description":"Alianza estrat\u00e9gica, conformada por empresas y entidades, para la inserci\u00f3n integral y eficiente de las redes inteligentes a la infraestructura del sector el\u00e9ctrico colombiano","publisher":{"@id":"https:\/\/colombiainteligente.org\/#organization"},"potentialAction":[{"@type":"SearchAction","target":{"@type":"EntryPoint","urlTemplate":"https:\/\/colombiainteligente.org\/?s={search_term_string}"},"query-input":{"@type":"PropertyValueSpecification","valueRequired":true,"valueName":"search_term_string"}}],"inLanguage":"es-CO"},{"@type":"Organization","@id":"https:\/\/colombiainteligente.org\/#organization","name":"Colombia Inteligente","url":"https:\/\/colombiainteligente.org\/","logo":{"@type":"ImageObject","inLanguage":"es-CO","@id":"https:\/\/colombiainteligente.org\/#\/schema\/logo\/image\/","url":"https:\/\/colombiainteligente.org\/wp-content\/uploads\/2022\/07\/Image.png","contentUrl":"https:\/\/colombiainteligente.org\/wp-content\/uploads\/2022\/07\/Image.png","width":588,"height":274,"caption":"Colombia Inteligente"},"image":{"@id":"https:\/\/colombiainteligente.org\/#\/schema\/logo\/image\/"},"sameAs":["https:\/\/x.com\/colombiaintelig","https:\/\/www.linkedin.com\/company\/colombiainteligente\/"]},{"@type":"Person","@id":"https:\/\/colombiainteligente.org\/#\/schema\/person\/e207145d548b75a6d339ff1d4d3b0432","name":"DIFUSI\u00d3N COLOMBIA INTELIGENTE","image":{"@type":"ImageObject","inLanguage":"es-CO","@id":"https:\/\/secure.gravatar.com\/avatar\/df2e679ff2abf288cf4bf58830dad897e596908105ec8969f50f748a6d837869?s=96&d=mm&r=g","url":"https:\/\/secure.gravatar.com\/avatar\/df2e679ff2abf288cf4bf58830dad897e596908105ec8969f50f748a6d837869?s=96&d=mm&r=g","contentUrl":"https:\/\/secure.gravatar.com\/avatar\/df2e679ff2abf288cf4bf58830dad897e596908105ec8969f50f748a6d837869?s=96&d=mm&r=g","caption":"DIFUSI\u00d3N COLOMBIA INTELIGENTE"},"url":"https:\/\/colombiainteligente.org\/es_co\/author\/difusioncolombiainteligente-org\/"}]}},"_links":{"self":[{"href":"https:\/\/colombiainteligente.org\/es_co\/wp-json\/wp\/v2\/posts\/5669","targetHints":{"allow":["GET"]}}],"collection":[{"href":"https:\/\/colombiainteligente.org\/es_co\/wp-json\/wp\/v2\/posts"}],"about":[{"href":"https:\/\/colombiainteligente.org\/es_co\/wp-json\/wp\/v2\/types\/post"}],"author":[{"embeddable":true,"href":"https:\/\/colombiainteligente.org\/es_co\/wp-json\/wp\/v2\/users\/23"}],"replies":[{"embeddable":true,"href":"https:\/\/colombiainteligente.org\/es_co\/wp-json\/wp\/v2\/comments?post=5669"}],"version-history":[{"count":4,"href":"https:\/\/colombiainteligente.org\/es_co\/wp-json\/wp\/v2\/posts\/5669\/revisions"}],"predecessor-version":[{"id":5673,"href":"https:\/\/colombiainteligente.org\/es_co\/wp-json\/wp\/v2\/posts\/5669\/revisions\/5673"}],"wp:featuredmedia":[{"embeddable":true,"href":"https:\/\/colombiainteligente.org\/es_co\/wp-json\/wp\/v2\/media\/5627"}],"wp:attachment":[{"href":"https:\/\/colombiainteligente.org\/es_co\/wp-json\/wp\/v2\/media?parent=5669"}],"wp:term":[{"taxonomy":"category","embeddable":true,"href":"https:\/\/colombiainteligente.org\/es_co\/wp-json\/wp\/v2\/categories?post=5669"},{"taxonomy":"post_tag","embeddable":true,"href":"https:\/\/colombiainteligente.org\/es_co\/wp-json\/wp\/v2\/tags?post=5669"}],"curies":[{"name":"wp","href":"https:\/\/api.w.org\/{rel}","templated":true}]}}