{"id":58698,"date":"2025-07-07T14:59:24","date_gmt":"2025-07-07T19:59:24","guid":{"rendered":"https:\/\/colombiainteligente.org\/?p=58698"},"modified":"2025-07-07T15:01:06","modified_gmt":"2025-07-07T20:01:06","slug":"autonomous-public-transit-shuttle-launches-a-us-first","status":"publish","type":"post","link":"https:\/\/colombiainteligente.org\/es_co\/noticias-sectoriales\/autonomous-public-transit-shuttle-launches-a-us-first\/","title":{"rendered":"Autonomous public transit shuttle launches, a US first"},"content":{"rendered":"<div data-elementor-type=\"wp-post\" data-elementor-id=\"58698\" class=\"elementor elementor-58698\" data-elementor-post-type=\"post\">\n\t\t\t\t\t\t\t\t\t<section class=\"elementor-section elementor-top-section elementor-element elementor-element-87c6aa2 elementor-section-boxed elementor-section-height-default elementor-section-height-default\" data-id=\"87c6aa2\" data-element_type=\"section\">\n\t\t\t\t\t\t<div class=\"elementor-container elementor-column-gap-default\">\n\t\t\t\t\t<div class=\"elementor-column elementor-col-100 elementor-top-column elementor-element elementor-element-558bb819\" data-id=\"558bb819\" data-element_type=\"column\">\n\t\t\t<div class=\"elementor-widget-wrap elementor-element-populated\">\n\t\t\t\t\t\t\t\t<div class=\"elementor-element elementor-element-3067325c elementor-widget elementor-widget-text-editor\" data-id=\"3067325c\" data-element_type=\"widget\" data-widget_type=\"text-editor.default\">\n\t\t\t\t<div class=\"elementor-widget-container\">\n\t\t\t<style>\/*! elementor - v3.14.0 - 26-06-2023 *\/\n.elementor-widget-text-editor.elementor-drop-cap-view-stacked .elementor-drop-cap{background-color:#69727d;color:#fff}.elementor-widget-text-editor.elementor-drop-cap-view-framed .elementor-drop-cap{color:#69727d;border:3px solid;background-color:transparent}.elementor-widget-text-editor:not(.elementor-drop-cap-view-default) .elementor-drop-cap{margin-top:8px}.elementor-widget-text-editor:not(.elementor-drop-cap-view-default) .elementor-drop-cap-letter{width:1em;height:1em}.elementor-widget-text-editor .elementor-drop-cap{float:left;text-align:center;line-height:1;font-size:50px}.elementor-widget-text-editor .elementor-drop-cap-letter{display:inline-block}<\/style>\t\t\t\t<div data-google-query-id=\"CMCHhKa2gIUDFYa20QQdDOQEIA\"><ul style=\"direction: ltr; unicode-bidi: embed; margin-top: 0in; margin-bottom: 0in;\" type=\"disc\"><li style=\"margin-top: 0; margin-bottom: 0; vertical-align: middle; color: #0a0a0a;\"><span style=\"font-family: Calibri; font-size: 11.0pt; color: #0a0a0a; background: white;\">The\u00a0<\/span><a href=\"https:\/\/www.jtafla.com\/media-center\/press-release\/jta-launches-nation-s-first-public-transportation-autonomous-vehicle-revenue-service\/\"><span style=\"font-family: Calibri; font-size: 11.0pt; background: white;\">first autonomous public transit shuttle<\/span><\/a><span style=\"font-family: Calibri; font-size: 11.0pt; color: #0a0a0a; background: white;\">\u00a0service in the U.S. began operating Monday in Jacksonville, Florida, according to the city\u2019s transportation authority.<\/span><\/li><li style=\"margin-top: 0; margin-bottom: 0; vertical-align: middle; color: #0a0a0a;\"><span style=\"font-family: Calibri; font-size: 11.0pt; background: white;\">A fleet of 14 customized electric vehicles will operate weekdays along a 3.5 mile route, serving 12 designated stations in downtown Jacksonville, the Jacksonville Transportation Authority said.<\/span><\/li><li style=\"margin-top: 0; margin-bottom: 0; vertical-align: middle; color: #0a0a0a;\"><span style=\"font-family: Calibri; font-size: 11.0pt; background: white;\">Rides will be free through Sept. 30, 2025. The service is the first phase of a 10-mile autonomous urban circulator to be completed over the next 10 years.\u00a0<\/span><\/li><\/ul><div><span style=\"color: #0a0a0a; font-family: Calibri;\"><span style=\"font-size: 14.6667px;\">\u00a0<\/span><\/span><\/div><p style=\"margin: 0in; margin-left: .2in; font-family: Calibri; font-size: 11.0pt; color: #0a0a0a;\">\u00a0<\/p><p style=\"margin: 0in; margin-left: .2in; font-family: Calibri; font-size: 11.0pt; color: #0a0a0a;\"><span style=\"background: white;\">Planning for Jacksonville\u2019s urban circulator began with discussions about how to modernize and repurpose the city\u2019s aging Skyway monorail. In 2021, JTA hired construction management firm Balfour Beatty and partner companies to design and construct the project. <\/span><\/p><p style=\"margin: 0in; margin-left: .2in; font-family: Calibri; font-size: 11.0pt;\">\u00a0<\/p><p style=\"margin: 0in; margin-left: .2in; font-family: Calibri; font-size: 11.0pt; color: #0a0a0a;\"><span style=\"background: white;\">\u201cShared mobility will help solve transportation challenges and build communities by maximizing independence and improving accessibility,\u201d JTA CEO Nat Ford said in a statement.<\/span><\/p><p style=\"margin-top: 15pt; margin-bottom: 22pt; font-family: Calibri; font-size: 11.0pt;\"><strong style=\"font-family: 'Segoe UI', 'Segoe UI Web', Arial, Verdana, sans-serif; font-size: 12px; color: var( --e-global-color-text );\"><span style=\"color: var( --e-global-color-text );\">P<\/span><span style=\"color: var( --e-global-color-text );\">ara leer m\u00e1s ingrese a:<\/span><\/strong><\/p><p><a href=\"https:\/\/www.smartcitiesdive.com\/news\/jacksonville-florida-first-autonomous-public-transit-shuttle-usa\/752125\/\">https:\/\/www.smartcitiesdive.com\/news\/jacksonville-florida-first-autonomous-public-transit-shuttle-usa\/752125\/<\/a><\/p><\/div>\t\t\t\t\t\t<\/div>\n\t\t\t\t<\/div>\n\t\t\t\t\t<\/div>\n\t\t<\/div>\n\t\t\t\t\t\t\t<\/div>\n\t\t<\/section>\n\t\t\t\t\t\t\t<\/div>\n\t\t<div style=\"text-align:center\" class=\"yasr-auto-insert-visitor\"><\/div>","protected":false},"excerpt":{"rendered":"<p>The microtransit service could be \u201cthe very beginning of public transit being disrupted,\u201d according to the chief executive of the company operating it.<\/p>","protected":false},"author":23,"featured_media":58699,"comment_status":"open","ping_status":"open","sticky":false,"template":"","format":"standard","meta":{"yasr_overall_rating":0,"yasr_post_is_review":"","yasr_auto_insert_disabled":"","yasr_review_type":"","footnotes":""},"categories":[52],"tags":[],"class_list":["post-58698","post","type-post","status-publish","format-standard","has-post-thumbnail","hentry","category-noticias-sectoriales"],"yasr_visitor_votes":{"number_of_votes":0,"sum_votes":0,"stars_attributes":{"read_only":false,"span_bottom":false}},"yoast_head":"<!-- This site is optimized with the Yoast SEO plugin v27.3 - https:\/\/yoast.com\/product\/yoast-seo-wordpress\/ -->\n<title>Autonomous public transit shuttle launches, a US first - Colombia Inteligente<\/title>\n<meta name=\"robots\" content=\"index, follow, max-snippet:-1, max-image-preview:large, max-video-preview:-1\" \/>\n<link rel=\"canonical\" href=\"https:\/\/colombiainteligente.org\/es_co\/noticias-sectoriales\/autonomous-public-transit-shuttle-launches-a-us-first\/\" \/>\n<meta property=\"og:locale\" content=\"es_ES\" \/>\n<meta property=\"og:type\" content=\"article\" \/>\n<meta property=\"og:title\" content=\"Autonomous public transit shuttle launches, a US first - Colombia Inteligente\" \/>\n<meta property=\"og:description\" content=\"The microtransit service could be \u201cthe very beginning of public transit being disrupted,\u201d according to the chief executive of the company operating it.\" \/>\n<meta property=\"og:url\" content=\"https:\/\/colombiainteligente.org\/es_co\/noticias-sectoriales\/autonomous-public-transit-shuttle-launches-a-us-first\/\" \/>\n<meta property=\"og:site_name\" content=\"Colombia Inteligente\" \/>\n<meta property=\"article:published_time\" content=\"2025-07-07T19:59:24+00:00\" \/>\n<meta property=\"article:modified_time\" content=\"2025-07-07T20:01:06+00:00\" \/>\n<meta property=\"og:image\" content=\"https:\/\/colombiainteligente.org\/wp-content\/uploads\/2025\/07\/411080725-01.png\" \/>\n\t<meta property=\"og:image:width\" content=\"787\" \/>\n\t<meta property=\"og:image:height\" content=\"476\" \/>\n\t<meta property=\"og:image:type\" content=\"image\/png\" \/>\n<meta name=\"author\" content=\"DIFUSI\u00d3N COLOMBIA INTELIGENTE\" \/>\n<meta name=\"twitter:card\" content=\"summary_large_image\" \/>\n<meta name=\"twitter:creator\" content=\"@colombiaintelig\" \/>\n<meta name=\"twitter:site\" content=\"@colombiaintelig\" \/>\n<meta name=\"twitter:label1\" content=\"Escrito por\" \/>\n\t<meta name=\"twitter:data1\" content=\"DIFUSI\u00d3N COLOMBIA INTELIGENTE\" \/>\n\t<meta name=\"twitter:label2\" content=\"Tiempo estimado de lectura\" \/>\n\t<meta name=\"twitter:data2\" content=\"1 minuto\" \/>\n<script type=\"application\/ld+json\" class=\"yoast-schema-graph\">{\"@context\":\"https:\\\/\\\/schema.org\",\"@graph\":[{\"@type\":\"Article\",\"@id\":\"https:\\\/\\\/colombiainteligente.org\\\/noticias-sectoriales\\\/autonomous-public-transit-shuttle-launches-a-us-first\\\/#article\",\"isPartOf\":{\"@id\":\"https:\\\/\\\/colombiainteligente.org\\\/noticias-sectoriales\\\/autonomous-public-transit-shuttle-launches-a-us-first\\\/\"},\"author\":{\"name\":\"DIFUSI\u00d3N COLOMBIA INTELIGENTE\",\"@id\":\"https:\\\/\\\/colombiainteligente.org\\\/#\\\/schema\\\/person\\\/e207145d548b75a6d339ff1d4d3b0432\"},\"headline\":\"Autonomous public transit shuttle launches, a US first\",\"datePublished\":\"2025-07-07T19:59:24+00:00\",\"dateModified\":\"2025-07-07T20:01:06+00:00\",\"mainEntityOfPage\":{\"@id\":\"https:\\\/\\\/colombiainteligente.org\\\/noticias-sectoriales\\\/autonomous-public-transit-shuttle-launches-a-us-first\\\/\"},\"wordCount\":155,\"commentCount\":0,\"publisher\":{\"@id\":\"https:\\\/\\\/colombiainteligente.org\\\/#organization\"},\"image\":{\"@id\":\"https:\\\/\\\/colombiainteligente.org\\\/noticias-sectoriales\\\/autonomous-public-transit-shuttle-launches-a-us-first\\\/#primaryimage\"},\"thumbnailUrl\":\"https:\\\/\\\/colombiainteligente.org\\\/wp-content\\\/uploads\\\/2025\\\/07\\\/411080725-01.png\",\"articleSection\":[\"Noticias Sectoriales\"],\"inLanguage\":\"es-CO\",\"potentialAction\":[{\"@type\":\"CommentAction\",\"name\":\"Comment\",\"target\":[\"https:\\\/\\\/colombiainteligente.org\\\/noticias-sectoriales\\\/autonomous-public-transit-shuttle-launches-a-us-first\\\/#respond\"]}]},{\"@type\":\"WebPage\",\"@id\":\"https:\\\/\\\/colombiainteligente.org\\\/noticias-sectoriales\\\/autonomous-public-transit-shuttle-launches-a-us-first\\\/\",\"url\":\"https:\\\/\\\/colombiainteligente.org\\\/noticias-sectoriales\\\/autonomous-public-transit-shuttle-launches-a-us-first\\\/\",\"name\":\"Autonomous public transit shuttle launches, a US first - Colombia Inteligente\",\"isPartOf\":{\"@id\":\"https:\\\/\\\/colombiainteligente.org\\\/#website\"},\"primaryImageOfPage\":{\"@id\":\"https:\\\/\\\/colombiainteligente.org\\\/noticias-sectoriales\\\/autonomous-public-transit-shuttle-launches-a-us-first\\\/#primaryimage\"},\"image\":{\"@id\":\"https:\\\/\\\/colombiainteligente.org\\\/noticias-sectoriales\\\/autonomous-public-transit-shuttle-launches-a-us-first\\\/#primaryimage\"},\"thumbnailUrl\":\"https:\\\/\\\/colombiainteligente.org\\\/wp-content\\\/uploads\\\/2025\\\/07\\\/411080725-01.png\",\"datePublished\":\"2025-07-07T19:59:24+00:00\",\"dateModified\":\"2025-07-07T20:01:06+00:00\",\"breadcrumb\":{\"@id\":\"https:\\\/\\\/colombiainteligente.org\\\/noticias-sectoriales\\\/autonomous-public-transit-shuttle-launches-a-us-first\\\/#breadcrumb\"},\"inLanguage\":\"es-CO\",\"potentialAction\":[{\"@type\":\"ReadAction\",\"target\":[\"https:\\\/\\\/colombiainteligente.org\\\/noticias-sectoriales\\\/autonomous-public-transit-shuttle-launches-a-us-first\\\/\"]}]},{\"@type\":\"ImageObject\",\"inLanguage\":\"es-CO\",\"@id\":\"https:\\\/\\\/colombiainteligente.org\\\/noticias-sectoriales\\\/autonomous-public-transit-shuttle-launches-a-us-first\\\/#primaryimage\",\"url\":\"https:\\\/\\\/colombiainteligente.org\\\/wp-content\\\/uploads\\\/2025\\\/07\\\/411080725-01.png\",\"contentUrl\":\"https:\\\/\\\/colombiainteligente.org\\\/wp-content\\\/uploads\\\/2025\\\/07\\\/411080725-01.png\",\"width\":787,\"height\":476,\"caption\":\"A customized, autonomous Ford e-Transit vehicle at a transit stop in downtown Jacksonville, Florida.\"},{\"@type\":\"BreadcrumbList\",\"@id\":\"https:\\\/\\\/colombiainteligente.org\\\/noticias-sectoriales\\\/autonomous-public-transit-shuttle-launches-a-us-first\\\/#breadcrumb\",\"itemListElement\":[{\"@type\":\"ListItem\",\"position\":1,\"name\":\"Portada\",\"item\":\"https:\\\/\\\/colombiainteligente.org\\\/\"},{\"@type\":\"ListItem\",\"position\":2,\"name\":\"Autonomous public transit shuttle launches, a US first\"}]},{\"@type\":\"WebSite\",\"@id\":\"https:\\\/\\\/colombiainteligente.org\\\/#website\",\"url\":\"https:\\\/\\\/colombiainteligente.org\\\/\",\"name\":\"Colombia Inteligente\",\"description\":\"Alianza estrat\u00e9gica, conformada por empresas y entidades, para la inserci\u00f3n integral y eficiente de las redes inteligentes a la infraestructura del sector el\u00e9ctrico colombiano\",\"publisher\":{\"@id\":\"https:\\\/\\\/colombiainteligente.org\\\/#organization\"},\"potentialAction\":[{\"@type\":\"SearchAction\",\"target\":{\"@type\":\"EntryPoint\",\"urlTemplate\":\"https:\\\/\\\/colombiainteligente.org\\\/?s={search_term_string}\"},\"query-input\":{\"@type\":\"PropertyValueSpecification\",\"valueRequired\":true,\"valueName\":\"search_term_string\"}}],\"inLanguage\":\"es-CO\"},{\"@type\":\"Organization\",\"@id\":\"https:\\\/\\\/colombiainteligente.org\\\/#organization\",\"name\":\"Colombia Inteligente\",\"url\":\"https:\\\/\\\/colombiainteligente.org\\\/\",\"logo\":{\"@type\":\"ImageObject\",\"inLanguage\":\"es-CO\",\"@id\":\"https:\\\/\\\/colombiainteligente.org\\\/#\\\/schema\\\/logo\\\/image\\\/\",\"url\":\"https:\\\/\\\/colombiainteligente.org\\\/wp-content\\\/uploads\\\/2022\\\/07\\\/Image.png\",\"contentUrl\":\"https:\\\/\\\/colombiainteligente.org\\\/wp-content\\\/uploads\\\/2022\\\/07\\\/Image.png\",\"width\":588,\"height\":274,\"caption\":\"Colombia Inteligente\"},\"image\":{\"@id\":\"https:\\\/\\\/colombiainteligente.org\\\/#\\\/schema\\\/logo\\\/image\\\/\"},\"sameAs\":[\"https:\\\/\\\/x.com\\\/colombiaintelig\",\"https:\\\/\\\/www.linkedin.com\\\/company\\\/colombiainteligente\\\/\"]},{\"@type\":\"Person\",\"@id\":\"https:\\\/\\\/colombiainteligente.org\\\/#\\\/schema\\\/person\\\/e207145d548b75a6d339ff1d4d3b0432\",\"name\":\"DIFUSI\u00d3N COLOMBIA INTELIGENTE\",\"image\":{\"@type\":\"ImageObject\",\"inLanguage\":\"es-CO\",\"@id\":\"https:\\\/\\\/secure.gravatar.com\\\/avatar\\\/df2e679ff2abf288cf4bf58830dad897e596908105ec8969f50f748a6d837869?s=96&d=mm&r=g\",\"url\":\"https:\\\/\\\/secure.gravatar.com\\\/avatar\\\/df2e679ff2abf288cf4bf58830dad897e596908105ec8969f50f748a6d837869?s=96&d=mm&r=g\",\"contentUrl\":\"https:\\\/\\\/secure.gravatar.com\\\/avatar\\\/df2e679ff2abf288cf4bf58830dad897e596908105ec8969f50f748a6d837869?s=96&d=mm&r=g\",\"caption\":\"DIFUSI\u00d3N COLOMBIA INTELIGENTE\"},\"url\":\"https:\\\/\\\/colombiainteligente.org\\\/es_co\\\/author\\\/difusioncolombiainteligente-org\\\/\"}]}<\/script>\n<!-- \/ Yoast SEO plugin. -->","yoast_head_json":{"title":"Autonomous public transit shuttle launches, a US first - Colombia Inteligente","robots":{"index":"index","follow":"follow","max-snippet":"max-snippet:-1","max-image-preview":"max-image-preview:large","max-video-preview":"max-video-preview:-1"},"canonical":"https:\/\/colombiainteligente.org\/es_co\/noticias-sectoriales\/autonomous-public-transit-shuttle-launches-a-us-first\/","og_locale":"es_ES","og_type":"article","og_title":"Autonomous public transit shuttle launches, a US first - Colombia Inteligente","og_description":"The microtransit service could be \u201cthe very beginning of public transit being disrupted,\u201d according to the chief executive of the company operating it.","og_url":"https:\/\/colombiainteligente.org\/es_co\/noticias-sectoriales\/autonomous-public-transit-shuttle-launches-a-us-first\/","og_site_name":"Colombia Inteligente","article_published_time":"2025-07-07T19:59:24+00:00","article_modified_time":"2025-07-07T20:01:06+00:00","og_image":[{"width":787,"height":476,"url":"https:\/\/colombiainteligente.org\/wp-content\/uploads\/2025\/07\/411080725-01.png","type":"image\/png"}],"author":"DIFUSI\u00d3N COLOMBIA INTELIGENTE","twitter_card":"summary_large_image","twitter_creator":"@colombiaintelig","twitter_site":"@colombiaintelig","twitter_misc":{"Escrito por":"DIFUSI\u00d3N COLOMBIA INTELIGENTE","Tiempo estimado de lectura":"1 minuto"},"schema":{"@context":"https:\/\/schema.org","@graph":[{"@type":"Article","@id":"https:\/\/colombiainteligente.org\/noticias-sectoriales\/autonomous-public-transit-shuttle-launches-a-us-first\/#article","isPartOf":{"@id":"https:\/\/colombiainteligente.org\/noticias-sectoriales\/autonomous-public-transit-shuttle-launches-a-us-first\/"},"author":{"name":"DIFUSI\u00d3N COLOMBIA INTELIGENTE","@id":"https:\/\/colombiainteligente.org\/#\/schema\/person\/e207145d548b75a6d339ff1d4d3b0432"},"headline":"Autonomous public transit shuttle launches, a US first","datePublished":"2025-07-07T19:59:24+00:00","dateModified":"2025-07-07T20:01:06+00:00","mainEntityOfPage":{"@id":"https:\/\/colombiainteligente.org\/noticias-sectoriales\/autonomous-public-transit-shuttle-launches-a-us-first\/"},"wordCount":155,"commentCount":0,"publisher":{"@id":"https:\/\/colombiainteligente.org\/#organization"},"image":{"@id":"https:\/\/colombiainteligente.org\/noticias-sectoriales\/autonomous-public-transit-shuttle-launches-a-us-first\/#primaryimage"},"thumbnailUrl":"https:\/\/colombiainteligente.org\/wp-content\/uploads\/2025\/07\/411080725-01.png","articleSection":["Noticias Sectoriales"],"inLanguage":"es-CO","potentialAction":[{"@type":"CommentAction","name":"Comment","target":["https:\/\/colombiainteligente.org\/noticias-sectoriales\/autonomous-public-transit-shuttle-launches-a-us-first\/#respond"]}]},{"@type":"WebPage","@id":"https:\/\/colombiainteligente.org\/noticias-sectoriales\/autonomous-public-transit-shuttle-launches-a-us-first\/","url":"https:\/\/colombiainteligente.org\/noticias-sectoriales\/autonomous-public-transit-shuttle-launches-a-us-first\/","name":"Autonomous public transit shuttle launches, a US first - Colombia Inteligente","isPartOf":{"@id":"https:\/\/colombiainteligente.org\/#website"},"primaryImageOfPage":{"@id":"https:\/\/colombiainteligente.org\/noticias-sectoriales\/autonomous-public-transit-shuttle-launches-a-us-first\/#primaryimage"},"image":{"@id":"https:\/\/colombiainteligente.org\/noticias-sectoriales\/autonomous-public-transit-shuttle-launches-a-us-first\/#primaryimage"},"thumbnailUrl":"https:\/\/colombiainteligente.org\/wp-content\/uploads\/2025\/07\/411080725-01.png","datePublished":"2025-07-07T19:59:24+00:00","dateModified":"2025-07-07T20:01:06+00:00","breadcrumb":{"@id":"https:\/\/colombiainteligente.org\/noticias-sectoriales\/autonomous-public-transit-shuttle-launches-a-us-first\/#breadcrumb"},"inLanguage":"es-CO","potentialAction":[{"@type":"ReadAction","target":["https:\/\/colombiainteligente.org\/noticias-sectoriales\/autonomous-public-transit-shuttle-launches-a-us-first\/"]}]},{"@type":"ImageObject","inLanguage":"es-CO","@id":"https:\/\/colombiainteligente.org\/noticias-sectoriales\/autonomous-public-transit-shuttle-launches-a-us-first\/#primaryimage","url":"https:\/\/colombiainteligente.org\/wp-content\/uploads\/2025\/07\/411080725-01.png","contentUrl":"https:\/\/colombiainteligente.org\/wp-content\/uploads\/2025\/07\/411080725-01.png","width":787,"height":476,"caption":"A customized, autonomous Ford e-Transit vehicle at a transit stop in downtown Jacksonville, Florida."},{"@type":"BreadcrumbList","@id":"https:\/\/colombiainteligente.org\/noticias-sectoriales\/autonomous-public-transit-shuttle-launches-a-us-first\/#breadcrumb","itemListElement":[{"@type":"ListItem","position":1,"name":"Portada","item":"https:\/\/colombiainteligente.org\/"},{"@type":"ListItem","position":2,"name":"Autonomous public transit shuttle launches, a US first"}]},{"@type":"WebSite","@id":"https:\/\/colombiainteligente.org\/#website","url":"https:\/\/colombiainteligente.org\/","name":"Colombia Inteligente","description":"Alianza estrat\u00e9gica, conformada por empresas y entidades, para la inserci\u00f3n integral y eficiente de las redes inteligentes a la infraestructura del sector el\u00e9ctrico colombiano","publisher":{"@id":"https:\/\/colombiainteligente.org\/#organization"},"potentialAction":[{"@type":"SearchAction","target":{"@type":"EntryPoint","urlTemplate":"https:\/\/colombiainteligente.org\/?s={search_term_string}"},"query-input":{"@type":"PropertyValueSpecification","valueRequired":true,"valueName":"search_term_string"}}],"inLanguage":"es-CO"},{"@type":"Organization","@id":"https:\/\/colombiainteligente.org\/#organization","name":"Colombia Inteligente","url":"https:\/\/colombiainteligente.org\/","logo":{"@type":"ImageObject","inLanguage":"es-CO","@id":"https:\/\/colombiainteligente.org\/#\/schema\/logo\/image\/","url":"https:\/\/colombiainteligente.org\/wp-content\/uploads\/2022\/07\/Image.png","contentUrl":"https:\/\/colombiainteligente.org\/wp-content\/uploads\/2022\/07\/Image.png","width":588,"height":274,"caption":"Colombia Inteligente"},"image":{"@id":"https:\/\/colombiainteligente.org\/#\/schema\/logo\/image\/"},"sameAs":["https:\/\/x.com\/colombiaintelig","https:\/\/www.linkedin.com\/company\/colombiainteligente\/"]},{"@type":"Person","@id":"https:\/\/colombiainteligente.org\/#\/schema\/person\/e207145d548b75a6d339ff1d4d3b0432","name":"DIFUSI\u00d3N COLOMBIA INTELIGENTE","image":{"@type":"ImageObject","inLanguage":"es-CO","@id":"https:\/\/secure.gravatar.com\/avatar\/df2e679ff2abf288cf4bf58830dad897e596908105ec8969f50f748a6d837869?s=96&d=mm&r=g","url":"https:\/\/secure.gravatar.com\/avatar\/df2e679ff2abf288cf4bf58830dad897e596908105ec8969f50f748a6d837869?s=96&d=mm&r=g","contentUrl":"https:\/\/secure.gravatar.com\/avatar\/df2e679ff2abf288cf4bf58830dad897e596908105ec8969f50f748a6d837869?s=96&d=mm&r=g","caption":"DIFUSI\u00d3N COLOMBIA INTELIGENTE"},"url":"https:\/\/colombiainteligente.org\/es_co\/author\/difusioncolombiainteligente-org\/"}]}},"_links":{"self":[{"href":"https:\/\/colombiainteligente.org\/es_co\/wp-json\/wp\/v2\/posts\/58698","targetHints":{"allow":["GET"]}}],"collection":[{"href":"https:\/\/colombiainteligente.org\/es_co\/wp-json\/wp\/v2\/posts"}],"about":[{"href":"https:\/\/colombiainteligente.org\/es_co\/wp-json\/wp\/v2\/types\/post"}],"author":[{"embeddable":true,"href":"https:\/\/colombiainteligente.org\/es_co\/wp-json\/wp\/v2\/users\/23"}],"replies":[{"embeddable":true,"href":"https:\/\/colombiainteligente.org\/es_co\/wp-json\/wp\/v2\/comments?post=58698"}],"version-history":[{"count":7,"href":"https:\/\/colombiainteligente.org\/es_co\/wp-json\/wp\/v2\/posts\/58698\/revisions"}],"predecessor-version":[{"id":58706,"href":"https:\/\/colombiainteligente.org\/es_co\/wp-json\/wp\/v2\/posts\/58698\/revisions\/58706"}],"wp:featuredmedia":[{"embeddable":true,"href":"https:\/\/colombiainteligente.org\/es_co\/wp-json\/wp\/v2\/media\/58699"}],"wp:attachment":[{"href":"https:\/\/colombiainteligente.org\/es_co\/wp-json\/wp\/v2\/media?parent=58698"}],"wp:term":[{"taxonomy":"category","embeddable":true,"href":"https:\/\/colombiainteligente.org\/es_co\/wp-json\/wp\/v2\/categories?post=58698"},{"taxonomy":"post_tag","embeddable":true,"href":"https:\/\/colombiainteligente.org\/es_co\/wp-json\/wp\/v2\/tags?post=58698"}],"curies":[{"name":"wp","href":"https:\/\/api.w.org\/{rel}","templated":true}]}}