{"id":5965,"date":"2022-12-27T12:05:11","date_gmt":"2022-12-27T17:05:11","guid":{"rendered":"https:\/\/colombiainteligente.org\/?p=5965"},"modified":"2022-12-27T12:05:37","modified_gmt":"2022-12-27T17:05:37","slug":"smart-sensor-monitoring-weather-and-flood-risk-developed-in-herne","status":"publish","type":"post","link":"https:\/\/colombiainteligente.org\/es_co\/tendencias\/smart-sensor-monitoring-weather-and-flood-risk-developed-in-herne\/","title":{"rendered":"Smart sensor monitoring weather and flood risk developed in Herne"},"content":{"rendered":"<div data-elementor-type=\"wp-post\" data-elementor-id=\"5965\" class=\"elementor elementor-5965\" data-elementor-post-type=\"post\">\n\t\t\t\t\t\t\t\t\t<section class=\"elementor-section elementor-top-section elementor-element elementor-element-79148795 elementor-section-boxed elementor-section-height-default elementor-section-height-default\" data-id=\"79148795\" data-element_type=\"section\">\n\t\t\t\t\t\t<div class=\"elementor-container elementor-column-gap-default\">\n\t\t\t\t\t<div class=\"elementor-column elementor-col-100 elementor-top-column elementor-element elementor-element-1ece4ebf\" data-id=\"1ece4ebf\" data-element_type=\"column\">\n\t\t\t<div class=\"elementor-widget-wrap elementor-element-populated\">\n\t\t\t\t\t\t\t\t<div class=\"elementor-element elementor-element-7a61c7e5 elementor-widget elementor-widget-text-editor\" data-id=\"7a61c7e5\" data-element_type=\"widget\" data-widget_type=\"text-editor.default\">\n\t\t\t\t<div class=\"elementor-widget-container\">\n\t\t\t<style>\/*! elementor - v3.14.0 - 26-06-2023 *\/\n.elementor-widget-text-editor.elementor-drop-cap-view-stacked .elementor-drop-cap{background-color:#69727d;color:#fff}.elementor-widget-text-editor.elementor-drop-cap-view-framed .elementor-drop-cap{color:#69727d;border:3px solid;background-color:transparent}.elementor-widget-text-editor:not(.elementor-drop-cap-view-default) .elementor-drop-cap{margin-top:8px}.elementor-widget-text-editor:not(.elementor-drop-cap-view-default) .elementor-drop-cap-letter{width:1em;height:1em}.elementor-widget-text-editor .elementor-drop-cap{float:left;text-align:center;line-height:1;font-size:50px}.elementor-widget-text-editor .elementor-drop-cap-letter{display:inline-block}<\/style>\t\t\t\t<p>El cambio clim\u00e1tico es una de las principales causas de que las condiciones meteorol\u00f3gicas extremas sean cada vez m\u00e1s intensas y frecuentes. Mientras que s\u00f3lo el 5% de los europeos estuvieron expuestos a cat\u00e1strofes relacionadas con el tiempo cada a\u00f1o durante 1981-2010, esta cifra podr\u00eda aumentar dr\u00e1sticamente a finales de este siglo debido al cambio clim\u00e1tico. Seg\u00fan la Organizaci\u00f3n Meteorol\u00f3gica Mundial, la d\u00e9cada de 2011-2020 fue la m\u00e1s c\u00e1lida de la que se tiene constancia, siendo el a\u00f1o 2020 uno de los terceros m\u00e1s c\u00e1lidos registrados a nivel mundial.<\/p><p>The city of Herne makes\u00a0part of the\u00a0Ruhr Metropolis\u00a0(North Rhine-Westphalia), which is the largest urban area in Germany and the third largest in the European Union. It consists of 53 cities and more than 5.1 million residents, and offers, beside others, also huge opportunities for smart city startups to scale with their innovative solutions in the region and Germany as a whole. While the\u00a0Ruhr Metropolis wants to become Germany\u2019s smartest region, also the city of Herne,\u00a0with just over 150,000 inhabitants, is not short of ambition when it comes to digital transformation. Under its recently established digitization unit, the city is gearing up for future challenges posed by climate change and extreme weather events. Overseen by the Mayor\u2019s office, the digitization unit is in charge of attracting a worldwide network of premium partners and startups from the digital economy to support the city\u2019s path towards becoming a Smart City, and consequently, part of the Smart Region of \u201cRuhr\u201d. Specifically,\u00a0the city of Herne joined forces to see its strategy Herne 2025 being implemented.\u00a0In order to give the development of the city a clear perspective, the city of Herne has created a vision of the future of Herne that can be summarized in three terms:\u00a0urban, digital and international.<\/p><p>Para leer m\u00e1s ingrese a:<\/p><p><a href=\"https:\/\/www.fiware.org\/2021\/12\/21\/smart-sensor-monitoring-weather-and-flood-risk-developed-in-herne\/\">https:\/\/www.fiware.org\/2021\/12\/21\/smart-sensor-monitoring-weather-and-flood-risk-developed-in-herne\/<\/a><\/p><p><a href=\"https:\/\/www.fiware.org\/wp-content\/uploads\/FF_ImpactStories_StadtHerne.pdf\">https:\/\/www.fiware.org\/wp-content\/uploads\/FF_ImpactStories_StadtHerne.pdf<\/a><\/p>\t\t\t\t\t\t<\/div>\n\t\t\t\t<\/div>\n\t\t\t\t\t<\/div>\n\t\t<\/div>\n\t\t\t\t\t\t\t<\/div>\n\t\t<\/section>\n\t\t\t\t\t\t\t<\/div>\n\t\t<div style=\"text-align:center\" class=\"yasr-auto-insert-visitor\"><\/div>","protected":false},"excerpt":{"rendered":"<p>El cambio clim\u00e1tico es una de las principales causas de que las condiciones meteorol\u00f3gicas extremas sean cada vez m\u00e1s intensas y frecuentes. Mientras que s\u00f3lo el 5% de los europeos estuvieron expuestos a cat\u00e1strofes relacionadas con el tiempo cada a\u00f1o durante 1981-2010, esta cifra podr\u00eda aumentar dr\u00e1sticamente a finales de este siglo debido al cambio clim\u00e1tico. Seg\u00fan la Organizaci\u00f3n Meteorol\u00f3gica Mundial, la d\u00e9cada de 2011-2020 fue la m\u00e1s c\u00e1lida de la que se tiene constancia, siendo el a\u00f1o 2020 uno de los terceros m\u00e1s c\u00e1lidos registrados a nivel mundial.<\/p>","protected":false},"author":23,"featured_media":5933,"comment_status":"open","ping_status":"open","sticky":false,"template":"","format":"standard","meta":{"yasr_overall_rating":0,"yasr_post_is_review":"","yasr_auto_insert_disabled":"","yasr_review_type":"","footnotes":""},"categories":[56,53],"tags":[],"class_list":["post-5965","post","type-post","status-publish","format-standard","has-post-thumbnail","hentry","category-convergencia-y-sostenibilidad","category-tendencias"],"yasr_visitor_votes":{"number_of_votes":0,"sum_votes":0,"stars_attributes":{"read_only":false,"span_bottom":false}},"yoast_head":"<!-- This site is optimized with the Yoast SEO plugin v27.3 - https:\/\/yoast.com\/product\/yoast-seo-wordpress\/ -->\n<title>Smart sensor monitoring weather and flood risk developed in Herne - Colombia Inteligente<\/title>\n<meta name=\"robots\" content=\"index, follow, max-snippet:-1, max-image-preview:large, max-video-preview:-1\" \/>\n<link rel=\"canonical\" href=\"https:\/\/colombiainteligente.org\/es_co\/tendencias\/smart-sensor-monitoring-weather-and-flood-risk-developed-in-herne\/\" \/>\n<meta property=\"og:locale\" content=\"es_ES\" \/>\n<meta property=\"og:type\" content=\"article\" \/>\n<meta property=\"og:title\" content=\"Smart sensor monitoring weather and flood risk developed in Herne - Colombia Inteligente\" \/>\n<meta property=\"og:description\" content=\"El cambio clim\u00e1tico es una de las principales causas de que las condiciones meteorol\u00f3gicas extremas sean cada vez m\u00e1s intensas y frecuentes. Mientras que s\u00f3lo el 5% de los europeos estuvieron expuestos a cat\u00e1strofes relacionadas con el tiempo cada a\u00f1o durante 1981-2010, esta cifra podr\u00eda aumentar dr\u00e1sticamente a finales de este siglo debido al cambio clim\u00e1tico. Seg\u00fan la Organizaci\u00f3n Meteorol\u00f3gica Mundial, la d\u00e9cada de 2011-2020 fue la m\u00e1s c\u00e1lida de la que se tiene constancia, siendo el a\u00f1o 2020 uno de los terceros m\u00e1s c\u00e1lidos registrados a nivel mundial.\" \/>\n<meta property=\"og:url\" content=\"https:\/\/colombiainteligente.org\/es_co\/tendencias\/smart-sensor-monitoring-weather-and-flood-risk-developed-in-herne\/\" \/>\n<meta property=\"og:site_name\" content=\"Colombia Inteligente\" \/>\n<meta property=\"article:published_time\" content=\"2022-12-27T17:05:11+00:00\" \/>\n<meta property=\"article:modified_time\" content=\"2022-12-27T17:05:37+00:00\" \/>\n<meta property=\"og:image\" content=\"https:\/\/colombiainteligente.org\/wp-content\/uploads\/2022\/12\/Smart-sensor-monitoring-weather-and-flood-risk-developed-in-Herne.png\" \/>\n\t<meta property=\"og:image:width\" content=\"295\" \/>\n\t<meta property=\"og:image:height\" content=\"420\" \/>\n\t<meta property=\"og:image:type\" content=\"image\/png\" \/>\n<meta name=\"author\" content=\"DIFUSI\u00d3N COLOMBIA INTELIGENTE\" \/>\n<meta name=\"twitter:card\" content=\"summary_large_image\" \/>\n<meta name=\"twitter:creator\" content=\"@colombiaintelig\" \/>\n<meta name=\"twitter:site\" content=\"@colombiaintelig\" \/>\n<meta name=\"twitter:label1\" content=\"Escrito por\" \/>\n\t<meta name=\"twitter:data1\" content=\"DIFUSI\u00d3N COLOMBIA INTELIGENTE\" \/>\n\t<meta name=\"twitter:label2\" content=\"Tiempo estimado de lectura\" \/>\n\t<meta name=\"twitter:data2\" content=\"2 minutos\" \/>\n<script type=\"application\/ld+json\" class=\"yoast-schema-graph\">{\"@context\":\"https:\\\/\\\/schema.org\",\"@graph\":[{\"@type\":\"Article\",\"@id\":\"https:\\\/\\\/colombiainteligente.org\\\/tendencias\\\/smart-sensor-monitoring-weather-and-flood-risk-developed-in-herne\\\/#article\",\"isPartOf\":{\"@id\":\"https:\\\/\\\/colombiainteligente.org\\\/tendencias\\\/smart-sensor-monitoring-weather-and-flood-risk-developed-in-herne\\\/\"},\"author\":{\"name\":\"DIFUSI\u00d3N COLOMBIA INTELIGENTE\",\"@id\":\"https:\\\/\\\/colombiainteligente.org\\\/#\\\/schema\\\/person\\\/e207145d548b75a6d339ff1d4d3b0432\"},\"headline\":\"Smart sensor monitoring weather and flood risk developed in Herne\",\"datePublished\":\"2022-12-27T17:05:11+00:00\",\"dateModified\":\"2022-12-27T17:05:37+00:00\",\"mainEntityOfPage\":{\"@id\":\"https:\\\/\\\/colombiainteligente.org\\\/tendencias\\\/smart-sensor-monitoring-weather-and-flood-risk-developed-in-herne\\\/\"},\"wordCount\":347,\"commentCount\":0,\"publisher\":{\"@id\":\"https:\\\/\\\/colombiainteligente.org\\\/#organization\"},\"image\":{\"@id\":\"https:\\\/\\\/colombiainteligente.org\\\/tendencias\\\/smart-sensor-monitoring-weather-and-flood-risk-developed-in-herne\\\/#primaryimage\"},\"thumbnailUrl\":\"https:\\\/\\\/colombiainteligente.org\\\/wp-content\\\/uploads\\\/2022\\\/12\\\/Smart-sensor-monitoring-weather-and-flood-risk-developed-in-Herne.png\",\"articleSection\":[\"Convergencia y Sostenibilidad\",\"Tendencias\"],\"inLanguage\":\"es-CO\",\"potentialAction\":[{\"@type\":\"CommentAction\",\"name\":\"Comment\",\"target\":[\"https:\\\/\\\/colombiainteligente.org\\\/tendencias\\\/smart-sensor-monitoring-weather-and-flood-risk-developed-in-herne\\\/#respond\"]}]},{\"@type\":\"WebPage\",\"@id\":\"https:\\\/\\\/colombiainteligente.org\\\/tendencias\\\/smart-sensor-monitoring-weather-and-flood-risk-developed-in-herne\\\/\",\"url\":\"https:\\\/\\\/colombiainteligente.org\\\/tendencias\\\/smart-sensor-monitoring-weather-and-flood-risk-developed-in-herne\\\/\",\"name\":\"Smart sensor monitoring weather and flood risk developed in Herne - Colombia Inteligente\",\"isPartOf\":{\"@id\":\"https:\\\/\\\/colombiainteligente.org\\\/#website\"},\"primaryImageOfPage\":{\"@id\":\"https:\\\/\\\/colombiainteligente.org\\\/tendencias\\\/smart-sensor-monitoring-weather-and-flood-risk-developed-in-herne\\\/#primaryimage\"},\"image\":{\"@id\":\"https:\\\/\\\/colombiainteligente.org\\\/tendencias\\\/smart-sensor-monitoring-weather-and-flood-risk-developed-in-herne\\\/#primaryimage\"},\"thumbnailUrl\":\"https:\\\/\\\/colombiainteligente.org\\\/wp-content\\\/uploads\\\/2022\\\/12\\\/Smart-sensor-monitoring-weather-and-flood-risk-developed-in-Herne.png\",\"datePublished\":\"2022-12-27T17:05:11+00:00\",\"dateModified\":\"2022-12-27T17:05:37+00:00\",\"breadcrumb\":{\"@id\":\"https:\\\/\\\/colombiainteligente.org\\\/tendencias\\\/smart-sensor-monitoring-weather-and-flood-risk-developed-in-herne\\\/#breadcrumb\"},\"inLanguage\":\"es-CO\",\"potentialAction\":[{\"@type\":\"ReadAction\",\"target\":[\"https:\\\/\\\/colombiainteligente.org\\\/tendencias\\\/smart-sensor-monitoring-weather-and-flood-risk-developed-in-herne\\\/\"]}]},{\"@type\":\"ImageObject\",\"inLanguage\":\"es-CO\",\"@id\":\"https:\\\/\\\/colombiainteligente.org\\\/tendencias\\\/smart-sensor-monitoring-weather-and-flood-risk-developed-in-herne\\\/#primaryimage\",\"url\":\"https:\\\/\\\/colombiainteligente.org\\\/wp-content\\\/uploads\\\/2022\\\/12\\\/Smart-sensor-monitoring-weather-and-flood-risk-developed-in-Herne.png\",\"contentUrl\":\"https:\\\/\\\/colombiainteligente.org\\\/wp-content\\\/uploads\\\/2022\\\/12\\\/Smart-sensor-monitoring-weather-and-flood-risk-developed-in-Herne.png\",\"width\":295,\"height\":420,\"caption\":\"Smart-sensor-monitoring-weather-and-flood-risk-developed-in-Herne.png\"},{\"@type\":\"BreadcrumbList\",\"@id\":\"https:\\\/\\\/colombiainteligente.org\\\/tendencias\\\/smart-sensor-monitoring-weather-and-flood-risk-developed-in-herne\\\/#breadcrumb\",\"itemListElement\":[{\"@type\":\"ListItem\",\"position\":1,\"name\":\"Portada\",\"item\":\"https:\\\/\\\/colombiainteligente.org\\\/\"},{\"@type\":\"ListItem\",\"position\":2,\"name\":\"Smart sensor monitoring weather and flood risk developed in Herne\"}]},{\"@type\":\"WebSite\",\"@id\":\"https:\\\/\\\/colombiainteligente.org\\\/#website\",\"url\":\"https:\\\/\\\/colombiainteligente.org\\\/\",\"name\":\"Colombia Inteligente\",\"description\":\"Alianza estrat\u00e9gica, conformada por empresas y entidades, para la inserci\u00f3n integral y eficiente de las redes inteligentes a la infraestructura del sector el\u00e9ctrico colombiano\",\"publisher\":{\"@id\":\"https:\\\/\\\/colombiainteligente.org\\\/#organization\"},\"potentialAction\":[{\"@type\":\"SearchAction\",\"target\":{\"@type\":\"EntryPoint\",\"urlTemplate\":\"https:\\\/\\\/colombiainteligente.org\\\/?s={search_term_string}\"},\"query-input\":{\"@type\":\"PropertyValueSpecification\",\"valueRequired\":true,\"valueName\":\"search_term_string\"}}],\"inLanguage\":\"es-CO\"},{\"@type\":\"Organization\",\"@id\":\"https:\\\/\\\/colombiainteligente.org\\\/#organization\",\"name\":\"Colombia Inteligente\",\"url\":\"https:\\\/\\\/colombiainteligente.org\\\/\",\"logo\":{\"@type\":\"ImageObject\",\"inLanguage\":\"es-CO\",\"@id\":\"https:\\\/\\\/colombiainteligente.org\\\/#\\\/schema\\\/logo\\\/image\\\/\",\"url\":\"https:\\\/\\\/colombiainteligente.org\\\/wp-content\\\/uploads\\\/2022\\\/07\\\/Image.png\",\"contentUrl\":\"https:\\\/\\\/colombiainteligente.org\\\/wp-content\\\/uploads\\\/2022\\\/07\\\/Image.png\",\"width\":588,\"height\":274,\"caption\":\"Colombia Inteligente\"},\"image\":{\"@id\":\"https:\\\/\\\/colombiainteligente.org\\\/#\\\/schema\\\/logo\\\/image\\\/\"},\"sameAs\":[\"https:\\\/\\\/x.com\\\/colombiaintelig\",\"https:\\\/\\\/www.linkedin.com\\\/company\\\/colombiainteligente\\\/\"]},{\"@type\":\"Person\",\"@id\":\"https:\\\/\\\/colombiainteligente.org\\\/#\\\/schema\\\/person\\\/e207145d548b75a6d339ff1d4d3b0432\",\"name\":\"DIFUSI\u00d3N COLOMBIA INTELIGENTE\",\"image\":{\"@type\":\"ImageObject\",\"inLanguage\":\"es-CO\",\"@id\":\"https:\\\/\\\/secure.gravatar.com\\\/avatar\\\/df2e679ff2abf288cf4bf58830dad897e596908105ec8969f50f748a6d837869?s=96&d=mm&r=g\",\"url\":\"https:\\\/\\\/secure.gravatar.com\\\/avatar\\\/df2e679ff2abf288cf4bf58830dad897e596908105ec8969f50f748a6d837869?s=96&d=mm&r=g\",\"contentUrl\":\"https:\\\/\\\/secure.gravatar.com\\\/avatar\\\/df2e679ff2abf288cf4bf58830dad897e596908105ec8969f50f748a6d837869?s=96&d=mm&r=g\",\"caption\":\"DIFUSI\u00d3N COLOMBIA INTELIGENTE\"},\"url\":\"https:\\\/\\\/colombiainteligente.org\\\/es_co\\\/author\\\/difusioncolombiainteligente-org\\\/\"}]}<\/script>\n<!-- \/ Yoast SEO plugin. -->","yoast_head_json":{"title":"Smart sensor monitoring weather and flood risk developed in Herne - Colombia Inteligente","robots":{"index":"index","follow":"follow","max-snippet":"max-snippet:-1","max-image-preview":"max-image-preview:large","max-video-preview":"max-video-preview:-1"},"canonical":"https:\/\/colombiainteligente.org\/es_co\/tendencias\/smart-sensor-monitoring-weather-and-flood-risk-developed-in-herne\/","og_locale":"es_ES","og_type":"article","og_title":"Smart sensor monitoring weather and flood risk developed in Herne - Colombia Inteligente","og_description":"El cambio clim\u00e1tico es una de las principales causas de que las condiciones meteorol\u00f3gicas extremas sean cada vez m\u00e1s intensas y frecuentes. Mientras que s\u00f3lo el 5% de los europeos estuvieron expuestos a cat\u00e1strofes relacionadas con el tiempo cada a\u00f1o durante 1981-2010, esta cifra podr\u00eda aumentar dr\u00e1sticamente a finales de este siglo debido al cambio clim\u00e1tico. Seg\u00fan la Organizaci\u00f3n Meteorol\u00f3gica Mundial, la d\u00e9cada de 2011-2020 fue la m\u00e1s c\u00e1lida de la que se tiene constancia, siendo el a\u00f1o 2020 uno de los terceros m\u00e1s c\u00e1lidos registrados a nivel mundial.","og_url":"https:\/\/colombiainteligente.org\/es_co\/tendencias\/smart-sensor-monitoring-weather-and-flood-risk-developed-in-herne\/","og_site_name":"Colombia Inteligente","article_published_time":"2022-12-27T17:05:11+00:00","article_modified_time":"2022-12-27T17:05:37+00:00","og_image":[{"width":295,"height":420,"url":"https:\/\/colombiainteligente.org\/wp-content\/uploads\/2022\/12\/Smart-sensor-monitoring-weather-and-flood-risk-developed-in-Herne.png","type":"image\/png"}],"author":"DIFUSI\u00d3N COLOMBIA INTELIGENTE","twitter_card":"summary_large_image","twitter_creator":"@colombiaintelig","twitter_site":"@colombiaintelig","twitter_misc":{"Escrito por":"DIFUSI\u00d3N COLOMBIA INTELIGENTE","Tiempo estimado de lectura":"2 minutos"},"schema":{"@context":"https:\/\/schema.org","@graph":[{"@type":"Article","@id":"https:\/\/colombiainteligente.org\/tendencias\/smart-sensor-monitoring-weather-and-flood-risk-developed-in-herne\/#article","isPartOf":{"@id":"https:\/\/colombiainteligente.org\/tendencias\/smart-sensor-monitoring-weather-and-flood-risk-developed-in-herne\/"},"author":{"name":"DIFUSI\u00d3N COLOMBIA INTELIGENTE","@id":"https:\/\/colombiainteligente.org\/#\/schema\/person\/e207145d548b75a6d339ff1d4d3b0432"},"headline":"Smart sensor monitoring weather and flood risk developed in Herne","datePublished":"2022-12-27T17:05:11+00:00","dateModified":"2022-12-27T17:05:37+00:00","mainEntityOfPage":{"@id":"https:\/\/colombiainteligente.org\/tendencias\/smart-sensor-monitoring-weather-and-flood-risk-developed-in-herne\/"},"wordCount":347,"commentCount":0,"publisher":{"@id":"https:\/\/colombiainteligente.org\/#organization"},"image":{"@id":"https:\/\/colombiainteligente.org\/tendencias\/smart-sensor-monitoring-weather-and-flood-risk-developed-in-herne\/#primaryimage"},"thumbnailUrl":"https:\/\/colombiainteligente.org\/wp-content\/uploads\/2022\/12\/Smart-sensor-monitoring-weather-and-flood-risk-developed-in-Herne.png","articleSection":["Convergencia y Sostenibilidad","Tendencias"],"inLanguage":"es-CO","potentialAction":[{"@type":"CommentAction","name":"Comment","target":["https:\/\/colombiainteligente.org\/tendencias\/smart-sensor-monitoring-weather-and-flood-risk-developed-in-herne\/#respond"]}]},{"@type":"WebPage","@id":"https:\/\/colombiainteligente.org\/tendencias\/smart-sensor-monitoring-weather-and-flood-risk-developed-in-herne\/","url":"https:\/\/colombiainteligente.org\/tendencias\/smart-sensor-monitoring-weather-and-flood-risk-developed-in-herne\/","name":"Smart sensor monitoring weather and flood risk developed in Herne - Colombia Inteligente","isPartOf":{"@id":"https:\/\/colombiainteligente.org\/#website"},"primaryImageOfPage":{"@id":"https:\/\/colombiainteligente.org\/tendencias\/smart-sensor-monitoring-weather-and-flood-risk-developed-in-herne\/#primaryimage"},"image":{"@id":"https:\/\/colombiainteligente.org\/tendencias\/smart-sensor-monitoring-weather-and-flood-risk-developed-in-herne\/#primaryimage"},"thumbnailUrl":"https:\/\/colombiainteligente.org\/wp-content\/uploads\/2022\/12\/Smart-sensor-monitoring-weather-and-flood-risk-developed-in-Herne.png","datePublished":"2022-12-27T17:05:11+00:00","dateModified":"2022-12-27T17:05:37+00:00","breadcrumb":{"@id":"https:\/\/colombiainteligente.org\/tendencias\/smart-sensor-monitoring-weather-and-flood-risk-developed-in-herne\/#breadcrumb"},"inLanguage":"es-CO","potentialAction":[{"@type":"ReadAction","target":["https:\/\/colombiainteligente.org\/tendencias\/smart-sensor-monitoring-weather-and-flood-risk-developed-in-herne\/"]}]},{"@type":"ImageObject","inLanguage":"es-CO","@id":"https:\/\/colombiainteligente.org\/tendencias\/smart-sensor-monitoring-weather-and-flood-risk-developed-in-herne\/#primaryimage","url":"https:\/\/colombiainteligente.org\/wp-content\/uploads\/2022\/12\/Smart-sensor-monitoring-weather-and-flood-risk-developed-in-Herne.png","contentUrl":"https:\/\/colombiainteligente.org\/wp-content\/uploads\/2022\/12\/Smart-sensor-monitoring-weather-and-flood-risk-developed-in-Herne.png","width":295,"height":420,"caption":"Smart-sensor-monitoring-weather-and-flood-risk-developed-in-Herne.png"},{"@type":"BreadcrumbList","@id":"https:\/\/colombiainteligente.org\/tendencias\/smart-sensor-monitoring-weather-and-flood-risk-developed-in-herne\/#breadcrumb","itemListElement":[{"@type":"ListItem","position":1,"name":"Portada","item":"https:\/\/colombiainteligente.org\/"},{"@type":"ListItem","position":2,"name":"Smart sensor monitoring weather and flood risk developed in Herne"}]},{"@type":"WebSite","@id":"https:\/\/colombiainteligente.org\/#website","url":"https:\/\/colombiainteligente.org\/","name":"Colombia Inteligente","description":"Alianza estrat\u00e9gica, conformada por empresas y entidades, para la inserci\u00f3n integral y eficiente de las redes inteligentes a la infraestructura del sector el\u00e9ctrico colombiano","publisher":{"@id":"https:\/\/colombiainteligente.org\/#organization"},"potentialAction":[{"@type":"SearchAction","target":{"@type":"EntryPoint","urlTemplate":"https:\/\/colombiainteligente.org\/?s={search_term_string}"},"query-input":{"@type":"PropertyValueSpecification","valueRequired":true,"valueName":"search_term_string"}}],"inLanguage":"es-CO"},{"@type":"Organization","@id":"https:\/\/colombiainteligente.org\/#organization","name":"Colombia Inteligente","url":"https:\/\/colombiainteligente.org\/","logo":{"@type":"ImageObject","inLanguage":"es-CO","@id":"https:\/\/colombiainteligente.org\/#\/schema\/logo\/image\/","url":"https:\/\/colombiainteligente.org\/wp-content\/uploads\/2022\/07\/Image.png","contentUrl":"https:\/\/colombiainteligente.org\/wp-content\/uploads\/2022\/07\/Image.png","width":588,"height":274,"caption":"Colombia Inteligente"},"image":{"@id":"https:\/\/colombiainteligente.org\/#\/schema\/logo\/image\/"},"sameAs":["https:\/\/x.com\/colombiaintelig","https:\/\/www.linkedin.com\/company\/colombiainteligente\/"]},{"@type":"Person","@id":"https:\/\/colombiainteligente.org\/#\/schema\/person\/e207145d548b75a6d339ff1d4d3b0432","name":"DIFUSI\u00d3N COLOMBIA INTELIGENTE","image":{"@type":"ImageObject","inLanguage":"es-CO","@id":"https:\/\/secure.gravatar.com\/avatar\/df2e679ff2abf288cf4bf58830dad897e596908105ec8969f50f748a6d837869?s=96&d=mm&r=g","url":"https:\/\/secure.gravatar.com\/avatar\/df2e679ff2abf288cf4bf58830dad897e596908105ec8969f50f748a6d837869?s=96&d=mm&r=g","contentUrl":"https:\/\/secure.gravatar.com\/avatar\/df2e679ff2abf288cf4bf58830dad897e596908105ec8969f50f748a6d837869?s=96&d=mm&r=g","caption":"DIFUSI\u00d3N COLOMBIA INTELIGENTE"},"url":"https:\/\/colombiainteligente.org\/es_co\/author\/difusioncolombiainteligente-org\/"}]}},"_links":{"self":[{"href":"https:\/\/colombiainteligente.org\/es_co\/wp-json\/wp\/v2\/posts\/5965","targetHints":{"allow":["GET"]}}],"collection":[{"href":"https:\/\/colombiainteligente.org\/es_co\/wp-json\/wp\/v2\/posts"}],"about":[{"href":"https:\/\/colombiainteligente.org\/es_co\/wp-json\/wp\/v2\/types\/post"}],"author":[{"embeddable":true,"href":"https:\/\/colombiainteligente.org\/es_co\/wp-json\/wp\/v2\/users\/23"}],"replies":[{"embeddable":true,"href":"https:\/\/colombiainteligente.org\/es_co\/wp-json\/wp\/v2\/comments?post=5965"}],"version-history":[{"count":4,"href":"https:\/\/colombiainteligente.org\/es_co\/wp-json\/wp\/v2\/posts\/5965\/revisions"}],"predecessor-version":[{"id":5969,"href":"https:\/\/colombiainteligente.org\/es_co\/wp-json\/wp\/v2\/posts\/5965\/revisions\/5969"}],"wp:featuredmedia":[{"embeddable":true,"href":"https:\/\/colombiainteligente.org\/es_co\/wp-json\/wp\/v2\/media\/5933"}],"wp:attachment":[{"href":"https:\/\/colombiainteligente.org\/es_co\/wp-json\/wp\/v2\/media?parent=5965"}],"wp:term":[{"taxonomy":"category","embeddable":true,"href":"https:\/\/colombiainteligente.org\/es_co\/wp-json\/wp\/v2\/categories?post=5965"},{"taxonomy":"post_tag","embeddable":true,"href":"https:\/\/colombiainteligente.org\/es_co\/wp-json\/wp\/v2\/tags?post=5965"}],"curies":[{"name":"wp","href":"https:\/\/api.w.org\/{rel}","templated":true}]}}