{"id":6005,"date":"2022-12-27T12:22:17","date_gmt":"2022-12-27T17:22:17","guid":{"rendered":"https:\/\/colombiainteligente.org\/?p=6005"},"modified":"2022-12-27T12:22:41","modified_gmt":"2022-12-27T17:22:41","slug":"editorial-report-the-state-of-wi-fi-6-6e-and-7","status":"publish","type":"post","link":"https:\/\/colombiainteligente.org\/es_co\/tendencias\/editorial-report-the-state-of-wi-fi-6-6e-and-7\/","title":{"rendered":"Editorial Report: The state of Wi-Fi 6, 6E and 7"},"content":{"rendered":"<div data-elementor-type=\"wp-post\" data-elementor-id=\"6005\" class=\"elementor elementor-6005\" data-elementor-post-type=\"post\">\n\t\t\t\t\t\t\t\t\t<section class=\"elementor-section elementor-top-section elementor-element elementor-element-79148795 elementor-section-boxed elementor-section-height-default elementor-section-height-default\" data-id=\"79148795\" data-element_type=\"section\">\n\t\t\t\t\t\t<div class=\"elementor-container elementor-column-gap-default\">\n\t\t\t\t\t<div class=\"elementor-column elementor-col-100 elementor-top-column elementor-element elementor-element-1ece4ebf\" data-id=\"1ece4ebf\" data-element_type=\"column\">\n\t\t\t<div class=\"elementor-widget-wrap elementor-element-populated\">\n\t\t\t\t\t\t\t\t<div class=\"elementor-element elementor-element-7a61c7e5 elementor-widget elementor-widget-text-editor\" data-id=\"7a61c7e5\" data-element_type=\"widget\" data-widget_type=\"text-editor.default\">\n\t\t\t\t<div class=\"elementor-widget-container\">\n\t\t\t<style>\/*! elementor - v3.14.0 - 26-06-2023 *\/\n.elementor-widget-text-editor.elementor-drop-cap-view-stacked .elementor-drop-cap{background-color:#69727d;color:#fff}.elementor-widget-text-editor.elementor-drop-cap-view-framed .elementor-drop-cap{color:#69727d;border:3px solid;background-color:transparent}.elementor-widget-text-editor:not(.elementor-drop-cap-view-default) .elementor-drop-cap{margin-top:8px}.elementor-widget-text-editor:not(.elementor-drop-cap-view-default) .elementor-drop-cap-letter{width:1em;height:1em}.elementor-widget-text-editor .elementor-drop-cap{float:left;text-align:center;line-height:1;font-size:50px}.elementor-widget-text-editor .elementor-drop-cap-letter{display:inline-block}<\/style>\t\t\t\t<p>Cuando se anunci\u00f3 Wi-Fi 6 Extended, que se refiere a la capacidad de operar Wi-Fi en la banda de 6 GHz, el sector se alegr\u00f3 porque era la primera vez en 20 a\u00f1os que se asignaba espectro adicional a la tecnolog\u00eda Wi-Fi. Los usuarios a\u00fan est\u00e1n en proceso de actualizaci\u00f3n a 6 y 6E, pero la pr\u00f3xima generaci\u00f3n de tecnolog\u00eda inal\u00e1mbrica, Wi-Fi 7, ya est\u00e1 en el horizonte y promete velocidades de datos a\u00fan mayores y menor latencia. \u00bfC\u00f3mo es la adopci\u00f3n de las 6 y 6E ahora y cu\u00e1ndo y qu\u00e9 podemos esperar de Wi-Fi 7?<\/p><p>The past few years have been big for Wi-Fi. First, 802.11ax, or Wi-Fi 6, was certified by the Wi-Fi Alliance in the fall of 2019. Unlike past upgrades, which focused solely on faster speeds and bigger channels, Wi-Fi 6 highlighted efficiency by introducing multi-user concepts. But this development was nothing compared to the emergence of Wi-Fi 6E, which refers to extending Wi-Fi 6 into the 6 GHz band. With this decision, the Federal Communications Commission (FCC) made an additional 1,200 megahertz of spectrum available for unlicensed Wi-Fi use, and according to most industry experts, it was the biggest thing to happen to Wi-Fi in the last decade.<\/p><p>Para leer m\u00e1s ingrese a:<\/p><p><a href=\"https:\/\/content.rcrwireless.com\/state_wifi_6_22_report\">https:\/\/content.rcrwireless.com\/state_wifi_6_22_report<\/a><\/p>\t\t\t\t\t\t<\/div>\n\t\t\t\t<\/div>\n\t\t\t\t\t<\/div>\n\t\t<\/div>\n\t\t\t\t\t\t\t<\/div>\n\t\t<\/section>\n\t\t\t\t\t\t\t<\/div>\n\t\t<div style=\"text-align:center\" class=\"yasr-auto-insert-visitor\"><\/div>","protected":false},"excerpt":{"rendered":"<p>Cuando se anunci\u00f3 Wi-Fi 6 Extended, que se refiere a la capacidad de operar Wi-Fi en la banda de 6 GHz, el sector se alegr\u00f3 porque era la primera vez en 20 a\u00f1os que se asignaba espectro adicional a la tecnolog\u00eda Wi-Fi. Los usuarios a\u00fan est\u00e1n en proceso de actualizaci\u00f3n a 6 y 6E, pero la pr\u00f3xima generaci\u00f3n de tecnolog\u00eda inal\u00e1mbrica, Wi-Fi 7, ya est\u00e1 en el horizonte y promete velocidades de datos a\u00fan mayores y menor latencia. \u00bfC\u00f3mo es la adopci\u00f3n de las 6 y 6E ahora y cu\u00e1ndo y qu\u00e9 podemos esperar de Wi-Fi 7?<\/p>","protected":false},"author":23,"featured_media":5940,"comment_status":"open","ping_status":"open","sticky":false,"template":"","format":"standard","meta":{"yasr_overall_rating":0,"yasr_post_is_review":"","yasr_auto_insert_disabled":"","yasr_review_type":"","footnotes":""},"categories":[55,53],"tags":[],"class_list":["post-6005","post","type-post","status-publish","format-standard","has-post-thumbnail","hentry","category-digitalizacion","category-tendencias"],"yasr_visitor_votes":{"number_of_votes":0,"sum_votes":0,"stars_attributes":{"read_only":false,"span_bottom":false}},"yoast_head":"<!-- This site is optimized with the Yoast SEO plugin v27.3 - https:\/\/yoast.com\/product\/yoast-seo-wordpress\/ -->\n<title>Editorial Report: The state of Wi-Fi 6, 6E and 7 - Colombia Inteligente<\/title>\n<meta name=\"robots\" content=\"index, follow, max-snippet:-1, max-image-preview:large, max-video-preview:-1\" \/>\n<link rel=\"canonical\" href=\"https:\/\/colombiainteligente.org\/es_co\/tendencias\/editorial-report-the-state-of-wi-fi-6-6e-and-7\/\" \/>\n<meta property=\"og:locale\" content=\"es_ES\" \/>\n<meta property=\"og:type\" content=\"article\" \/>\n<meta property=\"og:title\" content=\"Editorial Report: The state of Wi-Fi 6, 6E and 7 - Colombia Inteligente\" \/>\n<meta property=\"og:description\" content=\"Cuando se anunci\u00f3 Wi-Fi 6 Extended, que se refiere a la capacidad de operar Wi-Fi en la banda de 6 GHz, el sector se alegr\u00f3 porque era la primera vez en 20 a\u00f1os que se asignaba espectro adicional a la tecnolog\u00eda Wi-Fi. Los usuarios a\u00fan est\u00e1n en proceso de actualizaci\u00f3n a 6 y 6E, pero la pr\u00f3xima generaci\u00f3n de tecnolog\u00eda inal\u00e1mbrica, Wi-Fi 7, ya est\u00e1 en el horizonte y promete velocidades de datos a\u00fan mayores y menor latencia. \u00bfC\u00f3mo es la adopci\u00f3n de las 6 y 6E ahora y cu\u00e1ndo y qu\u00e9 podemos esperar de Wi-Fi 7?\" \/>\n<meta property=\"og:url\" content=\"https:\/\/colombiainteligente.org\/es_co\/tendencias\/editorial-report-the-state-of-wi-fi-6-6e-and-7\/\" \/>\n<meta property=\"og:site_name\" content=\"Colombia Inteligente\" \/>\n<meta property=\"article:published_time\" content=\"2022-12-27T17:22:17+00:00\" \/>\n<meta property=\"article:modified_time\" content=\"2022-12-27T17:22:41+00:00\" \/>\n<meta property=\"og:image\" content=\"https:\/\/colombiainteligente.org\/wp-content\/uploads\/2022\/12\/Editorial-Report-The-state-of-Wi-Fi-6-6E-and-7.png\" \/>\n\t<meta property=\"og:image:width\" content=\"306\" \/>\n\t<meta property=\"og:image:height\" content=\"391\" \/>\n\t<meta property=\"og:image:type\" content=\"image\/png\" \/>\n<meta name=\"author\" content=\"DIFUSI\u00d3N COLOMBIA INTELIGENTE\" \/>\n<meta name=\"twitter:card\" content=\"summary_large_image\" \/>\n<meta name=\"twitter:creator\" content=\"@colombiaintelig\" \/>\n<meta name=\"twitter:site\" content=\"@colombiaintelig\" \/>\n<meta name=\"twitter:label1\" content=\"Escrito por\" \/>\n\t<meta name=\"twitter:data1\" content=\"DIFUSI\u00d3N COLOMBIA INTELIGENTE\" \/>\n\t<meta name=\"twitter:label2\" content=\"Tiempo estimado de lectura\" \/>\n\t<meta name=\"twitter:data2\" content=\"1 minuto\" \/>\n<script type=\"application\/ld+json\" class=\"yoast-schema-graph\">{\"@context\":\"https:\\\/\\\/schema.org\",\"@graph\":[{\"@type\":\"Article\",\"@id\":\"https:\\\/\\\/colombiainteligente.org\\\/tendencias\\\/editorial-report-the-state-of-wi-fi-6-6e-and-7\\\/#article\",\"isPartOf\":{\"@id\":\"https:\\\/\\\/colombiainteligente.org\\\/tendencias\\\/editorial-report-the-state-of-wi-fi-6-6e-and-7\\\/\"},\"author\":{\"name\":\"DIFUSI\u00d3N COLOMBIA INTELIGENTE\",\"@id\":\"https:\\\/\\\/colombiainteligente.org\\\/#\\\/schema\\\/person\\\/e207145d548b75a6d339ff1d4d3b0432\"},\"headline\":\"Editorial Report: The state of Wi-Fi 6, 6E and 7\",\"datePublished\":\"2022-12-27T17:22:17+00:00\",\"dateModified\":\"2022-12-27T17:22:41+00:00\",\"mainEntityOfPage\":{\"@id\":\"https:\\\/\\\/colombiainteligente.org\\\/tendencias\\\/editorial-report-the-state-of-wi-fi-6-6e-and-7\\\/\"},\"wordCount\":225,\"commentCount\":0,\"publisher\":{\"@id\":\"https:\\\/\\\/colombiainteligente.org\\\/#organization\"},\"image\":{\"@id\":\"https:\\\/\\\/colombiainteligente.org\\\/tendencias\\\/editorial-report-the-state-of-wi-fi-6-6e-and-7\\\/#primaryimage\"},\"thumbnailUrl\":\"https:\\\/\\\/colombiainteligente.org\\\/wp-content\\\/uploads\\\/2022\\\/12\\\/Editorial-Report-The-state-of-Wi-Fi-6-6E-and-7.png\",\"articleSection\":[\"Digitalizaci\u00f3n\",\"Tendencias\"],\"inLanguage\":\"es-CO\",\"potentialAction\":[{\"@type\":\"CommentAction\",\"name\":\"Comment\",\"target\":[\"https:\\\/\\\/colombiainteligente.org\\\/tendencias\\\/editorial-report-the-state-of-wi-fi-6-6e-and-7\\\/#respond\"]}]},{\"@type\":\"WebPage\",\"@id\":\"https:\\\/\\\/colombiainteligente.org\\\/tendencias\\\/editorial-report-the-state-of-wi-fi-6-6e-and-7\\\/\",\"url\":\"https:\\\/\\\/colombiainteligente.org\\\/tendencias\\\/editorial-report-the-state-of-wi-fi-6-6e-and-7\\\/\",\"name\":\"Editorial Report: The state of Wi-Fi 6, 6E and 7 - Colombia Inteligente\",\"isPartOf\":{\"@id\":\"https:\\\/\\\/colombiainteligente.org\\\/#website\"},\"primaryImageOfPage\":{\"@id\":\"https:\\\/\\\/colombiainteligente.org\\\/tendencias\\\/editorial-report-the-state-of-wi-fi-6-6e-and-7\\\/#primaryimage\"},\"image\":{\"@id\":\"https:\\\/\\\/colombiainteligente.org\\\/tendencias\\\/editorial-report-the-state-of-wi-fi-6-6e-and-7\\\/#primaryimage\"},\"thumbnailUrl\":\"https:\\\/\\\/colombiainteligente.org\\\/wp-content\\\/uploads\\\/2022\\\/12\\\/Editorial-Report-The-state-of-Wi-Fi-6-6E-and-7.png\",\"datePublished\":\"2022-12-27T17:22:17+00:00\",\"dateModified\":\"2022-12-27T17:22:41+00:00\",\"breadcrumb\":{\"@id\":\"https:\\\/\\\/colombiainteligente.org\\\/tendencias\\\/editorial-report-the-state-of-wi-fi-6-6e-and-7\\\/#breadcrumb\"},\"inLanguage\":\"es-CO\",\"potentialAction\":[{\"@type\":\"ReadAction\",\"target\":[\"https:\\\/\\\/colombiainteligente.org\\\/tendencias\\\/editorial-report-the-state-of-wi-fi-6-6e-and-7\\\/\"]}]},{\"@type\":\"ImageObject\",\"inLanguage\":\"es-CO\",\"@id\":\"https:\\\/\\\/colombiainteligente.org\\\/tendencias\\\/editorial-report-the-state-of-wi-fi-6-6e-and-7\\\/#primaryimage\",\"url\":\"https:\\\/\\\/colombiainteligente.org\\\/wp-content\\\/uploads\\\/2022\\\/12\\\/Editorial-Report-The-state-of-Wi-Fi-6-6E-and-7.png\",\"contentUrl\":\"https:\\\/\\\/colombiainteligente.org\\\/wp-content\\\/uploads\\\/2022\\\/12\\\/Editorial-Report-The-state-of-Wi-Fi-6-6E-and-7.png\",\"width\":306,\"height\":391,\"caption\":\"Editorial-Report-The-state-of-Wi-Fi-6-6E-and-7.png\"},{\"@type\":\"BreadcrumbList\",\"@id\":\"https:\\\/\\\/colombiainteligente.org\\\/tendencias\\\/editorial-report-the-state-of-wi-fi-6-6e-and-7\\\/#breadcrumb\",\"itemListElement\":[{\"@type\":\"ListItem\",\"position\":1,\"name\":\"Portada\",\"item\":\"https:\\\/\\\/colombiainteligente.org\\\/\"},{\"@type\":\"ListItem\",\"position\":2,\"name\":\"Editorial Report: The state of Wi-Fi 6, 6E and 7\"}]},{\"@type\":\"WebSite\",\"@id\":\"https:\\\/\\\/colombiainteligente.org\\\/#website\",\"url\":\"https:\\\/\\\/colombiainteligente.org\\\/\",\"name\":\"Colombia Inteligente\",\"description\":\"Alianza estrat\u00e9gica, conformada por empresas y entidades, para la inserci\u00f3n integral y eficiente de las redes inteligentes a la infraestructura del sector el\u00e9ctrico colombiano\",\"publisher\":{\"@id\":\"https:\\\/\\\/colombiainteligente.org\\\/#organization\"},\"potentialAction\":[{\"@type\":\"SearchAction\",\"target\":{\"@type\":\"EntryPoint\",\"urlTemplate\":\"https:\\\/\\\/colombiainteligente.org\\\/?s={search_term_string}\"},\"query-input\":{\"@type\":\"PropertyValueSpecification\",\"valueRequired\":true,\"valueName\":\"search_term_string\"}}],\"inLanguage\":\"es-CO\"},{\"@type\":\"Organization\",\"@id\":\"https:\\\/\\\/colombiainteligente.org\\\/#organization\",\"name\":\"Colombia Inteligente\",\"url\":\"https:\\\/\\\/colombiainteligente.org\\\/\",\"logo\":{\"@type\":\"ImageObject\",\"inLanguage\":\"es-CO\",\"@id\":\"https:\\\/\\\/colombiainteligente.org\\\/#\\\/schema\\\/logo\\\/image\\\/\",\"url\":\"https:\\\/\\\/colombiainteligente.org\\\/wp-content\\\/uploads\\\/2022\\\/07\\\/Image.png\",\"contentUrl\":\"https:\\\/\\\/colombiainteligente.org\\\/wp-content\\\/uploads\\\/2022\\\/07\\\/Image.png\",\"width\":588,\"height\":274,\"caption\":\"Colombia Inteligente\"},\"image\":{\"@id\":\"https:\\\/\\\/colombiainteligente.org\\\/#\\\/schema\\\/logo\\\/image\\\/\"},\"sameAs\":[\"https:\\\/\\\/x.com\\\/colombiaintelig\",\"https:\\\/\\\/www.linkedin.com\\\/company\\\/colombiainteligente\\\/\"]},{\"@type\":\"Person\",\"@id\":\"https:\\\/\\\/colombiainteligente.org\\\/#\\\/schema\\\/person\\\/e207145d548b75a6d339ff1d4d3b0432\",\"name\":\"DIFUSI\u00d3N COLOMBIA INTELIGENTE\",\"image\":{\"@type\":\"ImageObject\",\"inLanguage\":\"es-CO\",\"@id\":\"https:\\\/\\\/secure.gravatar.com\\\/avatar\\\/df2e679ff2abf288cf4bf58830dad897e596908105ec8969f50f748a6d837869?s=96&d=mm&r=g\",\"url\":\"https:\\\/\\\/secure.gravatar.com\\\/avatar\\\/df2e679ff2abf288cf4bf58830dad897e596908105ec8969f50f748a6d837869?s=96&d=mm&r=g\",\"contentUrl\":\"https:\\\/\\\/secure.gravatar.com\\\/avatar\\\/df2e679ff2abf288cf4bf58830dad897e596908105ec8969f50f748a6d837869?s=96&d=mm&r=g\",\"caption\":\"DIFUSI\u00d3N COLOMBIA INTELIGENTE\"},\"url\":\"https:\\\/\\\/colombiainteligente.org\\\/es_co\\\/author\\\/difusioncolombiainteligente-org\\\/\"}]}<\/script>\n<!-- \/ Yoast SEO plugin. -->","yoast_head_json":{"title":"Editorial Report: The state of Wi-Fi 6, 6E and 7 - Colombia Inteligente","robots":{"index":"index","follow":"follow","max-snippet":"max-snippet:-1","max-image-preview":"max-image-preview:large","max-video-preview":"max-video-preview:-1"},"canonical":"https:\/\/colombiainteligente.org\/es_co\/tendencias\/editorial-report-the-state-of-wi-fi-6-6e-and-7\/","og_locale":"es_ES","og_type":"article","og_title":"Editorial Report: The state of Wi-Fi 6, 6E and 7 - Colombia Inteligente","og_description":"Cuando se anunci\u00f3 Wi-Fi 6 Extended, que se refiere a la capacidad de operar Wi-Fi en la banda de 6 GHz, el sector se alegr\u00f3 porque era la primera vez en 20 a\u00f1os que se asignaba espectro adicional a la tecnolog\u00eda Wi-Fi. Los usuarios a\u00fan est\u00e1n en proceso de actualizaci\u00f3n a 6 y 6E, pero la pr\u00f3xima generaci\u00f3n de tecnolog\u00eda inal\u00e1mbrica, Wi-Fi 7, ya est\u00e1 en el horizonte y promete velocidades de datos a\u00fan mayores y menor latencia. \u00bfC\u00f3mo es la adopci\u00f3n de las 6 y 6E ahora y cu\u00e1ndo y qu\u00e9 podemos esperar de Wi-Fi 7?","og_url":"https:\/\/colombiainteligente.org\/es_co\/tendencias\/editorial-report-the-state-of-wi-fi-6-6e-and-7\/","og_site_name":"Colombia Inteligente","article_published_time":"2022-12-27T17:22:17+00:00","article_modified_time":"2022-12-27T17:22:41+00:00","og_image":[{"width":306,"height":391,"url":"https:\/\/colombiainteligente.org\/wp-content\/uploads\/2022\/12\/Editorial-Report-The-state-of-Wi-Fi-6-6E-and-7.png","type":"image\/png"}],"author":"DIFUSI\u00d3N COLOMBIA INTELIGENTE","twitter_card":"summary_large_image","twitter_creator":"@colombiaintelig","twitter_site":"@colombiaintelig","twitter_misc":{"Escrito por":"DIFUSI\u00d3N COLOMBIA INTELIGENTE","Tiempo estimado de lectura":"1 minuto"},"schema":{"@context":"https:\/\/schema.org","@graph":[{"@type":"Article","@id":"https:\/\/colombiainteligente.org\/tendencias\/editorial-report-the-state-of-wi-fi-6-6e-and-7\/#article","isPartOf":{"@id":"https:\/\/colombiainteligente.org\/tendencias\/editorial-report-the-state-of-wi-fi-6-6e-and-7\/"},"author":{"name":"DIFUSI\u00d3N COLOMBIA INTELIGENTE","@id":"https:\/\/colombiainteligente.org\/#\/schema\/person\/e207145d548b75a6d339ff1d4d3b0432"},"headline":"Editorial Report: The state of Wi-Fi 6, 6E and 7","datePublished":"2022-12-27T17:22:17+00:00","dateModified":"2022-12-27T17:22:41+00:00","mainEntityOfPage":{"@id":"https:\/\/colombiainteligente.org\/tendencias\/editorial-report-the-state-of-wi-fi-6-6e-and-7\/"},"wordCount":225,"commentCount":0,"publisher":{"@id":"https:\/\/colombiainteligente.org\/#organization"},"image":{"@id":"https:\/\/colombiainteligente.org\/tendencias\/editorial-report-the-state-of-wi-fi-6-6e-and-7\/#primaryimage"},"thumbnailUrl":"https:\/\/colombiainteligente.org\/wp-content\/uploads\/2022\/12\/Editorial-Report-The-state-of-Wi-Fi-6-6E-and-7.png","articleSection":["Digitalizaci\u00f3n","Tendencias"],"inLanguage":"es-CO","potentialAction":[{"@type":"CommentAction","name":"Comment","target":["https:\/\/colombiainteligente.org\/tendencias\/editorial-report-the-state-of-wi-fi-6-6e-and-7\/#respond"]}]},{"@type":"WebPage","@id":"https:\/\/colombiainteligente.org\/tendencias\/editorial-report-the-state-of-wi-fi-6-6e-and-7\/","url":"https:\/\/colombiainteligente.org\/tendencias\/editorial-report-the-state-of-wi-fi-6-6e-and-7\/","name":"Editorial Report: The state of Wi-Fi 6, 6E and 7 - Colombia Inteligente","isPartOf":{"@id":"https:\/\/colombiainteligente.org\/#website"},"primaryImageOfPage":{"@id":"https:\/\/colombiainteligente.org\/tendencias\/editorial-report-the-state-of-wi-fi-6-6e-and-7\/#primaryimage"},"image":{"@id":"https:\/\/colombiainteligente.org\/tendencias\/editorial-report-the-state-of-wi-fi-6-6e-and-7\/#primaryimage"},"thumbnailUrl":"https:\/\/colombiainteligente.org\/wp-content\/uploads\/2022\/12\/Editorial-Report-The-state-of-Wi-Fi-6-6E-and-7.png","datePublished":"2022-12-27T17:22:17+00:00","dateModified":"2022-12-27T17:22:41+00:00","breadcrumb":{"@id":"https:\/\/colombiainteligente.org\/tendencias\/editorial-report-the-state-of-wi-fi-6-6e-and-7\/#breadcrumb"},"inLanguage":"es-CO","potentialAction":[{"@type":"ReadAction","target":["https:\/\/colombiainteligente.org\/tendencias\/editorial-report-the-state-of-wi-fi-6-6e-and-7\/"]}]},{"@type":"ImageObject","inLanguage":"es-CO","@id":"https:\/\/colombiainteligente.org\/tendencias\/editorial-report-the-state-of-wi-fi-6-6e-and-7\/#primaryimage","url":"https:\/\/colombiainteligente.org\/wp-content\/uploads\/2022\/12\/Editorial-Report-The-state-of-Wi-Fi-6-6E-and-7.png","contentUrl":"https:\/\/colombiainteligente.org\/wp-content\/uploads\/2022\/12\/Editorial-Report-The-state-of-Wi-Fi-6-6E-and-7.png","width":306,"height":391,"caption":"Editorial-Report-The-state-of-Wi-Fi-6-6E-and-7.png"},{"@type":"BreadcrumbList","@id":"https:\/\/colombiainteligente.org\/tendencias\/editorial-report-the-state-of-wi-fi-6-6e-and-7\/#breadcrumb","itemListElement":[{"@type":"ListItem","position":1,"name":"Portada","item":"https:\/\/colombiainteligente.org\/"},{"@type":"ListItem","position":2,"name":"Editorial Report: The state of Wi-Fi 6, 6E and 7"}]},{"@type":"WebSite","@id":"https:\/\/colombiainteligente.org\/#website","url":"https:\/\/colombiainteligente.org\/","name":"Colombia Inteligente","description":"Alianza estrat\u00e9gica, conformada por empresas y entidades, para la inserci\u00f3n integral y eficiente de las redes inteligentes a la infraestructura del sector el\u00e9ctrico colombiano","publisher":{"@id":"https:\/\/colombiainteligente.org\/#organization"},"potentialAction":[{"@type":"SearchAction","target":{"@type":"EntryPoint","urlTemplate":"https:\/\/colombiainteligente.org\/?s={search_term_string}"},"query-input":{"@type":"PropertyValueSpecification","valueRequired":true,"valueName":"search_term_string"}}],"inLanguage":"es-CO"},{"@type":"Organization","@id":"https:\/\/colombiainteligente.org\/#organization","name":"Colombia Inteligente","url":"https:\/\/colombiainteligente.org\/","logo":{"@type":"ImageObject","inLanguage":"es-CO","@id":"https:\/\/colombiainteligente.org\/#\/schema\/logo\/image\/","url":"https:\/\/colombiainteligente.org\/wp-content\/uploads\/2022\/07\/Image.png","contentUrl":"https:\/\/colombiainteligente.org\/wp-content\/uploads\/2022\/07\/Image.png","width":588,"height":274,"caption":"Colombia Inteligente"},"image":{"@id":"https:\/\/colombiainteligente.org\/#\/schema\/logo\/image\/"},"sameAs":["https:\/\/x.com\/colombiaintelig","https:\/\/www.linkedin.com\/company\/colombiainteligente\/"]},{"@type":"Person","@id":"https:\/\/colombiainteligente.org\/#\/schema\/person\/e207145d548b75a6d339ff1d4d3b0432","name":"DIFUSI\u00d3N COLOMBIA INTELIGENTE","image":{"@type":"ImageObject","inLanguage":"es-CO","@id":"https:\/\/secure.gravatar.com\/avatar\/df2e679ff2abf288cf4bf58830dad897e596908105ec8969f50f748a6d837869?s=96&d=mm&r=g","url":"https:\/\/secure.gravatar.com\/avatar\/df2e679ff2abf288cf4bf58830dad897e596908105ec8969f50f748a6d837869?s=96&d=mm&r=g","contentUrl":"https:\/\/secure.gravatar.com\/avatar\/df2e679ff2abf288cf4bf58830dad897e596908105ec8969f50f748a6d837869?s=96&d=mm&r=g","caption":"DIFUSI\u00d3N COLOMBIA INTELIGENTE"},"url":"https:\/\/colombiainteligente.org\/es_co\/author\/difusioncolombiainteligente-org\/"}]}},"_links":{"self":[{"href":"https:\/\/colombiainteligente.org\/es_co\/wp-json\/wp\/v2\/posts\/6005","targetHints":{"allow":["GET"]}}],"collection":[{"href":"https:\/\/colombiainteligente.org\/es_co\/wp-json\/wp\/v2\/posts"}],"about":[{"href":"https:\/\/colombiainteligente.org\/es_co\/wp-json\/wp\/v2\/types\/post"}],"author":[{"embeddable":true,"href":"https:\/\/colombiainteligente.org\/es_co\/wp-json\/wp\/v2\/users\/23"}],"replies":[{"embeddable":true,"href":"https:\/\/colombiainteligente.org\/es_co\/wp-json\/wp\/v2\/comments?post=6005"}],"version-history":[{"count":4,"href":"https:\/\/colombiainteligente.org\/es_co\/wp-json\/wp\/v2\/posts\/6005\/revisions"}],"predecessor-version":[{"id":6009,"href":"https:\/\/colombiainteligente.org\/es_co\/wp-json\/wp\/v2\/posts\/6005\/revisions\/6009"}],"wp:featuredmedia":[{"embeddable":true,"href":"https:\/\/colombiainteligente.org\/es_co\/wp-json\/wp\/v2\/media\/5940"}],"wp:attachment":[{"href":"https:\/\/colombiainteligente.org\/es_co\/wp-json\/wp\/v2\/media?parent=6005"}],"wp:term":[{"taxonomy":"category","embeddable":true,"href":"https:\/\/colombiainteligente.org\/es_co\/wp-json\/wp\/v2\/categories?post=6005"},{"taxonomy":"post_tag","embeddable":true,"href":"https:\/\/colombiainteligente.org\/es_co\/wp-json\/wp\/v2\/tags?post=6005"}],"curies":[{"name":"wp","href":"https:\/\/api.w.org\/{rel}","templated":true}]}}