{"id":61919,"date":"2025-10-06T19:10:10","date_gmt":"2025-10-07T00:10:10","guid":{"rendered":"https:\/\/colombiainteligente.org\/?p=61919"},"modified":"2025-10-06T19:11:18","modified_gmt":"2025-10-07T00:11:18","slug":"energy-transition-readiness-latin-america-and-the-caribbean","status":"publish","type":"post","link":"https:\/\/colombiainteligente.org\/es_co\/tendencias\/energy-transition-readiness-latin-america-and-the-caribbean\/","title":{"rendered":"Energy Transition Readiness: Latin America and the Caribbean"},"content":{"rendered":"<div data-elementor-type=\"wp-post\" data-elementor-id=\"61919\" class=\"elementor elementor-61919\" data-elementor-post-type=\"post\">\n\t\t\t\t\t\t\t\t\t<section class=\"elementor-section elementor-top-section elementor-element elementor-element-87c6aa2 elementor-section-boxed elementor-section-height-default elementor-section-height-default\" data-id=\"87c6aa2\" data-element_type=\"section\">\n\t\t\t\t\t\t<div class=\"elementor-container elementor-column-gap-default\">\n\t\t\t\t\t<div class=\"elementor-column elementor-col-100 elementor-top-column elementor-element elementor-element-558bb819\" data-id=\"558bb819\" data-element_type=\"column\">\n\t\t\t<div class=\"elementor-widget-wrap elementor-element-populated\">\n\t\t\t\t\t\t\t\t<div class=\"elementor-element elementor-element-3067325c elementor-widget elementor-widget-text-editor\" data-id=\"3067325c\" data-element_type=\"widget\" data-widget_type=\"text-editor.default\">\n\t\t\t\t<div class=\"elementor-widget-container\">\n\t\t\t<style>\/*! elementor - v3.14.0 - 26-06-2023 *\/\n.elementor-widget-text-editor.elementor-drop-cap-view-stacked .elementor-drop-cap{background-color:#69727d;color:#fff}.elementor-widget-text-editor.elementor-drop-cap-view-framed .elementor-drop-cap{color:#69727d;border:3px solid;background-color:transparent}.elementor-widget-text-editor:not(.elementor-drop-cap-view-default) .elementor-drop-cap{margin-top:8px}.elementor-widget-text-editor:not(.elementor-drop-cap-view-default) .elementor-drop-cap-letter{width:1em;height:1em}.elementor-widget-text-editor .elementor-drop-cap{float:left;text-align:center;line-height:1;font-size:50px}.elementor-widget-text-editor .elementor-drop-cap-letter{display:inline-block}<\/style>\t\t\t\t<p>La transici\u00f3n energ\u00e9tica en Am\u00e9rica Latina y el Caribe se encuentra en un momento decisivo que exige acelerar el paso hacia un modelo m\u00e1s sostenible, innovador e inclusivo. A pesar de contar con abundantes recursos renovables, una alta diversidad geogr\u00e1fica y una dependencia moderada de los combustibles f\u00f3siles, el progreso hacia una transformaci\u00f3n profunda del sector energ\u00e9tico ha sido desigual y m\u00e1s lento de lo esperado. Esta situaci\u00f3n revela una brecha entre el potencial estructural de la regi\u00f3n y su nivel de preparaci\u00f3n para encaminarse hacia una econom\u00eda baja en carbono.<\/p><p>El desarrollo de energ\u00edas limpias avanza, pero enfrenta limitaciones vinculadas con la falta de coordinaci\u00f3n entre pol\u00edticas nacionales, la escasa inversi\u00f3n privada y la modernizaci\u00f3n pendiente de la infraestructura el\u00e9ctrica. Las redes de transmisi\u00f3n contin\u00faan siendo fr\u00e1giles y fragmentadas, lo que impide aprovechar plenamente los recursos solares, e\u00f3licos e hidroel\u00e9ctricos disponibles en distintos pa\u00edses. La interconexi\u00f3n regional aparece como una condici\u00f3n indispensable para mejorar la resiliencia, reducir costos y equilibrar la oferta y la demanda de energ\u00eda. Al integrar sistemas el\u00e9ctricos m\u00e1s amplios y flexibles, ser\u00eda posible gestionar mejor la variabilidad de las fuentes renovables y fortalecer la seguridad energ\u00e9tica regional.<\/p><p>El fortalecimiento del marco institucional y la mejora de la gobernanza resultan determinantes para impulsar las reformas que la regi\u00f3n necesita. La previsibilidad normativa, la estabilidad regulatoria y la transparencia en los procesos de planificaci\u00f3n son factores que pueden estimular la confianza de los inversionistas y ampliar el acceso al financiamiento. Sin estas condiciones, las tecnolog\u00edas renovables, el almacenamiento y la digitalizaci\u00f3n dif\u00edcilmente lograr\u00e1n escalar de manera sostenida. La transici\u00f3n requiere, adem\u00e1s, una visi\u00f3n coordinada que supere los intereses nacionales y permita armonizar pol\u00edticas fiscales, regulatorias y ambientales.<\/p><p>El desarrollo de capacidades humanas y la formaci\u00f3n t\u00e9cnica emergen como ejes estrat\u00e9gicos. La transformaci\u00f3n energ\u00e9tica no solo implica sustituir fuentes de generaci\u00f3n, sino tambi\u00e9n reinventar el sistema productivo y adaptar la fuerza laboral a nuevas competencias. Invertir en educaci\u00f3n, investigaci\u00f3n y transferencia tecnol\u00f3gica permitir\u00e1 crear empleos sostenibles y asegurar que la transici\u00f3n sea socialmente justa. Adem\u00e1s, la participaci\u00f3n activa de las comunidades en proyectos energ\u00e9ticos contribuye a fortalecer la aceptaci\u00f3n social y a distribuir los beneficios de manera m\u00e1s equitativa.<\/p><p>La innovaci\u00f3n tecnol\u00f3gica, a su vez, se posiciona como un motor decisivo para acelerar la transformaci\u00f3n. El aprovechamiento del potencial solar y e\u00f3lico puede combinarse con soluciones emergentes como el hidr\u00f3geno verde, la gesti\u00f3n inteligente de redes y el almacenamiento de energ\u00eda a gran escala. Estas tecnolog\u00edas abren oportunidades para diversificar las econom\u00edas, atraer inversi\u00f3n extranjera y posicionar a la regi\u00f3n como un proveedor relevante de energ\u00eda limpia y de minerales estrat\u00e9gicos para la transici\u00f3n global. Sin embargo, alcanzar estos beneficios requiere coordinaci\u00f3n entre gobiernos, sector privado y organismos internacionales, de modo que las pol\u00edticas de innovaci\u00f3n est\u00e9n alineadas con los objetivos de sostenibilidad y desarrollo econ\u00f3mico.<\/p><p>A la par, el fortalecimiento de la cooperaci\u00f3n regional es esencial para enfrentar desaf\u00edos compartidos. Las asimetr\u00edas econ\u00f3micas, las brechas tecnol\u00f3gicas y las diferencias en el acceso a financiamiento pueden abordarse mediante mecanismos de colaboraci\u00f3n y proyectos conjuntos. Compartir infraestructura, conocimientos y marcos regulatorios coherentes puede generar un efecto multiplicador sobre la transici\u00f3n. En este sentido, la regi\u00f3n tiene la oportunidad de avanzar hacia un modelo energ\u00e9tico m\u00e1s competitivo y resiliente, basado en la integraci\u00f3n, la eficiencia y la innovaci\u00f3n. Am\u00e9rica Latina y el Caribe poseen las condiciones para convertirse en una regi\u00f3n l\u00edder en sostenibilidad energ\u00e9tica. Lograrlo implica acelerar las reformas estructurales, atraer inversi\u00f3n privada, modernizar las redes, potenciar la educaci\u00f3n t\u00e9cnica y consolidar la cooperaci\u00f3n transnacional. Solo mediante un enfoque coordinado y una planificaci\u00f3n a largo plazo ser\u00e1 posible traducir el potencial renovable en bienestar social, competitividad econ\u00f3mica y seguridad energ\u00e9tica para las generaciones futuras.<\/p><p align=\"justify\"><b>Para leer m\u00e1s ingrese a:<\/b><\/p><p><a href=\"https:\/\/www.weforum.org\/publications\/energy-transition-readiness-latin-america-and-the-caribbean\/\">https:\/\/www.weforum.org\/publications\/energy-transition-readiness-latin-america-and-the-caribbean\/<\/a><\/p><p><a href=\"https:\/\/reports.weforum.org\/docs\/WEF_Latin_America&amp;Caribbean_Energy_Transition_2025.pdf\">https:\/\/reports.weforum.org\/docs\/WEF_Latin_America&amp;Caribbean_Energy_Transition_2025.pdf<\/a><\/p>\t\t\t\t\t\t<\/div>\n\t\t\t\t<\/div>\n\t\t\t\t\t<\/div>\n\t\t<\/div>\n\t\t\t\t\t\t\t<\/div>\n\t\t<\/section>\n\t\t\t\t\t\t\t<\/div>\n\t\t<div style=\"text-align:center\" class=\"yasr-auto-insert-visitor\"><\/div>","protected":false},"excerpt":{"rendered":"<p>La transici\u00f3n energ\u00e9tica en Am\u00e9rica Latina y el Caribe atraviesa un punto decisivo que demanda acci\u00f3n coordinada, inversi\u00f3n sostenida y modernizaci\u00f3n institucional. Aunque la regi\u00f3n dispone de abundantes recursos renovables y una menor dependencia de los combustibles f\u00f3siles, los avances hacia un sistema energ\u00e9tico bajo en carbono no reflejan plenamente ese potencial. El progreso se ve limitado por la falta de integraci\u00f3n el\u00e9ctrica, la fragmentaci\u00f3n regulatoria y los obst\u00e1culos para atraer financiamiento privado. Fortalecer la infraestructura y promover la interconexi\u00f3n regional permitir\u00eda aprovechar mejor los recursos naturales, equilibrar la generaci\u00f3n y reforzar la seguridad energ\u00e9tica. A su vez, la modernizaci\u00f3n de los marcos normativos y la estabilidad institucional son condiciones necesarias para incrementar la confianza de los inversores y acelerar la adopci\u00f3n de nuevas tecnolog\u00edas. La formaci\u00f3n de capital humano especializado y la innovaci\u00f3n tecnol\u00f3gica, particularmente en hidr\u00f3geno verde, almacenamiento y digitalizaci\u00f3n, pueden impulsar la competitividad y generar empleo de calidad. La cooperaci\u00f3n entre pa\u00edses se proyecta como un pilar para superar brechas y articular pol\u00edticas comunes que integren sostenibilidad ambiental y desarrollo econ\u00f3mico. Si la regi\u00f3n logra combinar su potencial natural con una gobernanza s\u00f3lida y una visi\u00f3n compartida, podr\u00e1 posicionarse como referente global en energ\u00eda limpia e inclusiva.<\/p>","protected":false},"author":23,"featured_media":61906,"comment_status":"open","ping_status":"open","sticky":false,"template":"","format":"standard","meta":{"yasr_overall_rating":0,"yasr_post_is_review":"","yasr_auto_insert_disabled":"","yasr_review_type":"","footnotes":""},"categories":[54,53],"tags":[],"class_list":["post-61919","post","type-post","status-publish","format-standard","has-post-thumbnail","hentry","category-energia-que-transforma","category-tendencias"],"yasr_visitor_votes":{"number_of_votes":0,"sum_votes":0,"stars_attributes":{"read_only":false,"span_bottom":false}},"yoast_head":"<!-- This site is optimized with the Yoast SEO plugin v27.3 - https:\/\/yoast.com\/product\/yoast-seo-wordpress\/ -->\n<title>Energy Transition Readiness: Latin America and the Caribbean - Colombia Inteligente<\/title>\n<meta name=\"robots\" content=\"index, follow, max-snippet:-1, max-image-preview:large, max-video-preview:-1\" \/>\n<link rel=\"canonical\" href=\"https:\/\/colombiainteligente.org\/es_co\/tendencias\/energy-transition-readiness-latin-america-and-the-caribbean\/\" \/>\n<meta property=\"og:locale\" content=\"es_ES\" \/>\n<meta property=\"og:type\" content=\"article\" \/>\n<meta property=\"og:title\" content=\"Energy Transition Readiness: Latin America and the Caribbean - Colombia Inteligente\" \/>\n<meta property=\"og:description\" content=\"La transici\u00f3n energ\u00e9tica en Am\u00e9rica Latina y el Caribe atraviesa un punto decisivo que demanda acci\u00f3n coordinada, inversi\u00f3n sostenida y modernizaci\u00f3n institucional. Aunque la regi\u00f3n dispone de abundantes recursos renovables y una menor dependencia de los combustibles f\u00f3siles, los avances hacia un sistema energ\u00e9tico bajo en carbono no reflejan plenamente ese potencial. El progreso se ve limitado por la falta de integraci\u00f3n el\u00e9ctrica, la fragmentaci\u00f3n regulatoria y los obst\u00e1culos para atraer financiamiento privado. Fortalecer la infraestructura y promover la interconexi\u00f3n regional permitir\u00eda aprovechar mejor los recursos naturales, equilibrar la generaci\u00f3n y reforzar la seguridad energ\u00e9tica. A su vez, la modernizaci\u00f3n de los marcos normativos y la estabilidad institucional son condiciones necesarias para incrementar la confianza de los inversores y acelerar la adopci\u00f3n de nuevas tecnolog\u00edas. La formaci\u00f3n de capital humano especializado y la innovaci\u00f3n tecnol\u00f3gica, particularmente en hidr\u00f3geno verde, almacenamiento y digitalizaci\u00f3n, pueden impulsar la competitividad y generar empleo de calidad. La cooperaci\u00f3n entre pa\u00edses se proyecta como un pilar para superar brechas y articular pol\u00edticas comunes que integren sostenibilidad ambiental y desarrollo econ\u00f3mico. Si la regi\u00f3n logra combinar su potencial natural con una gobernanza s\u00f3lida y una visi\u00f3n compartida, podr\u00e1 posicionarse como referente global en energ\u00eda limpia e inclusiva.\" \/>\n<meta property=\"og:url\" content=\"https:\/\/colombiainteligente.org\/es_co\/tendencias\/energy-transition-readiness-latin-america-and-the-caribbean\/\" \/>\n<meta property=\"og:site_name\" content=\"Colombia Inteligente\" \/>\n<meta property=\"article:published_time\" content=\"2025-10-07T00:10:10+00:00\" \/>\n<meta property=\"article:modified_time\" content=\"2025-10-07T00:11:18+00:00\" \/>\n<meta property=\"og:image\" content=\"https:\/\/colombiainteligente.org\/wp-content\/uploads\/2025\/10\/06-Energia-4241025.png\" \/>\n\t<meta property=\"og:image:width\" content=\"729\" \/>\n\t<meta property=\"og:image:height\" content=\"1033\" \/>\n\t<meta property=\"og:image:type\" content=\"image\/png\" \/>\n<meta name=\"author\" content=\"DIFUSI\u00d3N COLOMBIA INTELIGENTE\" \/>\n<meta name=\"twitter:card\" content=\"summary_large_image\" \/>\n<meta name=\"twitter:creator\" content=\"@colombiaintelig\" \/>\n<meta name=\"twitter:site\" content=\"@colombiaintelig\" \/>\n<meta name=\"twitter:label1\" content=\"Escrito por\" \/>\n\t<meta name=\"twitter:data1\" content=\"DIFUSI\u00d3N COLOMBIA INTELIGENTE\" \/>\n\t<meta name=\"twitter:label2\" content=\"Tiempo estimado de lectura\" \/>\n\t<meta name=\"twitter:data2\" content=\"3 minutos\" \/>\n<script type=\"application\/ld+json\" class=\"yoast-schema-graph\">{\"@context\":\"https:\\\/\\\/schema.org\",\"@graph\":[{\"@type\":\"Article\",\"@id\":\"https:\\\/\\\/colombiainteligente.org\\\/tendencias\\\/energy-transition-readiness-latin-america-and-the-caribbean\\\/#article\",\"isPartOf\":{\"@id\":\"https:\\\/\\\/colombiainteligente.org\\\/tendencias\\\/energy-transition-readiness-latin-america-and-the-caribbean\\\/\"},\"author\":{\"name\":\"DIFUSI\u00d3N COLOMBIA INTELIGENTE\",\"@id\":\"https:\\\/\\\/colombiainteligente.org\\\/#\\\/schema\\\/person\\\/e207145d548b75a6d339ff1d4d3b0432\"},\"headline\":\"Energy Transition Readiness: Latin America and the Caribbean\",\"datePublished\":\"2025-10-07T00:10:10+00:00\",\"dateModified\":\"2025-10-07T00:11:18+00:00\",\"mainEntityOfPage\":{\"@id\":\"https:\\\/\\\/colombiainteligente.org\\\/tendencias\\\/energy-transition-readiness-latin-america-and-the-caribbean\\\/\"},\"wordCount\":748,\"commentCount\":0,\"publisher\":{\"@id\":\"https:\\\/\\\/colombiainteligente.org\\\/#organization\"},\"image\":{\"@id\":\"https:\\\/\\\/colombiainteligente.org\\\/tendencias\\\/energy-transition-readiness-latin-america-and-the-caribbean\\\/#primaryimage\"},\"thumbnailUrl\":\"https:\\\/\\\/colombiainteligente.org\\\/wp-content\\\/uploads\\\/2025\\\/10\\\/06-Energia-4241025.png\",\"articleSection\":[\"Energ\u00eda que transforma\",\"Tendencias\"],\"inLanguage\":\"es-CO\",\"potentialAction\":[{\"@type\":\"CommentAction\",\"name\":\"Comment\",\"target\":[\"https:\\\/\\\/colombiainteligente.org\\\/tendencias\\\/energy-transition-readiness-latin-america-and-the-caribbean\\\/#respond\"]}]},{\"@type\":\"WebPage\",\"@id\":\"https:\\\/\\\/colombiainteligente.org\\\/tendencias\\\/energy-transition-readiness-latin-america-and-the-caribbean\\\/\",\"url\":\"https:\\\/\\\/colombiainteligente.org\\\/tendencias\\\/energy-transition-readiness-latin-america-and-the-caribbean\\\/\",\"name\":\"Energy Transition Readiness: Latin America and the Caribbean - Colombia Inteligente\",\"isPartOf\":{\"@id\":\"https:\\\/\\\/colombiainteligente.org\\\/#website\"},\"primaryImageOfPage\":{\"@id\":\"https:\\\/\\\/colombiainteligente.org\\\/tendencias\\\/energy-transition-readiness-latin-america-and-the-caribbean\\\/#primaryimage\"},\"image\":{\"@id\":\"https:\\\/\\\/colombiainteligente.org\\\/tendencias\\\/energy-transition-readiness-latin-america-and-the-caribbean\\\/#primaryimage\"},\"thumbnailUrl\":\"https:\\\/\\\/colombiainteligente.org\\\/wp-content\\\/uploads\\\/2025\\\/10\\\/06-Energia-4241025.png\",\"datePublished\":\"2025-10-07T00:10:10+00:00\",\"dateModified\":\"2025-10-07T00:11:18+00:00\",\"breadcrumb\":{\"@id\":\"https:\\\/\\\/colombiainteligente.org\\\/tendencias\\\/energy-transition-readiness-latin-america-and-the-caribbean\\\/#breadcrumb\"},\"inLanguage\":\"es-CO\",\"potentialAction\":[{\"@type\":\"ReadAction\",\"target\":[\"https:\\\/\\\/colombiainteligente.org\\\/tendencias\\\/energy-transition-readiness-latin-america-and-the-caribbean\\\/\"]}]},{\"@type\":\"ImageObject\",\"inLanguage\":\"es-CO\",\"@id\":\"https:\\\/\\\/colombiainteligente.org\\\/tendencias\\\/energy-transition-readiness-latin-america-and-the-caribbean\\\/#primaryimage\",\"url\":\"https:\\\/\\\/colombiainteligente.org\\\/wp-content\\\/uploads\\\/2025\\\/10\\\/06-Energia-4241025.png\",\"contentUrl\":\"https:\\\/\\\/colombiainteligente.org\\\/wp-content\\\/uploads\\\/2025\\\/10\\\/06-Energia-4241025.png\",\"width\":729,\"height\":1033},{\"@type\":\"BreadcrumbList\",\"@id\":\"https:\\\/\\\/colombiainteligente.org\\\/tendencias\\\/energy-transition-readiness-latin-america-and-the-caribbean\\\/#breadcrumb\",\"itemListElement\":[{\"@type\":\"ListItem\",\"position\":1,\"name\":\"Portada\",\"item\":\"https:\\\/\\\/colombiainteligente.org\\\/\"},{\"@type\":\"ListItem\",\"position\":2,\"name\":\"Energy Transition Readiness: Latin America and the Caribbean\"}]},{\"@type\":\"WebSite\",\"@id\":\"https:\\\/\\\/colombiainteligente.org\\\/#website\",\"url\":\"https:\\\/\\\/colombiainteligente.org\\\/\",\"name\":\"Colombia Inteligente\",\"description\":\"Alianza estrat\u00e9gica, conformada por empresas y entidades, para la inserci\u00f3n integral y eficiente de las redes inteligentes a la infraestructura del sector el\u00e9ctrico colombiano\",\"publisher\":{\"@id\":\"https:\\\/\\\/colombiainteligente.org\\\/#organization\"},\"potentialAction\":[{\"@type\":\"SearchAction\",\"target\":{\"@type\":\"EntryPoint\",\"urlTemplate\":\"https:\\\/\\\/colombiainteligente.org\\\/?s={search_term_string}\"},\"query-input\":{\"@type\":\"PropertyValueSpecification\",\"valueRequired\":true,\"valueName\":\"search_term_string\"}}],\"inLanguage\":\"es-CO\"},{\"@type\":\"Organization\",\"@id\":\"https:\\\/\\\/colombiainteligente.org\\\/#organization\",\"name\":\"Colombia Inteligente\",\"url\":\"https:\\\/\\\/colombiainteligente.org\\\/\",\"logo\":{\"@type\":\"ImageObject\",\"inLanguage\":\"es-CO\",\"@id\":\"https:\\\/\\\/colombiainteligente.org\\\/#\\\/schema\\\/logo\\\/image\\\/\",\"url\":\"https:\\\/\\\/colombiainteligente.org\\\/wp-content\\\/uploads\\\/2022\\\/07\\\/Image.png\",\"contentUrl\":\"https:\\\/\\\/colombiainteligente.org\\\/wp-content\\\/uploads\\\/2022\\\/07\\\/Image.png\",\"width\":588,\"height\":274,\"caption\":\"Colombia Inteligente\"},\"image\":{\"@id\":\"https:\\\/\\\/colombiainteligente.org\\\/#\\\/schema\\\/logo\\\/image\\\/\"},\"sameAs\":[\"https:\\\/\\\/x.com\\\/colombiaintelig\",\"https:\\\/\\\/www.linkedin.com\\\/company\\\/colombiainteligente\\\/\"]},{\"@type\":\"Person\",\"@id\":\"https:\\\/\\\/colombiainteligente.org\\\/#\\\/schema\\\/person\\\/e207145d548b75a6d339ff1d4d3b0432\",\"name\":\"DIFUSI\u00d3N COLOMBIA INTELIGENTE\",\"image\":{\"@type\":\"ImageObject\",\"inLanguage\":\"es-CO\",\"@id\":\"https:\\\/\\\/secure.gravatar.com\\\/avatar\\\/df2e679ff2abf288cf4bf58830dad897e596908105ec8969f50f748a6d837869?s=96&d=mm&r=g\",\"url\":\"https:\\\/\\\/secure.gravatar.com\\\/avatar\\\/df2e679ff2abf288cf4bf58830dad897e596908105ec8969f50f748a6d837869?s=96&d=mm&r=g\",\"contentUrl\":\"https:\\\/\\\/secure.gravatar.com\\\/avatar\\\/df2e679ff2abf288cf4bf58830dad897e596908105ec8969f50f748a6d837869?s=96&d=mm&r=g\",\"caption\":\"DIFUSI\u00d3N COLOMBIA INTELIGENTE\"},\"url\":\"https:\\\/\\\/colombiainteligente.org\\\/es_co\\\/author\\\/difusioncolombiainteligente-org\\\/\"}]}<\/script>\n<!-- \/ Yoast SEO plugin. -->","yoast_head_json":{"title":"Energy Transition Readiness: Latin America and the Caribbean - Colombia Inteligente","robots":{"index":"index","follow":"follow","max-snippet":"max-snippet:-1","max-image-preview":"max-image-preview:large","max-video-preview":"max-video-preview:-1"},"canonical":"https:\/\/colombiainteligente.org\/es_co\/tendencias\/energy-transition-readiness-latin-america-and-the-caribbean\/","og_locale":"es_ES","og_type":"article","og_title":"Energy Transition Readiness: Latin America and the Caribbean - Colombia Inteligente","og_description":"La transici\u00f3n energ\u00e9tica en Am\u00e9rica Latina y el Caribe atraviesa un punto decisivo que demanda acci\u00f3n coordinada, inversi\u00f3n sostenida y modernizaci\u00f3n institucional. Aunque la regi\u00f3n dispone de abundantes recursos renovables y una menor dependencia de los combustibles f\u00f3siles, los avances hacia un sistema energ\u00e9tico bajo en carbono no reflejan plenamente ese potencial. El progreso se ve limitado por la falta de integraci\u00f3n el\u00e9ctrica, la fragmentaci\u00f3n regulatoria y los obst\u00e1culos para atraer financiamiento privado. Fortalecer la infraestructura y promover la interconexi\u00f3n regional permitir\u00eda aprovechar mejor los recursos naturales, equilibrar la generaci\u00f3n y reforzar la seguridad energ\u00e9tica. A su vez, la modernizaci\u00f3n de los marcos normativos y la estabilidad institucional son condiciones necesarias para incrementar la confianza de los inversores y acelerar la adopci\u00f3n de nuevas tecnolog\u00edas. La formaci\u00f3n de capital humano especializado y la innovaci\u00f3n tecnol\u00f3gica, particularmente en hidr\u00f3geno verde, almacenamiento y digitalizaci\u00f3n, pueden impulsar la competitividad y generar empleo de calidad. La cooperaci\u00f3n entre pa\u00edses se proyecta como un pilar para superar brechas y articular pol\u00edticas comunes que integren sostenibilidad ambiental y desarrollo econ\u00f3mico. Si la regi\u00f3n logra combinar su potencial natural con una gobernanza s\u00f3lida y una visi\u00f3n compartida, podr\u00e1 posicionarse como referente global en energ\u00eda limpia e inclusiva.","og_url":"https:\/\/colombiainteligente.org\/es_co\/tendencias\/energy-transition-readiness-latin-america-and-the-caribbean\/","og_site_name":"Colombia Inteligente","article_published_time":"2025-10-07T00:10:10+00:00","article_modified_time":"2025-10-07T00:11:18+00:00","og_image":[{"width":729,"height":1033,"url":"https:\/\/colombiainteligente.org\/wp-content\/uploads\/2025\/10\/06-Energia-4241025.png","type":"image\/png"}],"author":"DIFUSI\u00d3N COLOMBIA INTELIGENTE","twitter_card":"summary_large_image","twitter_creator":"@colombiaintelig","twitter_site":"@colombiaintelig","twitter_misc":{"Escrito por":"DIFUSI\u00d3N COLOMBIA INTELIGENTE","Tiempo estimado de lectura":"3 minutos"},"schema":{"@context":"https:\/\/schema.org","@graph":[{"@type":"Article","@id":"https:\/\/colombiainteligente.org\/tendencias\/energy-transition-readiness-latin-america-and-the-caribbean\/#article","isPartOf":{"@id":"https:\/\/colombiainteligente.org\/tendencias\/energy-transition-readiness-latin-america-and-the-caribbean\/"},"author":{"name":"DIFUSI\u00d3N COLOMBIA INTELIGENTE","@id":"https:\/\/colombiainteligente.org\/#\/schema\/person\/e207145d548b75a6d339ff1d4d3b0432"},"headline":"Energy Transition Readiness: Latin America and the Caribbean","datePublished":"2025-10-07T00:10:10+00:00","dateModified":"2025-10-07T00:11:18+00:00","mainEntityOfPage":{"@id":"https:\/\/colombiainteligente.org\/tendencias\/energy-transition-readiness-latin-america-and-the-caribbean\/"},"wordCount":748,"commentCount":0,"publisher":{"@id":"https:\/\/colombiainteligente.org\/#organization"},"image":{"@id":"https:\/\/colombiainteligente.org\/tendencias\/energy-transition-readiness-latin-america-and-the-caribbean\/#primaryimage"},"thumbnailUrl":"https:\/\/colombiainteligente.org\/wp-content\/uploads\/2025\/10\/06-Energia-4241025.png","articleSection":["Energ\u00eda que transforma","Tendencias"],"inLanguage":"es-CO","potentialAction":[{"@type":"CommentAction","name":"Comment","target":["https:\/\/colombiainteligente.org\/tendencias\/energy-transition-readiness-latin-america-and-the-caribbean\/#respond"]}]},{"@type":"WebPage","@id":"https:\/\/colombiainteligente.org\/tendencias\/energy-transition-readiness-latin-america-and-the-caribbean\/","url":"https:\/\/colombiainteligente.org\/tendencias\/energy-transition-readiness-latin-america-and-the-caribbean\/","name":"Energy Transition Readiness: Latin America and the Caribbean - Colombia Inteligente","isPartOf":{"@id":"https:\/\/colombiainteligente.org\/#website"},"primaryImageOfPage":{"@id":"https:\/\/colombiainteligente.org\/tendencias\/energy-transition-readiness-latin-america-and-the-caribbean\/#primaryimage"},"image":{"@id":"https:\/\/colombiainteligente.org\/tendencias\/energy-transition-readiness-latin-america-and-the-caribbean\/#primaryimage"},"thumbnailUrl":"https:\/\/colombiainteligente.org\/wp-content\/uploads\/2025\/10\/06-Energia-4241025.png","datePublished":"2025-10-07T00:10:10+00:00","dateModified":"2025-10-07T00:11:18+00:00","breadcrumb":{"@id":"https:\/\/colombiainteligente.org\/tendencias\/energy-transition-readiness-latin-america-and-the-caribbean\/#breadcrumb"},"inLanguage":"es-CO","potentialAction":[{"@type":"ReadAction","target":["https:\/\/colombiainteligente.org\/tendencias\/energy-transition-readiness-latin-america-and-the-caribbean\/"]}]},{"@type":"ImageObject","inLanguage":"es-CO","@id":"https:\/\/colombiainteligente.org\/tendencias\/energy-transition-readiness-latin-america-and-the-caribbean\/#primaryimage","url":"https:\/\/colombiainteligente.org\/wp-content\/uploads\/2025\/10\/06-Energia-4241025.png","contentUrl":"https:\/\/colombiainteligente.org\/wp-content\/uploads\/2025\/10\/06-Energia-4241025.png","width":729,"height":1033},{"@type":"BreadcrumbList","@id":"https:\/\/colombiainteligente.org\/tendencias\/energy-transition-readiness-latin-america-and-the-caribbean\/#breadcrumb","itemListElement":[{"@type":"ListItem","position":1,"name":"Portada","item":"https:\/\/colombiainteligente.org\/"},{"@type":"ListItem","position":2,"name":"Energy Transition Readiness: Latin America and the Caribbean"}]},{"@type":"WebSite","@id":"https:\/\/colombiainteligente.org\/#website","url":"https:\/\/colombiainteligente.org\/","name":"Colombia Inteligente","description":"Alianza estrat\u00e9gica, conformada por empresas y entidades, para la inserci\u00f3n integral y eficiente de las redes inteligentes a la infraestructura del sector el\u00e9ctrico colombiano","publisher":{"@id":"https:\/\/colombiainteligente.org\/#organization"},"potentialAction":[{"@type":"SearchAction","target":{"@type":"EntryPoint","urlTemplate":"https:\/\/colombiainteligente.org\/?s={search_term_string}"},"query-input":{"@type":"PropertyValueSpecification","valueRequired":true,"valueName":"search_term_string"}}],"inLanguage":"es-CO"},{"@type":"Organization","@id":"https:\/\/colombiainteligente.org\/#organization","name":"Colombia Inteligente","url":"https:\/\/colombiainteligente.org\/","logo":{"@type":"ImageObject","inLanguage":"es-CO","@id":"https:\/\/colombiainteligente.org\/#\/schema\/logo\/image\/","url":"https:\/\/colombiainteligente.org\/wp-content\/uploads\/2022\/07\/Image.png","contentUrl":"https:\/\/colombiainteligente.org\/wp-content\/uploads\/2022\/07\/Image.png","width":588,"height":274,"caption":"Colombia Inteligente"},"image":{"@id":"https:\/\/colombiainteligente.org\/#\/schema\/logo\/image\/"},"sameAs":["https:\/\/x.com\/colombiaintelig","https:\/\/www.linkedin.com\/company\/colombiainteligente\/"]},{"@type":"Person","@id":"https:\/\/colombiainteligente.org\/#\/schema\/person\/e207145d548b75a6d339ff1d4d3b0432","name":"DIFUSI\u00d3N COLOMBIA INTELIGENTE","image":{"@type":"ImageObject","inLanguage":"es-CO","@id":"https:\/\/secure.gravatar.com\/avatar\/df2e679ff2abf288cf4bf58830dad897e596908105ec8969f50f748a6d837869?s=96&d=mm&r=g","url":"https:\/\/secure.gravatar.com\/avatar\/df2e679ff2abf288cf4bf58830dad897e596908105ec8969f50f748a6d837869?s=96&d=mm&r=g","contentUrl":"https:\/\/secure.gravatar.com\/avatar\/df2e679ff2abf288cf4bf58830dad897e596908105ec8969f50f748a6d837869?s=96&d=mm&r=g","caption":"DIFUSI\u00d3N COLOMBIA INTELIGENTE"},"url":"https:\/\/colombiainteligente.org\/es_co\/author\/difusioncolombiainteligente-org\/"}]}},"_links":{"self":[{"href":"https:\/\/colombiainteligente.org\/es_co\/wp-json\/wp\/v2\/posts\/61919","targetHints":{"allow":["GET"]}}],"collection":[{"href":"https:\/\/colombiainteligente.org\/es_co\/wp-json\/wp\/v2\/posts"}],"about":[{"href":"https:\/\/colombiainteligente.org\/es_co\/wp-json\/wp\/v2\/types\/post"}],"author":[{"embeddable":true,"href":"https:\/\/colombiainteligente.org\/es_co\/wp-json\/wp\/v2\/users\/23"}],"replies":[{"embeddable":true,"href":"https:\/\/colombiainteligente.org\/es_co\/wp-json\/wp\/v2\/comments?post=61919"}],"version-history":[{"count":4,"href":"https:\/\/colombiainteligente.org\/es_co\/wp-json\/wp\/v2\/posts\/61919\/revisions"}],"predecessor-version":[{"id":61923,"href":"https:\/\/colombiainteligente.org\/es_co\/wp-json\/wp\/v2\/posts\/61919\/revisions\/61923"}],"wp:featuredmedia":[{"embeddable":true,"href":"https:\/\/colombiainteligente.org\/es_co\/wp-json\/wp\/v2\/media\/61906"}],"wp:attachment":[{"href":"https:\/\/colombiainteligente.org\/es_co\/wp-json\/wp\/v2\/media?parent=61919"}],"wp:term":[{"taxonomy":"category","embeddable":true,"href":"https:\/\/colombiainteligente.org\/es_co\/wp-json\/wp\/v2\/categories?post=61919"},{"taxonomy":"post_tag","embeddable":true,"href":"https:\/\/colombiainteligente.org\/es_co\/wp-json\/wp\/v2\/tags?post=61919"}],"curies":[{"name":"wp","href":"https:\/\/api.w.org\/{rel}","templated":true}]}}