{"id":62745,"date":"2025-11-05T12:28:08","date_gmt":"2025-11-05T17:28:08","guid":{"rendered":"https:\/\/colombiainteligente.org\/?p=62745"},"modified":"2025-11-05T13:12:41","modified_gmt":"2025-11-05T18:12:41","slug":"la-australiana-relectrify-lanza-al-mercado-una-bateria-unica-en-el-mundo-que-opera-sin-inversor","status":"publish","type":"post","link":"https:\/\/colombiainteligente.org\/es_co\/noticias-sectoriales\/la-australiana-relectrify-lanza-al-mercado-una-bateria-unica-en-el-mundo-que-opera-sin-inversor\/","title":{"rendered":"La australiana Relectrify lanza al mercado una bater\u00eda \u00fanica en el mundo que opera sin inversor"},"content":{"rendered":"<div data-elementor-type=\"wp-post\" data-elementor-id=\"62745\" class=\"elementor elementor-62745\" data-elementor-post-type=\"post\">\n\t\t\t\t\t\t\t\t\t<section class=\"elementor-section elementor-top-section elementor-element elementor-element-87c6aa2 elementor-section-boxed elementor-section-height-default elementor-section-height-default\" data-id=\"87c6aa2\" data-element_type=\"section\">\n\t\t\t\t\t\t<div class=\"elementor-container elementor-column-gap-default\">\n\t\t\t\t\t<div class=\"elementor-column elementor-col-100 elementor-top-column elementor-element elementor-element-558bb819\" data-id=\"558bb819\" data-element_type=\"column\">\n\t\t\t<div class=\"elementor-widget-wrap elementor-element-populated\">\n\t\t\t\t\t\t\t\t<div class=\"elementor-element elementor-element-3067325c elementor-widget elementor-widget-text-editor\" data-id=\"3067325c\" data-element_type=\"widget\" data-widget_type=\"text-editor.default\">\n\t\t\t\t<div class=\"elementor-widget-container\">\n\t\t\t<style>\/*! elementor - v3.14.0 - 26-06-2023 *\/\n.elementor-widget-text-editor.elementor-drop-cap-view-stacked .elementor-drop-cap{background-color:#69727d;color:#fff}.elementor-widget-text-editor.elementor-drop-cap-view-framed .elementor-drop-cap{color:#69727d;border:3px solid;background-color:transparent}.elementor-widget-text-editor:not(.elementor-drop-cap-view-default) .elementor-drop-cap{margin-top:8px}.elementor-widget-text-editor:not(.elementor-drop-cap-view-default) .elementor-drop-cap-letter{width:1em;height:1em}.elementor-widget-text-editor .elementor-drop-cap{float:left;text-align:center;line-height:1;font-size:50px}.elementor-widget-text-editor .elementor-drop-cap-letter{display:inline-block}<\/style>\t\t\t\t<div data-google-query-id=\"CMCHhKa2gIUDFYa20QQdDOQEIA\">\n<p lang=\"en-US\" style=\"margin: 0in; font-family: Calibri; font-size: 11.0pt;\">La nota de El Peri\u00f3dico de la Energ\u00eda describe la propuesta de Relectrify: un sistema de almacenamiento que integra la funci\u00f3n del inversor en la propia bater\u00eda, usando electr\u00f3nica de potencia granular (a nivel de celda o m\u00f3dulo) para sintetizar corriente alterna de salida. El enfoque promete mejoras en eficiencia, reducci\u00f3n de costos y mayor tolerancia a fallas, pues puede aislar celdas degradadas sin afectar el conjunto. Asimismo, abre la puerta a arquitecturas m\u00e1s compactas y menos complejas en instalaciones comerciales e industriales.<\/p><p lang=\"en-US\" style=\"margin: 0in; font-family: Calibri; font-size: 11.0pt;\"><br><\/p>\n<p lang=\"en-US\" style=\"margin: 0in; font-family: Calibri; font-size: 11.0pt;\">\n<\/p><p style=\"margin: 0in; font-family: Calibri; font-size: 11.0pt;\">\n<\/p><p lang=\"en-US\" style=\"margin: 0in; font-family: Calibri; font-size: 11.0pt;\">El art\u00edculo se\u00f1ala casos de uso en segunda vida de bater\u00edas y en aplicaciones estacionarias nuevas, y menciona certificaciones y pilotos previos que validan la viabilidad. De consolidarse, este dise\u00f1o \u201csin inversor\u201d podr\u00eda simplificar ingenier\u00eda, reducir p\u00e9rdidas en conversi\u00f3n y acelerar el despliegue de BESS distribuidos.<\/p><p lang=\"en-US\" style=\"margin: 0in; font-family: Calibri; font-size: 11.0pt;\"><br><\/p>\n<p style=\"margin: 0in; font-family: Calibri; font-size: 11.0pt;\">\n<\/p><p lang=\"en-US\" style=\"margin: 0in; font-family: Calibri; font-size: 11.0pt;\">La noticia merece atenci\u00f3n para entender c\u00f3mo la innovaci\u00f3n en topolog\u00edas de potencia puede alterar la cadena de valor del almacenamiento el\u00e9ctrico.<\/p><p lang=\"en-US\" style=\"margin: 0in; font-family: Calibri; font-size: 11.0pt;\"><br><\/p>\n<p lang=\"en-US\" style=\"margin: 0in; font-family: Calibri; font-size: 11.0pt;\">\n<\/p><p><strong style=\"font-family: 'Segoe UI', 'Segoe UI Web', Arial, Verdana, sans-serif; font-size: 12px; color: var( --e-global-color-text );\">Para leer m\u00e1s ingrese a:<\/strong><\/p>\n<p><a href=\"https:\/\/elperiodicodelaenergia.com\/la-australiana-relectrify-lanza-al-mercado-una-bateria-unica-en-el-mundo-que-opera-sin-inversor\/\">https:\/\/elperiodicodelaenergia.com\/la-australiana-relectrify-lanza-al-mercado-una-bateria-unica-en-el-mundo-que-opera-sin-inversor\/<\/a><\/p>\n<\/div>\t\t\t\t\t\t<\/div>\n\t\t\t\t<\/div>\n\t\t\t\t\t<\/div>\n\t\t<\/div>\n\t\t\t\t\t\t\t<\/div>\n\t\t<\/section>\n\t\t\t\t\t\t\t<\/div>\n\t\t<div style=\"text-align:center\" class=\"yasr-auto-insert-visitor\"><\/div>","protected":false},"excerpt":{"rendered":"<p>Relectrify comercializa un sistema que prescinde del inversor tradicional al usar electr\u00f3nica de potencia a nivel de celdas\/m\u00f3dulos para entregar CA directamente.<\/p>","protected":false},"author":23,"featured_media":62746,"comment_status":"open","ping_status":"open","sticky":false,"template":"","format":"standard","meta":{"yasr_overall_rating":0,"yasr_post_is_review":"","yasr_auto_insert_disabled":"","yasr_review_type":"","footnotes":""},"categories":[52],"tags":[],"class_list":["post-62745","post","type-post","status-publish","format-standard","has-post-thumbnail","hentry","category-noticias-sectoriales"],"yasr_visitor_votes":{"number_of_votes":0,"sum_votes":0,"stars_attributes":{"read_only":false,"span_bottom":false}},"yoast_head":"<!-- This site is optimized with the Yoast SEO plugin v27.3 - https:\/\/yoast.com\/product\/yoast-seo-wordpress\/ -->\n<title>La australiana Relectrify lanza al mercado una bater\u00eda \u00fanica en el mundo que opera sin inversor - Colombia Inteligente<\/title>\n<meta name=\"robots\" content=\"index, follow, max-snippet:-1, max-image-preview:large, max-video-preview:-1\" \/>\n<link rel=\"canonical\" href=\"https:\/\/colombiainteligente.org\/es_co\/noticias-sectoriales\/la-australiana-relectrify-lanza-al-mercado-una-bateria-unica-en-el-mundo-que-opera-sin-inversor\/\" \/>\n<meta property=\"og:locale\" content=\"es_ES\" \/>\n<meta property=\"og:type\" content=\"article\" \/>\n<meta property=\"og:title\" content=\"La australiana Relectrify lanza al mercado una bater\u00eda \u00fanica en el mundo que opera sin inversor - Colombia Inteligente\" \/>\n<meta property=\"og:description\" content=\"Relectrify comercializa un sistema que prescinde del inversor tradicional al usar electr\u00f3nica de potencia a nivel de celdas\/m\u00f3dulos para entregar CA directamente.\" \/>\n<meta property=\"og:url\" content=\"https:\/\/colombiainteligente.org\/es_co\/noticias-sectoriales\/la-australiana-relectrify-lanza-al-mercado-una-bateria-unica-en-el-mundo-que-opera-sin-inversor\/\" \/>\n<meta property=\"og:site_name\" content=\"Colombia Inteligente\" \/>\n<meta property=\"article:published_time\" content=\"2025-11-05T17:28:08+00:00\" \/>\n<meta property=\"article:modified_time\" content=\"2025-11-05T18:12:41+00:00\" \/>\n<meta property=\"og:image\" content=\"https:\/\/colombiainteligente.org\/wp-content\/uploads\/2025\/11\/428041125-07.png\" \/>\n\t<meta property=\"og:image:width\" content=\"1025\" \/>\n\t<meta property=\"og:image:height\" content=\"604\" \/>\n\t<meta property=\"og:image:type\" content=\"image\/png\" \/>\n<meta name=\"author\" content=\"DIFUSI\u00d3N COLOMBIA INTELIGENTE\" \/>\n<meta name=\"twitter:card\" content=\"summary_large_image\" \/>\n<meta name=\"twitter:creator\" content=\"@colombiaintelig\" \/>\n<meta name=\"twitter:site\" content=\"@colombiaintelig\" \/>\n<meta name=\"twitter:label1\" content=\"Escrito por\" \/>\n\t<meta name=\"twitter:data1\" content=\"DIFUSI\u00d3N COLOMBIA INTELIGENTE\" \/>\n\t<meta name=\"twitter:label2\" content=\"Tiempo estimado de lectura\" \/>\n\t<meta name=\"twitter:data2\" content=\"1 minuto\" \/>\n<script type=\"application\/ld+json\" class=\"yoast-schema-graph\">{\"@context\":\"https:\\\/\\\/schema.org\",\"@graph\":[{\"@type\":\"Article\",\"@id\":\"https:\\\/\\\/colombiainteligente.org\\\/noticias-sectoriales\\\/la-australiana-relectrify-lanza-al-mercado-una-bateria-unica-en-el-mundo-que-opera-sin-inversor\\\/#article\",\"isPartOf\":{\"@id\":\"https:\\\/\\\/colombiainteligente.org\\\/noticias-sectoriales\\\/la-australiana-relectrify-lanza-al-mercado-una-bateria-unica-en-el-mundo-que-opera-sin-inversor\\\/\"},\"author\":{\"name\":\"DIFUSI\u00d3N COLOMBIA INTELIGENTE\",\"@id\":\"https:\\\/\\\/colombiainteligente.org\\\/#\\\/schema\\\/person\\\/e207145d548b75a6d339ff1d4d3b0432\"},\"headline\":\"La australiana Relectrify lanza al mercado una bater\u00eda \u00fanica en el mundo que opera sin inversor\",\"datePublished\":\"2025-11-05T17:28:08+00:00\",\"dateModified\":\"2025-11-05T18:12:41+00:00\",\"mainEntityOfPage\":{\"@id\":\"https:\\\/\\\/colombiainteligente.org\\\/noticias-sectoriales\\\/la-australiana-relectrify-lanza-al-mercado-una-bateria-unica-en-el-mundo-que-opera-sin-inversor\\\/\"},\"wordCount\":199,\"commentCount\":0,\"publisher\":{\"@id\":\"https:\\\/\\\/colombiainteligente.org\\\/#organization\"},\"image\":{\"@id\":\"https:\\\/\\\/colombiainteligente.org\\\/noticias-sectoriales\\\/la-australiana-relectrify-lanza-al-mercado-una-bateria-unica-en-el-mundo-que-opera-sin-inversor\\\/#primaryimage\"},\"thumbnailUrl\":\"https:\\\/\\\/colombiainteligente.org\\\/wp-content\\\/uploads\\\/2025\\\/11\\\/428041125-07.png\",\"articleSection\":[\"Noticias Sectoriales\"],\"inLanguage\":\"es-CO\",\"potentialAction\":[{\"@type\":\"CommentAction\",\"name\":\"Comment\",\"target\":[\"https:\\\/\\\/colombiainteligente.org\\\/noticias-sectoriales\\\/la-australiana-relectrify-lanza-al-mercado-una-bateria-unica-en-el-mundo-que-opera-sin-inversor\\\/#respond\"]}]},{\"@type\":\"WebPage\",\"@id\":\"https:\\\/\\\/colombiainteligente.org\\\/noticias-sectoriales\\\/la-australiana-relectrify-lanza-al-mercado-una-bateria-unica-en-el-mundo-que-opera-sin-inversor\\\/\",\"url\":\"https:\\\/\\\/colombiainteligente.org\\\/noticias-sectoriales\\\/la-australiana-relectrify-lanza-al-mercado-una-bateria-unica-en-el-mundo-que-opera-sin-inversor\\\/\",\"name\":\"La australiana Relectrify lanza al mercado una bater\u00eda \u00fanica en el mundo que opera sin inversor - Colombia Inteligente\",\"isPartOf\":{\"@id\":\"https:\\\/\\\/colombiainteligente.org\\\/#website\"},\"primaryImageOfPage\":{\"@id\":\"https:\\\/\\\/colombiainteligente.org\\\/noticias-sectoriales\\\/la-australiana-relectrify-lanza-al-mercado-una-bateria-unica-en-el-mundo-que-opera-sin-inversor\\\/#primaryimage\"},\"image\":{\"@id\":\"https:\\\/\\\/colombiainteligente.org\\\/noticias-sectoriales\\\/la-australiana-relectrify-lanza-al-mercado-una-bateria-unica-en-el-mundo-que-opera-sin-inversor\\\/#primaryimage\"},\"thumbnailUrl\":\"https:\\\/\\\/colombiainteligente.org\\\/wp-content\\\/uploads\\\/2025\\\/11\\\/428041125-07.png\",\"datePublished\":\"2025-11-05T17:28:08+00:00\",\"dateModified\":\"2025-11-05T18:12:41+00:00\",\"breadcrumb\":{\"@id\":\"https:\\\/\\\/colombiainteligente.org\\\/noticias-sectoriales\\\/la-australiana-relectrify-lanza-al-mercado-una-bateria-unica-en-el-mundo-que-opera-sin-inversor\\\/#breadcrumb\"},\"inLanguage\":\"es-CO\",\"potentialAction\":[{\"@type\":\"ReadAction\",\"target\":[\"https:\\\/\\\/colombiainteligente.org\\\/noticias-sectoriales\\\/la-australiana-relectrify-lanza-al-mercado-una-bateria-unica-en-el-mundo-que-opera-sin-inversor\\\/\"]}]},{\"@type\":\"ImageObject\",\"inLanguage\":\"es-CO\",\"@id\":\"https:\\\/\\\/colombiainteligente.org\\\/noticias-sectoriales\\\/la-australiana-relectrify-lanza-al-mercado-una-bateria-unica-en-el-mundo-que-opera-sin-inversor\\\/#primaryimage\",\"url\":\"https:\\\/\\\/colombiainteligente.org\\\/wp-content\\\/uploads\\\/2025\\\/11\\\/428041125-07.png\",\"contentUrl\":\"https:\\\/\\\/colombiainteligente.org\\\/wp-content\\\/uploads\\\/2025\\\/11\\\/428041125-07.png\",\"width\":1025,\"height\":604,\"caption\":\"Rack de bater\u00edas con m\u00f3dulos y placas electr\u00f3nicas visibles; cables conectados a un panel de distribuci\u00f3n.\"},{\"@type\":\"BreadcrumbList\",\"@id\":\"https:\\\/\\\/colombiainteligente.org\\\/noticias-sectoriales\\\/la-australiana-relectrify-lanza-al-mercado-una-bateria-unica-en-el-mundo-que-opera-sin-inversor\\\/#breadcrumb\",\"itemListElement\":[{\"@type\":\"ListItem\",\"position\":1,\"name\":\"Portada\",\"item\":\"https:\\\/\\\/colombiainteligente.org\\\/\"},{\"@type\":\"ListItem\",\"position\":2,\"name\":\"La australiana Relectrify lanza al mercado una bater\u00eda \u00fanica en el mundo que opera sin inversor\"}]},{\"@type\":\"WebSite\",\"@id\":\"https:\\\/\\\/colombiainteligente.org\\\/#website\",\"url\":\"https:\\\/\\\/colombiainteligente.org\\\/\",\"name\":\"Colombia Inteligente\",\"description\":\"Alianza estrat\u00e9gica, conformada por empresas y entidades, para la inserci\u00f3n integral y eficiente de las redes inteligentes a la infraestructura del sector el\u00e9ctrico colombiano\",\"publisher\":{\"@id\":\"https:\\\/\\\/colombiainteligente.org\\\/#organization\"},\"potentialAction\":[{\"@type\":\"SearchAction\",\"target\":{\"@type\":\"EntryPoint\",\"urlTemplate\":\"https:\\\/\\\/colombiainteligente.org\\\/?s={search_term_string}\"},\"query-input\":{\"@type\":\"PropertyValueSpecification\",\"valueRequired\":true,\"valueName\":\"search_term_string\"}}],\"inLanguage\":\"es-CO\"},{\"@type\":\"Organization\",\"@id\":\"https:\\\/\\\/colombiainteligente.org\\\/#organization\",\"name\":\"Colombia Inteligente\",\"url\":\"https:\\\/\\\/colombiainteligente.org\\\/\",\"logo\":{\"@type\":\"ImageObject\",\"inLanguage\":\"es-CO\",\"@id\":\"https:\\\/\\\/colombiainteligente.org\\\/#\\\/schema\\\/logo\\\/image\\\/\",\"url\":\"https:\\\/\\\/colombiainteligente.org\\\/wp-content\\\/uploads\\\/2022\\\/07\\\/Image.png\",\"contentUrl\":\"https:\\\/\\\/colombiainteligente.org\\\/wp-content\\\/uploads\\\/2022\\\/07\\\/Image.png\",\"width\":588,\"height\":274,\"caption\":\"Colombia Inteligente\"},\"image\":{\"@id\":\"https:\\\/\\\/colombiainteligente.org\\\/#\\\/schema\\\/logo\\\/image\\\/\"},\"sameAs\":[\"https:\\\/\\\/x.com\\\/colombiaintelig\",\"https:\\\/\\\/www.linkedin.com\\\/company\\\/colombiainteligente\\\/\"]},{\"@type\":\"Person\",\"@id\":\"https:\\\/\\\/colombiainteligente.org\\\/#\\\/schema\\\/person\\\/e207145d548b75a6d339ff1d4d3b0432\",\"name\":\"DIFUSI\u00d3N COLOMBIA INTELIGENTE\",\"image\":{\"@type\":\"ImageObject\",\"inLanguage\":\"es-CO\",\"@id\":\"https:\\\/\\\/secure.gravatar.com\\\/avatar\\\/df2e679ff2abf288cf4bf58830dad897e596908105ec8969f50f748a6d837869?s=96&d=mm&r=g\",\"url\":\"https:\\\/\\\/secure.gravatar.com\\\/avatar\\\/df2e679ff2abf288cf4bf58830dad897e596908105ec8969f50f748a6d837869?s=96&d=mm&r=g\",\"contentUrl\":\"https:\\\/\\\/secure.gravatar.com\\\/avatar\\\/df2e679ff2abf288cf4bf58830dad897e596908105ec8969f50f748a6d837869?s=96&d=mm&r=g\",\"caption\":\"DIFUSI\u00d3N COLOMBIA INTELIGENTE\"},\"url\":\"https:\\\/\\\/colombiainteligente.org\\\/es_co\\\/author\\\/difusioncolombiainteligente-org\\\/\"}]}<\/script>\n<!-- \/ Yoast SEO plugin. -->","yoast_head_json":{"title":"La australiana Relectrify lanza al mercado una bater\u00eda \u00fanica en el mundo que opera sin inversor - Colombia Inteligente","robots":{"index":"index","follow":"follow","max-snippet":"max-snippet:-1","max-image-preview":"max-image-preview:large","max-video-preview":"max-video-preview:-1"},"canonical":"https:\/\/colombiainteligente.org\/es_co\/noticias-sectoriales\/la-australiana-relectrify-lanza-al-mercado-una-bateria-unica-en-el-mundo-que-opera-sin-inversor\/","og_locale":"es_ES","og_type":"article","og_title":"La australiana Relectrify lanza al mercado una bater\u00eda \u00fanica en el mundo que opera sin inversor - Colombia Inteligente","og_description":"Relectrify comercializa un sistema que prescinde del inversor tradicional al usar electr\u00f3nica de potencia a nivel de celdas\/m\u00f3dulos para entregar CA directamente.","og_url":"https:\/\/colombiainteligente.org\/es_co\/noticias-sectoriales\/la-australiana-relectrify-lanza-al-mercado-una-bateria-unica-en-el-mundo-que-opera-sin-inversor\/","og_site_name":"Colombia Inteligente","article_published_time":"2025-11-05T17:28:08+00:00","article_modified_time":"2025-11-05T18:12:41+00:00","og_image":[{"width":1025,"height":604,"url":"https:\/\/colombiainteligente.org\/wp-content\/uploads\/2025\/11\/428041125-07.png","type":"image\/png"}],"author":"DIFUSI\u00d3N COLOMBIA INTELIGENTE","twitter_card":"summary_large_image","twitter_creator":"@colombiaintelig","twitter_site":"@colombiaintelig","twitter_misc":{"Escrito por":"DIFUSI\u00d3N COLOMBIA INTELIGENTE","Tiempo estimado de lectura":"1 minuto"},"schema":{"@context":"https:\/\/schema.org","@graph":[{"@type":"Article","@id":"https:\/\/colombiainteligente.org\/noticias-sectoriales\/la-australiana-relectrify-lanza-al-mercado-una-bateria-unica-en-el-mundo-que-opera-sin-inversor\/#article","isPartOf":{"@id":"https:\/\/colombiainteligente.org\/noticias-sectoriales\/la-australiana-relectrify-lanza-al-mercado-una-bateria-unica-en-el-mundo-que-opera-sin-inversor\/"},"author":{"name":"DIFUSI\u00d3N COLOMBIA INTELIGENTE","@id":"https:\/\/colombiainteligente.org\/#\/schema\/person\/e207145d548b75a6d339ff1d4d3b0432"},"headline":"La australiana Relectrify lanza al mercado una bater\u00eda \u00fanica en el mundo que opera sin inversor","datePublished":"2025-11-05T17:28:08+00:00","dateModified":"2025-11-05T18:12:41+00:00","mainEntityOfPage":{"@id":"https:\/\/colombiainteligente.org\/noticias-sectoriales\/la-australiana-relectrify-lanza-al-mercado-una-bateria-unica-en-el-mundo-que-opera-sin-inversor\/"},"wordCount":199,"commentCount":0,"publisher":{"@id":"https:\/\/colombiainteligente.org\/#organization"},"image":{"@id":"https:\/\/colombiainteligente.org\/noticias-sectoriales\/la-australiana-relectrify-lanza-al-mercado-una-bateria-unica-en-el-mundo-que-opera-sin-inversor\/#primaryimage"},"thumbnailUrl":"https:\/\/colombiainteligente.org\/wp-content\/uploads\/2025\/11\/428041125-07.png","articleSection":["Noticias Sectoriales"],"inLanguage":"es-CO","potentialAction":[{"@type":"CommentAction","name":"Comment","target":["https:\/\/colombiainteligente.org\/noticias-sectoriales\/la-australiana-relectrify-lanza-al-mercado-una-bateria-unica-en-el-mundo-que-opera-sin-inversor\/#respond"]}]},{"@type":"WebPage","@id":"https:\/\/colombiainteligente.org\/noticias-sectoriales\/la-australiana-relectrify-lanza-al-mercado-una-bateria-unica-en-el-mundo-que-opera-sin-inversor\/","url":"https:\/\/colombiainteligente.org\/noticias-sectoriales\/la-australiana-relectrify-lanza-al-mercado-una-bateria-unica-en-el-mundo-que-opera-sin-inversor\/","name":"La australiana Relectrify lanza al mercado una bater\u00eda \u00fanica en el mundo que opera sin inversor - Colombia Inteligente","isPartOf":{"@id":"https:\/\/colombiainteligente.org\/#website"},"primaryImageOfPage":{"@id":"https:\/\/colombiainteligente.org\/noticias-sectoriales\/la-australiana-relectrify-lanza-al-mercado-una-bateria-unica-en-el-mundo-que-opera-sin-inversor\/#primaryimage"},"image":{"@id":"https:\/\/colombiainteligente.org\/noticias-sectoriales\/la-australiana-relectrify-lanza-al-mercado-una-bateria-unica-en-el-mundo-que-opera-sin-inversor\/#primaryimage"},"thumbnailUrl":"https:\/\/colombiainteligente.org\/wp-content\/uploads\/2025\/11\/428041125-07.png","datePublished":"2025-11-05T17:28:08+00:00","dateModified":"2025-11-05T18:12:41+00:00","breadcrumb":{"@id":"https:\/\/colombiainteligente.org\/noticias-sectoriales\/la-australiana-relectrify-lanza-al-mercado-una-bateria-unica-en-el-mundo-que-opera-sin-inversor\/#breadcrumb"},"inLanguage":"es-CO","potentialAction":[{"@type":"ReadAction","target":["https:\/\/colombiainteligente.org\/noticias-sectoriales\/la-australiana-relectrify-lanza-al-mercado-una-bateria-unica-en-el-mundo-que-opera-sin-inversor\/"]}]},{"@type":"ImageObject","inLanguage":"es-CO","@id":"https:\/\/colombiainteligente.org\/noticias-sectoriales\/la-australiana-relectrify-lanza-al-mercado-una-bateria-unica-en-el-mundo-que-opera-sin-inversor\/#primaryimage","url":"https:\/\/colombiainteligente.org\/wp-content\/uploads\/2025\/11\/428041125-07.png","contentUrl":"https:\/\/colombiainteligente.org\/wp-content\/uploads\/2025\/11\/428041125-07.png","width":1025,"height":604,"caption":"Rack de bater\u00edas con m\u00f3dulos y placas electr\u00f3nicas visibles; cables conectados a un panel de distribuci\u00f3n."},{"@type":"BreadcrumbList","@id":"https:\/\/colombiainteligente.org\/noticias-sectoriales\/la-australiana-relectrify-lanza-al-mercado-una-bateria-unica-en-el-mundo-que-opera-sin-inversor\/#breadcrumb","itemListElement":[{"@type":"ListItem","position":1,"name":"Portada","item":"https:\/\/colombiainteligente.org\/"},{"@type":"ListItem","position":2,"name":"La australiana Relectrify lanza al mercado una bater\u00eda \u00fanica en el mundo que opera sin inversor"}]},{"@type":"WebSite","@id":"https:\/\/colombiainteligente.org\/#website","url":"https:\/\/colombiainteligente.org\/","name":"Colombia Inteligente","description":"Alianza estrat\u00e9gica, conformada por empresas y entidades, para la inserci\u00f3n integral y eficiente de las redes inteligentes a la infraestructura del sector el\u00e9ctrico colombiano","publisher":{"@id":"https:\/\/colombiainteligente.org\/#organization"},"potentialAction":[{"@type":"SearchAction","target":{"@type":"EntryPoint","urlTemplate":"https:\/\/colombiainteligente.org\/?s={search_term_string}"},"query-input":{"@type":"PropertyValueSpecification","valueRequired":true,"valueName":"search_term_string"}}],"inLanguage":"es-CO"},{"@type":"Organization","@id":"https:\/\/colombiainteligente.org\/#organization","name":"Colombia Inteligente","url":"https:\/\/colombiainteligente.org\/","logo":{"@type":"ImageObject","inLanguage":"es-CO","@id":"https:\/\/colombiainteligente.org\/#\/schema\/logo\/image\/","url":"https:\/\/colombiainteligente.org\/wp-content\/uploads\/2022\/07\/Image.png","contentUrl":"https:\/\/colombiainteligente.org\/wp-content\/uploads\/2022\/07\/Image.png","width":588,"height":274,"caption":"Colombia Inteligente"},"image":{"@id":"https:\/\/colombiainteligente.org\/#\/schema\/logo\/image\/"},"sameAs":["https:\/\/x.com\/colombiaintelig","https:\/\/www.linkedin.com\/company\/colombiainteligente\/"]},{"@type":"Person","@id":"https:\/\/colombiainteligente.org\/#\/schema\/person\/e207145d548b75a6d339ff1d4d3b0432","name":"DIFUSI\u00d3N COLOMBIA INTELIGENTE","image":{"@type":"ImageObject","inLanguage":"es-CO","@id":"https:\/\/secure.gravatar.com\/avatar\/df2e679ff2abf288cf4bf58830dad897e596908105ec8969f50f748a6d837869?s=96&d=mm&r=g","url":"https:\/\/secure.gravatar.com\/avatar\/df2e679ff2abf288cf4bf58830dad897e596908105ec8969f50f748a6d837869?s=96&d=mm&r=g","contentUrl":"https:\/\/secure.gravatar.com\/avatar\/df2e679ff2abf288cf4bf58830dad897e596908105ec8969f50f748a6d837869?s=96&d=mm&r=g","caption":"DIFUSI\u00d3N COLOMBIA INTELIGENTE"},"url":"https:\/\/colombiainteligente.org\/es_co\/author\/difusioncolombiainteligente-org\/"}]}},"_links":{"self":[{"href":"https:\/\/colombiainteligente.org\/es_co\/wp-json\/wp\/v2\/posts\/62745","targetHints":{"allow":["GET"]}}],"collection":[{"href":"https:\/\/colombiainteligente.org\/es_co\/wp-json\/wp\/v2\/posts"}],"about":[{"href":"https:\/\/colombiainteligente.org\/es_co\/wp-json\/wp\/v2\/types\/post"}],"author":[{"embeddable":true,"href":"https:\/\/colombiainteligente.org\/es_co\/wp-json\/wp\/v2\/users\/23"}],"replies":[{"embeddable":true,"href":"https:\/\/colombiainteligente.org\/es_co\/wp-json\/wp\/v2\/comments?post=62745"}],"version-history":[{"count":13,"href":"https:\/\/colombiainteligente.org\/es_co\/wp-json\/wp\/v2\/posts\/62745\/revisions"}],"predecessor-version":[{"id":62765,"href":"https:\/\/colombiainteligente.org\/es_co\/wp-json\/wp\/v2\/posts\/62745\/revisions\/62765"}],"wp:featuredmedia":[{"embeddable":true,"href":"https:\/\/colombiainteligente.org\/es_co\/wp-json\/wp\/v2\/media\/62746"}],"wp:attachment":[{"href":"https:\/\/colombiainteligente.org\/es_co\/wp-json\/wp\/v2\/media?parent=62745"}],"wp:term":[{"taxonomy":"category","embeddable":true,"href":"https:\/\/colombiainteligente.org\/es_co\/wp-json\/wp\/v2\/categories?post=62745"},{"taxonomy":"post_tag","embeddable":true,"href":"https:\/\/colombiainteligente.org\/es_co\/wp-json\/wp\/v2\/tags?post=62745"}],"curies":[{"name":"wp","href":"https:\/\/api.w.org\/{rel}","templated":true}]}}