{"id":6293,"date":"2022-04-05T19:35:55","date_gmt":"2022-04-06T00:35:55","guid":{"rendered":"https:\/\/colombiainteligente.org\/?p=6293"},"modified":"2022-12-28T20:17:39","modified_gmt":"2022-12-29T01:17:39","slug":"proposal-for-a-directive-on-empowering-consumers-for-the-green-transition-and-annex","status":"publish","type":"post","link":"https:\/\/colombiainteligente.org\/es_co\/tendencias\/energia-que-transforma\/proposal-for-a-directive-on-empowering-consumers-for-the-green-transition-and-annex\/","title":{"rendered":"Proposal for a Directive on empowering consumers for the green transition and annex"},"content":{"rendered":"<div data-elementor-type=\"wp-post\" data-elementor-id=\"6293\" class=\"elementor elementor-6293\" data-elementor-post-type=\"post\">\n\t\t\t\t\t\t\t\t\t<section class=\"elementor-section elementor-top-section elementor-element elementor-element-79148795 elementor-section-boxed elementor-section-height-default elementor-section-height-default\" data-id=\"79148795\" data-element_type=\"section\">\n\t\t\t\t\t\t<div class=\"elementor-container elementor-column-gap-default\">\n\t\t\t\t\t<div class=\"elementor-column elementor-col-100 elementor-top-column elementor-element elementor-element-1ece4ebf\" data-id=\"1ece4ebf\" data-element_type=\"column\">\n\t\t\t<div class=\"elementor-widget-wrap elementor-element-populated\">\n\t\t\t\t\t\t\t\t<div class=\"elementor-element elementor-element-7a61c7e5 elementor-widget elementor-widget-text-editor\" data-id=\"7a61c7e5\" data-element_type=\"widget\" data-widget_type=\"text-editor.default\">\n\t\t\t\t<div class=\"elementor-widget-container\">\n\t\t\t<style>\/*! elementor - v3.14.0 - 26-06-2023 *\/\n.elementor-widget-text-editor.elementor-drop-cap-view-stacked .elementor-drop-cap{background-color:#69727d;color:#fff}.elementor-widget-text-editor.elementor-drop-cap-view-framed .elementor-drop-cap{color:#69727d;border:3px solid;background-color:transparent}.elementor-widget-text-editor:not(.elementor-drop-cap-view-default) .elementor-drop-cap{margin-top:8px}.elementor-widget-text-editor:not(.elementor-drop-cap-view-default) .elementor-drop-cap-letter{width:1em;height:1em}.elementor-widget-text-editor .elementor-drop-cap{float:left;text-align:center;line-height:1;font-size:50px}.elementor-widget-text-editor .elementor-drop-cap-letter{display:inline-block}<\/style>\t\t\t\t<p>\u00a0El Tratado de Funcionamiento de la Uni\u00f3n Europea y la Carta de los Derechos Fundamentales\u00a0 exigen un alto nivel de protecci\u00f3n de los consumidores en la UE. La legislaci\u00f3n de la UE en materia de consumo tambi\u00e9n contribuye al buen funcionamiento del mercado \u00fanico. Su objetivo es hacer que las relaciones entre empresas y consumidores sean justas y transparentes y, en \u00faltima instancia, apoyar el bienestar de los consumidores europeos y la econom\u00eda de la UE. El informe\u00a0 pretende contribuir a una econom\u00eda circular, limpia y verde de la UE, permitiendo a los consumidores tomar decisiones de compra con conocimiento de causa y, por tanto, contribuir a un consumo m\u00e1s sostenible.\u00a0<\/p><p>It also targets unfair commercial practices that mislead consumers away from sustainable consumption choices. Furthermore, it ensures a better and more consistent application of EU consumer rules. The proposal was one of the initiatives set out in the New Consumer Agenda3 and the Circular Economy Action Plan4 and follows up on the European Green Deal5 . Empowering consumers and providing them with cost-saving opportunities is a key building block of the sustainable product policy framework.<\/p><p>\u00a0<\/p><p><span data-contrast=\"auto\">Para mayor\u00a0informaci\u00f3n\u00a0visitar\u00a0los\u00a0siguientes\u00a0enlaces:\u00a0<\/span>\u00a0<\/p><p><a href=\"https:\/\/ec.europa.eu\/info\/publications\/proposal-empowering-consumer-green-transition-and-annex_es\"><span data-contrast=\"auto\">https:\/\/ec.europa.eu\/info\/publications\/proposal-empowering-consumer-green-transition-and-annex_es<\/span><\/a><span data-contrast=\"auto\">\u00a0<\/span>\u00a0<\/p><p><a href=\"https:\/\/ec.europa.eu\/info\/sites\/default\/files\/1_1_186774_prop_em_co_en.pdf\"><span data-contrast=\"auto\">https:\/\/ec.europa.eu\/info\/sites\/default\/files\/1_1_186774_prop_em_co_en.pdf<\/span><\/a><span data-contrast=\"auto\">\u00a0<\/span>\u00a0<\/p><p><a href=\"https:\/\/ec.europa.eu\/info\/sites\/default\/files\/2_1_186777_ann_prop_em_co_en.pdf\"><span data-contrast=\"auto\">https:\/\/ec.europa.eu\/info\/sites\/default\/files\/2_1_186777_ann_prop_em_co_en.pdf<\/span><\/a><span data-contrast=\"auto\">\u00a0<\/span>\u00a0<\/p>\t\t\t\t\t\t<\/div>\n\t\t\t\t<\/div>\n\t\t\t\t\t<\/div>\n\t\t<\/div>\n\t\t\t\t\t\t\t<\/div>\n\t\t<\/section>\n\t\t\t\t\t\t\t<\/div>\n\t\t<div style=\"text-align:center\" class=\"yasr-auto-insert-visitor\"><\/div>","protected":false},"excerpt":{"rendered":"<p> El Tratado de Funcionamiento de la Uni\u00f3n Europea y la Carta de los Derechos Fundamentales  exigen un alto nivel de protecci\u00f3n de los consumidores en la UE. La legislaci\u00f3n de la UE en materia de consumo tambi\u00e9n contribuye al buen funcionamiento del mercado \u00fanico. Su objetivo es hacer que las relaciones entre empresas y consumidores sean justas y transparentes y, en \u00faltima instancia, apoyar el bienestar de los consumidores europeos y la econom\u00eda de la UE. El informe  pretende contribuir a una econom\u00eda circular, limpia y verde de la UE, permitiendo a los consumidores tomar decisiones de compra con conocimiento de causa y, por tanto, contribuir a un consumo m\u00e1s sostenible. <\/p>","protected":false},"author":23,"featured_media":6294,"comment_status":"open","ping_status":"open","sticky":false,"template":"","format":"standard","meta":{"yasr_overall_rating":0,"yasr_post_is_review":"","yasr_auto_insert_disabled":"","yasr_review_type":"","footnotes":""},"categories":[56,54],"tags":[],"class_list":["post-6293","post","type-post","status-publish","format-standard","has-post-thumbnail","hentry","category-convergencia-y-sostenibilidad","category-energia-que-transforma"],"yasr_visitor_votes":{"number_of_votes":0,"sum_votes":0,"stars_attributes":{"read_only":false,"span_bottom":false}},"yoast_head":"<!-- This site is optimized with the Yoast SEO plugin v27.3 - https:\/\/yoast.com\/product\/yoast-seo-wordpress\/ -->\n<title>Proposal for a Directive on empowering consumers for the green transition and annex - Colombia Inteligente<\/title>\n<meta name=\"robots\" content=\"index, follow, max-snippet:-1, max-image-preview:large, max-video-preview:-1\" \/>\n<link rel=\"canonical\" href=\"https:\/\/colombiainteligente.org\/es_co\/tendencias\/energia-que-transforma\/proposal-for-a-directive-on-empowering-consumers-for-the-green-transition-and-annex\/\" \/>\n<meta property=\"og:locale\" content=\"es_ES\" \/>\n<meta property=\"og:type\" content=\"article\" \/>\n<meta property=\"og:title\" content=\"Proposal for a Directive on empowering consumers for the green transition and annex - Colombia Inteligente\" \/>\n<meta property=\"og:description\" content=\"El Tratado de Funcionamiento de la Uni\u00f3n Europea y la Carta de los Derechos Fundamentales exigen un alto nivel de protecci\u00f3n de los consumidores en la UE. La legislaci\u00f3n de la UE en materia de consumo tambi\u00e9n contribuye al buen funcionamiento del mercado \u00fanico. Su objetivo es hacer que las relaciones entre empresas y consumidores sean justas y transparentes y, en \u00faltima instancia, apoyar el bienestar de los consumidores europeos y la econom\u00eda de la UE. El informe pretende contribuir a una econom\u00eda circular, limpia y verde de la UE, permitiendo a los consumidores tomar decisiones de compra con conocimiento de causa y, por tanto, contribuir a un consumo m\u00e1s sostenible.\" \/>\n<meta property=\"og:url\" content=\"https:\/\/colombiainteligente.org\/es_co\/tendencias\/energia-que-transforma\/proposal-for-a-directive-on-empowering-consumers-for-the-green-transition-and-annex\/\" \/>\n<meta property=\"og:site_name\" content=\"Colombia Inteligente\" \/>\n<meta property=\"article:published_time\" content=\"2022-04-06T00:35:55+00:00\" \/>\n<meta property=\"article:modified_time\" content=\"2022-12-29T01:17:39+00:00\" \/>\n<meta property=\"og:image\" content=\"https:\/\/colombiainteligente.org\/wp-content\/uploads\/2022\/12\/Proposal-for-a-Directive-on-empowering-consumers-for-the-green-transition-and-annex.png\" \/>\n\t<meta property=\"og:image:width\" content=\"302\" \/>\n\t<meta property=\"og:image:height\" content=\"402\" \/>\n\t<meta property=\"og:image:type\" content=\"image\/png\" \/>\n<meta name=\"author\" content=\"DIFUSI\u00d3N COLOMBIA INTELIGENTE\" \/>\n<meta name=\"twitter:card\" content=\"summary_large_image\" \/>\n<meta name=\"twitter:creator\" content=\"@colombiaintelig\" \/>\n<meta name=\"twitter:site\" content=\"@colombiaintelig\" \/>\n<meta name=\"twitter:label1\" content=\"Escrito por\" \/>\n\t<meta name=\"twitter:data1\" content=\"DIFUSI\u00d3N COLOMBIA INTELIGENTE\" \/>\n\t<meta name=\"twitter:label2\" content=\"Tiempo estimado de lectura\" \/>\n\t<meta name=\"twitter:data2\" content=\"1 minuto\" \/>\n<script type=\"application\/ld+json\" class=\"yoast-schema-graph\">{\"@context\":\"https:\\\/\\\/schema.org\",\"@graph\":[{\"@type\":\"Article\",\"@id\":\"https:\\\/\\\/colombiainteligente.org\\\/tendencias\\\/energia-que-transforma\\\/proposal-for-a-directive-on-empowering-consumers-for-the-green-transition-and-annex\\\/#article\",\"isPartOf\":{\"@id\":\"https:\\\/\\\/colombiainteligente.org\\\/tendencias\\\/energia-que-transforma\\\/proposal-for-a-directive-on-empowering-consumers-for-the-green-transition-and-annex\\\/\"},\"author\":{\"name\":\"DIFUSI\u00d3N COLOMBIA INTELIGENTE\",\"@id\":\"https:\\\/\\\/colombiainteligente.org\\\/#\\\/schema\\\/person\\\/e207145d548b75a6d339ff1d4d3b0432\"},\"headline\":\"Proposal for a Directive on empowering consumers for the green transition and annex\",\"datePublished\":\"2022-04-06T00:35:55+00:00\",\"dateModified\":\"2022-12-29T01:17:39+00:00\",\"mainEntityOfPage\":{\"@id\":\"https:\\\/\\\/colombiainteligente.org\\\/tendencias\\\/energia-que-transforma\\\/proposal-for-a-directive-on-empowering-consumers-for-the-green-transition-and-annex\\\/\"},\"wordCount\":248,\"commentCount\":0,\"publisher\":{\"@id\":\"https:\\\/\\\/colombiainteligente.org\\\/#organization\"},\"image\":{\"@id\":\"https:\\\/\\\/colombiainteligente.org\\\/tendencias\\\/energia-que-transforma\\\/proposal-for-a-directive-on-empowering-consumers-for-the-green-transition-and-annex\\\/#primaryimage\"},\"thumbnailUrl\":\"https:\\\/\\\/colombiainteligente.org\\\/wp-content\\\/uploads\\\/2022\\\/12\\\/Proposal-for-a-Directive-on-empowering-consumers-for-the-green-transition-and-annex.png\",\"articleSection\":[\"Convergencia y Sostenibilidad\",\"Energ\u00eda que transforma\"],\"inLanguage\":\"es-CO\",\"potentialAction\":[{\"@type\":\"CommentAction\",\"name\":\"Comment\",\"target\":[\"https:\\\/\\\/colombiainteligente.org\\\/tendencias\\\/energia-que-transforma\\\/proposal-for-a-directive-on-empowering-consumers-for-the-green-transition-and-annex\\\/#respond\"]}]},{\"@type\":\"WebPage\",\"@id\":\"https:\\\/\\\/colombiainteligente.org\\\/tendencias\\\/energia-que-transforma\\\/proposal-for-a-directive-on-empowering-consumers-for-the-green-transition-and-annex\\\/\",\"url\":\"https:\\\/\\\/colombiainteligente.org\\\/tendencias\\\/energia-que-transforma\\\/proposal-for-a-directive-on-empowering-consumers-for-the-green-transition-and-annex\\\/\",\"name\":\"Proposal for a Directive on empowering consumers for the green transition and annex - Colombia Inteligente\",\"isPartOf\":{\"@id\":\"https:\\\/\\\/colombiainteligente.org\\\/#website\"},\"primaryImageOfPage\":{\"@id\":\"https:\\\/\\\/colombiainteligente.org\\\/tendencias\\\/energia-que-transforma\\\/proposal-for-a-directive-on-empowering-consumers-for-the-green-transition-and-annex\\\/#primaryimage\"},\"image\":{\"@id\":\"https:\\\/\\\/colombiainteligente.org\\\/tendencias\\\/energia-que-transforma\\\/proposal-for-a-directive-on-empowering-consumers-for-the-green-transition-and-annex\\\/#primaryimage\"},\"thumbnailUrl\":\"https:\\\/\\\/colombiainteligente.org\\\/wp-content\\\/uploads\\\/2022\\\/12\\\/Proposal-for-a-Directive-on-empowering-consumers-for-the-green-transition-and-annex.png\",\"datePublished\":\"2022-04-06T00:35:55+00:00\",\"dateModified\":\"2022-12-29T01:17:39+00:00\",\"breadcrumb\":{\"@id\":\"https:\\\/\\\/colombiainteligente.org\\\/tendencias\\\/energia-que-transforma\\\/proposal-for-a-directive-on-empowering-consumers-for-the-green-transition-and-annex\\\/#breadcrumb\"},\"inLanguage\":\"es-CO\",\"potentialAction\":[{\"@type\":\"ReadAction\",\"target\":[\"https:\\\/\\\/colombiainteligente.org\\\/tendencias\\\/energia-que-transforma\\\/proposal-for-a-directive-on-empowering-consumers-for-the-green-transition-and-annex\\\/\"]}]},{\"@type\":\"ImageObject\",\"inLanguage\":\"es-CO\",\"@id\":\"https:\\\/\\\/colombiainteligente.org\\\/tendencias\\\/energia-que-transforma\\\/proposal-for-a-directive-on-empowering-consumers-for-the-green-transition-and-annex\\\/#primaryimage\",\"url\":\"https:\\\/\\\/colombiainteligente.org\\\/wp-content\\\/uploads\\\/2022\\\/12\\\/Proposal-for-a-Directive-on-empowering-consumers-for-the-green-transition-and-annex.png\",\"contentUrl\":\"https:\\\/\\\/colombiainteligente.org\\\/wp-content\\\/uploads\\\/2022\\\/12\\\/Proposal-for-a-Directive-on-empowering-consumers-for-the-green-transition-and-annex.png\",\"width\":302,\"height\":402,\"caption\":\"Proposal-for-a-Directive-on-empowering-consumers-for-the-green-transition-and-annex.png\"},{\"@type\":\"BreadcrumbList\",\"@id\":\"https:\\\/\\\/colombiainteligente.org\\\/tendencias\\\/energia-que-transforma\\\/proposal-for-a-directive-on-empowering-consumers-for-the-green-transition-and-annex\\\/#breadcrumb\",\"itemListElement\":[{\"@type\":\"ListItem\",\"position\":1,\"name\":\"Portada\",\"item\":\"https:\\\/\\\/colombiainteligente.org\\\/\"},{\"@type\":\"ListItem\",\"position\":2,\"name\":\"Proposal for a Directive on empowering consumers for the green transition and annex\"}]},{\"@type\":\"WebSite\",\"@id\":\"https:\\\/\\\/colombiainteligente.org\\\/#website\",\"url\":\"https:\\\/\\\/colombiainteligente.org\\\/\",\"name\":\"Colombia Inteligente\",\"description\":\"Alianza estrat\u00e9gica, conformada por empresas y entidades, para la inserci\u00f3n integral y eficiente de las redes inteligentes a la infraestructura del sector el\u00e9ctrico colombiano\",\"publisher\":{\"@id\":\"https:\\\/\\\/colombiainteligente.org\\\/#organization\"},\"potentialAction\":[{\"@type\":\"SearchAction\",\"target\":{\"@type\":\"EntryPoint\",\"urlTemplate\":\"https:\\\/\\\/colombiainteligente.org\\\/?s={search_term_string}\"},\"query-input\":{\"@type\":\"PropertyValueSpecification\",\"valueRequired\":true,\"valueName\":\"search_term_string\"}}],\"inLanguage\":\"es-CO\"},{\"@type\":\"Organization\",\"@id\":\"https:\\\/\\\/colombiainteligente.org\\\/#organization\",\"name\":\"Colombia Inteligente\",\"url\":\"https:\\\/\\\/colombiainteligente.org\\\/\",\"logo\":{\"@type\":\"ImageObject\",\"inLanguage\":\"es-CO\",\"@id\":\"https:\\\/\\\/colombiainteligente.org\\\/#\\\/schema\\\/logo\\\/image\\\/\",\"url\":\"https:\\\/\\\/colombiainteligente.org\\\/wp-content\\\/uploads\\\/2022\\\/07\\\/Image.png\",\"contentUrl\":\"https:\\\/\\\/colombiainteligente.org\\\/wp-content\\\/uploads\\\/2022\\\/07\\\/Image.png\",\"width\":588,\"height\":274,\"caption\":\"Colombia Inteligente\"},\"image\":{\"@id\":\"https:\\\/\\\/colombiainteligente.org\\\/#\\\/schema\\\/logo\\\/image\\\/\"},\"sameAs\":[\"https:\\\/\\\/x.com\\\/colombiaintelig\",\"https:\\\/\\\/www.linkedin.com\\\/company\\\/colombiainteligente\\\/\"]},{\"@type\":\"Person\",\"@id\":\"https:\\\/\\\/colombiainteligente.org\\\/#\\\/schema\\\/person\\\/e207145d548b75a6d339ff1d4d3b0432\",\"name\":\"DIFUSI\u00d3N COLOMBIA INTELIGENTE\",\"image\":{\"@type\":\"ImageObject\",\"inLanguage\":\"es-CO\",\"@id\":\"https:\\\/\\\/secure.gravatar.com\\\/avatar\\\/df2e679ff2abf288cf4bf58830dad897e596908105ec8969f50f748a6d837869?s=96&d=mm&r=g\",\"url\":\"https:\\\/\\\/secure.gravatar.com\\\/avatar\\\/df2e679ff2abf288cf4bf58830dad897e596908105ec8969f50f748a6d837869?s=96&d=mm&r=g\",\"contentUrl\":\"https:\\\/\\\/secure.gravatar.com\\\/avatar\\\/df2e679ff2abf288cf4bf58830dad897e596908105ec8969f50f748a6d837869?s=96&d=mm&r=g\",\"caption\":\"DIFUSI\u00d3N COLOMBIA INTELIGENTE\"},\"url\":\"https:\\\/\\\/colombiainteligente.org\\\/es_co\\\/author\\\/difusioncolombiainteligente-org\\\/\"}]}<\/script>\n<!-- \/ Yoast SEO plugin. -->","yoast_head_json":{"title":"Proposal for a Directive on empowering consumers for the green transition and annex - Colombia Inteligente","robots":{"index":"index","follow":"follow","max-snippet":"max-snippet:-1","max-image-preview":"max-image-preview:large","max-video-preview":"max-video-preview:-1"},"canonical":"https:\/\/colombiainteligente.org\/es_co\/tendencias\/energia-que-transforma\/proposal-for-a-directive-on-empowering-consumers-for-the-green-transition-and-annex\/","og_locale":"es_ES","og_type":"article","og_title":"Proposal for a Directive on empowering consumers for the green transition and annex - Colombia Inteligente","og_description":"El Tratado de Funcionamiento de la Uni\u00f3n Europea y la Carta de los Derechos Fundamentales exigen un alto nivel de protecci\u00f3n de los consumidores en la UE. La legislaci\u00f3n de la UE en materia de consumo tambi\u00e9n contribuye al buen funcionamiento del mercado \u00fanico. Su objetivo es hacer que las relaciones entre empresas y consumidores sean justas y transparentes y, en \u00faltima instancia, apoyar el bienestar de los consumidores europeos y la econom\u00eda de la UE. El informe pretende contribuir a una econom\u00eda circular, limpia y verde de la UE, permitiendo a los consumidores tomar decisiones de compra con conocimiento de causa y, por tanto, contribuir a un consumo m\u00e1s sostenible.","og_url":"https:\/\/colombiainteligente.org\/es_co\/tendencias\/energia-que-transforma\/proposal-for-a-directive-on-empowering-consumers-for-the-green-transition-and-annex\/","og_site_name":"Colombia Inteligente","article_published_time":"2022-04-06T00:35:55+00:00","article_modified_time":"2022-12-29T01:17:39+00:00","og_image":[{"width":302,"height":402,"url":"https:\/\/colombiainteligente.org\/wp-content\/uploads\/2022\/12\/Proposal-for-a-Directive-on-empowering-consumers-for-the-green-transition-and-annex.png","type":"image\/png"}],"author":"DIFUSI\u00d3N COLOMBIA INTELIGENTE","twitter_card":"summary_large_image","twitter_creator":"@colombiaintelig","twitter_site":"@colombiaintelig","twitter_misc":{"Escrito por":"DIFUSI\u00d3N COLOMBIA INTELIGENTE","Tiempo estimado de lectura":"1 minuto"},"schema":{"@context":"https:\/\/schema.org","@graph":[{"@type":"Article","@id":"https:\/\/colombiainteligente.org\/tendencias\/energia-que-transforma\/proposal-for-a-directive-on-empowering-consumers-for-the-green-transition-and-annex\/#article","isPartOf":{"@id":"https:\/\/colombiainteligente.org\/tendencias\/energia-que-transforma\/proposal-for-a-directive-on-empowering-consumers-for-the-green-transition-and-annex\/"},"author":{"name":"DIFUSI\u00d3N COLOMBIA INTELIGENTE","@id":"https:\/\/colombiainteligente.org\/#\/schema\/person\/e207145d548b75a6d339ff1d4d3b0432"},"headline":"Proposal for a Directive on empowering consumers for the green transition and annex","datePublished":"2022-04-06T00:35:55+00:00","dateModified":"2022-12-29T01:17:39+00:00","mainEntityOfPage":{"@id":"https:\/\/colombiainteligente.org\/tendencias\/energia-que-transforma\/proposal-for-a-directive-on-empowering-consumers-for-the-green-transition-and-annex\/"},"wordCount":248,"commentCount":0,"publisher":{"@id":"https:\/\/colombiainteligente.org\/#organization"},"image":{"@id":"https:\/\/colombiainteligente.org\/tendencias\/energia-que-transforma\/proposal-for-a-directive-on-empowering-consumers-for-the-green-transition-and-annex\/#primaryimage"},"thumbnailUrl":"https:\/\/colombiainteligente.org\/wp-content\/uploads\/2022\/12\/Proposal-for-a-Directive-on-empowering-consumers-for-the-green-transition-and-annex.png","articleSection":["Convergencia y Sostenibilidad","Energ\u00eda que transforma"],"inLanguage":"es-CO","potentialAction":[{"@type":"CommentAction","name":"Comment","target":["https:\/\/colombiainteligente.org\/tendencias\/energia-que-transforma\/proposal-for-a-directive-on-empowering-consumers-for-the-green-transition-and-annex\/#respond"]}]},{"@type":"WebPage","@id":"https:\/\/colombiainteligente.org\/tendencias\/energia-que-transforma\/proposal-for-a-directive-on-empowering-consumers-for-the-green-transition-and-annex\/","url":"https:\/\/colombiainteligente.org\/tendencias\/energia-que-transforma\/proposal-for-a-directive-on-empowering-consumers-for-the-green-transition-and-annex\/","name":"Proposal for a Directive on empowering consumers for the green transition and annex - Colombia Inteligente","isPartOf":{"@id":"https:\/\/colombiainteligente.org\/#website"},"primaryImageOfPage":{"@id":"https:\/\/colombiainteligente.org\/tendencias\/energia-que-transforma\/proposal-for-a-directive-on-empowering-consumers-for-the-green-transition-and-annex\/#primaryimage"},"image":{"@id":"https:\/\/colombiainteligente.org\/tendencias\/energia-que-transforma\/proposal-for-a-directive-on-empowering-consumers-for-the-green-transition-and-annex\/#primaryimage"},"thumbnailUrl":"https:\/\/colombiainteligente.org\/wp-content\/uploads\/2022\/12\/Proposal-for-a-Directive-on-empowering-consumers-for-the-green-transition-and-annex.png","datePublished":"2022-04-06T00:35:55+00:00","dateModified":"2022-12-29T01:17:39+00:00","breadcrumb":{"@id":"https:\/\/colombiainteligente.org\/tendencias\/energia-que-transforma\/proposal-for-a-directive-on-empowering-consumers-for-the-green-transition-and-annex\/#breadcrumb"},"inLanguage":"es-CO","potentialAction":[{"@type":"ReadAction","target":["https:\/\/colombiainteligente.org\/tendencias\/energia-que-transforma\/proposal-for-a-directive-on-empowering-consumers-for-the-green-transition-and-annex\/"]}]},{"@type":"ImageObject","inLanguage":"es-CO","@id":"https:\/\/colombiainteligente.org\/tendencias\/energia-que-transforma\/proposal-for-a-directive-on-empowering-consumers-for-the-green-transition-and-annex\/#primaryimage","url":"https:\/\/colombiainteligente.org\/wp-content\/uploads\/2022\/12\/Proposal-for-a-Directive-on-empowering-consumers-for-the-green-transition-and-annex.png","contentUrl":"https:\/\/colombiainteligente.org\/wp-content\/uploads\/2022\/12\/Proposal-for-a-Directive-on-empowering-consumers-for-the-green-transition-and-annex.png","width":302,"height":402,"caption":"Proposal-for-a-Directive-on-empowering-consumers-for-the-green-transition-and-annex.png"},{"@type":"BreadcrumbList","@id":"https:\/\/colombiainteligente.org\/tendencias\/energia-que-transforma\/proposal-for-a-directive-on-empowering-consumers-for-the-green-transition-and-annex\/#breadcrumb","itemListElement":[{"@type":"ListItem","position":1,"name":"Portada","item":"https:\/\/colombiainteligente.org\/"},{"@type":"ListItem","position":2,"name":"Proposal for a Directive on empowering consumers for the green transition and annex"}]},{"@type":"WebSite","@id":"https:\/\/colombiainteligente.org\/#website","url":"https:\/\/colombiainteligente.org\/","name":"Colombia Inteligente","description":"Alianza estrat\u00e9gica, conformada por empresas y entidades, para la inserci\u00f3n integral y eficiente de las redes inteligentes a la infraestructura del sector el\u00e9ctrico colombiano","publisher":{"@id":"https:\/\/colombiainteligente.org\/#organization"},"potentialAction":[{"@type":"SearchAction","target":{"@type":"EntryPoint","urlTemplate":"https:\/\/colombiainteligente.org\/?s={search_term_string}"},"query-input":{"@type":"PropertyValueSpecification","valueRequired":true,"valueName":"search_term_string"}}],"inLanguage":"es-CO"},{"@type":"Organization","@id":"https:\/\/colombiainteligente.org\/#organization","name":"Colombia Inteligente","url":"https:\/\/colombiainteligente.org\/","logo":{"@type":"ImageObject","inLanguage":"es-CO","@id":"https:\/\/colombiainteligente.org\/#\/schema\/logo\/image\/","url":"https:\/\/colombiainteligente.org\/wp-content\/uploads\/2022\/07\/Image.png","contentUrl":"https:\/\/colombiainteligente.org\/wp-content\/uploads\/2022\/07\/Image.png","width":588,"height":274,"caption":"Colombia Inteligente"},"image":{"@id":"https:\/\/colombiainteligente.org\/#\/schema\/logo\/image\/"},"sameAs":["https:\/\/x.com\/colombiaintelig","https:\/\/www.linkedin.com\/company\/colombiainteligente\/"]},{"@type":"Person","@id":"https:\/\/colombiainteligente.org\/#\/schema\/person\/e207145d548b75a6d339ff1d4d3b0432","name":"DIFUSI\u00d3N COLOMBIA INTELIGENTE","image":{"@type":"ImageObject","inLanguage":"es-CO","@id":"https:\/\/secure.gravatar.com\/avatar\/df2e679ff2abf288cf4bf58830dad897e596908105ec8969f50f748a6d837869?s=96&d=mm&r=g","url":"https:\/\/secure.gravatar.com\/avatar\/df2e679ff2abf288cf4bf58830dad897e596908105ec8969f50f748a6d837869?s=96&d=mm&r=g","contentUrl":"https:\/\/secure.gravatar.com\/avatar\/df2e679ff2abf288cf4bf58830dad897e596908105ec8969f50f748a6d837869?s=96&d=mm&r=g","caption":"DIFUSI\u00d3N COLOMBIA INTELIGENTE"},"url":"https:\/\/colombiainteligente.org\/es_co\/author\/difusioncolombiainteligente-org\/"}]}},"_links":{"self":[{"href":"https:\/\/colombiainteligente.org\/es_co\/wp-json\/wp\/v2\/posts\/6293","targetHints":{"allow":["GET"]}}],"collection":[{"href":"https:\/\/colombiainteligente.org\/es_co\/wp-json\/wp\/v2\/posts"}],"about":[{"href":"https:\/\/colombiainteligente.org\/es_co\/wp-json\/wp\/v2\/types\/post"}],"author":[{"embeddable":true,"href":"https:\/\/colombiainteligente.org\/es_co\/wp-json\/wp\/v2\/users\/23"}],"replies":[{"embeddable":true,"href":"https:\/\/colombiainteligente.org\/es_co\/wp-json\/wp\/v2\/comments?post=6293"}],"version-history":[{"count":4,"href":"https:\/\/colombiainteligente.org\/es_co\/wp-json\/wp\/v2\/posts\/6293\/revisions"}],"predecessor-version":[{"id":6298,"href":"https:\/\/colombiainteligente.org\/es_co\/wp-json\/wp\/v2\/posts\/6293\/revisions\/6298"}],"wp:featuredmedia":[{"embeddable":true,"href":"https:\/\/colombiainteligente.org\/es_co\/wp-json\/wp\/v2\/media\/6294"}],"wp:attachment":[{"href":"https:\/\/colombiainteligente.org\/es_co\/wp-json\/wp\/v2\/media?parent=6293"}],"wp:term":[{"taxonomy":"category","embeddable":true,"href":"https:\/\/colombiainteligente.org\/es_co\/wp-json\/wp\/v2\/categories?post=6293"},{"taxonomy":"post_tag","embeddable":true,"href":"https:\/\/colombiainteligente.org\/es_co\/wp-json\/wp\/v2\/tags?post=6293"}],"curies":[{"name":"wp","href":"https:\/\/api.w.org\/{rel}","templated":true}]}}