{"id":6299,"date":"2022-04-05T19:38:58","date_gmt":"2022-04-06T00:38:58","guid":{"rendered":"https:\/\/colombiainteligente.org\/?p=6299"},"modified":"2022-12-28T19:40:31","modified_gmt":"2022-12-29T00:40:31","slug":"transforming-food-systems-with-farmers-a-pathway-for-the-eu","status":"publish","type":"post","link":"https:\/\/colombiainteligente.org\/es_co\/tendencias\/transforming-food-systems-with-farmers-a-pathway-for-the-eu\/","title":{"rendered":"Transforming Food Systems with Farmers: A Pathway for the EU"},"content":{"rendered":"<div data-elementor-type=\"wp-post\" data-elementor-id=\"6299\" class=\"elementor elementor-6299\" data-elementor-post-type=\"post\">\n\t\t\t\t\t\t\t\t\t<section class=\"elementor-section elementor-top-section elementor-element elementor-element-79148795 elementor-section-boxed elementor-section-height-default elementor-section-height-default\" data-id=\"79148795\" data-element_type=\"section\">\n\t\t\t\t\t\t<div class=\"elementor-container elementor-column-gap-default\">\n\t\t\t\t\t<div class=\"elementor-column elementor-col-100 elementor-top-column elementor-element elementor-element-1ece4ebf\" data-id=\"1ece4ebf\" data-element_type=\"column\">\n\t\t\t<div class=\"elementor-widget-wrap elementor-element-populated\">\n\t\t\t\t\t\t\t\t<div class=\"elementor-element elementor-element-7a61c7e5 elementor-widget elementor-widget-text-editor\" data-id=\"7a61c7e5\" data-element_type=\"widget\" data-widget_type=\"text-editor.default\">\n\t\t\t\t<div class=\"elementor-widget-container\">\n\t\t\t<style>\/*! elementor - v3.14.0 - 26-06-2023 *\/\n.elementor-widget-text-editor.elementor-drop-cap-view-stacked .elementor-drop-cap{background-color:#69727d;color:#fff}.elementor-widget-text-editor.elementor-drop-cap-view-framed .elementor-drop-cap{color:#69727d;border:3px solid;background-color:transparent}.elementor-widget-text-editor:not(.elementor-drop-cap-view-default) .elementor-drop-cap{margin-top:8px}.elementor-widget-text-editor:not(.elementor-drop-cap-view-default) .elementor-drop-cap-letter{width:1em;height:1em}.elementor-widget-text-editor .elementor-drop-cap{float:left;text-align:center;line-height:1;font-size:50px}.elementor-widget-text-editor .elementor-drop-cap-letter{display:inline-block}<\/style>\t\t\t\t<p>El \u00faltimo informe de evaluaci\u00f3n del Grupo Intergubernamental de Expertos sobre el Cambio Clim\u00e1tico (IPCC) confirma que el cambio clim\u00e1tico y la p\u00e9rdida de biodiversidad han afectado a la productividad de todos los sectores agr\u00edcolas y pesqueros, con consecuencias negativas para la seguridad alimentaria y los medios de vida, las pr\u00e1cticas agr\u00edcolas regenerativas e inteligentes desde el punto de vista clim\u00e1tico y las innovaciones digitales ya son muy prometedoras para ayudar a mitigar estas tendencias de cambio clim\u00e1tico y p\u00e9rdida de biodiversidad. Por lo tanto si se apoya a los agricultores para que adopten medidas clim\u00e1ticamente inteligentes, la UE podr\u00eda reducir sus emisiones de gases de efecto invernadero agr\u00edcolas en aproximadamente un 6 % y restaurar la salud del suelo en m\u00e1s del 14 % de su superficie agr\u00edcola total.\u00a0<\/p><p>However, food systems can be a determinant in solving these global crises by addressing their environmental impact and deploying innovative solutions. International frameworks and governance mechanisms are waking up to this fact, with the UN hosting the first ever Food Systems Summit in late 2021 and the Egyptian presidency for COP27 indicating a possible push to incorporate food and agriculture systems into the formal negotiations. Climate-smart and regenerative agricultural practices and digital innovations already show great promise in helping to mitigate these trends of climate change and biodiversity loss.<\/p><p>\u00a0<\/p><p><span data-contrast=\"auto\">Para mayor\u00a0informaci\u00f3n\u00a0visitar\u00a0los\u00a0siguientes\u00a0enlaces:\u00a0<\/span>\u00a0<\/p><p><a href=\"https:\/\/www.weforum.org\/reports\/transforming-food-systems-with-farmers-a-pathway-for-the-eu\"><span data-contrast=\"auto\">https:\/\/www.weforum.org\/reports\/transforming-food-systems-with-farmers-a-pathway-for-the-eu<\/span><\/a><span data-contrast=\"auto\">\u00a0<\/span>\u00a0<\/p><p><a href=\"https:\/\/www3.weforum.org\/docs\/WEF_Transforming_Food_Systems_with_Farmers_A_Pathway_for_the_EU_2022.pdf\"><span data-contrast=\"auto\">https:\/\/www3.weforum.org\/docs\/WEF_Transforming_Food_Systems_with_Farmers_A_Pathway_for_the_EU_2022.pdf<\/span><\/a><span data-contrast=\"auto\">\u00a0<\/span>\u00a0<\/p><div class=\"bt-social-share bt-social-share-below\"><div class=\"bt-social-share-button bt-facebook-share-button\">\u00a0<\/div><\/div>\t\t\t\t\t\t<\/div>\n\t\t\t\t<\/div>\n\t\t\t\t\t<\/div>\n\t\t<\/div>\n\t\t\t\t\t\t\t<\/div>\n\t\t<\/section>\n\t\t\t\t\t\t\t<\/div>\n\t\t<div style=\"text-align:center\" class=\"yasr-auto-insert-visitor\"><\/div>","protected":false},"excerpt":{"rendered":"<p>El \u00faltimo informe de evaluaci\u00f3n del Grupo Intergubernamental de Expertos sobre el Cambio Clim\u00e1tico (IPCC) confirma que el cambio clim\u00e1tico y la p\u00e9rdida de biodiversidad han afectado a la productividad de todos los sectores agr\u00edcolas y pesqueros, con consecuencias negativas para la seguridad alimentaria y los medios de vida, las pr\u00e1cticas agr\u00edcolas regenerativas e inteligentes desde el punto de vista clim\u00e1tico y las innovaciones digitales ya son muy prometedoras para ayudar a mitigar estas tendencias de cambio clim\u00e1tico y p\u00e9rdida de biodiversidad. Por lo tanto si se apoya a los agricultores para que adopten medidas clim\u00e1ticamente inteligentes, la UE podr\u00eda reducir sus emisiones de gases de efecto invernadero agr\u00edcolas en aproximadamente un 6 % y restaurar la salud del suelo en m\u00e1s del 14 % de su superficie agr\u00edcola total. <\/p>","protected":false},"author":23,"featured_media":6300,"comment_status":"open","ping_status":"open","sticky":false,"template":"","format":"standard","meta":{"yasr_overall_rating":0,"yasr_post_is_review":"","yasr_auto_insert_disabled":"","yasr_review_type":"","footnotes":""},"categories":[54,53],"tags":[],"class_list":["post-6299","post","type-post","status-publish","format-standard","has-post-thumbnail","hentry","category-energia-que-transforma","category-tendencias"],"yasr_visitor_votes":{"number_of_votes":0,"sum_votes":0,"stars_attributes":{"read_only":false,"span_bottom":false}},"yoast_head":"<!-- This site is optimized with the Yoast SEO plugin v27.3 - https:\/\/yoast.com\/product\/yoast-seo-wordpress\/ -->\n<title>Transforming Food Systems with Farmers: A Pathway for the EU - Colombia Inteligente<\/title>\n<meta name=\"robots\" content=\"index, follow, max-snippet:-1, max-image-preview:large, max-video-preview:-1\" \/>\n<link rel=\"canonical\" href=\"https:\/\/colombiainteligente.org\/es_co\/tendencias\/transforming-food-systems-with-farmers-a-pathway-for-the-eu\/\" \/>\n<meta property=\"og:locale\" content=\"es_ES\" \/>\n<meta property=\"og:type\" content=\"article\" \/>\n<meta property=\"og:title\" content=\"Transforming Food Systems with Farmers: A Pathway for the EU - Colombia Inteligente\" \/>\n<meta property=\"og:description\" content=\"El \u00faltimo informe de evaluaci\u00f3n del Grupo Intergubernamental de Expertos sobre el Cambio Clim\u00e1tico (IPCC) confirma que el cambio clim\u00e1tico y la p\u00e9rdida de biodiversidad han afectado a la productividad de todos los sectores agr\u00edcolas y pesqueros, con consecuencias negativas para la seguridad alimentaria y los medios de vida, las pr\u00e1cticas agr\u00edcolas regenerativas e inteligentes desde el punto de vista clim\u00e1tico y las innovaciones digitales ya son muy prometedoras para ayudar a mitigar estas tendencias de cambio clim\u00e1tico y p\u00e9rdida de biodiversidad. Por lo tanto si se apoya a los agricultores para que adopten medidas clim\u00e1ticamente inteligentes, la UE podr\u00eda reducir sus emisiones de gases de efecto invernadero agr\u00edcolas en aproximadamente un 6 % y restaurar la salud del suelo en m\u00e1s del 14 % de su superficie agr\u00edcola total.\" \/>\n<meta property=\"og:url\" content=\"https:\/\/colombiainteligente.org\/es_co\/tendencias\/transforming-food-systems-with-farmers-a-pathway-for-the-eu\/\" \/>\n<meta property=\"og:site_name\" content=\"Colombia Inteligente\" \/>\n<meta property=\"article:published_time\" content=\"2022-04-06T00:38:58+00:00\" \/>\n<meta property=\"article:modified_time\" content=\"2022-12-29T00:40:31+00:00\" \/>\n<meta property=\"og:image\" content=\"https:\/\/colombiainteligente.org\/wp-content\/uploads\/2022\/12\/Transforming-Food-Systems-with-Farmers-A-Pathway-for-the-EU.png\" \/>\n\t<meta property=\"og:image:width\" content=\"302\" \/>\n\t<meta property=\"og:image:height\" content=\"402\" \/>\n\t<meta property=\"og:image:type\" content=\"image\/png\" \/>\n<meta name=\"author\" content=\"DIFUSI\u00d3N COLOMBIA INTELIGENTE\" \/>\n<meta name=\"twitter:card\" content=\"summary_large_image\" \/>\n<meta name=\"twitter:creator\" content=\"@colombiaintelig\" \/>\n<meta name=\"twitter:site\" content=\"@colombiaintelig\" \/>\n<meta name=\"twitter:label1\" content=\"Escrito por\" \/>\n\t<meta name=\"twitter:data1\" content=\"DIFUSI\u00d3N COLOMBIA INTELIGENTE\" \/>\n\t<meta name=\"twitter:label2\" content=\"Tiempo estimado de lectura\" \/>\n\t<meta name=\"twitter:data2\" content=\"1 minuto\" \/>\n<script type=\"application\/ld+json\" class=\"yoast-schema-graph\">{\"@context\":\"https:\\\/\\\/schema.org\",\"@graph\":[{\"@type\":\"Article\",\"@id\":\"https:\\\/\\\/colombiainteligente.org\\\/tendencias\\\/transforming-food-systems-with-farmers-a-pathway-for-the-eu\\\/#article\",\"isPartOf\":{\"@id\":\"https:\\\/\\\/colombiainteligente.org\\\/tendencias\\\/transforming-food-systems-with-farmers-a-pathway-for-the-eu\\\/\"},\"author\":{\"name\":\"DIFUSI\u00d3N COLOMBIA INTELIGENTE\",\"@id\":\"https:\\\/\\\/colombiainteligente.org\\\/#\\\/schema\\\/person\\\/e207145d548b75a6d339ff1d4d3b0432\"},\"headline\":\"Transforming Food Systems with Farmers: A Pathway for the EU\",\"datePublished\":\"2022-04-06T00:38:58+00:00\",\"dateModified\":\"2022-12-29T00:40:31+00:00\",\"mainEntityOfPage\":{\"@id\":\"https:\\\/\\\/colombiainteligente.org\\\/tendencias\\\/transforming-food-systems-with-farmers-a-pathway-for-the-eu\\\/\"},\"wordCount\":270,\"commentCount\":0,\"publisher\":{\"@id\":\"https:\\\/\\\/colombiainteligente.org\\\/#organization\"},\"image\":{\"@id\":\"https:\\\/\\\/colombiainteligente.org\\\/tendencias\\\/transforming-food-systems-with-farmers-a-pathway-for-the-eu\\\/#primaryimage\"},\"thumbnailUrl\":\"https:\\\/\\\/colombiainteligente.org\\\/wp-content\\\/uploads\\\/2022\\\/12\\\/Transforming-Food-Systems-with-Farmers-A-Pathway-for-the-EU.png\",\"articleSection\":[\"Energ\u00eda que transforma\",\"Tendencias\"],\"inLanguage\":\"es-CO\",\"potentialAction\":[{\"@type\":\"CommentAction\",\"name\":\"Comment\",\"target\":[\"https:\\\/\\\/colombiainteligente.org\\\/tendencias\\\/transforming-food-systems-with-farmers-a-pathway-for-the-eu\\\/#respond\"]}]},{\"@type\":\"WebPage\",\"@id\":\"https:\\\/\\\/colombiainteligente.org\\\/tendencias\\\/transforming-food-systems-with-farmers-a-pathway-for-the-eu\\\/\",\"url\":\"https:\\\/\\\/colombiainteligente.org\\\/tendencias\\\/transforming-food-systems-with-farmers-a-pathway-for-the-eu\\\/\",\"name\":\"Transforming Food Systems with Farmers: A Pathway for the EU - Colombia Inteligente\",\"isPartOf\":{\"@id\":\"https:\\\/\\\/colombiainteligente.org\\\/#website\"},\"primaryImageOfPage\":{\"@id\":\"https:\\\/\\\/colombiainteligente.org\\\/tendencias\\\/transforming-food-systems-with-farmers-a-pathway-for-the-eu\\\/#primaryimage\"},\"image\":{\"@id\":\"https:\\\/\\\/colombiainteligente.org\\\/tendencias\\\/transforming-food-systems-with-farmers-a-pathway-for-the-eu\\\/#primaryimage\"},\"thumbnailUrl\":\"https:\\\/\\\/colombiainteligente.org\\\/wp-content\\\/uploads\\\/2022\\\/12\\\/Transforming-Food-Systems-with-Farmers-A-Pathway-for-the-EU.png\",\"datePublished\":\"2022-04-06T00:38:58+00:00\",\"dateModified\":\"2022-12-29T00:40:31+00:00\",\"breadcrumb\":{\"@id\":\"https:\\\/\\\/colombiainteligente.org\\\/tendencias\\\/transforming-food-systems-with-farmers-a-pathway-for-the-eu\\\/#breadcrumb\"},\"inLanguage\":\"es-CO\",\"potentialAction\":[{\"@type\":\"ReadAction\",\"target\":[\"https:\\\/\\\/colombiainteligente.org\\\/tendencias\\\/transforming-food-systems-with-farmers-a-pathway-for-the-eu\\\/\"]}]},{\"@type\":\"ImageObject\",\"inLanguage\":\"es-CO\",\"@id\":\"https:\\\/\\\/colombiainteligente.org\\\/tendencias\\\/transforming-food-systems-with-farmers-a-pathway-for-the-eu\\\/#primaryimage\",\"url\":\"https:\\\/\\\/colombiainteligente.org\\\/wp-content\\\/uploads\\\/2022\\\/12\\\/Transforming-Food-Systems-with-Farmers-A-Pathway-for-the-EU.png\",\"contentUrl\":\"https:\\\/\\\/colombiainteligente.org\\\/wp-content\\\/uploads\\\/2022\\\/12\\\/Transforming-Food-Systems-with-Farmers-A-Pathway-for-the-EU.png\",\"width\":302,\"height\":402,\"caption\":\"Transforming-Food-Systems-with-Farmers-A-Pathway-for-the-EU.png\"},{\"@type\":\"BreadcrumbList\",\"@id\":\"https:\\\/\\\/colombiainteligente.org\\\/tendencias\\\/transforming-food-systems-with-farmers-a-pathway-for-the-eu\\\/#breadcrumb\",\"itemListElement\":[{\"@type\":\"ListItem\",\"position\":1,\"name\":\"Portada\",\"item\":\"https:\\\/\\\/colombiainteligente.org\\\/\"},{\"@type\":\"ListItem\",\"position\":2,\"name\":\"Transforming Food Systems with Farmers: A Pathway for the EU\"}]},{\"@type\":\"WebSite\",\"@id\":\"https:\\\/\\\/colombiainteligente.org\\\/#website\",\"url\":\"https:\\\/\\\/colombiainteligente.org\\\/\",\"name\":\"Colombia Inteligente\",\"description\":\"Alianza estrat\u00e9gica, conformada por empresas y entidades, para la inserci\u00f3n integral y eficiente de las redes inteligentes a la infraestructura del sector el\u00e9ctrico colombiano\",\"publisher\":{\"@id\":\"https:\\\/\\\/colombiainteligente.org\\\/#organization\"},\"potentialAction\":[{\"@type\":\"SearchAction\",\"target\":{\"@type\":\"EntryPoint\",\"urlTemplate\":\"https:\\\/\\\/colombiainteligente.org\\\/?s={search_term_string}\"},\"query-input\":{\"@type\":\"PropertyValueSpecification\",\"valueRequired\":true,\"valueName\":\"search_term_string\"}}],\"inLanguage\":\"es-CO\"},{\"@type\":\"Organization\",\"@id\":\"https:\\\/\\\/colombiainteligente.org\\\/#organization\",\"name\":\"Colombia Inteligente\",\"url\":\"https:\\\/\\\/colombiainteligente.org\\\/\",\"logo\":{\"@type\":\"ImageObject\",\"inLanguage\":\"es-CO\",\"@id\":\"https:\\\/\\\/colombiainteligente.org\\\/#\\\/schema\\\/logo\\\/image\\\/\",\"url\":\"https:\\\/\\\/colombiainteligente.org\\\/wp-content\\\/uploads\\\/2022\\\/07\\\/Image.png\",\"contentUrl\":\"https:\\\/\\\/colombiainteligente.org\\\/wp-content\\\/uploads\\\/2022\\\/07\\\/Image.png\",\"width\":588,\"height\":274,\"caption\":\"Colombia Inteligente\"},\"image\":{\"@id\":\"https:\\\/\\\/colombiainteligente.org\\\/#\\\/schema\\\/logo\\\/image\\\/\"},\"sameAs\":[\"https:\\\/\\\/x.com\\\/colombiaintelig\",\"https:\\\/\\\/www.linkedin.com\\\/company\\\/colombiainteligente\\\/\"]},{\"@type\":\"Person\",\"@id\":\"https:\\\/\\\/colombiainteligente.org\\\/#\\\/schema\\\/person\\\/e207145d548b75a6d339ff1d4d3b0432\",\"name\":\"DIFUSI\u00d3N COLOMBIA INTELIGENTE\",\"image\":{\"@type\":\"ImageObject\",\"inLanguage\":\"es-CO\",\"@id\":\"https:\\\/\\\/secure.gravatar.com\\\/avatar\\\/df2e679ff2abf288cf4bf58830dad897e596908105ec8969f50f748a6d837869?s=96&d=mm&r=g\",\"url\":\"https:\\\/\\\/secure.gravatar.com\\\/avatar\\\/df2e679ff2abf288cf4bf58830dad897e596908105ec8969f50f748a6d837869?s=96&d=mm&r=g\",\"contentUrl\":\"https:\\\/\\\/secure.gravatar.com\\\/avatar\\\/df2e679ff2abf288cf4bf58830dad897e596908105ec8969f50f748a6d837869?s=96&d=mm&r=g\",\"caption\":\"DIFUSI\u00d3N COLOMBIA INTELIGENTE\"},\"url\":\"https:\\\/\\\/colombiainteligente.org\\\/es_co\\\/author\\\/difusioncolombiainteligente-org\\\/\"}]}<\/script>\n<!-- \/ Yoast SEO plugin. -->","yoast_head_json":{"title":"Transforming Food Systems with Farmers: A Pathway for the EU - Colombia Inteligente","robots":{"index":"index","follow":"follow","max-snippet":"max-snippet:-1","max-image-preview":"max-image-preview:large","max-video-preview":"max-video-preview:-1"},"canonical":"https:\/\/colombiainteligente.org\/es_co\/tendencias\/transforming-food-systems-with-farmers-a-pathway-for-the-eu\/","og_locale":"es_ES","og_type":"article","og_title":"Transforming Food Systems with Farmers: A Pathway for the EU - Colombia Inteligente","og_description":"El \u00faltimo informe de evaluaci\u00f3n del Grupo Intergubernamental de Expertos sobre el Cambio Clim\u00e1tico (IPCC) confirma que el cambio clim\u00e1tico y la p\u00e9rdida de biodiversidad han afectado a la productividad de todos los sectores agr\u00edcolas y pesqueros, con consecuencias negativas para la seguridad alimentaria y los medios de vida, las pr\u00e1cticas agr\u00edcolas regenerativas e inteligentes desde el punto de vista clim\u00e1tico y las innovaciones digitales ya son muy prometedoras para ayudar a mitigar estas tendencias de cambio clim\u00e1tico y p\u00e9rdida de biodiversidad. Por lo tanto si se apoya a los agricultores para que adopten medidas clim\u00e1ticamente inteligentes, la UE podr\u00eda reducir sus emisiones de gases de efecto invernadero agr\u00edcolas en aproximadamente un 6 % y restaurar la salud del suelo en m\u00e1s del 14 % de su superficie agr\u00edcola total.","og_url":"https:\/\/colombiainteligente.org\/es_co\/tendencias\/transforming-food-systems-with-farmers-a-pathway-for-the-eu\/","og_site_name":"Colombia Inteligente","article_published_time":"2022-04-06T00:38:58+00:00","article_modified_time":"2022-12-29T00:40:31+00:00","og_image":[{"width":302,"height":402,"url":"https:\/\/colombiainteligente.org\/wp-content\/uploads\/2022\/12\/Transforming-Food-Systems-with-Farmers-A-Pathway-for-the-EU.png","type":"image\/png"}],"author":"DIFUSI\u00d3N COLOMBIA INTELIGENTE","twitter_card":"summary_large_image","twitter_creator":"@colombiaintelig","twitter_site":"@colombiaintelig","twitter_misc":{"Escrito por":"DIFUSI\u00d3N COLOMBIA INTELIGENTE","Tiempo estimado de lectura":"1 minuto"},"schema":{"@context":"https:\/\/schema.org","@graph":[{"@type":"Article","@id":"https:\/\/colombiainteligente.org\/tendencias\/transforming-food-systems-with-farmers-a-pathway-for-the-eu\/#article","isPartOf":{"@id":"https:\/\/colombiainteligente.org\/tendencias\/transforming-food-systems-with-farmers-a-pathway-for-the-eu\/"},"author":{"name":"DIFUSI\u00d3N COLOMBIA INTELIGENTE","@id":"https:\/\/colombiainteligente.org\/#\/schema\/person\/e207145d548b75a6d339ff1d4d3b0432"},"headline":"Transforming Food Systems with Farmers: A Pathway for the EU","datePublished":"2022-04-06T00:38:58+00:00","dateModified":"2022-12-29T00:40:31+00:00","mainEntityOfPage":{"@id":"https:\/\/colombiainteligente.org\/tendencias\/transforming-food-systems-with-farmers-a-pathway-for-the-eu\/"},"wordCount":270,"commentCount":0,"publisher":{"@id":"https:\/\/colombiainteligente.org\/#organization"},"image":{"@id":"https:\/\/colombiainteligente.org\/tendencias\/transforming-food-systems-with-farmers-a-pathway-for-the-eu\/#primaryimage"},"thumbnailUrl":"https:\/\/colombiainteligente.org\/wp-content\/uploads\/2022\/12\/Transforming-Food-Systems-with-Farmers-A-Pathway-for-the-EU.png","articleSection":["Energ\u00eda que transforma","Tendencias"],"inLanguage":"es-CO","potentialAction":[{"@type":"CommentAction","name":"Comment","target":["https:\/\/colombiainteligente.org\/tendencias\/transforming-food-systems-with-farmers-a-pathway-for-the-eu\/#respond"]}]},{"@type":"WebPage","@id":"https:\/\/colombiainteligente.org\/tendencias\/transforming-food-systems-with-farmers-a-pathway-for-the-eu\/","url":"https:\/\/colombiainteligente.org\/tendencias\/transforming-food-systems-with-farmers-a-pathway-for-the-eu\/","name":"Transforming Food Systems with Farmers: A Pathway for the EU - Colombia Inteligente","isPartOf":{"@id":"https:\/\/colombiainteligente.org\/#website"},"primaryImageOfPage":{"@id":"https:\/\/colombiainteligente.org\/tendencias\/transforming-food-systems-with-farmers-a-pathway-for-the-eu\/#primaryimage"},"image":{"@id":"https:\/\/colombiainteligente.org\/tendencias\/transforming-food-systems-with-farmers-a-pathway-for-the-eu\/#primaryimage"},"thumbnailUrl":"https:\/\/colombiainteligente.org\/wp-content\/uploads\/2022\/12\/Transforming-Food-Systems-with-Farmers-A-Pathway-for-the-EU.png","datePublished":"2022-04-06T00:38:58+00:00","dateModified":"2022-12-29T00:40:31+00:00","breadcrumb":{"@id":"https:\/\/colombiainteligente.org\/tendencias\/transforming-food-systems-with-farmers-a-pathway-for-the-eu\/#breadcrumb"},"inLanguage":"es-CO","potentialAction":[{"@type":"ReadAction","target":["https:\/\/colombiainteligente.org\/tendencias\/transforming-food-systems-with-farmers-a-pathway-for-the-eu\/"]}]},{"@type":"ImageObject","inLanguage":"es-CO","@id":"https:\/\/colombiainteligente.org\/tendencias\/transforming-food-systems-with-farmers-a-pathway-for-the-eu\/#primaryimage","url":"https:\/\/colombiainteligente.org\/wp-content\/uploads\/2022\/12\/Transforming-Food-Systems-with-Farmers-A-Pathway-for-the-EU.png","contentUrl":"https:\/\/colombiainteligente.org\/wp-content\/uploads\/2022\/12\/Transforming-Food-Systems-with-Farmers-A-Pathway-for-the-EU.png","width":302,"height":402,"caption":"Transforming-Food-Systems-with-Farmers-A-Pathway-for-the-EU.png"},{"@type":"BreadcrumbList","@id":"https:\/\/colombiainteligente.org\/tendencias\/transforming-food-systems-with-farmers-a-pathway-for-the-eu\/#breadcrumb","itemListElement":[{"@type":"ListItem","position":1,"name":"Portada","item":"https:\/\/colombiainteligente.org\/"},{"@type":"ListItem","position":2,"name":"Transforming Food Systems with Farmers: A Pathway for the EU"}]},{"@type":"WebSite","@id":"https:\/\/colombiainteligente.org\/#website","url":"https:\/\/colombiainteligente.org\/","name":"Colombia Inteligente","description":"Alianza estrat\u00e9gica, conformada por empresas y entidades, para la inserci\u00f3n integral y eficiente de las redes inteligentes a la infraestructura del sector el\u00e9ctrico colombiano","publisher":{"@id":"https:\/\/colombiainteligente.org\/#organization"},"potentialAction":[{"@type":"SearchAction","target":{"@type":"EntryPoint","urlTemplate":"https:\/\/colombiainteligente.org\/?s={search_term_string}"},"query-input":{"@type":"PropertyValueSpecification","valueRequired":true,"valueName":"search_term_string"}}],"inLanguage":"es-CO"},{"@type":"Organization","@id":"https:\/\/colombiainteligente.org\/#organization","name":"Colombia Inteligente","url":"https:\/\/colombiainteligente.org\/","logo":{"@type":"ImageObject","inLanguage":"es-CO","@id":"https:\/\/colombiainteligente.org\/#\/schema\/logo\/image\/","url":"https:\/\/colombiainteligente.org\/wp-content\/uploads\/2022\/07\/Image.png","contentUrl":"https:\/\/colombiainteligente.org\/wp-content\/uploads\/2022\/07\/Image.png","width":588,"height":274,"caption":"Colombia Inteligente"},"image":{"@id":"https:\/\/colombiainteligente.org\/#\/schema\/logo\/image\/"},"sameAs":["https:\/\/x.com\/colombiaintelig","https:\/\/www.linkedin.com\/company\/colombiainteligente\/"]},{"@type":"Person","@id":"https:\/\/colombiainteligente.org\/#\/schema\/person\/e207145d548b75a6d339ff1d4d3b0432","name":"DIFUSI\u00d3N COLOMBIA INTELIGENTE","image":{"@type":"ImageObject","inLanguage":"es-CO","@id":"https:\/\/secure.gravatar.com\/avatar\/df2e679ff2abf288cf4bf58830dad897e596908105ec8969f50f748a6d837869?s=96&d=mm&r=g","url":"https:\/\/secure.gravatar.com\/avatar\/df2e679ff2abf288cf4bf58830dad897e596908105ec8969f50f748a6d837869?s=96&d=mm&r=g","contentUrl":"https:\/\/secure.gravatar.com\/avatar\/df2e679ff2abf288cf4bf58830dad897e596908105ec8969f50f748a6d837869?s=96&d=mm&r=g","caption":"DIFUSI\u00d3N COLOMBIA INTELIGENTE"},"url":"https:\/\/colombiainteligente.org\/es_co\/author\/difusioncolombiainteligente-org\/"}]}},"_links":{"self":[{"href":"https:\/\/colombiainteligente.org\/es_co\/wp-json\/wp\/v2\/posts\/6299","targetHints":{"allow":["GET"]}}],"collection":[{"href":"https:\/\/colombiainteligente.org\/es_co\/wp-json\/wp\/v2\/posts"}],"about":[{"href":"https:\/\/colombiainteligente.org\/es_co\/wp-json\/wp\/v2\/types\/post"}],"author":[{"embeddable":true,"href":"https:\/\/colombiainteligente.org\/es_co\/wp-json\/wp\/v2\/users\/23"}],"replies":[{"embeddable":true,"href":"https:\/\/colombiainteligente.org\/es_co\/wp-json\/wp\/v2\/comments?post=6299"}],"version-history":[{"count":4,"href":"https:\/\/colombiainteligente.org\/es_co\/wp-json\/wp\/v2\/posts\/6299\/revisions"}],"predecessor-version":[{"id":6304,"href":"https:\/\/colombiainteligente.org\/es_co\/wp-json\/wp\/v2\/posts\/6299\/revisions\/6304"}],"wp:featuredmedia":[{"embeddable":true,"href":"https:\/\/colombiainteligente.org\/es_co\/wp-json\/wp\/v2\/media\/6300"}],"wp:attachment":[{"href":"https:\/\/colombiainteligente.org\/es_co\/wp-json\/wp\/v2\/media?parent=6299"}],"wp:term":[{"taxonomy":"category","embeddable":true,"href":"https:\/\/colombiainteligente.org\/es_co\/wp-json\/wp\/v2\/categories?post=6299"},{"taxonomy":"post_tag","embeddable":true,"href":"https:\/\/colombiainteligente.org\/es_co\/wp-json\/wp\/v2\/tags?post=6299"}],"curies":[{"name":"wp","href":"https:\/\/api.w.org\/{rel}","templated":true}]}}