{"id":66390,"date":"2026-02-03T17:33:14","date_gmt":"2026-02-03T22:33:14","guid":{"rendered":"https:\/\/colombiainteligente.org\/?p=66390"},"modified":"2026-02-03T17:38:21","modified_gmt":"2026-02-03T22:38:21","slug":"latin-america-in-the-intelligent-age-a-new-path-for-growth","status":"publish","type":"post","link":"https:\/\/colombiainteligente.org\/es_co\/tendencias\/latin-america-in-the-intelligent-age-a-new-path-for-growth\/","title":{"rendered":"Latin America in the Intelligent Age: A New Path for Growth"},"content":{"rendered":"<div data-elementor-type=\"wp-post\" data-elementor-id=\"66390\" class=\"elementor elementor-66390\" data-elementor-post-type=\"post\">\n\t\t\t\t\t\t\t\t\t<section class=\"elementor-section elementor-top-section elementor-element elementor-element-87c6aa2 elementor-section-boxed elementor-section-height-default elementor-section-height-default\" data-id=\"87c6aa2\" data-element_type=\"section\">\n\t\t\t\t\t\t<div class=\"elementor-container elementor-column-gap-default\">\n\t\t\t\t\t<div class=\"elementor-column elementor-col-100 elementor-top-column elementor-element elementor-element-558bb819\" data-id=\"558bb819\" data-element_type=\"column\">\n\t\t\t<div class=\"elementor-widget-wrap elementor-element-populated\">\n\t\t\t\t\t\t\t\t<div class=\"elementor-element elementor-element-3067325c elementor-widget elementor-widget-text-editor\" data-id=\"3067325c\" data-element_type=\"widget\" data-widget_type=\"text-editor.default\">\n\t\t\t\t<div class=\"elementor-widget-container\">\n\t\t\t<style>\/*! elementor - v3.14.0 - 26-06-2023 *\/\n.elementor-widget-text-editor.elementor-drop-cap-view-stacked .elementor-drop-cap{background-color:#69727d;color:#fff}.elementor-widget-text-editor.elementor-drop-cap-view-framed .elementor-drop-cap{color:#69727d;border:3px solid;background-color:transparent}.elementor-widget-text-editor:not(.elementor-drop-cap-view-default) .elementor-drop-cap{margin-top:8px}.elementor-widget-text-editor:not(.elementor-drop-cap-view-default) .elementor-drop-cap-letter{width:1em;height:1em}.elementor-widget-text-editor .elementor-drop-cap{float:left;text-align:center;line-height:1;font-size:50px}.elementor-widget-text-editor .elementor-drop-cap-letter{display:inline-block}<\/style>\t\t\t\t<p style=\"margin-top: 5pt; margin-bottom: 5pt; font-family: Calibri; font-size: 11.0pt;\">Am\u00e9rica Latina atraviesa una etapa de transformaci\u00f3n marcada por la convergencia entre tecnolog\u00edas digitales avanzadas, cambios productivos y tensiones estructurales persistentes. En este escenario, la denominada era inteligente se presenta como una oportunidad para redefinir modelos de desarrollo, siempre que la adopci\u00f3n tecnol\u00f3gica se articule con pol\u00edticas p\u00fablicas, capacidades institucionales y estrategias de inclusi\u00f3n social. Lejos de limitarse a la digitalizaci\u00f3n de procesos, esta transici\u00f3n implica una reorganizaci\u00f3n profunda de la econom\u00eda, el mercado laboral y la relaci\u00f3n entre el Estado, las empresas y la ciudadan\u00eda.<\/p><p style=\"margin-top: 5pt; margin-bottom: 5pt; font-family: Calibri; font-size: 11.0pt;\">En primer lugar, la regi\u00f3n muestra avances desiguales en la incorporaci\u00f3n de tecnolog\u00edas como inteligencia artificial, an\u00e1lisis de datos, automatizaci\u00f3n y plataformas digitales. Mientras algunos sectores productivos y urbanos experimentan mejoras en eficiencia y competitividad, amplios segmentos de la poblaci\u00f3n permanecen al margen de estos beneficios. Por consiguiente, la brecha digital no solo se manifiesta en el acceso a conectividad, sino tambi\u00e9n en la capacidad de usar tecnolog\u00edas de forma productiva, segura y sostenible. A su vez, el impacto de la era inteligente sobre el empleo introduce tensiones relevantes. Por un lado, la automatizaci\u00f3n redefine tareas y perfiles laborales, desplazando ciertos trabajos rutinarios; por otro, emergen nuevas ocupaciones vinculadas a servicios digitales, gesti\u00f3n de datos y tecnolog\u00edas avanzadas. Sin embargo, esta recomposici\u00f3n del mercado laboral exige sistemas de formaci\u00f3n m\u00e1s flexibles y una actualizaci\u00f3n constante de habilidades. En ausencia de estas adaptaciones, los beneficios de la transformaci\u00f3n tecnol\u00f3gica tienden a concentrarse, profundizando desigualdades existentes.<\/p><p style=\"margin-top: 5pt; margin-bottom: 5pt; font-family: Calibri; font-size: 11.0pt;\">Desde la perspectiva productiva, la adopci\u00f3n de tecnolog\u00edas inteligentes abre posibilidades para diversificar econom\u00edas hist\u00f3ricamente dependientes de sectores primarios. Mediante la digitalizaci\u00f3n de cadenas de valor, la optimizaci\u00f3n log\u00edstica y el uso de datos, las empresas pueden mejorar productividad e integraci\u00f3n regional. No obstante, este proceso requiere ecosistemas de innovaci\u00f3n que conecten al sector privado, la academia y el Estado, adem\u00e1s de marcos regulatorios que promuevan competencia, inversi\u00f3n y confianza. A su vez, la gobernanza de las tecnolog\u00edas adquiere una relevancia creciente. El uso extensivo de datos y algoritmos plantea interrogantes relacionados con privacidad, ciberseguridad, transparencia y rendici\u00f3n de cuentas. Frente a ello, se plantea la necesidad de construir marcos normativos que equilibren innovaci\u00f3n y protecci\u00f3n de derechos, evitando tanto la sobrerregulaci\u00f3n como la ausencia de reglas. De esta manera, la confianza se convierte en un componente habilitador para la adopci\u00f3n tecnol\u00f3gica a gran escala.<\/p><p style=\"margin-top: 5pt; margin-bottom: 5pt; font-family: Calibri; font-size: 11.0pt;\">El sector p\u00fablico enfrenta, asimismo, un proceso de transformaci\u00f3n interna. La digitalizaci\u00f3n del Estado permite mejorar la provisi\u00f3n de servicios, aumentar la eficiencia administrativa y fortalecer la relaci\u00f3n con la ciudadan\u00eda. Al mismo tiempo, el uso de herramientas inteligentes en pol\u00edticas p\u00fablicas facilita una toma de decisiones basada en evidencia. Con todo, estos avances dependen de capacidades institucionales s\u00f3lidas, interoperabilidad de sistemas y talento humano especializado. En otra instancia, la transici\u00f3n hacia la era inteligente se vincula con objetivos de sostenibilidad y resiliencia. Las tecnolog\u00edas digitales pueden contribuir a una mejor gesti\u00f3n de recursos, al monitoreo ambiental y a la mitigaci\u00f3n de riesgos clim\u00e1ticos. Aun as\u00ed, estos beneficios no se materializan de forma autom\u00e1tica, sino que dependen de decisiones estrat\u00e9gicas que alineen innovaci\u00f3n tecnol\u00f3gica con desarrollo inclusivo.<\/p><p style=\"margin-top: 5pt; margin-bottom: 5pt; font-family: Calibri; font-size: 11.0pt;\">El avance de Am\u00e9rica Latina en la era inteligente se configura como un proceso complejo y heterog\u00e9neo. La tecnolog\u00eda ofrece herramientas poderosas para transformar econom\u00edas y sociedades; sin embargo, su impacto final estar\u00e1 determinado por la capacidad de la regi\u00f3n para combinar innovaci\u00f3n, pol\u00edticas p\u00fablicas efectivas y un enfoque centrado en las personas.<\/p><p align=\"justify\"><span style=\"color: #800000;\"><b>Para leer m\u00e1s ingrese a:<\/b><\/span><\/p><p style=\"margin: 0in; font-family: Calibri; font-size: 11.0pt;\"><a href=\"https:\/\/www.weforum.org\/publications\/latin-america-in-the-intelligent-age-a-new-path-for-growth\/\">https:\/\/www.weforum.org\/publications\/latin-america-in-the-intelligent-age-a-new-path-for-growth\/ <\/a><\/p><p style=\"margin: 0in; font-family: Calibri; font-size: 11.0pt;\"><a href=\"https:\/\/reports.weforum.org\/docs\/WEF_Latin_America_Intelligent_Age.pdf\">https:\/\/reports.weforum.org\/docs\/WEF_Latin_America_Intelligent_Age.pdf <\/a><\/p>\t\t\t\t\t\t<\/div>\n\t\t\t\t<\/div>\n\t\t\t\t\t<\/div>\n\t\t<\/div>\n\t\t\t\t\t\t\t<\/div>\n\t\t<\/section>\n\t\t\t\t\t\t\t<\/div>\n\t\t<div style=\"text-align:center\" class=\"yasr-auto-insert-visitor\"><\/div>","protected":false},"excerpt":{"rendered":"<p>La era inteligente redefine las trayectorias de desarrollo en Am\u00e9rica Latina mediante la integraci\u00f3n de tecnolog\u00edas digitales avanzadas en la econom\u00eda, el trabajo y la gesti\u00f3n p\u00fablica. Este proceso genera oportunidades para mejorar productividad, diversificar estructuras productivas y modernizar servicios, aunque tambi\u00e9n expone brechas persistentes en acceso, capacidades y uso efectivo de la tecnolog\u00eda. La transformaci\u00f3n del mercado laboral refleja esta dualidad. Mientras la automatizaci\u00f3n reconfigura tareas tradicionales, surgen nuevas ocupaciones asociadas a datos, plataformas digitales y servicios tecnol\u00f3gicos. En este contexto, la formaci\u00f3n continua y la adaptaci\u00f3n de los sistemas educativos resultan determinantes para evitar una mayor segmentaci\u00f3n social. De manera paralela, la digitalizaci\u00f3n empresarial impulsa eficiencia e integraci\u00f3n regional, siempre que exista un entorno regulatorio que favorezca la innovaci\u00f3n y la competencia. La gobernanza tecnol\u00f3gica emerge como un eje transversal, especialmente frente a desaf\u00edos vinculados a privacidad, seguridad y uso responsable de datos. Asimismo, el sector p\u00fablico avanza hacia modelos m\u00e1s digitales y basados en evidencia, con potencial para mejorar la calidad de los servicios. De este modo, la era inteligente ofrece un marco para impulsar desarrollo inclusivo, aunque su aprovechamiento depende de decisiones coordinadas que articulen tecnolog\u00eda, pol\u00edticas p\u00fablicas y capacidades humanas. <\/p>","protected":false},"author":23,"featured_media":66391,"comment_status":"open","ping_status":"open","sticky":false,"template":"","format":"standard","meta":{"yasr_overall_rating":0,"yasr_post_is_review":"","yasr_auto_insert_disabled":"","yasr_review_type":"","footnotes":""},"categories":[55,53],"tags":[],"class_list":["post-66390","post","type-post","status-publish","format-standard","has-post-thumbnail","hentry","category-digitalizacion","category-tendencias"],"yasr_visitor_votes":{"number_of_votes":0,"sum_votes":0,"stars_attributes":{"read_only":false,"span_bottom":false}},"yoast_head":"<!-- This site is optimized with the Yoast SEO plugin v27.3 - https:\/\/yoast.com\/product\/yoast-seo-wordpress\/ -->\n<title>Latin America in the Intelligent Age: A New Path for Growth - Colombia Inteligente<\/title>\n<meta name=\"robots\" content=\"index, follow, max-snippet:-1, max-image-preview:large, max-video-preview:-1\" \/>\n<link rel=\"canonical\" href=\"https:\/\/colombiainteligente.org\/es_co\/tendencias\/latin-america-in-the-intelligent-age-a-new-path-for-growth\/\" \/>\n<meta property=\"og:locale\" content=\"es_ES\" \/>\n<meta property=\"og:type\" content=\"article\" \/>\n<meta property=\"og:title\" content=\"Latin America in the Intelligent Age: A New Path for Growth - Colombia Inteligente\" \/>\n<meta property=\"og:description\" content=\"La era inteligente redefine las trayectorias de desarrollo en Am\u00e9rica Latina mediante la integraci\u00f3n de tecnolog\u00edas digitales avanzadas en la econom\u00eda, el trabajo y la gesti\u00f3n p\u00fablica. Este proceso genera oportunidades para mejorar productividad, diversificar estructuras productivas y modernizar servicios, aunque tambi\u00e9n expone brechas persistentes en acceso, capacidades y uso efectivo de la tecnolog\u00eda. La transformaci\u00f3n del mercado laboral refleja esta dualidad. Mientras la automatizaci\u00f3n reconfigura tareas tradicionales, surgen nuevas ocupaciones asociadas a datos, plataformas digitales y servicios tecnol\u00f3gicos. En este contexto, la formaci\u00f3n continua y la adaptaci\u00f3n de los sistemas educativos resultan determinantes para evitar una mayor segmentaci\u00f3n social. De manera paralela, la digitalizaci\u00f3n empresarial impulsa eficiencia e integraci\u00f3n regional, siempre que exista un entorno regulatorio que favorezca la innovaci\u00f3n y la competencia. La gobernanza tecnol\u00f3gica emerge como un eje transversal, especialmente frente a desaf\u00edos vinculados a privacidad, seguridad y uso responsable de datos. Asimismo, el sector p\u00fablico avanza hacia modelos m\u00e1s digitales y basados en evidencia, con potencial para mejorar la calidad de los servicios. De este modo, la era inteligente ofrece un marco para impulsar desarrollo inclusivo, aunque su aprovechamiento depende de decisiones coordinadas que articulen tecnolog\u00eda, pol\u00edticas p\u00fablicas y capacidades humanas.\" \/>\n<meta property=\"og:url\" content=\"https:\/\/colombiainteligente.org\/es_co\/tendencias\/latin-america-in-the-intelligent-age-a-new-path-for-growth\/\" \/>\n<meta property=\"og:site_name\" content=\"Colombia Inteligente\" \/>\n<meta property=\"article:published_time\" content=\"2026-02-03T22:33:14+00:00\" \/>\n<meta property=\"article:modified_time\" content=\"2026-02-03T22:38:21+00:00\" \/>\n<meta property=\"og:image\" content=\"https:\/\/colombiainteligente.org\/wp-content\/uploads\/2026\/02\/04-Digitalizacion-4400226.png\" \/>\n\t<meta property=\"og:image:width\" content=\"808\" \/>\n\t<meta property=\"og:image:height\" content=\"1140\" \/>\n\t<meta property=\"og:image:type\" content=\"image\/png\" \/>\n<meta name=\"author\" content=\"DIFUSI\u00d3N COLOMBIA INTELIGENTE\" \/>\n<meta name=\"twitter:card\" content=\"summary_large_image\" \/>\n<meta name=\"twitter:creator\" content=\"@colombiaintelig\" \/>\n<meta name=\"twitter:site\" content=\"@colombiaintelig\" \/>\n<meta name=\"twitter:label1\" content=\"Escrito por\" \/>\n\t<meta name=\"twitter:data1\" content=\"DIFUSI\u00d3N COLOMBIA INTELIGENTE\" \/>\n\t<meta name=\"twitter:label2\" content=\"Tiempo estimado de lectura\" \/>\n\t<meta name=\"twitter:data2\" content=\"3 minutos\" \/>\n<script type=\"application\/ld+json\" class=\"yoast-schema-graph\">{\"@context\":\"https:\\\/\\\/schema.org\",\"@graph\":[{\"@type\":\"Article\",\"@id\":\"https:\\\/\\\/colombiainteligente.org\\\/tendencias\\\/latin-america-in-the-intelligent-age-a-new-path-for-growth\\\/#article\",\"isPartOf\":{\"@id\":\"https:\\\/\\\/colombiainteligente.org\\\/tendencias\\\/latin-america-in-the-intelligent-age-a-new-path-for-growth\\\/\"},\"author\":{\"name\":\"DIFUSI\u00d3N COLOMBIA INTELIGENTE\",\"@id\":\"https:\\\/\\\/colombiainteligente.org\\\/#\\\/schema\\\/person\\\/e207145d548b75a6d339ff1d4d3b0432\"},\"headline\":\"Latin America in the Intelligent Age: A New Path for Growth\",\"datePublished\":\"2026-02-03T22:33:14+00:00\",\"dateModified\":\"2026-02-03T22:38:21+00:00\",\"mainEntityOfPage\":{\"@id\":\"https:\\\/\\\/colombiainteligente.org\\\/tendencias\\\/latin-america-in-the-intelligent-age-a-new-path-for-growth\\\/\"},\"wordCount\":674,\"commentCount\":0,\"publisher\":{\"@id\":\"https:\\\/\\\/colombiainteligente.org\\\/#organization\"},\"image\":{\"@id\":\"https:\\\/\\\/colombiainteligente.org\\\/tendencias\\\/latin-america-in-the-intelligent-age-a-new-path-for-growth\\\/#primaryimage\"},\"thumbnailUrl\":\"https:\\\/\\\/colombiainteligente.org\\\/wp-content\\\/uploads\\\/2026\\\/02\\\/04-Digitalizacion-4400226.png\",\"articleSection\":[\"Digitalizaci\u00f3n\",\"Tendencias\"],\"inLanguage\":\"es-CO\",\"potentialAction\":[{\"@type\":\"CommentAction\",\"name\":\"Comment\",\"target\":[\"https:\\\/\\\/colombiainteligente.org\\\/tendencias\\\/latin-america-in-the-intelligent-age-a-new-path-for-growth\\\/#respond\"]}]},{\"@type\":\"WebPage\",\"@id\":\"https:\\\/\\\/colombiainteligente.org\\\/tendencias\\\/latin-america-in-the-intelligent-age-a-new-path-for-growth\\\/\",\"url\":\"https:\\\/\\\/colombiainteligente.org\\\/tendencias\\\/latin-america-in-the-intelligent-age-a-new-path-for-growth\\\/\",\"name\":\"Latin America in the Intelligent Age: A New Path for Growth - Colombia Inteligente\",\"isPartOf\":{\"@id\":\"https:\\\/\\\/colombiainteligente.org\\\/#website\"},\"primaryImageOfPage\":{\"@id\":\"https:\\\/\\\/colombiainteligente.org\\\/tendencias\\\/latin-america-in-the-intelligent-age-a-new-path-for-growth\\\/#primaryimage\"},\"image\":{\"@id\":\"https:\\\/\\\/colombiainteligente.org\\\/tendencias\\\/latin-america-in-the-intelligent-age-a-new-path-for-growth\\\/#primaryimage\"},\"thumbnailUrl\":\"https:\\\/\\\/colombiainteligente.org\\\/wp-content\\\/uploads\\\/2026\\\/02\\\/04-Digitalizacion-4400226.png\",\"datePublished\":\"2026-02-03T22:33:14+00:00\",\"dateModified\":\"2026-02-03T22:38:21+00:00\",\"breadcrumb\":{\"@id\":\"https:\\\/\\\/colombiainteligente.org\\\/tendencias\\\/latin-america-in-the-intelligent-age-a-new-path-for-growth\\\/#breadcrumb\"},\"inLanguage\":\"es-CO\",\"potentialAction\":[{\"@type\":\"ReadAction\",\"target\":[\"https:\\\/\\\/colombiainteligente.org\\\/tendencias\\\/latin-america-in-the-intelligent-age-a-new-path-for-growth\\\/\"]}]},{\"@type\":\"ImageObject\",\"inLanguage\":\"es-CO\",\"@id\":\"https:\\\/\\\/colombiainteligente.org\\\/tendencias\\\/latin-america-in-the-intelligent-age-a-new-path-for-growth\\\/#primaryimage\",\"url\":\"https:\\\/\\\/colombiainteligente.org\\\/wp-content\\\/uploads\\\/2026\\\/02\\\/04-Digitalizacion-4400226.png\",\"contentUrl\":\"https:\\\/\\\/colombiainteligente.org\\\/wp-content\\\/uploads\\\/2026\\\/02\\\/04-Digitalizacion-4400226.png\",\"width\":808,\"height\":1140},{\"@type\":\"BreadcrumbList\",\"@id\":\"https:\\\/\\\/colombiainteligente.org\\\/tendencias\\\/latin-america-in-the-intelligent-age-a-new-path-for-growth\\\/#breadcrumb\",\"itemListElement\":[{\"@type\":\"ListItem\",\"position\":1,\"name\":\"Portada\",\"item\":\"https:\\\/\\\/colombiainteligente.org\\\/\"},{\"@type\":\"ListItem\",\"position\":2,\"name\":\"Latin America in the Intelligent Age: A New Path for Growth\"}]},{\"@type\":\"WebSite\",\"@id\":\"https:\\\/\\\/colombiainteligente.org\\\/#website\",\"url\":\"https:\\\/\\\/colombiainteligente.org\\\/\",\"name\":\"Colombia Inteligente\",\"description\":\"Alianza estrat\u00e9gica, conformada por empresas y entidades, para la inserci\u00f3n integral y eficiente de las redes inteligentes a la infraestructura del sector el\u00e9ctrico colombiano\",\"publisher\":{\"@id\":\"https:\\\/\\\/colombiainteligente.org\\\/#organization\"},\"potentialAction\":[{\"@type\":\"SearchAction\",\"target\":{\"@type\":\"EntryPoint\",\"urlTemplate\":\"https:\\\/\\\/colombiainteligente.org\\\/?s={search_term_string}\"},\"query-input\":{\"@type\":\"PropertyValueSpecification\",\"valueRequired\":true,\"valueName\":\"search_term_string\"}}],\"inLanguage\":\"es-CO\"},{\"@type\":\"Organization\",\"@id\":\"https:\\\/\\\/colombiainteligente.org\\\/#organization\",\"name\":\"Colombia Inteligente\",\"url\":\"https:\\\/\\\/colombiainteligente.org\\\/\",\"logo\":{\"@type\":\"ImageObject\",\"inLanguage\":\"es-CO\",\"@id\":\"https:\\\/\\\/colombiainteligente.org\\\/#\\\/schema\\\/logo\\\/image\\\/\",\"url\":\"https:\\\/\\\/colombiainteligente.org\\\/wp-content\\\/uploads\\\/2022\\\/07\\\/Image.png\",\"contentUrl\":\"https:\\\/\\\/colombiainteligente.org\\\/wp-content\\\/uploads\\\/2022\\\/07\\\/Image.png\",\"width\":588,\"height\":274,\"caption\":\"Colombia Inteligente\"},\"image\":{\"@id\":\"https:\\\/\\\/colombiainteligente.org\\\/#\\\/schema\\\/logo\\\/image\\\/\"},\"sameAs\":[\"https:\\\/\\\/x.com\\\/colombiaintelig\",\"https:\\\/\\\/www.linkedin.com\\\/company\\\/colombiainteligente\\\/\"]},{\"@type\":\"Person\",\"@id\":\"https:\\\/\\\/colombiainteligente.org\\\/#\\\/schema\\\/person\\\/e207145d548b75a6d339ff1d4d3b0432\",\"name\":\"DIFUSI\u00d3N COLOMBIA INTELIGENTE\",\"image\":{\"@type\":\"ImageObject\",\"inLanguage\":\"es-CO\",\"@id\":\"https:\\\/\\\/secure.gravatar.com\\\/avatar\\\/df2e679ff2abf288cf4bf58830dad897e596908105ec8969f50f748a6d837869?s=96&d=mm&r=g\",\"url\":\"https:\\\/\\\/secure.gravatar.com\\\/avatar\\\/df2e679ff2abf288cf4bf58830dad897e596908105ec8969f50f748a6d837869?s=96&d=mm&r=g\",\"contentUrl\":\"https:\\\/\\\/secure.gravatar.com\\\/avatar\\\/df2e679ff2abf288cf4bf58830dad897e596908105ec8969f50f748a6d837869?s=96&d=mm&r=g\",\"caption\":\"DIFUSI\u00d3N COLOMBIA INTELIGENTE\"},\"url\":\"https:\\\/\\\/colombiainteligente.org\\\/es_co\\\/author\\\/difusioncolombiainteligente-org\\\/\"}]}<\/script>\n<!-- \/ Yoast SEO plugin. -->","yoast_head_json":{"title":"Latin America in the Intelligent Age: A New Path for Growth - Colombia Inteligente","robots":{"index":"index","follow":"follow","max-snippet":"max-snippet:-1","max-image-preview":"max-image-preview:large","max-video-preview":"max-video-preview:-1"},"canonical":"https:\/\/colombiainteligente.org\/es_co\/tendencias\/latin-america-in-the-intelligent-age-a-new-path-for-growth\/","og_locale":"es_ES","og_type":"article","og_title":"Latin America in the Intelligent Age: A New Path for Growth - Colombia Inteligente","og_description":"La era inteligente redefine las trayectorias de desarrollo en Am\u00e9rica Latina mediante la integraci\u00f3n de tecnolog\u00edas digitales avanzadas en la econom\u00eda, el trabajo y la gesti\u00f3n p\u00fablica. Este proceso genera oportunidades para mejorar productividad, diversificar estructuras productivas y modernizar servicios, aunque tambi\u00e9n expone brechas persistentes en acceso, capacidades y uso efectivo de la tecnolog\u00eda. La transformaci\u00f3n del mercado laboral refleja esta dualidad. Mientras la automatizaci\u00f3n reconfigura tareas tradicionales, surgen nuevas ocupaciones asociadas a datos, plataformas digitales y servicios tecnol\u00f3gicos. En este contexto, la formaci\u00f3n continua y la adaptaci\u00f3n de los sistemas educativos resultan determinantes para evitar una mayor segmentaci\u00f3n social. De manera paralela, la digitalizaci\u00f3n empresarial impulsa eficiencia e integraci\u00f3n regional, siempre que exista un entorno regulatorio que favorezca la innovaci\u00f3n y la competencia. La gobernanza tecnol\u00f3gica emerge como un eje transversal, especialmente frente a desaf\u00edos vinculados a privacidad, seguridad y uso responsable de datos. Asimismo, el sector p\u00fablico avanza hacia modelos m\u00e1s digitales y basados en evidencia, con potencial para mejorar la calidad de los servicios. De este modo, la era inteligente ofrece un marco para impulsar desarrollo inclusivo, aunque su aprovechamiento depende de decisiones coordinadas que articulen tecnolog\u00eda, pol\u00edticas p\u00fablicas y capacidades humanas.","og_url":"https:\/\/colombiainteligente.org\/es_co\/tendencias\/latin-america-in-the-intelligent-age-a-new-path-for-growth\/","og_site_name":"Colombia Inteligente","article_published_time":"2026-02-03T22:33:14+00:00","article_modified_time":"2026-02-03T22:38:21+00:00","og_image":[{"width":808,"height":1140,"url":"https:\/\/colombiainteligente.org\/wp-content\/uploads\/2026\/02\/04-Digitalizacion-4400226.png","type":"image\/png"}],"author":"DIFUSI\u00d3N COLOMBIA INTELIGENTE","twitter_card":"summary_large_image","twitter_creator":"@colombiaintelig","twitter_site":"@colombiaintelig","twitter_misc":{"Escrito por":"DIFUSI\u00d3N COLOMBIA INTELIGENTE","Tiempo estimado de lectura":"3 minutos"},"schema":{"@context":"https:\/\/schema.org","@graph":[{"@type":"Article","@id":"https:\/\/colombiainteligente.org\/tendencias\/latin-america-in-the-intelligent-age-a-new-path-for-growth\/#article","isPartOf":{"@id":"https:\/\/colombiainteligente.org\/tendencias\/latin-america-in-the-intelligent-age-a-new-path-for-growth\/"},"author":{"name":"DIFUSI\u00d3N COLOMBIA INTELIGENTE","@id":"https:\/\/colombiainteligente.org\/#\/schema\/person\/e207145d548b75a6d339ff1d4d3b0432"},"headline":"Latin America in the Intelligent Age: A New Path for Growth","datePublished":"2026-02-03T22:33:14+00:00","dateModified":"2026-02-03T22:38:21+00:00","mainEntityOfPage":{"@id":"https:\/\/colombiainteligente.org\/tendencias\/latin-america-in-the-intelligent-age-a-new-path-for-growth\/"},"wordCount":674,"commentCount":0,"publisher":{"@id":"https:\/\/colombiainteligente.org\/#organization"},"image":{"@id":"https:\/\/colombiainteligente.org\/tendencias\/latin-america-in-the-intelligent-age-a-new-path-for-growth\/#primaryimage"},"thumbnailUrl":"https:\/\/colombiainteligente.org\/wp-content\/uploads\/2026\/02\/04-Digitalizacion-4400226.png","articleSection":["Digitalizaci\u00f3n","Tendencias"],"inLanguage":"es-CO","potentialAction":[{"@type":"CommentAction","name":"Comment","target":["https:\/\/colombiainteligente.org\/tendencias\/latin-america-in-the-intelligent-age-a-new-path-for-growth\/#respond"]}]},{"@type":"WebPage","@id":"https:\/\/colombiainteligente.org\/tendencias\/latin-america-in-the-intelligent-age-a-new-path-for-growth\/","url":"https:\/\/colombiainteligente.org\/tendencias\/latin-america-in-the-intelligent-age-a-new-path-for-growth\/","name":"Latin America in the Intelligent Age: A New Path for Growth - Colombia Inteligente","isPartOf":{"@id":"https:\/\/colombiainteligente.org\/#website"},"primaryImageOfPage":{"@id":"https:\/\/colombiainteligente.org\/tendencias\/latin-america-in-the-intelligent-age-a-new-path-for-growth\/#primaryimage"},"image":{"@id":"https:\/\/colombiainteligente.org\/tendencias\/latin-america-in-the-intelligent-age-a-new-path-for-growth\/#primaryimage"},"thumbnailUrl":"https:\/\/colombiainteligente.org\/wp-content\/uploads\/2026\/02\/04-Digitalizacion-4400226.png","datePublished":"2026-02-03T22:33:14+00:00","dateModified":"2026-02-03T22:38:21+00:00","breadcrumb":{"@id":"https:\/\/colombiainteligente.org\/tendencias\/latin-america-in-the-intelligent-age-a-new-path-for-growth\/#breadcrumb"},"inLanguage":"es-CO","potentialAction":[{"@type":"ReadAction","target":["https:\/\/colombiainteligente.org\/tendencias\/latin-america-in-the-intelligent-age-a-new-path-for-growth\/"]}]},{"@type":"ImageObject","inLanguage":"es-CO","@id":"https:\/\/colombiainteligente.org\/tendencias\/latin-america-in-the-intelligent-age-a-new-path-for-growth\/#primaryimage","url":"https:\/\/colombiainteligente.org\/wp-content\/uploads\/2026\/02\/04-Digitalizacion-4400226.png","contentUrl":"https:\/\/colombiainteligente.org\/wp-content\/uploads\/2026\/02\/04-Digitalizacion-4400226.png","width":808,"height":1140},{"@type":"BreadcrumbList","@id":"https:\/\/colombiainteligente.org\/tendencias\/latin-america-in-the-intelligent-age-a-new-path-for-growth\/#breadcrumb","itemListElement":[{"@type":"ListItem","position":1,"name":"Portada","item":"https:\/\/colombiainteligente.org\/"},{"@type":"ListItem","position":2,"name":"Latin America in the Intelligent Age: A New Path for Growth"}]},{"@type":"WebSite","@id":"https:\/\/colombiainteligente.org\/#website","url":"https:\/\/colombiainteligente.org\/","name":"Colombia Inteligente","description":"Alianza estrat\u00e9gica, conformada por empresas y entidades, para la inserci\u00f3n integral y eficiente de las redes inteligentes a la infraestructura del sector el\u00e9ctrico colombiano","publisher":{"@id":"https:\/\/colombiainteligente.org\/#organization"},"potentialAction":[{"@type":"SearchAction","target":{"@type":"EntryPoint","urlTemplate":"https:\/\/colombiainteligente.org\/?s={search_term_string}"},"query-input":{"@type":"PropertyValueSpecification","valueRequired":true,"valueName":"search_term_string"}}],"inLanguage":"es-CO"},{"@type":"Organization","@id":"https:\/\/colombiainteligente.org\/#organization","name":"Colombia Inteligente","url":"https:\/\/colombiainteligente.org\/","logo":{"@type":"ImageObject","inLanguage":"es-CO","@id":"https:\/\/colombiainteligente.org\/#\/schema\/logo\/image\/","url":"https:\/\/colombiainteligente.org\/wp-content\/uploads\/2022\/07\/Image.png","contentUrl":"https:\/\/colombiainteligente.org\/wp-content\/uploads\/2022\/07\/Image.png","width":588,"height":274,"caption":"Colombia Inteligente"},"image":{"@id":"https:\/\/colombiainteligente.org\/#\/schema\/logo\/image\/"},"sameAs":["https:\/\/x.com\/colombiaintelig","https:\/\/www.linkedin.com\/company\/colombiainteligente\/"]},{"@type":"Person","@id":"https:\/\/colombiainteligente.org\/#\/schema\/person\/e207145d548b75a6d339ff1d4d3b0432","name":"DIFUSI\u00d3N COLOMBIA INTELIGENTE","image":{"@type":"ImageObject","inLanguage":"es-CO","@id":"https:\/\/secure.gravatar.com\/avatar\/df2e679ff2abf288cf4bf58830dad897e596908105ec8969f50f748a6d837869?s=96&d=mm&r=g","url":"https:\/\/secure.gravatar.com\/avatar\/df2e679ff2abf288cf4bf58830dad897e596908105ec8969f50f748a6d837869?s=96&d=mm&r=g","contentUrl":"https:\/\/secure.gravatar.com\/avatar\/df2e679ff2abf288cf4bf58830dad897e596908105ec8969f50f748a6d837869?s=96&d=mm&r=g","caption":"DIFUSI\u00d3N COLOMBIA INTELIGENTE"},"url":"https:\/\/colombiainteligente.org\/es_co\/author\/difusioncolombiainteligente-org\/"}]}},"_links":{"self":[{"href":"https:\/\/colombiainteligente.org\/es_co\/wp-json\/wp\/v2\/posts\/66390","targetHints":{"allow":["GET"]}}],"collection":[{"href":"https:\/\/colombiainteligente.org\/es_co\/wp-json\/wp\/v2\/posts"}],"about":[{"href":"https:\/\/colombiainteligente.org\/es_co\/wp-json\/wp\/v2\/types\/post"}],"author":[{"embeddable":true,"href":"https:\/\/colombiainteligente.org\/es_co\/wp-json\/wp\/v2\/users\/23"}],"replies":[{"embeddable":true,"href":"https:\/\/colombiainteligente.org\/es_co\/wp-json\/wp\/v2\/comments?post=66390"}],"version-history":[{"count":7,"href":"https:\/\/colombiainteligente.org\/es_co\/wp-json\/wp\/v2\/posts\/66390\/revisions"}],"predecessor-version":[{"id":66398,"href":"https:\/\/colombiainteligente.org\/es_co\/wp-json\/wp\/v2\/posts\/66390\/revisions\/66398"}],"wp:featuredmedia":[{"embeddable":true,"href":"https:\/\/colombiainteligente.org\/es_co\/wp-json\/wp\/v2\/media\/66391"}],"wp:attachment":[{"href":"https:\/\/colombiainteligente.org\/es_co\/wp-json\/wp\/v2\/media?parent=66390"}],"wp:term":[{"taxonomy":"category","embeddable":true,"href":"https:\/\/colombiainteligente.org\/es_co\/wp-json\/wp\/v2\/categories?post=66390"},{"taxonomy":"post_tag","embeddable":true,"href":"https:\/\/colombiainteligente.org\/es_co\/wp-json\/wp\/v2\/tags?post=66390"}],"curies":[{"name":"wp","href":"https:\/\/api.w.org\/{rel}","templated":true}]}}