{"id":67497,"date":"2026-03-04T16:00:39","date_gmt":"2026-03-04T21:00:39","guid":{"rendered":"https:\/\/colombiainteligente.org\/?p=67497"},"modified":"2026-03-04T16:02:40","modified_gmt":"2026-03-04T21:02:40","slug":"energia-flexible-para-el-futuro-integracion-del-almacenamiento-en-el-sistema-electrico-colombiano","status":"publish","type":"post","link":"https:\/\/colombiainteligente.org\/es_co\/tendencias\/energia-flexible-para-el-futuro-integracion-del-almacenamiento-en-el-sistema-electrico-colombiano\/","title":{"rendered":"Energ\u00eda flexible para el futuro: integraci\u00f3n del almacenamiento en el sistema el\u00e9ctrico colombiano"},"content":{"rendered":"<div data-elementor-type=\"wp-post\" data-elementor-id=\"67497\" class=\"elementor elementor-67497\" data-elementor-post-type=\"post\">\n\t\t\t\t\t\t\t\t\t<section class=\"elementor-section elementor-top-section elementor-element elementor-element-87c6aa2 elementor-section-boxed elementor-section-height-default elementor-section-height-default\" data-id=\"87c6aa2\" data-element_type=\"section\">\n\t\t\t\t\t\t<div class=\"elementor-container elementor-column-gap-default\">\n\t\t\t\t\t<div class=\"elementor-column elementor-col-100 elementor-top-column elementor-element elementor-element-558bb819\" data-id=\"558bb819\" data-element_type=\"column\">\n\t\t\t<div class=\"elementor-widget-wrap elementor-element-populated\">\n\t\t\t\t\t\t\t\t<div class=\"elementor-element elementor-element-3067325c elementor-widget elementor-widget-text-editor\" data-id=\"3067325c\" data-element_type=\"widget\" data-widget_type=\"text-editor.default\">\n\t\t\t\t<div class=\"elementor-widget-container\">\n\t\t\t<style>\/*! elementor - v3.14.0 - 26-06-2023 *\/\n.elementor-widget-text-editor.elementor-drop-cap-view-stacked .elementor-drop-cap{background-color:#69727d;color:#fff}.elementor-widget-text-editor.elementor-drop-cap-view-framed .elementor-drop-cap{color:#69727d;border:3px solid;background-color:transparent}.elementor-widget-text-editor:not(.elementor-drop-cap-view-default) .elementor-drop-cap{margin-top:8px}.elementor-widget-text-editor:not(.elementor-drop-cap-view-default) .elementor-drop-cap-letter{width:1em;height:1em}.elementor-widget-text-editor .elementor-drop-cap{float:left;text-align:center;line-height:1;font-size:50px}.elementor-widget-text-editor .elementor-drop-cap-letter{display:inline-block}<\/style>\t\t\t\t<p lang=\"es\" style=\"margin-top: 5pt; margin-bottom: 5pt; font-family: Calibri; font-size: 11.0pt;\">La transformaci\u00f3n de la matriz energ\u00e9tica en Colombia avanza hacia un modelo que prioriza la incorporaci\u00f3n masiva de fuentes renovables no convencionales, principalmente e\u00f3lica y solar. Estas tecnolog\u00edas poseen una naturaleza variable y no s\u00edncrona que introduce desaf\u00edos t\u00e9cnicos significativos en la operaci\u00f3n del sistema nacional. Ante la proyecci\u00f3n de que estas fuentes representen una cuarta parte de la capacidad instalada para el a\u00f1o 2037, surge la necesidad de implementar soluciones que garanticen la estabilidad de la red. Los sistemas de almacenamiento de energ\u00eda mediante bater\u00edas aparecen como una herramienta para gestionar dicha variabilidad, permitiendo absorber excedentes de generaci\u00f3n y devolverlos al sistema en momentos de alta demanda.<\/p><p lang=\"es\" style=\"margin-top: 5pt; margin-bottom: 5pt; font-family: Calibri; font-size: 11.0pt;\">Sumado a lo anterior, la ubicaci\u00f3n estrat\u00e9gica de estos activos resulta determinante para optimizar su desempe\u00f1o econ\u00f3mico y t\u00e9cnico. An\u00e1lisis detallados en nodos espec\u00edficos como Puerto Nuevo, Villeta, San Marcos y Cordialidad indican que el almacenamiento puede mitigar problemas de congesti\u00f3n en el transporte de electricidad. Al desplazar el consumo de energ\u00eda en el tiempo, se logra un alivio en las l\u00edneas de transmisi\u00f3n existentes, lo que posterga la inversi\u00f3n en infraestructura f\u00edsica de gran escala que suele enfrentar retrasos constructivos o sociales. Por lo tanto, la integraci\u00f3n de estas bater\u00edas no solo responde a una necesidad de equilibrio entre oferta y demanda, sino que funciona como un soporte estructural para la red regional. Adicional a estas ventajas operativas, la viabilidad financiera de los proyectos depende de la evoluci\u00f3n de los costos tecnol\u00f3gicos y de la estructura de ingresos disponible. Las simulaciones econ\u00f3micas muestran que, hacia la pr\u00f3xima d\u00e9cada, la reducci\u00f3n en los precios de los equipos permitir\u00e1 alcanzar niveles de rentabilidad positivos, incluso sin depender exclusivamente de pagos fijos por disponibilidad. No obstante, la ausencia de un historial extenso de proyectos operativos en el pa\u00eds limita el apetito de las entidades financieras tradicionales. Esta situaci\u00f3n se deriva de la percepci\u00f3n de riesgo asociada a flujos de caja que a\u00fan se consideran inciertos bajo el esquema normativo actual.<\/p><p lang=\"es\" style=\"margin-top: 5pt; margin-bottom: 5pt; font-family: Calibri; font-size: 11.0pt;\">En este orden de ideas, el desarrollo de modelos de negocio innovadores se presenta como una alternativa para superar las barreras econ\u00f3micas. La posibilidad de realizar un apilamiento de ingresos, donde una misma bater\u00eda presta m\u00faltiples servicios de forma simult\u00e1nea, aumenta la eficiencia del activo. Servicios como la regulaci\u00f3n de frecuencia, el arbitraje energ\u00e9tico y el respaldo ante contingencias pueden combinarse para fortalecer el cierre financiero de las iniciativas. Experiencias en mercados internacionales sugieren que este enfoque maximiza el valor sist\u00e9mico del almacenamiento, siempre que la regulaci\u00f3n permita la participaci\u00f3n clara en diversos segmentos del mercado el\u00e9ctrico. Asimismo, el papel de las pol\u00edticas p\u00fablicas y los incentivos fiscales resulta determinante para dinamizar el sector. Si bien existen beneficios tributarios vigentes para energ\u00edas limpias, se requiere una mayor claridad en la definici\u00f3n del almacenamiento como un participante activo del mercado. La implementaci\u00f3n de mecanismos de financiamiento mixto, que integren capital de bancos de desarrollo con inversi\u00f3n privada, podr\u00eda absorber los riesgos iniciales de la tecnolog\u00eda. Tales estrategias facilitan que los prestamistas comerciales se familiaricen con estos activos, reduciendo progresivamente los costos de capital para futuros desarrollos.<\/p><p lang=\"es\" style=\"margin-top: 5pt; margin-bottom: 5pt; font-family: Calibri; font-size: 11.0pt;\">Finalmente, la consolidaci\u00f3n de un sistema el\u00e9ctrico flexible y resiliente en Colombia exige una coordinaci\u00f3n estrecha entre planificaci\u00f3n t\u00e9cnica y reformas regulatorias. Al asegurar ingresos previsibles mediante contratos a largo plazo o esquemas de remuneraci\u00f3n por servicios de red, se crea un entorno propicio para la inversi\u00f3n sostenible. El almacenamiento mediante bater\u00edas no es solo un complemento para las renovables, sino un componente para la seguridad energ\u00e9tica nacional en el mediano plazo.<\/p><p align=\"justify\"><span style=\"color: #800000;\"><b>Para leer m\u00e1s ingrese a:<\/b><\/span><\/p><p style=\"margin: 0in; font-family: Calibri; font-size: 11.0pt;\"><a href=\"https:\/\/publications.iadb.org\/es\/energia-flexible-para-el-futuro-integracion-del-almacenamiento-en-el-sistema-electrico-colombiano\"><span lang=\"es\">https:\/\/publications.iadb.org\/es\/energia-flexible-para-el-futuro-integracion-del-almacenamiento-en-el-sistema-electrico-colombiano <\/span><\/a><\/p><p style=\"margin: 0in; font-family: Calibri; font-size: 11.0pt;\"><a href=\"https:\/\/publications.iadb.org\/es\/publications\/spanish\/viewer\/Energia-flexible-para-el-futuro-integracion-del-almacenamiento-en-el-sistema-electrico-colombiano.pdf\"><span lang=\"es\">https:\/\/publications.iadb.org\/es\/publications\/spanish\/viewer\/Energia-flexible-para-el-futuro-integracion-del-almacenamiento-en-el-sistema-electrico-colombiano.pdf <\/span><\/a><\/p>\t\t\t\t\t\t<\/div>\n\t\t\t\t<\/div>\n\t\t\t\t\t<\/div>\n\t\t<\/div>\n\t\t\t\t\t\t\t<\/div>\n\t\t<\/section>\n\t\t\t\t\t\t\t<\/div>\n\t\t<div style=\"text-align:center\" class=\"yasr-auto-insert-visitor\"><\/div>","protected":false},"excerpt":{"rendered":"<p>Colombia proyecta una integraci\u00f3n masiva de energ\u00edas renovables para 2037, lo cual genera desaf\u00edos en la estabilidad y confiabilidad del sistema el\u00e9ctrico nacional. El uso de sistemas de almacenamiento con bater\u00edas (BESS) se identifica como una soluci\u00f3n t\u00e9cnica para gestionar la variabilidad de fuentes solares y e\u00f3licas, ofreciendo servicios de arbitraje, regulaci\u00f3n de frecuencia y alivio de congestiones en la red. Estudios de dimensionamiento \u00f3ptimo sugieren una necesidad de aproximadamente 900 MW de almacenamiento en nodos estrat\u00e9gicos hacia 2034. Aunque la rentabilidad de estos proyectos mejora con la disminuci\u00f3n de costos tecnol\u00f3gicos, persisten barreras significativas relacionadas con la incertidumbre regulatoria y la falta de mecanismos claros de remuneraci\u00f3n. Actualmente, la banca percibe riesgos elevados en proyectos independientes debido a la volatilidad de ingresos y vac\u00edos normativos. Para viabilizar esta tecnolog\u00eda, se recomienda implementar esquemas de \u00abstacking\u00bb de ingresos, contratos a largo plazo y modelos de financiamiento mixto (blended finance) que mitiguen el riesgo inicial. La creaci\u00f3n de se\u00f1ales de precio claras y la inclusi\u00f3n del almacenamiento como activo regulado de red son pasos necesarios para asegurar la transici\u00f3n hacia un sistema el\u00e9ctrico flexible y sostenible.<\/p>","protected":false},"author":23,"featured_media":67498,"comment_status":"open","ping_status":"open","sticky":false,"template":"","format":"standard","meta":{"yasr_overall_rating":0,"yasr_post_is_review":"","yasr_auto_insert_disabled":"","yasr_review_type":"","footnotes":""},"categories":[54,53],"tags":[],"class_list":["post-67497","post","type-post","status-publish","format-standard","has-post-thumbnail","hentry","category-energia-que-transforma","category-tendencias"],"yasr_visitor_votes":{"number_of_votes":0,"sum_votes":0,"stars_attributes":{"read_only":false,"span_bottom":false}},"yoast_head":"<!-- This site is optimized with the Yoast SEO plugin v27.3 - https:\/\/yoast.com\/product\/yoast-seo-wordpress\/ -->\n<title>Energ\u00eda flexible para el futuro: integraci\u00f3n del almacenamiento en el sistema el\u00e9ctrico colombiano - Colombia Inteligente<\/title>\n<meta name=\"robots\" content=\"index, follow, max-snippet:-1, max-image-preview:large, max-video-preview:-1\" \/>\n<link rel=\"canonical\" href=\"https:\/\/colombiainteligente.org\/es_co\/tendencias\/energia-flexible-para-el-futuro-integracion-del-almacenamiento-en-el-sistema-electrico-colombiano\/\" \/>\n<meta property=\"og:locale\" content=\"es_ES\" \/>\n<meta property=\"og:type\" content=\"article\" \/>\n<meta property=\"og:title\" content=\"Energ\u00eda flexible para el futuro: integraci\u00f3n del almacenamiento en el sistema el\u00e9ctrico colombiano - Colombia Inteligente\" \/>\n<meta property=\"og:description\" content=\"Colombia proyecta una integraci\u00f3n masiva de energ\u00edas renovables para 2037, lo cual genera desaf\u00edos en la estabilidad y confiabilidad del sistema el\u00e9ctrico nacional. El uso de sistemas de almacenamiento con bater\u00edas (BESS) se identifica como una soluci\u00f3n t\u00e9cnica para gestionar la variabilidad de fuentes solares y e\u00f3licas, ofreciendo servicios de arbitraje, regulaci\u00f3n de frecuencia y alivio de congestiones en la red. Estudios de dimensionamiento \u00f3ptimo sugieren una necesidad de aproximadamente 900 MW de almacenamiento en nodos estrat\u00e9gicos hacia 2034. Aunque la rentabilidad de estos proyectos mejora con la disminuci\u00f3n de costos tecnol\u00f3gicos, persisten barreras significativas relacionadas con la incertidumbre regulatoria y la falta de mecanismos claros de remuneraci\u00f3n. Actualmente, la banca percibe riesgos elevados en proyectos independientes debido a la volatilidad de ingresos y vac\u00edos normativos. Para viabilizar esta tecnolog\u00eda, se recomienda implementar esquemas de &quot;stacking&quot; de ingresos, contratos a largo plazo y modelos de financiamiento mixto (blended finance) que mitiguen el riesgo inicial. La creaci\u00f3n de se\u00f1ales de precio claras y la inclusi\u00f3n del almacenamiento como activo regulado de red son pasos necesarios para asegurar la transici\u00f3n hacia un sistema el\u00e9ctrico flexible y sostenible.\" \/>\n<meta property=\"og:url\" content=\"https:\/\/colombiainteligente.org\/es_co\/tendencias\/energia-flexible-para-el-futuro-integracion-del-almacenamiento-en-el-sistema-electrico-colombiano\/\" \/>\n<meta property=\"og:site_name\" content=\"Colombia Inteligente\" \/>\n<meta property=\"article:published_time\" content=\"2026-03-04T21:00:39+00:00\" \/>\n<meta property=\"article:modified_time\" content=\"2026-03-04T21:02:40+00:00\" \/>\n<meta property=\"og:image\" content=\"https:\/\/colombiainteligente.org\/wp-content\/uploads\/2026\/03\/01-Energia-4440326.png\" \/>\n\t<meta property=\"og:image:width\" content=\"835\" \/>\n\t<meta property=\"og:image:height\" content=\"1078\" \/>\n\t<meta property=\"og:image:type\" content=\"image\/png\" \/>\n<meta name=\"author\" content=\"DIFUSI\u00d3N COLOMBIA INTELIGENTE\" \/>\n<meta name=\"twitter:card\" content=\"summary_large_image\" \/>\n<meta name=\"twitter:creator\" content=\"@colombiaintelig\" \/>\n<meta name=\"twitter:site\" content=\"@colombiaintelig\" \/>\n<meta name=\"twitter:label1\" content=\"Escrito por\" \/>\n\t<meta name=\"twitter:data1\" content=\"DIFUSI\u00d3N COLOMBIA INTELIGENTE\" \/>\n\t<meta name=\"twitter:label2\" content=\"Tiempo estimado de lectura\" \/>\n\t<meta name=\"twitter:data2\" content=\"3 minutos\" \/>\n<script type=\"application\/ld+json\" class=\"yoast-schema-graph\">{\"@context\":\"https:\\\/\\\/schema.org\",\"@graph\":[{\"@type\":\"Article\",\"@id\":\"https:\\\/\\\/colombiainteligente.org\\\/tendencias\\\/energia-flexible-para-el-futuro-integracion-del-almacenamiento-en-el-sistema-electrico-colombiano\\\/#article\",\"isPartOf\":{\"@id\":\"https:\\\/\\\/colombiainteligente.org\\\/tendencias\\\/energia-flexible-para-el-futuro-integracion-del-almacenamiento-en-el-sistema-electrico-colombiano\\\/\"},\"author\":{\"name\":\"DIFUSI\u00d3N COLOMBIA INTELIGENTE\",\"@id\":\"https:\\\/\\\/colombiainteligente.org\\\/#\\\/schema\\\/person\\\/e207145d548b75a6d339ff1d4d3b0432\"},\"headline\":\"Energ\u00eda flexible para el futuro: integraci\u00f3n del almacenamiento en el sistema el\u00e9ctrico colombiano\",\"datePublished\":\"2026-03-04T21:00:39+00:00\",\"dateModified\":\"2026-03-04T21:02:40+00:00\",\"mainEntityOfPage\":{\"@id\":\"https:\\\/\\\/colombiainteligente.org\\\/tendencias\\\/energia-flexible-para-el-futuro-integracion-del-almacenamiento-en-el-sistema-electrico-colombiano\\\/\"},\"wordCount\":686,\"commentCount\":0,\"publisher\":{\"@id\":\"https:\\\/\\\/colombiainteligente.org\\\/#organization\"},\"image\":{\"@id\":\"https:\\\/\\\/colombiainteligente.org\\\/tendencias\\\/energia-flexible-para-el-futuro-integracion-del-almacenamiento-en-el-sistema-electrico-colombiano\\\/#primaryimage\"},\"thumbnailUrl\":\"https:\\\/\\\/colombiainteligente.org\\\/wp-content\\\/uploads\\\/2026\\\/03\\\/01-Energia-4440326.png\",\"articleSection\":[\"Energ\u00eda que transforma\",\"Tendencias\"],\"inLanguage\":\"es-CO\",\"potentialAction\":[{\"@type\":\"CommentAction\",\"name\":\"Comment\",\"target\":[\"https:\\\/\\\/colombiainteligente.org\\\/tendencias\\\/energia-flexible-para-el-futuro-integracion-del-almacenamiento-en-el-sistema-electrico-colombiano\\\/#respond\"]}]},{\"@type\":\"WebPage\",\"@id\":\"https:\\\/\\\/colombiainteligente.org\\\/tendencias\\\/energia-flexible-para-el-futuro-integracion-del-almacenamiento-en-el-sistema-electrico-colombiano\\\/\",\"url\":\"https:\\\/\\\/colombiainteligente.org\\\/tendencias\\\/energia-flexible-para-el-futuro-integracion-del-almacenamiento-en-el-sistema-electrico-colombiano\\\/\",\"name\":\"Energ\u00eda flexible para el futuro: integraci\u00f3n del almacenamiento en el sistema el\u00e9ctrico colombiano - Colombia Inteligente\",\"isPartOf\":{\"@id\":\"https:\\\/\\\/colombiainteligente.org\\\/#website\"},\"primaryImageOfPage\":{\"@id\":\"https:\\\/\\\/colombiainteligente.org\\\/tendencias\\\/energia-flexible-para-el-futuro-integracion-del-almacenamiento-en-el-sistema-electrico-colombiano\\\/#primaryimage\"},\"image\":{\"@id\":\"https:\\\/\\\/colombiainteligente.org\\\/tendencias\\\/energia-flexible-para-el-futuro-integracion-del-almacenamiento-en-el-sistema-electrico-colombiano\\\/#primaryimage\"},\"thumbnailUrl\":\"https:\\\/\\\/colombiainteligente.org\\\/wp-content\\\/uploads\\\/2026\\\/03\\\/01-Energia-4440326.png\",\"datePublished\":\"2026-03-04T21:00:39+00:00\",\"dateModified\":\"2026-03-04T21:02:40+00:00\",\"breadcrumb\":{\"@id\":\"https:\\\/\\\/colombiainteligente.org\\\/tendencias\\\/energia-flexible-para-el-futuro-integracion-del-almacenamiento-en-el-sistema-electrico-colombiano\\\/#breadcrumb\"},\"inLanguage\":\"es-CO\",\"potentialAction\":[{\"@type\":\"ReadAction\",\"target\":[\"https:\\\/\\\/colombiainteligente.org\\\/tendencias\\\/energia-flexible-para-el-futuro-integracion-del-almacenamiento-en-el-sistema-electrico-colombiano\\\/\"]}]},{\"@type\":\"ImageObject\",\"inLanguage\":\"es-CO\",\"@id\":\"https:\\\/\\\/colombiainteligente.org\\\/tendencias\\\/energia-flexible-para-el-futuro-integracion-del-almacenamiento-en-el-sistema-electrico-colombiano\\\/#primaryimage\",\"url\":\"https:\\\/\\\/colombiainteligente.org\\\/wp-content\\\/uploads\\\/2026\\\/03\\\/01-Energia-4440326.png\",\"contentUrl\":\"https:\\\/\\\/colombiainteligente.org\\\/wp-content\\\/uploads\\\/2026\\\/03\\\/01-Energia-4440326.png\",\"width\":835,\"height\":1078},{\"@type\":\"BreadcrumbList\",\"@id\":\"https:\\\/\\\/colombiainteligente.org\\\/tendencias\\\/energia-flexible-para-el-futuro-integracion-del-almacenamiento-en-el-sistema-electrico-colombiano\\\/#breadcrumb\",\"itemListElement\":[{\"@type\":\"ListItem\",\"position\":1,\"name\":\"Portada\",\"item\":\"https:\\\/\\\/colombiainteligente.org\\\/\"},{\"@type\":\"ListItem\",\"position\":2,\"name\":\"Energ\u00eda flexible para el futuro: integraci\u00f3n del almacenamiento en el sistema el\u00e9ctrico colombiano\"}]},{\"@type\":\"WebSite\",\"@id\":\"https:\\\/\\\/colombiainteligente.org\\\/#website\",\"url\":\"https:\\\/\\\/colombiainteligente.org\\\/\",\"name\":\"Colombia Inteligente\",\"description\":\"Alianza estrat\u00e9gica, conformada por empresas y entidades, para la inserci\u00f3n integral y eficiente de las redes inteligentes a la infraestructura del sector el\u00e9ctrico colombiano\",\"publisher\":{\"@id\":\"https:\\\/\\\/colombiainteligente.org\\\/#organization\"},\"potentialAction\":[{\"@type\":\"SearchAction\",\"target\":{\"@type\":\"EntryPoint\",\"urlTemplate\":\"https:\\\/\\\/colombiainteligente.org\\\/?s={search_term_string}\"},\"query-input\":{\"@type\":\"PropertyValueSpecification\",\"valueRequired\":true,\"valueName\":\"search_term_string\"}}],\"inLanguage\":\"es-CO\"},{\"@type\":\"Organization\",\"@id\":\"https:\\\/\\\/colombiainteligente.org\\\/#organization\",\"name\":\"Colombia Inteligente\",\"url\":\"https:\\\/\\\/colombiainteligente.org\\\/\",\"logo\":{\"@type\":\"ImageObject\",\"inLanguage\":\"es-CO\",\"@id\":\"https:\\\/\\\/colombiainteligente.org\\\/#\\\/schema\\\/logo\\\/image\\\/\",\"url\":\"https:\\\/\\\/colombiainteligente.org\\\/wp-content\\\/uploads\\\/2022\\\/07\\\/Image.png\",\"contentUrl\":\"https:\\\/\\\/colombiainteligente.org\\\/wp-content\\\/uploads\\\/2022\\\/07\\\/Image.png\",\"width\":588,\"height\":274,\"caption\":\"Colombia Inteligente\"},\"image\":{\"@id\":\"https:\\\/\\\/colombiainteligente.org\\\/#\\\/schema\\\/logo\\\/image\\\/\"},\"sameAs\":[\"https:\\\/\\\/x.com\\\/colombiaintelig\",\"https:\\\/\\\/www.linkedin.com\\\/company\\\/colombiainteligente\\\/\"]},{\"@type\":\"Person\",\"@id\":\"https:\\\/\\\/colombiainteligente.org\\\/#\\\/schema\\\/person\\\/e207145d548b75a6d339ff1d4d3b0432\",\"name\":\"DIFUSI\u00d3N COLOMBIA INTELIGENTE\",\"image\":{\"@type\":\"ImageObject\",\"inLanguage\":\"es-CO\",\"@id\":\"https:\\\/\\\/secure.gravatar.com\\\/avatar\\\/df2e679ff2abf288cf4bf58830dad897e596908105ec8969f50f748a6d837869?s=96&d=mm&r=g\",\"url\":\"https:\\\/\\\/secure.gravatar.com\\\/avatar\\\/df2e679ff2abf288cf4bf58830dad897e596908105ec8969f50f748a6d837869?s=96&d=mm&r=g\",\"contentUrl\":\"https:\\\/\\\/secure.gravatar.com\\\/avatar\\\/df2e679ff2abf288cf4bf58830dad897e596908105ec8969f50f748a6d837869?s=96&d=mm&r=g\",\"caption\":\"DIFUSI\u00d3N COLOMBIA INTELIGENTE\"},\"url\":\"https:\\\/\\\/colombiainteligente.org\\\/es_co\\\/author\\\/difusioncolombiainteligente-org\\\/\"}]}<\/script>\n<!-- \/ Yoast SEO plugin. -->","yoast_head_json":{"title":"Energ\u00eda flexible para el futuro: integraci\u00f3n del almacenamiento en el sistema el\u00e9ctrico colombiano - Colombia Inteligente","robots":{"index":"index","follow":"follow","max-snippet":"max-snippet:-1","max-image-preview":"max-image-preview:large","max-video-preview":"max-video-preview:-1"},"canonical":"https:\/\/colombiainteligente.org\/es_co\/tendencias\/energia-flexible-para-el-futuro-integracion-del-almacenamiento-en-el-sistema-electrico-colombiano\/","og_locale":"es_ES","og_type":"article","og_title":"Energ\u00eda flexible para el futuro: integraci\u00f3n del almacenamiento en el sistema el\u00e9ctrico colombiano - Colombia Inteligente","og_description":"Colombia proyecta una integraci\u00f3n masiva de energ\u00edas renovables para 2037, lo cual genera desaf\u00edos en la estabilidad y confiabilidad del sistema el\u00e9ctrico nacional. El uso de sistemas de almacenamiento con bater\u00edas (BESS) se identifica como una soluci\u00f3n t\u00e9cnica para gestionar la variabilidad de fuentes solares y e\u00f3licas, ofreciendo servicios de arbitraje, regulaci\u00f3n de frecuencia y alivio de congestiones en la red. Estudios de dimensionamiento \u00f3ptimo sugieren una necesidad de aproximadamente 900 MW de almacenamiento en nodos estrat\u00e9gicos hacia 2034. Aunque la rentabilidad de estos proyectos mejora con la disminuci\u00f3n de costos tecnol\u00f3gicos, persisten barreras significativas relacionadas con la incertidumbre regulatoria y la falta de mecanismos claros de remuneraci\u00f3n. Actualmente, la banca percibe riesgos elevados en proyectos independientes debido a la volatilidad de ingresos y vac\u00edos normativos. Para viabilizar esta tecnolog\u00eda, se recomienda implementar esquemas de \"stacking\" de ingresos, contratos a largo plazo y modelos de financiamiento mixto (blended finance) que mitiguen el riesgo inicial. La creaci\u00f3n de se\u00f1ales de precio claras y la inclusi\u00f3n del almacenamiento como activo regulado de red son pasos necesarios para asegurar la transici\u00f3n hacia un sistema el\u00e9ctrico flexible y sostenible.","og_url":"https:\/\/colombiainteligente.org\/es_co\/tendencias\/energia-flexible-para-el-futuro-integracion-del-almacenamiento-en-el-sistema-electrico-colombiano\/","og_site_name":"Colombia Inteligente","article_published_time":"2026-03-04T21:00:39+00:00","article_modified_time":"2026-03-04T21:02:40+00:00","og_image":[{"width":835,"height":1078,"url":"https:\/\/colombiainteligente.org\/wp-content\/uploads\/2026\/03\/01-Energia-4440326.png","type":"image\/png"}],"author":"DIFUSI\u00d3N COLOMBIA INTELIGENTE","twitter_card":"summary_large_image","twitter_creator":"@colombiaintelig","twitter_site":"@colombiaintelig","twitter_misc":{"Escrito por":"DIFUSI\u00d3N COLOMBIA INTELIGENTE","Tiempo estimado de lectura":"3 minutos"},"schema":{"@context":"https:\/\/schema.org","@graph":[{"@type":"Article","@id":"https:\/\/colombiainteligente.org\/tendencias\/energia-flexible-para-el-futuro-integracion-del-almacenamiento-en-el-sistema-electrico-colombiano\/#article","isPartOf":{"@id":"https:\/\/colombiainteligente.org\/tendencias\/energia-flexible-para-el-futuro-integracion-del-almacenamiento-en-el-sistema-electrico-colombiano\/"},"author":{"name":"DIFUSI\u00d3N COLOMBIA INTELIGENTE","@id":"https:\/\/colombiainteligente.org\/#\/schema\/person\/e207145d548b75a6d339ff1d4d3b0432"},"headline":"Energ\u00eda flexible para el futuro: integraci\u00f3n del almacenamiento en el sistema el\u00e9ctrico colombiano","datePublished":"2026-03-04T21:00:39+00:00","dateModified":"2026-03-04T21:02:40+00:00","mainEntityOfPage":{"@id":"https:\/\/colombiainteligente.org\/tendencias\/energia-flexible-para-el-futuro-integracion-del-almacenamiento-en-el-sistema-electrico-colombiano\/"},"wordCount":686,"commentCount":0,"publisher":{"@id":"https:\/\/colombiainteligente.org\/#organization"},"image":{"@id":"https:\/\/colombiainteligente.org\/tendencias\/energia-flexible-para-el-futuro-integracion-del-almacenamiento-en-el-sistema-electrico-colombiano\/#primaryimage"},"thumbnailUrl":"https:\/\/colombiainteligente.org\/wp-content\/uploads\/2026\/03\/01-Energia-4440326.png","articleSection":["Energ\u00eda que transforma","Tendencias"],"inLanguage":"es-CO","potentialAction":[{"@type":"CommentAction","name":"Comment","target":["https:\/\/colombiainteligente.org\/tendencias\/energia-flexible-para-el-futuro-integracion-del-almacenamiento-en-el-sistema-electrico-colombiano\/#respond"]}]},{"@type":"WebPage","@id":"https:\/\/colombiainteligente.org\/tendencias\/energia-flexible-para-el-futuro-integracion-del-almacenamiento-en-el-sistema-electrico-colombiano\/","url":"https:\/\/colombiainteligente.org\/tendencias\/energia-flexible-para-el-futuro-integracion-del-almacenamiento-en-el-sistema-electrico-colombiano\/","name":"Energ\u00eda flexible para el futuro: integraci\u00f3n del almacenamiento en el sistema el\u00e9ctrico colombiano - Colombia Inteligente","isPartOf":{"@id":"https:\/\/colombiainteligente.org\/#website"},"primaryImageOfPage":{"@id":"https:\/\/colombiainteligente.org\/tendencias\/energia-flexible-para-el-futuro-integracion-del-almacenamiento-en-el-sistema-electrico-colombiano\/#primaryimage"},"image":{"@id":"https:\/\/colombiainteligente.org\/tendencias\/energia-flexible-para-el-futuro-integracion-del-almacenamiento-en-el-sistema-electrico-colombiano\/#primaryimage"},"thumbnailUrl":"https:\/\/colombiainteligente.org\/wp-content\/uploads\/2026\/03\/01-Energia-4440326.png","datePublished":"2026-03-04T21:00:39+00:00","dateModified":"2026-03-04T21:02:40+00:00","breadcrumb":{"@id":"https:\/\/colombiainteligente.org\/tendencias\/energia-flexible-para-el-futuro-integracion-del-almacenamiento-en-el-sistema-electrico-colombiano\/#breadcrumb"},"inLanguage":"es-CO","potentialAction":[{"@type":"ReadAction","target":["https:\/\/colombiainteligente.org\/tendencias\/energia-flexible-para-el-futuro-integracion-del-almacenamiento-en-el-sistema-electrico-colombiano\/"]}]},{"@type":"ImageObject","inLanguage":"es-CO","@id":"https:\/\/colombiainteligente.org\/tendencias\/energia-flexible-para-el-futuro-integracion-del-almacenamiento-en-el-sistema-electrico-colombiano\/#primaryimage","url":"https:\/\/colombiainteligente.org\/wp-content\/uploads\/2026\/03\/01-Energia-4440326.png","contentUrl":"https:\/\/colombiainteligente.org\/wp-content\/uploads\/2026\/03\/01-Energia-4440326.png","width":835,"height":1078},{"@type":"BreadcrumbList","@id":"https:\/\/colombiainteligente.org\/tendencias\/energia-flexible-para-el-futuro-integracion-del-almacenamiento-en-el-sistema-electrico-colombiano\/#breadcrumb","itemListElement":[{"@type":"ListItem","position":1,"name":"Portada","item":"https:\/\/colombiainteligente.org\/"},{"@type":"ListItem","position":2,"name":"Energ\u00eda flexible para el futuro: integraci\u00f3n del almacenamiento en el sistema el\u00e9ctrico colombiano"}]},{"@type":"WebSite","@id":"https:\/\/colombiainteligente.org\/#website","url":"https:\/\/colombiainteligente.org\/","name":"Colombia Inteligente","description":"Alianza estrat\u00e9gica, conformada por empresas y entidades, para la inserci\u00f3n integral y eficiente de las redes inteligentes a la infraestructura del sector el\u00e9ctrico colombiano","publisher":{"@id":"https:\/\/colombiainteligente.org\/#organization"},"potentialAction":[{"@type":"SearchAction","target":{"@type":"EntryPoint","urlTemplate":"https:\/\/colombiainteligente.org\/?s={search_term_string}"},"query-input":{"@type":"PropertyValueSpecification","valueRequired":true,"valueName":"search_term_string"}}],"inLanguage":"es-CO"},{"@type":"Organization","@id":"https:\/\/colombiainteligente.org\/#organization","name":"Colombia Inteligente","url":"https:\/\/colombiainteligente.org\/","logo":{"@type":"ImageObject","inLanguage":"es-CO","@id":"https:\/\/colombiainteligente.org\/#\/schema\/logo\/image\/","url":"https:\/\/colombiainteligente.org\/wp-content\/uploads\/2022\/07\/Image.png","contentUrl":"https:\/\/colombiainteligente.org\/wp-content\/uploads\/2022\/07\/Image.png","width":588,"height":274,"caption":"Colombia Inteligente"},"image":{"@id":"https:\/\/colombiainteligente.org\/#\/schema\/logo\/image\/"},"sameAs":["https:\/\/x.com\/colombiaintelig","https:\/\/www.linkedin.com\/company\/colombiainteligente\/"]},{"@type":"Person","@id":"https:\/\/colombiainteligente.org\/#\/schema\/person\/e207145d548b75a6d339ff1d4d3b0432","name":"DIFUSI\u00d3N COLOMBIA INTELIGENTE","image":{"@type":"ImageObject","inLanguage":"es-CO","@id":"https:\/\/secure.gravatar.com\/avatar\/df2e679ff2abf288cf4bf58830dad897e596908105ec8969f50f748a6d837869?s=96&d=mm&r=g","url":"https:\/\/secure.gravatar.com\/avatar\/df2e679ff2abf288cf4bf58830dad897e596908105ec8969f50f748a6d837869?s=96&d=mm&r=g","contentUrl":"https:\/\/secure.gravatar.com\/avatar\/df2e679ff2abf288cf4bf58830dad897e596908105ec8969f50f748a6d837869?s=96&d=mm&r=g","caption":"DIFUSI\u00d3N COLOMBIA INTELIGENTE"},"url":"https:\/\/colombiainteligente.org\/es_co\/author\/difusioncolombiainteligente-org\/"}]}},"_links":{"self":[{"href":"https:\/\/colombiainteligente.org\/es_co\/wp-json\/wp\/v2\/posts\/67497","targetHints":{"allow":["GET"]}}],"collection":[{"href":"https:\/\/colombiainteligente.org\/es_co\/wp-json\/wp\/v2\/posts"}],"about":[{"href":"https:\/\/colombiainteligente.org\/es_co\/wp-json\/wp\/v2\/types\/post"}],"author":[{"embeddable":true,"href":"https:\/\/colombiainteligente.org\/es_co\/wp-json\/wp\/v2\/users\/23"}],"replies":[{"embeddable":true,"href":"https:\/\/colombiainteligente.org\/es_co\/wp-json\/wp\/v2\/comments?post=67497"}],"version-history":[{"count":7,"href":"https:\/\/colombiainteligente.org\/es_co\/wp-json\/wp\/v2\/posts\/67497\/revisions"}],"predecessor-version":[{"id":67505,"href":"https:\/\/colombiainteligente.org\/es_co\/wp-json\/wp\/v2\/posts\/67497\/revisions\/67505"}],"wp:featuredmedia":[{"embeddable":true,"href":"https:\/\/colombiainteligente.org\/es_co\/wp-json\/wp\/v2\/media\/67498"}],"wp:attachment":[{"href":"https:\/\/colombiainteligente.org\/es_co\/wp-json\/wp\/v2\/media?parent=67497"}],"wp:term":[{"taxonomy":"category","embeddable":true,"href":"https:\/\/colombiainteligente.org\/es_co\/wp-json\/wp\/v2\/categories?post=67497"},{"taxonomy":"post_tag","embeddable":true,"href":"https:\/\/colombiainteligente.org\/es_co\/wp-json\/wp\/v2\/tags?post=67497"}],"curies":[{"name":"wp","href":"https:\/\/api.w.org\/{rel}","templated":true}]}}