{"id":67548,"date":"2026-03-04T16:28:34","date_gmt":"2026-03-04T21:28:34","guid":{"rendered":"https:\/\/colombiainteligente.org\/?p=67548"},"modified":"2026-03-04T16:30:17","modified_gmt":"2026-03-04T21:30:17","slug":"eu-battery-storage-market-review-2025","status":"publish","type":"post","link":"https:\/\/colombiainteligente.org\/es_co\/tendencias\/eu-battery-storage-market-review-2025\/","title":{"rendered":"EU Battery Storage Market Review 2025"},"content":{"rendered":"<div data-elementor-type=\"wp-post\" data-elementor-id=\"67548\" class=\"elementor elementor-67548\" data-elementor-post-type=\"post\">\n\t\t\t\t\t\t\t\t\t<section class=\"elementor-section elementor-top-section elementor-element elementor-element-87c6aa2 elementor-section-boxed elementor-section-height-default elementor-section-height-default\" data-id=\"87c6aa2\" data-element_type=\"section\">\n\t\t\t\t\t\t<div class=\"elementor-container elementor-column-gap-default\">\n\t\t\t\t\t<div class=\"elementor-column elementor-col-100 elementor-top-column elementor-element elementor-element-558bb819\" data-id=\"558bb819\" data-element_type=\"column\">\n\t\t\t<div class=\"elementor-widget-wrap elementor-element-populated\">\n\t\t\t\t\t\t\t\t<div class=\"elementor-element elementor-element-3067325c elementor-widget elementor-widget-text-editor\" data-id=\"3067325c\" data-element_type=\"widget\" data-widget_type=\"text-editor.default\">\n\t\t\t\t<div class=\"elementor-widget-container\">\n\t\t\t<style>\/*! elementor - v3.14.0 - 26-06-2023 *\/\n.elementor-widget-text-editor.elementor-drop-cap-view-stacked .elementor-drop-cap{background-color:#69727d;color:#fff}.elementor-widget-text-editor.elementor-drop-cap-view-framed .elementor-drop-cap{color:#69727d;border:3px solid;background-color:transparent}.elementor-widget-text-editor:not(.elementor-drop-cap-view-default) .elementor-drop-cap{margin-top:8px}.elementor-widget-text-editor:not(.elementor-drop-cap-view-default) .elementor-drop-cap-letter{width:1em;height:1em}.elementor-widget-text-editor .elementor-drop-cap{float:left;text-align:center;line-height:1;font-size:50px}.elementor-widget-text-editor .elementor-drop-cap-letter{display:inline-block}<\/style>\t\t\t\t<p lang=\"es\" style=\"margin-top: 5pt; margin-bottom: 5pt; font-family: Calibri; font-size: 11.0pt;\">El mercado europeo de almacenamiento en bater\u00edas atraviesa una etapa de expansi\u00f3n acelerada impulsada por la penetraci\u00f3n creciente de energ\u00edas renovables variables, la volatilidad de precios mayorista y la necesidad de mayor flexibilidad sist\u00e9mica. A medida que la generaci\u00f3n e\u00f3lica y solar incrementa su participaci\u00f3n en la matriz el\u00e9ctrica, tambi\u00e9n se intensifican los requerimientos de balance, gesti\u00f3n de congestiones y provisi\u00f3n de servicios auxiliares. En este escenario, el almacenamiento emerge como un activo capaz de arbitrar energ\u00eda, estabilizar frecuencia y diferir inversiones en red.<\/p><p lang=\"es\" style=\"margin-top: 5pt; margin-bottom: 5pt; font-family: Calibri; font-size: 11.0pt;\">Ahora bien, la evoluci\u00f3n del mercado no es homog\u00e9nea entre pa\u00edses. Existen diferencias regulatorias, estructuras de mercado y esquemas de remuneraci\u00f3n que condicionan la viabilidad econ\u00f3mica de los proyectos. Mientras algunas jurisdicciones han desarrollado marcos espec\u00edficos que reconocen el valor del almacenamiento como categor\u00eda diferenciada, otras contin\u00faan integr\u00e1ndolo bajo figuras regulatorias dise\u00f1adas para generaci\u00f3n o consumo. Esta disparidad incide directamente en tiempos de desarrollo, bancabilidad y apetito inversor. Asimismo, la din\u00e1mica de ingresos muestra una transici\u00f3n relevante. En etapas iniciales, la mayor parte del valor proven\u00eda de mercados de servicios de frecuencia, especialmente en sistemas con requerimientos de respuesta r\u00e1pida. Sin embargo, a medida que aumenta la capacidad instalada de bater\u00edas, la competencia reduce m\u00e1rgenes en dichos segmentos. Por consiguiente, los modelos de negocio evolucionan hacia esquemas de ingresos apilados, combinando arbitraje energ\u00e9tico, capacidad, servicios de red y contratos bilaterales. Esta diversificaci\u00f3n exige sofisticaci\u00f3n en estrategias comerciales y optimizaci\u00f3n operativa.<\/p><p lang=\"es\" style=\"margin-top: 5pt; margin-bottom: 5pt; font-family: Calibri; font-size: 11.0pt;\">Por otra parte, la reducci\u00f3n progresiva de costos tecnol\u00f3gicos ha facilitado el despliegue a gran escala. La estandarizaci\u00f3n de soluciones modulares, junto con mejoras en densidad energ\u00e9tica y eficiencia, contribuye a disminuir el costo nivelado del almacenamiento. No obstante, la presi\u00f3n sobre cadenas de suministro y la concentraci\u00f3n geogr\u00e1fica de ciertos insumos estrat\u00e9gicos introducen riesgos asociados a disponibilidad y precios de materias primas. En consecuencia, la planificaci\u00f3n de proyectos debe considerar escenarios de volatilidad en costos de bater\u00edas y plazos de entrega. Desde la perspectiva de integraci\u00f3n al sistema el\u00e9ctrico, el almacenamiento participa cada vez m\u00e1s en la gesti\u00f3n de congestiones y en el soporte a redes con alta penetraci\u00f3n renovable. Adem\u00e1s, la co-ubicaci\u00f3n con plantas solares o e\u00f3licas permite optimizar puntos de conexi\u00f3n existentes y maximizar utilizaci\u00f3n de infraestructura. Esta tendencia hacia proyectos h\u00edbridos responde tanto a se\u00f1ales de mercado como a restricciones t\u00e9cnicas de red. Sin embargo, la regulaci\u00f3n sobre acceso y prioridad de despacho contin\u00faa siendo determinante para definir retornos esperados.<\/p><p lang=\"es\" style=\"margin-top: 5pt; margin-bottom: 5pt; font-family: Calibri; font-size: 11.0pt;\">En el \u00e1mbito financiero, la bancabilidad depende de la previsibilidad de ingresos y de la estabilidad regulatoria. Los financiadores analizan la profundidad y liquidez de los mercados donde participar\u00e1 el activo, as\u00ed como la robustez de contratos a largo plazo cuando existen. Adem\u00e1s, la modelaci\u00f3n de ingresos debe incorporar degradaci\u00f3n de bater\u00edas, ciclos efectivos y costos de reposici\u00f3n futura. De este modo, la evaluaci\u00f3n econ\u00f3mica integra tanto variables t\u00e9cnicas como supuestos de mercado. Al mismo tiempo, se observa una mayor participaci\u00f3n de actores institucionales y fondos de infraestructura, atra\u00eddos por el potencial de crecimiento del sector. Esta entrada de capital contribuye a profesionalizar el mercado, aunque tambi\u00e9n incrementa la competencia por proyectos viables. En paralelo, los marcos europeos orientados a descarbonizaci\u00f3n y seguridad energ\u00e9tica generan se\u00f1ales de largo plazo que refuerzan expectativas de expansi\u00f3n sostenida.<\/p><p lang=\"es\" style=\"margin-top: 5pt; margin-bottom: 5pt; font-family: Calibri; font-size: 11.0pt;\">En t\u00e9rminos prospectivos, el crecimiento proyectado del almacenamiento en Europa se vincula estrechamente con objetivos clim\u00e1ticos, electrificaci\u00f3n de la demanda y retirada progresiva de generaci\u00f3n t\u00e9rmica convencional. A medida que el sistema evoluciona hacia mayor flexibilidad y digitalizaci\u00f3n, las bater\u00edas se posicionan como infraestructura estrat\u00e9gica para garantizar estabilidad operativa. De esta manera, el mercado se encamina hacia una fase de madurez caracterizada por integraci\u00f3n m\u00e1s sofisticada, modelos de negocio diversificados y regulaci\u00f3n en proceso de adaptaci\u00f3n continua.<\/p><p align=\"justify\"><span style=\"color: #800000;\"><b>Para leer m\u00e1s ingrese a:<\/b><\/span><\/p><p style=\"margin: 0in; font-family: Calibri; font-size: 11.0pt;\"><a href=\"https:\/\/www.solarpowereurope.org\/insights\/outlooks\/eu-battery-storage-market-review-2025-1\"><span lang=\"es\">https:\/\/www.solarpowereurope.org\/insights\/outlooks\/eu-battery-storage-market-review-2025-1 <\/span><\/a><\/p><p style=\"margin: 0in; font-family: Calibri; font-size: 11.0pt;\"><a href=\"https:\/\/api.solarpowereurope.org\/uploads\/EU_Battery_Storage_Market_Review_2025_Report_Final_1c5ecc5560.pdf\"><span lang=\"es\">https:\/\/api.solarpowereurope.org\/uploads\/EU_Battery_Storage_Market_Review_2025_Report_Final_1c5ecc5560.pdf <\/span><\/a><\/p>\t\t\t\t\t\t<\/div>\n\t\t\t\t<\/div>\n\t\t\t\t\t<\/div>\n\t\t<\/div>\n\t\t\t\t\t\t\t<\/div>\n\t\t<\/section>\n\t\t\t\t\t\t\t<\/div>\n\t\t<div style=\"text-align:center\" class=\"yasr-auto-insert-visitor\"><\/div>","protected":false},"excerpt":{"rendered":"<p>El mercado europeo de almacenamiento en bater\u00edas experimenta un crecimiento acelerado impulsado por la expansi\u00f3n de energ\u00edas renovables variables y la necesidad de mayor flexibilidad en el sistema el\u00e9ctrico. Las bater\u00edas participan en arbitraje energ\u00e9tico, servicios de frecuencia, gesti\u00f3n de congestiones y esquemas de capacidad, aunque la estructura de ingresos evoluciona hacia modelos diversificados ante la creciente competencia. Las diferencias regulatorias entre pa\u00edses generan entornos de inversi\u00f3n heterog\u00e9neos. Algunos mercados reconocen al almacenamiento como categor\u00eda espec\u00edfica, mientras otros lo integran bajo marcos dise\u00f1ados para generaci\u00f3n o consumo. Esta situaci\u00f3n incide en tiempos de desarrollo y bancabilidad. A su vez, la reducci\u00f3n de costos tecnol\u00f3gicos favorece el despliegue, aunque persisten riesgos asociados a cadenas de suministro y materias primas. La co-ubicaci\u00f3n con activos renovables y la participaci\u00f3n en redes con alta penetraci\u00f3n solar y e\u00f3lica reflejan una integraci\u00f3n creciente del almacenamiento en la planificaci\u00f3n energ\u00e9tica. Desde el punto de vista financiero, la previsibilidad de ingresos, la estabilidad normativa y la adecuada modelaci\u00f3n de degradaci\u00f3n resultan determinantes para atraer capital. Con metas europeas de descarbonizaci\u00f3n y mayor electrificaci\u00f3n, el almacenamiento se consolida como componente estructural del sistema el\u00e9ctrico, avanzando hacia mayor sofisticaci\u00f3n operativa y regulatoria.<\/p>","protected":false},"author":23,"featured_media":67549,"comment_status":"open","ping_status":"open","sticky":false,"template":"","format":"standard","meta":{"yasr_overall_rating":0,"yasr_post_is_review":"","yasr_auto_insert_disabled":"","yasr_review_type":"","footnotes":""},"categories":[54,53],"tags":[],"class_list":["post-67548","post","type-post","status-publish","format-standard","has-post-thumbnail","hentry","category-energia-que-transforma","category-tendencias"],"yasr_visitor_votes":{"number_of_votes":0,"sum_votes":0,"stars_attributes":{"read_only":false,"span_bottom":false}},"yoast_head":"<!-- This site is optimized with the Yoast SEO plugin v27.3 - https:\/\/yoast.com\/product\/yoast-seo-wordpress\/ -->\n<title>EU Battery Storage Market Review 2025 - Colombia Inteligente<\/title>\n<meta name=\"robots\" content=\"index, follow, max-snippet:-1, max-image-preview:large, max-video-preview:-1\" \/>\n<link rel=\"canonical\" href=\"https:\/\/colombiainteligente.org\/es_co\/tendencias\/eu-battery-storage-market-review-2025\/\" \/>\n<meta property=\"og:locale\" content=\"es_ES\" \/>\n<meta property=\"og:type\" content=\"article\" \/>\n<meta property=\"og:title\" content=\"EU Battery Storage Market Review 2025 - Colombia Inteligente\" \/>\n<meta property=\"og:description\" content=\"El mercado europeo de almacenamiento en bater\u00edas experimenta un crecimiento acelerado impulsado por la expansi\u00f3n de energ\u00edas renovables variables y la necesidad de mayor flexibilidad en el sistema el\u00e9ctrico. Las bater\u00edas participan en arbitraje energ\u00e9tico, servicios de frecuencia, gesti\u00f3n de congestiones y esquemas de capacidad, aunque la estructura de ingresos evoluciona hacia modelos diversificados ante la creciente competencia. Las diferencias regulatorias entre pa\u00edses generan entornos de inversi\u00f3n heterog\u00e9neos. Algunos mercados reconocen al almacenamiento como categor\u00eda espec\u00edfica, mientras otros lo integran bajo marcos dise\u00f1ados para generaci\u00f3n o consumo. Esta situaci\u00f3n incide en tiempos de desarrollo y bancabilidad. A su vez, la reducci\u00f3n de costos tecnol\u00f3gicos favorece el despliegue, aunque persisten riesgos asociados a cadenas de suministro y materias primas. La co-ubicaci\u00f3n con activos renovables y la participaci\u00f3n en redes con alta penetraci\u00f3n solar y e\u00f3lica reflejan una integraci\u00f3n creciente del almacenamiento en la planificaci\u00f3n energ\u00e9tica. Desde el punto de vista financiero, la previsibilidad de ingresos, la estabilidad normativa y la adecuada modelaci\u00f3n de degradaci\u00f3n resultan determinantes para atraer capital. Con metas europeas de descarbonizaci\u00f3n y mayor electrificaci\u00f3n, el almacenamiento se consolida como componente estructural del sistema el\u00e9ctrico, avanzando hacia mayor sofisticaci\u00f3n operativa y regulatoria.\" \/>\n<meta property=\"og:url\" content=\"https:\/\/colombiainteligente.org\/es_co\/tendencias\/eu-battery-storage-market-review-2025\/\" \/>\n<meta property=\"og:site_name\" content=\"Colombia Inteligente\" \/>\n<meta property=\"article:published_time\" content=\"2026-03-04T21:28:34+00:00\" \/>\n<meta property=\"article:modified_time\" content=\"2026-03-04T21:30:17+00:00\" \/>\n<meta property=\"og:image\" content=\"https:\/\/colombiainteligente.org\/wp-content\/uploads\/2026\/03\/07-Energia-4440326.png\" \/>\n\t<meta property=\"og:image:width\" content=\"805\" \/>\n\t<meta property=\"og:image:height\" content=\"1138\" \/>\n\t<meta property=\"og:image:type\" content=\"image\/png\" \/>\n<meta name=\"author\" content=\"DIFUSI\u00d3N COLOMBIA INTELIGENTE\" \/>\n<meta name=\"twitter:card\" content=\"summary_large_image\" \/>\n<meta name=\"twitter:creator\" content=\"@colombiaintelig\" \/>\n<meta name=\"twitter:site\" content=\"@colombiaintelig\" \/>\n<meta name=\"twitter:label1\" content=\"Escrito por\" \/>\n\t<meta name=\"twitter:data1\" content=\"DIFUSI\u00d3N COLOMBIA INTELIGENTE\" \/>\n\t<meta name=\"twitter:label2\" content=\"Tiempo estimado de lectura\" \/>\n\t<meta name=\"twitter:data2\" content=\"3 minutos\" \/>\n<script type=\"application\/ld+json\" class=\"yoast-schema-graph\">{\"@context\":\"https:\\\/\\\/schema.org\",\"@graph\":[{\"@type\":\"Article\",\"@id\":\"https:\\\/\\\/colombiainteligente.org\\\/tendencias\\\/eu-battery-storage-market-review-2025\\\/#article\",\"isPartOf\":{\"@id\":\"https:\\\/\\\/colombiainteligente.org\\\/tendencias\\\/eu-battery-storage-market-review-2025\\\/\"},\"author\":{\"name\":\"DIFUSI\u00d3N COLOMBIA INTELIGENTE\",\"@id\":\"https:\\\/\\\/colombiainteligente.org\\\/#\\\/schema\\\/person\\\/e207145d548b75a6d339ff1d4d3b0432\"},\"headline\":\"EU Battery Storage Market Review 2025\",\"datePublished\":\"2026-03-04T21:28:34+00:00\",\"dateModified\":\"2026-03-04T21:30:17+00:00\",\"mainEntityOfPage\":{\"@id\":\"https:\\\/\\\/colombiainteligente.org\\\/tendencias\\\/eu-battery-storage-market-review-2025\\\/\"},\"wordCount\":730,\"commentCount\":0,\"publisher\":{\"@id\":\"https:\\\/\\\/colombiainteligente.org\\\/#organization\"},\"image\":{\"@id\":\"https:\\\/\\\/colombiainteligente.org\\\/tendencias\\\/eu-battery-storage-market-review-2025\\\/#primaryimage\"},\"thumbnailUrl\":\"https:\\\/\\\/colombiainteligente.org\\\/wp-content\\\/uploads\\\/2026\\\/03\\\/07-Energia-4440326.png\",\"articleSection\":[\"Energ\u00eda que transforma\",\"Tendencias\"],\"inLanguage\":\"es-CO\",\"potentialAction\":[{\"@type\":\"CommentAction\",\"name\":\"Comment\",\"target\":[\"https:\\\/\\\/colombiainteligente.org\\\/tendencias\\\/eu-battery-storage-market-review-2025\\\/#respond\"]}]},{\"@type\":\"WebPage\",\"@id\":\"https:\\\/\\\/colombiainteligente.org\\\/tendencias\\\/eu-battery-storage-market-review-2025\\\/\",\"url\":\"https:\\\/\\\/colombiainteligente.org\\\/tendencias\\\/eu-battery-storage-market-review-2025\\\/\",\"name\":\"EU Battery Storage Market Review 2025 - Colombia Inteligente\",\"isPartOf\":{\"@id\":\"https:\\\/\\\/colombiainteligente.org\\\/#website\"},\"primaryImageOfPage\":{\"@id\":\"https:\\\/\\\/colombiainteligente.org\\\/tendencias\\\/eu-battery-storage-market-review-2025\\\/#primaryimage\"},\"image\":{\"@id\":\"https:\\\/\\\/colombiainteligente.org\\\/tendencias\\\/eu-battery-storage-market-review-2025\\\/#primaryimage\"},\"thumbnailUrl\":\"https:\\\/\\\/colombiainteligente.org\\\/wp-content\\\/uploads\\\/2026\\\/03\\\/07-Energia-4440326.png\",\"datePublished\":\"2026-03-04T21:28:34+00:00\",\"dateModified\":\"2026-03-04T21:30:17+00:00\",\"breadcrumb\":{\"@id\":\"https:\\\/\\\/colombiainteligente.org\\\/tendencias\\\/eu-battery-storage-market-review-2025\\\/#breadcrumb\"},\"inLanguage\":\"es-CO\",\"potentialAction\":[{\"@type\":\"ReadAction\",\"target\":[\"https:\\\/\\\/colombiainteligente.org\\\/tendencias\\\/eu-battery-storage-market-review-2025\\\/\"]}]},{\"@type\":\"ImageObject\",\"inLanguage\":\"es-CO\",\"@id\":\"https:\\\/\\\/colombiainteligente.org\\\/tendencias\\\/eu-battery-storage-market-review-2025\\\/#primaryimage\",\"url\":\"https:\\\/\\\/colombiainteligente.org\\\/wp-content\\\/uploads\\\/2026\\\/03\\\/07-Energia-4440326.png\",\"contentUrl\":\"https:\\\/\\\/colombiainteligente.org\\\/wp-content\\\/uploads\\\/2026\\\/03\\\/07-Energia-4440326.png\",\"width\":805,\"height\":1138},{\"@type\":\"BreadcrumbList\",\"@id\":\"https:\\\/\\\/colombiainteligente.org\\\/tendencias\\\/eu-battery-storage-market-review-2025\\\/#breadcrumb\",\"itemListElement\":[{\"@type\":\"ListItem\",\"position\":1,\"name\":\"Portada\",\"item\":\"https:\\\/\\\/colombiainteligente.org\\\/\"},{\"@type\":\"ListItem\",\"position\":2,\"name\":\"EU Battery Storage Market Review 2025\"}]},{\"@type\":\"WebSite\",\"@id\":\"https:\\\/\\\/colombiainteligente.org\\\/#website\",\"url\":\"https:\\\/\\\/colombiainteligente.org\\\/\",\"name\":\"Colombia Inteligente\",\"description\":\"Alianza estrat\u00e9gica, conformada por empresas y entidades, para la inserci\u00f3n integral y eficiente de las redes inteligentes a la infraestructura del sector el\u00e9ctrico colombiano\",\"publisher\":{\"@id\":\"https:\\\/\\\/colombiainteligente.org\\\/#organization\"},\"potentialAction\":[{\"@type\":\"SearchAction\",\"target\":{\"@type\":\"EntryPoint\",\"urlTemplate\":\"https:\\\/\\\/colombiainteligente.org\\\/?s={search_term_string}\"},\"query-input\":{\"@type\":\"PropertyValueSpecification\",\"valueRequired\":true,\"valueName\":\"search_term_string\"}}],\"inLanguage\":\"es-CO\"},{\"@type\":\"Organization\",\"@id\":\"https:\\\/\\\/colombiainteligente.org\\\/#organization\",\"name\":\"Colombia Inteligente\",\"url\":\"https:\\\/\\\/colombiainteligente.org\\\/\",\"logo\":{\"@type\":\"ImageObject\",\"inLanguage\":\"es-CO\",\"@id\":\"https:\\\/\\\/colombiainteligente.org\\\/#\\\/schema\\\/logo\\\/image\\\/\",\"url\":\"https:\\\/\\\/colombiainteligente.org\\\/wp-content\\\/uploads\\\/2022\\\/07\\\/Image.png\",\"contentUrl\":\"https:\\\/\\\/colombiainteligente.org\\\/wp-content\\\/uploads\\\/2022\\\/07\\\/Image.png\",\"width\":588,\"height\":274,\"caption\":\"Colombia Inteligente\"},\"image\":{\"@id\":\"https:\\\/\\\/colombiainteligente.org\\\/#\\\/schema\\\/logo\\\/image\\\/\"},\"sameAs\":[\"https:\\\/\\\/x.com\\\/colombiaintelig\",\"https:\\\/\\\/www.linkedin.com\\\/company\\\/colombiainteligente\\\/\"]},{\"@type\":\"Person\",\"@id\":\"https:\\\/\\\/colombiainteligente.org\\\/#\\\/schema\\\/person\\\/e207145d548b75a6d339ff1d4d3b0432\",\"name\":\"DIFUSI\u00d3N COLOMBIA INTELIGENTE\",\"image\":{\"@type\":\"ImageObject\",\"inLanguage\":\"es-CO\",\"@id\":\"https:\\\/\\\/secure.gravatar.com\\\/avatar\\\/df2e679ff2abf288cf4bf58830dad897e596908105ec8969f50f748a6d837869?s=96&d=mm&r=g\",\"url\":\"https:\\\/\\\/secure.gravatar.com\\\/avatar\\\/df2e679ff2abf288cf4bf58830dad897e596908105ec8969f50f748a6d837869?s=96&d=mm&r=g\",\"contentUrl\":\"https:\\\/\\\/secure.gravatar.com\\\/avatar\\\/df2e679ff2abf288cf4bf58830dad897e596908105ec8969f50f748a6d837869?s=96&d=mm&r=g\",\"caption\":\"DIFUSI\u00d3N COLOMBIA INTELIGENTE\"},\"url\":\"https:\\\/\\\/colombiainteligente.org\\\/es_co\\\/author\\\/difusioncolombiainteligente-org\\\/\"}]}<\/script>\n<!-- \/ Yoast SEO plugin. -->","yoast_head_json":{"title":"EU Battery Storage Market Review 2025 - Colombia Inteligente","robots":{"index":"index","follow":"follow","max-snippet":"max-snippet:-1","max-image-preview":"max-image-preview:large","max-video-preview":"max-video-preview:-1"},"canonical":"https:\/\/colombiainteligente.org\/es_co\/tendencias\/eu-battery-storage-market-review-2025\/","og_locale":"es_ES","og_type":"article","og_title":"EU Battery Storage Market Review 2025 - Colombia Inteligente","og_description":"El mercado europeo de almacenamiento en bater\u00edas experimenta un crecimiento acelerado impulsado por la expansi\u00f3n de energ\u00edas renovables variables y la necesidad de mayor flexibilidad en el sistema el\u00e9ctrico. Las bater\u00edas participan en arbitraje energ\u00e9tico, servicios de frecuencia, gesti\u00f3n de congestiones y esquemas de capacidad, aunque la estructura de ingresos evoluciona hacia modelos diversificados ante la creciente competencia. Las diferencias regulatorias entre pa\u00edses generan entornos de inversi\u00f3n heterog\u00e9neos. Algunos mercados reconocen al almacenamiento como categor\u00eda espec\u00edfica, mientras otros lo integran bajo marcos dise\u00f1ados para generaci\u00f3n o consumo. Esta situaci\u00f3n incide en tiempos de desarrollo y bancabilidad. A su vez, la reducci\u00f3n de costos tecnol\u00f3gicos favorece el despliegue, aunque persisten riesgos asociados a cadenas de suministro y materias primas. La co-ubicaci\u00f3n con activos renovables y la participaci\u00f3n en redes con alta penetraci\u00f3n solar y e\u00f3lica reflejan una integraci\u00f3n creciente del almacenamiento en la planificaci\u00f3n energ\u00e9tica. Desde el punto de vista financiero, la previsibilidad de ingresos, la estabilidad normativa y la adecuada modelaci\u00f3n de degradaci\u00f3n resultan determinantes para atraer capital. Con metas europeas de descarbonizaci\u00f3n y mayor electrificaci\u00f3n, el almacenamiento se consolida como componente estructural del sistema el\u00e9ctrico, avanzando hacia mayor sofisticaci\u00f3n operativa y regulatoria.","og_url":"https:\/\/colombiainteligente.org\/es_co\/tendencias\/eu-battery-storage-market-review-2025\/","og_site_name":"Colombia Inteligente","article_published_time":"2026-03-04T21:28:34+00:00","article_modified_time":"2026-03-04T21:30:17+00:00","og_image":[{"width":805,"height":1138,"url":"https:\/\/colombiainteligente.org\/wp-content\/uploads\/2026\/03\/07-Energia-4440326.png","type":"image\/png"}],"author":"DIFUSI\u00d3N COLOMBIA INTELIGENTE","twitter_card":"summary_large_image","twitter_creator":"@colombiaintelig","twitter_site":"@colombiaintelig","twitter_misc":{"Escrito por":"DIFUSI\u00d3N COLOMBIA INTELIGENTE","Tiempo estimado de lectura":"3 minutos"},"schema":{"@context":"https:\/\/schema.org","@graph":[{"@type":"Article","@id":"https:\/\/colombiainteligente.org\/tendencias\/eu-battery-storage-market-review-2025\/#article","isPartOf":{"@id":"https:\/\/colombiainteligente.org\/tendencias\/eu-battery-storage-market-review-2025\/"},"author":{"name":"DIFUSI\u00d3N COLOMBIA INTELIGENTE","@id":"https:\/\/colombiainteligente.org\/#\/schema\/person\/e207145d548b75a6d339ff1d4d3b0432"},"headline":"EU Battery Storage Market Review 2025","datePublished":"2026-03-04T21:28:34+00:00","dateModified":"2026-03-04T21:30:17+00:00","mainEntityOfPage":{"@id":"https:\/\/colombiainteligente.org\/tendencias\/eu-battery-storage-market-review-2025\/"},"wordCount":730,"commentCount":0,"publisher":{"@id":"https:\/\/colombiainteligente.org\/#organization"},"image":{"@id":"https:\/\/colombiainteligente.org\/tendencias\/eu-battery-storage-market-review-2025\/#primaryimage"},"thumbnailUrl":"https:\/\/colombiainteligente.org\/wp-content\/uploads\/2026\/03\/07-Energia-4440326.png","articleSection":["Energ\u00eda que transforma","Tendencias"],"inLanguage":"es-CO","potentialAction":[{"@type":"CommentAction","name":"Comment","target":["https:\/\/colombiainteligente.org\/tendencias\/eu-battery-storage-market-review-2025\/#respond"]}]},{"@type":"WebPage","@id":"https:\/\/colombiainteligente.org\/tendencias\/eu-battery-storage-market-review-2025\/","url":"https:\/\/colombiainteligente.org\/tendencias\/eu-battery-storage-market-review-2025\/","name":"EU Battery Storage Market Review 2025 - Colombia Inteligente","isPartOf":{"@id":"https:\/\/colombiainteligente.org\/#website"},"primaryImageOfPage":{"@id":"https:\/\/colombiainteligente.org\/tendencias\/eu-battery-storage-market-review-2025\/#primaryimage"},"image":{"@id":"https:\/\/colombiainteligente.org\/tendencias\/eu-battery-storage-market-review-2025\/#primaryimage"},"thumbnailUrl":"https:\/\/colombiainteligente.org\/wp-content\/uploads\/2026\/03\/07-Energia-4440326.png","datePublished":"2026-03-04T21:28:34+00:00","dateModified":"2026-03-04T21:30:17+00:00","breadcrumb":{"@id":"https:\/\/colombiainteligente.org\/tendencias\/eu-battery-storage-market-review-2025\/#breadcrumb"},"inLanguage":"es-CO","potentialAction":[{"@type":"ReadAction","target":["https:\/\/colombiainteligente.org\/tendencias\/eu-battery-storage-market-review-2025\/"]}]},{"@type":"ImageObject","inLanguage":"es-CO","@id":"https:\/\/colombiainteligente.org\/tendencias\/eu-battery-storage-market-review-2025\/#primaryimage","url":"https:\/\/colombiainteligente.org\/wp-content\/uploads\/2026\/03\/07-Energia-4440326.png","contentUrl":"https:\/\/colombiainteligente.org\/wp-content\/uploads\/2026\/03\/07-Energia-4440326.png","width":805,"height":1138},{"@type":"BreadcrumbList","@id":"https:\/\/colombiainteligente.org\/tendencias\/eu-battery-storage-market-review-2025\/#breadcrumb","itemListElement":[{"@type":"ListItem","position":1,"name":"Portada","item":"https:\/\/colombiainteligente.org\/"},{"@type":"ListItem","position":2,"name":"EU Battery Storage Market Review 2025"}]},{"@type":"WebSite","@id":"https:\/\/colombiainteligente.org\/#website","url":"https:\/\/colombiainteligente.org\/","name":"Colombia Inteligente","description":"Alianza estrat\u00e9gica, conformada por empresas y entidades, para la inserci\u00f3n integral y eficiente de las redes inteligentes a la infraestructura del sector el\u00e9ctrico colombiano","publisher":{"@id":"https:\/\/colombiainteligente.org\/#organization"},"potentialAction":[{"@type":"SearchAction","target":{"@type":"EntryPoint","urlTemplate":"https:\/\/colombiainteligente.org\/?s={search_term_string}"},"query-input":{"@type":"PropertyValueSpecification","valueRequired":true,"valueName":"search_term_string"}}],"inLanguage":"es-CO"},{"@type":"Organization","@id":"https:\/\/colombiainteligente.org\/#organization","name":"Colombia Inteligente","url":"https:\/\/colombiainteligente.org\/","logo":{"@type":"ImageObject","inLanguage":"es-CO","@id":"https:\/\/colombiainteligente.org\/#\/schema\/logo\/image\/","url":"https:\/\/colombiainteligente.org\/wp-content\/uploads\/2022\/07\/Image.png","contentUrl":"https:\/\/colombiainteligente.org\/wp-content\/uploads\/2022\/07\/Image.png","width":588,"height":274,"caption":"Colombia Inteligente"},"image":{"@id":"https:\/\/colombiainteligente.org\/#\/schema\/logo\/image\/"},"sameAs":["https:\/\/x.com\/colombiaintelig","https:\/\/www.linkedin.com\/company\/colombiainteligente\/"]},{"@type":"Person","@id":"https:\/\/colombiainteligente.org\/#\/schema\/person\/e207145d548b75a6d339ff1d4d3b0432","name":"DIFUSI\u00d3N COLOMBIA INTELIGENTE","image":{"@type":"ImageObject","inLanguage":"es-CO","@id":"https:\/\/secure.gravatar.com\/avatar\/df2e679ff2abf288cf4bf58830dad897e596908105ec8969f50f748a6d837869?s=96&d=mm&r=g","url":"https:\/\/secure.gravatar.com\/avatar\/df2e679ff2abf288cf4bf58830dad897e596908105ec8969f50f748a6d837869?s=96&d=mm&r=g","contentUrl":"https:\/\/secure.gravatar.com\/avatar\/df2e679ff2abf288cf4bf58830dad897e596908105ec8969f50f748a6d837869?s=96&d=mm&r=g","caption":"DIFUSI\u00d3N COLOMBIA INTELIGENTE"},"url":"https:\/\/colombiainteligente.org\/es_co\/author\/difusioncolombiainteligente-org\/"}]}},"_links":{"self":[{"href":"https:\/\/colombiainteligente.org\/es_co\/wp-json\/wp\/v2\/posts\/67548","targetHints":{"allow":["GET"]}}],"collection":[{"href":"https:\/\/colombiainteligente.org\/es_co\/wp-json\/wp\/v2\/posts"}],"about":[{"href":"https:\/\/colombiainteligente.org\/es_co\/wp-json\/wp\/v2\/types\/post"}],"author":[{"embeddable":true,"href":"https:\/\/colombiainteligente.org\/es_co\/wp-json\/wp\/v2\/users\/23"}],"replies":[{"embeddable":true,"href":"https:\/\/colombiainteligente.org\/es_co\/wp-json\/wp\/v2\/comments?post=67548"}],"version-history":[{"count":7,"href":"https:\/\/colombiainteligente.org\/es_co\/wp-json\/wp\/v2\/posts\/67548\/revisions"}],"predecessor-version":[{"id":67556,"href":"https:\/\/colombiainteligente.org\/es_co\/wp-json\/wp\/v2\/posts\/67548\/revisions\/67556"}],"wp:featuredmedia":[{"embeddable":true,"href":"https:\/\/colombiainteligente.org\/es_co\/wp-json\/wp\/v2\/media\/67549"}],"wp:attachment":[{"href":"https:\/\/colombiainteligente.org\/es_co\/wp-json\/wp\/v2\/media?parent=67548"}],"wp:term":[{"taxonomy":"category","embeddable":true,"href":"https:\/\/colombiainteligente.org\/es_co\/wp-json\/wp\/v2\/categories?post=67548"},{"taxonomy":"post_tag","embeddable":true,"href":"https:\/\/colombiainteligente.org\/es_co\/wp-json\/wp\/v2\/tags?post=67548"}],"curies":[{"name":"wp","href":"https:\/\/api.w.org\/{rel}","templated":true}]}}