{"id":67648,"date":"2026-03-09T15:33:09","date_gmt":"2026-03-09T20:33:09","guid":{"rendered":"https:\/\/colombiainteligente.org\/?p=67648"},"modified":"2026-03-09T15:34:26","modified_gmt":"2026-03-09T20:34:26","slug":"ia-y-limites-planetarios-infraestructura-digital-con-energia-y-agua-responsables","status":"publish","type":"post","link":"https:\/\/colombiainteligente.org\/es_co\/noticias-sectoriales\/ia-y-limites-planetarios-infraestructura-digital-con-energia-y-agua-responsables\/","title":{"rendered":"IA y l\u00edmites planetarios: infraestructura digital con energ\u00eda y agua responsables"},"content":{"rendered":"<div data-elementor-type=\"wp-post\" data-elementor-id=\"67648\" class=\"elementor elementor-67648\" data-elementor-post-type=\"post\">\n\t\t\t\t\t\t\t\t\t<section class=\"elementor-section elementor-top-section elementor-element elementor-element-87c6aa2 elementor-section-boxed elementor-section-height-default elementor-section-height-default\" data-id=\"87c6aa2\" data-element_type=\"section\">\n\t\t\t\t\t\t<div class=\"elementor-container elementor-column-gap-default\">\n\t\t\t\t\t<div class=\"elementor-column elementor-col-100 elementor-top-column elementor-element elementor-element-558bb819\" data-id=\"558bb819\" data-element_type=\"column\">\n\t\t\t<div class=\"elementor-widget-wrap elementor-element-populated\">\n\t\t\t\t\t\t\t\t<div class=\"elementor-element elementor-element-3067325c elementor-widget elementor-widget-text-editor\" data-id=\"3067325c\" data-element_type=\"widget\" data-widget_type=\"text-editor.default\">\n\t\t\t\t<div class=\"elementor-widget-container\">\n\t\t\t<style>\/*! elementor - v3.14.0 - 26-06-2023 *\/\n.elementor-widget-text-editor.elementor-drop-cap-view-stacked .elementor-drop-cap{background-color:#69727d;color:#fff}.elementor-widget-text-editor.elementor-drop-cap-view-framed .elementor-drop-cap{color:#69727d;border:3px solid;background-color:transparent}.elementor-widget-text-editor:not(.elementor-drop-cap-view-default) .elementor-drop-cap{margin-top:8px}.elementor-widget-text-editor:not(.elementor-drop-cap-view-default) .elementor-drop-cap-letter{width:1em;height:1em}.elementor-widget-text-editor .elementor-drop-cap{float:left;text-align:center;line-height:1;font-size:50px}.elementor-widget-text-editor .elementor-drop-cap-letter{display:inline-block}<\/style>\t\t\t\t<div data-google-query-id=\"CMCHhKa2gIUDFYa20QQdDOQEIA\"><p style=\"margin-top: 0pt; margin-bottom: 10pt; font-family: Calibri; font-size: 11.0pt;\">El debate sobre la infraestructura digital entra en una fase decisiva: a medida que la inteligencia artificial se integra en salud, finanzas, educaci\u00f3n y servicios p\u00fablicos, la demanda de electricidad y agua de los centros de datos se acelera y tensiona sistemas que ya enfrentan sequ\u00edas, picos de carga y permisos lentos. Una propuesta reciente de la comunidad del Foro Econ\u00f3mico Mundial sit\u00faa el reto en clave de convergencia: crecer sin rebasar los l\u00edmites planetarios. El documento destaca que, de aqu\u00ed a 2030, el consumo el\u00e9ctrico de los centros de datos podr\u00eda m\u00e1s que duplicarse y el uso de agua aumentar en torno a 50 %, por lo que la expansi\u00f3n debe ir de la mano de soluciones t\u00e9cnicas y de pol\u00edtica p\u00fablica para proteger la resiliencia de comunidades y redes. La primera prioridad es recuperar calor residual con retornos financieros atractivos en instalaciones a partir de 7 MW; la segunda, asegurar energ\u00eda y agua en sitio con renovables, almacenamiento y microredes, reduciendo dependencia de redes y acueductos estresados. El enfoque vincula adem\u00e1s la planificaci\u00f3n de suelo y licenciamiento con m\u00e9tricas de impacto que midan beneficios locales \u2014empleo, eficiencia t\u00e9rmica, reducci\u00f3n de vertimientos\u2014 junto con seguridad y costos del sistema.<\/p><p style=\"margin-top: 0pt; margin-bottom: 10pt; font-family: Calibri; font-size: 11.0pt;\">La tercera prioridad se orienta a econom\u00eda circular del agua: desde circuitos cerrados y enfriamiento l\u00edquido hasta reuso y reposici\u00f3n en cuencas donde opere el campus digital. Esto implica inversiones en medici\u00f3n en tiempo real, tratamiento y calidad, con reportes verificables para fortalecer la licencia social y la transparencia. La cuarta y quinta prioridades llaman a reforzar independencia operativa y resiliencia: capacidad de operaci\u00f3n isla en eventos extremos, gesti\u00f3n activa de la demanda y contratos que premien flexibilidad \u2014por ejemplo, con curtailment planificado o ventanas horarias\u2014, de forma que el crecimiento digital sume firmeza y servicios de red en lugar de cargar costos a otros usuarios. En paralelo, se sugiere capturar calor para usos urbanos e industriales, con esquemas tarifarios y de cofinanciaci\u00f3n que hagan bancables estas sinergias entre lo digital y lo t\u00e9rmico.<\/p><p style=\"margin-top: 0pt; margin-bottom: 10pt; font-size: 11.0pt;\"><span style=\"font-family: Calibri;\">Para los reguladores y las empresas de energ\u00eda, el mensaje pr\u00e1ctico es que la evaluaci\u00f3n de proyectos incorpore condiciones de conexi\u00f3n y desempe\u00f1o h\u00eddrico<\/span><span style=\"font-family: 'Cambria Math';\">\u2011<\/span><span style=\"font-family: Calibri;\">energ\u00e9tico, alineadas con metas de descarbonizaci\u00f3n y con la protecci\u00f3n del usuario final. La convergencia no es solo tecnol\u00f3gica: requiere instrumentos contractuales \u2014tarifas de grandes cargas con criterios de costo causal, participaci\u00f3n comunitaria y compromisos de circularidad\u2014 y una gobernanza de datos que permita monitorear efectos reales en red y cuencas. Con estos principios, la infraestructura digital puede aportar resiliencia y desarrollo local, evitando que el auge de IA derive en cuellos de botella de energ\u00eda y agua o en subsidios cruzados regresivos. El horizonte es operar centros de datos que sean a la vez activos el\u00e9ctricos flexibles y ciudadanos h\u00eddricos responsables, integrados a la planeaci\u00f3n urbana y a los planes de expansi\u00f3n de transmisi\u00f3n<\/span><\/p><p><span style=\"color: #800000;\"><strong>Para leer m\u00e1s ingrese a:<\/strong><\/span><\/p><a href=\"https:\/\/www.weforum.org\/stories\/2026\/01\/enhancing-value-of-digital-infrastructure\/\">https:\/\/www.weforum.org\/stories\/2026\/01\/enhancing-value-of-digital-infrastructure\/<\/a><\/div>\t\t\t\t\t\t<\/div>\n\t\t\t\t<\/div>\n\t\t\t\t\t<\/div>\n\t\t<\/div>\n\t\t\t\t\t\t\t<\/div>\n\t\t<\/section>\n\t\t\t\t\t\t\t<\/div>\n\t\t<div style=\"text-align:center\" class=\"yasr-auto-insert-visitor\"><\/div>","protected":false},"excerpt":{"rendered":"<p>Plantean cinco prioridades para que los centros de datos crezcan con resiliencia: reaprovechamiento de calor, generaci\u00f3n y agua en sitio, y econom\u00eda circular del recurso h\u00eddrico.<\/p>","protected":false},"author":23,"featured_media":67649,"comment_status":"open","ping_status":"open","sticky":false,"template":"","format":"standard","meta":{"yasr_overall_rating":0,"yasr_post_is_review":"","yasr_auto_insert_disabled":"","yasr_review_type":"","footnotes":""},"categories":[52],"tags":[],"class_list":["post-67648","post","type-post","status-publish","format-standard","has-post-thumbnail","hentry","category-noticias-sectoriales"],"yasr_visitor_votes":{"number_of_votes":0,"sum_votes":0,"stars_attributes":{"read_only":false,"span_bottom":false}},"yoast_head":"<!-- This site is optimized with the Yoast SEO plugin v27.3 - https:\/\/yoast.com\/product\/yoast-seo-wordpress\/ -->\n<title>IA y l\u00edmites planetarios: infraestructura digital con energ\u00eda y agua responsables - Colombia Inteligente<\/title>\n<meta name=\"robots\" content=\"index, follow, max-snippet:-1, max-image-preview:large, max-video-preview:-1\" \/>\n<link rel=\"canonical\" href=\"https:\/\/colombiainteligente.org\/es_co\/noticias-sectoriales\/ia-y-limites-planetarios-infraestructura-digital-con-energia-y-agua-responsables\/\" \/>\n<meta property=\"og:locale\" content=\"es_ES\" \/>\n<meta property=\"og:type\" content=\"article\" \/>\n<meta property=\"og:title\" content=\"IA y l\u00edmites planetarios: infraestructura digital con energ\u00eda y agua responsables - Colombia Inteligente\" \/>\n<meta property=\"og:description\" content=\"Plantean cinco prioridades para que los centros de datos crezcan con resiliencia: reaprovechamiento de calor, generaci\u00f3n y agua en sitio, y econom\u00eda circular del recurso h\u00eddrico.\" \/>\n<meta property=\"og:url\" content=\"https:\/\/colombiainteligente.org\/es_co\/noticias-sectoriales\/ia-y-limites-planetarios-infraestructura-digital-con-energia-y-agua-responsables\/\" \/>\n<meta property=\"og:site_name\" content=\"Colombia Inteligente\" \/>\n<meta property=\"article:published_time\" content=\"2026-03-09T20:33:09+00:00\" \/>\n<meta property=\"article:modified_time\" content=\"2026-03-09T20:34:26+00:00\" \/>\n<meta property=\"og:image\" content=\"https:\/\/colombiainteligente.org\/wp-content\/uploads\/2026\/03\/445100326-09.png\" \/>\n\t<meta property=\"og:image:width\" content=\"1683\" \/>\n\t<meta property=\"og:image:height\" content=\"683\" \/>\n\t<meta property=\"og:image:type\" content=\"image\/png\" \/>\n<meta name=\"author\" content=\"DIFUSI\u00d3N COLOMBIA INTELIGENTE\" \/>\n<meta name=\"twitter:card\" content=\"summary_large_image\" \/>\n<meta name=\"twitter:creator\" content=\"@colombiaintelig\" \/>\n<meta name=\"twitter:site\" content=\"@colombiaintelig\" \/>\n<meta name=\"twitter:label1\" content=\"Escrito por\" \/>\n\t<meta name=\"twitter:data1\" content=\"DIFUSI\u00d3N COLOMBIA INTELIGENTE\" \/>\n\t<meta name=\"twitter:label2\" content=\"Tiempo estimado de lectura\" \/>\n\t<meta name=\"twitter:data2\" content=\"3 minutos\" \/>\n<script type=\"application\/ld+json\" class=\"yoast-schema-graph\">{\"@context\":\"https:\\\/\\\/schema.org\",\"@graph\":[{\"@type\":\"Article\",\"@id\":\"https:\\\/\\\/colombiainteligente.org\\\/noticias-sectoriales\\\/ia-y-limites-planetarios-infraestructura-digital-con-energia-y-agua-responsables\\\/#article\",\"isPartOf\":{\"@id\":\"https:\\\/\\\/colombiainteligente.org\\\/noticias-sectoriales\\\/ia-y-limites-planetarios-infraestructura-digital-con-energia-y-agua-responsables\\\/\"},\"author\":{\"name\":\"DIFUSI\u00d3N COLOMBIA INTELIGENTE\",\"@id\":\"https:\\\/\\\/colombiainteligente.org\\\/#\\\/schema\\\/person\\\/e207145d548b75a6d339ff1d4d3b0432\"},\"headline\":\"IA y l\u00edmites planetarios: infraestructura digital con energ\u00eda y agua responsables\",\"datePublished\":\"2026-03-09T20:33:09+00:00\",\"dateModified\":\"2026-03-09T20:34:26+00:00\",\"mainEntityOfPage\":{\"@id\":\"https:\\\/\\\/colombiainteligente.org\\\/noticias-sectoriales\\\/ia-y-limites-planetarios-infraestructura-digital-con-energia-y-agua-responsables\\\/\"},\"wordCount\":538,\"commentCount\":0,\"publisher\":{\"@id\":\"https:\\\/\\\/colombiainteligente.org\\\/#organization\"},\"image\":{\"@id\":\"https:\\\/\\\/colombiainteligente.org\\\/noticias-sectoriales\\\/ia-y-limites-planetarios-infraestructura-digital-con-energia-y-agua-responsables\\\/#primaryimage\"},\"thumbnailUrl\":\"https:\\\/\\\/colombiainteligente.org\\\/wp-content\\\/uploads\\\/2026\\\/03\\\/445100326-09.png\",\"articleSection\":[\"Noticias Sectoriales\"],\"inLanguage\":\"es-CO\",\"potentialAction\":[{\"@type\":\"CommentAction\",\"name\":\"Comment\",\"target\":[\"https:\\\/\\\/colombiainteligente.org\\\/noticias-sectoriales\\\/ia-y-limites-planetarios-infraestructura-digital-con-energia-y-agua-responsables\\\/#respond\"]}]},{\"@type\":\"WebPage\",\"@id\":\"https:\\\/\\\/colombiainteligente.org\\\/noticias-sectoriales\\\/ia-y-limites-planetarios-infraestructura-digital-con-energia-y-agua-responsables\\\/\",\"url\":\"https:\\\/\\\/colombiainteligente.org\\\/noticias-sectoriales\\\/ia-y-limites-planetarios-infraestructura-digital-con-energia-y-agua-responsables\\\/\",\"name\":\"IA y l\u00edmites planetarios: infraestructura digital con energ\u00eda y agua responsables - Colombia Inteligente\",\"isPartOf\":{\"@id\":\"https:\\\/\\\/colombiainteligente.org\\\/#website\"},\"primaryImageOfPage\":{\"@id\":\"https:\\\/\\\/colombiainteligente.org\\\/noticias-sectoriales\\\/ia-y-limites-planetarios-infraestructura-digital-con-energia-y-agua-responsables\\\/#primaryimage\"},\"image\":{\"@id\":\"https:\\\/\\\/colombiainteligente.org\\\/noticias-sectoriales\\\/ia-y-limites-planetarios-infraestructura-digital-con-energia-y-agua-responsables\\\/#primaryimage\"},\"thumbnailUrl\":\"https:\\\/\\\/colombiainteligente.org\\\/wp-content\\\/uploads\\\/2026\\\/03\\\/445100326-09.png\",\"datePublished\":\"2026-03-09T20:33:09+00:00\",\"dateModified\":\"2026-03-09T20:34:26+00:00\",\"breadcrumb\":{\"@id\":\"https:\\\/\\\/colombiainteligente.org\\\/noticias-sectoriales\\\/ia-y-limites-planetarios-infraestructura-digital-con-energia-y-agua-responsables\\\/#breadcrumb\"},\"inLanguage\":\"es-CO\",\"potentialAction\":[{\"@type\":\"ReadAction\",\"target\":[\"https:\\\/\\\/colombiainteligente.org\\\/noticias-sectoriales\\\/ia-y-limites-planetarios-infraestructura-digital-con-energia-y-agua-responsables\\\/\"]}]},{\"@type\":\"ImageObject\",\"inLanguage\":\"es-CO\",\"@id\":\"https:\\\/\\\/colombiainteligente.org\\\/noticias-sectoriales\\\/ia-y-limites-planetarios-infraestructura-digital-con-energia-y-agua-responsables\\\/#primaryimage\",\"url\":\"https:\\\/\\\/colombiainteligente.org\\\/wp-content\\\/uploads\\\/2026\\\/03\\\/445100326-09.png\",\"contentUrl\":\"https:\\\/\\\/colombiainteligente.org\\\/wp-content\\\/uploads\\\/2026\\\/03\\\/445100326-09.png\",\"width\":1683,\"height\":683,\"caption\":\"Foto de sala de servidores con gr\u00e1ficos de consumo de agua\\\/energ\u00eda en cabecera del art\u00edculo; cr\u00e9dito: Freepik\\\/benzoix (WEF, 16\u2011ene\u20112026).\"},{\"@type\":\"BreadcrumbList\",\"@id\":\"https:\\\/\\\/colombiainteligente.org\\\/noticias-sectoriales\\\/ia-y-limites-planetarios-infraestructura-digital-con-energia-y-agua-responsables\\\/#breadcrumb\",\"itemListElement\":[{\"@type\":\"ListItem\",\"position\":1,\"name\":\"Portada\",\"item\":\"https:\\\/\\\/colombiainteligente.org\\\/\"},{\"@type\":\"ListItem\",\"position\":2,\"name\":\"IA y l\u00edmites planetarios: infraestructura digital con energ\u00eda y agua responsables\"}]},{\"@type\":\"WebSite\",\"@id\":\"https:\\\/\\\/colombiainteligente.org\\\/#website\",\"url\":\"https:\\\/\\\/colombiainteligente.org\\\/\",\"name\":\"Colombia Inteligente\",\"description\":\"Alianza estrat\u00e9gica, conformada por empresas y entidades, para la inserci\u00f3n integral y eficiente de las redes inteligentes a la infraestructura del sector el\u00e9ctrico colombiano\",\"publisher\":{\"@id\":\"https:\\\/\\\/colombiainteligente.org\\\/#organization\"},\"potentialAction\":[{\"@type\":\"SearchAction\",\"target\":{\"@type\":\"EntryPoint\",\"urlTemplate\":\"https:\\\/\\\/colombiainteligente.org\\\/?s={search_term_string}\"},\"query-input\":{\"@type\":\"PropertyValueSpecification\",\"valueRequired\":true,\"valueName\":\"search_term_string\"}}],\"inLanguage\":\"es-CO\"},{\"@type\":\"Organization\",\"@id\":\"https:\\\/\\\/colombiainteligente.org\\\/#organization\",\"name\":\"Colombia Inteligente\",\"url\":\"https:\\\/\\\/colombiainteligente.org\\\/\",\"logo\":{\"@type\":\"ImageObject\",\"inLanguage\":\"es-CO\",\"@id\":\"https:\\\/\\\/colombiainteligente.org\\\/#\\\/schema\\\/logo\\\/image\\\/\",\"url\":\"https:\\\/\\\/colombiainteligente.org\\\/wp-content\\\/uploads\\\/2022\\\/07\\\/Image.png\",\"contentUrl\":\"https:\\\/\\\/colombiainteligente.org\\\/wp-content\\\/uploads\\\/2022\\\/07\\\/Image.png\",\"width\":588,\"height\":274,\"caption\":\"Colombia Inteligente\"},\"image\":{\"@id\":\"https:\\\/\\\/colombiainteligente.org\\\/#\\\/schema\\\/logo\\\/image\\\/\"},\"sameAs\":[\"https:\\\/\\\/x.com\\\/colombiaintelig\",\"https:\\\/\\\/www.linkedin.com\\\/company\\\/colombiainteligente\\\/\"]},{\"@type\":\"Person\",\"@id\":\"https:\\\/\\\/colombiainteligente.org\\\/#\\\/schema\\\/person\\\/e207145d548b75a6d339ff1d4d3b0432\",\"name\":\"DIFUSI\u00d3N COLOMBIA INTELIGENTE\",\"image\":{\"@type\":\"ImageObject\",\"inLanguage\":\"es-CO\",\"@id\":\"https:\\\/\\\/secure.gravatar.com\\\/avatar\\\/df2e679ff2abf288cf4bf58830dad897e596908105ec8969f50f748a6d837869?s=96&d=mm&r=g\",\"url\":\"https:\\\/\\\/secure.gravatar.com\\\/avatar\\\/df2e679ff2abf288cf4bf58830dad897e596908105ec8969f50f748a6d837869?s=96&d=mm&r=g\",\"contentUrl\":\"https:\\\/\\\/secure.gravatar.com\\\/avatar\\\/df2e679ff2abf288cf4bf58830dad897e596908105ec8969f50f748a6d837869?s=96&d=mm&r=g\",\"caption\":\"DIFUSI\u00d3N COLOMBIA INTELIGENTE\"},\"url\":\"https:\\\/\\\/colombiainteligente.org\\\/es_co\\\/author\\\/difusioncolombiainteligente-org\\\/\"}]}<\/script>\n<!-- \/ Yoast SEO plugin. -->","yoast_head_json":{"title":"IA y l\u00edmites planetarios: infraestructura digital con energ\u00eda y agua responsables - Colombia Inteligente","robots":{"index":"index","follow":"follow","max-snippet":"max-snippet:-1","max-image-preview":"max-image-preview:large","max-video-preview":"max-video-preview:-1"},"canonical":"https:\/\/colombiainteligente.org\/es_co\/noticias-sectoriales\/ia-y-limites-planetarios-infraestructura-digital-con-energia-y-agua-responsables\/","og_locale":"es_ES","og_type":"article","og_title":"IA y l\u00edmites planetarios: infraestructura digital con energ\u00eda y agua responsables - Colombia Inteligente","og_description":"Plantean cinco prioridades para que los centros de datos crezcan con resiliencia: reaprovechamiento de calor, generaci\u00f3n y agua en sitio, y econom\u00eda circular del recurso h\u00eddrico.","og_url":"https:\/\/colombiainteligente.org\/es_co\/noticias-sectoriales\/ia-y-limites-planetarios-infraestructura-digital-con-energia-y-agua-responsables\/","og_site_name":"Colombia Inteligente","article_published_time":"2026-03-09T20:33:09+00:00","article_modified_time":"2026-03-09T20:34:26+00:00","og_image":[{"width":1683,"height":683,"url":"https:\/\/colombiainteligente.org\/wp-content\/uploads\/2026\/03\/445100326-09.png","type":"image\/png"}],"author":"DIFUSI\u00d3N COLOMBIA INTELIGENTE","twitter_card":"summary_large_image","twitter_creator":"@colombiaintelig","twitter_site":"@colombiaintelig","twitter_misc":{"Escrito por":"DIFUSI\u00d3N COLOMBIA INTELIGENTE","Tiempo estimado de lectura":"3 minutos"},"schema":{"@context":"https:\/\/schema.org","@graph":[{"@type":"Article","@id":"https:\/\/colombiainteligente.org\/noticias-sectoriales\/ia-y-limites-planetarios-infraestructura-digital-con-energia-y-agua-responsables\/#article","isPartOf":{"@id":"https:\/\/colombiainteligente.org\/noticias-sectoriales\/ia-y-limites-planetarios-infraestructura-digital-con-energia-y-agua-responsables\/"},"author":{"name":"DIFUSI\u00d3N COLOMBIA INTELIGENTE","@id":"https:\/\/colombiainteligente.org\/#\/schema\/person\/e207145d548b75a6d339ff1d4d3b0432"},"headline":"IA y l\u00edmites planetarios: infraestructura digital con energ\u00eda y agua responsables","datePublished":"2026-03-09T20:33:09+00:00","dateModified":"2026-03-09T20:34:26+00:00","mainEntityOfPage":{"@id":"https:\/\/colombiainteligente.org\/noticias-sectoriales\/ia-y-limites-planetarios-infraestructura-digital-con-energia-y-agua-responsables\/"},"wordCount":538,"commentCount":0,"publisher":{"@id":"https:\/\/colombiainteligente.org\/#organization"},"image":{"@id":"https:\/\/colombiainteligente.org\/noticias-sectoriales\/ia-y-limites-planetarios-infraestructura-digital-con-energia-y-agua-responsables\/#primaryimage"},"thumbnailUrl":"https:\/\/colombiainteligente.org\/wp-content\/uploads\/2026\/03\/445100326-09.png","articleSection":["Noticias Sectoriales"],"inLanguage":"es-CO","potentialAction":[{"@type":"CommentAction","name":"Comment","target":["https:\/\/colombiainteligente.org\/noticias-sectoriales\/ia-y-limites-planetarios-infraestructura-digital-con-energia-y-agua-responsables\/#respond"]}]},{"@type":"WebPage","@id":"https:\/\/colombiainteligente.org\/noticias-sectoriales\/ia-y-limites-planetarios-infraestructura-digital-con-energia-y-agua-responsables\/","url":"https:\/\/colombiainteligente.org\/noticias-sectoriales\/ia-y-limites-planetarios-infraestructura-digital-con-energia-y-agua-responsables\/","name":"IA y l\u00edmites planetarios: infraestructura digital con energ\u00eda y agua responsables - Colombia Inteligente","isPartOf":{"@id":"https:\/\/colombiainteligente.org\/#website"},"primaryImageOfPage":{"@id":"https:\/\/colombiainteligente.org\/noticias-sectoriales\/ia-y-limites-planetarios-infraestructura-digital-con-energia-y-agua-responsables\/#primaryimage"},"image":{"@id":"https:\/\/colombiainteligente.org\/noticias-sectoriales\/ia-y-limites-planetarios-infraestructura-digital-con-energia-y-agua-responsables\/#primaryimage"},"thumbnailUrl":"https:\/\/colombiainteligente.org\/wp-content\/uploads\/2026\/03\/445100326-09.png","datePublished":"2026-03-09T20:33:09+00:00","dateModified":"2026-03-09T20:34:26+00:00","breadcrumb":{"@id":"https:\/\/colombiainteligente.org\/noticias-sectoriales\/ia-y-limites-planetarios-infraestructura-digital-con-energia-y-agua-responsables\/#breadcrumb"},"inLanguage":"es-CO","potentialAction":[{"@type":"ReadAction","target":["https:\/\/colombiainteligente.org\/noticias-sectoriales\/ia-y-limites-planetarios-infraestructura-digital-con-energia-y-agua-responsables\/"]}]},{"@type":"ImageObject","inLanguage":"es-CO","@id":"https:\/\/colombiainteligente.org\/noticias-sectoriales\/ia-y-limites-planetarios-infraestructura-digital-con-energia-y-agua-responsables\/#primaryimage","url":"https:\/\/colombiainteligente.org\/wp-content\/uploads\/2026\/03\/445100326-09.png","contentUrl":"https:\/\/colombiainteligente.org\/wp-content\/uploads\/2026\/03\/445100326-09.png","width":1683,"height":683,"caption":"Foto de sala de servidores con gr\u00e1ficos de consumo de agua\/energ\u00eda en cabecera del art\u00edculo; cr\u00e9dito: Freepik\/benzoix (WEF, 16\u2011ene\u20112026)."},{"@type":"BreadcrumbList","@id":"https:\/\/colombiainteligente.org\/noticias-sectoriales\/ia-y-limites-planetarios-infraestructura-digital-con-energia-y-agua-responsables\/#breadcrumb","itemListElement":[{"@type":"ListItem","position":1,"name":"Portada","item":"https:\/\/colombiainteligente.org\/"},{"@type":"ListItem","position":2,"name":"IA y l\u00edmites planetarios: infraestructura digital con energ\u00eda y agua responsables"}]},{"@type":"WebSite","@id":"https:\/\/colombiainteligente.org\/#website","url":"https:\/\/colombiainteligente.org\/","name":"Colombia Inteligente","description":"Alianza estrat\u00e9gica, conformada por empresas y entidades, para la inserci\u00f3n integral y eficiente de las redes inteligentes a la infraestructura del sector el\u00e9ctrico colombiano","publisher":{"@id":"https:\/\/colombiainteligente.org\/#organization"},"potentialAction":[{"@type":"SearchAction","target":{"@type":"EntryPoint","urlTemplate":"https:\/\/colombiainteligente.org\/?s={search_term_string}"},"query-input":{"@type":"PropertyValueSpecification","valueRequired":true,"valueName":"search_term_string"}}],"inLanguage":"es-CO"},{"@type":"Organization","@id":"https:\/\/colombiainteligente.org\/#organization","name":"Colombia Inteligente","url":"https:\/\/colombiainteligente.org\/","logo":{"@type":"ImageObject","inLanguage":"es-CO","@id":"https:\/\/colombiainteligente.org\/#\/schema\/logo\/image\/","url":"https:\/\/colombiainteligente.org\/wp-content\/uploads\/2022\/07\/Image.png","contentUrl":"https:\/\/colombiainteligente.org\/wp-content\/uploads\/2022\/07\/Image.png","width":588,"height":274,"caption":"Colombia Inteligente"},"image":{"@id":"https:\/\/colombiainteligente.org\/#\/schema\/logo\/image\/"},"sameAs":["https:\/\/x.com\/colombiaintelig","https:\/\/www.linkedin.com\/company\/colombiainteligente\/"]},{"@type":"Person","@id":"https:\/\/colombiainteligente.org\/#\/schema\/person\/e207145d548b75a6d339ff1d4d3b0432","name":"DIFUSI\u00d3N COLOMBIA INTELIGENTE","image":{"@type":"ImageObject","inLanguage":"es-CO","@id":"https:\/\/secure.gravatar.com\/avatar\/df2e679ff2abf288cf4bf58830dad897e596908105ec8969f50f748a6d837869?s=96&d=mm&r=g","url":"https:\/\/secure.gravatar.com\/avatar\/df2e679ff2abf288cf4bf58830dad897e596908105ec8969f50f748a6d837869?s=96&d=mm&r=g","contentUrl":"https:\/\/secure.gravatar.com\/avatar\/df2e679ff2abf288cf4bf58830dad897e596908105ec8969f50f748a6d837869?s=96&d=mm&r=g","caption":"DIFUSI\u00d3N COLOMBIA INTELIGENTE"},"url":"https:\/\/colombiainteligente.org\/es_co\/author\/difusioncolombiainteligente-org\/"}]}},"_links":{"self":[{"href":"https:\/\/colombiainteligente.org\/es_co\/wp-json\/wp\/v2\/posts\/67648","targetHints":{"allow":["GET"]}}],"collection":[{"href":"https:\/\/colombiainteligente.org\/es_co\/wp-json\/wp\/v2\/posts"}],"about":[{"href":"https:\/\/colombiainteligente.org\/es_co\/wp-json\/wp\/v2\/types\/post"}],"author":[{"embeddable":true,"href":"https:\/\/colombiainteligente.org\/es_co\/wp-json\/wp\/v2\/users\/23"}],"replies":[{"embeddable":true,"href":"https:\/\/colombiainteligente.org\/es_co\/wp-json\/wp\/v2\/comments?post=67648"}],"version-history":[{"count":7,"href":"https:\/\/colombiainteligente.org\/es_co\/wp-json\/wp\/v2\/posts\/67648\/revisions"}],"predecessor-version":[{"id":67656,"href":"https:\/\/colombiainteligente.org\/es_co\/wp-json\/wp\/v2\/posts\/67648\/revisions\/67656"}],"wp:featuredmedia":[{"embeddable":true,"href":"https:\/\/colombiainteligente.org\/es_co\/wp-json\/wp\/v2\/media\/67649"}],"wp:attachment":[{"href":"https:\/\/colombiainteligente.org\/es_co\/wp-json\/wp\/v2\/media?parent=67648"}],"wp:term":[{"taxonomy":"category","embeddable":true,"href":"https:\/\/colombiainteligente.org\/es_co\/wp-json\/wp\/v2\/categories?post=67648"},{"taxonomy":"post_tag","embeddable":true,"href":"https:\/\/colombiainteligente.org\/es_co\/wp-json\/wp\/v2\/tags?post=67648"}],"curies":[{"name":"wp","href":"https:\/\/api.w.org\/{rel}","templated":true}]}}