{"id":67967,"date":"2026-03-17T11:55:27","date_gmt":"2026-03-17T16:55:27","guid":{"rendered":"https:\/\/colombiainteligente.org\/?p=67967"},"modified":"2026-03-17T11:59:52","modified_gmt":"2026-03-17T16:59:52","slug":"the-uneasy-decade-reshaping-society-technology-and-the-global-economy","status":"publish","type":"post","link":"https:\/\/colombiainteligente.org\/es_co\/tendencias\/the-uneasy-decade-reshaping-society-technology-and-the-global-economy\/","title":{"rendered":"THE UNEASY DECADE: Reshaping society, technology, and the global economy"},"content":{"rendered":"<div data-elementor-type=\"wp-post\" data-elementor-id=\"67967\" class=\"elementor elementor-67967\" data-elementor-post-type=\"post\">\n\t\t\t\t\t\t\t\t\t<section class=\"elementor-section elementor-top-section elementor-element elementor-element-87c6aa2 elementor-section-boxed elementor-section-height-default elementor-section-height-default\" data-id=\"87c6aa2\" data-element_type=\"section\">\n\t\t\t\t\t\t<div class=\"elementor-container elementor-column-gap-default\">\n\t\t\t\t\t<div class=\"elementor-column elementor-col-100 elementor-top-column elementor-element elementor-element-558bb819\" data-id=\"558bb819\" data-element_type=\"column\">\n\t\t\t<div class=\"elementor-widget-wrap elementor-element-populated\">\n\t\t\t\t\t\t\t\t<div class=\"elementor-element elementor-element-3067325c elementor-widget elementor-widget-text-editor\" data-id=\"3067325c\" data-element_type=\"widget\" data-widget_type=\"text-editor.default\">\n\t\t\t\t<div class=\"elementor-widget-container\">\n\t\t\t<style>\/*! elementor - v3.14.0 - 26-06-2023 *\/\n.elementor-widget-text-editor.elementor-drop-cap-view-stacked .elementor-drop-cap{background-color:#69727d;color:#fff}.elementor-widget-text-editor.elementor-drop-cap-view-framed .elementor-drop-cap{color:#69727d;border:3px solid;background-color:transparent}.elementor-widget-text-editor:not(.elementor-drop-cap-view-default) .elementor-drop-cap{margin-top:8px}.elementor-widget-text-editor:not(.elementor-drop-cap-view-default) .elementor-drop-cap-letter{width:1em;height:1em}.elementor-widget-text-editor .elementor-drop-cap{float:left;text-align:center;line-height:1;font-size:50px}.elementor-widget-text-editor .elementor-drop-cap-letter{display:inline-block}<\/style>\t\t\t\t<p lang=\"es\" style=\"margin-top: 5pt; margin-bottom: 5pt; font-family: Calibri; font-size: 11.0pt;\">El panorama econ\u00f3mico global para 2026 se caracteriza por una creciente divergencia en las trayectorias de crecimiento entre distintas econom\u00edas y sectores, motivada principalmente por la aceleraci\u00f3n en la adopci\u00f3n de la inteligencia artificial (IA), tensiones geopol\u00edticas persistentes y cambios en las pol\u00edticas comerciales. As\u00ed, mientras algunas regiones y empresas avanzan r\u00e1pidamente impulsadas por inversiones en IA, otras enfrentan limitaciones derivadas de altos niveles de endeudamiento, presiones competitivas y efectos rezagados de aranceles comerciales. Esta disparidad se refleja en din\u00e1micas internas de cada econom\u00eda, con sectores y segmentos de consumidores que experimentan resultados contrastantes en funci\u00f3n de su exposici\u00f3n a estas variables. Al profundizar en los aspectos geoecon\u00f3micos, se revela c\u00f3mo los flujos comerciales, las cadenas de suministro y los ecosistemas tecnol\u00f3gicos se est\u00e1n reconfigurando en respuesta a la fragmentaci\u00f3n global, que refleja distintas prioridades industriales y reg\u00edmenes pol\u00edticos. Por ejemplo, ciertas regiones enfrentan desaf\u00edos para mantener la integraci\u00f3n con socios tradicionales debido a renegociaciones y esfuerzos para fortalecer la soberan\u00eda tecnol\u00f3gica, lo cual contribuye a la complejidad en la gesti\u00f3n de operaciones transfronterizas. Adem\u00e1s, la estrategia de China de intensificar su impulso exportador, especialmente en bienes manufacturados de alta tecnolog\u00eda, impone presiones adicionales sobre las econom\u00edas orientadas a la fabricaci\u00f3n, al tiempo que genera riesgos de represalias comerciales y una presi\u00f3n deflacionaria en mercados estrat\u00e9gicos.<\/p><p lang=\"es\" style=\"margin-top: 5pt; margin-bottom: 5pt; font-family: Calibri; font-size: 11.0pt;\">Esta situaci\u00f3n no solo afecta la competitividad internacional, sino que tambi\u00e9n limita los m\u00e1rgenes de las empresas a nivel global. La combinaci\u00f3n de competencia intensa, impactos diferidos de aranceles, consumidores debilitados financieramente y costos asociados a la fortalecimiento de la resiliencia de las operaciones genera un ambiente empresarial de m\u00e1rgenes estrechos que exige nuevas estrategias productivas y operativas para mantener rentabilidad. En este contexto, la adopci\u00f3n y expansi\u00f3n de la IA emerge como un motor importante para diferenciarse, dado que quienes integran estas tecnolog\u00edas en sus modelos de negocio logran mayores niveles de productividad y crecimiento, mientras que quienes tardan enfrentan erosi\u00f3n en su competitividad y mayores costos. Asimismo, el an\u00e1lisis pone en relieve c\u00f3mo la estirpe bifurcada del gasto y el crecimiento econ\u00f3mico se manifiesta en cambios en los h\u00e1bitos de consumo, principalmente debido a la presi\u00f3n en la capacidad adquisitiva de la clase media. Esto obliga a los consumidores a priorizar productos esenciales, adoptar estrategias de compra m\u00e1s econ\u00f3micas y ajustar sus estilos de vida, afectando sectores como el turismo, la alimentaci\u00f3n y el comercio minorista. Las generaciones m\u00e1s j\u00f3venes, en particular, manifiestan tendencias hacia posponer decisiones financieras significativas y a buscar ingresos adicionales mediante actividades como trabajos secundarios, adapt\u00e1ndose a un entorno donde las restricciones financieras limitan sus opciones de consumo.<\/p><p lang=\"es\" style=\"margin-top: 5pt; margin-bottom: 5pt; font-family: Calibri; font-size: 11.0pt;\">Por otro lado, la carrera por la supremac\u00eda tecnol\u00f3gica entre Estados Unidos y China va mucho m\u00e1s all\u00e1 de una competencia comercial; est\u00e1 moldeando las pol\u00edticas p\u00fablicas y las estrategias empresariales en t\u00e9rminos de soberan\u00eda tecnol\u00f3gica y adopci\u00f3n de ecosistemas de IA. En este marco, diferentes regiones buscan equilibrar la dependencia de tecnolog\u00edas for\u00e1neas con la necesidad de mantener competitividad y seguridad, lo cual se traduce en diversas orientaciones pol\u00edticas y econ\u00f3micas que impactan las cadenas globales de valor. No puede pasar desapercibido que el aumento en la demanda energ\u00e9tica asociado con la expansi\u00f3n de la IA introduce un desaf\u00edo significativo para los sistemas el\u00e9ctricos, especialmente en mercados occidentales donde la capacidad de las redes no se ajusta al ritmo del consumo creciente. Este fen\u00f3meno produce tensiones en la disponibilidad y costo de la energ\u00eda, afectando a industrias intensivas en consumo el\u00e9ctrico como centros de datos y manufactura, y obligando a las empresas a adoptar estrategias que flexibilicen el uso de energ\u00eda y aceleren inversiones en infraestructura energ\u00e9tica.<\/p><p lang=\"es\" style=\"margin-top: 5pt; margin-bottom: 5pt; font-family: Calibri; font-size: 11.0pt;\">La localizaci\u00f3n estrat\u00e9gica de inversiones se est\u00e1 viendo influenciada por consideraciones de seguridad energ\u00e9tica y diversificaci\u00f3n de cadenas de suministro. As\u00ed, ciertas regiones como M\u00e9xico, India, el sudeste asi\u00e1tico y Oriente Medio se convierten en focos atractivos para inversiones, dado que ofrecen ventajas en cuanto a infraestructura, recursos cr\u00edticos y proximidad a mercados emergentes. Esto responde a un contexto global donde las empresas buscan mitigar riesgos asociados a la concentraci\u00f3n geogr\u00e1fica de sus operaciones y aprovechar las oportunidades generadas por los cambios estructurales en la econom\u00eda mundial. La din\u00e1mica econ\u00f3mica para 2026 estar\u00e1 definida por la coexistencia de m\u00faltiples velocidades en el crecimiento y la transformaci\u00f3n digital, acompa\u00f1adas por retos en la estabilidad financiera, reformas comerciales y la necesidad de resiliencia ante un entorno geopol\u00edtico complejo. En este escenario, la capacidad para adaptarse a modelos operativos basados en tecnolog\u00edas emergentes, comprender las particularidades de los mercados regionales y gestionar eficientemente recursos como la energ\u00eda ser\u00e1n determinantes para la sostenibilidad y el \u00e9xito empresarial.<\/p><p style=\"text-align: justify;\"><span style=\"color: #800000;\"><b>Para leer m\u00e1s ingrese a:<\/b><\/span><\/p><p><a href=\"https:\/\/www.accenture.com\/content\/dam\/accenture\/final\/accenture-com\/document-4\/Accenture-Strategy-Macro-Foresight-Brief-2026-Top-10-Trends.pdf\">https:\/\/www.accenture.com\/content\/dam\/accenture\/final\/accenture-com\/document-4\/Accenture-Strategy-Macro-Foresight-Brief-2026-Top-10-Trends.pdf<\/a><\/p>\t\t\t\t\t\t<\/div>\n\t\t\t\t<\/div>\n\t\t\t\t\t<\/div>\n\t\t<\/div>\n\t\t\t\t\t\t\t<\/div>\n\t\t<\/section>\n\t\t\t\t\t\t\t<\/div>\n\t\t<div style=\"text-align:center\" class=\"yasr-auto-insert-visitor\"><\/div>","protected":false},"excerpt":{"rendered":"<p>Para 2026, la econom\u00eda mundial se enfrentar\u00e1 a un escenario caracterizado por un crecimiento divergente donde ciertas econom\u00edas y sectores avanzar\u00e1n impulsados por la adopci\u00f3n de IA, mientras que otros enfrentar\u00e1n limitaciones vinculadas a deuda, competitividad y efectos permanentes de aranceles. Esta separaci\u00f3n se manifiesta tambi\u00e9n dentro de las econom\u00edas, con sectores y consumidores afectados de manera desigual. La fragmentaci\u00f3n geoecon\u00f3mica condicionar\u00e1 la forma en que operan los flujos comerciales y tecnol\u00f3gicos, obligando a las empresas a ajustar sus cadenas de suministro y estrategias para adaptarse a nuevos reg\u00edmenes pol\u00edticos y comerciales. La presi\u00f3n competitiva de China, basada en una expansi\u00f3n exportadora enfocada en manufacturas avanzadas, generar\u00e1 competencia intensa y riesgos adicionales de represalias. Asimismo, los consumidores continuar\u00e1n ajustando sus gastos debido a la inflaci\u00f3n y la presi\u00f3n en su poder adquisitivo, optando por bienes esenciales y estrategias de compra m\u00e1s econ\u00f3micas. La competencia tecnol\u00f3gica entre Estados Unidos y China influir\u00e1 en las pol\u00edticas y las decisiones empresariales sobre la adopci\u00f3n y desarrollo de ecosistemas de IA, mientras que el aumento de la demanda energ\u00e9tica derivada de la expansi\u00f3n de la IA pondr\u00e1 tensi\u00f3n en las redes el\u00e9ctricas, especialmente en mercados occidentales. Por \u00faltimo, la relocalizaci\u00f3n de inversiones hacia regiones con mejor infraestructura y seguridad energ\u00e9tica como M\u00e9xico, India u Oriente Medio marcar\u00e1 las tendencias de inversi\u00f3n, buscando resiliencia y nuevas oportunidades en un contexto global complejo e incierto. Estos elementos demandar\u00e1n a las empresas flexibilidad, innovaci\u00f3n y capacidad para anticipar los cambios del entorno.<\/p>","protected":false},"author":23,"featured_media":67968,"comment_status":"open","ping_status":"open","sticky":false,"template":"","format":"standard","meta":{"yasr_overall_rating":0,"yasr_post_is_review":"","yasr_auto_insert_disabled":"","yasr_review_type":"","footnotes":""},"categories":[56,53],"tags":[],"class_list":["post-67967","post","type-post","status-publish","format-standard","has-post-thumbnail","hentry","category-convergencia-y-sostenibilidad","category-tendencias"],"yasr_visitor_votes":{"number_of_votes":0,"sum_votes":0,"stars_attributes":{"read_only":false,"span_bottom":false}},"yoast_head":"<!-- This site is optimized with the Yoast SEO plugin v27.3 - https:\/\/yoast.com\/product\/yoast-seo-wordpress\/ -->\n<title>THE UNEASY DECADE: Reshaping society, technology, and the global economy - Colombia Inteligente<\/title>\n<meta name=\"robots\" content=\"index, follow, max-snippet:-1, max-image-preview:large, max-video-preview:-1\" \/>\n<link rel=\"canonical\" href=\"https:\/\/colombiainteligente.org\/es_co\/tendencias\/the-uneasy-decade-reshaping-society-technology-and-the-global-economy\/\" \/>\n<meta property=\"og:locale\" content=\"es_ES\" \/>\n<meta property=\"og:type\" content=\"article\" \/>\n<meta property=\"og:title\" content=\"THE UNEASY DECADE: Reshaping society, technology, and the global economy - Colombia Inteligente\" \/>\n<meta property=\"og:description\" content=\"Para 2026, la econom\u00eda mundial se enfrentar\u00e1 a un escenario caracterizado por un crecimiento divergente donde ciertas econom\u00edas y sectores avanzar\u00e1n impulsados por la adopci\u00f3n de IA, mientras que otros enfrentar\u00e1n limitaciones vinculadas a deuda, competitividad y efectos permanentes de aranceles. Esta separaci\u00f3n se manifiesta tambi\u00e9n dentro de las econom\u00edas, con sectores y consumidores afectados de manera desigual. La fragmentaci\u00f3n geoecon\u00f3mica condicionar\u00e1 la forma en que operan los flujos comerciales y tecnol\u00f3gicos, obligando a las empresas a ajustar sus cadenas de suministro y estrategias para adaptarse a nuevos reg\u00edmenes pol\u00edticos y comerciales. La presi\u00f3n competitiva de China, basada en una expansi\u00f3n exportadora enfocada en manufacturas avanzadas, generar\u00e1 competencia intensa y riesgos adicionales de represalias. Asimismo, los consumidores continuar\u00e1n ajustando sus gastos debido a la inflaci\u00f3n y la presi\u00f3n en su poder adquisitivo, optando por bienes esenciales y estrategias de compra m\u00e1s econ\u00f3micas. La competencia tecnol\u00f3gica entre Estados Unidos y China influir\u00e1 en las pol\u00edticas y las decisiones empresariales sobre la adopci\u00f3n y desarrollo de ecosistemas de IA, mientras que el aumento de la demanda energ\u00e9tica derivada de la expansi\u00f3n de la IA pondr\u00e1 tensi\u00f3n en las redes el\u00e9ctricas, especialmente en mercados occidentales. Por \u00faltimo, la relocalizaci\u00f3n de inversiones hacia regiones con mejor infraestructura y seguridad energ\u00e9tica como M\u00e9xico, India u Oriente Medio marcar\u00e1 las tendencias de inversi\u00f3n, buscando resiliencia y nuevas oportunidades en un contexto global complejo e incierto. Estos elementos demandar\u00e1n a las empresas flexibilidad, innovaci\u00f3n y capacidad para anticipar los cambios del entorno.\" \/>\n<meta property=\"og:url\" content=\"https:\/\/colombiainteligente.org\/es_co\/tendencias\/the-uneasy-decade-reshaping-society-technology-and-the-global-economy\/\" \/>\n<meta property=\"og:site_name\" content=\"Colombia Inteligente\" \/>\n<meta property=\"article:published_time\" content=\"2026-03-17T16:55:27+00:00\" \/>\n<meta property=\"article:modified_time\" content=\"2026-03-17T16:59:52+00:00\" \/>\n<meta property=\"og:image\" content=\"https:\/\/colombiainteligente.org\/wp-content\/uploads\/2026\/03\/04-Convergencia-4460326.png\" \/>\n\t<meta property=\"og:image:width\" content=\"986\" \/>\n\t<meta property=\"og:image:height\" content=\"556\" \/>\n\t<meta property=\"og:image:type\" content=\"image\/png\" \/>\n<meta name=\"author\" content=\"DIFUSI\u00d3N COLOMBIA INTELIGENTE\" \/>\n<meta name=\"twitter:card\" content=\"summary_large_image\" \/>\n<meta name=\"twitter:creator\" content=\"@colombiaintelig\" \/>\n<meta name=\"twitter:site\" content=\"@colombiaintelig\" \/>\n<meta name=\"twitter:label1\" content=\"Escrito por\" \/>\n\t<meta name=\"twitter:data1\" content=\"DIFUSI\u00d3N COLOMBIA INTELIGENTE\" \/>\n\t<meta name=\"twitter:label2\" content=\"Tiempo estimado de lectura\" \/>\n\t<meta name=\"twitter:data2\" content=\"4 minutos\" \/>\n<script type=\"application\/ld+json\" class=\"yoast-schema-graph\">{\"@context\":\"https:\\\/\\\/schema.org\",\"@graph\":[{\"@type\":\"Article\",\"@id\":\"https:\\\/\\\/colombiainteligente.org\\\/tendencias\\\/the-uneasy-decade-reshaping-society-technology-and-the-global-economy\\\/#article\",\"isPartOf\":{\"@id\":\"https:\\\/\\\/colombiainteligente.org\\\/tendencias\\\/the-uneasy-decade-reshaping-society-technology-and-the-global-economy\\\/\"},\"author\":{\"name\":\"DIFUSI\u00d3N COLOMBIA INTELIGENTE\",\"@id\":\"https:\\\/\\\/colombiainteligente.org\\\/#\\\/schema\\\/person\\\/e207145d548b75a6d339ff1d4d3b0432\"},\"headline\":\"THE UNEASY DECADE: Reshaping society, technology, and the global economy\",\"datePublished\":\"2026-03-17T16:55:27+00:00\",\"dateModified\":\"2026-03-17T16:59:52+00:00\",\"mainEntityOfPage\":{\"@id\":\"https:\\\/\\\/colombiainteligente.org\\\/tendencias\\\/the-uneasy-decade-reshaping-society-technology-and-the-global-economy\\\/\"},\"wordCount\":879,\"commentCount\":0,\"publisher\":{\"@id\":\"https:\\\/\\\/colombiainteligente.org\\\/#organization\"},\"image\":{\"@id\":\"https:\\\/\\\/colombiainteligente.org\\\/tendencias\\\/the-uneasy-decade-reshaping-society-technology-and-the-global-economy\\\/#primaryimage\"},\"thumbnailUrl\":\"https:\\\/\\\/colombiainteligente.org\\\/wp-content\\\/uploads\\\/2026\\\/03\\\/04-Convergencia-4460326.png\",\"articleSection\":[\"Convergencia y Sostenibilidad\",\"Tendencias\"],\"inLanguage\":\"es-CO\",\"potentialAction\":[{\"@type\":\"CommentAction\",\"name\":\"Comment\",\"target\":[\"https:\\\/\\\/colombiainteligente.org\\\/tendencias\\\/the-uneasy-decade-reshaping-society-technology-and-the-global-economy\\\/#respond\"]}]},{\"@type\":\"WebPage\",\"@id\":\"https:\\\/\\\/colombiainteligente.org\\\/tendencias\\\/the-uneasy-decade-reshaping-society-technology-and-the-global-economy\\\/\",\"url\":\"https:\\\/\\\/colombiainteligente.org\\\/tendencias\\\/the-uneasy-decade-reshaping-society-technology-and-the-global-economy\\\/\",\"name\":\"THE UNEASY DECADE: Reshaping society, technology, and the global economy - Colombia Inteligente\",\"isPartOf\":{\"@id\":\"https:\\\/\\\/colombiainteligente.org\\\/#website\"},\"primaryImageOfPage\":{\"@id\":\"https:\\\/\\\/colombiainteligente.org\\\/tendencias\\\/the-uneasy-decade-reshaping-society-technology-and-the-global-economy\\\/#primaryimage\"},\"image\":{\"@id\":\"https:\\\/\\\/colombiainteligente.org\\\/tendencias\\\/the-uneasy-decade-reshaping-society-technology-and-the-global-economy\\\/#primaryimage\"},\"thumbnailUrl\":\"https:\\\/\\\/colombiainteligente.org\\\/wp-content\\\/uploads\\\/2026\\\/03\\\/04-Convergencia-4460326.png\",\"datePublished\":\"2026-03-17T16:55:27+00:00\",\"dateModified\":\"2026-03-17T16:59:52+00:00\",\"breadcrumb\":{\"@id\":\"https:\\\/\\\/colombiainteligente.org\\\/tendencias\\\/the-uneasy-decade-reshaping-society-technology-and-the-global-economy\\\/#breadcrumb\"},\"inLanguage\":\"es-CO\",\"potentialAction\":[{\"@type\":\"ReadAction\",\"target\":[\"https:\\\/\\\/colombiainteligente.org\\\/tendencias\\\/the-uneasy-decade-reshaping-society-technology-and-the-global-economy\\\/\"]}]},{\"@type\":\"ImageObject\",\"inLanguage\":\"es-CO\",\"@id\":\"https:\\\/\\\/colombiainteligente.org\\\/tendencias\\\/the-uneasy-decade-reshaping-society-technology-and-the-global-economy\\\/#primaryimage\",\"url\":\"https:\\\/\\\/colombiainteligente.org\\\/wp-content\\\/uploads\\\/2026\\\/03\\\/04-Convergencia-4460326.png\",\"contentUrl\":\"https:\\\/\\\/colombiainteligente.org\\\/wp-content\\\/uploads\\\/2026\\\/03\\\/04-Convergencia-4460326.png\",\"width\":986,\"height\":556},{\"@type\":\"BreadcrumbList\",\"@id\":\"https:\\\/\\\/colombiainteligente.org\\\/tendencias\\\/the-uneasy-decade-reshaping-society-technology-and-the-global-economy\\\/#breadcrumb\",\"itemListElement\":[{\"@type\":\"ListItem\",\"position\":1,\"name\":\"Portada\",\"item\":\"https:\\\/\\\/colombiainteligente.org\\\/\"},{\"@type\":\"ListItem\",\"position\":2,\"name\":\"THE UNEASY DECADE: Reshaping society, technology, and the global economy\"}]},{\"@type\":\"WebSite\",\"@id\":\"https:\\\/\\\/colombiainteligente.org\\\/#website\",\"url\":\"https:\\\/\\\/colombiainteligente.org\\\/\",\"name\":\"Colombia Inteligente\",\"description\":\"Alianza estrat\u00e9gica, conformada por empresas y entidades, para la inserci\u00f3n integral y eficiente de las redes inteligentes a la infraestructura del sector el\u00e9ctrico colombiano\",\"publisher\":{\"@id\":\"https:\\\/\\\/colombiainteligente.org\\\/#organization\"},\"potentialAction\":[{\"@type\":\"SearchAction\",\"target\":{\"@type\":\"EntryPoint\",\"urlTemplate\":\"https:\\\/\\\/colombiainteligente.org\\\/?s={search_term_string}\"},\"query-input\":{\"@type\":\"PropertyValueSpecification\",\"valueRequired\":true,\"valueName\":\"search_term_string\"}}],\"inLanguage\":\"es-CO\"},{\"@type\":\"Organization\",\"@id\":\"https:\\\/\\\/colombiainteligente.org\\\/#organization\",\"name\":\"Colombia Inteligente\",\"url\":\"https:\\\/\\\/colombiainteligente.org\\\/\",\"logo\":{\"@type\":\"ImageObject\",\"inLanguage\":\"es-CO\",\"@id\":\"https:\\\/\\\/colombiainteligente.org\\\/#\\\/schema\\\/logo\\\/image\\\/\",\"url\":\"https:\\\/\\\/colombiainteligente.org\\\/wp-content\\\/uploads\\\/2022\\\/07\\\/Image.png\",\"contentUrl\":\"https:\\\/\\\/colombiainteligente.org\\\/wp-content\\\/uploads\\\/2022\\\/07\\\/Image.png\",\"width\":588,\"height\":274,\"caption\":\"Colombia Inteligente\"},\"image\":{\"@id\":\"https:\\\/\\\/colombiainteligente.org\\\/#\\\/schema\\\/logo\\\/image\\\/\"},\"sameAs\":[\"https:\\\/\\\/x.com\\\/colombiaintelig\",\"https:\\\/\\\/www.linkedin.com\\\/company\\\/colombiainteligente\\\/\"]},{\"@type\":\"Person\",\"@id\":\"https:\\\/\\\/colombiainteligente.org\\\/#\\\/schema\\\/person\\\/e207145d548b75a6d339ff1d4d3b0432\",\"name\":\"DIFUSI\u00d3N COLOMBIA INTELIGENTE\",\"image\":{\"@type\":\"ImageObject\",\"inLanguage\":\"es-CO\",\"@id\":\"https:\\\/\\\/secure.gravatar.com\\\/avatar\\\/df2e679ff2abf288cf4bf58830dad897e596908105ec8969f50f748a6d837869?s=96&d=mm&r=g\",\"url\":\"https:\\\/\\\/secure.gravatar.com\\\/avatar\\\/df2e679ff2abf288cf4bf58830dad897e596908105ec8969f50f748a6d837869?s=96&d=mm&r=g\",\"contentUrl\":\"https:\\\/\\\/secure.gravatar.com\\\/avatar\\\/df2e679ff2abf288cf4bf58830dad897e596908105ec8969f50f748a6d837869?s=96&d=mm&r=g\",\"caption\":\"DIFUSI\u00d3N COLOMBIA INTELIGENTE\"},\"url\":\"https:\\\/\\\/colombiainteligente.org\\\/es_co\\\/author\\\/difusioncolombiainteligente-org\\\/\"}]}<\/script>\n<!-- \/ Yoast SEO plugin. -->","yoast_head_json":{"title":"THE UNEASY DECADE: Reshaping society, technology, and the global economy - Colombia Inteligente","robots":{"index":"index","follow":"follow","max-snippet":"max-snippet:-1","max-image-preview":"max-image-preview:large","max-video-preview":"max-video-preview:-1"},"canonical":"https:\/\/colombiainteligente.org\/es_co\/tendencias\/the-uneasy-decade-reshaping-society-technology-and-the-global-economy\/","og_locale":"es_ES","og_type":"article","og_title":"THE UNEASY DECADE: Reshaping society, technology, and the global economy - Colombia Inteligente","og_description":"Para 2026, la econom\u00eda mundial se enfrentar\u00e1 a un escenario caracterizado por un crecimiento divergente donde ciertas econom\u00edas y sectores avanzar\u00e1n impulsados por la adopci\u00f3n de IA, mientras que otros enfrentar\u00e1n limitaciones vinculadas a deuda, competitividad y efectos permanentes de aranceles. Esta separaci\u00f3n se manifiesta tambi\u00e9n dentro de las econom\u00edas, con sectores y consumidores afectados de manera desigual. La fragmentaci\u00f3n geoecon\u00f3mica condicionar\u00e1 la forma en que operan los flujos comerciales y tecnol\u00f3gicos, obligando a las empresas a ajustar sus cadenas de suministro y estrategias para adaptarse a nuevos reg\u00edmenes pol\u00edticos y comerciales. La presi\u00f3n competitiva de China, basada en una expansi\u00f3n exportadora enfocada en manufacturas avanzadas, generar\u00e1 competencia intensa y riesgos adicionales de represalias. Asimismo, los consumidores continuar\u00e1n ajustando sus gastos debido a la inflaci\u00f3n y la presi\u00f3n en su poder adquisitivo, optando por bienes esenciales y estrategias de compra m\u00e1s econ\u00f3micas. La competencia tecnol\u00f3gica entre Estados Unidos y China influir\u00e1 en las pol\u00edticas y las decisiones empresariales sobre la adopci\u00f3n y desarrollo de ecosistemas de IA, mientras que el aumento de la demanda energ\u00e9tica derivada de la expansi\u00f3n de la IA pondr\u00e1 tensi\u00f3n en las redes el\u00e9ctricas, especialmente en mercados occidentales. Por \u00faltimo, la relocalizaci\u00f3n de inversiones hacia regiones con mejor infraestructura y seguridad energ\u00e9tica como M\u00e9xico, India u Oriente Medio marcar\u00e1 las tendencias de inversi\u00f3n, buscando resiliencia y nuevas oportunidades en un contexto global complejo e incierto. Estos elementos demandar\u00e1n a las empresas flexibilidad, innovaci\u00f3n y capacidad para anticipar los cambios del entorno.","og_url":"https:\/\/colombiainteligente.org\/es_co\/tendencias\/the-uneasy-decade-reshaping-society-technology-and-the-global-economy\/","og_site_name":"Colombia Inteligente","article_published_time":"2026-03-17T16:55:27+00:00","article_modified_time":"2026-03-17T16:59:52+00:00","og_image":[{"width":986,"height":556,"url":"https:\/\/colombiainteligente.org\/wp-content\/uploads\/2026\/03\/04-Convergencia-4460326.png","type":"image\/png"}],"author":"DIFUSI\u00d3N COLOMBIA INTELIGENTE","twitter_card":"summary_large_image","twitter_creator":"@colombiaintelig","twitter_site":"@colombiaintelig","twitter_misc":{"Escrito por":"DIFUSI\u00d3N COLOMBIA INTELIGENTE","Tiempo estimado de lectura":"4 minutos"},"schema":{"@context":"https:\/\/schema.org","@graph":[{"@type":"Article","@id":"https:\/\/colombiainteligente.org\/tendencias\/the-uneasy-decade-reshaping-society-technology-and-the-global-economy\/#article","isPartOf":{"@id":"https:\/\/colombiainteligente.org\/tendencias\/the-uneasy-decade-reshaping-society-technology-and-the-global-economy\/"},"author":{"name":"DIFUSI\u00d3N COLOMBIA INTELIGENTE","@id":"https:\/\/colombiainteligente.org\/#\/schema\/person\/e207145d548b75a6d339ff1d4d3b0432"},"headline":"THE UNEASY DECADE: Reshaping society, technology, and the global economy","datePublished":"2026-03-17T16:55:27+00:00","dateModified":"2026-03-17T16:59:52+00:00","mainEntityOfPage":{"@id":"https:\/\/colombiainteligente.org\/tendencias\/the-uneasy-decade-reshaping-society-technology-and-the-global-economy\/"},"wordCount":879,"commentCount":0,"publisher":{"@id":"https:\/\/colombiainteligente.org\/#organization"},"image":{"@id":"https:\/\/colombiainteligente.org\/tendencias\/the-uneasy-decade-reshaping-society-technology-and-the-global-economy\/#primaryimage"},"thumbnailUrl":"https:\/\/colombiainteligente.org\/wp-content\/uploads\/2026\/03\/04-Convergencia-4460326.png","articleSection":["Convergencia y Sostenibilidad","Tendencias"],"inLanguage":"es-CO","potentialAction":[{"@type":"CommentAction","name":"Comment","target":["https:\/\/colombiainteligente.org\/tendencias\/the-uneasy-decade-reshaping-society-technology-and-the-global-economy\/#respond"]}]},{"@type":"WebPage","@id":"https:\/\/colombiainteligente.org\/tendencias\/the-uneasy-decade-reshaping-society-technology-and-the-global-economy\/","url":"https:\/\/colombiainteligente.org\/tendencias\/the-uneasy-decade-reshaping-society-technology-and-the-global-economy\/","name":"THE UNEASY DECADE: Reshaping society, technology, and the global economy - Colombia Inteligente","isPartOf":{"@id":"https:\/\/colombiainteligente.org\/#website"},"primaryImageOfPage":{"@id":"https:\/\/colombiainteligente.org\/tendencias\/the-uneasy-decade-reshaping-society-technology-and-the-global-economy\/#primaryimage"},"image":{"@id":"https:\/\/colombiainteligente.org\/tendencias\/the-uneasy-decade-reshaping-society-technology-and-the-global-economy\/#primaryimage"},"thumbnailUrl":"https:\/\/colombiainteligente.org\/wp-content\/uploads\/2026\/03\/04-Convergencia-4460326.png","datePublished":"2026-03-17T16:55:27+00:00","dateModified":"2026-03-17T16:59:52+00:00","breadcrumb":{"@id":"https:\/\/colombiainteligente.org\/tendencias\/the-uneasy-decade-reshaping-society-technology-and-the-global-economy\/#breadcrumb"},"inLanguage":"es-CO","potentialAction":[{"@type":"ReadAction","target":["https:\/\/colombiainteligente.org\/tendencias\/the-uneasy-decade-reshaping-society-technology-and-the-global-economy\/"]}]},{"@type":"ImageObject","inLanguage":"es-CO","@id":"https:\/\/colombiainteligente.org\/tendencias\/the-uneasy-decade-reshaping-society-technology-and-the-global-economy\/#primaryimage","url":"https:\/\/colombiainteligente.org\/wp-content\/uploads\/2026\/03\/04-Convergencia-4460326.png","contentUrl":"https:\/\/colombiainteligente.org\/wp-content\/uploads\/2026\/03\/04-Convergencia-4460326.png","width":986,"height":556},{"@type":"BreadcrumbList","@id":"https:\/\/colombiainteligente.org\/tendencias\/the-uneasy-decade-reshaping-society-technology-and-the-global-economy\/#breadcrumb","itemListElement":[{"@type":"ListItem","position":1,"name":"Portada","item":"https:\/\/colombiainteligente.org\/"},{"@type":"ListItem","position":2,"name":"THE UNEASY DECADE: Reshaping society, technology, and the global economy"}]},{"@type":"WebSite","@id":"https:\/\/colombiainteligente.org\/#website","url":"https:\/\/colombiainteligente.org\/","name":"Colombia Inteligente","description":"Alianza estrat\u00e9gica, conformada por empresas y entidades, para la inserci\u00f3n integral y eficiente de las redes inteligentes a la infraestructura del sector el\u00e9ctrico colombiano","publisher":{"@id":"https:\/\/colombiainteligente.org\/#organization"},"potentialAction":[{"@type":"SearchAction","target":{"@type":"EntryPoint","urlTemplate":"https:\/\/colombiainteligente.org\/?s={search_term_string}"},"query-input":{"@type":"PropertyValueSpecification","valueRequired":true,"valueName":"search_term_string"}}],"inLanguage":"es-CO"},{"@type":"Organization","@id":"https:\/\/colombiainteligente.org\/#organization","name":"Colombia Inteligente","url":"https:\/\/colombiainteligente.org\/","logo":{"@type":"ImageObject","inLanguage":"es-CO","@id":"https:\/\/colombiainteligente.org\/#\/schema\/logo\/image\/","url":"https:\/\/colombiainteligente.org\/wp-content\/uploads\/2022\/07\/Image.png","contentUrl":"https:\/\/colombiainteligente.org\/wp-content\/uploads\/2022\/07\/Image.png","width":588,"height":274,"caption":"Colombia Inteligente"},"image":{"@id":"https:\/\/colombiainteligente.org\/#\/schema\/logo\/image\/"},"sameAs":["https:\/\/x.com\/colombiaintelig","https:\/\/www.linkedin.com\/company\/colombiainteligente\/"]},{"@type":"Person","@id":"https:\/\/colombiainteligente.org\/#\/schema\/person\/e207145d548b75a6d339ff1d4d3b0432","name":"DIFUSI\u00d3N COLOMBIA INTELIGENTE","image":{"@type":"ImageObject","inLanguage":"es-CO","@id":"https:\/\/secure.gravatar.com\/avatar\/df2e679ff2abf288cf4bf58830dad897e596908105ec8969f50f748a6d837869?s=96&d=mm&r=g","url":"https:\/\/secure.gravatar.com\/avatar\/df2e679ff2abf288cf4bf58830dad897e596908105ec8969f50f748a6d837869?s=96&d=mm&r=g","contentUrl":"https:\/\/secure.gravatar.com\/avatar\/df2e679ff2abf288cf4bf58830dad897e596908105ec8969f50f748a6d837869?s=96&d=mm&r=g","caption":"DIFUSI\u00d3N COLOMBIA INTELIGENTE"},"url":"https:\/\/colombiainteligente.org\/es_co\/author\/difusioncolombiainteligente-org\/"}]}},"_links":{"self":[{"href":"https:\/\/colombiainteligente.org\/es_co\/wp-json\/wp\/v2\/posts\/67967","targetHints":{"allow":["GET"]}}],"collection":[{"href":"https:\/\/colombiainteligente.org\/es_co\/wp-json\/wp\/v2\/posts"}],"about":[{"href":"https:\/\/colombiainteligente.org\/es_co\/wp-json\/wp\/v2\/types\/post"}],"author":[{"embeddable":true,"href":"https:\/\/colombiainteligente.org\/es_co\/wp-json\/wp\/v2\/users\/23"}],"replies":[{"embeddable":true,"href":"https:\/\/colombiainteligente.org\/es_co\/wp-json\/wp\/v2\/comments?post=67967"}],"version-history":[{"count":7,"href":"https:\/\/colombiainteligente.org\/es_co\/wp-json\/wp\/v2\/posts\/67967\/revisions"}],"predecessor-version":[{"id":67975,"href":"https:\/\/colombiainteligente.org\/es_co\/wp-json\/wp\/v2\/posts\/67967\/revisions\/67975"}],"wp:featuredmedia":[{"embeddable":true,"href":"https:\/\/colombiainteligente.org\/es_co\/wp-json\/wp\/v2\/media\/67968"}],"wp:attachment":[{"href":"https:\/\/colombiainteligente.org\/es_co\/wp-json\/wp\/v2\/media?parent=67967"}],"wp:term":[{"taxonomy":"category","embeddable":true,"href":"https:\/\/colombiainteligente.org\/es_co\/wp-json\/wp\/v2\/categories?post=67967"},{"taxonomy":"post_tag","embeddable":true,"href":"https:\/\/colombiainteligente.org\/es_co\/wp-json\/wp\/v2\/tags?post=67967"}],"curies":[{"name":"wp","href":"https:\/\/api.w.org\/{rel}","templated":true}]}}