{"id":68490,"date":"2026-03-31T11:25:40","date_gmt":"2026-03-31T16:25:40","guid":{"rendered":"https:\/\/colombiainteligente.org\/?p=68490"},"modified":"2026-03-31T11:29:00","modified_gmt":"2026-03-31T16:29:00","slug":"nueve-acciones-para-una-transicion-centrada-en-ciudadanos","status":"publish","type":"post","link":"https:\/\/colombiainteligente.org\/es_co\/noticias-sectoriales\/nueve-acciones-para-una-transicion-centrada-en-ciudadanos\/","title":{"rendered":"Nueve acciones para una transici\u00f3n centrada en ciudadanos"},"content":{"rendered":"<div data-elementor-type=\"wp-post\" data-elementor-id=\"68490\" class=\"elementor elementor-68490\" data-elementor-post-type=\"post\">\n\t\t\t\t\t\t\t\t\t<section class=\"elementor-section elementor-top-section elementor-element elementor-element-87c6aa2 elementor-section-boxed elementor-section-height-default elementor-section-height-default\" data-id=\"87c6aa2\" data-element_type=\"section\">\n\t\t\t\t\t\t<div class=\"elementor-container elementor-column-gap-default\">\n\t\t\t\t\t<div class=\"elementor-column elementor-col-100 elementor-top-column elementor-element elementor-element-558bb819\" data-id=\"558bb819\" data-element_type=\"column\">\n\t\t\t<div class=\"elementor-widget-wrap elementor-element-populated\">\n\t\t\t\t\t\t\t\t<div class=\"elementor-element elementor-element-3067325c elementor-widget elementor-widget-text-editor\" data-id=\"3067325c\" data-element_type=\"widget\" data-widget_type=\"text-editor.default\">\n\t\t\t\t<div class=\"elementor-widget-container\">\n\t\t\t<style>\/*! elementor - v3.14.0 - 26-06-2023 *\/\n.elementor-widget-text-editor.elementor-drop-cap-view-stacked .elementor-drop-cap{background-color:#69727d;color:#fff}.elementor-widget-text-editor.elementor-drop-cap-view-framed .elementor-drop-cap{color:#69727d;border:3px solid;background-color:transparent}.elementor-widget-text-editor:not(.elementor-drop-cap-view-default) .elementor-drop-cap{margin-top:8px}.elementor-widget-text-editor:not(.elementor-drop-cap-view-default) .elementor-drop-cap-letter{width:1em;height:1em}.elementor-widget-text-editor .elementor-drop-cap{float:left;text-align:center;line-height:1;font-size:50px}.elementor-widget-text-editor .elementor-drop-cap-letter{display:inline-block}<\/style>\t\t\t\t<div data-google-query-id=\"CMCHhKa2gIUDFYa20QQdDOQEIA\"><p style=\"margin: 0in; font-family: Arial; font-size: 10.0pt;\">El Florence School of Regulation analiza el nuevo Citizens Energy Package como un intento de la Comisi\u00f3n Europea por asegurar que la transici\u00f3n energ\u00e9tica beneficie a toda la ciudadan\u00eda y no solo a quienes ya tienen capacidad econ\u00f3mica o tecnol\u00f3gica para participar. El texto recuerda que casi uno de cada diez europeos no puede calentar adecuadamente su vivienda y que m\u00e1s de 30 millones reportan dificultades para pagar sus facturas de servicios p\u00fablicos a tiempo. A partir de ese diagn\u00f3stico, la Comisi\u00f3n organiza nueve acciones bajo tres pilares: reducir facturas de los hogares, proteger y empoderar consumidores, y enfrentar pobreza energ\u00e9tica y vulnerabilidad. La ambici\u00f3n es construir un sistema m\u00e1s verde y seguro, pero tambi\u00e9n m\u00e1s equitativo, capaz de traducir electrificaci\u00f3n, renovables y digitalizaci\u00f3n en beneficios tangibles para usuarios residenciales.<\/p><p style=\"margin: 0in; font-family: Arial; font-size: 10.0pt;\">\u00a0<\/p><p style=\"margin: 0in; font-family: Arial; font-size: 10.0pt;\">La primera serie de medidas se orienta a bajar la porci\u00f3n de impuestos y cargos en la factura el\u00e9ctrica, pues esos conceptos representan cerca de 25 % del precio pagado por hogares y 15 % del pagado por empresas. El an\u00e1lisis del FSR destaca que los Estados miembros tienen margen para retirar costos que no guardan relaci\u00f3n directa con la energ\u00eda y revisar grav\u00e1menes nacionales. El paquete tambi\u00e9n busca facilitar participaci\u00f3n activa en mercados energ\u00e9ticos, fortalecer informaci\u00f3n y derechos del consumidor, y mejorar mecanismos de protecci\u00f3n frente a servicios cada vez m\u00e1s complejos. En ese punto, el texto enlaza con el estudio publicado simult\u00e1neamente por FSR sobre derechos y protecciones en servicios energ\u00e9ticos innovadores, que sirve como soporte t\u00e9cnico para varias de las acciones propuestas por la Comisi\u00f3n.<\/p><p style=\"margin: 0in; font-family: Arial; font-size: 10.0pt;\">\u00a0<\/p><p style=\"margin: 0in; font-family: Arial; font-size: 10.0pt;\">La lectura cr\u00edtica del FSR reconoce avances, pero advierte un l\u00edmite importante: aunque exist\u00eda expectativa de que el paquete abordara expl\u00edcitamente desigualdades de g\u00e9nero en la transici\u00f3n, las medidas publicadas se concentran m\u00e1s en la protecci\u00f3n general de consumidores promedio y vulnerables. Su \u00e9xito depender\u00e1 de implementaci\u00f3n nacional, supervisi\u00f3n y financiamiento consistente.<\/p><p><span style=\"color: #800000;\"><strong>Para leer m\u00e1s ingrese a:<\/strong><\/span><\/p><p><a href=\"https:\/\/fsr.eui.eu\/nine-actions-for-a-citizen-centric-energy-transition\/\">https:\/\/fsr.eui.eu\/nine-actions-for-a-citizen-centric-energy-transition\/<\/a><\/p><\/div>\t\t\t\t\t\t<\/div>\n\t\t\t\t<\/div>\n\t\t\t\t\t<\/div>\n\t\t<\/div>\n\t\t\t\t\t\t\t<\/div>\n\t\t<\/section>\n\t\t\t\t\t\t\t<\/div>\n\t\t<div style=\"text-align:center\" class=\"yasr-auto-insert-visitor\"><\/div>","protected":false},"excerpt":{"rendered":"<p>La Comisi\u00f3n Europea agrupa alivio tarifario, protecci\u00f3n al consumidor y atenci\u00f3n a la pobreza energ\u00e9tica en un paquete que busca que la transici\u00f3n energ\u00e9tica sea m\u00e1s equitativa y participativa.<\/p>","protected":false},"author":23,"featured_media":68491,"comment_status":"open","ping_status":"open","sticky":false,"template":"","format":"standard","meta":{"yasr_overall_rating":0,"yasr_post_is_review":"","yasr_auto_insert_disabled":"","yasr_review_type":"","footnotes":""},"categories":[52],"tags":[],"class_list":["post-68490","post","type-post","status-publish","format-standard","has-post-thumbnail","hentry","category-noticias-sectoriales"],"yasr_visitor_votes":{"number_of_votes":0,"sum_votes":0,"stars_attributes":{"read_only":false,"span_bottom":false}},"yoast_head":"<!-- This site is optimized with the Yoast SEO plugin v27.3 - https:\/\/yoast.com\/product\/yoast-seo-wordpress\/ -->\n<title>Nueve acciones para una transici\u00f3n centrada en ciudadanos - Colombia Inteligente<\/title>\n<meta name=\"robots\" content=\"index, follow, max-snippet:-1, max-image-preview:large, max-video-preview:-1\" \/>\n<link rel=\"canonical\" href=\"https:\/\/colombiainteligente.org\/es_co\/noticias-sectoriales\/nueve-acciones-para-una-transicion-centrada-en-ciudadanos\/\" \/>\n<meta property=\"og:locale\" content=\"es_ES\" \/>\n<meta property=\"og:type\" content=\"article\" \/>\n<meta property=\"og:title\" content=\"Nueve acciones para una transici\u00f3n centrada en ciudadanos - Colombia Inteligente\" \/>\n<meta property=\"og:description\" content=\"La Comisi\u00f3n Europea agrupa alivio tarifario, protecci\u00f3n al consumidor y atenci\u00f3n a la pobreza energ\u00e9tica en un paquete que busca que la transici\u00f3n energ\u00e9tica sea m\u00e1s equitativa y participativa.\" \/>\n<meta property=\"og:url\" content=\"https:\/\/colombiainteligente.org\/es_co\/noticias-sectoriales\/nueve-acciones-para-una-transicion-centrada-en-ciudadanos\/\" \/>\n<meta property=\"og:site_name\" content=\"Colombia Inteligente\" \/>\n<meta property=\"article:published_time\" content=\"2026-03-31T16:25:40+00:00\" \/>\n<meta property=\"article:modified_time\" content=\"2026-03-31T16:29:00+00:00\" \/>\n<meta property=\"og:image\" content=\"https:\/\/colombiainteligente.org\/wp-content\/uploads\/2026\/03\/448310326-08.webp\" \/>\n\t<meta property=\"og:image:width\" content=\"981\" \/>\n\t<meta property=\"og:image:height\" content=\"683\" \/>\n\t<meta property=\"og:image:type\" content=\"image\/webp\" \/>\n<meta name=\"author\" content=\"DIFUSI\u00d3N COLOMBIA INTELIGENTE\" \/>\n<meta name=\"twitter:card\" content=\"summary_large_image\" \/>\n<meta name=\"twitter:creator\" content=\"@colombiaintelig\" \/>\n<meta name=\"twitter:site\" content=\"@colombiaintelig\" \/>\n<meta name=\"twitter:label1\" content=\"Escrito por\" \/>\n\t<meta name=\"twitter:data1\" content=\"DIFUSI\u00d3N COLOMBIA INTELIGENTE\" \/>\n\t<meta name=\"twitter:label2\" content=\"Tiempo estimado de lectura\" \/>\n\t<meta name=\"twitter:data2\" content=\"2 minutos\" \/>\n<script type=\"application\/ld+json\" class=\"yoast-schema-graph\">{\"@context\":\"https:\\\/\\\/schema.org\",\"@graph\":[{\"@type\":\"Article\",\"@id\":\"https:\\\/\\\/colombiainteligente.org\\\/noticias-sectoriales\\\/nueve-acciones-para-una-transicion-centrada-en-ciudadanos\\\/#article\",\"isPartOf\":{\"@id\":\"https:\\\/\\\/colombiainteligente.org\\\/noticias-sectoriales\\\/nueve-acciones-para-una-transicion-centrada-en-ciudadanos\\\/\"},\"author\":{\"name\":\"DIFUSI\u00d3N COLOMBIA INTELIGENTE\",\"@id\":\"https:\\\/\\\/colombiainteligente.org\\\/#\\\/schema\\\/person\\\/e207145d548b75a6d339ff1d4d3b0432\"},\"headline\":\"Nueve acciones para una transici\u00f3n centrada en ciudadanos\",\"datePublished\":\"2026-03-31T16:25:40+00:00\",\"dateModified\":\"2026-03-31T16:29:00+00:00\",\"mainEntityOfPage\":{\"@id\":\"https:\\\/\\\/colombiainteligente.org\\\/noticias-sectoriales\\\/nueve-acciones-para-una-transicion-centrada-en-ciudadanos\\\/\"},\"wordCount\":368,\"commentCount\":0,\"publisher\":{\"@id\":\"https:\\\/\\\/colombiainteligente.org\\\/#organization\"},\"image\":{\"@id\":\"https:\\\/\\\/colombiainteligente.org\\\/noticias-sectoriales\\\/nueve-acciones-para-una-transicion-centrada-en-ciudadanos\\\/#primaryimage\"},\"thumbnailUrl\":\"https:\\\/\\\/colombiainteligente.org\\\/wp-content\\\/uploads\\\/2026\\\/03\\\/448310326-08.webp\",\"articleSection\":[\"Noticias Sectoriales\"],\"inLanguage\":\"es-CO\",\"potentialAction\":[{\"@type\":\"CommentAction\",\"name\":\"Comment\",\"target\":[\"https:\\\/\\\/colombiainteligente.org\\\/noticias-sectoriales\\\/nueve-acciones-para-una-transicion-centrada-en-ciudadanos\\\/#respond\"]}]},{\"@type\":\"WebPage\",\"@id\":\"https:\\\/\\\/colombiainteligente.org\\\/noticias-sectoriales\\\/nueve-acciones-para-una-transicion-centrada-en-ciudadanos\\\/\",\"url\":\"https:\\\/\\\/colombiainteligente.org\\\/noticias-sectoriales\\\/nueve-acciones-para-una-transicion-centrada-en-ciudadanos\\\/\",\"name\":\"Nueve acciones para una transici\u00f3n centrada en ciudadanos - Colombia Inteligente\",\"isPartOf\":{\"@id\":\"https:\\\/\\\/colombiainteligente.org\\\/#website\"},\"primaryImageOfPage\":{\"@id\":\"https:\\\/\\\/colombiainteligente.org\\\/noticias-sectoriales\\\/nueve-acciones-para-una-transicion-centrada-en-ciudadanos\\\/#primaryimage\"},\"image\":{\"@id\":\"https:\\\/\\\/colombiainteligente.org\\\/noticias-sectoriales\\\/nueve-acciones-para-una-transicion-centrada-en-ciudadanos\\\/#primaryimage\"},\"thumbnailUrl\":\"https:\\\/\\\/colombiainteligente.org\\\/wp-content\\\/uploads\\\/2026\\\/03\\\/448310326-08.webp\",\"datePublished\":\"2026-03-31T16:25:40+00:00\",\"dateModified\":\"2026-03-31T16:29:00+00:00\",\"breadcrumb\":{\"@id\":\"https:\\\/\\\/colombiainteligente.org\\\/noticias-sectoriales\\\/nueve-acciones-para-una-transicion-centrada-en-ciudadanos\\\/#breadcrumb\"},\"inLanguage\":\"es-CO\",\"potentialAction\":[{\"@type\":\"ReadAction\",\"target\":[\"https:\\\/\\\/colombiainteligente.org\\\/noticias-sectoriales\\\/nueve-acciones-para-una-transicion-centrada-en-ciudadanos\\\/\"]}]},{\"@type\":\"ImageObject\",\"inLanguage\":\"es-CO\",\"@id\":\"https:\\\/\\\/colombiainteligente.org\\\/noticias-sectoriales\\\/nueve-acciones-para-una-transicion-centrada-en-ciudadanos\\\/#primaryimage\",\"url\":\"https:\\\/\\\/colombiainteligente.org\\\/wp-content\\\/uploads\\\/2026\\\/03\\\/448310326-08.webp\",\"contentUrl\":\"https:\\\/\\\/colombiainteligente.org\\\/wp-content\\\/uploads\\\/2026\\\/03\\\/448310326-08.webp\",\"width\":981,\"height\":683,\"caption\":\"Esta imagen captura a un grupo diverso de personas descansando en las escalinatas de un edificio de arquitectura neocl\u00e1sica, posiblemente un museo o instituci\u00f3n cultural.\"},{\"@type\":\"BreadcrumbList\",\"@id\":\"https:\\\/\\\/colombiainteligente.org\\\/noticias-sectoriales\\\/nueve-acciones-para-una-transicion-centrada-en-ciudadanos\\\/#breadcrumb\",\"itemListElement\":[{\"@type\":\"ListItem\",\"position\":1,\"name\":\"Portada\",\"item\":\"https:\\\/\\\/colombiainteligente.org\\\/\"},{\"@type\":\"ListItem\",\"position\":2,\"name\":\"Nueve acciones para una transici\u00f3n centrada en ciudadanos\"}]},{\"@type\":\"WebSite\",\"@id\":\"https:\\\/\\\/colombiainteligente.org\\\/#website\",\"url\":\"https:\\\/\\\/colombiainteligente.org\\\/\",\"name\":\"Colombia Inteligente\",\"description\":\"Alianza estrat\u00e9gica, conformada por empresas y entidades, para la inserci\u00f3n integral y eficiente de las redes inteligentes a la infraestructura del sector el\u00e9ctrico colombiano\",\"publisher\":{\"@id\":\"https:\\\/\\\/colombiainteligente.org\\\/#organization\"},\"potentialAction\":[{\"@type\":\"SearchAction\",\"target\":{\"@type\":\"EntryPoint\",\"urlTemplate\":\"https:\\\/\\\/colombiainteligente.org\\\/?s={search_term_string}\"},\"query-input\":{\"@type\":\"PropertyValueSpecification\",\"valueRequired\":true,\"valueName\":\"search_term_string\"}}],\"inLanguage\":\"es-CO\"},{\"@type\":\"Organization\",\"@id\":\"https:\\\/\\\/colombiainteligente.org\\\/#organization\",\"name\":\"Colombia Inteligente\",\"url\":\"https:\\\/\\\/colombiainteligente.org\\\/\",\"logo\":{\"@type\":\"ImageObject\",\"inLanguage\":\"es-CO\",\"@id\":\"https:\\\/\\\/colombiainteligente.org\\\/#\\\/schema\\\/logo\\\/image\\\/\",\"url\":\"https:\\\/\\\/colombiainteligente.org\\\/wp-content\\\/uploads\\\/2022\\\/07\\\/Image.png\",\"contentUrl\":\"https:\\\/\\\/colombiainteligente.org\\\/wp-content\\\/uploads\\\/2022\\\/07\\\/Image.png\",\"width\":588,\"height\":274,\"caption\":\"Colombia Inteligente\"},\"image\":{\"@id\":\"https:\\\/\\\/colombiainteligente.org\\\/#\\\/schema\\\/logo\\\/image\\\/\"},\"sameAs\":[\"https:\\\/\\\/x.com\\\/colombiaintelig\",\"https:\\\/\\\/www.linkedin.com\\\/company\\\/colombiainteligente\\\/\"]},{\"@type\":\"Person\",\"@id\":\"https:\\\/\\\/colombiainteligente.org\\\/#\\\/schema\\\/person\\\/e207145d548b75a6d339ff1d4d3b0432\",\"name\":\"DIFUSI\u00d3N COLOMBIA INTELIGENTE\",\"image\":{\"@type\":\"ImageObject\",\"inLanguage\":\"es-CO\",\"@id\":\"https:\\\/\\\/secure.gravatar.com\\\/avatar\\\/df2e679ff2abf288cf4bf58830dad897e596908105ec8969f50f748a6d837869?s=96&d=mm&r=g\",\"url\":\"https:\\\/\\\/secure.gravatar.com\\\/avatar\\\/df2e679ff2abf288cf4bf58830dad897e596908105ec8969f50f748a6d837869?s=96&d=mm&r=g\",\"contentUrl\":\"https:\\\/\\\/secure.gravatar.com\\\/avatar\\\/df2e679ff2abf288cf4bf58830dad897e596908105ec8969f50f748a6d837869?s=96&d=mm&r=g\",\"caption\":\"DIFUSI\u00d3N COLOMBIA INTELIGENTE\"},\"url\":\"https:\\\/\\\/colombiainteligente.org\\\/es_co\\\/author\\\/difusioncolombiainteligente-org\\\/\"}]}<\/script>\n<!-- \/ Yoast SEO plugin. -->","yoast_head_json":{"title":"Nueve acciones para una transici\u00f3n centrada en ciudadanos - Colombia Inteligente","robots":{"index":"index","follow":"follow","max-snippet":"max-snippet:-1","max-image-preview":"max-image-preview:large","max-video-preview":"max-video-preview:-1"},"canonical":"https:\/\/colombiainteligente.org\/es_co\/noticias-sectoriales\/nueve-acciones-para-una-transicion-centrada-en-ciudadanos\/","og_locale":"es_ES","og_type":"article","og_title":"Nueve acciones para una transici\u00f3n centrada en ciudadanos - Colombia Inteligente","og_description":"La Comisi\u00f3n Europea agrupa alivio tarifario, protecci\u00f3n al consumidor y atenci\u00f3n a la pobreza energ\u00e9tica en un paquete que busca que la transici\u00f3n energ\u00e9tica sea m\u00e1s equitativa y participativa.","og_url":"https:\/\/colombiainteligente.org\/es_co\/noticias-sectoriales\/nueve-acciones-para-una-transicion-centrada-en-ciudadanos\/","og_site_name":"Colombia Inteligente","article_published_time":"2026-03-31T16:25:40+00:00","article_modified_time":"2026-03-31T16:29:00+00:00","og_image":[{"width":981,"height":683,"url":"https:\/\/colombiainteligente.org\/wp-content\/uploads\/2026\/03\/448310326-08.webp","type":"image\/webp"}],"author":"DIFUSI\u00d3N COLOMBIA INTELIGENTE","twitter_card":"summary_large_image","twitter_creator":"@colombiaintelig","twitter_site":"@colombiaintelig","twitter_misc":{"Escrito por":"DIFUSI\u00d3N COLOMBIA INTELIGENTE","Tiempo estimado de lectura":"2 minutos"},"schema":{"@context":"https:\/\/schema.org","@graph":[{"@type":"Article","@id":"https:\/\/colombiainteligente.org\/noticias-sectoriales\/nueve-acciones-para-una-transicion-centrada-en-ciudadanos\/#article","isPartOf":{"@id":"https:\/\/colombiainteligente.org\/noticias-sectoriales\/nueve-acciones-para-una-transicion-centrada-en-ciudadanos\/"},"author":{"name":"DIFUSI\u00d3N COLOMBIA INTELIGENTE","@id":"https:\/\/colombiainteligente.org\/#\/schema\/person\/e207145d548b75a6d339ff1d4d3b0432"},"headline":"Nueve acciones para una transici\u00f3n centrada en ciudadanos","datePublished":"2026-03-31T16:25:40+00:00","dateModified":"2026-03-31T16:29:00+00:00","mainEntityOfPage":{"@id":"https:\/\/colombiainteligente.org\/noticias-sectoriales\/nueve-acciones-para-una-transicion-centrada-en-ciudadanos\/"},"wordCount":368,"commentCount":0,"publisher":{"@id":"https:\/\/colombiainteligente.org\/#organization"},"image":{"@id":"https:\/\/colombiainteligente.org\/noticias-sectoriales\/nueve-acciones-para-una-transicion-centrada-en-ciudadanos\/#primaryimage"},"thumbnailUrl":"https:\/\/colombiainteligente.org\/wp-content\/uploads\/2026\/03\/448310326-08.webp","articleSection":["Noticias Sectoriales"],"inLanguage":"es-CO","potentialAction":[{"@type":"CommentAction","name":"Comment","target":["https:\/\/colombiainteligente.org\/noticias-sectoriales\/nueve-acciones-para-una-transicion-centrada-en-ciudadanos\/#respond"]}]},{"@type":"WebPage","@id":"https:\/\/colombiainteligente.org\/noticias-sectoriales\/nueve-acciones-para-una-transicion-centrada-en-ciudadanos\/","url":"https:\/\/colombiainteligente.org\/noticias-sectoriales\/nueve-acciones-para-una-transicion-centrada-en-ciudadanos\/","name":"Nueve acciones para una transici\u00f3n centrada en ciudadanos - Colombia Inteligente","isPartOf":{"@id":"https:\/\/colombiainteligente.org\/#website"},"primaryImageOfPage":{"@id":"https:\/\/colombiainteligente.org\/noticias-sectoriales\/nueve-acciones-para-una-transicion-centrada-en-ciudadanos\/#primaryimage"},"image":{"@id":"https:\/\/colombiainteligente.org\/noticias-sectoriales\/nueve-acciones-para-una-transicion-centrada-en-ciudadanos\/#primaryimage"},"thumbnailUrl":"https:\/\/colombiainteligente.org\/wp-content\/uploads\/2026\/03\/448310326-08.webp","datePublished":"2026-03-31T16:25:40+00:00","dateModified":"2026-03-31T16:29:00+00:00","breadcrumb":{"@id":"https:\/\/colombiainteligente.org\/noticias-sectoriales\/nueve-acciones-para-una-transicion-centrada-en-ciudadanos\/#breadcrumb"},"inLanguage":"es-CO","potentialAction":[{"@type":"ReadAction","target":["https:\/\/colombiainteligente.org\/noticias-sectoriales\/nueve-acciones-para-una-transicion-centrada-en-ciudadanos\/"]}]},{"@type":"ImageObject","inLanguage":"es-CO","@id":"https:\/\/colombiainteligente.org\/noticias-sectoriales\/nueve-acciones-para-una-transicion-centrada-en-ciudadanos\/#primaryimage","url":"https:\/\/colombiainteligente.org\/wp-content\/uploads\/2026\/03\/448310326-08.webp","contentUrl":"https:\/\/colombiainteligente.org\/wp-content\/uploads\/2026\/03\/448310326-08.webp","width":981,"height":683,"caption":"Esta imagen captura a un grupo diverso de personas descansando en las escalinatas de un edificio de arquitectura neocl\u00e1sica, posiblemente un museo o instituci\u00f3n cultural."},{"@type":"BreadcrumbList","@id":"https:\/\/colombiainteligente.org\/noticias-sectoriales\/nueve-acciones-para-una-transicion-centrada-en-ciudadanos\/#breadcrumb","itemListElement":[{"@type":"ListItem","position":1,"name":"Portada","item":"https:\/\/colombiainteligente.org\/"},{"@type":"ListItem","position":2,"name":"Nueve acciones para una transici\u00f3n centrada en ciudadanos"}]},{"@type":"WebSite","@id":"https:\/\/colombiainteligente.org\/#website","url":"https:\/\/colombiainteligente.org\/","name":"Colombia Inteligente","description":"Alianza estrat\u00e9gica, conformada por empresas y entidades, para la inserci\u00f3n integral y eficiente de las redes inteligentes a la infraestructura del sector el\u00e9ctrico colombiano","publisher":{"@id":"https:\/\/colombiainteligente.org\/#organization"},"potentialAction":[{"@type":"SearchAction","target":{"@type":"EntryPoint","urlTemplate":"https:\/\/colombiainteligente.org\/?s={search_term_string}"},"query-input":{"@type":"PropertyValueSpecification","valueRequired":true,"valueName":"search_term_string"}}],"inLanguage":"es-CO"},{"@type":"Organization","@id":"https:\/\/colombiainteligente.org\/#organization","name":"Colombia Inteligente","url":"https:\/\/colombiainteligente.org\/","logo":{"@type":"ImageObject","inLanguage":"es-CO","@id":"https:\/\/colombiainteligente.org\/#\/schema\/logo\/image\/","url":"https:\/\/colombiainteligente.org\/wp-content\/uploads\/2022\/07\/Image.png","contentUrl":"https:\/\/colombiainteligente.org\/wp-content\/uploads\/2022\/07\/Image.png","width":588,"height":274,"caption":"Colombia Inteligente"},"image":{"@id":"https:\/\/colombiainteligente.org\/#\/schema\/logo\/image\/"},"sameAs":["https:\/\/x.com\/colombiaintelig","https:\/\/www.linkedin.com\/company\/colombiainteligente\/"]},{"@type":"Person","@id":"https:\/\/colombiainteligente.org\/#\/schema\/person\/e207145d548b75a6d339ff1d4d3b0432","name":"DIFUSI\u00d3N COLOMBIA INTELIGENTE","image":{"@type":"ImageObject","inLanguage":"es-CO","@id":"https:\/\/secure.gravatar.com\/avatar\/df2e679ff2abf288cf4bf58830dad897e596908105ec8969f50f748a6d837869?s=96&d=mm&r=g","url":"https:\/\/secure.gravatar.com\/avatar\/df2e679ff2abf288cf4bf58830dad897e596908105ec8969f50f748a6d837869?s=96&d=mm&r=g","contentUrl":"https:\/\/secure.gravatar.com\/avatar\/df2e679ff2abf288cf4bf58830dad897e596908105ec8969f50f748a6d837869?s=96&d=mm&r=g","caption":"DIFUSI\u00d3N COLOMBIA INTELIGENTE"},"url":"https:\/\/colombiainteligente.org\/es_co\/author\/difusioncolombiainteligente-org\/"}]}},"_links":{"self":[{"href":"https:\/\/colombiainteligente.org\/es_co\/wp-json\/wp\/v2\/posts\/68490","targetHints":{"allow":["GET"]}}],"collection":[{"href":"https:\/\/colombiainteligente.org\/es_co\/wp-json\/wp\/v2\/posts"}],"about":[{"href":"https:\/\/colombiainteligente.org\/es_co\/wp-json\/wp\/v2\/types\/post"}],"author":[{"embeddable":true,"href":"https:\/\/colombiainteligente.org\/es_co\/wp-json\/wp\/v2\/users\/23"}],"replies":[{"embeddable":true,"href":"https:\/\/colombiainteligente.org\/es_co\/wp-json\/wp\/v2\/comments?post=68490"}],"version-history":[{"count":10,"href":"https:\/\/colombiainteligente.org\/es_co\/wp-json\/wp\/v2\/posts\/68490\/revisions"}],"predecessor-version":[{"id":68502,"href":"https:\/\/colombiainteligente.org\/es_co\/wp-json\/wp\/v2\/posts\/68490\/revisions\/68502"}],"wp:featuredmedia":[{"embeddable":true,"href":"https:\/\/colombiainteligente.org\/es_co\/wp-json\/wp\/v2\/media\/68491"}],"wp:attachment":[{"href":"https:\/\/colombiainteligente.org\/es_co\/wp-json\/wp\/v2\/media?parent=68490"}],"wp:term":[{"taxonomy":"category","embeddable":true,"href":"https:\/\/colombiainteligente.org\/es_co\/wp-json\/wp\/v2\/categories?post=68490"},{"taxonomy":"post_tag","embeddable":true,"href":"https:\/\/colombiainteligente.org\/es_co\/wp-json\/wp\/v2\/tags?post=68490"}],"curies":[{"name":"wp","href":"https:\/\/api.w.org\/{rel}","templated":true}]}}