{"id":68529,"date":"2026-03-31T12:07:21","date_gmt":"2026-03-31T17:07:21","guid":{"rendered":"https:\/\/colombiainteligente.org\/?p=68529"},"modified":"2026-03-31T12:22:49","modified_gmt":"2026-03-31T17:22:49","slug":"indice-de-pobreza-multidimensional-para-america-latina","status":"publish","type":"post","link":"https:\/\/colombiainteligente.org\/es_co\/tendencias\/indice-de-pobreza-multidimensional-para-america-latina\/","title":{"rendered":"\u00cdndice de pobreza multidimensional para Am\u00e9rica Latina"},"content":{"rendered":"<div data-elementor-type=\"wp-post\" data-elementor-id=\"68529\" class=\"elementor elementor-68529\" data-elementor-post-type=\"post\">\n\t\t\t\t\t\t\t\t\t<section class=\"elementor-section elementor-top-section elementor-element elementor-element-87c6aa2 elementor-section-boxed elementor-section-height-default elementor-section-height-default\" data-id=\"87c6aa2\" data-element_type=\"section\">\n\t\t\t\t\t\t<div class=\"elementor-container elementor-column-gap-default\">\n\t\t\t\t\t<div class=\"elementor-column elementor-col-100 elementor-top-column elementor-element elementor-element-558bb819\" data-id=\"558bb819\" data-element_type=\"column\">\n\t\t\t<div class=\"elementor-widget-wrap elementor-element-populated\">\n\t\t\t\t\t\t\t\t<div class=\"elementor-element elementor-element-3067325c elementor-widget elementor-widget-text-editor\" data-id=\"3067325c\" data-element_type=\"widget\" data-widget_type=\"text-editor.default\">\n\t\t\t\t<div class=\"elementor-widget-container\">\n\t\t\t<style>\/*! elementor - v3.14.0 - 26-06-2023 *\/\n.elementor-widget-text-editor.elementor-drop-cap-view-stacked .elementor-drop-cap{background-color:#69727d;color:#fff}.elementor-widget-text-editor.elementor-drop-cap-view-framed .elementor-drop-cap{color:#69727d;border:3px solid;background-color:transparent}.elementor-widget-text-editor:not(.elementor-drop-cap-view-default) .elementor-drop-cap{margin-top:8px}.elementor-widget-text-editor:not(.elementor-drop-cap-view-default) .elementor-drop-cap-letter{width:1em;height:1em}.elementor-widget-text-editor .elementor-drop-cap{float:left;text-align:center;line-height:1;font-size:50px}.elementor-widget-text-editor .elementor-drop-cap-letter{display:inline-block}<\/style>\t\t\t\t<p lang=\"es\" style=\"margin-top: 5pt; margin-bottom: 5pt; font-family: Calibri; font-size: 11.0pt;\">La medici\u00f3n del bienestar en Am\u00e9rica Latina ha evolucionado hacia enfoques que trascienden la perspectiva exclusivamente monetaria, incorporando dimensiones que reflejan de manera m\u00e1s completa las condiciones de vida de la poblaci\u00f3n. En este marco, la pobreza se entiende como un fen\u00f3meno multidimensional en el que intervienen limitaciones simult\u00e1neas en \u00e1mbitos como la educaci\u00f3n, la salud, el empleo, la vivienda y el acceso a servicios b\u00e1sicos. Esta concepci\u00f3n se sustenta en el enfoque de capacidades, que plantea que el bienestar no depende \u00fanicamente de los recursos disponibles, sino de las posibilidades reales que tienen las personas para desarrollar su vida. As\u00ed, dos individuos con ingresos similares pueden experimentar niveles de bienestar distintos debido a diferencias en sus contextos, oportunidades o condiciones estructurales. De forma complementaria, la perspectiva de derechos enfatiza que disponer de ingresos no garantiza el acceso efectivo a servicios esenciales ni el ejercicio pleno de derechos fundamentales, lo que obliga a ampliar el an\u00e1lisis m\u00e1s all\u00e1 de los indicadores tradicionales.<\/p><p lang=\"es\" style=\"margin-top: 5pt; margin-bottom: 5pt; font-family: Calibri; font-size: 11.0pt;\">En coherencia con lo anterior, se ha consolidado una metodolog\u00eda que permite identificar y agregar m\u00faltiples privaciones mediante la utilizaci\u00f3n de indicadores espec\u00edficos y ponderaciones definidas. Este enfoque facilita no solo la identificaci\u00f3n de qui\u00e9nes se encuentran en situaci\u00f3n de pobreza, sino tambi\u00e9n la intensidad y la combinaci\u00f3n de carencias que experimentan. Adem\u00e1s, permite desagregar resultados por grupos poblacionales y territorios, lo que aporta informaci\u00f3n m\u00e1s detallada para el dise\u00f1o de pol\u00edticas p\u00fablicas. A su vez, la incorporaci\u00f3n de dimensiones como el empleo y la calidad laboral evidencia transformaciones recientes en la medici\u00f3n, en las que se reconoce que las condiciones de inserci\u00f3n en el mercado de trabajo influyen directamente en el bienestar. De esta manera, se supera la visi\u00f3n limitada que consideraba \u00fanicamente la disponibilidad de ingresos, integrando aspectos como la estabilidad laboral, la protecci\u00f3n social y la suficiencia de las remuneraciones.<\/p><p lang=\"es\" style=\"margin-top: 5pt; margin-bottom: 5pt; font-family: Calibri; font-size: 11.0pt;\">Por otra parte, el an\u00e1lisis emp\u00edrico revela que la pobreza multidimensional presenta din\u00e1micas distintas a las de la pobreza monetaria, lo que pone en evidencia la necesidad de utilizar ambas mediciones de manera complementaria. Mientras algunas personas pueden no ser clasificadas como pobres seg\u00fan sus ingresos, s\u00ed enfrentan privaciones significativas en otras dimensiones, lo que modifica la comprensi\u00f3n del fen\u00f3meno. En este sentido, se observan variaciones en la incidencia y evoluci\u00f3n de la pobreza en la regi\u00f3n, as\u00ed como diferencias marcadas entre pa\u00edses y grupos poblacionales. Factores como la ruralidad, la pertenencia \u00e9tnica o la edad influyen en la probabilidad de experimentar mayores niveles de privaci\u00f3n. Asimismo, eventos externos como la pandemia generaron impactos diferenciados, afectando particularmente la educaci\u00f3n, el empleo y el acceso a servicios de salud, lo que se tradujo en incrementos temporales en varios indicadores de carencia.<\/p><p lang=\"es\" style=\"margin-top: 5pt; margin-bottom: 5pt; font-family: Calibri; font-size: 11.0pt;\">El an\u00e1lisis de dimensiones espec\u00edficas permite identificar \u00e1reas persistentes de rezago que requieren intervenciones focalizadas. Entre ellas, destacan las condiciones de vivienda y el acceso a energ\u00edas limpias, donde la incidencia de privaciones sigue siendo elevada en comparaci\u00f3n con otros componentes. Este tipo de resultados evidencia la necesidad de promover pol\u00edticas orientadas a la transici\u00f3n energ\u00e9tica y a la mejora de la infraestructura b\u00e1sica, no solo por sus implicaciones en el bienestar inmediato, sino tambi\u00e9n por su relaci\u00f3n con desaf\u00edos ambientales m\u00e1s amplios. De igual forma, la heterogeneidad entre pa\u00edses y la estabilidad metodol\u00f3gica de los resultados sugieren que el enfoque multidimensional constituye una herramienta robusta para el an\u00e1lisis del desarrollo social. Por tanto, la integraci\u00f3n de estas mediciones en la formulaci\u00f3n de pol\u00edticas permite abordar la pobreza desde una perspectiva m\u00e1s integral, considerando tanto la diversidad de carencias como las particularidades de cada contexto.<\/p><p style=\"text-align: justify;\"><span style=\"color: #800000;\"><b>Para leer m\u00e1s ingrese a:<\/b><\/span><\/p><p style=\"margin: 0in; font-family: Calibri; font-size: 11.0pt;\"><a href=\"https:\/\/www.cepal.org\/es\/publicaciones\/81425-indice-pobreza-multidimensional-america-latina\"><span lang=\"es\">https:\/\/www.cepal.org\/es\/publicaciones\/81425-indice-pobreza-multidimensional-america-latina <\/span><\/a><\/p><p style=\"margin: 0in; font-family: Calibri; font-size: 11.0pt;\"><a href=\"https:\/\/repositorio.cepal.org\/server\/api\/core\/bitstreams\/8fdf94bd-f794-4ca1-ad6a-939b7149e882\/content\"><span lang=\"es\">https:\/\/repositorio.cepal.org\/server\/api\/core\/bitstreams\/8fdf94bd-f794-4ca1-ad6a-939b7149e882\/content <\/span><\/a><\/p>\t\t\t\t\t\t<\/div>\n\t\t\t\t<\/div>\n\t\t\t\t\t<\/div>\n\t\t<\/div>\n\t\t\t\t\t\t\t<\/div>\n\t\t<\/section>\n\t\t\t\t\t\t\t<\/div>\n\t\t<div style=\"text-align:center\" class=\"yasr-auto-insert-visitor\"><\/div>","protected":false},"excerpt":{"rendered":"<p>La comprensi\u00f3n de la pobreza en Am\u00e9rica Latina ha transitado hacia un enfoque multidimensional que incorpora diversas dimensiones del bienestar m\u00e1s all\u00e1 del ingreso, lo que permite captar de manera m\u00e1s precisa las condiciones reales de vida. Desde esta perspectiva, el bienestar se vincula con las capacidades de las personas para desarrollar su vida y ejercer sus derechos, lo que implica considerar factores como educaci\u00f3n, salud, empleo, vivienda y acceso a servicios b\u00e1sicos. En este contexto, la metodolog\u00eda basada en la identificaci\u00f3n y agregaci\u00f3n de privaciones posibilita analizar tanto la incidencia como la intensidad de la pobreza, adem\u00e1s de revelar c\u00f3mo se distribuyen las carencias entre distintos grupos poblacionales. Al mismo tiempo, se evidencia que la pobreza monetaria y la multidimensional no coinciden plenamente, lo que refuerza la necesidad de utilizarlas de forma complementaria para una evaluaci\u00f3n m\u00e1s completa. Los resultados emp\u00edricos muestran diferencias significativas entre pa\u00edses y grupos sociales, as\u00ed como efectos relevantes derivados de shocks externos que impactan dimensiones espec\u00edficas como el empleo o la educaci\u00f3n. De igual forma, persisten rezagos en \u00e1mbitos como la vivienda y el acceso a energ\u00edas limpias, lo que sugiere la necesidad de intervenciones focalizadas. Este enfoque ofrece una base anal\u00edtica m\u00e1s s\u00f3lida para el dise\u00f1o de pol\u00edticas p\u00fablicas orientadas a reducir desigualdades estructurales. <\/p>","protected":false},"author":23,"featured_media":68530,"comment_status":"open","ping_status":"open","sticky":false,"template":"","format":"standard","meta":{"yasr_overall_rating":0,"yasr_post_is_review":"","yasr_auto_insert_disabled":"","yasr_review_type":"","footnotes":""},"categories":[56,53],"tags":[],"class_list":["post-68529","post","type-post","status-publish","format-standard","has-post-thumbnail","hentry","category-convergencia-y-sostenibilidad","category-tendencias"],"yasr_visitor_votes":{"number_of_votes":0,"sum_votes":0,"stars_attributes":{"read_only":false,"span_bottom":false}},"yoast_head":"<!-- This site is optimized with the Yoast SEO plugin v27.3 - https:\/\/yoast.com\/product\/yoast-seo-wordpress\/ -->\n<title>\u00cdndice de pobreza multidimensional para Am\u00e9rica Latina - Colombia Inteligente<\/title>\n<meta name=\"robots\" content=\"index, follow, max-snippet:-1, max-image-preview:large, max-video-preview:-1\" \/>\n<link rel=\"canonical\" href=\"https:\/\/colombiainteligente.org\/es_co\/tendencias\/indice-de-pobreza-multidimensional-para-america-latina\/\" \/>\n<meta property=\"og:locale\" content=\"es_ES\" \/>\n<meta property=\"og:type\" content=\"article\" \/>\n<meta property=\"og:title\" content=\"\u00cdndice de pobreza multidimensional para Am\u00e9rica Latina - Colombia Inteligente\" \/>\n<meta property=\"og:description\" content=\"La comprensi\u00f3n de la pobreza en Am\u00e9rica Latina ha transitado hacia un enfoque multidimensional que incorpora diversas dimensiones del bienestar m\u00e1s all\u00e1 del ingreso, lo que permite captar de manera m\u00e1s precisa las condiciones reales de vida. Desde esta perspectiva, el bienestar se vincula con las capacidades de las personas para desarrollar su vida y ejercer sus derechos, lo que implica considerar factores como educaci\u00f3n, salud, empleo, vivienda y acceso a servicios b\u00e1sicos. En este contexto, la metodolog\u00eda basada en la identificaci\u00f3n y agregaci\u00f3n de privaciones posibilita analizar tanto la incidencia como la intensidad de la pobreza, adem\u00e1s de revelar c\u00f3mo se distribuyen las carencias entre distintos grupos poblacionales. Al mismo tiempo, se evidencia que la pobreza monetaria y la multidimensional no coinciden plenamente, lo que refuerza la necesidad de utilizarlas de forma complementaria para una evaluaci\u00f3n m\u00e1s completa. Los resultados emp\u00edricos muestran diferencias significativas entre pa\u00edses y grupos sociales, as\u00ed como efectos relevantes derivados de shocks externos que impactan dimensiones espec\u00edficas como el empleo o la educaci\u00f3n. De igual forma, persisten rezagos en \u00e1mbitos como la vivienda y el acceso a energ\u00edas limpias, lo que sugiere la necesidad de intervenciones focalizadas. Este enfoque ofrece una base anal\u00edtica m\u00e1s s\u00f3lida para el dise\u00f1o de pol\u00edticas p\u00fablicas orientadas a reducir desigualdades estructurales.\" \/>\n<meta property=\"og:url\" content=\"https:\/\/colombiainteligente.org\/es_co\/tendencias\/indice-de-pobreza-multidimensional-para-america-latina\/\" \/>\n<meta property=\"og:site_name\" content=\"Colombia Inteligente\" \/>\n<meta property=\"article:published_time\" content=\"2026-03-31T17:07:21+00:00\" \/>\n<meta property=\"article:modified_time\" content=\"2026-03-31T17:22:49+00:00\" \/>\n<meta property=\"og:image\" content=\"https:\/\/colombiainteligente.org\/wp-content\/uploads\/2026\/03\/02-Convergencia-4480326.png\" \/>\n\t<meta property=\"og:image:width\" content=\"776\" \/>\n\t<meta property=\"og:image:height\" content=\"1072\" \/>\n\t<meta property=\"og:image:type\" content=\"image\/png\" \/>\n<meta name=\"author\" content=\"DIFUSI\u00d3N COLOMBIA INTELIGENTE\" \/>\n<meta name=\"twitter:card\" content=\"summary_large_image\" \/>\n<meta name=\"twitter:creator\" content=\"@colombiaintelig\" \/>\n<meta name=\"twitter:site\" content=\"@colombiaintelig\" \/>\n<meta name=\"twitter:label1\" content=\"Escrito por\" \/>\n\t<meta name=\"twitter:data1\" content=\"DIFUSI\u00d3N COLOMBIA INTELIGENTE\" \/>\n\t<meta name=\"twitter:label2\" content=\"Tiempo estimado de lectura\" \/>\n\t<meta name=\"twitter:data2\" content=\"3 minutos\" \/>\n<script type=\"application\/ld+json\" class=\"yoast-schema-graph\">{\"@context\":\"https:\\\/\\\/schema.org\",\"@graph\":[{\"@type\":\"Article\",\"@id\":\"https:\\\/\\\/colombiainteligente.org\\\/tendencias\\\/indice-de-pobreza-multidimensional-para-america-latina\\\/#article\",\"isPartOf\":{\"@id\":\"https:\\\/\\\/colombiainteligente.org\\\/tendencias\\\/indice-de-pobreza-multidimensional-para-america-latina\\\/\"},\"author\":{\"name\":\"DIFUSI\u00d3N COLOMBIA INTELIGENTE\",\"@id\":\"https:\\\/\\\/colombiainteligente.org\\\/#\\\/schema\\\/person\\\/e207145d548b75a6d339ff1d4d3b0432\"},\"headline\":\"\u00cdndice de pobreza multidimensional para Am\u00e9rica Latina\",\"datePublished\":\"2026-03-31T17:07:21+00:00\",\"dateModified\":\"2026-03-31T17:22:49+00:00\",\"mainEntityOfPage\":{\"@id\":\"https:\\\/\\\/colombiainteligente.org\\\/tendencias\\\/indice-de-pobreza-multidimensional-para-america-latina\\\/\"},\"wordCount\":689,\"commentCount\":0,\"publisher\":{\"@id\":\"https:\\\/\\\/colombiainteligente.org\\\/#organization\"},\"image\":{\"@id\":\"https:\\\/\\\/colombiainteligente.org\\\/tendencias\\\/indice-de-pobreza-multidimensional-para-america-latina\\\/#primaryimage\"},\"thumbnailUrl\":\"https:\\\/\\\/colombiainteligente.org\\\/wp-content\\\/uploads\\\/2026\\\/03\\\/02-Convergencia-4480326.png\",\"articleSection\":[\"Convergencia y Sostenibilidad\",\"Tendencias\"],\"inLanguage\":\"es-CO\",\"potentialAction\":[{\"@type\":\"CommentAction\",\"name\":\"Comment\",\"target\":[\"https:\\\/\\\/colombiainteligente.org\\\/tendencias\\\/indice-de-pobreza-multidimensional-para-america-latina\\\/#respond\"]}]},{\"@type\":\"WebPage\",\"@id\":\"https:\\\/\\\/colombiainteligente.org\\\/tendencias\\\/indice-de-pobreza-multidimensional-para-america-latina\\\/\",\"url\":\"https:\\\/\\\/colombiainteligente.org\\\/tendencias\\\/indice-de-pobreza-multidimensional-para-america-latina\\\/\",\"name\":\"\u00cdndice de pobreza multidimensional para Am\u00e9rica Latina - Colombia Inteligente\",\"isPartOf\":{\"@id\":\"https:\\\/\\\/colombiainteligente.org\\\/#website\"},\"primaryImageOfPage\":{\"@id\":\"https:\\\/\\\/colombiainteligente.org\\\/tendencias\\\/indice-de-pobreza-multidimensional-para-america-latina\\\/#primaryimage\"},\"image\":{\"@id\":\"https:\\\/\\\/colombiainteligente.org\\\/tendencias\\\/indice-de-pobreza-multidimensional-para-america-latina\\\/#primaryimage\"},\"thumbnailUrl\":\"https:\\\/\\\/colombiainteligente.org\\\/wp-content\\\/uploads\\\/2026\\\/03\\\/02-Convergencia-4480326.png\",\"datePublished\":\"2026-03-31T17:07:21+00:00\",\"dateModified\":\"2026-03-31T17:22:49+00:00\",\"breadcrumb\":{\"@id\":\"https:\\\/\\\/colombiainteligente.org\\\/tendencias\\\/indice-de-pobreza-multidimensional-para-america-latina\\\/#breadcrumb\"},\"inLanguage\":\"es-CO\",\"potentialAction\":[{\"@type\":\"ReadAction\",\"target\":[\"https:\\\/\\\/colombiainteligente.org\\\/tendencias\\\/indice-de-pobreza-multidimensional-para-america-latina\\\/\"]}]},{\"@type\":\"ImageObject\",\"inLanguage\":\"es-CO\",\"@id\":\"https:\\\/\\\/colombiainteligente.org\\\/tendencias\\\/indice-de-pobreza-multidimensional-para-america-latina\\\/#primaryimage\",\"url\":\"https:\\\/\\\/colombiainteligente.org\\\/wp-content\\\/uploads\\\/2026\\\/03\\\/02-Convergencia-4480326.png\",\"contentUrl\":\"https:\\\/\\\/colombiainteligente.org\\\/wp-content\\\/uploads\\\/2026\\\/03\\\/02-Convergencia-4480326.png\",\"width\":776,\"height\":1072},{\"@type\":\"BreadcrumbList\",\"@id\":\"https:\\\/\\\/colombiainteligente.org\\\/tendencias\\\/indice-de-pobreza-multidimensional-para-america-latina\\\/#breadcrumb\",\"itemListElement\":[{\"@type\":\"ListItem\",\"position\":1,\"name\":\"Portada\",\"item\":\"https:\\\/\\\/colombiainteligente.org\\\/\"},{\"@type\":\"ListItem\",\"position\":2,\"name\":\"\u00cdndice de pobreza multidimensional para Am\u00e9rica Latina\"}]},{\"@type\":\"WebSite\",\"@id\":\"https:\\\/\\\/colombiainteligente.org\\\/#website\",\"url\":\"https:\\\/\\\/colombiainteligente.org\\\/\",\"name\":\"Colombia Inteligente\",\"description\":\"Alianza estrat\u00e9gica, conformada por empresas y entidades, para la inserci\u00f3n integral y eficiente de las redes inteligentes a la infraestructura del sector el\u00e9ctrico colombiano\",\"publisher\":{\"@id\":\"https:\\\/\\\/colombiainteligente.org\\\/#organization\"},\"potentialAction\":[{\"@type\":\"SearchAction\",\"target\":{\"@type\":\"EntryPoint\",\"urlTemplate\":\"https:\\\/\\\/colombiainteligente.org\\\/?s={search_term_string}\"},\"query-input\":{\"@type\":\"PropertyValueSpecification\",\"valueRequired\":true,\"valueName\":\"search_term_string\"}}],\"inLanguage\":\"es-CO\"},{\"@type\":\"Organization\",\"@id\":\"https:\\\/\\\/colombiainteligente.org\\\/#organization\",\"name\":\"Colombia Inteligente\",\"url\":\"https:\\\/\\\/colombiainteligente.org\\\/\",\"logo\":{\"@type\":\"ImageObject\",\"inLanguage\":\"es-CO\",\"@id\":\"https:\\\/\\\/colombiainteligente.org\\\/#\\\/schema\\\/logo\\\/image\\\/\",\"url\":\"https:\\\/\\\/colombiainteligente.org\\\/wp-content\\\/uploads\\\/2022\\\/07\\\/Image.png\",\"contentUrl\":\"https:\\\/\\\/colombiainteligente.org\\\/wp-content\\\/uploads\\\/2022\\\/07\\\/Image.png\",\"width\":588,\"height\":274,\"caption\":\"Colombia Inteligente\"},\"image\":{\"@id\":\"https:\\\/\\\/colombiainteligente.org\\\/#\\\/schema\\\/logo\\\/image\\\/\"},\"sameAs\":[\"https:\\\/\\\/x.com\\\/colombiaintelig\",\"https:\\\/\\\/www.linkedin.com\\\/company\\\/colombiainteligente\\\/\"]},{\"@type\":\"Person\",\"@id\":\"https:\\\/\\\/colombiainteligente.org\\\/#\\\/schema\\\/person\\\/e207145d548b75a6d339ff1d4d3b0432\",\"name\":\"DIFUSI\u00d3N COLOMBIA INTELIGENTE\",\"image\":{\"@type\":\"ImageObject\",\"inLanguage\":\"es-CO\",\"@id\":\"https:\\\/\\\/secure.gravatar.com\\\/avatar\\\/df2e679ff2abf288cf4bf58830dad897e596908105ec8969f50f748a6d837869?s=96&d=mm&r=g\",\"url\":\"https:\\\/\\\/secure.gravatar.com\\\/avatar\\\/df2e679ff2abf288cf4bf58830dad897e596908105ec8969f50f748a6d837869?s=96&d=mm&r=g\",\"contentUrl\":\"https:\\\/\\\/secure.gravatar.com\\\/avatar\\\/df2e679ff2abf288cf4bf58830dad897e596908105ec8969f50f748a6d837869?s=96&d=mm&r=g\",\"caption\":\"DIFUSI\u00d3N COLOMBIA INTELIGENTE\"},\"url\":\"https:\\\/\\\/colombiainteligente.org\\\/es_co\\\/author\\\/difusioncolombiainteligente-org\\\/\"}]}<\/script>\n<!-- \/ Yoast SEO plugin. -->","yoast_head_json":{"title":"\u00cdndice de pobreza multidimensional para Am\u00e9rica Latina - Colombia Inteligente","robots":{"index":"index","follow":"follow","max-snippet":"max-snippet:-1","max-image-preview":"max-image-preview:large","max-video-preview":"max-video-preview:-1"},"canonical":"https:\/\/colombiainteligente.org\/es_co\/tendencias\/indice-de-pobreza-multidimensional-para-america-latina\/","og_locale":"es_ES","og_type":"article","og_title":"\u00cdndice de pobreza multidimensional para Am\u00e9rica Latina - Colombia Inteligente","og_description":"La comprensi\u00f3n de la pobreza en Am\u00e9rica Latina ha transitado hacia un enfoque multidimensional que incorpora diversas dimensiones del bienestar m\u00e1s all\u00e1 del ingreso, lo que permite captar de manera m\u00e1s precisa las condiciones reales de vida. Desde esta perspectiva, el bienestar se vincula con las capacidades de las personas para desarrollar su vida y ejercer sus derechos, lo que implica considerar factores como educaci\u00f3n, salud, empleo, vivienda y acceso a servicios b\u00e1sicos. En este contexto, la metodolog\u00eda basada en la identificaci\u00f3n y agregaci\u00f3n de privaciones posibilita analizar tanto la incidencia como la intensidad de la pobreza, adem\u00e1s de revelar c\u00f3mo se distribuyen las carencias entre distintos grupos poblacionales. Al mismo tiempo, se evidencia que la pobreza monetaria y la multidimensional no coinciden plenamente, lo que refuerza la necesidad de utilizarlas de forma complementaria para una evaluaci\u00f3n m\u00e1s completa. Los resultados emp\u00edricos muestran diferencias significativas entre pa\u00edses y grupos sociales, as\u00ed como efectos relevantes derivados de shocks externos que impactan dimensiones espec\u00edficas como el empleo o la educaci\u00f3n. De igual forma, persisten rezagos en \u00e1mbitos como la vivienda y el acceso a energ\u00edas limpias, lo que sugiere la necesidad de intervenciones focalizadas. Este enfoque ofrece una base anal\u00edtica m\u00e1s s\u00f3lida para el dise\u00f1o de pol\u00edticas p\u00fablicas orientadas a reducir desigualdades estructurales.","og_url":"https:\/\/colombiainteligente.org\/es_co\/tendencias\/indice-de-pobreza-multidimensional-para-america-latina\/","og_site_name":"Colombia Inteligente","article_published_time":"2026-03-31T17:07:21+00:00","article_modified_time":"2026-03-31T17:22:49+00:00","og_image":[{"width":776,"height":1072,"url":"https:\/\/colombiainteligente.org\/wp-content\/uploads\/2026\/03\/02-Convergencia-4480326.png","type":"image\/png"}],"author":"DIFUSI\u00d3N COLOMBIA INTELIGENTE","twitter_card":"summary_large_image","twitter_creator":"@colombiaintelig","twitter_site":"@colombiaintelig","twitter_misc":{"Escrito por":"DIFUSI\u00d3N COLOMBIA INTELIGENTE","Tiempo estimado de lectura":"3 minutos"},"schema":{"@context":"https:\/\/schema.org","@graph":[{"@type":"Article","@id":"https:\/\/colombiainteligente.org\/tendencias\/indice-de-pobreza-multidimensional-para-america-latina\/#article","isPartOf":{"@id":"https:\/\/colombiainteligente.org\/tendencias\/indice-de-pobreza-multidimensional-para-america-latina\/"},"author":{"name":"DIFUSI\u00d3N COLOMBIA INTELIGENTE","@id":"https:\/\/colombiainteligente.org\/#\/schema\/person\/e207145d548b75a6d339ff1d4d3b0432"},"headline":"\u00cdndice de pobreza multidimensional para Am\u00e9rica Latina","datePublished":"2026-03-31T17:07:21+00:00","dateModified":"2026-03-31T17:22:49+00:00","mainEntityOfPage":{"@id":"https:\/\/colombiainteligente.org\/tendencias\/indice-de-pobreza-multidimensional-para-america-latina\/"},"wordCount":689,"commentCount":0,"publisher":{"@id":"https:\/\/colombiainteligente.org\/#organization"},"image":{"@id":"https:\/\/colombiainteligente.org\/tendencias\/indice-de-pobreza-multidimensional-para-america-latina\/#primaryimage"},"thumbnailUrl":"https:\/\/colombiainteligente.org\/wp-content\/uploads\/2026\/03\/02-Convergencia-4480326.png","articleSection":["Convergencia y Sostenibilidad","Tendencias"],"inLanguage":"es-CO","potentialAction":[{"@type":"CommentAction","name":"Comment","target":["https:\/\/colombiainteligente.org\/tendencias\/indice-de-pobreza-multidimensional-para-america-latina\/#respond"]}]},{"@type":"WebPage","@id":"https:\/\/colombiainteligente.org\/tendencias\/indice-de-pobreza-multidimensional-para-america-latina\/","url":"https:\/\/colombiainteligente.org\/tendencias\/indice-de-pobreza-multidimensional-para-america-latina\/","name":"\u00cdndice de pobreza multidimensional para Am\u00e9rica Latina - Colombia Inteligente","isPartOf":{"@id":"https:\/\/colombiainteligente.org\/#website"},"primaryImageOfPage":{"@id":"https:\/\/colombiainteligente.org\/tendencias\/indice-de-pobreza-multidimensional-para-america-latina\/#primaryimage"},"image":{"@id":"https:\/\/colombiainteligente.org\/tendencias\/indice-de-pobreza-multidimensional-para-america-latina\/#primaryimage"},"thumbnailUrl":"https:\/\/colombiainteligente.org\/wp-content\/uploads\/2026\/03\/02-Convergencia-4480326.png","datePublished":"2026-03-31T17:07:21+00:00","dateModified":"2026-03-31T17:22:49+00:00","breadcrumb":{"@id":"https:\/\/colombiainteligente.org\/tendencias\/indice-de-pobreza-multidimensional-para-america-latina\/#breadcrumb"},"inLanguage":"es-CO","potentialAction":[{"@type":"ReadAction","target":["https:\/\/colombiainteligente.org\/tendencias\/indice-de-pobreza-multidimensional-para-america-latina\/"]}]},{"@type":"ImageObject","inLanguage":"es-CO","@id":"https:\/\/colombiainteligente.org\/tendencias\/indice-de-pobreza-multidimensional-para-america-latina\/#primaryimage","url":"https:\/\/colombiainteligente.org\/wp-content\/uploads\/2026\/03\/02-Convergencia-4480326.png","contentUrl":"https:\/\/colombiainteligente.org\/wp-content\/uploads\/2026\/03\/02-Convergencia-4480326.png","width":776,"height":1072},{"@type":"BreadcrumbList","@id":"https:\/\/colombiainteligente.org\/tendencias\/indice-de-pobreza-multidimensional-para-america-latina\/#breadcrumb","itemListElement":[{"@type":"ListItem","position":1,"name":"Portada","item":"https:\/\/colombiainteligente.org\/"},{"@type":"ListItem","position":2,"name":"\u00cdndice de pobreza multidimensional para Am\u00e9rica Latina"}]},{"@type":"WebSite","@id":"https:\/\/colombiainteligente.org\/#website","url":"https:\/\/colombiainteligente.org\/","name":"Colombia Inteligente","description":"Alianza estrat\u00e9gica, conformada por empresas y entidades, para la inserci\u00f3n integral y eficiente de las redes inteligentes a la infraestructura del sector el\u00e9ctrico colombiano","publisher":{"@id":"https:\/\/colombiainteligente.org\/#organization"},"potentialAction":[{"@type":"SearchAction","target":{"@type":"EntryPoint","urlTemplate":"https:\/\/colombiainteligente.org\/?s={search_term_string}"},"query-input":{"@type":"PropertyValueSpecification","valueRequired":true,"valueName":"search_term_string"}}],"inLanguage":"es-CO"},{"@type":"Organization","@id":"https:\/\/colombiainteligente.org\/#organization","name":"Colombia Inteligente","url":"https:\/\/colombiainteligente.org\/","logo":{"@type":"ImageObject","inLanguage":"es-CO","@id":"https:\/\/colombiainteligente.org\/#\/schema\/logo\/image\/","url":"https:\/\/colombiainteligente.org\/wp-content\/uploads\/2022\/07\/Image.png","contentUrl":"https:\/\/colombiainteligente.org\/wp-content\/uploads\/2022\/07\/Image.png","width":588,"height":274,"caption":"Colombia Inteligente"},"image":{"@id":"https:\/\/colombiainteligente.org\/#\/schema\/logo\/image\/"},"sameAs":["https:\/\/x.com\/colombiaintelig","https:\/\/www.linkedin.com\/company\/colombiainteligente\/"]},{"@type":"Person","@id":"https:\/\/colombiainteligente.org\/#\/schema\/person\/e207145d548b75a6d339ff1d4d3b0432","name":"DIFUSI\u00d3N COLOMBIA INTELIGENTE","image":{"@type":"ImageObject","inLanguage":"es-CO","@id":"https:\/\/secure.gravatar.com\/avatar\/df2e679ff2abf288cf4bf58830dad897e596908105ec8969f50f748a6d837869?s=96&d=mm&r=g","url":"https:\/\/secure.gravatar.com\/avatar\/df2e679ff2abf288cf4bf58830dad897e596908105ec8969f50f748a6d837869?s=96&d=mm&r=g","contentUrl":"https:\/\/secure.gravatar.com\/avatar\/df2e679ff2abf288cf4bf58830dad897e596908105ec8969f50f748a6d837869?s=96&d=mm&r=g","caption":"DIFUSI\u00d3N COLOMBIA INTELIGENTE"},"url":"https:\/\/colombiainteligente.org\/es_co\/author\/difusioncolombiainteligente-org\/"}]}},"_links":{"self":[{"href":"https:\/\/colombiainteligente.org\/es_co\/wp-json\/wp\/v2\/posts\/68529","targetHints":{"allow":["GET"]}}],"collection":[{"href":"https:\/\/colombiainteligente.org\/es_co\/wp-json\/wp\/v2\/posts"}],"about":[{"href":"https:\/\/colombiainteligente.org\/es_co\/wp-json\/wp\/v2\/types\/post"}],"author":[{"embeddable":true,"href":"https:\/\/colombiainteligente.org\/es_co\/wp-json\/wp\/v2\/users\/23"}],"replies":[{"embeddable":true,"href":"https:\/\/colombiainteligente.org\/es_co\/wp-json\/wp\/v2\/comments?post=68529"}],"version-history":[{"count":4,"href":"https:\/\/colombiainteligente.org\/es_co\/wp-json\/wp\/v2\/posts\/68529\/revisions"}],"predecessor-version":[{"id":68534,"href":"https:\/\/colombiainteligente.org\/es_co\/wp-json\/wp\/v2\/posts\/68529\/revisions\/68534"}],"wp:featuredmedia":[{"embeddable":true,"href":"https:\/\/colombiainteligente.org\/es_co\/wp-json\/wp\/v2\/media\/68530"}],"wp:attachment":[{"href":"https:\/\/colombiainteligente.org\/es_co\/wp-json\/wp\/v2\/media?parent=68529"}],"wp:term":[{"taxonomy":"category","embeddable":true,"href":"https:\/\/colombiainteligente.org\/es_co\/wp-json\/wp\/v2\/categories?post=68529"},{"taxonomy":"post_tag","embeddable":true,"href":"https:\/\/colombiainteligente.org\/es_co\/wp-json\/wp\/v2\/tags?post=68529"}],"curies":[{"name":"wp","href":"https:\/\/api.w.org\/{rel}","templated":true}]}}