{"id":68535,"date":"2026-03-31T12:28:28","date_gmt":"2026-03-31T17:28:28","guid":{"rendered":"https:\/\/colombiainteligente.org\/?p=68535"},"modified":"2026-03-31T12:30:23","modified_gmt":"2026-03-31T17:30:23","slug":"desafios-y-oportunidades-de-la-incorporacion-de-la-prospectiva-en-la-funcion-publica-en-america-latina-y-el-caribe","status":"publish","type":"post","link":"https:\/\/colombiainteligente.org\/es_co\/tendencias\/desafios-y-oportunidades-de-la-incorporacion-de-la-prospectiva-en-la-funcion-publica-en-america-latina-y-el-caribe\/","title":{"rendered":"Desaf\u00edos y oportunidades de la incorporaci\u00f3n de la prospectiva en la funci\u00f3n p\u00fablica en Am\u00e9rica Latina y el Caribe"},"content":{"rendered":"<div data-elementor-type=\"wp-post\" data-elementor-id=\"68535\" class=\"elementor elementor-68535\" data-elementor-post-type=\"post\">\n\t\t\t\t\t\t\t\t\t<section class=\"elementor-section elementor-top-section elementor-element elementor-element-87c6aa2 elementor-section-boxed elementor-section-height-default elementor-section-height-default\" data-id=\"87c6aa2\" data-element_type=\"section\">\n\t\t\t\t\t\t<div class=\"elementor-container elementor-column-gap-default\">\n\t\t\t\t\t<div class=\"elementor-column elementor-col-100 elementor-top-column elementor-element elementor-element-558bb819\" data-id=\"558bb819\" data-element_type=\"column\">\n\t\t\t<div class=\"elementor-widget-wrap elementor-element-populated\">\n\t\t\t\t\t\t\t\t<div class=\"elementor-element elementor-element-3067325c elementor-widget elementor-widget-text-editor\" data-id=\"3067325c\" data-element_type=\"widget\" data-widget_type=\"text-editor.default\">\n\t\t\t\t<div class=\"elementor-widget-container\">\n\t\t\t<style>\/*! elementor - v3.14.0 - 26-06-2023 *\/\n.elementor-widget-text-editor.elementor-drop-cap-view-stacked .elementor-drop-cap{background-color:#69727d;color:#fff}.elementor-widget-text-editor.elementor-drop-cap-view-framed .elementor-drop-cap{color:#69727d;border:3px solid;background-color:transparent}.elementor-widget-text-editor:not(.elementor-drop-cap-view-default) .elementor-drop-cap{margin-top:8px}.elementor-widget-text-editor:not(.elementor-drop-cap-view-default) .elementor-drop-cap-letter{width:1em;height:1em}.elementor-widget-text-editor .elementor-drop-cap{float:left;text-align:center;line-height:1;font-size:50px}.elementor-widget-text-editor .elementor-drop-cap-letter{display:inline-block}<\/style>\t\t\t\t<p lang=\"es\" style=\"margin-top: 5pt; margin-bottom: 5pt; font-family: Calibri; font-size: 11.0pt;\">La prospectiva se ha convertido en una herramienta estrat\u00e9gica para Am\u00e9rica Latina y el Caribe, en un contexto marcado por la aceleraci\u00f3n del cambio y la complejidad de los desaf\u00edos sociales, econ\u00f3micos, tecnol\u00f3gicos y ambientales. Su prop\u00f3sito no se limita a la elaboraci\u00f3n de escenarios, sino que busca repensar la relaci\u00f3n de las sociedades con el futuro, promoviendo procesos colectivos de reflexi\u00f3n sobre trayectorias posibles, probables y deseables. De esta manera, la prospectiva se configura como un espacio de construcci\u00f3n social que fortalece instituciones, teje redes y ampl\u00eda m\u00e1rgenes de decisi\u00f3n. Adem\u00e1s, su institucionalizaci\u00f3n implica que la anticipaci\u00f3n deje de ser un ejercicio aislado y se convierta en una funci\u00f3n permanente del Estado, capaz de orientar pol\u00edticas p\u00fablicas resilientes e inclusivas.<\/p><p lang=\"es\" style=\"margin-top: 5pt; margin-bottom: 5pt; font-family: Calibri; font-size: 11.0pt;\">Ahora bien, la institucionalizaci\u00f3n enfrenta retos significativos. Aunque varios pa\u00edses han avanzado con comisiones parlamentarias de futuro, visiones de largo plazo y programas de alfabetizaci\u00f3n, la consulta regional de 2025 muestra que la prospectiva se concentra en niveles centrales de gobierno y en c\u00edrculos acad\u00e9micos, dejando de lado a los gobiernos locales y a las comunidades. Esta concentraci\u00f3n limita su potencial democratizador y genera el riesgo de que se convierta en una pr\u00e1ctica tecnocr\u00e1tica desconectada de las realidades territoriales. Adem\u00e1s, la participaci\u00f3n juvenil es m\u00ednima, lo que plantea un problema de sostenibilidad y relevo generacional. Por ello, resulta necesario construir capacidades m\u00e1s all\u00e1 de oficinas y decretos, fortaleciendo las denominadas capacidades t\u00e9cnicas, operativas, pol\u00edticas y prospectivas (TOPP), y fomentando ecosistemas de aprendizaje que integren actores diversos y garanticen continuidad en el tiempo.<\/p><p lang=\"es\" style=\"margin-top: 5pt; margin-bottom: 5pt; font-family: Calibri; font-size: 11.0pt;\">En este escenario, la prospectiva tambi\u00e9n enfrenta el peligro de ser capturada por \u00e9lites t\u00e9cnicas o por narrativas ex\u00f3genas que no dialogan con las trayectorias locales. El futuro puede ser colonizado por marcos normativos ajenos o monopolizado por expertos que definen horizontes sin procesos amplios de deliberaci\u00f3n social. Para evitarlo, se requiere ampliar la base social e institucional de la prospectiva, incorporando actores subnacionales, territoriales y comunitarios, y garantizando un relevo generacional que permita renovar capacidades en contextos de cambio acelerado. De esta manera, la prospectiva puede consolidarse como una funci\u00f3n legitimada del quehacer p\u00fablico, orientada a la construcci\u00f3n compartida de futuros que respondan a las aspiraciones de las sociedades latinoamericanas y caribe\u00f1as.<\/p><p lang=\"es\" style=\"margin-top: 5pt; margin-bottom: 5pt; font-family: Calibri; font-size: 11.0pt;\">La consulta internacional organizada por el ILPES en 2025 ofrece evidencia emp\u00edrica sobre tendencias y obst\u00e1culos en la regi\u00f3n. Cerca de siete de cada diez participantes se\u00f1alaron que sus instituciones utilizan enfoques prospectivos, lo que refleja un proceso de incorporaci\u00f3n progresiva. Sin embargo, persisten barreras relacionadas con la falta de capacitaci\u00f3n, la escasa articulaci\u00f3n territorial y la d\u00e9bil institucionalizaci\u00f3n en gobiernos locales. Superar estas limitaciones exige avanzar hacia una gobernanza anticipatoria m\u00e1s inclusiva, capaz de integrar la prospectiva en los ciclos de pol\u00edtica p\u00fablica y de vincularla con la planificaci\u00f3n estrat\u00e9gica. As\u00ed, la prospectiva se convierte en un instrumento para enfrentar trampas estructurales como el bajo crecimiento econ\u00f3mico, las desigualdades sociales y la limitada capacidad institucional, contribuyendo a construir pol\u00edticas m\u00e1s sostenibles y resilientes. Siendo as\u00ed, la regi\u00f3n tiene ante s\u00ed la oportunidad de transformar la prospectiva en una pr\u00e1ctica colectiva y permanente, que no solo anticipe el futuro, sino que lo construya de manera participativa y situada, fortaleciendo la confianza ciudadana y ampliando las posibilidades de desarrollo.<\/p><p style=\"text-align: justify;\"><span style=\"color: #800000;\"><b>Para leer m\u00e1s ingrese a:<\/b><\/span><\/p><p style=\"margin: 0in; font-family: Calibri; font-size: 11.0pt;\"><a href=\"https:\/\/www.cepal.org\/es\/publicaciones\/85977-desafios-oportunidades-la-incorporacion-la-prospectiva-la-funcion-publica\"><span lang=\"es\">https:\/\/www.cepal.org\/es\/publicaciones\/85977-desafios-oportunidades-la-incorporacion-la-prospectiva-la-funcion-publica <\/span><\/a><\/p><p style=\"margin: 0in; font-family: Calibri; font-size: 11.0pt;\"><a href=\"https:\/\/repositorio.cepal.org\/server\/api\/core\/bitstreams\/1f881a77-e43a-4b7d-aef6-fa2dd77b4e43\/content\"><span lang=\"es\">https:\/\/repositorio.cepal.org\/server\/api\/core\/bitstreams\/1f881a77-e43a-4b7d-aef6-fa2dd77b4e43\/content <\/span><\/a><\/p>\t\t\t\t\t\t<\/div>\n\t\t\t\t<\/div>\n\t\t\t\t\t<\/div>\n\t\t<\/div>\n\t\t\t\t\t\t\t<\/div>\n\t\t<\/section>\n\t\t\t\t\t\t\t<\/div>\n\t\t<div style=\"text-align:center\" class=\"yasr-auto-insert-visitor\"><\/div>","protected":false},"excerpt":{"rendered":"<p>La prospectiva se presenta como un enfoque estrat\u00e9gico para anticipar y gestionar transformaciones en Am\u00e9rica Latina y el Caribe, en un contexto de cambio acelerado y desaf\u00edos complejos. Su prop\u00f3sito es repensar la relaci\u00f3n de las sociedades con el futuro, promoviendo procesos colectivos de reflexi\u00f3n sobre trayectorias posibles y deseables. La institucionalizaci\u00f3n de la prospectiva implica integrarla de manera sistem\u00e1tica en la arquitectura gubernamental, superando aplicaciones ocasionales y convirti\u00e9ndola en una funci\u00f3n permanente del Estado. Sin embargo, la consulta regional de 2025 evidencia que su incorporaci\u00f3n se concentra en niveles centrales de gobierno y en c\u00edrculos acad\u00e9micos, con escasa presencia en gobiernos locales y m\u00ednima participaci\u00f3n juvenil, lo que limita su potencial democratizador y sostenibilidad. Adem\u00e1s, existe el riesgo de que el futuro sea capturado por \u00e9lites t\u00e9cnicas o narrativas ex\u00f3genas, lo que subraya la necesidad de ampliar la base social e institucional de la prospectiva. Para avanzar, se requiere fortalecer capacidades t\u00e9cnicas, operativas, pol\u00edticas y prospectivas, fomentar ecosistemas de aprendizaje y garantizar un relevo generacional. De esta manera, la prospectiva puede consolidarse como una herramienta colectiva de deliberaci\u00f3n y acci\u00f3n, orientada a superar trampas estructurales como el bajo crecimiento, las desigualdades y la limitada capacidad institucional, contribuyendo a construir pol\u00edticas p\u00fablicas m\u00e1s resilientes, inclusivas y sostenibles. <\/p>","protected":false},"author":23,"featured_media":68536,"comment_status":"open","ping_status":"open","sticky":false,"template":"","format":"standard","meta":{"yasr_overall_rating":0,"yasr_post_is_review":"","yasr_auto_insert_disabled":"","yasr_review_type":"","footnotes":""},"categories":[56,53],"tags":[],"class_list":["post-68535","post","type-post","status-publish","format-standard","has-post-thumbnail","hentry","category-convergencia-y-sostenibilidad","category-tendencias"],"yasr_visitor_votes":{"number_of_votes":0,"sum_votes":0,"stars_attributes":{"read_only":false,"span_bottom":false}},"yoast_head":"<!-- This site is optimized with the Yoast SEO plugin v27.3 - https:\/\/yoast.com\/product\/yoast-seo-wordpress\/ -->\n<title>Desaf\u00edos y oportunidades de la incorporaci\u00f3n de la prospectiva en la funci\u00f3n p\u00fablica en Am\u00e9rica Latina y el Caribe - Colombia Inteligente<\/title>\n<meta name=\"robots\" content=\"index, follow, max-snippet:-1, max-image-preview:large, max-video-preview:-1\" \/>\n<link rel=\"canonical\" href=\"https:\/\/colombiainteligente.org\/es_co\/tendencias\/desafios-y-oportunidades-de-la-incorporacion-de-la-prospectiva-en-la-funcion-publica-en-america-latina-y-el-caribe\/\" \/>\n<meta property=\"og:locale\" content=\"es_ES\" \/>\n<meta property=\"og:type\" content=\"article\" \/>\n<meta property=\"og:title\" content=\"Desaf\u00edos y oportunidades de la incorporaci\u00f3n de la prospectiva en la funci\u00f3n p\u00fablica en Am\u00e9rica Latina y el Caribe - Colombia Inteligente\" \/>\n<meta property=\"og:description\" content=\"La prospectiva se presenta como un enfoque estrat\u00e9gico para anticipar y gestionar transformaciones en Am\u00e9rica Latina y el Caribe, en un contexto de cambio acelerado y desaf\u00edos complejos. Su prop\u00f3sito es repensar la relaci\u00f3n de las sociedades con el futuro, promoviendo procesos colectivos de reflexi\u00f3n sobre trayectorias posibles y deseables. La institucionalizaci\u00f3n de la prospectiva implica integrarla de manera sistem\u00e1tica en la arquitectura gubernamental, superando aplicaciones ocasionales y convirti\u00e9ndola en una funci\u00f3n permanente del Estado. Sin embargo, la consulta regional de 2025 evidencia que su incorporaci\u00f3n se concentra en niveles centrales de gobierno y en c\u00edrculos acad\u00e9micos, con escasa presencia en gobiernos locales y m\u00ednima participaci\u00f3n juvenil, lo que limita su potencial democratizador y sostenibilidad. Adem\u00e1s, existe el riesgo de que el futuro sea capturado por \u00e9lites t\u00e9cnicas o narrativas ex\u00f3genas, lo que subraya la necesidad de ampliar la base social e institucional de la prospectiva. Para avanzar, se requiere fortalecer capacidades t\u00e9cnicas, operativas, pol\u00edticas y prospectivas, fomentar ecosistemas de aprendizaje y garantizar un relevo generacional. De esta manera, la prospectiva puede consolidarse como una herramienta colectiva de deliberaci\u00f3n y acci\u00f3n, orientada a superar trampas estructurales como el bajo crecimiento, las desigualdades y la limitada capacidad institucional, contribuyendo a construir pol\u00edticas p\u00fablicas m\u00e1s resilientes, inclusivas y sostenibles.\" \/>\n<meta property=\"og:url\" content=\"https:\/\/colombiainteligente.org\/es_co\/tendencias\/desafios-y-oportunidades-de-la-incorporacion-de-la-prospectiva-en-la-funcion-publica-en-america-latina-y-el-caribe\/\" \/>\n<meta property=\"og:site_name\" content=\"Colombia Inteligente\" \/>\n<meta property=\"article:published_time\" content=\"2026-03-31T17:28:28+00:00\" \/>\n<meta property=\"article:modified_time\" content=\"2026-03-31T17:30:23+00:00\" \/>\n<meta property=\"og:image\" content=\"https:\/\/colombiainteligente.org\/wp-content\/uploads\/2026\/03\/03-Convergencia-4480326.png\" \/>\n\t<meta property=\"og:image:width\" content=\"689\" \/>\n\t<meta property=\"og:image:height\" content=\"888\" \/>\n\t<meta property=\"og:image:type\" content=\"image\/png\" \/>\n<meta name=\"author\" content=\"DIFUSI\u00d3N COLOMBIA INTELIGENTE\" \/>\n<meta name=\"twitter:card\" content=\"summary_large_image\" \/>\n<meta name=\"twitter:creator\" content=\"@colombiaintelig\" \/>\n<meta name=\"twitter:site\" content=\"@colombiaintelig\" \/>\n<meta name=\"twitter:label1\" content=\"Escrito por\" \/>\n\t<meta name=\"twitter:data1\" content=\"DIFUSI\u00d3N COLOMBIA INTELIGENTE\" \/>\n\t<meta name=\"twitter:label2\" content=\"Tiempo estimado de lectura\" \/>\n\t<meta name=\"twitter:data2\" content=\"3 minutos\" \/>\n<script type=\"application\/ld+json\" class=\"yoast-schema-graph\">{\"@context\":\"https:\\\/\\\/schema.org\",\"@graph\":[{\"@type\":\"Article\",\"@id\":\"https:\\\/\\\/colombiainteligente.org\\\/tendencias\\\/desafios-y-oportunidades-de-la-incorporacion-de-la-prospectiva-en-la-funcion-publica-en-america-latina-y-el-caribe\\\/#article\",\"isPartOf\":{\"@id\":\"https:\\\/\\\/colombiainteligente.org\\\/tendencias\\\/desafios-y-oportunidades-de-la-incorporacion-de-la-prospectiva-en-la-funcion-publica-en-america-latina-y-el-caribe\\\/\"},\"author\":{\"name\":\"DIFUSI\u00d3N COLOMBIA INTELIGENTE\",\"@id\":\"https:\\\/\\\/colombiainteligente.org\\\/#\\\/schema\\\/person\\\/e207145d548b75a6d339ff1d4d3b0432\"},\"headline\":\"Desaf\u00edos y oportunidades de la incorporaci\u00f3n de la prospectiva en la funci\u00f3n p\u00fablica en Am\u00e9rica Latina y el Caribe\",\"datePublished\":\"2026-03-31T17:28:28+00:00\",\"dateModified\":\"2026-03-31T17:30:23+00:00\",\"mainEntityOfPage\":{\"@id\":\"https:\\\/\\\/colombiainteligente.org\\\/tendencias\\\/desafios-y-oportunidades-de-la-incorporacion-de-la-prospectiva-en-la-funcion-publica-en-america-latina-y-el-caribe\\\/\"},\"wordCount\":649,\"commentCount\":0,\"publisher\":{\"@id\":\"https:\\\/\\\/colombiainteligente.org\\\/#organization\"},\"image\":{\"@id\":\"https:\\\/\\\/colombiainteligente.org\\\/tendencias\\\/desafios-y-oportunidades-de-la-incorporacion-de-la-prospectiva-en-la-funcion-publica-en-america-latina-y-el-caribe\\\/#primaryimage\"},\"thumbnailUrl\":\"https:\\\/\\\/colombiainteligente.org\\\/wp-content\\\/uploads\\\/2026\\\/03\\\/03-Convergencia-4480326.png\",\"articleSection\":[\"Convergencia y Sostenibilidad\",\"Tendencias\"],\"inLanguage\":\"es-CO\",\"potentialAction\":[{\"@type\":\"CommentAction\",\"name\":\"Comment\",\"target\":[\"https:\\\/\\\/colombiainteligente.org\\\/tendencias\\\/desafios-y-oportunidades-de-la-incorporacion-de-la-prospectiva-en-la-funcion-publica-en-america-latina-y-el-caribe\\\/#respond\"]}]},{\"@type\":\"WebPage\",\"@id\":\"https:\\\/\\\/colombiainteligente.org\\\/tendencias\\\/desafios-y-oportunidades-de-la-incorporacion-de-la-prospectiva-en-la-funcion-publica-en-america-latina-y-el-caribe\\\/\",\"url\":\"https:\\\/\\\/colombiainteligente.org\\\/tendencias\\\/desafios-y-oportunidades-de-la-incorporacion-de-la-prospectiva-en-la-funcion-publica-en-america-latina-y-el-caribe\\\/\",\"name\":\"Desaf\u00edos y oportunidades de la incorporaci\u00f3n de la prospectiva en la funci\u00f3n p\u00fablica en Am\u00e9rica Latina y el Caribe - Colombia Inteligente\",\"isPartOf\":{\"@id\":\"https:\\\/\\\/colombiainteligente.org\\\/#website\"},\"primaryImageOfPage\":{\"@id\":\"https:\\\/\\\/colombiainteligente.org\\\/tendencias\\\/desafios-y-oportunidades-de-la-incorporacion-de-la-prospectiva-en-la-funcion-publica-en-america-latina-y-el-caribe\\\/#primaryimage\"},\"image\":{\"@id\":\"https:\\\/\\\/colombiainteligente.org\\\/tendencias\\\/desafios-y-oportunidades-de-la-incorporacion-de-la-prospectiva-en-la-funcion-publica-en-america-latina-y-el-caribe\\\/#primaryimage\"},\"thumbnailUrl\":\"https:\\\/\\\/colombiainteligente.org\\\/wp-content\\\/uploads\\\/2026\\\/03\\\/03-Convergencia-4480326.png\",\"datePublished\":\"2026-03-31T17:28:28+00:00\",\"dateModified\":\"2026-03-31T17:30:23+00:00\",\"breadcrumb\":{\"@id\":\"https:\\\/\\\/colombiainteligente.org\\\/tendencias\\\/desafios-y-oportunidades-de-la-incorporacion-de-la-prospectiva-en-la-funcion-publica-en-america-latina-y-el-caribe\\\/#breadcrumb\"},\"inLanguage\":\"es-CO\",\"potentialAction\":[{\"@type\":\"ReadAction\",\"target\":[\"https:\\\/\\\/colombiainteligente.org\\\/tendencias\\\/desafios-y-oportunidades-de-la-incorporacion-de-la-prospectiva-en-la-funcion-publica-en-america-latina-y-el-caribe\\\/\"]}]},{\"@type\":\"ImageObject\",\"inLanguage\":\"es-CO\",\"@id\":\"https:\\\/\\\/colombiainteligente.org\\\/tendencias\\\/desafios-y-oportunidades-de-la-incorporacion-de-la-prospectiva-en-la-funcion-publica-en-america-latina-y-el-caribe\\\/#primaryimage\",\"url\":\"https:\\\/\\\/colombiainteligente.org\\\/wp-content\\\/uploads\\\/2026\\\/03\\\/03-Convergencia-4480326.png\",\"contentUrl\":\"https:\\\/\\\/colombiainteligente.org\\\/wp-content\\\/uploads\\\/2026\\\/03\\\/03-Convergencia-4480326.png\",\"width\":689,\"height\":888},{\"@type\":\"BreadcrumbList\",\"@id\":\"https:\\\/\\\/colombiainteligente.org\\\/tendencias\\\/desafios-y-oportunidades-de-la-incorporacion-de-la-prospectiva-en-la-funcion-publica-en-america-latina-y-el-caribe\\\/#breadcrumb\",\"itemListElement\":[{\"@type\":\"ListItem\",\"position\":1,\"name\":\"Portada\",\"item\":\"https:\\\/\\\/colombiainteligente.org\\\/\"},{\"@type\":\"ListItem\",\"position\":2,\"name\":\"Desaf\u00edos y oportunidades de la incorporaci\u00f3n de la prospectiva en la funci\u00f3n p\u00fablica en Am\u00e9rica Latina y el Caribe\"}]},{\"@type\":\"WebSite\",\"@id\":\"https:\\\/\\\/colombiainteligente.org\\\/#website\",\"url\":\"https:\\\/\\\/colombiainteligente.org\\\/\",\"name\":\"Colombia Inteligente\",\"description\":\"Alianza estrat\u00e9gica, conformada por empresas y entidades, para la inserci\u00f3n integral y eficiente de las redes inteligentes a la infraestructura del sector el\u00e9ctrico colombiano\",\"publisher\":{\"@id\":\"https:\\\/\\\/colombiainteligente.org\\\/#organization\"},\"potentialAction\":[{\"@type\":\"SearchAction\",\"target\":{\"@type\":\"EntryPoint\",\"urlTemplate\":\"https:\\\/\\\/colombiainteligente.org\\\/?s={search_term_string}\"},\"query-input\":{\"@type\":\"PropertyValueSpecification\",\"valueRequired\":true,\"valueName\":\"search_term_string\"}}],\"inLanguage\":\"es-CO\"},{\"@type\":\"Organization\",\"@id\":\"https:\\\/\\\/colombiainteligente.org\\\/#organization\",\"name\":\"Colombia Inteligente\",\"url\":\"https:\\\/\\\/colombiainteligente.org\\\/\",\"logo\":{\"@type\":\"ImageObject\",\"inLanguage\":\"es-CO\",\"@id\":\"https:\\\/\\\/colombiainteligente.org\\\/#\\\/schema\\\/logo\\\/image\\\/\",\"url\":\"https:\\\/\\\/colombiainteligente.org\\\/wp-content\\\/uploads\\\/2022\\\/07\\\/Image.png\",\"contentUrl\":\"https:\\\/\\\/colombiainteligente.org\\\/wp-content\\\/uploads\\\/2022\\\/07\\\/Image.png\",\"width\":588,\"height\":274,\"caption\":\"Colombia Inteligente\"},\"image\":{\"@id\":\"https:\\\/\\\/colombiainteligente.org\\\/#\\\/schema\\\/logo\\\/image\\\/\"},\"sameAs\":[\"https:\\\/\\\/x.com\\\/colombiaintelig\",\"https:\\\/\\\/www.linkedin.com\\\/company\\\/colombiainteligente\\\/\"]},{\"@type\":\"Person\",\"@id\":\"https:\\\/\\\/colombiainteligente.org\\\/#\\\/schema\\\/person\\\/e207145d548b75a6d339ff1d4d3b0432\",\"name\":\"DIFUSI\u00d3N COLOMBIA INTELIGENTE\",\"image\":{\"@type\":\"ImageObject\",\"inLanguage\":\"es-CO\",\"@id\":\"https:\\\/\\\/secure.gravatar.com\\\/avatar\\\/df2e679ff2abf288cf4bf58830dad897e596908105ec8969f50f748a6d837869?s=96&d=mm&r=g\",\"url\":\"https:\\\/\\\/secure.gravatar.com\\\/avatar\\\/df2e679ff2abf288cf4bf58830dad897e596908105ec8969f50f748a6d837869?s=96&d=mm&r=g\",\"contentUrl\":\"https:\\\/\\\/secure.gravatar.com\\\/avatar\\\/df2e679ff2abf288cf4bf58830dad897e596908105ec8969f50f748a6d837869?s=96&d=mm&r=g\",\"caption\":\"DIFUSI\u00d3N COLOMBIA INTELIGENTE\"},\"url\":\"https:\\\/\\\/colombiainteligente.org\\\/es_co\\\/author\\\/difusioncolombiainteligente-org\\\/\"}]}<\/script>\n<!-- \/ Yoast SEO plugin. -->","yoast_head_json":{"title":"Desaf\u00edos y oportunidades de la incorporaci\u00f3n de la prospectiva en la funci\u00f3n p\u00fablica en Am\u00e9rica Latina y el Caribe - Colombia Inteligente","robots":{"index":"index","follow":"follow","max-snippet":"max-snippet:-1","max-image-preview":"max-image-preview:large","max-video-preview":"max-video-preview:-1"},"canonical":"https:\/\/colombiainteligente.org\/es_co\/tendencias\/desafios-y-oportunidades-de-la-incorporacion-de-la-prospectiva-en-la-funcion-publica-en-america-latina-y-el-caribe\/","og_locale":"es_ES","og_type":"article","og_title":"Desaf\u00edos y oportunidades de la incorporaci\u00f3n de la prospectiva en la funci\u00f3n p\u00fablica en Am\u00e9rica Latina y el Caribe - Colombia Inteligente","og_description":"La prospectiva se presenta como un enfoque estrat\u00e9gico para anticipar y gestionar transformaciones en Am\u00e9rica Latina y el Caribe, en un contexto de cambio acelerado y desaf\u00edos complejos. Su prop\u00f3sito es repensar la relaci\u00f3n de las sociedades con el futuro, promoviendo procesos colectivos de reflexi\u00f3n sobre trayectorias posibles y deseables. La institucionalizaci\u00f3n de la prospectiva implica integrarla de manera sistem\u00e1tica en la arquitectura gubernamental, superando aplicaciones ocasionales y convirti\u00e9ndola en una funci\u00f3n permanente del Estado. Sin embargo, la consulta regional de 2025 evidencia que su incorporaci\u00f3n se concentra en niveles centrales de gobierno y en c\u00edrculos acad\u00e9micos, con escasa presencia en gobiernos locales y m\u00ednima participaci\u00f3n juvenil, lo que limita su potencial democratizador y sostenibilidad. Adem\u00e1s, existe el riesgo de que el futuro sea capturado por \u00e9lites t\u00e9cnicas o narrativas ex\u00f3genas, lo que subraya la necesidad de ampliar la base social e institucional de la prospectiva. Para avanzar, se requiere fortalecer capacidades t\u00e9cnicas, operativas, pol\u00edticas y prospectivas, fomentar ecosistemas de aprendizaje y garantizar un relevo generacional. De esta manera, la prospectiva puede consolidarse como una herramienta colectiva de deliberaci\u00f3n y acci\u00f3n, orientada a superar trampas estructurales como el bajo crecimiento, las desigualdades y la limitada capacidad institucional, contribuyendo a construir pol\u00edticas p\u00fablicas m\u00e1s resilientes, inclusivas y sostenibles.","og_url":"https:\/\/colombiainteligente.org\/es_co\/tendencias\/desafios-y-oportunidades-de-la-incorporacion-de-la-prospectiva-en-la-funcion-publica-en-america-latina-y-el-caribe\/","og_site_name":"Colombia Inteligente","article_published_time":"2026-03-31T17:28:28+00:00","article_modified_time":"2026-03-31T17:30:23+00:00","og_image":[{"width":689,"height":888,"url":"https:\/\/colombiainteligente.org\/wp-content\/uploads\/2026\/03\/03-Convergencia-4480326.png","type":"image\/png"}],"author":"DIFUSI\u00d3N COLOMBIA INTELIGENTE","twitter_card":"summary_large_image","twitter_creator":"@colombiaintelig","twitter_site":"@colombiaintelig","twitter_misc":{"Escrito por":"DIFUSI\u00d3N COLOMBIA INTELIGENTE","Tiempo estimado de lectura":"3 minutos"},"schema":{"@context":"https:\/\/schema.org","@graph":[{"@type":"Article","@id":"https:\/\/colombiainteligente.org\/tendencias\/desafios-y-oportunidades-de-la-incorporacion-de-la-prospectiva-en-la-funcion-publica-en-america-latina-y-el-caribe\/#article","isPartOf":{"@id":"https:\/\/colombiainteligente.org\/tendencias\/desafios-y-oportunidades-de-la-incorporacion-de-la-prospectiva-en-la-funcion-publica-en-america-latina-y-el-caribe\/"},"author":{"name":"DIFUSI\u00d3N COLOMBIA INTELIGENTE","@id":"https:\/\/colombiainteligente.org\/#\/schema\/person\/e207145d548b75a6d339ff1d4d3b0432"},"headline":"Desaf\u00edos y oportunidades de la incorporaci\u00f3n de la prospectiva en la funci\u00f3n p\u00fablica en Am\u00e9rica Latina y el Caribe","datePublished":"2026-03-31T17:28:28+00:00","dateModified":"2026-03-31T17:30:23+00:00","mainEntityOfPage":{"@id":"https:\/\/colombiainteligente.org\/tendencias\/desafios-y-oportunidades-de-la-incorporacion-de-la-prospectiva-en-la-funcion-publica-en-america-latina-y-el-caribe\/"},"wordCount":649,"commentCount":0,"publisher":{"@id":"https:\/\/colombiainteligente.org\/#organization"},"image":{"@id":"https:\/\/colombiainteligente.org\/tendencias\/desafios-y-oportunidades-de-la-incorporacion-de-la-prospectiva-en-la-funcion-publica-en-america-latina-y-el-caribe\/#primaryimage"},"thumbnailUrl":"https:\/\/colombiainteligente.org\/wp-content\/uploads\/2026\/03\/03-Convergencia-4480326.png","articleSection":["Convergencia y Sostenibilidad","Tendencias"],"inLanguage":"es-CO","potentialAction":[{"@type":"CommentAction","name":"Comment","target":["https:\/\/colombiainteligente.org\/tendencias\/desafios-y-oportunidades-de-la-incorporacion-de-la-prospectiva-en-la-funcion-publica-en-america-latina-y-el-caribe\/#respond"]}]},{"@type":"WebPage","@id":"https:\/\/colombiainteligente.org\/tendencias\/desafios-y-oportunidades-de-la-incorporacion-de-la-prospectiva-en-la-funcion-publica-en-america-latina-y-el-caribe\/","url":"https:\/\/colombiainteligente.org\/tendencias\/desafios-y-oportunidades-de-la-incorporacion-de-la-prospectiva-en-la-funcion-publica-en-america-latina-y-el-caribe\/","name":"Desaf\u00edos y oportunidades de la incorporaci\u00f3n de la prospectiva en la funci\u00f3n p\u00fablica en Am\u00e9rica Latina y el Caribe - Colombia Inteligente","isPartOf":{"@id":"https:\/\/colombiainteligente.org\/#website"},"primaryImageOfPage":{"@id":"https:\/\/colombiainteligente.org\/tendencias\/desafios-y-oportunidades-de-la-incorporacion-de-la-prospectiva-en-la-funcion-publica-en-america-latina-y-el-caribe\/#primaryimage"},"image":{"@id":"https:\/\/colombiainteligente.org\/tendencias\/desafios-y-oportunidades-de-la-incorporacion-de-la-prospectiva-en-la-funcion-publica-en-america-latina-y-el-caribe\/#primaryimage"},"thumbnailUrl":"https:\/\/colombiainteligente.org\/wp-content\/uploads\/2026\/03\/03-Convergencia-4480326.png","datePublished":"2026-03-31T17:28:28+00:00","dateModified":"2026-03-31T17:30:23+00:00","breadcrumb":{"@id":"https:\/\/colombiainteligente.org\/tendencias\/desafios-y-oportunidades-de-la-incorporacion-de-la-prospectiva-en-la-funcion-publica-en-america-latina-y-el-caribe\/#breadcrumb"},"inLanguage":"es-CO","potentialAction":[{"@type":"ReadAction","target":["https:\/\/colombiainteligente.org\/tendencias\/desafios-y-oportunidades-de-la-incorporacion-de-la-prospectiva-en-la-funcion-publica-en-america-latina-y-el-caribe\/"]}]},{"@type":"ImageObject","inLanguage":"es-CO","@id":"https:\/\/colombiainteligente.org\/tendencias\/desafios-y-oportunidades-de-la-incorporacion-de-la-prospectiva-en-la-funcion-publica-en-america-latina-y-el-caribe\/#primaryimage","url":"https:\/\/colombiainteligente.org\/wp-content\/uploads\/2026\/03\/03-Convergencia-4480326.png","contentUrl":"https:\/\/colombiainteligente.org\/wp-content\/uploads\/2026\/03\/03-Convergencia-4480326.png","width":689,"height":888},{"@type":"BreadcrumbList","@id":"https:\/\/colombiainteligente.org\/tendencias\/desafios-y-oportunidades-de-la-incorporacion-de-la-prospectiva-en-la-funcion-publica-en-america-latina-y-el-caribe\/#breadcrumb","itemListElement":[{"@type":"ListItem","position":1,"name":"Portada","item":"https:\/\/colombiainteligente.org\/"},{"@type":"ListItem","position":2,"name":"Desaf\u00edos y oportunidades de la incorporaci\u00f3n de la prospectiva en la funci\u00f3n p\u00fablica en Am\u00e9rica Latina y el Caribe"}]},{"@type":"WebSite","@id":"https:\/\/colombiainteligente.org\/#website","url":"https:\/\/colombiainteligente.org\/","name":"Colombia Inteligente","description":"Alianza estrat\u00e9gica, conformada por empresas y entidades, para la inserci\u00f3n integral y eficiente de las redes inteligentes a la infraestructura del sector el\u00e9ctrico colombiano","publisher":{"@id":"https:\/\/colombiainteligente.org\/#organization"},"potentialAction":[{"@type":"SearchAction","target":{"@type":"EntryPoint","urlTemplate":"https:\/\/colombiainteligente.org\/?s={search_term_string}"},"query-input":{"@type":"PropertyValueSpecification","valueRequired":true,"valueName":"search_term_string"}}],"inLanguage":"es-CO"},{"@type":"Organization","@id":"https:\/\/colombiainteligente.org\/#organization","name":"Colombia Inteligente","url":"https:\/\/colombiainteligente.org\/","logo":{"@type":"ImageObject","inLanguage":"es-CO","@id":"https:\/\/colombiainteligente.org\/#\/schema\/logo\/image\/","url":"https:\/\/colombiainteligente.org\/wp-content\/uploads\/2022\/07\/Image.png","contentUrl":"https:\/\/colombiainteligente.org\/wp-content\/uploads\/2022\/07\/Image.png","width":588,"height":274,"caption":"Colombia Inteligente"},"image":{"@id":"https:\/\/colombiainteligente.org\/#\/schema\/logo\/image\/"},"sameAs":["https:\/\/x.com\/colombiaintelig","https:\/\/www.linkedin.com\/company\/colombiainteligente\/"]},{"@type":"Person","@id":"https:\/\/colombiainteligente.org\/#\/schema\/person\/e207145d548b75a6d339ff1d4d3b0432","name":"DIFUSI\u00d3N COLOMBIA INTELIGENTE","image":{"@type":"ImageObject","inLanguage":"es-CO","@id":"https:\/\/secure.gravatar.com\/avatar\/df2e679ff2abf288cf4bf58830dad897e596908105ec8969f50f748a6d837869?s=96&d=mm&r=g","url":"https:\/\/secure.gravatar.com\/avatar\/df2e679ff2abf288cf4bf58830dad897e596908105ec8969f50f748a6d837869?s=96&d=mm&r=g","contentUrl":"https:\/\/secure.gravatar.com\/avatar\/df2e679ff2abf288cf4bf58830dad897e596908105ec8969f50f748a6d837869?s=96&d=mm&r=g","caption":"DIFUSI\u00d3N COLOMBIA INTELIGENTE"},"url":"https:\/\/colombiainteligente.org\/es_co\/author\/difusioncolombiainteligente-org\/"}]}},"_links":{"self":[{"href":"https:\/\/colombiainteligente.org\/es_co\/wp-json\/wp\/v2\/posts\/68535","targetHints":{"allow":["GET"]}}],"collection":[{"href":"https:\/\/colombiainteligente.org\/es_co\/wp-json\/wp\/v2\/posts"}],"about":[{"href":"https:\/\/colombiainteligente.org\/es_co\/wp-json\/wp\/v2\/types\/post"}],"author":[{"embeddable":true,"href":"https:\/\/colombiainteligente.org\/es_co\/wp-json\/wp\/v2\/users\/23"}],"replies":[{"embeddable":true,"href":"https:\/\/colombiainteligente.org\/es_co\/wp-json\/wp\/v2\/comments?post=68535"}],"version-history":[{"count":7,"href":"https:\/\/colombiainteligente.org\/es_co\/wp-json\/wp\/v2\/posts\/68535\/revisions"}],"predecessor-version":[{"id":68543,"href":"https:\/\/colombiainteligente.org\/es_co\/wp-json\/wp\/v2\/posts\/68535\/revisions\/68543"}],"wp:featuredmedia":[{"embeddable":true,"href":"https:\/\/colombiainteligente.org\/es_co\/wp-json\/wp\/v2\/media\/68536"}],"wp:attachment":[{"href":"https:\/\/colombiainteligente.org\/es_co\/wp-json\/wp\/v2\/media?parent=68535"}],"wp:term":[{"taxonomy":"category","embeddable":true,"href":"https:\/\/colombiainteligente.org\/es_co\/wp-json\/wp\/v2\/categories?post=68535"},{"taxonomy":"post_tag","embeddable":true,"href":"https:\/\/colombiainteligente.org\/es_co\/wp-json\/wp\/v2\/tags?post=68535"}],"curies":[{"name":"wp","href":"https:\/\/api.w.org\/{rel}","templated":true}]}}