{"id":68569,"date":"2026-03-31T12:52:28","date_gmt":"2026-03-31T17:52:28","guid":{"rendered":"https:\/\/colombiainteligente.org\/?p=68569"},"modified":"2026-04-08T10:57:52","modified_gmt":"2026-04-08T15:57:52","slug":"pathways-to-zero-emission-freight-infrastructure-needs-for-regional-and-long-haul-trucking","status":"publish","type":"post","link":"https:\/\/colombiainteligente.org\/es_co\/tendencias\/pathways-to-zero-emission-freight-infrastructure-needs-for-regional-and-long-haul-trucking\/","title":{"rendered":"Pathways to Zero-Emission Freight: Infrastructure Needs for Regional and Long-Haul Trucking"},"content":{"rendered":"<div data-elementor-type=\"wp-post\" data-elementor-id=\"68569\" class=\"elementor elementor-68569\" data-elementor-post-type=\"post\">\n\t\t\t\t\t\t\t\t\t<section class=\"elementor-section elementor-top-section elementor-element elementor-element-87c6aa2 elementor-section-boxed elementor-section-height-default elementor-section-height-default\" data-id=\"87c6aa2\" data-element_type=\"section\">\n\t\t\t\t\t\t<div class=\"elementor-container elementor-column-gap-default\">\n\t\t\t\t\t<div class=\"elementor-column elementor-col-100 elementor-top-column elementor-element elementor-element-558bb819\" data-id=\"558bb819\" data-element_type=\"column\">\n\t\t\t<div class=\"elementor-widget-wrap elementor-element-populated\">\n\t\t\t\t\t\t\t\t<div class=\"elementor-element elementor-element-3067325c elementor-widget elementor-widget-text-editor\" data-id=\"3067325c\" data-element_type=\"widget\" data-widget_type=\"text-editor.default\">\n\t\t\t\t<div class=\"elementor-widget-container\">\n\t\t\t<style>\/*! elementor - v3.14.0 - 26-06-2023 *\/\n.elementor-widget-text-editor.elementor-drop-cap-view-stacked .elementor-drop-cap{background-color:#69727d;color:#fff}.elementor-widget-text-editor.elementor-drop-cap-view-framed .elementor-drop-cap{color:#69727d;border:3px solid;background-color:transparent}.elementor-widget-text-editor:not(.elementor-drop-cap-view-default) .elementor-drop-cap{margin-top:8px}.elementor-widget-text-editor:not(.elementor-drop-cap-view-default) .elementor-drop-cap-letter{width:1em;height:1em}.elementor-widget-text-editor .elementor-drop-cap{float:left;text-align:center;line-height:1;font-size:50px}.elementor-widget-text-editor .elementor-drop-cap-letter{display:inline-block}<\/style>\t\t\t\t<p lang=\"es\" style=\"margin-top: 5pt; margin-bottom: 5pt; font-family: Calibri; font-size: 11.0pt;\">La transformaci\u00f3n del transporte pesado hacia las cero emisiones requiere un entendimiento estrat\u00e9gico de las divergencias tecnol\u00f3gicas entre los veh\u00edculos de bater\u00eda el\u00e9ctrica y las celdas de combustible de hidr\u00f3geno. Los veh\u00edculos de carga mediana y pesada contribuyen con una cantidad desproporcionada de \u00f3xidos de nitr\u00f3geno y part\u00edculas finas, a pesar de su escasa presencia num\u00e9rica en la flota total. En este contexto, los camiones el\u00e9ctricos demuestran una eficiencia energ\u00e9tica desde la producci\u00f3n hasta las ruedas significativamente superior, alcanzando aproximadamente un 77% frente al 33% que ofrece el hidr\u00f3geno. De igual manera, el costo total de propiedad favorece a los sistemas el\u00e9ctricos debido a los menores gastos de mantenimiento y la disponibilidad de una fuente de energ\u00eda m\u00e1s econ\u00f3mica. Por consiguiente, el mercado actual muestra un dominio claro de los modelos el\u00e9ctricos, con miles de unidades ya desplegadas frente a una cifra muy limitada de alternativas de hidr\u00f3geno. A pesar de ello, la integraci\u00f3n de estas tecnolog\u00edas en operaciones regionales y de larga distancia depende del despliegue efectivo de una red de carga y repostaje que soporte viajes diarios superiores a las 200 millas.<\/p><p lang=\"es\" style=\"margin-top: 5pt; margin-bottom: 5pt; font-family: Calibri; font-size: 11.0pt;\">Asimismo, las implicaciones financieras de desarrollar esta infraestructura var\u00edan dr\u00e1sticamente seg\u00fan la ruta tecnol\u00f3gica seleccionada. El an\u00e1lisis de m\u00faltiples escenarios indica que un sistema basado exclusivamente en la carga el\u00e9ctrica demanda una inversi\u00f3n de capital mucho menor en comparaci\u00f3n con aquel que incluye estaciones de hidr\u00f3geno. En este sentido, los costos de construcci\u00f3n de una red de hidr\u00f3geno suficiente se estiman en m\u00e1s de 22 mil millones de d\u00f3lares, lo cual supera en m\u00e1s de tres veces la inversi\u00f3n necesaria para una columna vertebral el\u00e9ctrica. Puesto que la tecnolog\u00eda de repostaje de hidr\u00f3geno se encuentra a\u00fan en una etapa temprana, sus costos por estaci\u00f3n resultan seis veces m\u00e1s elevados que los de los centros de carga. No obstante, el riesgo de crear activos subutilizados o varados es mucho mayor para el hidr\u00f3geno debido a la complejidad de su cadena de suministro y la incertidumbre de la demanda futura. Por lo cual, priorizar la carga el\u00e9ctrica como el fundamento inicial de los corredores de carga representa un camino de menor riesgo financiero y mayor madurez t\u00e9cnica.<\/p><p lang=\"es\" style=\"margin-top: 5pt; margin-bottom: 5pt; font-family: Calibri; font-size: 11.0pt;\">Por otro lado, el \u00e9xito de esta transici\u00f3n reside en un esfuerzo de planificaci\u00f3n coordinada que trascienda las fronteras estatales para evitar una red fragmentada e ineficiente. De esta forma, el desarrollo de asociaciones mediante memorandos de entendimiento permite identificar sitios prioritarios y asegurar la continuidad de la infraestructura a lo largo de los principales corredores de transporte. Debido a que la preparaci\u00f3n de la red el\u00e9ctrica es la restricci\u00f3n primaria para el despliegue de centros de carga de multimegavatios, resulta imperativo que las empresas de servicios p\u00fablicos alineen sus inversiones de capital con la demanda futura de carga. De igual forma, la implementaci\u00f3n de centros de carga compartidos sirve para maximizar el uso de fondos p\u00fablicos y atraer capital privado. En \u00faltima instancia, estas decisiones de ubicaci\u00f3n deben priorizar la protecci\u00f3n de las comunidades m\u00e1s expuestas a la contaminaci\u00f3n por di\u00e9sel para mejorar la salud p\u00fablica mientras se reducen las emisiones. La combinaci\u00f3n de una planificaci\u00f3n de red proactiva, sistemas de carga estandarizados y un enfoque en la justicia ambiental garantizar\u00e1 un futuro energ\u00e9tico resiliente y equitativo.<\/p><p style=\"text-align: justify;\"><span style=\"color: #800000;\"><b>Para leer m\u00e1s ingrese a:<\/b><\/span><\/p><p style=\"margin: 0in; font-family: Calibri; font-size: 11.0pt;\"><a href=\"https:\/\/www.aceee.org\/research-report\/t2601\u00a0\">https:\/\/www.aceee.org\/research-report\/t2601\u00a0<\/a><\/p><p style=\"margin: 0in; font-family: Calibri; font-size: 11.0pt;\"><a href=\"https:\/\/www.aceee.org\/sites\/default\/files\/pdfs\/t2601.pdf\">https:\/\/www.aceee.org\/sites\/default\/files\/pdfs\/t2601.pdf <\/a><\/p>\t\t\t\t\t\t<\/div>\n\t\t\t\t<\/div>\n\t\t\t\t\t<\/div>\n\t\t<\/div>\n\t\t\t\t\t\t\t<\/div>\n\t\t<\/section>\n\t\t\t\t\t\t\t<\/div>\n\t\t<div style=\"text-align:center\" class=\"yasr-auto-insert-visitor\"><\/div>","protected":false},"excerpt":{"rendered":"<p>La descarbonizaci\u00f3n del transporte de carga regional y de larga distancia en los Estados Unidos depende del despliegue estrat\u00e9gico de infraestructura para veh\u00edculos de cero emisiones, comparando espec\u00edficamente la viabilidad de los camiones el\u00e9ctricos de bater\u00eda y los de celda de combustible de hidr\u00f3geno. En vista de que los veh\u00edculos pesados contribuyen con el 23% de las emisiones de gases de efecto invernadero del transporte, la transici\u00f3n hacia modelos el\u00e9ctricos ofrece el camino m\u00e1s eficiente y econ\u00f3mico a corto plazo. Los camiones el\u00e9ctricos exhiben una eficiencia del pozo a la rueda del 77%, superando con creces el 33% del hidr\u00f3geno, y se benefician de costos operativos y de mantenimiento sustancialmente menores. Asimismo, la inversi\u00f3n requerida para una red nacional de repostaje de hidr\u00f3geno es m\u00e1s de tres veces superior a la de una base de carga el\u00e9ctrica, presentando riesgos significativos de activos varados. De esta manera, resulta esencial que los estados coordinen sus acciones m\u00e1s all\u00e1 de sus fronteras, formalizando asociaciones para asegurar corredores continuos y aline\u00e1ndose con las empresas de servicios p\u00fablicos para abordar la capacidad de la red. Por consiguiente, el financiamiento p\u00fablico debe priorizar centros de carga compartidos de alta capacidad que ofrezcan beneficios de salud visibles para las comunidades desfavorecidas afectadas por la contaminaci\u00f3n. Adoptar un enfoque disciplinado tecnol\u00f3gicamente, centrado en la carga el\u00e9ctrica como eje principal, permitir\u00e1 minimizar los riesgos financieros y acelerar el cumplimiento de las metas clim\u00e1ticas nacionales. <\/p>","protected":false},"author":23,"featured_media":68570,"comment_status":"open","ping_status":"open","sticky":false,"template":"","format":"standard","meta":{"yasr_overall_rating":0,"yasr_post_is_review":"","yasr_auto_insert_disabled":"","yasr_review_type":"","footnotes":""},"categories":[56,53],"tags":[],"class_list":["post-68569","post","type-post","status-publish","format-standard","has-post-thumbnail","hentry","category-convergencia-y-sostenibilidad","category-tendencias"],"yasr_visitor_votes":{"number_of_votes":0,"sum_votes":0,"stars_attributes":{"read_only":false,"span_bottom":false}},"yoast_head":"<!-- This site is optimized with the Yoast SEO plugin v27.3 - https:\/\/yoast.com\/product\/yoast-seo-wordpress\/ -->\n<title>Pathways to Zero-Emission Freight: Infrastructure Needs for Regional and Long-Haul Trucking - Colombia Inteligente<\/title>\n<meta name=\"robots\" content=\"index, follow, max-snippet:-1, max-image-preview:large, max-video-preview:-1\" \/>\n<link rel=\"canonical\" href=\"https:\/\/colombiainteligente.org\/es_co\/tendencias\/pathways-to-zero-emission-freight-infrastructure-needs-for-regional-and-long-haul-trucking\/\" \/>\n<meta property=\"og:locale\" content=\"es_ES\" \/>\n<meta property=\"og:type\" content=\"article\" \/>\n<meta property=\"og:title\" content=\"Pathways to Zero-Emission Freight: Infrastructure Needs for Regional and Long-Haul Trucking - Colombia Inteligente\" \/>\n<meta property=\"og:description\" content=\"La descarbonizaci\u00f3n del transporte de carga regional y de larga distancia en los Estados Unidos depende del despliegue estrat\u00e9gico de infraestructura para veh\u00edculos de cero emisiones, comparando espec\u00edficamente la viabilidad de los camiones el\u00e9ctricos de bater\u00eda y los de celda de combustible de hidr\u00f3geno. En vista de que los veh\u00edculos pesados contribuyen con el 23% de las emisiones de gases de efecto invernadero del transporte, la transici\u00f3n hacia modelos el\u00e9ctricos ofrece el camino m\u00e1s eficiente y econ\u00f3mico a corto plazo. Los camiones el\u00e9ctricos exhiben una eficiencia del pozo a la rueda del 77%, superando con creces el 33% del hidr\u00f3geno, y se benefician de costos operativos y de mantenimiento sustancialmente menores. Asimismo, la inversi\u00f3n requerida para una red nacional de repostaje de hidr\u00f3geno es m\u00e1s de tres veces superior a la de una base de carga el\u00e9ctrica, presentando riesgos significativos de activos varados. De esta manera, resulta esencial que los estados coordinen sus acciones m\u00e1s all\u00e1 de sus fronteras, formalizando asociaciones para asegurar corredores continuos y aline\u00e1ndose con las empresas de servicios p\u00fablicos para abordar la capacidad de la red. Por consiguiente, el financiamiento p\u00fablico debe priorizar centros de carga compartidos de alta capacidad que ofrezcan beneficios de salud visibles para las comunidades desfavorecidas afectadas por la contaminaci\u00f3n. Adoptar un enfoque disciplinado tecnol\u00f3gicamente, centrado en la carga el\u00e9ctrica como eje principal, permitir\u00e1 minimizar los riesgos financieros y acelerar el cumplimiento de las metas clim\u00e1ticas nacionales.\" \/>\n<meta property=\"og:url\" content=\"https:\/\/colombiainteligente.org\/es_co\/tendencias\/pathways-to-zero-emission-freight-infrastructure-needs-for-regional-and-long-haul-trucking\/\" \/>\n<meta property=\"og:site_name\" content=\"Colombia Inteligente\" \/>\n<meta property=\"article:published_time\" content=\"2026-03-31T17:52:28+00:00\" \/>\n<meta property=\"article:modified_time\" content=\"2026-04-08T15:57:52+00:00\" \/>\n<meta property=\"og:image\" content=\"https:\/\/colombiainteligente.org\/wp-content\/uploads\/2026\/03\/07-Convergencia-4480326.png\" \/>\n\t<meta property=\"og:image:width\" content=\"800\" \/>\n\t<meta property=\"og:image:height\" content=\"1034\" \/>\n\t<meta property=\"og:image:type\" content=\"image\/png\" \/>\n<meta name=\"author\" content=\"DIFUSI\u00d3N COLOMBIA INTELIGENTE\" \/>\n<meta name=\"twitter:card\" content=\"summary_large_image\" \/>\n<meta name=\"twitter:creator\" content=\"@colombiaintelig\" \/>\n<meta name=\"twitter:site\" content=\"@colombiaintelig\" \/>\n<meta name=\"twitter:label1\" content=\"Escrito por\" \/>\n\t<meta name=\"twitter:data1\" content=\"DIFUSI\u00d3N COLOMBIA INTELIGENTE\" \/>\n\t<meta name=\"twitter:label2\" content=\"Tiempo estimado de lectura\" \/>\n\t<meta name=\"twitter:data2\" content=\"3 minutos\" \/>\n<script type=\"application\/ld+json\" class=\"yoast-schema-graph\">{\"@context\":\"https:\\\/\\\/schema.org\",\"@graph\":[{\"@type\":\"Article\",\"@id\":\"https:\\\/\\\/colombiainteligente.org\\\/tendencias\\\/pathways-to-zero-emission-freight-infrastructure-needs-for-regional-and-long-haul-trucking\\\/#article\",\"isPartOf\":{\"@id\":\"https:\\\/\\\/colombiainteligente.org\\\/tendencias\\\/pathways-to-zero-emission-freight-infrastructure-needs-for-regional-and-long-haul-trucking\\\/\"},\"author\":{\"name\":\"DIFUSI\u00d3N COLOMBIA INTELIGENTE\",\"@id\":\"https:\\\/\\\/colombiainteligente.org\\\/#\\\/schema\\\/person\\\/e207145d548b75a6d339ff1d4d3b0432\"},\"headline\":\"Pathways to Zero-Emission Freight: Infrastructure Needs for Regional and Long-Haul Trucking\",\"datePublished\":\"2026-03-31T17:52:28+00:00\",\"dateModified\":\"2026-04-08T15:57:52+00:00\",\"mainEntityOfPage\":{\"@id\":\"https:\\\/\\\/colombiainteligente.org\\\/tendencias\\\/pathways-to-zero-emission-freight-infrastructure-needs-for-regional-and-long-haul-trucking\\\/\"},\"wordCount\":631,\"commentCount\":0,\"publisher\":{\"@id\":\"https:\\\/\\\/colombiainteligente.org\\\/#organization\"},\"image\":{\"@id\":\"https:\\\/\\\/colombiainteligente.org\\\/tendencias\\\/pathways-to-zero-emission-freight-infrastructure-needs-for-regional-and-long-haul-trucking\\\/#primaryimage\"},\"thumbnailUrl\":\"https:\\\/\\\/colombiainteligente.org\\\/wp-content\\\/uploads\\\/2026\\\/03\\\/07-Convergencia-4480326.png\",\"articleSection\":[\"Convergencia y Sostenibilidad\",\"Tendencias\"],\"inLanguage\":\"es-CO\",\"potentialAction\":[{\"@type\":\"CommentAction\",\"name\":\"Comment\",\"target\":[\"https:\\\/\\\/colombiainteligente.org\\\/tendencias\\\/pathways-to-zero-emission-freight-infrastructure-needs-for-regional-and-long-haul-trucking\\\/#respond\"]}]},{\"@type\":\"WebPage\",\"@id\":\"https:\\\/\\\/colombiainteligente.org\\\/tendencias\\\/pathways-to-zero-emission-freight-infrastructure-needs-for-regional-and-long-haul-trucking\\\/\",\"url\":\"https:\\\/\\\/colombiainteligente.org\\\/tendencias\\\/pathways-to-zero-emission-freight-infrastructure-needs-for-regional-and-long-haul-trucking\\\/\",\"name\":\"Pathways to Zero-Emission Freight: Infrastructure Needs for Regional and Long-Haul Trucking - Colombia Inteligente\",\"isPartOf\":{\"@id\":\"https:\\\/\\\/colombiainteligente.org\\\/#website\"},\"primaryImageOfPage\":{\"@id\":\"https:\\\/\\\/colombiainteligente.org\\\/tendencias\\\/pathways-to-zero-emission-freight-infrastructure-needs-for-regional-and-long-haul-trucking\\\/#primaryimage\"},\"image\":{\"@id\":\"https:\\\/\\\/colombiainteligente.org\\\/tendencias\\\/pathways-to-zero-emission-freight-infrastructure-needs-for-regional-and-long-haul-trucking\\\/#primaryimage\"},\"thumbnailUrl\":\"https:\\\/\\\/colombiainteligente.org\\\/wp-content\\\/uploads\\\/2026\\\/03\\\/07-Convergencia-4480326.png\",\"datePublished\":\"2026-03-31T17:52:28+00:00\",\"dateModified\":\"2026-04-08T15:57:52+00:00\",\"breadcrumb\":{\"@id\":\"https:\\\/\\\/colombiainteligente.org\\\/tendencias\\\/pathways-to-zero-emission-freight-infrastructure-needs-for-regional-and-long-haul-trucking\\\/#breadcrumb\"},\"inLanguage\":\"es-CO\",\"potentialAction\":[{\"@type\":\"ReadAction\",\"target\":[\"https:\\\/\\\/colombiainteligente.org\\\/tendencias\\\/pathways-to-zero-emission-freight-infrastructure-needs-for-regional-and-long-haul-trucking\\\/\"]}]},{\"@type\":\"ImageObject\",\"inLanguage\":\"es-CO\",\"@id\":\"https:\\\/\\\/colombiainteligente.org\\\/tendencias\\\/pathways-to-zero-emission-freight-infrastructure-needs-for-regional-and-long-haul-trucking\\\/#primaryimage\",\"url\":\"https:\\\/\\\/colombiainteligente.org\\\/wp-content\\\/uploads\\\/2026\\\/03\\\/07-Convergencia-4480326.png\",\"contentUrl\":\"https:\\\/\\\/colombiainteligente.org\\\/wp-content\\\/uploads\\\/2026\\\/03\\\/07-Convergencia-4480326.png\",\"width\":800,\"height\":1034},{\"@type\":\"BreadcrumbList\",\"@id\":\"https:\\\/\\\/colombiainteligente.org\\\/tendencias\\\/pathways-to-zero-emission-freight-infrastructure-needs-for-regional-and-long-haul-trucking\\\/#breadcrumb\",\"itemListElement\":[{\"@type\":\"ListItem\",\"position\":1,\"name\":\"Portada\",\"item\":\"https:\\\/\\\/colombiainteligente.org\\\/\"},{\"@type\":\"ListItem\",\"position\":2,\"name\":\"Pathways to Zero-Emission Freight: Infrastructure Needs for Regional and Long-Haul Trucking\"}]},{\"@type\":\"WebSite\",\"@id\":\"https:\\\/\\\/colombiainteligente.org\\\/#website\",\"url\":\"https:\\\/\\\/colombiainteligente.org\\\/\",\"name\":\"Colombia Inteligente\",\"description\":\"Alianza estrat\u00e9gica, conformada por empresas y entidades, para la inserci\u00f3n integral y eficiente de las redes inteligentes a la infraestructura del sector el\u00e9ctrico colombiano\",\"publisher\":{\"@id\":\"https:\\\/\\\/colombiainteligente.org\\\/#organization\"},\"potentialAction\":[{\"@type\":\"SearchAction\",\"target\":{\"@type\":\"EntryPoint\",\"urlTemplate\":\"https:\\\/\\\/colombiainteligente.org\\\/?s={search_term_string}\"},\"query-input\":{\"@type\":\"PropertyValueSpecification\",\"valueRequired\":true,\"valueName\":\"search_term_string\"}}],\"inLanguage\":\"es-CO\"},{\"@type\":\"Organization\",\"@id\":\"https:\\\/\\\/colombiainteligente.org\\\/#organization\",\"name\":\"Colombia Inteligente\",\"url\":\"https:\\\/\\\/colombiainteligente.org\\\/\",\"logo\":{\"@type\":\"ImageObject\",\"inLanguage\":\"es-CO\",\"@id\":\"https:\\\/\\\/colombiainteligente.org\\\/#\\\/schema\\\/logo\\\/image\\\/\",\"url\":\"https:\\\/\\\/colombiainteligente.org\\\/wp-content\\\/uploads\\\/2022\\\/07\\\/Image.png\",\"contentUrl\":\"https:\\\/\\\/colombiainteligente.org\\\/wp-content\\\/uploads\\\/2022\\\/07\\\/Image.png\",\"width\":588,\"height\":274,\"caption\":\"Colombia Inteligente\"},\"image\":{\"@id\":\"https:\\\/\\\/colombiainteligente.org\\\/#\\\/schema\\\/logo\\\/image\\\/\"},\"sameAs\":[\"https:\\\/\\\/x.com\\\/colombiaintelig\",\"https:\\\/\\\/www.linkedin.com\\\/company\\\/colombiainteligente\\\/\"]},{\"@type\":\"Person\",\"@id\":\"https:\\\/\\\/colombiainteligente.org\\\/#\\\/schema\\\/person\\\/e207145d548b75a6d339ff1d4d3b0432\",\"name\":\"DIFUSI\u00d3N COLOMBIA INTELIGENTE\",\"image\":{\"@type\":\"ImageObject\",\"inLanguage\":\"es-CO\",\"@id\":\"https:\\\/\\\/secure.gravatar.com\\\/avatar\\\/df2e679ff2abf288cf4bf58830dad897e596908105ec8969f50f748a6d837869?s=96&d=mm&r=g\",\"url\":\"https:\\\/\\\/secure.gravatar.com\\\/avatar\\\/df2e679ff2abf288cf4bf58830dad897e596908105ec8969f50f748a6d837869?s=96&d=mm&r=g\",\"contentUrl\":\"https:\\\/\\\/secure.gravatar.com\\\/avatar\\\/df2e679ff2abf288cf4bf58830dad897e596908105ec8969f50f748a6d837869?s=96&d=mm&r=g\",\"caption\":\"DIFUSI\u00d3N COLOMBIA INTELIGENTE\"},\"url\":\"https:\\\/\\\/colombiainteligente.org\\\/es_co\\\/author\\\/difusioncolombiainteligente-org\\\/\"}]}<\/script>\n<!-- \/ Yoast SEO plugin. -->","yoast_head_json":{"title":"Pathways to Zero-Emission Freight: Infrastructure Needs for Regional and Long-Haul Trucking - Colombia Inteligente","robots":{"index":"index","follow":"follow","max-snippet":"max-snippet:-1","max-image-preview":"max-image-preview:large","max-video-preview":"max-video-preview:-1"},"canonical":"https:\/\/colombiainteligente.org\/es_co\/tendencias\/pathways-to-zero-emission-freight-infrastructure-needs-for-regional-and-long-haul-trucking\/","og_locale":"es_ES","og_type":"article","og_title":"Pathways to Zero-Emission Freight: Infrastructure Needs for Regional and Long-Haul Trucking - Colombia Inteligente","og_description":"La descarbonizaci\u00f3n del transporte de carga regional y de larga distancia en los Estados Unidos depende del despliegue estrat\u00e9gico de infraestructura para veh\u00edculos de cero emisiones, comparando espec\u00edficamente la viabilidad de los camiones el\u00e9ctricos de bater\u00eda y los de celda de combustible de hidr\u00f3geno. En vista de que los veh\u00edculos pesados contribuyen con el 23% de las emisiones de gases de efecto invernadero del transporte, la transici\u00f3n hacia modelos el\u00e9ctricos ofrece el camino m\u00e1s eficiente y econ\u00f3mico a corto plazo. Los camiones el\u00e9ctricos exhiben una eficiencia del pozo a la rueda del 77%, superando con creces el 33% del hidr\u00f3geno, y se benefician de costos operativos y de mantenimiento sustancialmente menores. Asimismo, la inversi\u00f3n requerida para una red nacional de repostaje de hidr\u00f3geno es m\u00e1s de tres veces superior a la de una base de carga el\u00e9ctrica, presentando riesgos significativos de activos varados. De esta manera, resulta esencial que los estados coordinen sus acciones m\u00e1s all\u00e1 de sus fronteras, formalizando asociaciones para asegurar corredores continuos y aline\u00e1ndose con las empresas de servicios p\u00fablicos para abordar la capacidad de la red. Por consiguiente, el financiamiento p\u00fablico debe priorizar centros de carga compartidos de alta capacidad que ofrezcan beneficios de salud visibles para las comunidades desfavorecidas afectadas por la contaminaci\u00f3n. Adoptar un enfoque disciplinado tecnol\u00f3gicamente, centrado en la carga el\u00e9ctrica como eje principal, permitir\u00e1 minimizar los riesgos financieros y acelerar el cumplimiento de las metas clim\u00e1ticas nacionales.","og_url":"https:\/\/colombiainteligente.org\/es_co\/tendencias\/pathways-to-zero-emission-freight-infrastructure-needs-for-regional-and-long-haul-trucking\/","og_site_name":"Colombia Inteligente","article_published_time":"2026-03-31T17:52:28+00:00","article_modified_time":"2026-04-08T15:57:52+00:00","og_image":[{"width":800,"height":1034,"url":"https:\/\/colombiainteligente.org\/wp-content\/uploads\/2026\/03\/07-Convergencia-4480326.png","type":"image\/png"}],"author":"DIFUSI\u00d3N COLOMBIA INTELIGENTE","twitter_card":"summary_large_image","twitter_creator":"@colombiaintelig","twitter_site":"@colombiaintelig","twitter_misc":{"Escrito por":"DIFUSI\u00d3N COLOMBIA INTELIGENTE","Tiempo estimado de lectura":"3 minutos"},"schema":{"@context":"https:\/\/schema.org","@graph":[{"@type":"Article","@id":"https:\/\/colombiainteligente.org\/tendencias\/pathways-to-zero-emission-freight-infrastructure-needs-for-regional-and-long-haul-trucking\/#article","isPartOf":{"@id":"https:\/\/colombiainteligente.org\/tendencias\/pathways-to-zero-emission-freight-infrastructure-needs-for-regional-and-long-haul-trucking\/"},"author":{"name":"DIFUSI\u00d3N COLOMBIA INTELIGENTE","@id":"https:\/\/colombiainteligente.org\/#\/schema\/person\/e207145d548b75a6d339ff1d4d3b0432"},"headline":"Pathways to Zero-Emission Freight: Infrastructure Needs for Regional and Long-Haul Trucking","datePublished":"2026-03-31T17:52:28+00:00","dateModified":"2026-04-08T15:57:52+00:00","mainEntityOfPage":{"@id":"https:\/\/colombiainteligente.org\/tendencias\/pathways-to-zero-emission-freight-infrastructure-needs-for-regional-and-long-haul-trucking\/"},"wordCount":631,"commentCount":0,"publisher":{"@id":"https:\/\/colombiainteligente.org\/#organization"},"image":{"@id":"https:\/\/colombiainteligente.org\/tendencias\/pathways-to-zero-emission-freight-infrastructure-needs-for-regional-and-long-haul-trucking\/#primaryimage"},"thumbnailUrl":"https:\/\/colombiainteligente.org\/wp-content\/uploads\/2026\/03\/07-Convergencia-4480326.png","articleSection":["Convergencia y Sostenibilidad","Tendencias"],"inLanguage":"es-CO","potentialAction":[{"@type":"CommentAction","name":"Comment","target":["https:\/\/colombiainteligente.org\/tendencias\/pathways-to-zero-emission-freight-infrastructure-needs-for-regional-and-long-haul-trucking\/#respond"]}]},{"@type":"WebPage","@id":"https:\/\/colombiainteligente.org\/tendencias\/pathways-to-zero-emission-freight-infrastructure-needs-for-regional-and-long-haul-trucking\/","url":"https:\/\/colombiainteligente.org\/tendencias\/pathways-to-zero-emission-freight-infrastructure-needs-for-regional-and-long-haul-trucking\/","name":"Pathways to Zero-Emission Freight: Infrastructure Needs for Regional and Long-Haul Trucking - Colombia Inteligente","isPartOf":{"@id":"https:\/\/colombiainteligente.org\/#website"},"primaryImageOfPage":{"@id":"https:\/\/colombiainteligente.org\/tendencias\/pathways-to-zero-emission-freight-infrastructure-needs-for-regional-and-long-haul-trucking\/#primaryimage"},"image":{"@id":"https:\/\/colombiainteligente.org\/tendencias\/pathways-to-zero-emission-freight-infrastructure-needs-for-regional-and-long-haul-trucking\/#primaryimage"},"thumbnailUrl":"https:\/\/colombiainteligente.org\/wp-content\/uploads\/2026\/03\/07-Convergencia-4480326.png","datePublished":"2026-03-31T17:52:28+00:00","dateModified":"2026-04-08T15:57:52+00:00","breadcrumb":{"@id":"https:\/\/colombiainteligente.org\/tendencias\/pathways-to-zero-emission-freight-infrastructure-needs-for-regional-and-long-haul-trucking\/#breadcrumb"},"inLanguage":"es-CO","potentialAction":[{"@type":"ReadAction","target":["https:\/\/colombiainteligente.org\/tendencias\/pathways-to-zero-emission-freight-infrastructure-needs-for-regional-and-long-haul-trucking\/"]}]},{"@type":"ImageObject","inLanguage":"es-CO","@id":"https:\/\/colombiainteligente.org\/tendencias\/pathways-to-zero-emission-freight-infrastructure-needs-for-regional-and-long-haul-trucking\/#primaryimage","url":"https:\/\/colombiainteligente.org\/wp-content\/uploads\/2026\/03\/07-Convergencia-4480326.png","contentUrl":"https:\/\/colombiainteligente.org\/wp-content\/uploads\/2026\/03\/07-Convergencia-4480326.png","width":800,"height":1034},{"@type":"BreadcrumbList","@id":"https:\/\/colombiainteligente.org\/tendencias\/pathways-to-zero-emission-freight-infrastructure-needs-for-regional-and-long-haul-trucking\/#breadcrumb","itemListElement":[{"@type":"ListItem","position":1,"name":"Portada","item":"https:\/\/colombiainteligente.org\/"},{"@type":"ListItem","position":2,"name":"Pathways to Zero-Emission Freight: Infrastructure Needs for Regional and Long-Haul Trucking"}]},{"@type":"WebSite","@id":"https:\/\/colombiainteligente.org\/#website","url":"https:\/\/colombiainteligente.org\/","name":"Colombia Inteligente","description":"Alianza estrat\u00e9gica, conformada por empresas y entidades, para la inserci\u00f3n integral y eficiente de las redes inteligentes a la infraestructura del sector el\u00e9ctrico colombiano","publisher":{"@id":"https:\/\/colombiainteligente.org\/#organization"},"potentialAction":[{"@type":"SearchAction","target":{"@type":"EntryPoint","urlTemplate":"https:\/\/colombiainteligente.org\/?s={search_term_string}"},"query-input":{"@type":"PropertyValueSpecification","valueRequired":true,"valueName":"search_term_string"}}],"inLanguage":"es-CO"},{"@type":"Organization","@id":"https:\/\/colombiainteligente.org\/#organization","name":"Colombia Inteligente","url":"https:\/\/colombiainteligente.org\/","logo":{"@type":"ImageObject","inLanguage":"es-CO","@id":"https:\/\/colombiainteligente.org\/#\/schema\/logo\/image\/","url":"https:\/\/colombiainteligente.org\/wp-content\/uploads\/2022\/07\/Image.png","contentUrl":"https:\/\/colombiainteligente.org\/wp-content\/uploads\/2022\/07\/Image.png","width":588,"height":274,"caption":"Colombia Inteligente"},"image":{"@id":"https:\/\/colombiainteligente.org\/#\/schema\/logo\/image\/"},"sameAs":["https:\/\/x.com\/colombiaintelig","https:\/\/www.linkedin.com\/company\/colombiainteligente\/"]},{"@type":"Person","@id":"https:\/\/colombiainteligente.org\/#\/schema\/person\/e207145d548b75a6d339ff1d4d3b0432","name":"DIFUSI\u00d3N COLOMBIA INTELIGENTE","image":{"@type":"ImageObject","inLanguage":"es-CO","@id":"https:\/\/secure.gravatar.com\/avatar\/df2e679ff2abf288cf4bf58830dad897e596908105ec8969f50f748a6d837869?s=96&d=mm&r=g","url":"https:\/\/secure.gravatar.com\/avatar\/df2e679ff2abf288cf4bf58830dad897e596908105ec8969f50f748a6d837869?s=96&d=mm&r=g","contentUrl":"https:\/\/secure.gravatar.com\/avatar\/df2e679ff2abf288cf4bf58830dad897e596908105ec8969f50f748a6d837869?s=96&d=mm&r=g","caption":"DIFUSI\u00d3N COLOMBIA INTELIGENTE"},"url":"https:\/\/colombiainteligente.org\/es_co\/author\/difusioncolombiainteligente-org\/"}]}},"_links":{"self":[{"href":"https:\/\/colombiainteligente.org\/es_co\/wp-json\/wp\/v2\/posts\/68569","targetHints":{"allow":["GET"]}}],"collection":[{"href":"https:\/\/colombiainteligente.org\/es_co\/wp-json\/wp\/v2\/posts"}],"about":[{"href":"https:\/\/colombiainteligente.org\/es_co\/wp-json\/wp\/v2\/types\/post"}],"author":[{"embeddable":true,"href":"https:\/\/colombiainteligente.org\/es_co\/wp-json\/wp\/v2\/users\/23"}],"replies":[{"embeddable":true,"href":"https:\/\/colombiainteligente.org\/es_co\/wp-json\/wp\/v2\/comments?post=68569"}],"version-history":[{"count":10,"href":"https:\/\/colombiainteligente.org\/es_co\/wp-json\/wp\/v2\/posts\/68569\/revisions"}],"predecessor-version":[{"id":68978,"href":"https:\/\/colombiainteligente.org\/es_co\/wp-json\/wp\/v2\/posts\/68569\/revisions\/68978"}],"wp:featuredmedia":[{"embeddable":true,"href":"https:\/\/colombiainteligente.org\/es_co\/wp-json\/wp\/v2\/media\/68570"}],"wp:attachment":[{"href":"https:\/\/colombiainteligente.org\/es_co\/wp-json\/wp\/v2\/media?parent=68569"}],"wp:term":[{"taxonomy":"category","embeddable":true,"href":"https:\/\/colombiainteligente.org\/es_co\/wp-json\/wp\/v2\/categories?post=68569"},{"taxonomy":"post_tag","embeddable":true,"href":"https:\/\/colombiainteligente.org\/es_co\/wp-json\/wp\/v2\/tags?post=68569"}],"curies":[{"name":"wp","href":"https:\/\/api.w.org\/{rel}","templated":true}]}}