{"id":69338,"date":"2026-04-20T11:46:17","date_gmt":"2026-04-20T16:46:17","guid":{"rendered":"https:\/\/colombiainteligente.org\/?p=69338"},"modified":"2026-04-20T11:48:37","modified_gmt":"2026-04-20T16:48:37","slug":"gas-eficiente-aun-no-llega-a-hogares-vulnerables","status":"publish","type":"post","link":"https:\/\/colombiainteligente.org\/es_co\/noticias-sectoriales\/gas-eficiente-aun-no-llega-a-hogares-vulnerables\/","title":{"rendered":"Gas eficiente a\u00fan no llega a hogares vulnerables"},"content":{"rendered":"<div data-elementor-type=\"wp-post\" data-elementor-id=\"69338\" class=\"elementor elementor-69338\" data-elementor-post-type=\"post\">\n\t\t\t\t\t\t\t\t\t<section class=\"elementor-section elementor-top-section elementor-element elementor-element-87c6aa2 elementor-section-boxed elementor-section-height-default elementor-section-height-default\" data-id=\"87c6aa2\" data-element_type=\"section\">\n\t\t\t\t\t\t<div class=\"elementor-container elementor-column-gap-default\">\n\t\t\t\t\t<div class=\"elementor-column elementor-col-100 elementor-top-column elementor-element elementor-element-558bb819\" data-id=\"558bb819\" data-element_type=\"column\">\n\t\t\t<div class=\"elementor-widget-wrap elementor-element-populated\">\n\t\t\t\t\t\t\t\t<div class=\"elementor-element elementor-element-3067325c elementor-widget elementor-widget-text-editor\" data-id=\"3067325c\" data-element_type=\"widget\" data-widget_type=\"text-editor.default\">\n\t\t\t\t<div class=\"elementor-widget-container\">\n\t\t\t<style>\/*! elementor - v3.14.0 - 26-06-2023 *\/\n.elementor-widget-text-editor.elementor-drop-cap-view-stacked .elementor-drop-cap{background-color:#69727d;color:#fff}.elementor-widget-text-editor.elementor-drop-cap-view-framed .elementor-drop-cap{color:#69727d;border:3px solid;background-color:transparent}.elementor-widget-text-editor:not(.elementor-drop-cap-view-default) .elementor-drop-cap{margin-top:8px}.elementor-widget-text-editor:not(.elementor-drop-cap-view-default) .elementor-drop-cap-letter{width:1em;height:1em}.elementor-widget-text-editor .elementor-drop-cap{float:left;text-align:center;line-height:1;font-size:50px}.elementor-widget-text-editor .elementor-drop-cap-letter{display:inline-block}<\/style>\t\t\t\t<p style=\"margin: 0in; font-family: Arial; font-size: 10.0pt;\">ICF plantea que los programas de eficiencia energ\u00e9tica en gas natural para hogares de bajos ingresos siguen sin alcanzar la escala necesaria, a pesar de que justamente esos usuarios soportan las cargas energ\u00e9ticas m\u00e1s altas. El art\u00edculo recuerda que las utilities invirtieron m\u00e1s de 1.400 millones de d\u00f3lares en programas de eficiencia para gas en 2023, pero la participaci\u00f3n de los componentes dirigidos a hogares vulnerables contin\u00faa baja. Parte del problema es estructural: esas familias enfrentan barreras m\u00e1s fuertes para acceder a los beneficios que podr\u00edan aliviar sus facturas y mejorar confort. Entre los obst\u00e1culos destacados aparecen las brechas de conectividad que dificultan el uso de termostatos avanzados y los incentivos divididos del arriendo, donde muchos usuarios dependen de la autorizaci\u00f3n del propietario para implementar mejoras.<\/p><p style=\"margin: 0in; font-family: Arial; font-size: 10.0pt;\">\u00a0<\/p><p style=\"margin: 0in; font-family: Arial; font-size: 10.0pt;\">La propuesta del art\u00edculo es redise\u00f1ar los programas alrededor de los patrones reales de acceso y uso, no solo alrededor del equipo que se quiere promocionar. ICF destaca dos medidas subutilizadas con potencial tangible. Un ajuste de mantenimiento de hornos que eleve eficiencia del 75% al 78% podr\u00eda ahorrar 77 termias equivalentes al a\u00f1o en viviendas unifamiliares con calefacci\u00f3n a gas y una necesidad t\u00e9rmica de 90.000 unidades t\u00e9rmicas por hora, lo que equivale aproximadamente a 1,35 meses del consumo t\u00edpico residencial. El reemplazo de un termostato programable por un termostato avanzado podr\u00eda ahorrar 71 termias al a\u00f1o, cerca de 1,25 meses del consumo de gas de un hogar promedio. Adem\u00e1s del ahorro econ\u00f3mico, estas medidas tienen baja disrupci\u00f3n para el usuario y mejoran comodidad y desempe\u00f1o del servicio.<\/p><p style=\"margin: 0in; font-family: Arial; font-size: 10.0pt;\">\u00a0<\/p><p style=\"margin: 0in; font-family: Arial; font-size: 10.0pt;\">La lectura de convergencia es que la asequibilidad energ\u00e9tica no puede reducirse a subsidios de corto plazo; tambi\u00e9n exige dise\u00f1o fino de programas, coordinaci\u00f3n con agencias locales y medidas compatibles con las condiciones materiales de los hogares. La focalizaci\u00f3n basada en datos puede mejorar resultados sin elevar fricci\u00f3n para el usuario.<\/p><p align=\"justify\"><span style=\"color: #800000;\"><b>Para leer m\u00e1s ingrese a:<\/b><\/span><\/p><p><a href=\"https:\/\/www.icf.com\/insights\/energy\/natural-gas-energy-efficiency-low-income-customers\">https:\/\/www.icf.com\/insights\/energy\/natural-gas-energy-efficiency-low-income-customers<\/a><\/p>\t\t\t\t\t\t<\/div>\n\t\t\t\t<\/div>\n\t\t\t\t\t<\/div>\n\t\t<\/div>\n\t\t\t\t\t\t\t<\/div>\n\t\t<\/section>\n\t\t\t\t\t\t\t<\/div>\n\t\t<div style=\"text-align:center\" class=\"yasr-auto-insert-visitor\"><\/div>","protected":false},"excerpt":{"rendered":"<p>ICF identifica barreras que frenan programas de eficiencia en gas para hogares de bajos ingresos. El desaf\u00edo es redise\u00f1ar medidas alrededor del acceso real y no solo de la tecnolog\u00eda ofrecida.<\/p>","protected":false},"author":23,"featured_media":69339,"comment_status":"open","ping_status":"open","sticky":false,"template":"","format":"standard","meta":{"yasr_overall_rating":0,"yasr_post_is_review":"","yasr_auto_insert_disabled":"","yasr_review_type":"","footnotes":""},"categories":[52],"tags":[],"class_list":["post-69338","post","type-post","status-publish","format-standard","has-post-thumbnail","hentry","category-noticias-sectoriales"],"yasr_visitor_votes":{"number_of_votes":0,"sum_votes":0,"stars_attributes":{"read_only":false,"span_bottom":false}},"yoast_head":"<!-- This site is optimized with the Yoast SEO plugin v27.3 - https:\/\/yoast.com\/product\/yoast-seo-wordpress\/ -->\n<title>Gas eficiente a\u00fan no llega a hogares vulnerables - Colombia Inteligente<\/title>\n<meta name=\"robots\" content=\"index, follow, max-snippet:-1, max-image-preview:large, max-video-preview:-1\" \/>\n<link rel=\"canonical\" href=\"https:\/\/colombiainteligente.org\/es_co\/noticias-sectoriales\/gas-eficiente-aun-no-llega-a-hogares-vulnerables\/\" \/>\n<meta property=\"og:locale\" content=\"es_ES\" \/>\n<meta property=\"og:type\" content=\"article\" \/>\n<meta property=\"og:title\" content=\"Gas eficiente a\u00fan no llega a hogares vulnerables - Colombia Inteligente\" \/>\n<meta property=\"og:description\" content=\"ICF identifica barreras que frenan programas de eficiencia en gas para hogares de bajos ingresos. El desaf\u00edo es redise\u00f1ar medidas alrededor del acceso real y no solo de la tecnolog\u00eda ofrecida.\" \/>\n<meta property=\"og:url\" content=\"https:\/\/colombiainteligente.org\/es_co\/noticias-sectoriales\/gas-eficiente-aun-no-llega-a-hogares-vulnerables\/\" \/>\n<meta property=\"og:site_name\" content=\"Colombia Inteligente\" \/>\n<meta property=\"article:published_time\" content=\"2026-04-20T16:46:17+00:00\" \/>\n<meta property=\"article:modified_time\" content=\"2026-04-20T16:48:37+00:00\" \/>\n<meta property=\"og:image\" content=\"https:\/\/colombiainteligente.org\/wp-content\/uploads\/2026\/04\/451210426-07.webp\" \/>\n\t<meta property=\"og:image:width\" content=\"1030\" \/>\n\t<meta property=\"og:image:height\" content=\"421\" \/>\n\t<meta property=\"og:image:type\" content=\"image\/webp\" \/>\n<meta name=\"author\" content=\"DIFUSI\u00d3N COLOMBIA INTELIGENTE\" \/>\n<meta name=\"twitter:card\" content=\"summary_large_image\" \/>\n<meta name=\"twitter:creator\" content=\"@colombiaintelig\" \/>\n<meta name=\"twitter:site\" content=\"@colombiaintelig\" \/>\n<meta name=\"twitter:label1\" content=\"Escrito por\" \/>\n\t<meta name=\"twitter:data1\" content=\"DIFUSI\u00d3N COLOMBIA INTELIGENTE\" \/>\n\t<meta name=\"twitter:label2\" content=\"Tiempo estimado de lectura\" \/>\n\t<meta name=\"twitter:data2\" content=\"2 minutos\" \/>\n<script type=\"application\/ld+json\" class=\"yoast-schema-graph\">{\"@context\":\"https:\\\/\\\/schema.org\",\"@graph\":[{\"@type\":\"Article\",\"@id\":\"https:\\\/\\\/colombiainteligente.org\\\/noticias-sectoriales\\\/gas-eficiente-aun-no-llega-a-hogares-vulnerables\\\/#article\",\"isPartOf\":{\"@id\":\"https:\\\/\\\/colombiainteligente.org\\\/noticias-sectoriales\\\/gas-eficiente-aun-no-llega-a-hogares-vulnerables\\\/\"},\"author\":{\"name\":\"DIFUSI\u00d3N COLOMBIA INTELIGENTE\",\"@id\":\"https:\\\/\\\/colombiainteligente.org\\\/#\\\/schema\\\/person\\\/e207145d548b75a6d339ff1d4d3b0432\"},\"headline\":\"Gas eficiente a\u00fan no llega a hogares vulnerables\",\"datePublished\":\"2026-04-20T16:46:17+00:00\",\"dateModified\":\"2026-04-20T16:48:37+00:00\",\"mainEntityOfPage\":{\"@id\":\"https:\\\/\\\/colombiainteligente.org\\\/noticias-sectoriales\\\/gas-eficiente-aun-no-llega-a-hogares-vulnerables\\\/\"},\"wordCount\":351,\"commentCount\":0,\"publisher\":{\"@id\":\"https:\\\/\\\/colombiainteligente.org\\\/#organization\"},\"image\":{\"@id\":\"https:\\\/\\\/colombiainteligente.org\\\/noticias-sectoriales\\\/gas-eficiente-aun-no-llega-a-hogares-vulnerables\\\/#primaryimage\"},\"thumbnailUrl\":\"https:\\\/\\\/colombiainteligente.org\\\/wp-content\\\/uploads\\\/2026\\\/04\\\/451210426-07.webp\",\"articleSection\":[\"Noticias Sectoriales\"],\"inLanguage\":\"es-CO\",\"potentialAction\":[{\"@type\":\"CommentAction\",\"name\":\"Comment\",\"target\":[\"https:\\\/\\\/colombiainteligente.org\\\/noticias-sectoriales\\\/gas-eficiente-aun-no-llega-a-hogares-vulnerables\\\/#respond\"]}]},{\"@type\":\"WebPage\",\"@id\":\"https:\\\/\\\/colombiainteligente.org\\\/noticias-sectoriales\\\/gas-eficiente-aun-no-llega-a-hogares-vulnerables\\\/\",\"url\":\"https:\\\/\\\/colombiainteligente.org\\\/noticias-sectoriales\\\/gas-eficiente-aun-no-llega-a-hogares-vulnerables\\\/\",\"name\":\"Gas eficiente a\u00fan no llega a hogares vulnerables - Colombia Inteligente\",\"isPartOf\":{\"@id\":\"https:\\\/\\\/colombiainteligente.org\\\/#website\"},\"primaryImageOfPage\":{\"@id\":\"https:\\\/\\\/colombiainteligente.org\\\/noticias-sectoriales\\\/gas-eficiente-aun-no-llega-a-hogares-vulnerables\\\/#primaryimage\"},\"image\":{\"@id\":\"https:\\\/\\\/colombiainteligente.org\\\/noticias-sectoriales\\\/gas-eficiente-aun-no-llega-a-hogares-vulnerables\\\/#primaryimage\"},\"thumbnailUrl\":\"https:\\\/\\\/colombiainteligente.org\\\/wp-content\\\/uploads\\\/2026\\\/04\\\/451210426-07.webp\",\"datePublished\":\"2026-04-20T16:46:17+00:00\",\"dateModified\":\"2026-04-20T16:48:37+00:00\",\"breadcrumb\":{\"@id\":\"https:\\\/\\\/colombiainteligente.org\\\/noticias-sectoriales\\\/gas-eficiente-aun-no-llega-a-hogares-vulnerables\\\/#breadcrumb\"},\"inLanguage\":\"es-CO\",\"potentialAction\":[{\"@type\":\"ReadAction\",\"target\":[\"https:\\\/\\\/colombiainteligente.org\\\/noticias-sectoriales\\\/gas-eficiente-aun-no-llega-a-hogares-vulnerables\\\/\"]}]},{\"@type\":\"ImageObject\",\"inLanguage\":\"es-CO\",\"@id\":\"https:\\\/\\\/colombiainteligente.org\\\/noticias-sectoriales\\\/gas-eficiente-aun-no-llega-a-hogares-vulnerables\\\/#primaryimage\",\"url\":\"https:\\\/\\\/colombiainteligente.org\\\/wp-content\\\/uploads\\\/2026\\\/04\\\/451210426-07.webp\",\"contentUrl\":\"https:\\\/\\\/colombiainteligente.org\\\/wp-content\\\/uploads\\\/2026\\\/04\\\/451210426-07.webp\",\"width\":1030,\"height\":421,\"caption\":\"El dispositivo que se muestra en el \u00e1rea seleccionada es una tablet industrial, herramienta utilizada por un t\u00e9cnico de HVAC (calefacci\u00f3n, ventilaci\u00f3n y aire acondicionado) en labores de inspecci\u00f3n y diagn\u00f3stico.\"},{\"@type\":\"BreadcrumbList\",\"@id\":\"https:\\\/\\\/colombiainteligente.org\\\/noticias-sectoriales\\\/gas-eficiente-aun-no-llega-a-hogares-vulnerables\\\/#breadcrumb\",\"itemListElement\":[{\"@type\":\"ListItem\",\"position\":1,\"name\":\"Portada\",\"item\":\"https:\\\/\\\/colombiainteligente.org\\\/\"},{\"@type\":\"ListItem\",\"position\":2,\"name\":\"Gas eficiente a\u00fan no llega a hogares vulnerables\"}]},{\"@type\":\"WebSite\",\"@id\":\"https:\\\/\\\/colombiainteligente.org\\\/#website\",\"url\":\"https:\\\/\\\/colombiainteligente.org\\\/\",\"name\":\"Colombia Inteligente\",\"description\":\"Alianza estrat\u00e9gica, conformada por empresas y entidades, para la inserci\u00f3n integral y eficiente de las redes inteligentes a la infraestructura del sector el\u00e9ctrico colombiano\",\"publisher\":{\"@id\":\"https:\\\/\\\/colombiainteligente.org\\\/#organization\"},\"potentialAction\":[{\"@type\":\"SearchAction\",\"target\":{\"@type\":\"EntryPoint\",\"urlTemplate\":\"https:\\\/\\\/colombiainteligente.org\\\/?s={search_term_string}\"},\"query-input\":{\"@type\":\"PropertyValueSpecification\",\"valueRequired\":true,\"valueName\":\"search_term_string\"}}],\"inLanguage\":\"es-CO\"},{\"@type\":\"Organization\",\"@id\":\"https:\\\/\\\/colombiainteligente.org\\\/#organization\",\"name\":\"Colombia Inteligente\",\"url\":\"https:\\\/\\\/colombiainteligente.org\\\/\",\"logo\":{\"@type\":\"ImageObject\",\"inLanguage\":\"es-CO\",\"@id\":\"https:\\\/\\\/colombiainteligente.org\\\/#\\\/schema\\\/logo\\\/image\\\/\",\"url\":\"https:\\\/\\\/colombiainteligente.org\\\/wp-content\\\/uploads\\\/2022\\\/07\\\/Image.png\",\"contentUrl\":\"https:\\\/\\\/colombiainteligente.org\\\/wp-content\\\/uploads\\\/2022\\\/07\\\/Image.png\",\"width\":588,\"height\":274,\"caption\":\"Colombia Inteligente\"},\"image\":{\"@id\":\"https:\\\/\\\/colombiainteligente.org\\\/#\\\/schema\\\/logo\\\/image\\\/\"},\"sameAs\":[\"https:\\\/\\\/x.com\\\/colombiaintelig\",\"https:\\\/\\\/www.linkedin.com\\\/company\\\/colombiainteligente\\\/\"]},{\"@type\":\"Person\",\"@id\":\"https:\\\/\\\/colombiainteligente.org\\\/#\\\/schema\\\/person\\\/e207145d548b75a6d339ff1d4d3b0432\",\"name\":\"DIFUSI\u00d3N COLOMBIA INTELIGENTE\",\"image\":{\"@type\":\"ImageObject\",\"inLanguage\":\"es-CO\",\"@id\":\"https:\\\/\\\/secure.gravatar.com\\\/avatar\\\/df2e679ff2abf288cf4bf58830dad897e596908105ec8969f50f748a6d837869?s=96&d=mm&r=g\",\"url\":\"https:\\\/\\\/secure.gravatar.com\\\/avatar\\\/df2e679ff2abf288cf4bf58830dad897e596908105ec8969f50f748a6d837869?s=96&d=mm&r=g\",\"contentUrl\":\"https:\\\/\\\/secure.gravatar.com\\\/avatar\\\/df2e679ff2abf288cf4bf58830dad897e596908105ec8969f50f748a6d837869?s=96&d=mm&r=g\",\"caption\":\"DIFUSI\u00d3N COLOMBIA INTELIGENTE\"},\"url\":\"https:\\\/\\\/colombiainteligente.org\\\/es_co\\\/author\\\/difusioncolombiainteligente-org\\\/\"}]}<\/script>\n<!-- \/ Yoast SEO plugin. -->","yoast_head_json":{"title":"Gas eficiente a\u00fan no llega a hogares vulnerables - Colombia Inteligente","robots":{"index":"index","follow":"follow","max-snippet":"max-snippet:-1","max-image-preview":"max-image-preview:large","max-video-preview":"max-video-preview:-1"},"canonical":"https:\/\/colombiainteligente.org\/es_co\/noticias-sectoriales\/gas-eficiente-aun-no-llega-a-hogares-vulnerables\/","og_locale":"es_ES","og_type":"article","og_title":"Gas eficiente a\u00fan no llega a hogares vulnerables - Colombia Inteligente","og_description":"ICF identifica barreras que frenan programas de eficiencia en gas para hogares de bajos ingresos. El desaf\u00edo es redise\u00f1ar medidas alrededor del acceso real y no solo de la tecnolog\u00eda ofrecida.","og_url":"https:\/\/colombiainteligente.org\/es_co\/noticias-sectoriales\/gas-eficiente-aun-no-llega-a-hogares-vulnerables\/","og_site_name":"Colombia Inteligente","article_published_time":"2026-04-20T16:46:17+00:00","article_modified_time":"2026-04-20T16:48:37+00:00","og_image":[{"width":1030,"height":421,"url":"https:\/\/colombiainteligente.org\/wp-content\/uploads\/2026\/04\/451210426-07.webp","type":"image\/webp"}],"author":"DIFUSI\u00d3N COLOMBIA INTELIGENTE","twitter_card":"summary_large_image","twitter_creator":"@colombiaintelig","twitter_site":"@colombiaintelig","twitter_misc":{"Escrito por":"DIFUSI\u00d3N COLOMBIA INTELIGENTE","Tiempo estimado de lectura":"2 minutos"},"schema":{"@context":"https:\/\/schema.org","@graph":[{"@type":"Article","@id":"https:\/\/colombiainteligente.org\/noticias-sectoriales\/gas-eficiente-aun-no-llega-a-hogares-vulnerables\/#article","isPartOf":{"@id":"https:\/\/colombiainteligente.org\/noticias-sectoriales\/gas-eficiente-aun-no-llega-a-hogares-vulnerables\/"},"author":{"name":"DIFUSI\u00d3N COLOMBIA INTELIGENTE","@id":"https:\/\/colombiainteligente.org\/#\/schema\/person\/e207145d548b75a6d339ff1d4d3b0432"},"headline":"Gas eficiente a\u00fan no llega a hogares vulnerables","datePublished":"2026-04-20T16:46:17+00:00","dateModified":"2026-04-20T16:48:37+00:00","mainEntityOfPage":{"@id":"https:\/\/colombiainteligente.org\/noticias-sectoriales\/gas-eficiente-aun-no-llega-a-hogares-vulnerables\/"},"wordCount":351,"commentCount":0,"publisher":{"@id":"https:\/\/colombiainteligente.org\/#organization"},"image":{"@id":"https:\/\/colombiainteligente.org\/noticias-sectoriales\/gas-eficiente-aun-no-llega-a-hogares-vulnerables\/#primaryimage"},"thumbnailUrl":"https:\/\/colombiainteligente.org\/wp-content\/uploads\/2026\/04\/451210426-07.webp","articleSection":["Noticias Sectoriales"],"inLanguage":"es-CO","potentialAction":[{"@type":"CommentAction","name":"Comment","target":["https:\/\/colombiainteligente.org\/noticias-sectoriales\/gas-eficiente-aun-no-llega-a-hogares-vulnerables\/#respond"]}]},{"@type":"WebPage","@id":"https:\/\/colombiainteligente.org\/noticias-sectoriales\/gas-eficiente-aun-no-llega-a-hogares-vulnerables\/","url":"https:\/\/colombiainteligente.org\/noticias-sectoriales\/gas-eficiente-aun-no-llega-a-hogares-vulnerables\/","name":"Gas eficiente a\u00fan no llega a hogares vulnerables - Colombia Inteligente","isPartOf":{"@id":"https:\/\/colombiainteligente.org\/#website"},"primaryImageOfPage":{"@id":"https:\/\/colombiainteligente.org\/noticias-sectoriales\/gas-eficiente-aun-no-llega-a-hogares-vulnerables\/#primaryimage"},"image":{"@id":"https:\/\/colombiainteligente.org\/noticias-sectoriales\/gas-eficiente-aun-no-llega-a-hogares-vulnerables\/#primaryimage"},"thumbnailUrl":"https:\/\/colombiainteligente.org\/wp-content\/uploads\/2026\/04\/451210426-07.webp","datePublished":"2026-04-20T16:46:17+00:00","dateModified":"2026-04-20T16:48:37+00:00","breadcrumb":{"@id":"https:\/\/colombiainteligente.org\/noticias-sectoriales\/gas-eficiente-aun-no-llega-a-hogares-vulnerables\/#breadcrumb"},"inLanguage":"es-CO","potentialAction":[{"@type":"ReadAction","target":["https:\/\/colombiainteligente.org\/noticias-sectoriales\/gas-eficiente-aun-no-llega-a-hogares-vulnerables\/"]}]},{"@type":"ImageObject","inLanguage":"es-CO","@id":"https:\/\/colombiainteligente.org\/noticias-sectoriales\/gas-eficiente-aun-no-llega-a-hogares-vulnerables\/#primaryimage","url":"https:\/\/colombiainteligente.org\/wp-content\/uploads\/2026\/04\/451210426-07.webp","contentUrl":"https:\/\/colombiainteligente.org\/wp-content\/uploads\/2026\/04\/451210426-07.webp","width":1030,"height":421,"caption":"El dispositivo que se muestra en el \u00e1rea seleccionada es una tablet industrial, herramienta utilizada por un t\u00e9cnico de HVAC (calefacci\u00f3n, ventilaci\u00f3n y aire acondicionado) en labores de inspecci\u00f3n y diagn\u00f3stico."},{"@type":"BreadcrumbList","@id":"https:\/\/colombiainteligente.org\/noticias-sectoriales\/gas-eficiente-aun-no-llega-a-hogares-vulnerables\/#breadcrumb","itemListElement":[{"@type":"ListItem","position":1,"name":"Portada","item":"https:\/\/colombiainteligente.org\/"},{"@type":"ListItem","position":2,"name":"Gas eficiente a\u00fan no llega a hogares vulnerables"}]},{"@type":"WebSite","@id":"https:\/\/colombiainteligente.org\/#website","url":"https:\/\/colombiainteligente.org\/","name":"Colombia Inteligente","description":"Alianza estrat\u00e9gica, conformada por empresas y entidades, para la inserci\u00f3n integral y eficiente de las redes inteligentes a la infraestructura del sector el\u00e9ctrico colombiano","publisher":{"@id":"https:\/\/colombiainteligente.org\/#organization"},"potentialAction":[{"@type":"SearchAction","target":{"@type":"EntryPoint","urlTemplate":"https:\/\/colombiainteligente.org\/?s={search_term_string}"},"query-input":{"@type":"PropertyValueSpecification","valueRequired":true,"valueName":"search_term_string"}}],"inLanguage":"es-CO"},{"@type":"Organization","@id":"https:\/\/colombiainteligente.org\/#organization","name":"Colombia Inteligente","url":"https:\/\/colombiainteligente.org\/","logo":{"@type":"ImageObject","inLanguage":"es-CO","@id":"https:\/\/colombiainteligente.org\/#\/schema\/logo\/image\/","url":"https:\/\/colombiainteligente.org\/wp-content\/uploads\/2022\/07\/Image.png","contentUrl":"https:\/\/colombiainteligente.org\/wp-content\/uploads\/2022\/07\/Image.png","width":588,"height":274,"caption":"Colombia Inteligente"},"image":{"@id":"https:\/\/colombiainteligente.org\/#\/schema\/logo\/image\/"},"sameAs":["https:\/\/x.com\/colombiaintelig","https:\/\/www.linkedin.com\/company\/colombiainteligente\/"]},{"@type":"Person","@id":"https:\/\/colombiainteligente.org\/#\/schema\/person\/e207145d548b75a6d339ff1d4d3b0432","name":"DIFUSI\u00d3N COLOMBIA INTELIGENTE","image":{"@type":"ImageObject","inLanguage":"es-CO","@id":"https:\/\/secure.gravatar.com\/avatar\/df2e679ff2abf288cf4bf58830dad897e596908105ec8969f50f748a6d837869?s=96&d=mm&r=g","url":"https:\/\/secure.gravatar.com\/avatar\/df2e679ff2abf288cf4bf58830dad897e596908105ec8969f50f748a6d837869?s=96&d=mm&r=g","contentUrl":"https:\/\/secure.gravatar.com\/avatar\/df2e679ff2abf288cf4bf58830dad897e596908105ec8969f50f748a6d837869?s=96&d=mm&r=g","caption":"DIFUSI\u00d3N COLOMBIA INTELIGENTE"},"url":"https:\/\/colombiainteligente.org\/es_co\/author\/difusioncolombiainteligente-org\/"}]}},"_links":{"self":[{"href":"https:\/\/colombiainteligente.org\/es_co\/wp-json\/wp\/v2\/posts\/69338","targetHints":{"allow":["GET"]}}],"collection":[{"href":"https:\/\/colombiainteligente.org\/es_co\/wp-json\/wp\/v2\/posts"}],"about":[{"href":"https:\/\/colombiainteligente.org\/es_co\/wp-json\/wp\/v2\/types\/post"}],"author":[{"embeddable":true,"href":"https:\/\/colombiainteligente.org\/es_co\/wp-json\/wp\/v2\/users\/23"}],"replies":[{"embeddable":true,"href":"https:\/\/colombiainteligente.org\/es_co\/wp-json\/wp\/v2\/comments?post=69338"}],"version-history":[{"count":7,"href":"https:\/\/colombiainteligente.org\/es_co\/wp-json\/wp\/v2\/posts\/69338\/revisions"}],"predecessor-version":[{"id":69347,"href":"https:\/\/colombiainteligente.org\/es_co\/wp-json\/wp\/v2\/posts\/69338\/revisions\/69347"}],"wp:featuredmedia":[{"embeddable":true,"href":"https:\/\/colombiainteligente.org\/es_co\/wp-json\/wp\/v2\/media\/69339"}],"wp:attachment":[{"href":"https:\/\/colombiainteligente.org\/es_co\/wp-json\/wp\/v2\/media?parent=69338"}],"wp:term":[{"taxonomy":"category","embeddable":true,"href":"https:\/\/colombiainteligente.org\/es_co\/wp-json\/wp\/v2\/categories?post=69338"},{"taxonomy":"post_tag","embeddable":true,"href":"https:\/\/colombiainteligente.org\/es_co\/wp-json\/wp\/v2\/tags?post=69338"}],"curies":[{"name":"wp","href":"https:\/\/api.w.org\/{rel}","templated":true}]}}