{"id":69348,"date":"2026-04-20T11:52:57","date_gmt":"2026-04-20T16:52:57","guid":{"rendered":"https:\/\/colombiainteligente.org\/?p=69348"},"modified":"2026-04-20T11:57:42","modified_gmt":"2026-04-20T16:57:42","slug":"el-shale-internacional-vuelve-con-foco-mas-selectivo","status":"publish","type":"post","link":"https:\/\/colombiainteligente.org\/es_co\/noticias-sectoriales\/el-shale-internacional-vuelve-con-foco-mas-selectivo\/","title":{"rendered":"El shale internacional vuelve con foco m\u00e1s selectivo"},"content":{"rendered":"<div data-elementor-type=\"wp-post\" data-elementor-id=\"69348\" class=\"elementor elementor-69348\" data-elementor-post-type=\"post\">\n\t\t\t\t\t\t\t\t\t<section class=\"elementor-section elementor-top-section elementor-element elementor-element-87c6aa2 elementor-section-boxed elementor-section-height-default elementor-section-height-default\" data-id=\"87c6aa2\" data-element_type=\"section\">\n\t\t\t\t\t\t<div class=\"elementor-container elementor-column-gap-default\">\n\t\t\t\t\t<div class=\"elementor-column elementor-col-100 elementor-top-column elementor-element elementor-element-558bb819\" data-id=\"558bb819\" data-element_type=\"column\">\n\t\t\t<div class=\"elementor-widget-wrap elementor-element-populated\">\n\t\t\t\t\t\t\t\t<div class=\"elementor-element elementor-element-3067325c elementor-widget elementor-widget-text-editor\" data-id=\"3067325c\" data-element_type=\"widget\" data-widget_type=\"text-editor.default\">\n\t\t\t\t<div class=\"elementor-widget-container\">\n\t\t\t<style>\/*! elementor - v3.14.0 - 26-06-2023 *\/\n.elementor-widget-text-editor.elementor-drop-cap-view-stacked .elementor-drop-cap{background-color:#69727d;color:#fff}.elementor-widget-text-editor.elementor-drop-cap-view-framed .elementor-drop-cap{color:#69727d;border:3px solid;background-color:transparent}.elementor-widget-text-editor:not(.elementor-drop-cap-view-default) .elementor-drop-cap{margin-top:8px}.elementor-widget-text-editor:not(.elementor-drop-cap-view-default) .elementor-drop-cap-letter{width:1em;height:1em}.elementor-widget-text-editor .elementor-drop-cap{float:left;text-align:center;line-height:1;font-size:50px}.elementor-widget-text-editor .elementor-drop-cap-letter{display:inline-block}<\/style>\t\t\t\t<p style=\"margin: 0in; font-family: Arial; font-size: 10.0pt;\">Wood Mackenzie sostiene que la industria de exploraci\u00f3n y producci\u00f3n est\u00e1 regresando a la exploraci\u00f3n internacional de shale con una base mucho m\u00e1s s\u00f3lida que en la d\u00e9cada pasada. El informe recuerda que el shale estadounidense fue durante veinte a\u00f1os uno de los principales motores de crecimiento del sector global, pero hoy ese ciclo entra en una etapa m\u00e1s madura. A diferencia de la primera ola internacional, cuando muchas compa\u00f1\u00edas abandonaron prospectos externos para concentrarse en opciones m\u00e1s baratas y menos riesgosas del P\u00e9rmico, el nuevo intento se produce sin la presencia de una frontera estadounidense equivalente capaz de absorber todo el capital y la atenci\u00f3n t\u00e9cnica. La firma cree que la combinaci\u00f3n de conflicto en Medio Oriente y mayor inter\u00e9s por seguridad de suministro est\u00e1 haciendo que el shale internacional vuelva a entrar en foco.<\/p><p style=\"margin: 0in; font-family: Arial; font-size: 10.0pt;\">\u00a0<\/p><p style=\"margin: 0in; font-family: Arial; font-size: 10.0pt;\">El an\u00e1lisis subraya que el fracaso parcial de la primera ola no se debi\u00f3 a la ausencia de recursos prometedores, sino a que aparecieron mejores oportunidades en Norteam\u00e9rica. Hoy el contexto cambi\u00f3. La tecnolog\u00eda redujo costos de suministro, los exploradores cuentan con mejores datos y son mucho m\u00e1s selectivos al elegir proyectos. Wood Mackenzie destaca dos casos de escala ya visibles fuera de Estados Unidos: Vaca Muerta en Argentina y Jafurah en Arabia Saudita. Ambos muestran que el know how del shale puede trasladarse, al menos en ciertos contextos, y abrir mercados con nuevas trayectorias de crecimiento. El documento tambi\u00e9n menciona a Argelia, Emiratos \u00c1rabes Unidos, M\u00e9xico, Australia, Turqu\u00eda e Indonesia como pa\u00edses que avanzan en recursos no convencionales para reforzar objetivos de seguridad energ\u00e9tica y diversificaci\u00f3n de oferta.<\/p><p style=\"margin: 0in; font-family: Arial; font-size: 10.0pt;\">\u00a0<\/p><p style=\"margin: 0in; font-family: Arial; font-size: 10.0pt;\">La lectura de convergencia y sostenibilidad es compleja. Por un lado, el shale internacional aparece como respuesta pragm\u00e1tica a riesgos geopol\u00edticos y a la necesidad de nuevas fuentes dom\u00e9sticas o diversificadas de petr\u00f3leo y gas. Por otro, reabre tensiones sobre el lugar de los hidrocarburos no convencionales en un escenario de transici\u00f3n energ\u00e9tica.<\/p><p align=\"justify\"><span style=\"color: #800000;\"><b>Para leer m\u00e1s ingrese a:<\/b><\/span><\/p><p>https:\/\/www.woodmac.com\/horizons\/upstream-return-to-international-shale-exploration\/<\/p>\t\t\t\t\t\t<\/div>\n\t\t\t\t<\/div>\n\t\t\t\t\t<\/div>\n\t\t<\/div>\n\t\t\t\t\t\t\t<\/div>\n\t\t<\/section>\n\t\t\t\t\t\t\t<\/div>\n\t\t<div style=\"text-align:center\" class=\"yasr-auto-insert-visitor\"><\/div>","protected":false},"excerpt":{"rendered":"<p>Wood Mackenzie ve un regreso de la exploraci\u00f3n internacional de shale con mejores datos y menos distracciones desde Estados Unidos. El giro responde a seguridad energ\u00e9tica, madurez tecnol\u00f3gica y b\u00fasqueda de escala.<\/p>","protected":false},"author":23,"featured_media":69349,"comment_status":"open","ping_status":"open","sticky":false,"template":"","format":"standard","meta":{"yasr_overall_rating":0,"yasr_post_is_review":"","yasr_auto_insert_disabled":"","yasr_review_type":"","footnotes":""},"categories":[52],"tags":[],"class_list":["post-69348","post","type-post","status-publish","format-standard","has-post-thumbnail","hentry","category-noticias-sectoriales"],"yasr_visitor_votes":{"number_of_votes":0,"sum_votes":0,"stars_attributes":{"read_only":false,"span_bottom":false}},"yoast_head":"<!-- This site is optimized with the Yoast SEO plugin v27.3 - https:\/\/yoast.com\/product\/yoast-seo-wordpress\/ -->\n<title>El shale internacional vuelve con foco m\u00e1s selectivo - Colombia Inteligente<\/title>\n<meta name=\"robots\" content=\"index, follow, max-snippet:-1, max-image-preview:large, max-video-preview:-1\" \/>\n<link rel=\"canonical\" href=\"https:\/\/colombiainteligente.org\/es_co\/noticias-sectoriales\/el-shale-internacional-vuelve-con-foco-mas-selectivo\/\" \/>\n<meta property=\"og:locale\" content=\"es_ES\" \/>\n<meta property=\"og:type\" content=\"article\" \/>\n<meta property=\"og:title\" content=\"El shale internacional vuelve con foco m\u00e1s selectivo - Colombia Inteligente\" \/>\n<meta property=\"og:description\" content=\"Wood Mackenzie ve un regreso de la exploraci\u00f3n internacional de shale con mejores datos y menos distracciones desde Estados Unidos. El giro responde a seguridad energ\u00e9tica, madurez tecnol\u00f3gica y b\u00fasqueda de escala.\" \/>\n<meta property=\"og:url\" content=\"https:\/\/colombiainteligente.org\/es_co\/noticias-sectoriales\/el-shale-internacional-vuelve-con-foco-mas-selectivo\/\" \/>\n<meta property=\"og:site_name\" content=\"Colombia Inteligente\" \/>\n<meta property=\"article:published_time\" content=\"2026-04-20T16:52:57+00:00\" \/>\n<meta property=\"article:modified_time\" content=\"2026-04-20T16:57:42+00:00\" \/>\n<meta property=\"og:image\" content=\"https:\/\/colombiainteligente.org\/wp-content\/uploads\/2026\/04\/451210426-08.webp\" \/>\n\t<meta property=\"og:image:width\" content=\"560\" \/>\n\t<meta property=\"og:image:height\" content=\"882\" \/>\n\t<meta property=\"og:image:type\" content=\"image\/webp\" \/>\n<meta name=\"author\" content=\"DIFUSI\u00d3N COLOMBIA INTELIGENTE\" \/>\n<meta name=\"twitter:card\" content=\"summary_large_image\" \/>\n<meta name=\"twitter:creator\" content=\"@colombiaintelig\" \/>\n<meta name=\"twitter:site\" content=\"@colombiaintelig\" \/>\n<meta name=\"twitter:label1\" content=\"Escrito por\" \/>\n\t<meta name=\"twitter:data1\" content=\"DIFUSI\u00d3N COLOMBIA INTELIGENTE\" \/>\n\t<meta name=\"twitter:label2\" content=\"Tiempo estimado de lectura\" \/>\n\t<meta name=\"twitter:data2\" content=\"2 minutos\" \/>\n<script type=\"application\/ld+json\" class=\"yoast-schema-graph\">{\"@context\":\"https:\\\/\\\/schema.org\",\"@graph\":[{\"@type\":\"Article\",\"@id\":\"https:\\\/\\\/colombiainteligente.org\\\/noticias-sectoriales\\\/el-shale-internacional-vuelve-con-foco-mas-selectivo\\\/#article\",\"isPartOf\":{\"@id\":\"https:\\\/\\\/colombiainteligente.org\\\/noticias-sectoriales\\\/el-shale-internacional-vuelve-con-foco-mas-selectivo\\\/\"},\"author\":{\"name\":\"DIFUSI\u00d3N COLOMBIA INTELIGENTE\",\"@id\":\"https:\\\/\\\/colombiainteligente.org\\\/#\\\/schema\\\/person\\\/e207145d548b75a6d339ff1d4d3b0432\"},\"headline\":\"El shale internacional vuelve con foco m\u00e1s selectivo\",\"datePublished\":\"2026-04-20T16:52:57+00:00\",\"dateModified\":\"2026-04-20T16:57:42+00:00\",\"mainEntityOfPage\":{\"@id\":\"https:\\\/\\\/colombiainteligente.org\\\/noticias-sectoriales\\\/el-shale-internacional-vuelve-con-foco-mas-selectivo\\\/\"},\"wordCount\":370,\"commentCount\":0,\"publisher\":{\"@id\":\"https:\\\/\\\/colombiainteligente.org\\\/#organization\"},\"image\":{\"@id\":\"https:\\\/\\\/colombiainteligente.org\\\/noticias-sectoriales\\\/el-shale-internacional-vuelve-con-foco-mas-selectivo\\\/#primaryimage\"},\"thumbnailUrl\":\"https:\\\/\\\/colombiainteligente.org\\\/wp-content\\\/uploads\\\/2026\\\/04\\\/451210426-08.webp\",\"articleSection\":[\"Noticias Sectoriales\"],\"inLanguage\":\"es-CO\",\"potentialAction\":[{\"@type\":\"CommentAction\",\"name\":\"Comment\",\"target\":[\"https:\\\/\\\/colombiainteligente.org\\\/noticias-sectoriales\\\/el-shale-internacional-vuelve-con-foco-mas-selectivo\\\/#respond\"]}]},{\"@type\":\"WebPage\",\"@id\":\"https:\\\/\\\/colombiainteligente.org\\\/noticias-sectoriales\\\/el-shale-internacional-vuelve-con-foco-mas-selectivo\\\/\",\"url\":\"https:\\\/\\\/colombiainteligente.org\\\/noticias-sectoriales\\\/el-shale-internacional-vuelve-con-foco-mas-selectivo\\\/\",\"name\":\"El shale internacional vuelve con foco m\u00e1s selectivo - Colombia Inteligente\",\"isPartOf\":{\"@id\":\"https:\\\/\\\/colombiainteligente.org\\\/#website\"},\"primaryImageOfPage\":{\"@id\":\"https:\\\/\\\/colombiainteligente.org\\\/noticias-sectoriales\\\/el-shale-internacional-vuelve-con-foco-mas-selectivo\\\/#primaryimage\"},\"image\":{\"@id\":\"https:\\\/\\\/colombiainteligente.org\\\/noticias-sectoriales\\\/el-shale-internacional-vuelve-con-foco-mas-selectivo\\\/#primaryimage\"},\"thumbnailUrl\":\"https:\\\/\\\/colombiainteligente.org\\\/wp-content\\\/uploads\\\/2026\\\/04\\\/451210426-08.webp\",\"datePublished\":\"2026-04-20T16:52:57+00:00\",\"dateModified\":\"2026-04-20T16:57:42+00:00\",\"breadcrumb\":{\"@id\":\"https:\\\/\\\/colombiainteligente.org\\\/noticias-sectoriales\\\/el-shale-internacional-vuelve-con-foco-mas-selectivo\\\/#breadcrumb\"},\"inLanguage\":\"es-CO\",\"potentialAction\":[{\"@type\":\"ReadAction\",\"target\":[\"https:\\\/\\\/colombiainteligente.org\\\/noticias-sectoriales\\\/el-shale-internacional-vuelve-con-foco-mas-selectivo\\\/\"]}]},{\"@type\":\"ImageObject\",\"inLanguage\":\"es-CO\",\"@id\":\"https:\\\/\\\/colombiainteligente.org\\\/noticias-sectoriales\\\/el-shale-internacional-vuelve-con-foco-mas-selectivo\\\/#primaryimage\",\"url\":\"https:\\\/\\\/colombiainteligente.org\\\/wp-content\\\/uploads\\\/2026\\\/04\\\/451210426-08.webp\",\"contentUrl\":\"https:\\\/\\\/colombiainteligente.org\\\/wp-content\\\/uploads\\\/2026\\\/04\\\/451210426-08.webp\",\"width\":560,\"height\":882,\"caption\":\"Esta imagen muestra una torre de perforaci\u00f3n terrestre (com\u00fanmente llamada rig), la pieza central de la infraestructura para extraer petr\u00f3leo o gas natural.\"},{\"@type\":\"BreadcrumbList\",\"@id\":\"https:\\\/\\\/colombiainteligente.org\\\/noticias-sectoriales\\\/el-shale-internacional-vuelve-con-foco-mas-selectivo\\\/#breadcrumb\",\"itemListElement\":[{\"@type\":\"ListItem\",\"position\":1,\"name\":\"Portada\",\"item\":\"https:\\\/\\\/colombiainteligente.org\\\/\"},{\"@type\":\"ListItem\",\"position\":2,\"name\":\"El shale internacional vuelve con foco m\u00e1s selectivo\"}]},{\"@type\":\"WebSite\",\"@id\":\"https:\\\/\\\/colombiainteligente.org\\\/#website\",\"url\":\"https:\\\/\\\/colombiainteligente.org\\\/\",\"name\":\"Colombia Inteligente\",\"description\":\"Alianza estrat\u00e9gica, conformada por empresas y entidades, para la inserci\u00f3n integral y eficiente de las redes inteligentes a la infraestructura del sector el\u00e9ctrico colombiano\",\"publisher\":{\"@id\":\"https:\\\/\\\/colombiainteligente.org\\\/#organization\"},\"potentialAction\":[{\"@type\":\"SearchAction\",\"target\":{\"@type\":\"EntryPoint\",\"urlTemplate\":\"https:\\\/\\\/colombiainteligente.org\\\/?s={search_term_string}\"},\"query-input\":{\"@type\":\"PropertyValueSpecification\",\"valueRequired\":true,\"valueName\":\"search_term_string\"}}],\"inLanguage\":\"es-CO\"},{\"@type\":\"Organization\",\"@id\":\"https:\\\/\\\/colombiainteligente.org\\\/#organization\",\"name\":\"Colombia Inteligente\",\"url\":\"https:\\\/\\\/colombiainteligente.org\\\/\",\"logo\":{\"@type\":\"ImageObject\",\"inLanguage\":\"es-CO\",\"@id\":\"https:\\\/\\\/colombiainteligente.org\\\/#\\\/schema\\\/logo\\\/image\\\/\",\"url\":\"https:\\\/\\\/colombiainteligente.org\\\/wp-content\\\/uploads\\\/2022\\\/07\\\/Image.png\",\"contentUrl\":\"https:\\\/\\\/colombiainteligente.org\\\/wp-content\\\/uploads\\\/2022\\\/07\\\/Image.png\",\"width\":588,\"height\":274,\"caption\":\"Colombia Inteligente\"},\"image\":{\"@id\":\"https:\\\/\\\/colombiainteligente.org\\\/#\\\/schema\\\/logo\\\/image\\\/\"},\"sameAs\":[\"https:\\\/\\\/x.com\\\/colombiaintelig\",\"https:\\\/\\\/www.linkedin.com\\\/company\\\/colombiainteligente\\\/\"]},{\"@type\":\"Person\",\"@id\":\"https:\\\/\\\/colombiainteligente.org\\\/#\\\/schema\\\/person\\\/e207145d548b75a6d339ff1d4d3b0432\",\"name\":\"DIFUSI\u00d3N COLOMBIA INTELIGENTE\",\"image\":{\"@type\":\"ImageObject\",\"inLanguage\":\"es-CO\",\"@id\":\"https:\\\/\\\/secure.gravatar.com\\\/avatar\\\/df2e679ff2abf288cf4bf58830dad897e596908105ec8969f50f748a6d837869?s=96&d=mm&r=g\",\"url\":\"https:\\\/\\\/secure.gravatar.com\\\/avatar\\\/df2e679ff2abf288cf4bf58830dad897e596908105ec8969f50f748a6d837869?s=96&d=mm&r=g\",\"contentUrl\":\"https:\\\/\\\/secure.gravatar.com\\\/avatar\\\/df2e679ff2abf288cf4bf58830dad897e596908105ec8969f50f748a6d837869?s=96&d=mm&r=g\",\"caption\":\"DIFUSI\u00d3N COLOMBIA INTELIGENTE\"},\"url\":\"https:\\\/\\\/colombiainteligente.org\\\/es_co\\\/author\\\/difusioncolombiainteligente-org\\\/\"}]}<\/script>\n<!-- \/ Yoast SEO plugin. -->","yoast_head_json":{"title":"El shale internacional vuelve con foco m\u00e1s selectivo - Colombia Inteligente","robots":{"index":"index","follow":"follow","max-snippet":"max-snippet:-1","max-image-preview":"max-image-preview:large","max-video-preview":"max-video-preview:-1"},"canonical":"https:\/\/colombiainteligente.org\/es_co\/noticias-sectoriales\/el-shale-internacional-vuelve-con-foco-mas-selectivo\/","og_locale":"es_ES","og_type":"article","og_title":"El shale internacional vuelve con foco m\u00e1s selectivo - Colombia Inteligente","og_description":"Wood Mackenzie ve un regreso de la exploraci\u00f3n internacional de shale con mejores datos y menos distracciones desde Estados Unidos. El giro responde a seguridad energ\u00e9tica, madurez tecnol\u00f3gica y b\u00fasqueda de escala.","og_url":"https:\/\/colombiainteligente.org\/es_co\/noticias-sectoriales\/el-shale-internacional-vuelve-con-foco-mas-selectivo\/","og_site_name":"Colombia Inteligente","article_published_time":"2026-04-20T16:52:57+00:00","article_modified_time":"2026-04-20T16:57:42+00:00","og_image":[{"width":560,"height":882,"url":"https:\/\/colombiainteligente.org\/wp-content\/uploads\/2026\/04\/451210426-08.webp","type":"image\/webp"}],"author":"DIFUSI\u00d3N COLOMBIA INTELIGENTE","twitter_card":"summary_large_image","twitter_creator":"@colombiaintelig","twitter_site":"@colombiaintelig","twitter_misc":{"Escrito por":"DIFUSI\u00d3N COLOMBIA INTELIGENTE","Tiempo estimado de lectura":"2 minutos"},"schema":{"@context":"https:\/\/schema.org","@graph":[{"@type":"Article","@id":"https:\/\/colombiainteligente.org\/noticias-sectoriales\/el-shale-internacional-vuelve-con-foco-mas-selectivo\/#article","isPartOf":{"@id":"https:\/\/colombiainteligente.org\/noticias-sectoriales\/el-shale-internacional-vuelve-con-foco-mas-selectivo\/"},"author":{"name":"DIFUSI\u00d3N COLOMBIA INTELIGENTE","@id":"https:\/\/colombiainteligente.org\/#\/schema\/person\/e207145d548b75a6d339ff1d4d3b0432"},"headline":"El shale internacional vuelve con foco m\u00e1s selectivo","datePublished":"2026-04-20T16:52:57+00:00","dateModified":"2026-04-20T16:57:42+00:00","mainEntityOfPage":{"@id":"https:\/\/colombiainteligente.org\/noticias-sectoriales\/el-shale-internacional-vuelve-con-foco-mas-selectivo\/"},"wordCount":370,"commentCount":0,"publisher":{"@id":"https:\/\/colombiainteligente.org\/#organization"},"image":{"@id":"https:\/\/colombiainteligente.org\/noticias-sectoriales\/el-shale-internacional-vuelve-con-foco-mas-selectivo\/#primaryimage"},"thumbnailUrl":"https:\/\/colombiainteligente.org\/wp-content\/uploads\/2026\/04\/451210426-08.webp","articleSection":["Noticias Sectoriales"],"inLanguage":"es-CO","potentialAction":[{"@type":"CommentAction","name":"Comment","target":["https:\/\/colombiainteligente.org\/noticias-sectoriales\/el-shale-internacional-vuelve-con-foco-mas-selectivo\/#respond"]}]},{"@type":"WebPage","@id":"https:\/\/colombiainteligente.org\/noticias-sectoriales\/el-shale-internacional-vuelve-con-foco-mas-selectivo\/","url":"https:\/\/colombiainteligente.org\/noticias-sectoriales\/el-shale-internacional-vuelve-con-foco-mas-selectivo\/","name":"El shale internacional vuelve con foco m\u00e1s selectivo - Colombia Inteligente","isPartOf":{"@id":"https:\/\/colombiainteligente.org\/#website"},"primaryImageOfPage":{"@id":"https:\/\/colombiainteligente.org\/noticias-sectoriales\/el-shale-internacional-vuelve-con-foco-mas-selectivo\/#primaryimage"},"image":{"@id":"https:\/\/colombiainteligente.org\/noticias-sectoriales\/el-shale-internacional-vuelve-con-foco-mas-selectivo\/#primaryimage"},"thumbnailUrl":"https:\/\/colombiainteligente.org\/wp-content\/uploads\/2026\/04\/451210426-08.webp","datePublished":"2026-04-20T16:52:57+00:00","dateModified":"2026-04-20T16:57:42+00:00","breadcrumb":{"@id":"https:\/\/colombiainteligente.org\/noticias-sectoriales\/el-shale-internacional-vuelve-con-foco-mas-selectivo\/#breadcrumb"},"inLanguage":"es-CO","potentialAction":[{"@type":"ReadAction","target":["https:\/\/colombiainteligente.org\/noticias-sectoriales\/el-shale-internacional-vuelve-con-foco-mas-selectivo\/"]}]},{"@type":"ImageObject","inLanguage":"es-CO","@id":"https:\/\/colombiainteligente.org\/noticias-sectoriales\/el-shale-internacional-vuelve-con-foco-mas-selectivo\/#primaryimage","url":"https:\/\/colombiainteligente.org\/wp-content\/uploads\/2026\/04\/451210426-08.webp","contentUrl":"https:\/\/colombiainteligente.org\/wp-content\/uploads\/2026\/04\/451210426-08.webp","width":560,"height":882,"caption":"Esta imagen muestra una torre de perforaci\u00f3n terrestre (com\u00fanmente llamada rig), la pieza central de la infraestructura para extraer petr\u00f3leo o gas natural."},{"@type":"BreadcrumbList","@id":"https:\/\/colombiainteligente.org\/noticias-sectoriales\/el-shale-internacional-vuelve-con-foco-mas-selectivo\/#breadcrumb","itemListElement":[{"@type":"ListItem","position":1,"name":"Portada","item":"https:\/\/colombiainteligente.org\/"},{"@type":"ListItem","position":2,"name":"El shale internacional vuelve con foco m\u00e1s selectivo"}]},{"@type":"WebSite","@id":"https:\/\/colombiainteligente.org\/#website","url":"https:\/\/colombiainteligente.org\/","name":"Colombia Inteligente","description":"Alianza estrat\u00e9gica, conformada por empresas y entidades, para la inserci\u00f3n integral y eficiente de las redes inteligentes a la infraestructura del sector el\u00e9ctrico colombiano","publisher":{"@id":"https:\/\/colombiainteligente.org\/#organization"},"potentialAction":[{"@type":"SearchAction","target":{"@type":"EntryPoint","urlTemplate":"https:\/\/colombiainteligente.org\/?s={search_term_string}"},"query-input":{"@type":"PropertyValueSpecification","valueRequired":true,"valueName":"search_term_string"}}],"inLanguage":"es-CO"},{"@type":"Organization","@id":"https:\/\/colombiainteligente.org\/#organization","name":"Colombia Inteligente","url":"https:\/\/colombiainteligente.org\/","logo":{"@type":"ImageObject","inLanguage":"es-CO","@id":"https:\/\/colombiainteligente.org\/#\/schema\/logo\/image\/","url":"https:\/\/colombiainteligente.org\/wp-content\/uploads\/2022\/07\/Image.png","contentUrl":"https:\/\/colombiainteligente.org\/wp-content\/uploads\/2022\/07\/Image.png","width":588,"height":274,"caption":"Colombia Inteligente"},"image":{"@id":"https:\/\/colombiainteligente.org\/#\/schema\/logo\/image\/"},"sameAs":["https:\/\/x.com\/colombiaintelig","https:\/\/www.linkedin.com\/company\/colombiainteligente\/"]},{"@type":"Person","@id":"https:\/\/colombiainteligente.org\/#\/schema\/person\/e207145d548b75a6d339ff1d4d3b0432","name":"DIFUSI\u00d3N COLOMBIA INTELIGENTE","image":{"@type":"ImageObject","inLanguage":"es-CO","@id":"https:\/\/secure.gravatar.com\/avatar\/df2e679ff2abf288cf4bf58830dad897e596908105ec8969f50f748a6d837869?s=96&d=mm&r=g","url":"https:\/\/secure.gravatar.com\/avatar\/df2e679ff2abf288cf4bf58830dad897e596908105ec8969f50f748a6d837869?s=96&d=mm&r=g","contentUrl":"https:\/\/secure.gravatar.com\/avatar\/df2e679ff2abf288cf4bf58830dad897e596908105ec8969f50f748a6d837869?s=96&d=mm&r=g","caption":"DIFUSI\u00d3N COLOMBIA INTELIGENTE"},"url":"https:\/\/colombiainteligente.org\/es_co\/author\/difusioncolombiainteligente-org\/"}]}},"_links":{"self":[{"href":"https:\/\/colombiainteligente.org\/es_co\/wp-json\/wp\/v2\/posts\/69348","targetHints":{"allow":["GET"]}}],"collection":[{"href":"https:\/\/colombiainteligente.org\/es_co\/wp-json\/wp\/v2\/posts"}],"about":[{"href":"https:\/\/colombiainteligente.org\/es_co\/wp-json\/wp\/v2\/types\/post"}],"author":[{"embeddable":true,"href":"https:\/\/colombiainteligente.org\/es_co\/wp-json\/wp\/v2\/users\/23"}],"replies":[{"embeddable":true,"href":"https:\/\/colombiainteligente.org\/es_co\/wp-json\/wp\/v2\/comments?post=69348"}],"version-history":[{"count":10,"href":"https:\/\/colombiainteligente.org\/es_co\/wp-json\/wp\/v2\/posts\/69348\/revisions"}],"predecessor-version":[{"id":69360,"href":"https:\/\/colombiainteligente.org\/es_co\/wp-json\/wp\/v2\/posts\/69348\/revisions\/69360"}],"wp:featuredmedia":[{"embeddable":true,"href":"https:\/\/colombiainteligente.org\/es_co\/wp-json\/wp\/v2\/media\/69349"}],"wp:attachment":[{"href":"https:\/\/colombiainteligente.org\/es_co\/wp-json\/wp\/v2\/media?parent=69348"}],"wp:term":[{"taxonomy":"category","embeddable":true,"href":"https:\/\/colombiainteligente.org\/es_co\/wp-json\/wp\/v2\/categories?post=69348"},{"taxonomy":"post_tag","embeddable":true,"href":"https:\/\/colombiainteligente.org\/es_co\/wp-json\/wp\/v2\/tags?post=69348"}],"curies":[{"name":"wp","href":"https:\/\/api.w.org\/{rel}","templated":true}]}}