{"id":69685,"date":"2026-04-28T12:34:22","date_gmt":"2026-04-28T17:34:22","guid":{"rendered":"https:\/\/colombiainteligente.org\/?p=69685"},"modified":"2026-04-28T12:37:12","modified_gmt":"2026-04-28T17:37:12","slug":"mas-densidad-si-suma-viviendas-pero-no-en-todas-partes","status":"publish","type":"post","link":"https:\/\/colombiainteligente.org\/es_co\/noticias-sectoriales\/mas-densidad-si-suma-viviendas-pero-no-en-todas-partes\/","title":{"rendered":"M\u00e1s densidad s\u00ed suma viviendas, pero no en todas partes"},"content":{"rendered":"<div data-elementor-type=\"wp-post\" data-elementor-id=\"69685\" class=\"elementor elementor-69685\" data-elementor-post-type=\"post\">\n\t\t\t\t\t\t\t\t\t<section class=\"elementor-section elementor-top-section elementor-element elementor-element-87c6aa2 elementor-section-boxed elementor-section-height-default elementor-section-height-default\" data-id=\"87c6aa2\" data-element_type=\"section\">\n\t\t\t\t\t\t<div class=\"elementor-container elementor-column-gap-default\">\n\t\t\t\t\t<div class=\"elementor-column elementor-col-100 elementor-top-column elementor-element elementor-element-558bb819\" data-id=\"558bb819\" data-element_type=\"column\">\n\t\t\t<div class=\"elementor-widget-wrap elementor-element-populated\">\n\t\t\t\t\t\t\t\t<div class=\"elementor-element elementor-element-3067325c elementor-widget elementor-widget-text-editor\" data-id=\"3067325c\" data-element_type=\"widget\" data-widget_type=\"text-editor.default\">\n\t\t\t\t<div class=\"elementor-widget-container\">\n\t\t\t<style>\/*! elementor - v3.14.0 - 26-06-2023 *\/\n.elementor-widget-text-editor.elementor-drop-cap-view-stacked .elementor-drop-cap{background-color:#69727d;color:#fff}.elementor-widget-text-editor.elementor-drop-cap-view-framed .elementor-drop-cap{color:#69727d;border:3px solid;background-color:transparent}.elementor-widget-text-editor:not(.elementor-drop-cap-view-default) .elementor-drop-cap{margin-top:8px}.elementor-widget-text-editor:not(.elementor-drop-cap-view-default) .elementor-drop-cap-letter{width:1em;height:1em}.elementor-widget-text-editor .elementor-drop-cap{float:left;text-align:center;line-height:1;font-size:50px}.elementor-widget-text-editor .elementor-drop-cap-letter{display:inline-block}<\/style>\t\t\t\t<p style=\"margin: 0in; font-family: Arial; font-size: 9.5pt;\">Smart Cities Dive resume un estudio del Urban Institute que evalu\u00f3 el efecto de pol\u00edticas de recalificaci\u00f3n para mayor densidad en Nueva York y Filadelfia. El resultado general es positivo, aunque matizado. En Nueva York, la recalificaci\u00f3n por barrios produjo 4.000 unidades adicionales de vivienda en cuatro a\u00f1os frente a zonas no recalificadas. En Filadelfia, las \u00e1reas recalificadas registraron un aumento estimado de 4.000 permisos de vivienda al a\u00f1o. El art\u00edculo ubica estos cambios dentro de una respuesta m\u00e1s amplia a la escasez habitacional, luego de que la d\u00e9cada de 2010 registrara el menor n\u00famero de viviendas unifamiliares en seis d\u00e9cadas. Frente a esa presi\u00f3n, m\u00e1s ciudades est\u00e1n recurriendo a reformas de zonificaci\u00f3n para permitir densidades mayores y ampliar la oferta. El punto m\u00e1s interesante del estudio es que la recalificaci\u00f3n no funciona igual en todos los territorios. Algunas \u00e1reas no mostraron incrementos significativos ni en oferta ni en permisos, lo que el Urban Institute asocia con mercados de vivienda m\u00e1s d\u00e9biles preexistentes. All\u00ed donde s\u00ed hubo tracci\u00f3n, el desarrollo tend\u00eda a apoyarse en condiciones de inversi\u00f3n ya presentes.\u00a0<\/p><p style=\"margin: 0in; font-family: Arial; font-size: 9.5pt;\">\u00a0<\/p><p style=\"margin: 0in; font-family: Arial; font-size: 9.5pt;\">En Filadelfia, adem\u00e1s, el repunte se hizo visible varios a\u00f1os despu\u00e9s de la reforma de 2012, especialmente desde 2018, y coincidi\u00f3 con la pr\u00f3xima expiraci\u00f3n de una exenci\u00f3n tributaria de diez a\u00f1os para nuevas construcciones. En Nueva York, los efectos fueron m\u00e1s r\u00e1pidos y las intervenciones estudiadas estuvieron acopladas con otras herramientas de pol\u00edtica e inversi\u00f3n, entre ellas el programa de Vivienda Inclusiva Obligatoria. La lectura de convergencia es que las pol\u00edticas urbanas de densificaci\u00f3n tienen efectos reales, pero necesitan coordinaci\u00f3n con instrumentos fiscales, programas de inclusi\u00f3n y capacidades de inversi\u00f3n para extender sus beneficios. La reforma normativa necesita respaldo inversor y pol\u00edtica social para generalizar resultados. La reforma normativa necesita respaldo inversor y pol\u00edtica social para generalizar resultados.<\/p><p align=\"justify\"><span style=\"color: #800000;\"><b>Para leer m\u00e1s ingrese a:<\/b><\/span><\/p><p><a href=\"https:\/\/www.smartcitiesdive.com\/news\/new-york-philadelphia-zoning-study-urban-institute\/817833\/\">https:\/\/www.smartcitiesdive.com\/news\/new-york-philadelphia-zoning-study-urban-institute\/817833\/<\/a><\/p>\t\t\t\t\t\t<\/div>\n\t\t\t\t<\/div>\n\t\t\t\t\t<\/div>\n\t\t<\/div>\n\t\t\t\t\t\t\t<\/div>\n\t\t<\/section>\n\t\t\t\t\t\t\t<\/div>\n\t\t<div style=\"text-align:center\" class=\"yasr-auto-insert-visitor\"><\/div>","protected":false},"excerpt":{"rendered":"<p>Nueva York y Filadelfia lograron miles de unidades y permisos adicionales tras reformas de zonificaci\u00f3n. El estudio advierte, sin embargo, que recalificar suelo no distribuye por s\u00ed sola los beneficios del desarrollo.<\/p>","protected":false},"author":23,"featured_media":69686,"comment_status":"open","ping_status":"open","sticky":false,"template":"","format":"standard","meta":{"yasr_overall_rating":0,"yasr_post_is_review":"","yasr_auto_insert_disabled":"","yasr_review_type":"","footnotes":""},"categories":[52],"tags":[],"class_list":["post-69685","post","type-post","status-publish","format-standard","has-post-thumbnail","hentry","category-noticias-sectoriales"],"yasr_visitor_votes":{"number_of_votes":0,"sum_votes":0,"stars_attributes":{"read_only":false,"span_bottom":false}},"yoast_head":"<!-- This site is optimized with the Yoast SEO plugin v27.3 - https:\/\/yoast.com\/product\/yoast-seo-wordpress\/ -->\n<title>M\u00e1s densidad s\u00ed suma viviendas, pero no en todas partes - Colombia Inteligente<\/title>\n<meta name=\"robots\" content=\"index, follow, max-snippet:-1, max-image-preview:large, max-video-preview:-1\" \/>\n<link rel=\"canonical\" href=\"https:\/\/colombiainteligente.org\/es_co\/noticias-sectoriales\/mas-densidad-si-suma-viviendas-pero-no-en-todas-partes\/\" \/>\n<meta property=\"og:locale\" content=\"es_ES\" \/>\n<meta property=\"og:type\" content=\"article\" \/>\n<meta property=\"og:title\" content=\"M\u00e1s densidad s\u00ed suma viviendas, pero no en todas partes - Colombia Inteligente\" \/>\n<meta property=\"og:description\" content=\"Nueva York y Filadelfia lograron miles de unidades y permisos adicionales tras reformas de zonificaci\u00f3n. El estudio advierte, sin embargo, que recalificar suelo no distribuye por s\u00ed sola los beneficios del desarrollo.\" \/>\n<meta property=\"og:url\" content=\"https:\/\/colombiainteligente.org\/es_co\/noticias-sectoriales\/mas-densidad-si-suma-viviendas-pero-no-en-todas-partes\/\" \/>\n<meta property=\"og:site_name\" content=\"Colombia Inteligente\" \/>\n<meta property=\"article:published_time\" content=\"2026-04-28T17:34:22+00:00\" \/>\n<meta property=\"article:modified_time\" content=\"2026-04-28T17:37:12+00:00\" \/>\n<meta property=\"og:image\" content=\"https:\/\/colombiainteligente.org\/wp-content\/uploads\/2026\/04\/452280426-07.webp\" \/>\n\t<meta property=\"og:image:width\" content=\"982\" \/>\n\t<meta property=\"og:image:height\" content=\"620\" \/>\n\t<meta property=\"og:image:type\" content=\"image\/webp\" \/>\n<meta name=\"author\" content=\"DIFUSI\u00d3N COLOMBIA INTELIGENTE\" \/>\n<meta name=\"twitter:card\" content=\"summary_large_image\" \/>\n<meta name=\"twitter:creator\" content=\"@colombiaintelig\" \/>\n<meta name=\"twitter:site\" content=\"@colombiaintelig\" \/>\n<meta name=\"twitter:label1\" content=\"Escrito por\" \/>\n\t<meta name=\"twitter:data1\" content=\"DIFUSI\u00d3N COLOMBIA INTELIGENTE\" \/>\n\t<meta name=\"twitter:label2\" content=\"Tiempo estimado de lectura\" \/>\n\t<meta name=\"twitter:data2\" content=\"2 minutos\" \/>\n<script type=\"application\/ld+json\" class=\"yoast-schema-graph\">{\"@context\":\"https:\\\/\\\/schema.org\",\"@graph\":[{\"@type\":\"Article\",\"@id\":\"https:\\\/\\\/colombiainteligente.org\\\/noticias-sectoriales\\\/mas-densidad-si-suma-viviendas-pero-no-en-todas-partes\\\/#article\",\"isPartOf\":{\"@id\":\"https:\\\/\\\/colombiainteligente.org\\\/noticias-sectoriales\\\/mas-densidad-si-suma-viviendas-pero-no-en-todas-partes\\\/\"},\"author\":{\"name\":\"DIFUSI\u00d3N COLOMBIA INTELIGENTE\",\"@id\":\"https:\\\/\\\/colombiainteligente.org\\\/#\\\/schema\\\/person\\\/e207145d548b75a6d339ff1d4d3b0432\"},\"headline\":\"M\u00e1s densidad s\u00ed suma viviendas, pero no en todas partes\",\"datePublished\":\"2026-04-28T17:34:22+00:00\",\"dateModified\":\"2026-04-28T17:37:12+00:00\",\"mainEntityOfPage\":{\"@id\":\"https:\\\/\\\/colombiainteligente.org\\\/noticias-sectoriales\\\/mas-densidad-si-suma-viviendas-pero-no-en-todas-partes\\\/\"},\"wordCount\":355,\"commentCount\":0,\"publisher\":{\"@id\":\"https:\\\/\\\/colombiainteligente.org\\\/#organization\"},\"image\":{\"@id\":\"https:\\\/\\\/colombiainteligente.org\\\/noticias-sectoriales\\\/mas-densidad-si-suma-viviendas-pero-no-en-todas-partes\\\/#primaryimage\"},\"thumbnailUrl\":\"https:\\\/\\\/colombiainteligente.org\\\/wp-content\\\/uploads\\\/2026\\\/04\\\/452280426-07.webp\",\"articleSection\":[\"Noticias Sectoriales\"],\"inLanguage\":\"es-CO\",\"potentialAction\":[{\"@type\":\"CommentAction\",\"name\":\"Comment\",\"target\":[\"https:\\\/\\\/colombiainteligente.org\\\/noticias-sectoriales\\\/mas-densidad-si-suma-viviendas-pero-no-en-todas-partes\\\/#respond\"]}]},{\"@type\":\"WebPage\",\"@id\":\"https:\\\/\\\/colombiainteligente.org\\\/noticias-sectoriales\\\/mas-densidad-si-suma-viviendas-pero-no-en-todas-partes\\\/\",\"url\":\"https:\\\/\\\/colombiainteligente.org\\\/noticias-sectoriales\\\/mas-densidad-si-suma-viviendas-pero-no-en-todas-partes\\\/\",\"name\":\"M\u00e1s densidad s\u00ed suma viviendas, pero no en todas partes - Colombia Inteligente\",\"isPartOf\":{\"@id\":\"https:\\\/\\\/colombiainteligente.org\\\/#website\"},\"primaryImageOfPage\":{\"@id\":\"https:\\\/\\\/colombiainteligente.org\\\/noticias-sectoriales\\\/mas-densidad-si-suma-viviendas-pero-no-en-todas-partes\\\/#primaryimage\"},\"image\":{\"@id\":\"https:\\\/\\\/colombiainteligente.org\\\/noticias-sectoriales\\\/mas-densidad-si-suma-viviendas-pero-no-en-todas-partes\\\/#primaryimage\"},\"thumbnailUrl\":\"https:\\\/\\\/colombiainteligente.org\\\/wp-content\\\/uploads\\\/2026\\\/04\\\/452280426-07.webp\",\"datePublished\":\"2026-04-28T17:34:22+00:00\",\"dateModified\":\"2026-04-28T17:37:12+00:00\",\"breadcrumb\":{\"@id\":\"https:\\\/\\\/colombiainteligente.org\\\/noticias-sectoriales\\\/mas-densidad-si-suma-viviendas-pero-no-en-todas-partes\\\/#breadcrumb\"},\"inLanguage\":\"es-CO\",\"potentialAction\":[{\"@type\":\"ReadAction\",\"target\":[\"https:\\\/\\\/colombiainteligente.org\\\/noticias-sectoriales\\\/mas-densidad-si-suma-viviendas-pero-no-en-todas-partes\\\/\"]}]},{\"@type\":\"ImageObject\",\"inLanguage\":\"es-CO\",\"@id\":\"https:\\\/\\\/colombiainteligente.org\\\/noticias-sectoriales\\\/mas-densidad-si-suma-viviendas-pero-no-en-todas-partes\\\/#primaryimage\",\"url\":\"https:\\\/\\\/colombiainteligente.org\\\/wp-content\\\/uploads\\\/2026\\\/04\\\/452280426-07.webp\",\"contentUrl\":\"https:\\\/\\\/colombiainteligente.org\\\/wp-content\\\/uploads\\\/2026\\\/04\\\/452280426-07.webp\",\"width\":982,\"height\":620,\"caption\":\"Vista a\u00e9rea del horizonte de la ciudad de Filadelfia desde el sur de Filadelfia.\"},{\"@type\":\"BreadcrumbList\",\"@id\":\"https:\\\/\\\/colombiainteligente.org\\\/noticias-sectoriales\\\/mas-densidad-si-suma-viviendas-pero-no-en-todas-partes\\\/#breadcrumb\",\"itemListElement\":[{\"@type\":\"ListItem\",\"position\":1,\"name\":\"Portada\",\"item\":\"https:\\\/\\\/colombiainteligente.org\\\/\"},{\"@type\":\"ListItem\",\"position\":2,\"name\":\"M\u00e1s densidad s\u00ed suma viviendas, pero no en todas partes\"}]},{\"@type\":\"WebSite\",\"@id\":\"https:\\\/\\\/colombiainteligente.org\\\/#website\",\"url\":\"https:\\\/\\\/colombiainteligente.org\\\/\",\"name\":\"Colombia Inteligente\",\"description\":\"Alianza estrat\u00e9gica, conformada por empresas y entidades, para la inserci\u00f3n integral y eficiente de las redes inteligentes a la infraestructura del sector el\u00e9ctrico colombiano\",\"publisher\":{\"@id\":\"https:\\\/\\\/colombiainteligente.org\\\/#organization\"},\"potentialAction\":[{\"@type\":\"SearchAction\",\"target\":{\"@type\":\"EntryPoint\",\"urlTemplate\":\"https:\\\/\\\/colombiainteligente.org\\\/?s={search_term_string}\"},\"query-input\":{\"@type\":\"PropertyValueSpecification\",\"valueRequired\":true,\"valueName\":\"search_term_string\"}}],\"inLanguage\":\"es-CO\"},{\"@type\":\"Organization\",\"@id\":\"https:\\\/\\\/colombiainteligente.org\\\/#organization\",\"name\":\"Colombia Inteligente\",\"url\":\"https:\\\/\\\/colombiainteligente.org\\\/\",\"logo\":{\"@type\":\"ImageObject\",\"inLanguage\":\"es-CO\",\"@id\":\"https:\\\/\\\/colombiainteligente.org\\\/#\\\/schema\\\/logo\\\/image\\\/\",\"url\":\"https:\\\/\\\/colombiainteligente.org\\\/wp-content\\\/uploads\\\/2022\\\/07\\\/Image.png\",\"contentUrl\":\"https:\\\/\\\/colombiainteligente.org\\\/wp-content\\\/uploads\\\/2022\\\/07\\\/Image.png\",\"width\":588,\"height\":274,\"caption\":\"Colombia Inteligente\"},\"image\":{\"@id\":\"https:\\\/\\\/colombiainteligente.org\\\/#\\\/schema\\\/logo\\\/image\\\/\"},\"sameAs\":[\"https:\\\/\\\/x.com\\\/colombiaintelig\",\"https:\\\/\\\/www.linkedin.com\\\/company\\\/colombiainteligente\\\/\"]},{\"@type\":\"Person\",\"@id\":\"https:\\\/\\\/colombiainteligente.org\\\/#\\\/schema\\\/person\\\/e207145d548b75a6d339ff1d4d3b0432\",\"name\":\"DIFUSI\u00d3N COLOMBIA INTELIGENTE\",\"image\":{\"@type\":\"ImageObject\",\"inLanguage\":\"es-CO\",\"@id\":\"https:\\\/\\\/secure.gravatar.com\\\/avatar\\\/df2e679ff2abf288cf4bf58830dad897e596908105ec8969f50f748a6d837869?s=96&d=mm&r=g\",\"url\":\"https:\\\/\\\/secure.gravatar.com\\\/avatar\\\/df2e679ff2abf288cf4bf58830dad897e596908105ec8969f50f748a6d837869?s=96&d=mm&r=g\",\"contentUrl\":\"https:\\\/\\\/secure.gravatar.com\\\/avatar\\\/df2e679ff2abf288cf4bf58830dad897e596908105ec8969f50f748a6d837869?s=96&d=mm&r=g\",\"caption\":\"DIFUSI\u00d3N COLOMBIA INTELIGENTE\"},\"url\":\"https:\\\/\\\/colombiainteligente.org\\\/es_co\\\/author\\\/difusioncolombiainteligente-org\\\/\"}]}<\/script>\n<!-- \/ Yoast SEO plugin. -->","yoast_head_json":{"title":"M\u00e1s densidad s\u00ed suma viviendas, pero no en todas partes - Colombia Inteligente","robots":{"index":"index","follow":"follow","max-snippet":"max-snippet:-1","max-image-preview":"max-image-preview:large","max-video-preview":"max-video-preview:-1"},"canonical":"https:\/\/colombiainteligente.org\/es_co\/noticias-sectoriales\/mas-densidad-si-suma-viviendas-pero-no-en-todas-partes\/","og_locale":"es_ES","og_type":"article","og_title":"M\u00e1s densidad s\u00ed suma viviendas, pero no en todas partes - Colombia Inteligente","og_description":"Nueva York y Filadelfia lograron miles de unidades y permisos adicionales tras reformas de zonificaci\u00f3n. El estudio advierte, sin embargo, que recalificar suelo no distribuye por s\u00ed sola los beneficios del desarrollo.","og_url":"https:\/\/colombiainteligente.org\/es_co\/noticias-sectoriales\/mas-densidad-si-suma-viviendas-pero-no-en-todas-partes\/","og_site_name":"Colombia Inteligente","article_published_time":"2026-04-28T17:34:22+00:00","article_modified_time":"2026-04-28T17:37:12+00:00","og_image":[{"width":982,"height":620,"url":"https:\/\/colombiainteligente.org\/wp-content\/uploads\/2026\/04\/452280426-07.webp","type":"image\/webp"}],"author":"DIFUSI\u00d3N COLOMBIA INTELIGENTE","twitter_card":"summary_large_image","twitter_creator":"@colombiaintelig","twitter_site":"@colombiaintelig","twitter_misc":{"Escrito por":"DIFUSI\u00d3N COLOMBIA INTELIGENTE","Tiempo estimado de lectura":"2 minutos"},"schema":{"@context":"https:\/\/schema.org","@graph":[{"@type":"Article","@id":"https:\/\/colombiainteligente.org\/noticias-sectoriales\/mas-densidad-si-suma-viviendas-pero-no-en-todas-partes\/#article","isPartOf":{"@id":"https:\/\/colombiainteligente.org\/noticias-sectoriales\/mas-densidad-si-suma-viviendas-pero-no-en-todas-partes\/"},"author":{"name":"DIFUSI\u00d3N COLOMBIA INTELIGENTE","@id":"https:\/\/colombiainteligente.org\/#\/schema\/person\/e207145d548b75a6d339ff1d4d3b0432"},"headline":"M\u00e1s densidad s\u00ed suma viviendas, pero no en todas partes","datePublished":"2026-04-28T17:34:22+00:00","dateModified":"2026-04-28T17:37:12+00:00","mainEntityOfPage":{"@id":"https:\/\/colombiainteligente.org\/noticias-sectoriales\/mas-densidad-si-suma-viviendas-pero-no-en-todas-partes\/"},"wordCount":355,"commentCount":0,"publisher":{"@id":"https:\/\/colombiainteligente.org\/#organization"},"image":{"@id":"https:\/\/colombiainteligente.org\/noticias-sectoriales\/mas-densidad-si-suma-viviendas-pero-no-en-todas-partes\/#primaryimage"},"thumbnailUrl":"https:\/\/colombiainteligente.org\/wp-content\/uploads\/2026\/04\/452280426-07.webp","articleSection":["Noticias Sectoriales"],"inLanguage":"es-CO","potentialAction":[{"@type":"CommentAction","name":"Comment","target":["https:\/\/colombiainteligente.org\/noticias-sectoriales\/mas-densidad-si-suma-viviendas-pero-no-en-todas-partes\/#respond"]}]},{"@type":"WebPage","@id":"https:\/\/colombiainteligente.org\/noticias-sectoriales\/mas-densidad-si-suma-viviendas-pero-no-en-todas-partes\/","url":"https:\/\/colombiainteligente.org\/noticias-sectoriales\/mas-densidad-si-suma-viviendas-pero-no-en-todas-partes\/","name":"M\u00e1s densidad s\u00ed suma viviendas, pero no en todas partes - Colombia Inteligente","isPartOf":{"@id":"https:\/\/colombiainteligente.org\/#website"},"primaryImageOfPage":{"@id":"https:\/\/colombiainteligente.org\/noticias-sectoriales\/mas-densidad-si-suma-viviendas-pero-no-en-todas-partes\/#primaryimage"},"image":{"@id":"https:\/\/colombiainteligente.org\/noticias-sectoriales\/mas-densidad-si-suma-viviendas-pero-no-en-todas-partes\/#primaryimage"},"thumbnailUrl":"https:\/\/colombiainteligente.org\/wp-content\/uploads\/2026\/04\/452280426-07.webp","datePublished":"2026-04-28T17:34:22+00:00","dateModified":"2026-04-28T17:37:12+00:00","breadcrumb":{"@id":"https:\/\/colombiainteligente.org\/noticias-sectoriales\/mas-densidad-si-suma-viviendas-pero-no-en-todas-partes\/#breadcrumb"},"inLanguage":"es-CO","potentialAction":[{"@type":"ReadAction","target":["https:\/\/colombiainteligente.org\/noticias-sectoriales\/mas-densidad-si-suma-viviendas-pero-no-en-todas-partes\/"]}]},{"@type":"ImageObject","inLanguage":"es-CO","@id":"https:\/\/colombiainteligente.org\/noticias-sectoriales\/mas-densidad-si-suma-viviendas-pero-no-en-todas-partes\/#primaryimage","url":"https:\/\/colombiainteligente.org\/wp-content\/uploads\/2026\/04\/452280426-07.webp","contentUrl":"https:\/\/colombiainteligente.org\/wp-content\/uploads\/2026\/04\/452280426-07.webp","width":982,"height":620,"caption":"Vista a\u00e9rea del horizonte de la ciudad de Filadelfia desde el sur de Filadelfia."},{"@type":"BreadcrumbList","@id":"https:\/\/colombiainteligente.org\/noticias-sectoriales\/mas-densidad-si-suma-viviendas-pero-no-en-todas-partes\/#breadcrumb","itemListElement":[{"@type":"ListItem","position":1,"name":"Portada","item":"https:\/\/colombiainteligente.org\/"},{"@type":"ListItem","position":2,"name":"M\u00e1s densidad s\u00ed suma viviendas, pero no en todas partes"}]},{"@type":"WebSite","@id":"https:\/\/colombiainteligente.org\/#website","url":"https:\/\/colombiainteligente.org\/","name":"Colombia Inteligente","description":"Alianza estrat\u00e9gica, conformada por empresas y entidades, para la inserci\u00f3n integral y eficiente de las redes inteligentes a la infraestructura del sector el\u00e9ctrico colombiano","publisher":{"@id":"https:\/\/colombiainteligente.org\/#organization"},"potentialAction":[{"@type":"SearchAction","target":{"@type":"EntryPoint","urlTemplate":"https:\/\/colombiainteligente.org\/?s={search_term_string}"},"query-input":{"@type":"PropertyValueSpecification","valueRequired":true,"valueName":"search_term_string"}}],"inLanguage":"es-CO"},{"@type":"Organization","@id":"https:\/\/colombiainteligente.org\/#organization","name":"Colombia Inteligente","url":"https:\/\/colombiainteligente.org\/","logo":{"@type":"ImageObject","inLanguage":"es-CO","@id":"https:\/\/colombiainteligente.org\/#\/schema\/logo\/image\/","url":"https:\/\/colombiainteligente.org\/wp-content\/uploads\/2022\/07\/Image.png","contentUrl":"https:\/\/colombiainteligente.org\/wp-content\/uploads\/2022\/07\/Image.png","width":588,"height":274,"caption":"Colombia Inteligente"},"image":{"@id":"https:\/\/colombiainteligente.org\/#\/schema\/logo\/image\/"},"sameAs":["https:\/\/x.com\/colombiaintelig","https:\/\/www.linkedin.com\/company\/colombiainteligente\/"]},{"@type":"Person","@id":"https:\/\/colombiainteligente.org\/#\/schema\/person\/e207145d548b75a6d339ff1d4d3b0432","name":"DIFUSI\u00d3N COLOMBIA INTELIGENTE","image":{"@type":"ImageObject","inLanguage":"es-CO","@id":"https:\/\/secure.gravatar.com\/avatar\/df2e679ff2abf288cf4bf58830dad897e596908105ec8969f50f748a6d837869?s=96&d=mm&r=g","url":"https:\/\/secure.gravatar.com\/avatar\/df2e679ff2abf288cf4bf58830dad897e596908105ec8969f50f748a6d837869?s=96&d=mm&r=g","contentUrl":"https:\/\/secure.gravatar.com\/avatar\/df2e679ff2abf288cf4bf58830dad897e596908105ec8969f50f748a6d837869?s=96&d=mm&r=g","caption":"DIFUSI\u00d3N COLOMBIA INTELIGENTE"},"url":"https:\/\/colombiainteligente.org\/es_co\/author\/difusioncolombiainteligente-org\/"}]}},"_links":{"self":[{"href":"https:\/\/colombiainteligente.org\/es_co\/wp-json\/wp\/v2\/posts\/69685","targetHints":{"allow":["GET"]}}],"collection":[{"href":"https:\/\/colombiainteligente.org\/es_co\/wp-json\/wp\/v2\/posts"}],"about":[{"href":"https:\/\/colombiainteligente.org\/es_co\/wp-json\/wp\/v2\/types\/post"}],"author":[{"embeddable":true,"href":"https:\/\/colombiainteligente.org\/es_co\/wp-json\/wp\/v2\/users\/23"}],"replies":[{"embeddable":true,"href":"https:\/\/colombiainteligente.org\/es_co\/wp-json\/wp\/v2\/comments?post=69685"}],"version-history":[{"count":7,"href":"https:\/\/colombiainteligente.org\/es_co\/wp-json\/wp\/v2\/posts\/69685\/revisions"}],"predecessor-version":[{"id":69694,"href":"https:\/\/colombiainteligente.org\/es_co\/wp-json\/wp\/v2\/posts\/69685\/revisions\/69694"}],"wp:featuredmedia":[{"embeddable":true,"href":"https:\/\/colombiainteligente.org\/es_co\/wp-json\/wp\/v2\/media\/69686"}],"wp:attachment":[{"href":"https:\/\/colombiainteligente.org\/es_co\/wp-json\/wp\/v2\/media?parent=69685"}],"wp:term":[{"taxonomy":"category","embeddable":true,"href":"https:\/\/colombiainteligente.org\/es_co\/wp-json\/wp\/v2\/categories?post=69685"},{"taxonomy":"post_tag","embeddable":true,"href":"https:\/\/colombiainteligente.org\/es_co\/wp-json\/wp\/v2\/tags?post=69685"}],"curies":[{"name":"wp","href":"https:\/\/api.w.org\/{rel}","templated":true}]}}