{"id":69696,"date":"2026-04-28T12:47:17","date_gmt":"2026-04-28T17:47:17","guid":{"rendered":"https:\/\/colombiainteligente.org\/?p=69696"},"modified":"2026-04-28T12:54:04","modified_gmt":"2026-04-28T17:54:04","slug":"empoderar-al-usuario-redefine-la-distribucion-electrica","status":"publish","type":"post","link":"https:\/\/colombiainteligente.org\/es_co\/noticias-sectoriales\/empoderar-al-usuario-redefine-la-distribucion-electrica\/","title":{"rendered":"Empoderar al usuario redefine la distribuci\u00f3n el\u00e9ctrica"},"content":{"rendered":"<div data-elementor-type=\"wp-post\" data-elementor-id=\"69696\" class=\"elementor elementor-69696\" data-elementor-post-type=\"post\">\n\t\t\t\t\t\t\t\t\t<section class=\"elementor-section elementor-top-section elementor-element elementor-element-87c6aa2 elementor-section-boxed elementor-section-height-default elementor-section-height-default\" data-id=\"87c6aa2\" data-element_type=\"section\">\n\t\t\t\t\t\t<div class=\"elementor-container elementor-column-gap-default\">\n\t\t\t\t\t<div class=\"elementor-column elementor-col-100 elementor-top-column elementor-element elementor-element-558bb819\" data-id=\"558bb819\" data-element_type=\"column\">\n\t\t\t<div class=\"elementor-widget-wrap elementor-element-populated\">\n\t\t\t\t\t\t\t\t<div class=\"elementor-element elementor-element-3067325c elementor-widget elementor-widget-text-editor\" data-id=\"3067325c\" data-element_type=\"widget\" data-widget_type=\"text-editor.default\">\n\t\t\t\t<div class=\"elementor-widget-container\">\n\t\t\t<style>\/*! elementor - v3.14.0 - 26-06-2023 *\/\n.elementor-widget-text-editor.elementor-drop-cap-view-stacked .elementor-drop-cap{background-color:#69727d;color:#fff}.elementor-widget-text-editor.elementor-drop-cap-view-framed .elementor-drop-cap{color:#69727d;border:3px solid;background-color:transparent}.elementor-widget-text-editor:not(.elementor-drop-cap-view-default) .elementor-drop-cap{margin-top:8px}.elementor-widget-text-editor:not(.elementor-drop-cap-view-default) .elementor-drop-cap-letter{width:1em;height:1em}.elementor-widget-text-editor .elementor-drop-cap{float:left;text-align:center;line-height:1;font-size:50px}.elementor-widget-text-editor .elementor-drop-cap-letter{display:inline-block}<\/style>\t\t\t\t<p style=\"margin: 0in; font-family: Arial; font-size: 9.5pt;\">CIGRE describe al sector de distribuci\u00f3n el\u00e9ctrica como un punto de inflexi\u00f3n impulsado por tres fuerzas simult\u00e1neas: descentralizaci\u00f3n, digitalizaci\u00f3n y descarbonizaci\u00f3n. La descentralizaci\u00f3n lleva generaci\u00f3n a techos, comunidades y microrredes; la digitalizaci\u00f3n aporta datos en tiempo real y coordinaci\u00f3n inteligente; y la descarbonizaci\u00f3n desplaza la matriz hacia fuentes de bajas emisiones. En conjunto, estas tendencias est\u00e1n redefiniendo el papel del usuario. El art\u00edculo afirma que los consumidores pasivos evolucionan hacia participantes activos que generan, almacenan, comercian y optimizan energ\u00eda. Ese cambio introduce flexibilidad, capacidad de respuesta y flujos bidireccionales en la red, obligando a repensar el rol, las responsabilidades y las interfaces del operador de distribuci\u00f3n. El texto define empoderamiento del usuario como acceso, elecci\u00f3n, participaci\u00f3n y control sobre sus interacciones energ\u00e9ticas. El acceso abre la posibilidad de inyectar excedentes o participar en mercados de servicios complementarios. La elecci\u00f3n permite seleccionar tarifas, socios comerciales o mezclas energ\u00e9ticas. La participaci\u00f3n incorpora retroalimentaci\u00f3n y flexibilidad agregada.\u00a0<\/p><p style=\"margin: 0in; font-family: Arial; font-size: 9.5pt;\">\u00a0<\/p><p style=\"margin: 0in; font-family: Arial; font-size: 9.5pt;\">El control habilita que el prosumidor gestione consumo, producci\u00f3n o almacenamiento para optimizar costo y confiabilidad. El empoderamiento no es homog\u00e9neo: usuarios residenciales valoran tarifas horarias y cr\u00e9ditos por generaci\u00f3n en techo; comerciales buscan programas de respuesta de la demanda; industriales requieren control de carga; y centros de datos necesitan interfaces flexibles de energ\u00eda. CIGRE a\u00f1ade que este fen\u00f3meno tiene dimensiones t\u00e9cnicas, comerciales e informativas, por lo que el operador debe personalizar soluciones sin comprometer integridad de la red. La evoluci\u00f3n del operador de distribuci\u00f3n es el fondo del art\u00edculo. Antes se concentraba en transformadores y l\u00edneas con flujo unidireccional hacia usuarios previsibles y con interacci\u00f3n limitada al ciclo de facturaci\u00f3n. Hoy debe gestionar recursos distribuidos, almacenamiento, veh\u00edculos el\u00e9ctricos y demanda flexible, mediante monitoreo avanzado, pron\u00f3stico y control. Adem\u00e1s, se perfila como facilitador neutral de mercados, coordinando flexibilidad, comercio de energ\u00eda y servicios auxiliares para reforzar resiliencia y eficiencia.<\/p><p align=\"justify\"><span style=\"color: #800000;\"><b>Para leer m\u00e1s ingrese a:<\/b><\/span><\/p><p><a href=\"https:\/\/electra.cigre.org\/345-april-2026\/one-grid\/customer-empowerment-in-the-electricity-distribution-sector.html\">https:\/\/electra.cigre.org\/345-april-2026\/one-grid\/customer-empowerment-in-the-electricity-distribution-sector.html<\/a><\/p>\t\t\t\t\t\t<\/div>\n\t\t\t\t<\/div>\n\t\t\t\t\t<\/div>\n\t\t<\/div>\n\t\t\t\t\t\t\t<\/div>\n\t\t<\/section>\n\t\t\t\t\t\t\t<\/div>\n\t\t<div style=\"text-align:center\" class=\"yasr-auto-insert-visitor\"><\/div>","protected":false},"excerpt":{"rendered":"<p>CIGRE sostiene que el usuario dej\u00f3 de ser un punto pasivo de consumo. La distribuci\u00f3n ahora debe operar con prosumidores, almacenamiento, veh\u00edculos el\u00e9ctricos y flexibilidad en ambos sentidos.<\/p>","protected":false},"author":23,"featured_media":69709,"comment_status":"open","ping_status":"open","sticky":false,"template":"","format":"standard","meta":{"yasr_overall_rating":0,"yasr_post_is_review":"","yasr_auto_insert_disabled":"","yasr_review_type":"","footnotes":""},"categories":[52],"tags":[],"class_list":["post-69696","post","type-post","status-publish","format-standard","has-post-thumbnail","hentry","category-noticias-sectoriales"],"yasr_visitor_votes":{"number_of_votes":0,"sum_votes":0,"stars_attributes":{"read_only":false,"span_bottom":false}},"yoast_head":"<!-- This site is optimized with the Yoast SEO plugin v27.3 - https:\/\/yoast.com\/product\/yoast-seo-wordpress\/ -->\n<title>Empoderar al usuario redefine la distribuci\u00f3n el\u00e9ctrica - Colombia Inteligente<\/title>\n<meta name=\"robots\" content=\"index, follow, max-snippet:-1, max-image-preview:large, max-video-preview:-1\" \/>\n<link rel=\"canonical\" href=\"https:\/\/colombiainteligente.org\/es_co\/noticias-sectoriales\/empoderar-al-usuario-redefine-la-distribucion-electrica\/\" \/>\n<meta property=\"og:locale\" content=\"es_ES\" \/>\n<meta property=\"og:type\" content=\"article\" \/>\n<meta property=\"og:title\" content=\"Empoderar al usuario redefine la distribuci\u00f3n el\u00e9ctrica - Colombia Inteligente\" \/>\n<meta property=\"og:description\" content=\"CIGRE sostiene que el usuario dej\u00f3 de ser un punto pasivo de consumo. La distribuci\u00f3n ahora debe operar con prosumidores, almacenamiento, veh\u00edculos el\u00e9ctricos y flexibilidad en ambos sentidos.\" \/>\n<meta property=\"og:url\" content=\"https:\/\/colombiainteligente.org\/es_co\/noticias-sectoriales\/empoderar-al-usuario-redefine-la-distribucion-electrica\/\" \/>\n<meta property=\"og:site_name\" content=\"Colombia Inteligente\" \/>\n<meta property=\"article:published_time\" content=\"2026-04-28T17:47:17+00:00\" \/>\n<meta property=\"article:modified_time\" content=\"2026-04-28T17:54:04+00:00\" \/>\n<meta property=\"og:image\" content=\"https:\/\/colombiainteligente.org\/wp-content\/uploads\/2026\/04\/452280426-09.webp\" \/>\n\t<meta property=\"og:image:width\" content=\"835\" \/>\n\t<meta property=\"og:image:height\" content=\"466\" \/>\n\t<meta property=\"og:image:type\" content=\"image\/webp\" \/>\n<meta name=\"author\" content=\"DIFUSI\u00d3N COLOMBIA INTELIGENTE\" \/>\n<meta name=\"twitter:card\" content=\"summary_large_image\" \/>\n<meta name=\"twitter:creator\" content=\"@colombiaintelig\" \/>\n<meta name=\"twitter:site\" content=\"@colombiaintelig\" \/>\n<meta name=\"twitter:label1\" content=\"Escrito por\" \/>\n\t<meta name=\"twitter:data1\" content=\"DIFUSI\u00d3N COLOMBIA INTELIGENTE\" \/>\n\t<meta name=\"twitter:label2\" content=\"Tiempo estimado de lectura\" \/>\n\t<meta name=\"twitter:data2\" content=\"2 minutos\" \/>\n<script type=\"application\/ld+json\" class=\"yoast-schema-graph\">{\"@context\":\"https:\\\/\\\/schema.org\",\"@graph\":[{\"@type\":\"Article\",\"@id\":\"https:\\\/\\\/colombiainteligente.org\\\/noticias-sectoriales\\\/empoderar-al-usuario-redefine-la-distribucion-electrica\\\/#article\",\"isPartOf\":{\"@id\":\"https:\\\/\\\/colombiainteligente.org\\\/noticias-sectoriales\\\/empoderar-al-usuario-redefine-la-distribucion-electrica\\\/\"},\"author\":{\"name\":\"DIFUSI\u00d3N COLOMBIA INTELIGENTE\",\"@id\":\"https:\\\/\\\/colombiainteligente.org\\\/#\\\/schema\\\/person\\\/e207145d548b75a6d339ff1d4d3b0432\"},\"headline\":\"Empoderar al usuario redefine la distribuci\u00f3n el\u00e9ctrica\",\"datePublished\":\"2026-04-28T17:47:17+00:00\",\"dateModified\":\"2026-04-28T17:54:04+00:00\",\"mainEntityOfPage\":{\"@id\":\"https:\\\/\\\/colombiainteligente.org\\\/noticias-sectoriales\\\/empoderar-al-usuario-redefine-la-distribucion-electrica\\\/\"},\"wordCount\":368,\"commentCount\":0,\"publisher\":{\"@id\":\"https:\\\/\\\/colombiainteligente.org\\\/#organization\"},\"image\":{\"@id\":\"https:\\\/\\\/colombiainteligente.org\\\/noticias-sectoriales\\\/empoderar-al-usuario-redefine-la-distribucion-electrica\\\/#primaryimage\"},\"thumbnailUrl\":\"https:\\\/\\\/colombiainteligente.org\\\/wp-content\\\/uploads\\\/2026\\\/04\\\/452280426-09.webp\",\"articleSection\":[\"Noticias Sectoriales\"],\"inLanguage\":\"es-CO\",\"potentialAction\":[{\"@type\":\"CommentAction\",\"name\":\"Comment\",\"target\":[\"https:\\\/\\\/colombiainteligente.org\\\/noticias-sectoriales\\\/empoderar-al-usuario-redefine-la-distribucion-electrica\\\/#respond\"]}]},{\"@type\":\"WebPage\",\"@id\":\"https:\\\/\\\/colombiainteligente.org\\\/noticias-sectoriales\\\/empoderar-al-usuario-redefine-la-distribucion-electrica\\\/\",\"url\":\"https:\\\/\\\/colombiainteligente.org\\\/noticias-sectoriales\\\/empoderar-al-usuario-redefine-la-distribucion-electrica\\\/\",\"name\":\"Empoderar al usuario redefine la distribuci\u00f3n el\u00e9ctrica - Colombia Inteligente\",\"isPartOf\":{\"@id\":\"https:\\\/\\\/colombiainteligente.org\\\/#website\"},\"primaryImageOfPage\":{\"@id\":\"https:\\\/\\\/colombiainteligente.org\\\/noticias-sectoriales\\\/empoderar-al-usuario-redefine-la-distribucion-electrica\\\/#primaryimage\"},\"image\":{\"@id\":\"https:\\\/\\\/colombiainteligente.org\\\/noticias-sectoriales\\\/empoderar-al-usuario-redefine-la-distribucion-electrica\\\/#primaryimage\"},\"thumbnailUrl\":\"https:\\\/\\\/colombiainteligente.org\\\/wp-content\\\/uploads\\\/2026\\\/04\\\/452280426-09.webp\",\"datePublished\":\"2026-04-28T17:47:17+00:00\",\"dateModified\":\"2026-04-28T17:54:04+00:00\",\"breadcrumb\":{\"@id\":\"https:\\\/\\\/colombiainteligente.org\\\/noticias-sectoriales\\\/empoderar-al-usuario-redefine-la-distribucion-electrica\\\/#breadcrumb\"},\"inLanguage\":\"es-CO\",\"potentialAction\":[{\"@type\":\"ReadAction\",\"target\":[\"https:\\\/\\\/colombiainteligente.org\\\/noticias-sectoriales\\\/empoderar-al-usuario-redefine-la-distribucion-electrica\\\/\"]}]},{\"@type\":\"ImageObject\",\"inLanguage\":\"es-CO\",\"@id\":\"https:\\\/\\\/colombiainteligente.org\\\/noticias-sectoriales\\\/empoderar-al-usuario-redefine-la-distribucion-electrica\\\/#primaryimage\",\"url\":\"https:\\\/\\\/colombiainteligente.org\\\/wp-content\\\/uploads\\\/2026\\\/04\\\/452280426-09.webp\",\"contentUrl\":\"https:\\\/\\\/colombiainteligente.org\\\/wp-content\\\/uploads\\\/2026\\\/04\\\/452280426-09.webp\",\"width\":835,\"height\":466,\"caption\":\"Vista a\u00e9rea de un vecindario suburbano t\u00edpico en Adelaide, Australia Meridional, destacando la planificaci\u00f3n urbana residencial.\"},{\"@type\":\"BreadcrumbList\",\"@id\":\"https:\\\/\\\/colombiainteligente.org\\\/noticias-sectoriales\\\/empoderar-al-usuario-redefine-la-distribucion-electrica\\\/#breadcrumb\",\"itemListElement\":[{\"@type\":\"ListItem\",\"position\":1,\"name\":\"Portada\",\"item\":\"https:\\\/\\\/colombiainteligente.org\\\/\"},{\"@type\":\"ListItem\",\"position\":2,\"name\":\"Empoderar al usuario redefine la distribuci\u00f3n el\u00e9ctrica\"}]},{\"@type\":\"WebSite\",\"@id\":\"https:\\\/\\\/colombiainteligente.org\\\/#website\",\"url\":\"https:\\\/\\\/colombiainteligente.org\\\/\",\"name\":\"Colombia Inteligente\",\"description\":\"Alianza estrat\u00e9gica, conformada por empresas y entidades, para la inserci\u00f3n integral y eficiente de las redes inteligentes a la infraestructura del sector el\u00e9ctrico colombiano\",\"publisher\":{\"@id\":\"https:\\\/\\\/colombiainteligente.org\\\/#organization\"},\"potentialAction\":[{\"@type\":\"SearchAction\",\"target\":{\"@type\":\"EntryPoint\",\"urlTemplate\":\"https:\\\/\\\/colombiainteligente.org\\\/?s={search_term_string}\"},\"query-input\":{\"@type\":\"PropertyValueSpecification\",\"valueRequired\":true,\"valueName\":\"search_term_string\"}}],\"inLanguage\":\"es-CO\"},{\"@type\":\"Organization\",\"@id\":\"https:\\\/\\\/colombiainteligente.org\\\/#organization\",\"name\":\"Colombia Inteligente\",\"url\":\"https:\\\/\\\/colombiainteligente.org\\\/\",\"logo\":{\"@type\":\"ImageObject\",\"inLanguage\":\"es-CO\",\"@id\":\"https:\\\/\\\/colombiainteligente.org\\\/#\\\/schema\\\/logo\\\/image\\\/\",\"url\":\"https:\\\/\\\/colombiainteligente.org\\\/wp-content\\\/uploads\\\/2022\\\/07\\\/Image.png\",\"contentUrl\":\"https:\\\/\\\/colombiainteligente.org\\\/wp-content\\\/uploads\\\/2022\\\/07\\\/Image.png\",\"width\":588,\"height\":274,\"caption\":\"Colombia Inteligente\"},\"image\":{\"@id\":\"https:\\\/\\\/colombiainteligente.org\\\/#\\\/schema\\\/logo\\\/image\\\/\"},\"sameAs\":[\"https:\\\/\\\/x.com\\\/colombiaintelig\",\"https:\\\/\\\/www.linkedin.com\\\/company\\\/colombiainteligente\\\/\"]},{\"@type\":\"Person\",\"@id\":\"https:\\\/\\\/colombiainteligente.org\\\/#\\\/schema\\\/person\\\/e207145d548b75a6d339ff1d4d3b0432\",\"name\":\"DIFUSI\u00d3N COLOMBIA INTELIGENTE\",\"image\":{\"@type\":\"ImageObject\",\"inLanguage\":\"es-CO\",\"@id\":\"https:\\\/\\\/secure.gravatar.com\\\/avatar\\\/df2e679ff2abf288cf4bf58830dad897e596908105ec8969f50f748a6d837869?s=96&d=mm&r=g\",\"url\":\"https:\\\/\\\/secure.gravatar.com\\\/avatar\\\/df2e679ff2abf288cf4bf58830dad897e596908105ec8969f50f748a6d837869?s=96&d=mm&r=g\",\"contentUrl\":\"https:\\\/\\\/secure.gravatar.com\\\/avatar\\\/df2e679ff2abf288cf4bf58830dad897e596908105ec8969f50f748a6d837869?s=96&d=mm&r=g\",\"caption\":\"DIFUSI\u00d3N COLOMBIA INTELIGENTE\"},\"url\":\"https:\\\/\\\/colombiainteligente.org\\\/es_co\\\/author\\\/difusioncolombiainteligente-org\\\/\"}]}<\/script>\n<!-- \/ Yoast SEO plugin. -->","yoast_head_json":{"title":"Empoderar al usuario redefine la distribuci\u00f3n el\u00e9ctrica - Colombia Inteligente","robots":{"index":"index","follow":"follow","max-snippet":"max-snippet:-1","max-image-preview":"max-image-preview:large","max-video-preview":"max-video-preview:-1"},"canonical":"https:\/\/colombiainteligente.org\/es_co\/noticias-sectoriales\/empoderar-al-usuario-redefine-la-distribucion-electrica\/","og_locale":"es_ES","og_type":"article","og_title":"Empoderar al usuario redefine la distribuci\u00f3n el\u00e9ctrica - Colombia Inteligente","og_description":"CIGRE sostiene que el usuario dej\u00f3 de ser un punto pasivo de consumo. La distribuci\u00f3n ahora debe operar con prosumidores, almacenamiento, veh\u00edculos el\u00e9ctricos y flexibilidad en ambos sentidos.","og_url":"https:\/\/colombiainteligente.org\/es_co\/noticias-sectoriales\/empoderar-al-usuario-redefine-la-distribucion-electrica\/","og_site_name":"Colombia Inteligente","article_published_time":"2026-04-28T17:47:17+00:00","article_modified_time":"2026-04-28T17:54:04+00:00","og_image":[{"width":835,"height":466,"url":"https:\/\/colombiainteligente.org\/wp-content\/uploads\/2026\/04\/452280426-09.webp","type":"image\/webp"}],"author":"DIFUSI\u00d3N COLOMBIA INTELIGENTE","twitter_card":"summary_large_image","twitter_creator":"@colombiaintelig","twitter_site":"@colombiaintelig","twitter_misc":{"Escrito por":"DIFUSI\u00d3N COLOMBIA INTELIGENTE","Tiempo estimado de lectura":"2 minutos"},"schema":{"@context":"https:\/\/schema.org","@graph":[{"@type":"Article","@id":"https:\/\/colombiainteligente.org\/noticias-sectoriales\/empoderar-al-usuario-redefine-la-distribucion-electrica\/#article","isPartOf":{"@id":"https:\/\/colombiainteligente.org\/noticias-sectoriales\/empoderar-al-usuario-redefine-la-distribucion-electrica\/"},"author":{"name":"DIFUSI\u00d3N COLOMBIA INTELIGENTE","@id":"https:\/\/colombiainteligente.org\/#\/schema\/person\/e207145d548b75a6d339ff1d4d3b0432"},"headline":"Empoderar al usuario redefine la distribuci\u00f3n el\u00e9ctrica","datePublished":"2026-04-28T17:47:17+00:00","dateModified":"2026-04-28T17:54:04+00:00","mainEntityOfPage":{"@id":"https:\/\/colombiainteligente.org\/noticias-sectoriales\/empoderar-al-usuario-redefine-la-distribucion-electrica\/"},"wordCount":368,"commentCount":0,"publisher":{"@id":"https:\/\/colombiainteligente.org\/#organization"},"image":{"@id":"https:\/\/colombiainteligente.org\/noticias-sectoriales\/empoderar-al-usuario-redefine-la-distribucion-electrica\/#primaryimage"},"thumbnailUrl":"https:\/\/colombiainteligente.org\/wp-content\/uploads\/2026\/04\/452280426-09.webp","articleSection":["Noticias Sectoriales"],"inLanguage":"es-CO","potentialAction":[{"@type":"CommentAction","name":"Comment","target":["https:\/\/colombiainteligente.org\/noticias-sectoriales\/empoderar-al-usuario-redefine-la-distribucion-electrica\/#respond"]}]},{"@type":"WebPage","@id":"https:\/\/colombiainteligente.org\/noticias-sectoriales\/empoderar-al-usuario-redefine-la-distribucion-electrica\/","url":"https:\/\/colombiainteligente.org\/noticias-sectoriales\/empoderar-al-usuario-redefine-la-distribucion-electrica\/","name":"Empoderar al usuario redefine la distribuci\u00f3n el\u00e9ctrica - Colombia Inteligente","isPartOf":{"@id":"https:\/\/colombiainteligente.org\/#website"},"primaryImageOfPage":{"@id":"https:\/\/colombiainteligente.org\/noticias-sectoriales\/empoderar-al-usuario-redefine-la-distribucion-electrica\/#primaryimage"},"image":{"@id":"https:\/\/colombiainteligente.org\/noticias-sectoriales\/empoderar-al-usuario-redefine-la-distribucion-electrica\/#primaryimage"},"thumbnailUrl":"https:\/\/colombiainteligente.org\/wp-content\/uploads\/2026\/04\/452280426-09.webp","datePublished":"2026-04-28T17:47:17+00:00","dateModified":"2026-04-28T17:54:04+00:00","breadcrumb":{"@id":"https:\/\/colombiainteligente.org\/noticias-sectoriales\/empoderar-al-usuario-redefine-la-distribucion-electrica\/#breadcrumb"},"inLanguage":"es-CO","potentialAction":[{"@type":"ReadAction","target":["https:\/\/colombiainteligente.org\/noticias-sectoriales\/empoderar-al-usuario-redefine-la-distribucion-electrica\/"]}]},{"@type":"ImageObject","inLanguage":"es-CO","@id":"https:\/\/colombiainteligente.org\/noticias-sectoriales\/empoderar-al-usuario-redefine-la-distribucion-electrica\/#primaryimage","url":"https:\/\/colombiainteligente.org\/wp-content\/uploads\/2026\/04\/452280426-09.webp","contentUrl":"https:\/\/colombiainteligente.org\/wp-content\/uploads\/2026\/04\/452280426-09.webp","width":835,"height":466,"caption":"Vista a\u00e9rea de un vecindario suburbano t\u00edpico en Adelaide, Australia Meridional, destacando la planificaci\u00f3n urbana residencial."},{"@type":"BreadcrumbList","@id":"https:\/\/colombiainteligente.org\/noticias-sectoriales\/empoderar-al-usuario-redefine-la-distribucion-electrica\/#breadcrumb","itemListElement":[{"@type":"ListItem","position":1,"name":"Portada","item":"https:\/\/colombiainteligente.org\/"},{"@type":"ListItem","position":2,"name":"Empoderar al usuario redefine la distribuci\u00f3n el\u00e9ctrica"}]},{"@type":"WebSite","@id":"https:\/\/colombiainteligente.org\/#website","url":"https:\/\/colombiainteligente.org\/","name":"Colombia Inteligente","description":"Alianza estrat\u00e9gica, conformada por empresas y entidades, para la inserci\u00f3n integral y eficiente de las redes inteligentes a la infraestructura del sector el\u00e9ctrico colombiano","publisher":{"@id":"https:\/\/colombiainteligente.org\/#organization"},"potentialAction":[{"@type":"SearchAction","target":{"@type":"EntryPoint","urlTemplate":"https:\/\/colombiainteligente.org\/?s={search_term_string}"},"query-input":{"@type":"PropertyValueSpecification","valueRequired":true,"valueName":"search_term_string"}}],"inLanguage":"es-CO"},{"@type":"Organization","@id":"https:\/\/colombiainteligente.org\/#organization","name":"Colombia Inteligente","url":"https:\/\/colombiainteligente.org\/","logo":{"@type":"ImageObject","inLanguage":"es-CO","@id":"https:\/\/colombiainteligente.org\/#\/schema\/logo\/image\/","url":"https:\/\/colombiainteligente.org\/wp-content\/uploads\/2022\/07\/Image.png","contentUrl":"https:\/\/colombiainteligente.org\/wp-content\/uploads\/2022\/07\/Image.png","width":588,"height":274,"caption":"Colombia Inteligente"},"image":{"@id":"https:\/\/colombiainteligente.org\/#\/schema\/logo\/image\/"},"sameAs":["https:\/\/x.com\/colombiaintelig","https:\/\/www.linkedin.com\/company\/colombiainteligente\/"]},{"@type":"Person","@id":"https:\/\/colombiainteligente.org\/#\/schema\/person\/e207145d548b75a6d339ff1d4d3b0432","name":"DIFUSI\u00d3N COLOMBIA INTELIGENTE","image":{"@type":"ImageObject","inLanguage":"es-CO","@id":"https:\/\/secure.gravatar.com\/avatar\/df2e679ff2abf288cf4bf58830dad897e596908105ec8969f50f748a6d837869?s=96&d=mm&r=g","url":"https:\/\/secure.gravatar.com\/avatar\/df2e679ff2abf288cf4bf58830dad897e596908105ec8969f50f748a6d837869?s=96&d=mm&r=g","contentUrl":"https:\/\/secure.gravatar.com\/avatar\/df2e679ff2abf288cf4bf58830dad897e596908105ec8969f50f748a6d837869?s=96&d=mm&r=g","caption":"DIFUSI\u00d3N COLOMBIA INTELIGENTE"},"url":"https:\/\/colombiainteligente.org\/es_co\/author\/difusioncolombiainteligente-org\/"}]}},"_links":{"self":[{"href":"https:\/\/colombiainteligente.org\/es_co\/wp-json\/wp\/v2\/posts\/69696","targetHints":{"allow":["GET"]}}],"collection":[{"href":"https:\/\/colombiainteligente.org\/es_co\/wp-json\/wp\/v2\/posts"}],"about":[{"href":"https:\/\/colombiainteligente.org\/es_co\/wp-json\/wp\/v2\/types\/post"}],"author":[{"embeddable":true,"href":"https:\/\/colombiainteligente.org\/es_co\/wp-json\/wp\/v2\/users\/23"}],"replies":[{"embeddable":true,"href":"https:\/\/colombiainteligente.org\/es_co\/wp-json\/wp\/v2\/comments?post=69696"}],"version-history":[{"count":7,"href":"https:\/\/colombiainteligente.org\/es_co\/wp-json\/wp\/v2\/posts\/69696\/revisions"}],"predecessor-version":[{"id":69718,"href":"https:\/\/colombiainteligente.org\/es_co\/wp-json\/wp\/v2\/posts\/69696\/revisions\/69718"}],"wp:featuredmedia":[{"embeddable":true,"href":"https:\/\/colombiainteligente.org\/es_co\/wp-json\/wp\/v2\/media\/69709"}],"wp:attachment":[{"href":"https:\/\/colombiainteligente.org\/es_co\/wp-json\/wp\/v2\/media?parent=69696"}],"wp:term":[{"taxonomy":"category","embeddable":true,"href":"https:\/\/colombiainteligente.org\/es_co\/wp-json\/wp\/v2\/categories?post=69696"},{"taxonomy":"post_tag","embeddable":true,"href":"https:\/\/colombiainteligente.org\/es_co\/wp-json\/wp\/v2\/tags?post=69696"}],"curies":[{"name":"wp","href":"https:\/\/api.w.org\/{rel}","templated":true}]}}