{"id":69866,"date":"2026-04-28T16:39:18","date_gmt":"2026-04-28T21:39:18","guid":{"rendered":"https:\/\/colombiainteligente.org\/?p=69866"},"modified":"2026-04-28T16:47:26","modified_gmt":"2026-04-28T21:47:26","slug":"resilience-to-price-shocks-in-coupled-gas-electricity-markets","status":"publish","type":"post","link":"https:\/\/colombiainteligente.org\/es_co\/tendencias\/resilience-to-price-shocks-in-coupled-gas-electricity-markets\/","title":{"rendered":"\u00a0Resilience to Price Shocks in Coupled Gas-Electricity Markets"},"content":{"rendered":"<div data-elementor-type=\"wp-post\" data-elementor-id=\"69866\" class=\"elementor elementor-69866\" data-elementor-post-type=\"post\">\n\t\t\t\t\t\t\t\t\t<section class=\"elementor-section elementor-top-section elementor-element elementor-element-87c6aa2 elementor-section-boxed elementor-section-height-default elementor-section-height-default\" data-id=\"87c6aa2\" data-element_type=\"section\">\n\t\t\t\t\t\t<div class=\"elementor-container elementor-column-gap-default\">\n\t\t\t\t\t<div class=\"elementor-column elementor-col-100 elementor-top-column elementor-element elementor-element-558bb819\" data-id=\"558bb819\" data-element_type=\"column\">\n\t\t\t<div class=\"elementor-widget-wrap elementor-element-populated\">\n\t\t\t\t\t\t\t\t<div class=\"elementor-element elementor-element-3067325c elementor-widget elementor-widget-text-editor\" data-id=\"3067325c\" data-element_type=\"widget\" data-widget_type=\"text-editor.default\">\n\t\t\t\t<div class=\"elementor-widget-container\">\n\t\t\t<style>\/*! elementor - v3.14.0 - 26-06-2023 *\/\n.elementor-widget-text-editor.elementor-drop-cap-view-stacked .elementor-drop-cap{background-color:#69727d;color:#fff}.elementor-widget-text-editor.elementor-drop-cap-view-framed .elementor-drop-cap{color:#69727d;border:3px solid;background-color:transparent}.elementor-widget-text-editor:not(.elementor-drop-cap-view-default) .elementor-drop-cap{margin-top:8px}.elementor-widget-text-editor:not(.elementor-drop-cap-view-default) .elementor-drop-cap-letter{width:1em;height:1em}.elementor-widget-text-editor .elementor-drop-cap{float:left;text-align:center;line-height:1;font-size:50px}.elementor-widget-text-editor .elementor-drop-cap-letter{display:inline-block}<\/style>\t\t\t\t<p style=\"margin: 0in; font-family: Calibri; font-size: 11.0pt;\">La propuesta parte de una distinci\u00f3n t\u00e9cnica importante: Seguridad de suministro y contenci\u00f3n de precios est\u00e1n conectadas en la pr\u00e1ctica, pero no son exactamente el mismo objetivo anal\u00edtico. Durante la crisis europea de 2021-2023 se evit\u00f3 en gran medida el racionamiento administrativo, pero ese resultado tuvo un costo alto en precios mayoristas, destrucci\u00f3n de demanda industrial, presi\u00f3n fiscal y medidas de emergencia para sostener el funcionamiento del sistema. Bajo esa experiencia, se plantea que la resiliencia frente a choques de precios debe tratarse como una dimensi\u00f3n propia dentro de mercados acoplados de gas y electricidad. El inter\u00e9s no est\u00e1 en suprimir la se\u00f1al de escasez, sino en entender qu\u00e9 condiciones hacen que esa escasez se vuelva extrema, prolongada y econ\u00f3micamente m\u00e1s da\u00f1ina. La base conceptual se construye sobre la interacci\u00f3n entre shocks ex\u00f3genos, como clima severo o interrupciones de suministro, y rasgos estructurales del sistema energ\u00e9tico europeo, especialmente el papel del gas en la formaci\u00f3n marginal del precio el\u00e9ctrico cuando cae la generaci\u00f3n renovable o sube la demanda.<\/p><p style=\"margin: 0in; font-family: Calibri; font-size: 11.0pt;\">\u00a0<\/p><p style=\"margin: 0in; font-family: Calibri; font-size: 11.0pt;\">Los resultados del modelado de estr\u00e9s muestran que los episodios m\u00e1s severos no provienen de una sola perturbaci\u00f3n, sino de combinaciones correlacionadas. El fr\u00edo simult\u00e1neamente eleva la demanda de calefacci\u00f3n y la carga residual el\u00e9ctrica, en particular cuando la producci\u00f3n e\u00f3lica y solar es d\u00e9bil. Bajo esas condiciones, aumenta la quema de gas en el sector el\u00e9ctrico y se intensifica el traslado del precio del gas hacia la electricidad. El GNL aparece como el principal amortiguador marginal en a\u00f1os de estr\u00e9s, mientras la flexibilidad incremental de los gasoductos es limitada. Tambi\u00e9n se concluye que las respuestas de precio son no lineales y asim\u00e9tricas: cuando el sistema est\u00e1 ajustado, peque\u00f1os deterioros provocan aumentos mucho mayores que las reducciones observadas cuando la situaci\u00f3n mejora. Esto vuelve insuficiente el uso de precios promedio como indicador de resiliencia. Adem\u00e1s, las restricciones de flexibilidad y de entregabilidad no se distribuyen homog\u00e9neamente, por lo que pueden mantenerse regiones en escasez incluso cuando la capacidad agregada a escala europea parece suficiente.<\/p><p style=\"margin: 0in; font-family: Calibri; font-size: 11.0pt;\">\u00a0<\/p><p style=\"margin: 0in; font-family: Calibri; font-size: 11.0pt;\">A partir de ese diagn\u00f3stico, se plantea que la resiliencia del precio debe abordarse como un problema de portafolio. Las herramientas relevantes son las que reducen la probabilidad de que se activen restricciones conjuntas, aportan colchones y flexibilidad cuando esas restricciones aparecen, acortan la persistencia del episodio y disminuyen la exposici\u00f3n estructural en el tiempo. En esa l\u00f3gica se agrupan preparaci\u00f3n y entregabilidad, gobernanza del almacenamiento, flexibilidad del sector el\u00e9ctrico, respuesta de la demanda, marcos de emergencia cre\u00edbles y coordinados, contrataci\u00f3n que redistribuya riesgos, diversificaci\u00f3n e inversi\u00f3n en flexibilidad compatible con descarbonizaci\u00f3n. Tambi\u00e9n se aclara que la protecci\u00f3n fiscal o minorista ex post puede ser necesaria para bienestar y estabilizaci\u00f3n macroecon\u00f3mica, pero no corrige por s\u00ed sola la exposici\u00f3n mayorista ni los canales estructurales que amplifican los precios extremos. La resiliencia, por tanto, depende menos de subsidios posteriores y m\u00e1s de c\u00f3mo se dise\u00f1a la exposici\u00f3n del sistema antes del shock.<\/p><p style=\"margin: 0in; font-family: Calibri; font-size: 11.0pt;\">\u00a0<\/p><p style=\"margin: 0in; font-family: Calibri; font-size: 11.0pt;\">La principal propuesta operativa es la m\u00e9trica <span style=\"font-style: italic;\">Energy Price Resilience<\/span> (EPR), concebida para complementar los marcos existentes de adecuaci\u00f3n en gas y electricidad. Su funci\u00f3n es extender las evaluaciones actuales en tres direcciones. Primero, refina la medici\u00f3n de demanda pico de gas incorporando expl\u00edcitamente la carga residual el\u00e9ctrica en condiciones de estr\u00e9s, en lugar de tratar los riesgos de gas y electricidad por separado. Segundo, ajusta la suficiencia f\u00edsica por exposici\u00f3n econ\u00f3mica, incluyendo el peso de contratos a precio fijo o acotado, la concentraci\u00f3n de proveedores marginales de GNL y el nivel de estrechez del mercado global de GNL. Tercero, integra la adecuaci\u00f3n el\u00e9ctrica de forma condicional, reconociendo que la escasez el\u00e9ctrica puede convertirse en un impulsor independiente del riesgo de precios extremos cuando la entregabilidad de gas no alcanza para cubrir la demanda residual compuesta. Bajo esta estructura, la m\u00e9trica puede operar en dos dimensiones cuando el gas cubre adecuadamente esa demanda, o en tres cuando la escasez el\u00e9ctrica amplifica el estr\u00e9s. La propuesta tambi\u00e9n contempla extensiones para episodios prolongados de baja producci\u00f3n renovable tipo Dunkelflaute y se presenta como una herramienta aplicable a revisiones metodol\u00f3gicas de seguridad energ\u00e9tica, planeaci\u00f3n de red y priorizaci\u00f3n de infraestructura en la Uni\u00f3n Europea.<\/p><p align=\"justify\"><span style=\"color: #800000;\"><b>Para leer m\u00e1s ingrese a:<\/b><\/span><\/p><p style=\"margin: 0in; line-height: 13pt; font-family: Calibri;\"><a href=\"https:\/\/cerre.eu\/publications\/resilience-to-price-shocks-in-coupled-gas-electricity-markets\/\"><span style=\"font-size: 10.0pt;\">https:\/\/cerre.eu\/publications\/resilience-to-price-shocks-in-coupled-gas-electricity-markets\/<\/span><\/a><\/p><p style=\"margin: 0in; line-height: 13pt; font-family: Calibri;\"><a href=\"https:\/\/cerre.eu\/wp-content\/uploads\/2026\/03\/CERRE_Resilience-to-Price-Shocks-in-Coupled-Gas-Electricity-Markets.pdf\"><span style=\"font-size: 10.0pt;\">https:\/\/cerre.eu\/wp-content\/uploads\/2026\/03\/CERRE_Resilience-to-Price-Shocks-in-Coupled-Gas-Electricity-Markets.pdf <\/span><\/a><\/p>\t\t\t\t\t\t<\/div>\n\t\t\t\t<\/div>\n\t\t\t\t\t<\/div>\n\t\t<\/div>\n\t\t\t\t\t\t\t<\/div>\n\t\t<\/section>\n\t\t\t\t\t\t\t<\/div>\n\t\t<div style=\"text-align:center\" class=\"yasr-auto-insert-visitor\"><\/div>","protected":false},"excerpt":{"rendered":"<p>La crisis energ\u00e9tica europea de 2021-2023 dej\u00f3 una lecci\u00f3n central para los mercados liberalizados: El estr\u00e9s sist\u00e9mico no siempre se manifiesta mediante racionamiento f\u00edsico, sino a trav\u00e9s de precios extremos, destrucci\u00f3n de demanda, presi\u00f3n distributiva e intervenciones extraordinarias. A partir de esa experiencia, se desarrolla el concepto de resiliencia del precio de la energ\u00eda como una dimensi\u00f3n espec\u00edfica de la resiliencia en mercados acoplados de gas y electricidad bajo formaci\u00f3n marginal de precios. El foco no est\u00e1 en eliminar la escasez ni en estabilizar precios en condiciones normales, sino en reducir la magnitud, persistencia y velocidad de propagaci\u00f3n de episodios extremos en el mercado mayorista. Los resultados del modelado de estr\u00e9s identifican pocos mecanismos, pero muy determinantes: el fr\u00edo eleva la demanda de calefacci\u00f3n, aumenta el consumo de gas en generaci\u00f3n cuando la producci\u00f3n renovable es baja, refuerza el traslado gas-electricidad y hace que el GNL act\u00fae como colch\u00f3n marginal, mientras las respuestas de precios son no lineales y asim\u00e9tricas. Tambi\u00e9n se resalta que la suficiencia f\u00edsica no garantiza por s\u00ed sola resiliencia econ\u00f3mica. Como propuesta operativa, se introduce una m\u00e9trica de Energy Price Resilience (EPR) para incorporar exposici\u00f3n a compras spot, concentraci\u00f3n del suministro marginal de GNL, carga residual el\u00e9ctrica y condiciones de estr\u00e9s conjunto en las evaluaciones de seguridad energ\u00e9tica e infraestructura de la Uni\u00f3n Europea. <\/p>","protected":false},"author":23,"featured_media":69867,"comment_status":"open","ping_status":"open","sticky":false,"template":"","format":"standard","meta":{"yasr_overall_rating":0,"yasr_post_is_review":"","yasr_auto_insert_disabled":"","yasr_review_type":"","footnotes":""},"categories":[54,53],"tags":[],"class_list":["post-69866","post","type-post","status-publish","format-standard","has-post-thumbnail","hentry","category-energia-que-transforma","category-tendencias"],"yasr_visitor_votes":{"number_of_votes":0,"sum_votes":0,"stars_attributes":{"read_only":false,"span_bottom":false}},"yoast_head":"<!-- This site is optimized with the Yoast SEO plugin v27.3 - https:\/\/yoast.com\/product\/yoast-seo-wordpress\/ -->\n<title>\u00a0Resilience to Price Shocks in Coupled Gas-Electricity Markets - Colombia Inteligente<\/title>\n<meta name=\"robots\" content=\"index, follow, max-snippet:-1, max-image-preview:large, max-video-preview:-1\" \/>\n<link rel=\"canonical\" href=\"https:\/\/colombiainteligente.org\/es_co\/tendencias\/resilience-to-price-shocks-in-coupled-gas-electricity-markets\/\" \/>\n<meta property=\"og:locale\" content=\"es_ES\" \/>\n<meta property=\"og:type\" content=\"article\" \/>\n<meta property=\"og:title\" content=\"\u00a0Resilience to Price Shocks in Coupled Gas-Electricity Markets - Colombia Inteligente\" \/>\n<meta property=\"og:description\" content=\"La crisis energ\u00e9tica europea de 2021-2023 dej\u00f3 una lecci\u00f3n central para los mercados liberalizados: El estr\u00e9s sist\u00e9mico no siempre se manifiesta mediante racionamiento f\u00edsico, sino a trav\u00e9s de precios extremos, destrucci\u00f3n de demanda, presi\u00f3n distributiva e intervenciones extraordinarias. A partir de esa experiencia, se desarrolla el concepto de resiliencia del precio de la energ\u00eda como una dimensi\u00f3n espec\u00edfica de la resiliencia en mercados acoplados de gas y electricidad bajo formaci\u00f3n marginal de precios. El foco no est\u00e1 en eliminar la escasez ni en estabilizar precios en condiciones normales, sino en reducir la magnitud, persistencia y velocidad de propagaci\u00f3n de episodios extremos en el mercado mayorista. Los resultados del modelado de estr\u00e9s identifican pocos mecanismos, pero muy determinantes: el fr\u00edo eleva la demanda de calefacci\u00f3n, aumenta el consumo de gas en generaci\u00f3n cuando la producci\u00f3n renovable es baja, refuerza el traslado gas-electricidad y hace que el GNL act\u00fae como colch\u00f3n marginal, mientras las respuestas de precios son no lineales y asim\u00e9tricas. Tambi\u00e9n se resalta que la suficiencia f\u00edsica no garantiza por s\u00ed sola resiliencia econ\u00f3mica. Como propuesta operativa, se introduce una m\u00e9trica de Energy Price Resilience (EPR) para incorporar exposici\u00f3n a compras spot, concentraci\u00f3n del suministro marginal de GNL, carga residual el\u00e9ctrica y condiciones de estr\u00e9s conjunto en las evaluaciones de seguridad energ\u00e9tica e infraestructura de la Uni\u00f3n Europea.\" \/>\n<meta property=\"og:url\" content=\"https:\/\/colombiainteligente.org\/es_co\/tendencias\/resilience-to-price-shocks-in-coupled-gas-electricity-markets\/\" \/>\n<meta property=\"og:site_name\" content=\"Colombia Inteligente\" \/>\n<meta property=\"article:published_time\" content=\"2026-04-28T21:39:18+00:00\" \/>\n<meta property=\"article:modified_time\" content=\"2026-04-28T21:47:26+00:00\" \/>\n<meta property=\"og:image\" content=\"https:\/\/colombiainteligente.org\/wp-content\/uploads\/2026\/04\/04-Energia-4520426.png\" \/>\n\t<meta property=\"og:image:width\" content=\"834\" \/>\n\t<meta property=\"og:image:height\" content=\"1175\" \/>\n\t<meta property=\"og:image:type\" content=\"image\/png\" \/>\n<meta name=\"author\" content=\"DIFUSI\u00d3N COLOMBIA INTELIGENTE\" \/>\n<meta name=\"twitter:card\" content=\"summary_large_image\" \/>\n<meta name=\"twitter:creator\" content=\"@colombiaintelig\" \/>\n<meta name=\"twitter:site\" content=\"@colombiaintelig\" \/>\n<meta name=\"twitter:label1\" content=\"Escrito por\" \/>\n\t<meta name=\"twitter:data1\" content=\"DIFUSI\u00d3N COLOMBIA INTELIGENTE\" \/>\n\t<meta name=\"twitter:label2\" content=\"Tiempo estimado de lectura\" \/>\n\t<meta name=\"twitter:data2\" content=\"4 minutos\" \/>\n<script type=\"application\/ld+json\" class=\"yoast-schema-graph\">{\"@context\":\"https:\\\/\\\/schema.org\",\"@graph\":[{\"@type\":\"Article\",\"@id\":\"https:\\\/\\\/colombiainteligente.org\\\/tendencias\\\/resilience-to-price-shocks-in-coupled-gas-electricity-markets\\\/#article\",\"isPartOf\":{\"@id\":\"https:\\\/\\\/colombiainteligente.org\\\/tendencias\\\/resilience-to-price-shocks-in-coupled-gas-electricity-markets\\\/\"},\"author\":{\"name\":\"DIFUSI\u00d3N COLOMBIA INTELIGENTE\",\"@id\":\"https:\\\/\\\/colombiainteligente.org\\\/#\\\/schema\\\/person\\\/e207145d548b75a6d339ff1d4d3b0432\"},\"headline\":\"\u00a0Resilience to Price Shocks in Coupled Gas-Electricity Markets\",\"datePublished\":\"2026-04-28T21:39:18+00:00\",\"dateModified\":\"2026-04-28T21:47:26+00:00\",\"mainEntityOfPage\":{\"@id\":\"https:\\\/\\\/colombiainteligente.org\\\/tendencias\\\/resilience-to-price-shocks-in-coupled-gas-electricity-markets\\\/\"},\"wordCount\":793,\"commentCount\":0,\"publisher\":{\"@id\":\"https:\\\/\\\/colombiainteligente.org\\\/#organization\"},\"image\":{\"@id\":\"https:\\\/\\\/colombiainteligente.org\\\/tendencias\\\/resilience-to-price-shocks-in-coupled-gas-electricity-markets\\\/#primaryimage\"},\"thumbnailUrl\":\"https:\\\/\\\/colombiainteligente.org\\\/wp-content\\\/uploads\\\/2026\\\/04\\\/04-Energia-4520426.png\",\"articleSection\":[\"Energ\u00eda que transforma\",\"Tendencias\"],\"inLanguage\":\"es-CO\",\"potentialAction\":[{\"@type\":\"CommentAction\",\"name\":\"Comment\",\"target\":[\"https:\\\/\\\/colombiainteligente.org\\\/tendencias\\\/resilience-to-price-shocks-in-coupled-gas-electricity-markets\\\/#respond\"]}]},{\"@type\":\"WebPage\",\"@id\":\"https:\\\/\\\/colombiainteligente.org\\\/tendencias\\\/resilience-to-price-shocks-in-coupled-gas-electricity-markets\\\/\",\"url\":\"https:\\\/\\\/colombiainteligente.org\\\/tendencias\\\/resilience-to-price-shocks-in-coupled-gas-electricity-markets\\\/\",\"name\":\"\u00a0Resilience to Price Shocks in Coupled Gas-Electricity Markets - Colombia Inteligente\",\"isPartOf\":{\"@id\":\"https:\\\/\\\/colombiainteligente.org\\\/#website\"},\"primaryImageOfPage\":{\"@id\":\"https:\\\/\\\/colombiainteligente.org\\\/tendencias\\\/resilience-to-price-shocks-in-coupled-gas-electricity-markets\\\/#primaryimage\"},\"image\":{\"@id\":\"https:\\\/\\\/colombiainteligente.org\\\/tendencias\\\/resilience-to-price-shocks-in-coupled-gas-electricity-markets\\\/#primaryimage\"},\"thumbnailUrl\":\"https:\\\/\\\/colombiainteligente.org\\\/wp-content\\\/uploads\\\/2026\\\/04\\\/04-Energia-4520426.png\",\"datePublished\":\"2026-04-28T21:39:18+00:00\",\"dateModified\":\"2026-04-28T21:47:26+00:00\",\"breadcrumb\":{\"@id\":\"https:\\\/\\\/colombiainteligente.org\\\/tendencias\\\/resilience-to-price-shocks-in-coupled-gas-electricity-markets\\\/#breadcrumb\"},\"inLanguage\":\"es-CO\",\"potentialAction\":[{\"@type\":\"ReadAction\",\"target\":[\"https:\\\/\\\/colombiainteligente.org\\\/tendencias\\\/resilience-to-price-shocks-in-coupled-gas-electricity-markets\\\/\"]}]},{\"@type\":\"ImageObject\",\"inLanguage\":\"es-CO\",\"@id\":\"https:\\\/\\\/colombiainteligente.org\\\/tendencias\\\/resilience-to-price-shocks-in-coupled-gas-electricity-markets\\\/#primaryimage\",\"url\":\"https:\\\/\\\/colombiainteligente.org\\\/wp-content\\\/uploads\\\/2026\\\/04\\\/04-Energia-4520426.png\",\"contentUrl\":\"https:\\\/\\\/colombiainteligente.org\\\/wp-content\\\/uploads\\\/2026\\\/04\\\/04-Energia-4520426.png\",\"width\":834,\"height\":1175},{\"@type\":\"BreadcrumbList\",\"@id\":\"https:\\\/\\\/colombiainteligente.org\\\/tendencias\\\/resilience-to-price-shocks-in-coupled-gas-electricity-markets\\\/#breadcrumb\",\"itemListElement\":[{\"@type\":\"ListItem\",\"position\":1,\"name\":\"Portada\",\"item\":\"https:\\\/\\\/colombiainteligente.org\\\/\"},{\"@type\":\"ListItem\",\"position\":2,\"name\":\"\u00a0Resilience to Price Shocks in Coupled Gas-Electricity Markets\"}]},{\"@type\":\"WebSite\",\"@id\":\"https:\\\/\\\/colombiainteligente.org\\\/#website\",\"url\":\"https:\\\/\\\/colombiainteligente.org\\\/\",\"name\":\"Colombia Inteligente\",\"description\":\"Alianza estrat\u00e9gica, conformada por empresas y entidades, para la inserci\u00f3n integral y eficiente de las redes inteligentes a la infraestructura del sector el\u00e9ctrico colombiano\",\"publisher\":{\"@id\":\"https:\\\/\\\/colombiainteligente.org\\\/#organization\"},\"potentialAction\":[{\"@type\":\"SearchAction\",\"target\":{\"@type\":\"EntryPoint\",\"urlTemplate\":\"https:\\\/\\\/colombiainteligente.org\\\/?s={search_term_string}\"},\"query-input\":{\"@type\":\"PropertyValueSpecification\",\"valueRequired\":true,\"valueName\":\"search_term_string\"}}],\"inLanguage\":\"es-CO\"},{\"@type\":\"Organization\",\"@id\":\"https:\\\/\\\/colombiainteligente.org\\\/#organization\",\"name\":\"Colombia Inteligente\",\"url\":\"https:\\\/\\\/colombiainteligente.org\\\/\",\"logo\":{\"@type\":\"ImageObject\",\"inLanguage\":\"es-CO\",\"@id\":\"https:\\\/\\\/colombiainteligente.org\\\/#\\\/schema\\\/logo\\\/image\\\/\",\"url\":\"https:\\\/\\\/colombiainteligente.org\\\/wp-content\\\/uploads\\\/2022\\\/07\\\/Image.png\",\"contentUrl\":\"https:\\\/\\\/colombiainteligente.org\\\/wp-content\\\/uploads\\\/2022\\\/07\\\/Image.png\",\"width\":588,\"height\":274,\"caption\":\"Colombia Inteligente\"},\"image\":{\"@id\":\"https:\\\/\\\/colombiainteligente.org\\\/#\\\/schema\\\/logo\\\/image\\\/\"},\"sameAs\":[\"https:\\\/\\\/x.com\\\/colombiaintelig\",\"https:\\\/\\\/www.linkedin.com\\\/company\\\/colombiainteligente\\\/\"]},{\"@type\":\"Person\",\"@id\":\"https:\\\/\\\/colombiainteligente.org\\\/#\\\/schema\\\/person\\\/e207145d548b75a6d339ff1d4d3b0432\",\"name\":\"DIFUSI\u00d3N COLOMBIA INTELIGENTE\",\"image\":{\"@type\":\"ImageObject\",\"inLanguage\":\"es-CO\",\"@id\":\"https:\\\/\\\/secure.gravatar.com\\\/avatar\\\/df2e679ff2abf288cf4bf58830dad897e596908105ec8969f50f748a6d837869?s=96&d=mm&r=g\",\"url\":\"https:\\\/\\\/secure.gravatar.com\\\/avatar\\\/df2e679ff2abf288cf4bf58830dad897e596908105ec8969f50f748a6d837869?s=96&d=mm&r=g\",\"contentUrl\":\"https:\\\/\\\/secure.gravatar.com\\\/avatar\\\/df2e679ff2abf288cf4bf58830dad897e596908105ec8969f50f748a6d837869?s=96&d=mm&r=g\",\"caption\":\"DIFUSI\u00d3N COLOMBIA INTELIGENTE\"},\"url\":\"https:\\\/\\\/colombiainteligente.org\\\/es_co\\\/author\\\/difusioncolombiainteligente-org\\\/\"}]}<\/script>\n<!-- \/ Yoast SEO plugin. -->","yoast_head_json":{"title":"\u00a0Resilience to Price Shocks in Coupled Gas-Electricity Markets - Colombia Inteligente","robots":{"index":"index","follow":"follow","max-snippet":"max-snippet:-1","max-image-preview":"max-image-preview:large","max-video-preview":"max-video-preview:-1"},"canonical":"https:\/\/colombiainteligente.org\/es_co\/tendencias\/resilience-to-price-shocks-in-coupled-gas-electricity-markets\/","og_locale":"es_ES","og_type":"article","og_title":"\u00a0Resilience to Price Shocks in Coupled Gas-Electricity Markets - Colombia Inteligente","og_description":"La crisis energ\u00e9tica europea de 2021-2023 dej\u00f3 una lecci\u00f3n central para los mercados liberalizados: El estr\u00e9s sist\u00e9mico no siempre se manifiesta mediante racionamiento f\u00edsico, sino a trav\u00e9s de precios extremos, destrucci\u00f3n de demanda, presi\u00f3n distributiva e intervenciones extraordinarias. A partir de esa experiencia, se desarrolla el concepto de resiliencia del precio de la energ\u00eda como una dimensi\u00f3n espec\u00edfica de la resiliencia en mercados acoplados de gas y electricidad bajo formaci\u00f3n marginal de precios. El foco no est\u00e1 en eliminar la escasez ni en estabilizar precios en condiciones normales, sino en reducir la magnitud, persistencia y velocidad de propagaci\u00f3n de episodios extremos en el mercado mayorista. Los resultados del modelado de estr\u00e9s identifican pocos mecanismos, pero muy determinantes: el fr\u00edo eleva la demanda de calefacci\u00f3n, aumenta el consumo de gas en generaci\u00f3n cuando la producci\u00f3n renovable es baja, refuerza el traslado gas-electricidad y hace que el GNL act\u00fae como colch\u00f3n marginal, mientras las respuestas de precios son no lineales y asim\u00e9tricas. Tambi\u00e9n se resalta que la suficiencia f\u00edsica no garantiza por s\u00ed sola resiliencia econ\u00f3mica. Como propuesta operativa, se introduce una m\u00e9trica de Energy Price Resilience (EPR) para incorporar exposici\u00f3n a compras spot, concentraci\u00f3n del suministro marginal de GNL, carga residual el\u00e9ctrica y condiciones de estr\u00e9s conjunto en las evaluaciones de seguridad energ\u00e9tica e infraestructura de la Uni\u00f3n Europea.","og_url":"https:\/\/colombiainteligente.org\/es_co\/tendencias\/resilience-to-price-shocks-in-coupled-gas-electricity-markets\/","og_site_name":"Colombia Inteligente","article_published_time":"2026-04-28T21:39:18+00:00","article_modified_time":"2026-04-28T21:47:26+00:00","og_image":[{"width":834,"height":1175,"url":"https:\/\/colombiainteligente.org\/wp-content\/uploads\/2026\/04\/04-Energia-4520426.png","type":"image\/png"}],"author":"DIFUSI\u00d3N COLOMBIA INTELIGENTE","twitter_card":"summary_large_image","twitter_creator":"@colombiaintelig","twitter_site":"@colombiaintelig","twitter_misc":{"Escrito por":"DIFUSI\u00d3N COLOMBIA INTELIGENTE","Tiempo estimado de lectura":"4 minutos"},"schema":{"@context":"https:\/\/schema.org","@graph":[{"@type":"Article","@id":"https:\/\/colombiainteligente.org\/tendencias\/resilience-to-price-shocks-in-coupled-gas-electricity-markets\/#article","isPartOf":{"@id":"https:\/\/colombiainteligente.org\/tendencias\/resilience-to-price-shocks-in-coupled-gas-electricity-markets\/"},"author":{"name":"DIFUSI\u00d3N COLOMBIA INTELIGENTE","@id":"https:\/\/colombiainteligente.org\/#\/schema\/person\/e207145d548b75a6d339ff1d4d3b0432"},"headline":"\u00a0Resilience to Price Shocks in Coupled Gas-Electricity Markets","datePublished":"2026-04-28T21:39:18+00:00","dateModified":"2026-04-28T21:47:26+00:00","mainEntityOfPage":{"@id":"https:\/\/colombiainteligente.org\/tendencias\/resilience-to-price-shocks-in-coupled-gas-electricity-markets\/"},"wordCount":793,"commentCount":0,"publisher":{"@id":"https:\/\/colombiainteligente.org\/#organization"},"image":{"@id":"https:\/\/colombiainteligente.org\/tendencias\/resilience-to-price-shocks-in-coupled-gas-electricity-markets\/#primaryimage"},"thumbnailUrl":"https:\/\/colombiainteligente.org\/wp-content\/uploads\/2026\/04\/04-Energia-4520426.png","articleSection":["Energ\u00eda que transforma","Tendencias"],"inLanguage":"es-CO","potentialAction":[{"@type":"CommentAction","name":"Comment","target":["https:\/\/colombiainteligente.org\/tendencias\/resilience-to-price-shocks-in-coupled-gas-electricity-markets\/#respond"]}]},{"@type":"WebPage","@id":"https:\/\/colombiainteligente.org\/tendencias\/resilience-to-price-shocks-in-coupled-gas-electricity-markets\/","url":"https:\/\/colombiainteligente.org\/tendencias\/resilience-to-price-shocks-in-coupled-gas-electricity-markets\/","name":"\u00a0Resilience to Price Shocks in Coupled Gas-Electricity Markets - Colombia Inteligente","isPartOf":{"@id":"https:\/\/colombiainteligente.org\/#website"},"primaryImageOfPage":{"@id":"https:\/\/colombiainteligente.org\/tendencias\/resilience-to-price-shocks-in-coupled-gas-electricity-markets\/#primaryimage"},"image":{"@id":"https:\/\/colombiainteligente.org\/tendencias\/resilience-to-price-shocks-in-coupled-gas-electricity-markets\/#primaryimage"},"thumbnailUrl":"https:\/\/colombiainteligente.org\/wp-content\/uploads\/2026\/04\/04-Energia-4520426.png","datePublished":"2026-04-28T21:39:18+00:00","dateModified":"2026-04-28T21:47:26+00:00","breadcrumb":{"@id":"https:\/\/colombiainteligente.org\/tendencias\/resilience-to-price-shocks-in-coupled-gas-electricity-markets\/#breadcrumb"},"inLanguage":"es-CO","potentialAction":[{"@type":"ReadAction","target":["https:\/\/colombiainteligente.org\/tendencias\/resilience-to-price-shocks-in-coupled-gas-electricity-markets\/"]}]},{"@type":"ImageObject","inLanguage":"es-CO","@id":"https:\/\/colombiainteligente.org\/tendencias\/resilience-to-price-shocks-in-coupled-gas-electricity-markets\/#primaryimage","url":"https:\/\/colombiainteligente.org\/wp-content\/uploads\/2026\/04\/04-Energia-4520426.png","contentUrl":"https:\/\/colombiainteligente.org\/wp-content\/uploads\/2026\/04\/04-Energia-4520426.png","width":834,"height":1175},{"@type":"BreadcrumbList","@id":"https:\/\/colombiainteligente.org\/tendencias\/resilience-to-price-shocks-in-coupled-gas-electricity-markets\/#breadcrumb","itemListElement":[{"@type":"ListItem","position":1,"name":"Portada","item":"https:\/\/colombiainteligente.org\/"},{"@type":"ListItem","position":2,"name":"\u00a0Resilience to Price Shocks in Coupled Gas-Electricity Markets"}]},{"@type":"WebSite","@id":"https:\/\/colombiainteligente.org\/#website","url":"https:\/\/colombiainteligente.org\/","name":"Colombia Inteligente","description":"Alianza estrat\u00e9gica, conformada por empresas y entidades, para la inserci\u00f3n integral y eficiente de las redes inteligentes a la infraestructura del sector el\u00e9ctrico colombiano","publisher":{"@id":"https:\/\/colombiainteligente.org\/#organization"},"potentialAction":[{"@type":"SearchAction","target":{"@type":"EntryPoint","urlTemplate":"https:\/\/colombiainteligente.org\/?s={search_term_string}"},"query-input":{"@type":"PropertyValueSpecification","valueRequired":true,"valueName":"search_term_string"}}],"inLanguage":"es-CO"},{"@type":"Organization","@id":"https:\/\/colombiainteligente.org\/#organization","name":"Colombia Inteligente","url":"https:\/\/colombiainteligente.org\/","logo":{"@type":"ImageObject","inLanguage":"es-CO","@id":"https:\/\/colombiainteligente.org\/#\/schema\/logo\/image\/","url":"https:\/\/colombiainteligente.org\/wp-content\/uploads\/2022\/07\/Image.png","contentUrl":"https:\/\/colombiainteligente.org\/wp-content\/uploads\/2022\/07\/Image.png","width":588,"height":274,"caption":"Colombia Inteligente"},"image":{"@id":"https:\/\/colombiainteligente.org\/#\/schema\/logo\/image\/"},"sameAs":["https:\/\/x.com\/colombiaintelig","https:\/\/www.linkedin.com\/company\/colombiainteligente\/"]},{"@type":"Person","@id":"https:\/\/colombiainteligente.org\/#\/schema\/person\/e207145d548b75a6d339ff1d4d3b0432","name":"DIFUSI\u00d3N COLOMBIA INTELIGENTE","image":{"@type":"ImageObject","inLanguage":"es-CO","@id":"https:\/\/secure.gravatar.com\/avatar\/df2e679ff2abf288cf4bf58830dad897e596908105ec8969f50f748a6d837869?s=96&d=mm&r=g","url":"https:\/\/secure.gravatar.com\/avatar\/df2e679ff2abf288cf4bf58830dad897e596908105ec8969f50f748a6d837869?s=96&d=mm&r=g","contentUrl":"https:\/\/secure.gravatar.com\/avatar\/df2e679ff2abf288cf4bf58830dad897e596908105ec8969f50f748a6d837869?s=96&d=mm&r=g","caption":"DIFUSI\u00d3N COLOMBIA INTELIGENTE"},"url":"https:\/\/colombiainteligente.org\/es_co\/author\/difusioncolombiainteligente-org\/"}]}},"_links":{"self":[{"href":"https:\/\/colombiainteligente.org\/es_co\/wp-json\/wp\/v2\/posts\/69866","targetHints":{"allow":["GET"]}}],"collection":[{"href":"https:\/\/colombiainteligente.org\/es_co\/wp-json\/wp\/v2\/posts"}],"about":[{"href":"https:\/\/colombiainteligente.org\/es_co\/wp-json\/wp\/v2\/types\/post"}],"author":[{"embeddable":true,"href":"https:\/\/colombiainteligente.org\/es_co\/wp-json\/wp\/v2\/users\/23"}],"replies":[{"embeddable":true,"href":"https:\/\/colombiainteligente.org\/es_co\/wp-json\/wp\/v2\/comments?post=69866"}],"version-history":[{"count":7,"href":"https:\/\/colombiainteligente.org\/es_co\/wp-json\/wp\/v2\/posts\/69866\/revisions"}],"predecessor-version":[{"id":69874,"href":"https:\/\/colombiainteligente.org\/es_co\/wp-json\/wp\/v2\/posts\/69866\/revisions\/69874"}],"wp:featuredmedia":[{"embeddable":true,"href":"https:\/\/colombiainteligente.org\/es_co\/wp-json\/wp\/v2\/media\/69867"}],"wp:attachment":[{"href":"https:\/\/colombiainteligente.org\/es_co\/wp-json\/wp\/v2\/media?parent=69866"}],"wp:term":[{"taxonomy":"category","embeddable":true,"href":"https:\/\/colombiainteligente.org\/es_co\/wp-json\/wp\/v2\/categories?post=69866"},{"taxonomy":"post_tag","embeddable":true,"href":"https:\/\/colombiainteligente.org\/es_co\/wp-json\/wp\/v2\/tags?post=69866"}],"curies":[{"name":"wp","href":"https:\/\/api.w.org\/{rel}","templated":true}]}}