{"id":74915,"date":"2026-09-01T13:38:09","date_gmt":"2026-09-01T18:38:09","guid":{"rendered":"https:\/\/colombiainteligente.org\/?p=74915"},"modified":"2026-09-01T13:40:43","modified_gmt":"2026-09-01T18:40:43","slug":"mit-advierte-que-la-ia-podria-aumentar-el-calentamiento","status":"publish","type":"post","link":"https:\/\/colombiainteligente.org\/es_co\/noticias-sectoriales\/mit-advierte-que-la-ia-podria-aumentar-el-calentamiento\/","title":{"rendered":"MIT advierte que la IA podr\u00eda aumentar el calentamiento"},"content":{"rendered":"<div data-elementor-type=\"wp-post\" data-elementor-id=\"74915\" class=\"elementor elementor-74915\" data-elementor-post-type=\"post\">\n\t\t\t\t\t\t\t\t\t<section class=\"elementor-section elementor-top-section elementor-element elementor-element-87c6aa2 elementor-section-boxed elementor-section-height-default elementor-section-height-default\" data-id=\"87c6aa2\" data-element_type=\"section\">\n\t\t\t\t\t\t<div class=\"elementor-container elementor-column-gap-default\">\n\t\t\t\t\t<div class=\"elementor-column elementor-col-100 elementor-top-column elementor-element elementor-element-558bb819\" data-id=\"558bb819\" data-element_type=\"column\">\n\t\t\t<div class=\"elementor-widget-wrap elementor-element-populated\">\n\t\t\t\t\t\t\t\t<div class=\"elementor-element elementor-element-3067325c elementor-widget elementor-widget-text-editor\" data-id=\"3067325c\" data-element_type=\"widget\" data-widget_type=\"text-editor.default\">\n\t\t\t\t<div class=\"elementor-widget-container\">\n\t\t\t<style>\/*! elementor - v3.14.0 - 26-06-2023 *\/\n.elementor-widget-text-editor.elementor-drop-cap-view-stacked .elementor-drop-cap{background-color:#69727d;color:#fff}.elementor-widget-text-editor.elementor-drop-cap-view-framed .elementor-drop-cap{color:#69727d;border:3px solid;background-color:transparent}.elementor-widget-text-editor:not(.elementor-drop-cap-view-default) .elementor-drop-cap{margin-top:8px}.elementor-widget-text-editor:not(.elementor-drop-cap-view-default) .elementor-drop-cap-letter{width:1em;height:1em}.elementor-widget-text-editor .elementor-drop-cap{float:left;text-align:center;line-height:1;font-size:50px}.elementor-widget-text-editor .elementor-drop-cap-letter{display:inline-block}<\/style>\t\t\t\t<p lang=\"en-US\">Investigadores de MIT Sloan analizan el debate sobre el impacto clim\u00e1tico de la inteligencia artificial y concluyen que el principal desaf\u00edo no se limita al consumo el\u00e9ctrico de los centros de datos. Aunque la expansi\u00f3n de la infraestructura digital asociada a la IA est\u00e1 incrementando la demanda energ\u00e9tica mundial, los autores sostienen que el efecto m\u00e1s relevante puede surgir del crecimiento econ\u00f3mico adicional que la tecnolog\u00eda facilita mediante aumentos en productividad, automatizaci\u00f3n e innovaci\u00f3n.<br \/><br \/>El an\u00e1lisis identifica dos tipos de impacto. El primero corresponde al efecto directo generado por centros de datos, equipos de procesamiento y sistemas de c\u00f3mputo necesarios para entrenar y operar modelos avanzados. El segundo corresponde a un efecto indirecto, en el que la mayor eficiencia econ\u00f3mica impulsa niveles superiores de producci\u00f3n, consumo energ\u00e9tico y actividad industrial. Seg\u00fan el estudio, este segundo componente tiene potencial para ejercer una influencia clim\u00e1tica m\u00e1s significativa durante las pr\u00f3ximas d\u00e9cadas.<br \/><br \/>Los investigadores se\u00f1alan que la mejora constante en eficiencia de hardware, algoritmos y centros de datos contribuye a reducir parte de la intensidad energ\u00e9tica asociada a la IA. Sin embargo, tambi\u00e9n advierten que una disminuci\u00f3n de costos puede estimular un uso a\u00fan m\u00e1s amplio de estas tecnolog\u00edas, fen\u00f3meno conocido como efecto rebote. Como resultado, la demanda total podr\u00eda continuar creciendo incluso cuando las plataformas sean m\u00e1s eficientes.<br \/><br \/>La investigaci\u00f3n destaca que la inteligencia artificial tambi\u00e9n podr\u00eda acelerar el desarrollo de soluciones energ\u00e9ticas, optimizaci\u00f3n de redes el\u00e9ctricas, innovaci\u00f3n en materiales y procesos de descarbonizaci\u00f3n. No obstante, dichos beneficios futuros no eliminan autom\u00e1ticamente las emisiones asociadas al crecimiento actual de la infraestructura digital.<br \/><br \/>Para las empresas energ\u00e9ticas, el informe representa una se\u00f1al relevante sobre el aumento estructural de la demanda el\u00e9ctrica vinculada a la econom\u00eda digital. El desarrollo sostenible de la IA depender\u00e1 de una combinaci\u00f3n entre innovaci\u00f3n tecnol\u00f3gica, expansi\u00f3n de energ\u00edas limpias y pol\u00edticas clim\u00e1ticas capaces de mantener el crecimiento econ\u00f3mico dentro de trayectorias compatibles con los objetivos globales de reducci\u00f3n de emisiones.<\/p><p align=\"justify\"><span style=\"color: #800000;\"><b>Para leer m\u00e1s ingrese a:<\/b><\/span><\/p><p><a href=\"https:\/\/mitsloan.mit.edu\/press\/will-ai-derail-global-climate-goals\">https:\/\/mitsloan.mit.edu\/press\/will-ai-derail-global-climate-goals<\/a><\/p>\t\t\t\t\t\t<\/div>\n\t\t\t\t<\/div>\n\t\t\t\t\t<\/div>\n\t\t<\/div>\n\t\t\t\t\t\t\t<\/div>\n\t\t<\/section>\n\t\t\t\t\t\t\t<\/div>\n\t\t<div style=\"text-align:center\" class=\"yasr-auto-insert-visitor\"><\/div>","protected":false},"excerpt":{"rendered":"<p>El mayor impacto clim\u00e1tico de la inteligencia artificial podr\u00eda provenir del crecimiento econ\u00f3mico que genera y no solamente de sus centros de datos.<\/p>","protected":false},"author":23,"featured_media":74916,"comment_status":"open","ping_status":"open","sticky":false,"template":"","format":"standard","meta":{"yasr_overall_rating":0,"yasr_post_is_review":"","yasr_auto_insert_disabled":"","yasr_review_type":"","footnotes":""},"categories":[52],"tags":[],"class_list":["post-74915","post","type-post","status-publish","format-standard","has-post-thumbnail","hentry","category-noticias-sectoriales"],"yoast_head":"<!-- This site is optimized with the Yoast SEO plugin v28.2 - https:\/\/yoast.com\/product\/yoast-seo-wordpress\/ -->\n<title>MIT advierte que la IA podr\u00eda aumentar el calentamiento - Colombia Inteligente<\/title>\n<meta name=\"robots\" content=\"index, follow, max-snippet:-1, max-image-preview:large, max-video-preview:-1\" \/>\n<link rel=\"canonical\" href=\"https:\/\/colombiainteligente.org\/es_co\/noticias-sectoriales\/mit-advierte-que-la-ia-podria-aumentar-el-calentamiento\/\" \/>\n<meta property=\"og:locale\" content=\"es_ES\" \/>\n<meta property=\"og:type\" content=\"article\" \/>\n<meta property=\"og:title\" content=\"MIT advierte que la IA podr\u00eda aumentar el calentamiento - Colombia Inteligente\" \/>\n<meta property=\"og:description\" content=\"El mayor impacto clim\u00e1tico de la inteligencia artificial podr\u00eda provenir del crecimiento econ\u00f3mico que genera y no solamente de sus centros de datos.\" \/>\n<meta property=\"og:url\" content=\"https:\/\/colombiainteligente.org\/es_co\/noticias-sectoriales\/mit-advierte-que-la-ia-podria-aumentar-el-calentamiento\/\" \/>\n<meta property=\"og:site_name\" content=\"Colombia Inteligente\" \/>\n<meta property=\"article:published_time\" content=\"2026-09-01T18:38:09+00:00\" \/>\n<meta property=\"article:modified_time\" content=\"2026-09-01T18:40:43+00:00\" \/>\n<meta property=\"og:image\" content=\"https:\/\/colombiainteligente.org\/wp-content\/uploads\/2026\/09\/470010926-04.png\" \/>\n\t<meta property=\"og:image:width\" content=\"930\" \/>\n\t<meta property=\"og:image:height\" content=\"402\" \/>\n\t<meta property=\"og:image:type\" content=\"image\/png\" \/>\n<meta name=\"author\" content=\"DIFUSI\u00d3N COLOMBIA INTELIGENTE\" \/>\n<meta name=\"twitter:card\" content=\"summary_large_image\" \/>\n<meta name=\"twitter:creator\" content=\"@colombiaintelig\" \/>\n<meta name=\"twitter:site\" content=\"@colombiaintelig\" \/>\n<meta name=\"twitter:label1\" content=\"Escrito por\" \/>\n\t<meta name=\"twitter:data1\" content=\"DIFUSI\u00d3N COLOMBIA INTELIGENTE\" \/>\n\t<meta name=\"twitter:label2\" content=\"Tiempo estimado de lectura\" \/>\n\t<meta name=\"twitter:data2\" content=\"2 minutos\" \/>\n<script type=\"application\/ld+json\" class=\"yoast-schema-graph\">{\"@context\":\"https:\\\/\\\/schema.org\",\"@graph\":[{\"@type\":\"Article\",\"@id\":\"https:\\\/\\\/colombiainteligente.org\\\/noticias-sectoriales\\\/mit-advierte-que-la-ia-podria-aumentar-el-calentamiento\\\/#article\",\"isPartOf\":{\"@id\":\"https:\\\/\\\/colombiainteligente.org\\\/noticias-sectoriales\\\/mit-advierte-que-la-ia-podria-aumentar-el-calentamiento\\\/\"},\"author\":{\"name\":\"DIFUSI\u00d3N COLOMBIA INTELIGENTE\",\"@id\":\"https:\\\/\\\/colombiainteligente.org\\\/#\\\/schema\\\/person\\\/e207145d548b75a6d339ff1d4d3b0432\"},\"headline\":\"MIT advierte que la IA podr\u00eda aumentar el calentamiento\",\"datePublished\":\"2026-09-01T18:38:09+00:00\",\"dateModified\":\"2026-09-01T18:40:43+00:00\",\"mainEntityOfPage\":{\"@id\":\"https:\\\/\\\/colombiainteligente.org\\\/noticias-sectoriales\\\/mit-advierte-que-la-ia-podria-aumentar-el-calentamiento\\\/\"},\"wordCount\":395,\"commentCount\":0,\"publisher\":{\"@id\":\"https:\\\/\\\/colombiainteligente.org\\\/#organization\"},\"image\":{\"@id\":\"https:\\\/\\\/colombiainteligente.org\\\/noticias-sectoriales\\\/mit-advierte-que-la-ia-podria-aumentar-el-calentamiento\\\/#primaryimage\"},\"thumbnailUrl\":\"https:\\\/\\\/colombiainteligente.org\\\/wp-content\\\/uploads\\\/2026\\\/09\\\/470010926-04.png\",\"articleSection\":[\"Noticias Sectoriales\"],\"inLanguage\":\"es-CO\",\"potentialAction\":[{\"@type\":\"CommentAction\",\"name\":\"Comment\",\"target\":[\"https:\\\/\\\/colombiainteligente.org\\\/noticias-sectoriales\\\/mit-advierte-que-la-ia-podria-aumentar-el-calentamiento\\\/#respond\"]}]},{\"@type\":\"WebPage\",\"@id\":\"https:\\\/\\\/colombiainteligente.org\\\/noticias-sectoriales\\\/mit-advierte-que-la-ia-podria-aumentar-el-calentamiento\\\/\",\"url\":\"https:\\\/\\\/colombiainteligente.org\\\/noticias-sectoriales\\\/mit-advierte-que-la-ia-podria-aumentar-el-calentamiento\\\/\",\"name\":\"MIT advierte que la IA podr\u00eda aumentar el calentamiento - Colombia Inteligente\",\"isPartOf\":{\"@id\":\"https:\\\/\\\/colombiainteligente.org\\\/#website\"},\"primaryImageOfPage\":{\"@id\":\"https:\\\/\\\/colombiainteligente.org\\\/noticias-sectoriales\\\/mit-advierte-que-la-ia-podria-aumentar-el-calentamiento\\\/#primaryimage\"},\"image\":{\"@id\":\"https:\\\/\\\/colombiainteligente.org\\\/noticias-sectoriales\\\/mit-advierte-que-la-ia-podria-aumentar-el-calentamiento\\\/#primaryimage\"},\"thumbnailUrl\":\"https:\\\/\\\/colombiainteligente.org\\\/wp-content\\\/uploads\\\/2026\\\/09\\\/470010926-04.png\",\"datePublished\":\"2026-09-01T18:38:09+00:00\",\"dateModified\":\"2026-09-01T18:40:43+00:00\",\"breadcrumb\":{\"@id\":\"https:\\\/\\\/colombiainteligente.org\\\/noticias-sectoriales\\\/mit-advierte-que-la-ia-podria-aumentar-el-calentamiento\\\/#breadcrumb\"},\"inLanguage\":\"es-CO\",\"potentialAction\":[{\"@type\":\"ReadAction\",\"target\":[\"https:\\\/\\\/colombiainteligente.org\\\/noticias-sectoriales\\\/mit-advierte-que-la-ia-podria-aumentar-el-calentamiento\\\/\"]}]},{\"@type\":\"ImageObject\",\"inLanguage\":\"es-CO\",\"@id\":\"https:\\\/\\\/colombiainteligente.org\\\/noticias-sectoriales\\\/mit-advierte-que-la-ia-podria-aumentar-el-calentamiento\\\/#primaryimage\",\"url\":\"https:\\\/\\\/colombiainteligente.org\\\/wp-content\\\/uploads\\\/2026\\\/09\\\/470010926-04.png\",\"contentUrl\":\"https:\\\/\\\/colombiainteligente.org\\\/wp-content\\\/uploads\\\/2026\\\/09\\\/470010926-04.png\",\"width\":930,\"height\":402,\"caption\":\"Infraestructura de inteligencia artificial conectada a centros de datos y consumo energ\u00e9tico global.\"},{\"@type\":\"BreadcrumbList\",\"@id\":\"https:\\\/\\\/colombiainteligente.org\\\/noticias-sectoriales\\\/mit-advierte-que-la-ia-podria-aumentar-el-calentamiento\\\/#breadcrumb\",\"itemListElement\":[{\"@type\":\"ListItem\",\"position\":1,\"name\":\"Portada\",\"item\":\"https:\\\/\\\/colombiainteligente.org\\\/\"},{\"@type\":\"ListItem\",\"position\":2,\"name\":\"MIT advierte que la IA podr\u00eda aumentar el calentamiento\"}]},{\"@type\":\"WebSite\",\"@id\":\"https:\\\/\\\/colombiainteligente.org\\\/#website\",\"url\":\"https:\\\/\\\/colombiainteligente.org\\\/\",\"name\":\"Colombia Inteligente\",\"description\":\"Alianza estrat\u00e9gica, conformada por empresas y entidades, para la inserci\u00f3n integral y eficiente de las redes inteligentes a la infraestructura del sector el\u00e9ctrico colombiano\",\"publisher\":{\"@id\":\"https:\\\/\\\/colombiainteligente.org\\\/#organization\"},\"potentialAction\":[{\"@type\":\"SearchAction\",\"target\":{\"@type\":\"EntryPoint\",\"urlTemplate\":\"https:\\\/\\\/colombiainteligente.org\\\/?s={search_term_string}\"},\"query-input\":{\"@type\":\"PropertyValueSpecification\",\"valueRequired\":true,\"valueName\":\"search_term_string\"}}],\"inLanguage\":\"es-CO\"},{\"@type\":\"Organization\",\"@id\":\"https:\\\/\\\/colombiainteligente.org\\\/#organization\",\"name\":\"Colombia Inteligente\",\"url\":\"https:\\\/\\\/colombiainteligente.org\\\/\",\"logo\":{\"@type\":\"ImageObject\",\"inLanguage\":\"es-CO\",\"@id\":\"https:\\\/\\\/colombiainteligente.org\\\/#\\\/schema\\\/logo\\\/image\\\/\",\"url\":\"https:\\\/\\\/colombiainteligente.org\\\/wp-content\\\/uploads\\\/2022\\\/07\\\/Image.png\",\"contentUrl\":\"https:\\\/\\\/colombiainteligente.org\\\/wp-content\\\/uploads\\\/2022\\\/07\\\/Image.png\",\"width\":588,\"height\":274,\"caption\":\"Colombia Inteligente\"},\"image\":{\"@id\":\"https:\\\/\\\/colombiainteligente.org\\\/#\\\/schema\\\/logo\\\/image\\\/\"},\"sameAs\":[\"https:\\\/\\\/x.com\\\/colombiaintelig\",\"https:\\\/\\\/www.linkedin.com\\\/company\\\/colombiainteligente\\\/\"]},{\"@type\":\"Person\",\"@id\":\"https:\\\/\\\/colombiainteligente.org\\\/#\\\/schema\\\/person\\\/e207145d548b75a6d339ff1d4d3b0432\",\"name\":\"DIFUSI\u00d3N COLOMBIA INTELIGENTE\",\"image\":{\"@type\":\"ImageObject\",\"inLanguage\":\"es-CO\",\"@id\":\"https:\\\/\\\/secure.gravatar.com\\\/avatar\\\/df2e679ff2abf288cf4bf58830dad897e596908105ec8969f50f748a6d837869?s=96&d=mm&r=g\",\"url\":\"https:\\\/\\\/secure.gravatar.com\\\/avatar\\\/df2e679ff2abf288cf4bf58830dad897e596908105ec8969f50f748a6d837869?s=96&d=mm&r=g\",\"contentUrl\":\"https:\\\/\\\/secure.gravatar.com\\\/avatar\\\/df2e679ff2abf288cf4bf58830dad897e596908105ec8969f50f748a6d837869?s=96&d=mm&r=g\",\"caption\":\"DIFUSI\u00d3N COLOMBIA INTELIGENTE\"},\"url\":\"https:\\\/\\\/colombiainteligente.org\\\/es_co\\\/author\\\/difusioncolombiainteligente-org\\\/\"}]}<\/script>\n<!-- \/ Yoast SEO plugin. -->","yoast_head_json":{"title":"MIT advierte que la IA podr\u00eda aumentar el calentamiento - Colombia Inteligente","robots":{"index":"index","follow":"follow","max-snippet":"max-snippet:-1","max-image-preview":"max-image-preview:large","max-video-preview":"max-video-preview:-1"},"canonical":"https:\/\/colombiainteligente.org\/es_co\/noticias-sectoriales\/mit-advierte-que-la-ia-podria-aumentar-el-calentamiento\/","og_locale":"es_ES","og_type":"article","og_title":"MIT advierte que la IA podr\u00eda aumentar el calentamiento - Colombia Inteligente","og_description":"El mayor impacto clim\u00e1tico de la inteligencia artificial podr\u00eda provenir del crecimiento econ\u00f3mico que genera y no solamente de sus centros de datos.","og_url":"https:\/\/colombiainteligente.org\/es_co\/noticias-sectoriales\/mit-advierte-que-la-ia-podria-aumentar-el-calentamiento\/","og_site_name":"Colombia Inteligente","article_published_time":"2026-09-01T18:38:09+00:00","article_modified_time":"2026-09-01T18:40:43+00:00","og_image":[{"width":930,"height":402,"url":"https:\/\/colombiainteligente.org\/wp-content\/uploads\/2026\/09\/470010926-04.png","type":"image\/png"}],"author":"DIFUSI\u00d3N COLOMBIA INTELIGENTE","twitter_card":"summary_large_image","twitter_creator":"@colombiaintelig","twitter_site":"@colombiaintelig","twitter_misc":{"Escrito por":"DIFUSI\u00d3N COLOMBIA INTELIGENTE","Tiempo estimado de lectura":"2 minutos"},"schema":{"@context":"https:\/\/schema.org","@graph":[{"@type":"Article","@id":"https:\/\/colombiainteligente.org\/noticias-sectoriales\/mit-advierte-que-la-ia-podria-aumentar-el-calentamiento\/#article","isPartOf":{"@id":"https:\/\/colombiainteligente.org\/noticias-sectoriales\/mit-advierte-que-la-ia-podria-aumentar-el-calentamiento\/"},"author":{"name":"DIFUSI\u00d3N COLOMBIA INTELIGENTE","@id":"https:\/\/colombiainteligente.org\/#\/schema\/person\/e207145d548b75a6d339ff1d4d3b0432"},"headline":"MIT advierte que la IA podr\u00eda aumentar el calentamiento","datePublished":"2026-09-01T18:38:09+00:00","dateModified":"2026-09-01T18:40:43+00:00","mainEntityOfPage":{"@id":"https:\/\/colombiainteligente.org\/noticias-sectoriales\/mit-advierte-que-la-ia-podria-aumentar-el-calentamiento\/"},"wordCount":395,"commentCount":0,"publisher":{"@id":"https:\/\/colombiainteligente.org\/#organization"},"image":{"@id":"https:\/\/colombiainteligente.org\/noticias-sectoriales\/mit-advierte-que-la-ia-podria-aumentar-el-calentamiento\/#primaryimage"},"thumbnailUrl":"https:\/\/colombiainteligente.org\/wp-content\/uploads\/2026\/09\/470010926-04.png","articleSection":["Noticias Sectoriales"],"inLanguage":"es-CO","potentialAction":[{"@type":"CommentAction","name":"Comment","target":["https:\/\/colombiainteligente.org\/noticias-sectoriales\/mit-advierte-que-la-ia-podria-aumentar-el-calentamiento\/#respond"]}]},{"@type":"WebPage","@id":"https:\/\/colombiainteligente.org\/noticias-sectoriales\/mit-advierte-que-la-ia-podria-aumentar-el-calentamiento\/","url":"https:\/\/colombiainteligente.org\/noticias-sectoriales\/mit-advierte-que-la-ia-podria-aumentar-el-calentamiento\/","name":"MIT advierte que la IA podr\u00eda aumentar el calentamiento - Colombia Inteligente","isPartOf":{"@id":"https:\/\/colombiainteligente.org\/#website"},"primaryImageOfPage":{"@id":"https:\/\/colombiainteligente.org\/noticias-sectoriales\/mit-advierte-que-la-ia-podria-aumentar-el-calentamiento\/#primaryimage"},"image":{"@id":"https:\/\/colombiainteligente.org\/noticias-sectoriales\/mit-advierte-que-la-ia-podria-aumentar-el-calentamiento\/#primaryimage"},"thumbnailUrl":"https:\/\/colombiainteligente.org\/wp-content\/uploads\/2026\/09\/470010926-04.png","datePublished":"2026-09-01T18:38:09+00:00","dateModified":"2026-09-01T18:40:43+00:00","breadcrumb":{"@id":"https:\/\/colombiainteligente.org\/noticias-sectoriales\/mit-advierte-que-la-ia-podria-aumentar-el-calentamiento\/#breadcrumb"},"inLanguage":"es-CO","potentialAction":[{"@type":"ReadAction","target":["https:\/\/colombiainteligente.org\/noticias-sectoriales\/mit-advierte-que-la-ia-podria-aumentar-el-calentamiento\/"]}]},{"@type":"ImageObject","inLanguage":"es-CO","@id":"https:\/\/colombiainteligente.org\/noticias-sectoriales\/mit-advierte-que-la-ia-podria-aumentar-el-calentamiento\/#primaryimage","url":"https:\/\/colombiainteligente.org\/wp-content\/uploads\/2026\/09\/470010926-04.png","contentUrl":"https:\/\/colombiainteligente.org\/wp-content\/uploads\/2026\/09\/470010926-04.png","width":930,"height":402,"caption":"Infraestructura de inteligencia artificial conectada a centros de datos y consumo energ\u00e9tico global."},{"@type":"BreadcrumbList","@id":"https:\/\/colombiainteligente.org\/noticias-sectoriales\/mit-advierte-que-la-ia-podria-aumentar-el-calentamiento\/#breadcrumb","itemListElement":[{"@type":"ListItem","position":1,"name":"Portada","item":"https:\/\/colombiainteligente.org\/"},{"@type":"ListItem","position":2,"name":"MIT advierte que la IA podr\u00eda aumentar el calentamiento"}]},{"@type":"WebSite","@id":"https:\/\/colombiainteligente.org\/#website","url":"https:\/\/colombiainteligente.org\/","name":"Colombia Inteligente","description":"Alianza estrat\u00e9gica, conformada por empresas y entidades, para la inserci\u00f3n integral y eficiente de las redes inteligentes a la infraestructura del sector el\u00e9ctrico colombiano","publisher":{"@id":"https:\/\/colombiainteligente.org\/#organization"},"potentialAction":[{"@type":"SearchAction","target":{"@type":"EntryPoint","urlTemplate":"https:\/\/colombiainteligente.org\/?s={search_term_string}"},"query-input":{"@type":"PropertyValueSpecification","valueRequired":true,"valueName":"search_term_string"}}],"inLanguage":"es-CO"},{"@type":"Organization","@id":"https:\/\/colombiainteligente.org\/#organization","name":"Colombia Inteligente","url":"https:\/\/colombiainteligente.org\/","logo":{"@type":"ImageObject","inLanguage":"es-CO","@id":"https:\/\/colombiainteligente.org\/#\/schema\/logo\/image\/","url":"https:\/\/colombiainteligente.org\/wp-content\/uploads\/2022\/07\/Image.png","contentUrl":"https:\/\/colombiainteligente.org\/wp-content\/uploads\/2022\/07\/Image.png","width":588,"height":274,"caption":"Colombia Inteligente"},"image":{"@id":"https:\/\/colombiainteligente.org\/#\/schema\/logo\/image\/"},"sameAs":["https:\/\/x.com\/colombiaintelig","https:\/\/www.linkedin.com\/company\/colombiainteligente\/"]},{"@type":"Person","@id":"https:\/\/colombiainteligente.org\/#\/schema\/person\/e207145d548b75a6d339ff1d4d3b0432","name":"DIFUSI\u00d3N COLOMBIA INTELIGENTE","image":{"@type":"ImageObject","inLanguage":"es-CO","@id":"https:\/\/secure.gravatar.com\/avatar\/df2e679ff2abf288cf4bf58830dad897e596908105ec8969f50f748a6d837869?s=96&d=mm&r=g","url":"https:\/\/secure.gravatar.com\/avatar\/df2e679ff2abf288cf4bf58830dad897e596908105ec8969f50f748a6d837869?s=96&d=mm&r=g","contentUrl":"https:\/\/secure.gravatar.com\/avatar\/df2e679ff2abf288cf4bf58830dad897e596908105ec8969f50f748a6d837869?s=96&d=mm&r=g","caption":"DIFUSI\u00d3N COLOMBIA INTELIGENTE"},"url":"https:\/\/colombiainteligente.org\/es_co\/author\/difusioncolombiainteligente-org\/"}]}},"yasr_visitor_votes":{"number_of_votes":0,"sum_votes":0,"stars_attributes":{"read_only":false,"span_bottom":false}},"_links":{"self":[{"href":"https:\/\/colombiainteligente.org\/es_co\/wp-json\/wp\/v2\/posts\/74915","targetHints":{"allow":["GET"]}}],"collection":[{"href":"https:\/\/colombiainteligente.org\/es_co\/wp-json\/wp\/v2\/posts"}],"about":[{"href":"https:\/\/colombiainteligente.org\/es_co\/wp-json\/wp\/v2\/types\/post"}],"author":[{"embeddable":true,"href":"https:\/\/colombiainteligente.org\/es_co\/wp-json\/wp\/v2\/users\/23"}],"replies":[{"embeddable":true,"href":"https:\/\/colombiainteligente.org\/es_co\/wp-json\/wp\/v2\/comments?post=74915"}],"version-history":[{"count":7,"href":"https:\/\/colombiainteligente.org\/es_co\/wp-json\/wp\/v2\/posts\/74915\/revisions"}],"predecessor-version":[{"id":74924,"href":"https:\/\/colombiainteligente.org\/es_co\/wp-json\/wp\/v2\/posts\/74915\/revisions\/74924"}],"wp:featuredmedia":[{"embeddable":true,"href":"https:\/\/colombiainteligente.org\/es_co\/wp-json\/wp\/v2\/media\/74916"}],"wp:attachment":[{"href":"https:\/\/colombiainteligente.org\/es_co\/wp-json\/wp\/v2\/media?parent=74915"}],"wp:term":[{"taxonomy":"category","embeddable":true,"href":"https:\/\/colombiainteligente.org\/es_co\/wp-json\/wp\/v2\/categories?post=74915"},{"taxonomy":"post_tag","embeddable":true,"href":"https:\/\/colombiainteligente.org\/es_co\/wp-json\/wp\/v2\/tags?post=74915"}],"curies":[{"name":"wp","href":"https:\/\/api.w.org\/{rel}","templated":true}]}}